{"id":19564,"date":"2022-09-30T05:02:25","date_gmt":"2022-09-30T05:02:25","guid":{"rendered":"https:\/\/cvinoticias.com\/v3\/?p=19564"},"modified":"2022-09-30T05:02:25","modified_gmt":"2022-09-30T05:02:25","slug":"lanzan-en-tecnopolis-la-campana-de-vacunacion-contra-sarampion-rubeola-paperas-y-polio","status":"publish","type":"post","link":"https:\/\/cvinoticias.com\/v3\/lanzan-en-tecnopolis-la-campana-de-vacunacion-contra-sarampion-rubeola-paperas-y-polio\/","title":{"rendered":"Lanzan en Tecn\u00f3polis la campa\u00f1a de vacunaci\u00f3n contra sarampi\u00f3n, rubeola, paperas y polio"},"content":{"rendered":"\n<p><strong><em>La ministra de Salud, Carla Vizzotti y su par porte\u00f1o, Fern\u00e1n Quiros, participar\u00e1n en la presentaci\u00f3n del plan de vacunaci\u00f3n infantil.<\/em><\/strong><\/p>\n\n\n\n<p>El Ministerio de Salud lanzar\u00e1 este s\u00e1bado la Campa\u00f1a Nacional de Vacunaci\u00f3n contra el sarampi\u00f3n, la rub\u00e9ola, las paperas y la poliomielitis, en un acto del que participar\u00e1n la titular de la cartera sanitaria nacional, Carla Vizzotti; su par porte\u00f1o, Fern\u00e1n Quir\u00f3s; y de la provincia de Buenos Aires, Nicol\u00e1s Kreplak.<\/p>\n\n\n\n<p>El inicio oficial de la campa\u00f1a se llevar\u00e1 a cabo desde las 16 en el Vacunatorio Amigable de Tecn\u00f3polis. Tras una recorrida por las instalaciones del vacunatorio y la aplicaci\u00f3n de las dosis, las autoridades brindar\u00e1n una conferencia de prensa en el lugar.<\/p>\n\n\n\n<p>Tambi\u00e9n ser\u00e1n de la partida la representante de la Organizaci\u00f3n Panamericana de la Salud (OPS) en Argentina, Eva Jan\u00e9 Llopis; la representante de UNICEF en el pa\u00eds, Luisa Brumana, y el presidente de la Sociedad Argentina de Pediatr\u00eda, Rodolfo Moreno.<\/p>\n","protected":false},"excerpt":{"rendered":"<p>La ministra de Salud, Carla Vizzotti y su par porte\u00f1o, Fern\u00e1n Quiros, participar\u00e1n en la presentaci\u00f3n del plan de vacunaci\u00f3n infantil. El Ministerio de Salud lanzar\u00e1 este s\u00e1bado la Campa\u00f1a Nacional de Vacunaci\u00f3n contra el sarampi\u00f3n, la rub\u00e9ola, las paperas y la poliomielitis, en un acto del que participar\u00e1n la titular de la cartera sanitaria [&hellip;]<\/p>\n","protected":false},"author":2,"featured_media":19565,"comment_status":"open","ping_status":"open","sticky":false,"template":"","format":"standard","meta":{"footnotes":""},"categories":[22],"tags":[],"class_list":["post-19564","post","type-post","status-publish","format-standard","has-post-thumbnail","hentry","category-salud"],"yoast_head":"<!-- This site is optimized with the Yoast SEO plugin v27.4 - https:\/\/yoast.com\/product\/yoast-seo-wordpress\/ -->\n<title>Lanzan en Tecn\u00f3polis la campa\u00f1a de vacunaci\u00f3n contra sarampi\u00f3n, rubeola, paperas y polio | CVI NOTICIAS<\/title>\n<meta name=\"robots\" content=\"index, follow, max-snippet:-1, max-image-preview:large, max-video-preview:-1\" \/>\n<link rel=\"canonical\" href=\"https:\/\/cvinoticias.com\/v3\/lanzan-en-tecnopolis-la-campana-de-vacunacion-contra-sarampion-rubeola-paperas-y-polio\/\" \/>\n<meta property=\"og:locale\" content=\"es_ES\" \/>\n<meta property=\"og:type\" content=\"article\" \/>\n<meta property=\"og:title\" content=\"Lanzan en Tecn\u00f3polis la campa\u00f1a de vacunaci\u00f3n contra sarampi\u00f3n, rubeola, paperas y polio | CVI NOTICIAS\" \/>\n<meta property=\"og:description\" content=\"La ministra de Salud, Carla Vizzotti y su par porte\u00f1o, Fern\u00e1n Quiros, participar\u00e1n en la presentaci\u00f3n del plan de vacunaci\u00f3n infantil. El Ministerio de Salud lanzar\u00e1 este s\u00e1bado la Campa\u00f1a Nacional de Vacunaci\u00f3n contra el sarampi\u00f3n, la rub\u00e9ola, las paperas y la poliomielitis, en un acto del que participar\u00e1n la titular de la cartera sanitaria [&hellip;]\" \/>\n<meta property=\"og:url\" content=\"https:\/\/cvinoticias.com\/v3\/lanzan-en-tecnopolis-la-campana-de-vacunacion-contra-sarampion-rubeola-paperas-y-polio\/\" \/>\n<meta property=\"og:site_name\" content=\"CVI NOTICIAS\" \/>\n<meta property=\"article:publisher\" content=\"https:\/\/www.facebook.com\/cvinoticias\" \/>\n<meta property=\"article:published_time\" content=\"2022-09-30T05:02:25+00:00\" \/>\n<meta property=\"og:image\" content=\"https:\/\/cvinoticias.com\/wp-content\/uploads\/2022\/09\/images-1.jpeg\" \/>\n\t<meta property=\"og:image:width\" content=\"318\" \/>\n\t<meta property=\"og:image:height\" content=\"159\" \/>\n\t<meta property=\"og:image:type\" content=\"image\/jpeg\" \/>\n<meta name=\"author\" content=\"f1000024\" \/>\n<meta name=\"twitter:card\" content=\"summary_large_image\" \/>\n<meta name=\"twitter:label1\" content=\"Escrito por\" \/>\n\t<meta name=\"twitter:data1\" content=\"f1000024\" \/>\n\t<meta name=\"twitter:label2\" content=\"Tiempo de lectura\" \/>\n\t<meta name=\"twitter:data2\" content=\"1 minuto\" \/>\n<script type=\"application\/ld+json\" class=\"yoast-schema-graph\">{\"@context\":\"https:\\\/\\\/schema.org\",\"@graph\":[{\"@type\":\"Article\",\"@id\":\"https:\\\/\\\/cvinoticias.com\\\/v3\\\/lanzan-en-tecnopolis-la-campana-de-vacunacion-contra-sarampion-rubeola-paperas-y-polio\\\/#article\",\"isPartOf\":{\"@id\":\"https:\\\/\\\/cvinoticias.com\\\/v3\\\/lanzan-en-tecnopolis-la-campana-de-vacunacion-contra-sarampion-rubeola-paperas-y-polio\\\/\"},\"author\":{\"name\":\"f1000024\",\"@id\":\"https:\\\/\\\/cvinoticias.com\\\/v3\\\/#\\\/schema\\\/person\\\/2db77e3c6bc03c538495d7b2b8be9b66\"},\"headline\":\"Lanzan en Tecn\u00f3polis la campa\u00f1a de vacunaci\u00f3n contra sarampi\u00f3n, rubeola, paperas y polio\",\"datePublished\":\"2022-09-30T05:02:25+00:00\",\"mainEntityOfPage\":{\"@id\":\"https:\\\/\\\/cvinoticias.com\\\/v3\\\/lanzan-en-tecnopolis-la-campana-de-vacunacion-contra-sarampion-rubeola-paperas-y-polio\\\/\"},\"wordCount\":195,\"commentCount\":0,\"publisher\":{\"@id\":\"https:\\\/\\\/cvinoticias.com\\\/v3\\\/#organization\"},\"image\":{\"@id\":\"https:\\\/\\\/cvinoticias.com\\\/v3\\\/lanzan-en-tecnopolis-la-campana-de-vacunacion-contra-sarampion-rubeola-paperas-y-polio\\\/#primaryimage\"},\"thumbnailUrl\":\"https:\\\/\\\/cvinoticias.com\\\/wp-content\\\/uploads\\\/2022\\\/09\\\/images-1.jpeg\",\"articleSection\":[\"Salud\"],\"inLanguage\":\"es\",\"potentialAction\":[{\"@type\":\"CommentAction\",\"name\":\"Comment\",\"target\":[\"https:\\\/\\\/cvinoticias.com\\\/v3\\\/lanzan-en-tecnopolis-la-campana-de-vacunacion-contra-sarampion-rubeola-paperas-y-polio\\\/#respond\"]}]},{\"@type\":\"WebPage\",\"@id\":\"https:\\\/\\\/cvinoticias.com\\\/v3\\\/lanzan-en-tecnopolis-la-campana-de-vacunacion-contra-sarampion-rubeola-paperas-y-polio\\\/\",\"url\":\"https:\\\/\\\/cvinoticias.com\\\/v3\\\/lanzan-en-tecnopolis-la-campana-de-vacunacion-contra-sarampion-rubeola-paperas-y-polio\\\/\",\"name\":\"Lanzan en Tecn\u00f3polis la campa\u00f1a de vacunaci\u00f3n contra sarampi\u00f3n, rubeola, paperas y polio | CVI NOTICIAS\",\"isPartOf\":{\"@id\":\"https:\\\/\\\/cvinoticias.com\\\/v3\\\/#website\"},\"primaryImageOfPage\":{\"@id\":\"https:\\\/\\\/cvinoticias.com\\\/v3\\\/lanzan-en-tecnopolis-la-campana-de-vacunacion-contra-sarampion-rubeola-paperas-y-polio\\\/#primaryimage\"},\"image\":{\"@id\":\"https:\\\/\\\/cvinoticias.com\\\/v3\\\/lanzan-en-tecnopolis-la-campana-de-vacunacion-contra-sarampion-rubeola-paperas-y-polio\\\/#primaryimage\"},\"thumbnailUrl\":\"https:\\\/\\\/cvinoticias.com\\\/wp-content\\\/uploads\\\/2022\\\/09\\\/images-1.jpeg\",\"datePublished\":\"2022-09-30T05:02:25+00:00\",\"breadcrumb\":{\"@id\":\"https:\\\/\\\/cvinoticias.com\\\/v3\\\/lanzan-en-tecnopolis-la-campana-de-vacunacion-contra-sarampion-rubeola-paperas-y-polio\\\/#breadcrumb\"},\"inLanguage\":\"es\",\"potentialAction\":[{\"@type\":\"ReadAction\",\"target\":[\"https:\\\/\\\/cvinoticias.com\\\/v3\\\/lanzan-en-tecnopolis-la-campana-de-vacunacion-contra-sarampion-rubeola-paperas-y-polio\\\/\"]}]},{\"@type\":\"ImageObject\",\"inLanguage\":\"es\",\"@id\":\"https:\\\/\\\/cvinoticias.com\\\/v3\\\/lanzan-en-tecnopolis-la-campana-de-vacunacion-contra-sarampion-rubeola-paperas-y-polio\\\/#primaryimage\",\"url\":\"https:\\\/\\\/cvinoticias.com\\\/wp-content\\\/uploads\\\/2022\\\/09\\\/images-1.jpeg\",\"contentUrl\":\"https:\\\/\\\/cvinoticias.com\\\/wp-content\\\/uploads\\\/2022\\\/09\\\/images-1.jpeg\",\"width\":318,\"height\":159},{\"@type\":\"BreadcrumbList\",\"@id\":\"https:\\\/\\\/cvinoticias.com\\\/v3\\\/lanzan-en-tecnopolis-la-campana-de-vacunacion-contra-sarampion-rubeola-paperas-y-polio\\\/#breadcrumb\",\"itemListElement\":[{\"@type\":\"ListItem\",\"position\":1,\"name\":\"Portada\",\"item\":\"https:\\\/\\\/cvinoticias.com\\\/v3\\\/\"},{\"@type\":\"ListItem\",\"position\":2,\"name\":\"Lanzan en Tecn\u00f3polis la campa\u00f1a de vacunaci\u00f3n contra sarampi\u00f3n, rubeola, paperas y polio\"}]},{\"@type\":\"WebSite\",\"@id\":\"https:\\\/\\\/cvinoticias.com\\\/v3\\\/#website\",\"url\":\"https:\\\/\\\/cvinoticias.com\\\/v3\\\/\",\"name\":\"CVI NOTICIAS\",\"description\":\"\",\"publisher\":{\"@id\":\"https:\\\/\\\/cvinoticias.com\\\/v3\\\/#organization\"},\"alternateName\":\"CVI\",\"potentialAction\":[{\"@type\":\"SearchAction\",\"target\":{\"@type\":\"EntryPoint\",\"urlTemplate\":\"https:\\\/\\\/cvinoticias.com\\\/v3\\\/?s={search_term_string}\"},\"query-input\":{\"@type\":\"PropertyValueSpecification\",\"valueRequired\":true,\"valueName\":\"search_term_string\"}}],\"inLanguage\":\"es\"},{\"@type\":\"Organization\",\"@id\":\"https:\\\/\\\/cvinoticias.com\\\/v3\\\/#organization\",\"name\":\"CVI NOTICIAS\",\"url\":\"https:\\\/\\\/cvinoticias.com\\\/v3\\\/\",\"logo\":{\"@type\":\"ImageObject\",\"inLanguage\":\"es\",\"@id\":\"https:\\\/\\\/cvinoticias.com\\\/v3\\\/#\\\/schema\\\/logo\\\/image\\\/\",\"url\":\"https:\\\/\\\/cvinoticias.com\\\/wp-content\\\/uploads\\\/2023\\\/04\\\/cropped-cropped-cropped-cropped-cropped-3-1.png\",\"contentUrl\":\"https:\\\/\\\/cvinoticias.com\\\/wp-content\\\/uploads\\\/2023\\\/04\\\/cropped-cropped-cropped-cropped-cropped-3-1.png\",\"width\":95,\"height\":122,\"caption\":\"CVI NOTICIAS\"},\"image\":{\"@id\":\"https:\\\/\\\/cvinoticias.com\\\/v3\\\/#\\\/schema\\\/logo\\\/image\\\/\"},\"sameAs\":[\"https:\\\/\\\/www.facebook.com\\\/cvinoticias\",\"https:\\\/\\\/www.instagram.com\\\/cvinoticias\\\/\",\"https:\\\/\\\/www.youtube.com\\\/@CVINOTICIAS\"]},{\"@type\":\"Person\",\"@id\":\"https:\\\/\\\/cvinoticias.com\\\/v3\\\/#\\\/schema\\\/person\\\/2db77e3c6bc03c538495d7b2b8be9b66\",\"name\":\"f1000024\",\"image\":{\"@type\":\"ImageObject\",\"inLanguage\":\"es\",\"@id\":\"https:\\\/\\\/secure.gravatar.com\\\/avatar\\\/d4fe7459cfc51ff5129ce1a732bbef5928568b8092d412ef95611616376bbeed?s=96&d=mm&r=g\",\"url\":\"https:\\\/\\\/secure.gravatar.com\\\/avatar\\\/d4fe7459cfc51ff5129ce1a732bbef5928568b8092d412ef95611616376bbeed?s=96&d=mm&r=g\",\"contentUrl\":\"https:\\\/\\\/secure.gravatar.com\\\/avatar\\\/d4fe7459cfc51ff5129ce1a732bbef5928568b8092d412ef95611616376bbeed?s=96&d=mm&r=g\",\"caption\":\"f1000024\"},\"url\":\"https:\\\/\\\/cvinoticias.com\\\/v3\\\/author\\\/f1000024\\\/\"}]}<\/script>\n<!-- \/ Yoast SEO plugin. -->","yoast_head_json":{"title":"Lanzan en Tecn\u00f3polis la campa\u00f1a de vacunaci\u00f3n contra sarampi\u00f3n, rubeola, paperas y polio | CVI NOTICIAS","robots":{"index":"index","follow":"follow","max-snippet":"max-snippet:-1","max-image-preview":"max-image-preview:large","max-video-preview":"max-video-preview:-1"},"canonical":"https:\/\/cvinoticias.com\/v3\/lanzan-en-tecnopolis-la-campana-de-vacunacion-contra-sarampion-rubeola-paperas-y-polio\/","og_locale":"es_ES","og_type":"article","og_title":"Lanzan en Tecn\u00f3polis la campa\u00f1a de vacunaci\u00f3n contra sarampi\u00f3n, rubeola, paperas y polio | CVI NOTICIAS","og_description":"La ministra de Salud, Carla Vizzotti y su par porte\u00f1o, Fern\u00e1n Quiros, participar\u00e1n en la presentaci\u00f3n del plan de vacunaci\u00f3n infantil. El Ministerio de Salud lanzar\u00e1 este s\u00e1bado la Campa\u00f1a Nacional de Vacunaci\u00f3n contra el sarampi\u00f3n, la rub\u00e9ola, las paperas y la poliomielitis, en un acto del que participar\u00e1n la titular de la cartera sanitaria [&hellip;]","og_url":"https:\/\/cvinoticias.com\/v3\/lanzan-en-tecnopolis-la-campana-de-vacunacion-contra-sarampion-rubeola-paperas-y-polio\/","og_site_name":"CVI NOTICIAS","article_publisher":"https:\/\/www.facebook.com\/cvinoticias","article_published_time":"2022-09-30T05:02:25+00:00","og_image":[{"width":318,"height":159,"url":"https:\/\/cvinoticias.com\/wp-content\/uploads\/2022\/09\/images-1.jpeg","type":"image\/jpeg"}],"author":"f1000024","twitter_card":"summary_large_image","twitter_misc":{"Escrito por":"f1000024","Tiempo de lectura":"1 minuto"},"schema":{"@context":"https:\/\/schema.org","@graph":[{"@type":"Article","@id":"https:\/\/cvinoticias.com\/v3\/lanzan-en-tecnopolis-la-campana-de-vacunacion-contra-sarampion-rubeola-paperas-y-polio\/#article","isPartOf":{"@id":"https:\/\/cvinoticias.com\/v3\/lanzan-en-tecnopolis-la-campana-de-vacunacion-contra-sarampion-rubeola-paperas-y-polio\/"},"author":{"name":"f1000024","@id":"https:\/\/cvinoticias.com\/v3\/#\/schema\/person\/2db77e3c6bc03c538495d7b2b8be9b66"},"headline":"Lanzan en Tecn\u00f3polis la campa\u00f1a de vacunaci\u00f3n contra sarampi\u00f3n, rubeola, paperas y polio","datePublished":"2022-09-30T05:02:25+00:00","mainEntityOfPage":{"@id":"https:\/\/cvinoticias.com\/v3\/lanzan-en-tecnopolis-la-campana-de-vacunacion-contra-sarampion-rubeola-paperas-y-polio\/"},"wordCount":195,"commentCount":0,"publisher":{"@id":"https:\/\/cvinoticias.com\/v3\/#organization"},"image":{"@id":"https:\/\/cvinoticias.com\/v3\/lanzan-en-tecnopolis-la-campana-de-vacunacion-contra-sarampion-rubeola-paperas-y-polio\/#primaryimage"},"thumbnailUrl":"https:\/\/cvinoticias.com\/wp-content\/uploads\/2022\/09\/images-1.jpeg","articleSection":["Salud"],"inLanguage":"es","potentialAction":[{"@type":"CommentAction","name":"Comment","target":["https:\/\/cvinoticias.com\/v3\/lanzan-en-tecnopolis-la-campana-de-vacunacion-contra-sarampion-rubeola-paperas-y-polio\/#respond"]}]},{"@type":"WebPage","@id":"https:\/\/cvinoticias.com\/v3\/lanzan-en-tecnopolis-la-campana-de-vacunacion-contra-sarampion-rubeola-paperas-y-polio\/","url":"https:\/\/cvinoticias.com\/v3\/lanzan-en-tecnopolis-la-campana-de-vacunacion-contra-sarampion-rubeola-paperas-y-polio\/","name":"Lanzan en Tecn\u00f3polis la campa\u00f1a de vacunaci\u00f3n contra sarampi\u00f3n, rubeola, paperas y polio | CVI NOTICIAS","isPartOf":{"@id":"https:\/\/cvinoticias.com\/v3\/#website"},"primaryImageOfPage":{"@id":"https:\/\/cvinoticias.com\/v3\/lanzan-en-tecnopolis-la-campana-de-vacunacion-contra-sarampion-rubeola-paperas-y-polio\/#primaryimage"},"image":{"@id":"https:\/\/cvinoticias.com\/v3\/lanzan-en-tecnopolis-la-campana-de-vacunacion-contra-sarampion-rubeola-paperas-y-polio\/#primaryimage"},"thumbnailUrl":"https:\/\/cvinoticias.com\/wp-content\/uploads\/2022\/09\/images-1.jpeg","datePublished":"2022-09-30T05:02:25+00:00","breadcrumb":{"@id":"https:\/\/cvinoticias.com\/v3\/lanzan-en-tecnopolis-la-campana-de-vacunacion-contra-sarampion-rubeola-paperas-y-polio\/#breadcrumb"},"inLanguage":"es","potentialAction":[{"@type":"ReadAction","target":["https:\/\/cvinoticias.com\/v3\/lanzan-en-tecnopolis-la-campana-de-vacunacion-contra-sarampion-rubeola-paperas-y-polio\/"]}]},{"@type":"ImageObject","inLanguage":"es","@id":"https:\/\/cvinoticias.com\/v3\/lanzan-en-tecnopolis-la-campana-de-vacunacion-contra-sarampion-rubeola-paperas-y-polio\/#primaryimage","url":"https:\/\/cvinoticias.com\/wp-content\/uploads\/2022\/09\/images-1.jpeg","contentUrl":"https:\/\/cvinoticias.com\/wp-content\/uploads\/2022\/09\/images-1.jpeg","width":318,"height":159},{"@type":"BreadcrumbList","@id":"https:\/\/cvinoticias.com\/v3\/lanzan-en-tecnopolis-la-campana-de-vacunacion-contra-sarampion-rubeola-paperas-y-polio\/#breadcrumb","itemListElement":[{"@type":"ListItem","position":1,"name":"Portada","item":"https:\/\/cvinoticias.com\/v3\/"},{"@type":"ListItem","position":2,"name":"Lanzan en Tecn\u00f3polis la campa\u00f1a de vacunaci\u00f3n contra sarampi\u00f3n, rubeola, paperas y polio"}]},{"@type":"WebSite","@id":"https:\/\/cvinoticias.com\/v3\/#website","url":"https:\/\/cvinoticias.com\/v3\/","name":"CVI NOTICIAS","description":"","publisher":{"@id":"https:\/\/cvinoticias.com\/v3\/#organization"},"alternateName":"CVI","potentialAction":[{"@type":"SearchAction","target":{"@type":"EntryPoint","urlTemplate":"https:\/\/cvinoticias.com\/v3\/?s={search_term_string}"},"query-input":{"@type":"PropertyValueSpecification","valueRequired":true,"valueName":"search_term_string"}}],"inLanguage":"es"},{"@type":"Organization","@id":"https:\/\/cvinoticias.com\/v3\/#organization","name":"CVI NOTICIAS","url":"https:\/\/cvinoticias.com\/v3\/","logo":{"@type":"ImageObject","inLanguage":"es","@id":"https:\/\/cvinoticias.com\/v3\/#\/schema\/logo\/image\/","url":"https:\/\/cvinoticias.com\/wp-content\/uploads\/2023\/04\/cropped-cropped-cropped-cropped-cropped-3-1.png","contentUrl":"https:\/\/cvinoticias.com\/wp-content\/uploads\/2023\/04\/cropped-cropped-cropped-cropped-cropped-3-1.png","width":95,"height":122,"caption":"CVI NOTICIAS"},"image":{"@id":"https:\/\/cvinoticias.com\/v3\/#\/schema\/logo\/image\/"},"sameAs":["https:\/\/www.facebook.com\/cvinoticias","https:\/\/www.instagram.com\/cvinoticias\/","https:\/\/www.youtube.com\/@CVINOTICIAS"]},{"@type":"Person","@id":"https:\/\/cvinoticias.com\/v3\/#\/schema\/person\/2db77e3c6bc03c538495d7b2b8be9b66","name":"f1000024","image":{"@type":"ImageObject","inLanguage":"es","@id":"https:\/\/secure.gravatar.com\/avatar\/d4fe7459cfc51ff5129ce1a732bbef5928568b8092d412ef95611616376bbeed?s=96&d=mm&r=g","url":"https:\/\/secure.gravatar.com\/avatar\/d4fe7459cfc51ff5129ce1a732bbef5928568b8092d412ef95611616376bbeed?s=96&d=mm&r=g","contentUrl":"https:\/\/secure.gravatar.com\/avatar\/d4fe7459cfc51ff5129ce1a732bbef5928568b8092d412ef95611616376bbeed?s=96&d=mm&r=g","caption":"f1000024"},"url":"https:\/\/cvinoticias.com\/v3\/author\/f1000024\/"}]}},"_links":{"self":[{"href":"https:\/\/cvinoticias.com\/v3\/wp-json\/wp\/v2\/posts\/19564","targetHints":{"allow":["GET"]}}],"collection":[{"href":"https:\/\/cvinoticias.com\/v3\/wp-json\/wp\/v2\/posts"}],"about":[{"href":"https:\/\/cvinoticias.com\/v3\/wp-json\/wp\/v2\/types\/post"}],"author":[{"embeddable":true,"href":"https:\/\/cvinoticias.com\/v3\/wp-json\/wp\/v2\/users\/2"}],"replies":[{"embeddable":true,"href":"https:\/\/cvinoticias.com\/v3\/wp-json\/wp\/v2\/comments?post=19564"}],"version-history":[{"count":1,"href":"https:\/\/cvinoticias.com\/v3\/wp-json\/wp\/v2\/posts\/19564\/revisions"}],"predecessor-version":[{"id":19566,"href":"https:\/\/cvinoticias.com\/v3\/wp-json\/wp\/v2\/posts\/19564\/revisions\/19566"}],"wp:featuredmedia":[{"embeddable":true,"href":"https:\/\/cvinoticias.com\/v3\/wp-json\/wp\/v2\/media\/19565"}],"wp:attachment":[{"href":"https:\/\/cvinoticias.com\/v3\/wp-json\/wp\/v2\/media?parent=19564"}],"wp:term":[{"taxonomy":"category","embeddable":true,"href":"https:\/\/cvinoticias.com\/v3\/wp-json\/wp\/v2\/categories?post=19564"},{"taxonomy":"post_tag","embeddable":true,"href":"https:\/\/cvinoticias.com\/v3\/wp-json\/wp\/v2\/tags?post=19564"}],"curies":[{"name":"wp","href":"https:\/\/api.w.org\/{rel}","templated":true}]}}