{"id":19561,"date":"2022-09-29T10:37:36","date_gmt":"2022-09-29T10:37:36","guid":{"rendered":"https:\/\/cvinoticias.com\/v3\/?p=19561"},"modified":"2022-09-29T10:37:36","modified_gmt":"2022-09-29T10:37:36","slug":"el-impacto-de-la-pandemia-en-la-frontera-una-mirada-socioambiental","status":"publish","type":"post","link":"https:\/\/cvinoticias.com\/v3\/el-impacto-de-la-pandemia-en-la-frontera-una-mirada-socioambiental\/","title":{"rendered":"El impacto de la pandemia en la frontera: una mirada socioambiental"},"content":{"rendered":"\n<p><strong><em>Es parte de la epidemiolog\u00eda socioambiental poder responder \u00bfqu\u00e9 quedar\u00e1 o qu\u00e9 escenario se instalar\u00e1 en el post Covid-19, en particular en nuestra regi\u00f3n?<\/em><\/strong><\/p>\n\n\n\n<p>Dispuestos a observar a nivel regional en la zona de la Triple Frontera el impacto socioambiental de la pandemia por Covid, Jorge Deschutter y Sergio Gabriel Viudes, docentes de la Universidad Nacional de Misiones (Unam), analizaron las consecuencias sociales y econ\u00f3micas en la poblaci\u00f3n de la zona y plasmaron las conclusiones en un libro editado en Brasil que re\u00fane trabajos de varios pa\u00edses desde una mirada que trasciende el abordaje \u00abbiom\u00e9dico\u00bb.<\/p>\n\n\n\n<p>\u201cEs parte de la epidemiolog\u00eda socioambiental poder responder \u00bfqu\u00e9 quedar\u00e1 o qu\u00e9 escenario se instalar\u00e1 en el post Covid-19, en particular en nuestra regi\u00f3n?\u201d. La frase de los docentes e investigadores Jorge Deschutter y Sergio Gabriel Viudes, de la Universidad Nacional de Misiones (Unam), es parte de un cap\u00edtulo del libro \u201cEpidemiolog\u00eda socioambiental en tiempos de Covid-19\u201d, de la editorial Argos Editora de Unochapec\u00f3 (Brasil), que re\u00fane art\u00edculos de investigadores de Argentina, Bolivia y Brasil.<\/p>\n\n\n\n<p>El aporte de los misioneros bajo el t\u00edtulo \u201cExpuestos, infectados y recuperados\u2026 de una epidemiolog\u00eda biom\u00e9dica reforzada en tiempos de Covid-19: aportes desde una reflexi\u00f3n cr\u00edtica\u201d es un an\u00e1lisis de lo acontecido en la etapa m\u00e1s dura de la pandemia en 2021, planteando las consecuencias sociales y econ\u00f3micas sobre todo para las zonas de frontera. No es un planteo menor teniendo en cuenta la condici\u00f3n de provincia fronteriza que ostenta Misiones: 90 % de su territorio limita con Brasil y Paraguay.<\/p>\n\n\n\n<p>Jorge Deschutter, secretario de Investigaci\u00f3n de la Facultad de Ciencias Exactas, Qu\u00edmicas y Naturales de la Unam y director de la Maestr\u00eda en Salud P\u00fablica y Enfermedades Transmisibles (Spyet), explica en di\u00e1logo con T\u00e9lam &#8211; Confiar que lo que se trat\u00f3 de abordar fueron \u00ablas nuevas concepciones que hay en epidemiolog\u00eda de lo socioambiental\u00bb.<\/p>\n\n\n\n<p>\u00abEn esencia, se trat\u00f3 de destacar que, en una pandemia, no se puede limitar solamente en el abordaje biom\u00e9dico, que todo era contar infectados y decesos, o que la cuesti\u00f3n se resolv\u00eda con la vacuna\u201d, agrega.<\/p>\n\n\n\n<p>\u201cEl mayor impacto de la pandemia lo tuvo esta regi\u00f3n del planeta. Inicialmente fue grav\u00edsimo, podemos tomar el modelo Iguaz\u00fa, el cierre de la frontera, la suspensi\u00f3n del movimiento de las actividades principales. Sobre eso hicimos un trabajo con los colegas de Brasil y nosotros del lado argentino, en Posadas, sobre cu\u00e1l era la percepci\u00f3n de los ciudadanos de la pandemia, el impacto econ\u00f3mico, sociodemogr\u00e1fico, las medidas sanitarias, el funcionamiento de los servicios esenciales y c\u00f3mo impactaba el aislamiento en la salud mental. Y de ah\u00ed surge, de los datos de la gente, c\u00f3mo vivieron el drama de las primeras medidas de la aparici\u00f3n del Covid\u201d, se\u00f1ala.<\/p>\n\n\n\n<p>En ese sentido, el ensayo destaca: \u201cHay tres eventos que en la regi\u00f3n identificada como la triple frontera (Argentina, Brasil, Paraguay) expresan profundos cambios asociados a la pandemia sin precedentes hist\u00f3ricos, al presente: el cierre permanente de los pasos fronterizos (m\u00e1s de 18 meses); la concentraci\u00f3n de riqueza en peque\u00f1os grupos seg\u00fan actividad econ\u00f3mica (incluido la intensificaci\u00f3n de actividades ilegales incluyendo el contrabando hormiga); el incremento de la pobreza estructural a niveles hist\u00f3ricos (as\u00ed lo expresan en Argentina indicadores de registros oficiales)\u201d.<\/p>\n\n\n\n<p>\u201cMuchos sanitaristas, epidemi\u00f3logos y pol\u00edticos a lo largo del mundo dicen que la pandemia acentu\u00f3 las desigualdades sociales. Lo nuestro toma esa informaci\u00f3n y reflexiona en el contexto local, donde se observa lo mismo, con sus caracter\u00edsticas particulares y dentro de la Argentina, nosotros que vivimos en zona de frontera\u201d, sostiene Deschutter.<\/p>\n\n\n\n<p>Por su parte, Sergio Viudez, psic\u00f3logo especialista en Salud Social y Comunitaria, doctorando de la Facultad de Humanidades y Ciencias de la Unam, cuestiona el recorte de la mirada en un acontecimiento que cambi\u00f3 radicalmente la vida en comunidad.<\/p>\n\n\n\n<p>\u201cM\u00e1s que una investigaci\u00f3n es un art\u00edculo de reflexi\u00f3n. Hay varias cuestiones que se plantean en el art\u00edculo y uno de los puntos principales es remarcar qu\u00e9 mirada termina siendo reforzada. Y, en ese sentido, recupera un poco el modelo biom\u00e9dico hegem\u00f3nico, y vemos una noci\u00f3n que prima y eso deja por fuera o socava la mirada socioambiental, que de alguna manera busca decir que \u2018no se puede pensar lo biol\u00f3gico por fuera de lo social\u2019\u201d, analiza.<\/p>\n\n\n\n<p>\u201cPuede decir, actualmente estoy como coordinador de becas de Salud Investiga y una de ellas est\u00e1 vinculada en el impacto de la pandemia en las medidas de ASPO (por aislamiento social preventivo y obligatorio) y Dispo en la salud mental en los adultos mayores. Esta poblaci\u00f3n, se vio golpeada en un doble sentido, en t\u00e9rminos econ\u00f3micos, porque su trabajo informal no era factible de ser realizado, y en t\u00e9rminos afectivos. \u00bfPor qu\u00e9? Muchas de esas personas son de procedencia paraguaya, quedando parte de su familia primera del lado de Paraguay. Y una de las cuestiones que se ve es el impacto psicol\u00f3gico y emocional de no poder ver o contactar un v\u00ednculo fraterno\u201d, cita a su becaria a modo de ejemplo.<\/p>\n\n\n\n<p>El trabajo de los acad\u00e9micos concluye entonces en que no es que se debe descartar el monitoreo de infectados, muertos, expuestos y recuperados, pero s\u00ed que es cuestionable \u00abla preeminencia de dichos monitores\u00bb.<\/p>\n\n\n\n<p>En ese sentido, reflexionan sobre qu\u00e9 va dejando a su paso la pandemia y reafirman que la salud abarca \u00abmucho m\u00e1s que lo biol\u00f3gico\u00bb.<\/p>\n\n\n\n<p>\u00abLos procesos de salud-enfermedad se encuentran hist\u00f3rica y socialmente determinados y los caminos-m\u00e9todos deben poder albergar la posibilidad de construir conocimientos que den cuenta de esa complejidad desde marcos epistemol\u00f3gicos que reconozcan las batallas en base a las cuales se sostienen las producciones de conocimiento que intentan dar cuenta de la realidad. Esa batalla, en \u00faltima instancia, si interesa ganarla es porque en juego no est\u00e1 ni m\u00e1s ni menos que el derecho a la salud de muchos, contra el privilegio de unos pocos\u201d, postulan.<\/p>\n\n\n\n<p><strong>Por Griselda Acu\u00f1a, de la Red Argentina de Periodismo Cient\u00edfico<\/strong><\/p>\n","protected":false},"excerpt":{"rendered":"<p>Es parte de la epidemiolog\u00eda socioambiental poder responder \u00bfqu\u00e9 quedar\u00e1 o qu\u00e9 escenario se instalar\u00e1 en el post Covid-19, en particular en nuestra regi\u00f3n? Dispuestos a observar a nivel regional en la zona de la Triple Frontera el impacto socioambiental de la pandemia por Covid, Jorge Deschutter y Sergio Gabriel Viudes, docentes de la Universidad [&hellip;]<\/p>\n","protected":false},"author":2,"featured_media":19562,"comment_status":"open","ping_status":"open","sticky":false,"template":"","format":"standard","meta":{"footnotes":""},"categories":[35],"tags":[],"class_list":["post-19561","post","type-post","status-publish","format-standard","has-post-thumbnail","hentry","category-informacion-general"],"yoast_head":"<!-- This site is optimized with the Yoast SEO plugin v27.5 - https:\/\/yoast.com\/product\/yoast-seo-wordpress\/ -->\n<title>El impacto de la pandemia en la frontera: una mirada socioambiental | CVI NOTICIAS<\/title>\n<meta name=\"robots\" content=\"index, follow, max-snippet:-1, max-image-preview:large, max-video-preview:-1\" \/>\n<link rel=\"canonical\" href=\"https:\/\/cvinoticias.com\/v3\/el-impacto-de-la-pandemia-en-la-frontera-una-mirada-socioambiental\/\" \/>\n<meta property=\"og:locale\" content=\"es_ES\" \/>\n<meta property=\"og:type\" content=\"article\" \/>\n<meta property=\"og:title\" content=\"El impacto de la pandemia en la frontera: una mirada socioambiental | CVI NOTICIAS\" \/>\n<meta property=\"og:description\" content=\"Es parte de la epidemiolog\u00eda socioambiental poder responder \u00bfqu\u00e9 quedar\u00e1 o qu\u00e9 escenario se instalar\u00e1 en el post Covid-19, en particular en nuestra regi\u00f3n? Dispuestos a observar a nivel regional en la zona de la Triple Frontera el impacto socioambiental de la pandemia por Covid, Jorge Deschutter y Sergio Gabriel Viudes, docentes de la Universidad [&hellip;]\" \/>\n<meta property=\"og:url\" content=\"https:\/\/cvinoticias.com\/v3\/el-impacto-de-la-pandemia-en-la-frontera-una-mirada-socioambiental\/\" \/>\n<meta property=\"og:site_name\" content=\"CVI NOTICIAS\" \/>\n<meta property=\"article:publisher\" content=\"https:\/\/www.facebook.com\/cvinoticias\" \/>\n<meta property=\"article:published_time\" content=\"2022-09-29T10:37:36+00:00\" \/>\n<meta property=\"og:image\" content=\"https:\/\/cvinoticias.com\/wp-content\/uploads\/2022\/09\/Screenshot_20220929-073629_Gallery.jpg\" \/>\n\t<meta property=\"og:image:width\" content=\"1080\" \/>\n\t<meta property=\"og:image:height\" content=\"591\" \/>\n\t<meta property=\"og:image:type\" content=\"image\/jpeg\" \/>\n<meta name=\"author\" content=\"f1000024\" \/>\n<meta name=\"twitter:card\" content=\"summary_large_image\" \/>\n<meta name=\"twitter:label1\" content=\"Escrito por\" \/>\n\t<meta name=\"twitter:data1\" content=\"f1000024\" \/>\n\t<meta name=\"twitter:label2\" content=\"Tiempo de lectura\" \/>\n\t<meta name=\"twitter:data2\" content=\"5 minutos\" \/>\n<script type=\"application\/ld+json\" class=\"yoast-schema-graph\">{\"@context\":\"https:\\\/\\\/schema.org\",\"@graph\":[{\"@type\":\"Article\",\"@id\":\"https:\\\/\\\/cvinoticias.com\\\/v3\\\/el-impacto-de-la-pandemia-en-la-frontera-una-mirada-socioambiental\\\/#article\",\"isPartOf\":{\"@id\":\"https:\\\/\\\/cvinoticias.com\\\/v3\\\/el-impacto-de-la-pandemia-en-la-frontera-una-mirada-socioambiental\\\/\"},\"author\":{\"name\":\"f1000024\",\"@id\":\"https:\\\/\\\/cvinoticias.com\\\/v3\\\/#\\\/schema\\\/person\\\/2db77e3c6bc03c538495d7b2b8be9b66\"},\"headline\":\"El impacto de la pandemia en la frontera: una mirada socioambiental\",\"datePublished\":\"2022-09-29T10:37:36+00:00\",\"mainEntityOfPage\":{\"@id\":\"https:\\\/\\\/cvinoticias.com\\\/v3\\\/el-impacto-de-la-pandemia-en-la-frontera-una-mirada-socioambiental\\\/\"},\"wordCount\":1059,\"commentCount\":0,\"publisher\":{\"@id\":\"https:\\\/\\\/cvinoticias.com\\\/v3\\\/#organization\"},\"image\":{\"@id\":\"https:\\\/\\\/cvinoticias.com\\\/v3\\\/el-impacto-de-la-pandemia-en-la-frontera-una-mirada-socioambiental\\\/#primaryimage\"},\"thumbnailUrl\":\"https:\\\/\\\/cvinoticias.com\\\/wp-content\\\/uploads\\\/2022\\\/09\\\/Screenshot_20220929-073629_Gallery.jpg\",\"articleSection\":[\"Informaci\u00f3n General\"],\"inLanguage\":\"es\",\"potentialAction\":[{\"@type\":\"CommentAction\",\"name\":\"Comment\",\"target\":[\"https:\\\/\\\/cvinoticias.com\\\/v3\\\/el-impacto-de-la-pandemia-en-la-frontera-una-mirada-socioambiental\\\/#respond\"]}]},{\"@type\":\"WebPage\",\"@id\":\"https:\\\/\\\/cvinoticias.com\\\/v3\\\/el-impacto-de-la-pandemia-en-la-frontera-una-mirada-socioambiental\\\/\",\"url\":\"https:\\\/\\\/cvinoticias.com\\\/v3\\\/el-impacto-de-la-pandemia-en-la-frontera-una-mirada-socioambiental\\\/\",\"name\":\"El impacto de la pandemia en la frontera: una mirada socioambiental | CVI NOTICIAS\",\"isPartOf\":{\"@id\":\"https:\\\/\\\/cvinoticias.com\\\/v3\\\/#website\"},\"primaryImageOfPage\":{\"@id\":\"https:\\\/\\\/cvinoticias.com\\\/v3\\\/el-impacto-de-la-pandemia-en-la-frontera-una-mirada-socioambiental\\\/#primaryimage\"},\"image\":{\"@id\":\"https:\\\/\\\/cvinoticias.com\\\/v3\\\/el-impacto-de-la-pandemia-en-la-frontera-una-mirada-socioambiental\\\/#primaryimage\"},\"thumbnailUrl\":\"https:\\\/\\\/cvinoticias.com\\\/wp-content\\\/uploads\\\/2022\\\/09\\\/Screenshot_20220929-073629_Gallery.jpg\",\"datePublished\":\"2022-09-29T10:37:36+00:00\",\"breadcrumb\":{\"@id\":\"https:\\\/\\\/cvinoticias.com\\\/v3\\\/el-impacto-de-la-pandemia-en-la-frontera-una-mirada-socioambiental\\\/#breadcrumb\"},\"inLanguage\":\"es\",\"potentialAction\":[{\"@type\":\"ReadAction\",\"target\":[\"https:\\\/\\\/cvinoticias.com\\\/v3\\\/el-impacto-de-la-pandemia-en-la-frontera-una-mirada-socioambiental\\\/\"]}]},{\"@type\":\"ImageObject\",\"inLanguage\":\"es\",\"@id\":\"https:\\\/\\\/cvinoticias.com\\\/v3\\\/el-impacto-de-la-pandemia-en-la-frontera-una-mirada-socioambiental\\\/#primaryimage\",\"url\":\"https:\\\/\\\/cvinoticias.com\\\/wp-content\\\/uploads\\\/2022\\\/09\\\/Screenshot_20220929-073629_Gallery.jpg\",\"contentUrl\":\"https:\\\/\\\/cvinoticias.com\\\/wp-content\\\/uploads\\\/2022\\\/09\\\/Screenshot_20220929-073629_Gallery.jpg\",\"width\":1080,\"height\":591},{\"@type\":\"BreadcrumbList\",\"@id\":\"https:\\\/\\\/cvinoticias.com\\\/v3\\\/el-impacto-de-la-pandemia-en-la-frontera-una-mirada-socioambiental\\\/#breadcrumb\",\"itemListElement\":[{\"@type\":\"ListItem\",\"position\":1,\"name\":\"Portada\",\"item\":\"https:\\\/\\\/cvinoticias.com\\\/v3\\\/\"},{\"@type\":\"ListItem\",\"position\":2,\"name\":\"El impacto de la pandemia en la frontera: una mirada socioambiental\"}]},{\"@type\":\"WebSite\",\"@id\":\"https:\\\/\\\/cvinoticias.com\\\/v3\\\/#website\",\"url\":\"https:\\\/\\\/cvinoticias.com\\\/v3\\\/\",\"name\":\"CVI NOTICIAS\",\"description\":\"\",\"publisher\":{\"@id\":\"https:\\\/\\\/cvinoticias.com\\\/v3\\\/#organization\"},\"alternateName\":\"CVI\",\"potentialAction\":[{\"@type\":\"SearchAction\",\"target\":{\"@type\":\"EntryPoint\",\"urlTemplate\":\"https:\\\/\\\/cvinoticias.com\\\/v3\\\/?s={search_term_string}\"},\"query-input\":{\"@type\":\"PropertyValueSpecification\",\"valueRequired\":true,\"valueName\":\"search_term_string\"}}],\"inLanguage\":\"es\"},{\"@type\":\"Organization\",\"@id\":\"https:\\\/\\\/cvinoticias.com\\\/v3\\\/#organization\",\"name\":\"CVI NOTICIAS\",\"url\":\"https:\\\/\\\/cvinoticias.com\\\/v3\\\/\",\"logo\":{\"@type\":\"ImageObject\",\"inLanguage\":\"es\",\"@id\":\"https:\\\/\\\/cvinoticias.com\\\/v3\\\/#\\\/schema\\\/logo\\\/image\\\/\",\"url\":\"https:\\\/\\\/cvinoticias.com\\\/wp-content\\\/uploads\\\/2023\\\/04\\\/cropped-cropped-cropped-cropped-cropped-3-1.png\",\"contentUrl\":\"https:\\\/\\\/cvinoticias.com\\\/wp-content\\\/uploads\\\/2023\\\/04\\\/cropped-cropped-cropped-cropped-cropped-3-1.png\",\"width\":95,\"height\":122,\"caption\":\"CVI NOTICIAS\"},\"image\":{\"@id\":\"https:\\\/\\\/cvinoticias.com\\\/v3\\\/#\\\/schema\\\/logo\\\/image\\\/\"},\"sameAs\":[\"https:\\\/\\\/www.facebook.com\\\/cvinoticias\",\"https:\\\/\\\/www.instagram.com\\\/cvinoticias\\\/\",\"https:\\\/\\\/www.youtube.com\\\/@CVINOTICIAS\"]},{\"@type\":\"Person\",\"@id\":\"https:\\\/\\\/cvinoticias.com\\\/v3\\\/#\\\/schema\\\/person\\\/2db77e3c6bc03c538495d7b2b8be9b66\",\"name\":\"f1000024\",\"image\":{\"@type\":\"ImageObject\",\"inLanguage\":\"es\",\"@id\":\"https:\\\/\\\/secure.gravatar.com\\\/avatar\\\/d4fe7459cfc51ff5129ce1a732bbef5928568b8092d412ef95611616376bbeed?s=96&d=mm&r=g\",\"url\":\"https:\\\/\\\/secure.gravatar.com\\\/avatar\\\/d4fe7459cfc51ff5129ce1a732bbef5928568b8092d412ef95611616376bbeed?s=96&d=mm&r=g\",\"contentUrl\":\"https:\\\/\\\/secure.gravatar.com\\\/avatar\\\/d4fe7459cfc51ff5129ce1a732bbef5928568b8092d412ef95611616376bbeed?s=96&d=mm&r=g\",\"caption\":\"f1000024\"},\"url\":\"https:\\\/\\\/cvinoticias.com\\\/v3\\\/author\\\/f1000024\\\/\"}]}<\/script>\n<!-- \/ Yoast SEO plugin. -->","yoast_head_json":{"title":"El impacto de la pandemia en la frontera: una mirada socioambiental | CVI NOTICIAS","robots":{"index":"index","follow":"follow","max-snippet":"max-snippet:-1","max-image-preview":"max-image-preview:large","max-video-preview":"max-video-preview:-1"},"canonical":"https:\/\/cvinoticias.com\/v3\/el-impacto-de-la-pandemia-en-la-frontera-una-mirada-socioambiental\/","og_locale":"es_ES","og_type":"article","og_title":"El impacto de la pandemia en la frontera: una mirada socioambiental | CVI NOTICIAS","og_description":"Es parte de la epidemiolog\u00eda socioambiental poder responder \u00bfqu\u00e9 quedar\u00e1 o qu\u00e9 escenario se instalar\u00e1 en el post Covid-19, en particular en nuestra regi\u00f3n? Dispuestos a observar a nivel regional en la zona de la Triple Frontera el impacto socioambiental de la pandemia por Covid, Jorge Deschutter y Sergio Gabriel Viudes, docentes de la Universidad [&hellip;]","og_url":"https:\/\/cvinoticias.com\/v3\/el-impacto-de-la-pandemia-en-la-frontera-una-mirada-socioambiental\/","og_site_name":"CVI NOTICIAS","article_publisher":"https:\/\/www.facebook.com\/cvinoticias","article_published_time":"2022-09-29T10:37:36+00:00","og_image":[{"width":1080,"height":591,"url":"https:\/\/cvinoticias.com\/wp-content\/uploads\/2022\/09\/Screenshot_20220929-073629_Gallery.jpg","type":"image\/jpeg"}],"author":"f1000024","twitter_card":"summary_large_image","twitter_misc":{"Escrito por":"f1000024","Tiempo de lectura":"5 minutos"},"schema":{"@context":"https:\/\/schema.org","@graph":[{"@type":"Article","@id":"https:\/\/cvinoticias.com\/v3\/el-impacto-de-la-pandemia-en-la-frontera-una-mirada-socioambiental\/#article","isPartOf":{"@id":"https:\/\/cvinoticias.com\/v3\/el-impacto-de-la-pandemia-en-la-frontera-una-mirada-socioambiental\/"},"author":{"name":"f1000024","@id":"https:\/\/cvinoticias.com\/v3\/#\/schema\/person\/2db77e3c6bc03c538495d7b2b8be9b66"},"headline":"El impacto de la pandemia en la frontera: una mirada socioambiental","datePublished":"2022-09-29T10:37:36+00:00","mainEntityOfPage":{"@id":"https:\/\/cvinoticias.com\/v3\/el-impacto-de-la-pandemia-en-la-frontera-una-mirada-socioambiental\/"},"wordCount":1059,"commentCount":0,"publisher":{"@id":"https:\/\/cvinoticias.com\/v3\/#organization"},"image":{"@id":"https:\/\/cvinoticias.com\/v3\/el-impacto-de-la-pandemia-en-la-frontera-una-mirada-socioambiental\/#primaryimage"},"thumbnailUrl":"https:\/\/cvinoticias.com\/wp-content\/uploads\/2022\/09\/Screenshot_20220929-073629_Gallery.jpg","articleSection":["Informaci\u00f3n General"],"inLanguage":"es","potentialAction":[{"@type":"CommentAction","name":"Comment","target":["https:\/\/cvinoticias.com\/v3\/el-impacto-de-la-pandemia-en-la-frontera-una-mirada-socioambiental\/#respond"]}]},{"@type":"WebPage","@id":"https:\/\/cvinoticias.com\/v3\/el-impacto-de-la-pandemia-en-la-frontera-una-mirada-socioambiental\/","url":"https:\/\/cvinoticias.com\/v3\/el-impacto-de-la-pandemia-en-la-frontera-una-mirada-socioambiental\/","name":"El impacto de la pandemia en la frontera: una mirada socioambiental | CVI NOTICIAS","isPartOf":{"@id":"https:\/\/cvinoticias.com\/v3\/#website"},"primaryImageOfPage":{"@id":"https:\/\/cvinoticias.com\/v3\/el-impacto-de-la-pandemia-en-la-frontera-una-mirada-socioambiental\/#primaryimage"},"image":{"@id":"https:\/\/cvinoticias.com\/v3\/el-impacto-de-la-pandemia-en-la-frontera-una-mirada-socioambiental\/#primaryimage"},"thumbnailUrl":"https:\/\/cvinoticias.com\/wp-content\/uploads\/2022\/09\/Screenshot_20220929-073629_Gallery.jpg","datePublished":"2022-09-29T10:37:36+00:00","breadcrumb":{"@id":"https:\/\/cvinoticias.com\/v3\/el-impacto-de-la-pandemia-en-la-frontera-una-mirada-socioambiental\/#breadcrumb"},"inLanguage":"es","potentialAction":[{"@type":"ReadAction","target":["https:\/\/cvinoticias.com\/v3\/el-impacto-de-la-pandemia-en-la-frontera-una-mirada-socioambiental\/"]}]},{"@type":"ImageObject","inLanguage":"es","@id":"https:\/\/cvinoticias.com\/v3\/el-impacto-de-la-pandemia-en-la-frontera-una-mirada-socioambiental\/#primaryimage","url":"https:\/\/cvinoticias.com\/wp-content\/uploads\/2022\/09\/Screenshot_20220929-073629_Gallery.jpg","contentUrl":"https:\/\/cvinoticias.com\/wp-content\/uploads\/2022\/09\/Screenshot_20220929-073629_Gallery.jpg","width":1080,"height":591},{"@type":"BreadcrumbList","@id":"https:\/\/cvinoticias.com\/v3\/el-impacto-de-la-pandemia-en-la-frontera-una-mirada-socioambiental\/#breadcrumb","itemListElement":[{"@type":"ListItem","position":1,"name":"Portada","item":"https:\/\/cvinoticias.com\/v3\/"},{"@type":"ListItem","position":2,"name":"El impacto de la pandemia en la frontera: una mirada socioambiental"}]},{"@type":"WebSite","@id":"https:\/\/cvinoticias.com\/v3\/#website","url":"https:\/\/cvinoticias.com\/v3\/","name":"CVI NOTICIAS","description":"","publisher":{"@id":"https:\/\/cvinoticias.com\/v3\/#organization"},"alternateName":"CVI","potentialAction":[{"@type":"SearchAction","target":{"@type":"EntryPoint","urlTemplate":"https:\/\/cvinoticias.com\/v3\/?s={search_term_string}"},"query-input":{"@type":"PropertyValueSpecification","valueRequired":true,"valueName":"search_term_string"}}],"inLanguage":"es"},{"@type":"Organization","@id":"https:\/\/cvinoticias.com\/v3\/#organization","name":"CVI NOTICIAS","url":"https:\/\/cvinoticias.com\/v3\/","logo":{"@type":"ImageObject","inLanguage":"es","@id":"https:\/\/cvinoticias.com\/v3\/#\/schema\/logo\/image\/","url":"https:\/\/cvinoticias.com\/wp-content\/uploads\/2023\/04\/cropped-cropped-cropped-cropped-cropped-3-1.png","contentUrl":"https:\/\/cvinoticias.com\/wp-content\/uploads\/2023\/04\/cropped-cropped-cropped-cropped-cropped-3-1.png","width":95,"height":122,"caption":"CVI NOTICIAS"},"image":{"@id":"https:\/\/cvinoticias.com\/v3\/#\/schema\/logo\/image\/"},"sameAs":["https:\/\/www.facebook.com\/cvinoticias","https:\/\/www.instagram.com\/cvinoticias\/","https:\/\/www.youtube.com\/@CVINOTICIAS"]},{"@type":"Person","@id":"https:\/\/cvinoticias.com\/v3\/#\/schema\/person\/2db77e3c6bc03c538495d7b2b8be9b66","name":"f1000024","image":{"@type":"ImageObject","inLanguage":"es","@id":"https:\/\/secure.gravatar.com\/avatar\/d4fe7459cfc51ff5129ce1a732bbef5928568b8092d412ef95611616376bbeed?s=96&d=mm&r=g","url":"https:\/\/secure.gravatar.com\/avatar\/d4fe7459cfc51ff5129ce1a732bbef5928568b8092d412ef95611616376bbeed?s=96&d=mm&r=g","contentUrl":"https:\/\/secure.gravatar.com\/avatar\/d4fe7459cfc51ff5129ce1a732bbef5928568b8092d412ef95611616376bbeed?s=96&d=mm&r=g","caption":"f1000024"},"url":"https:\/\/cvinoticias.com\/v3\/author\/f1000024\/"}]}},"_links":{"self":[{"href":"https:\/\/cvinoticias.com\/v3\/wp-json\/wp\/v2\/posts\/19561","targetHints":{"allow":["GET"]}}],"collection":[{"href":"https:\/\/cvinoticias.com\/v3\/wp-json\/wp\/v2\/posts"}],"about":[{"href":"https:\/\/cvinoticias.com\/v3\/wp-json\/wp\/v2\/types\/post"}],"author":[{"embeddable":true,"href":"https:\/\/cvinoticias.com\/v3\/wp-json\/wp\/v2\/users\/2"}],"replies":[{"embeddable":true,"href":"https:\/\/cvinoticias.com\/v3\/wp-json\/wp\/v2\/comments?post=19561"}],"version-history":[{"count":1,"href":"https:\/\/cvinoticias.com\/v3\/wp-json\/wp\/v2\/posts\/19561\/revisions"}],"predecessor-version":[{"id":19563,"href":"https:\/\/cvinoticias.com\/v3\/wp-json\/wp\/v2\/posts\/19561\/revisions\/19563"}],"wp:featuredmedia":[{"embeddable":true,"href":"https:\/\/cvinoticias.com\/v3\/wp-json\/wp\/v2\/media\/19562"}],"wp:attachment":[{"href":"https:\/\/cvinoticias.com\/v3\/wp-json\/wp\/v2\/media?parent=19561"}],"wp:term":[{"taxonomy":"category","embeddable":true,"href":"https:\/\/cvinoticias.com\/v3\/wp-json\/wp\/v2\/categories?post=19561"},{"taxonomy":"post_tag","embeddable":true,"href":"https:\/\/cvinoticias.com\/v3\/wp-json\/wp\/v2\/tags?post=19561"}],"curies":[{"name":"wp","href":"https:\/\/api.w.org\/{rel}","templated":true}]}}