{"id":19532,"date":"2022-09-28T11:08:11","date_gmt":"2022-09-28T11:08:11","guid":{"rendered":"https:\/\/cvinoticias.com\/v3\/?p=19532"},"modified":"2022-09-28T11:08:11","modified_gmt":"2022-09-28T11:08:11","slug":"el-gobierno-habilitara-la-importacion-de-neumaticos-si-no-de-destraba-el-conflicto-sindical","status":"publish","type":"post","link":"https:\/\/cvinoticias.com\/v3\/el-gobierno-habilitara-la-importacion-de-neumaticos-si-no-de-destraba-el-conflicto-sindical\/","title":{"rendered":"El Gobierno habilitar\u00e1 la importaci\u00f3n de neum\u00e1ticos si no de destraba el conflicto sindical"},"content":{"rendered":"\n<p><em><strong>Lo inform\u00f3 el ministro de Econom\u00eda, Sergio Massa, al encabezar una reuni\u00f3n con representantes de la cadena automotriz. La conducci\u00f3n del Sutna y las empresas de la actividad retomar\u00e1n este mi\u00e9rcoles las negociaciones en el Ministerio de Trabajo.<\/strong><\/em><\/p>\n\n\n\n<p>El ministro de Econom\u00eda, Sergio Massa, les dijo a las empresas automotrices que les permitir\u00e1 la importaci\u00f3n de neum\u00e1ticos si a partir de este mi\u00e9rcoles no se resuelve el conflicto de los trabajadores que paraliza a las tres empresas fabricantes del pa\u00eds y que amenaza con bloquear la producci\u00f3n de todo el sector, al rechazar que se convalidar\u00e1 ser \u00abrehenes de situaciones de inflexibilidad\u00bb.<\/p>\n\n\n\n<p>Massa formul\u00f3 esas declaraciones en compa\u00f1\u00eda del secretario de la Producci\u00f3n, Jos\u00e9 Ignacio de Mendiguren, durante una reuni\u00f3n celebrada este martes por la tarde en el Palacio de Hacienda con representantes de las empresas automotrices y de autopartes, reunidas en Asociaci\u00f3n de F\u00e1bricas de Automotores (Adefa), la Asociaci\u00f3n de F\u00e1bricas Argentinas de Componentes (Afac), la Asociaci\u00f3n de Industriales Metal\u00fargicos (Adimra) y el Sindicato de Mec\u00e1nicos (Smata).<\/p>\n\n\n\n<p>\u201cNo podemos ser, de ninguna manera, rehenes de situaciones de inflexibilidad, casi de capricho, y mucho menos que un grupo muy chiquito ponga en riesgo 150.000 empleos, m\u00e1s de 1.000 autopartistas, todas las terminales automotrices\u201d, dijo Massa.<\/p>\n\n\n\n<p>Por eso, agreg\u00f3: \u201cSi, eventualmente, no se resolviese el conflicto, vamos a habilitar a las empresas fabricantes como importadores de emergencia y les vamos a habilitar la posibilidad de importar todos los neum\u00e1ticos que necesiten para abastecer a las automotrices\u201d.<\/p>\n\n\n\n<p>El ministro agreg\u00f3 que para eso se pondr\u00e1 en marcha \u201cun mecanismo de emergencia de pago, a los efectos de que no se detenga todo el sector automotriz y autopartista, y que no extorsionen al sector sobre la base del conflicto\u201d.<\/p>\n\n\n\n<p>El Sindicato \u00danico de Trabajadores del Neum\u00e1tico (Sutna) lleva adelante una huelga en reclamo de una serie de reclamos sindicales y salariales.<\/p>\n\n\n\n<p>Esto llev\u00f3 a que las tres empresas productoras de neum\u00e1ticos suspendieran temporalmente sus actividades. Adem\u00e1s, que las automotrices Ford y Toyota anunciaran la paralizaci\u00f3n en la fabricaci\u00f3n de autos, a la que se sumar\u00eda el viernes Renault.<\/p>\n\n\n\n<p>Massa le dijo a los empresarios que \u201cestamos a disposici\u00f3n, que entendemos la gravedad del problema, sobre todas las cosas porque el sector automotriz y autopartista, tanto empresarios como trabajadores y toda la cadena de valor nos ayud\u00f3 a poner en marcha una ley ejemplar para la econom\u00eda argentina\u201d.<\/p>\n\n\n\n<p>\u201cSegundo, porque entendemos que lo que empieza a ponerse en riesgo son 145.000 puestos de trabajo. Empiezan a ponerse en riesgo casi 40 millones de d\u00f3lares por d\u00eda de p\u00e9rdida\u201d, advirti\u00f3.<\/p>\n\n\n\n<p>La conducci\u00f3n del Sutna, que lidera Alejandro Crespo, y las empresas de la actividad retomar\u00e1n este mi\u00e9rcoles las negociaciones en el Ministerio de Trabajo en procura de resolver un extenso conflicto de varios meses, luego del cuarto intermedio convenido el lunes ante la ausencia de acuerdo.<\/p>\n\n\n\n<p><strong>El impacto en la cadena productiva<\/strong><\/p>\n\n\n\n<p><br>El secretario de Industria, Jos\u00e9 Ignacio de Mendiguren,hab\u00eda expresado antes su \u00abpreocupaci\u00f3n\u00bb por las derivaciones y el impacto que el conflicto gremial en las empresas fabricantes de neum\u00e1ticos puede tener en toda la cadena automotriz.<\/p>\n\n\n\n<p>\u00abHay que tener un poco m\u00e1s de humildad, colaborar con la situaci\u00f3n del pa\u00eds, tenemos que recuperar el poder adquisitivo del salario y para eso necesitamos mantener el nivel de actividad\u201d, dijo el funcionario en referencia al conflicto en el sector automotriz.<\/p>\n\n\n\n<p>\u00abApostamos al crecimiento, esta industria creci\u00f3 un 35% y las exportaciones con respecto al 2019 subieron un 70%\u201d, apunt\u00f3.<\/p>\n\n\n\n<p>El funcionario se\u00f1al\u00f3 ante el conflicto por demandas salariales y laborales que \u201chay un listado de 240 gremios y el de neum\u00e1ticos, con buenos convenios, est\u00e1 en el puesto 19 de los mejor\u201d remunerados.<\/p>\n\n\n\n<p>\u201cLo que m\u00e1s me preocupa es el impacto en la cadena productiva porque esto afecta directamente a toda la cadena automotriz. Si no tenemos las gomas toda la l\u00ednea se para\u201d, dijo el Secretario en declaraciones a Radio Nacional.<\/p>\n\n\n\n<p>Sobre el sector automotriz dijo que es un sector que \u201cviene trabajando muy bien\u201d en conjunto con \u201ctoda la cadena con los sindicatos, la UOM, Smata, autopartistas, terminales\u201d.<\/p>\n\n\n\n<p>Tambi\u00e9n respondi\u00f3 a una declaraci\u00f3n de la presidenta del PRO, Patricia Burllrich, sobre un aparente aumento de suspensiones en el sector induatrial.<\/p>\n\n\n\n<p>\u201cLos pedidos de suspensiones en el sector industrial desde el mes de julio hasta septiembre son dos.\u00bfPodemos hablar de un clima de conflictividad sindical con la industria? Hoy vuelven a estar 11 puntos por arriba de la prepandemia; aquel gobierno de Bullrich nos dej\u00f3 con un 54% de inflaci\u00f3n y con una deuda impagable\u201d, cerr\u00f3 De Mendiguren.<\/p>\n\n\n\n<p><strong>La palabra de Cerruti<\/strong><\/p>\n\n\n\n<p>La portavoz de la Presidencia, Gabriela Cerruti, llam\u00f3 a la \u00absensatez\u00bb tanto de dirigentes empresarios como sindicalistas, en el marco del conflicto que atraviesa el sector de la industria del neum\u00e1tico, cuyos representantes no llegaron a un acuerdo en el \u00e1mbito del Ministerio de Trabajo, por lo cual contin\u00faa el paro que viene paralizando las f\u00e1bricas.<\/p>\n\n\n\n<p>\u00abHacemos un llamado a la sensatez a todos sectores. Es un conflicto que tiene que resolverse porque es un sector important\u00edsimo para la industria y la econom\u00eda en general\u00bb, dijo Cerruti en declaraciones.<\/p>\n\n\n\n<p>\u00abEs una discusi\u00f3n compleja, delicada. No se ha avanzando en las \u00faltimas reuniones y hay una nueva este mi\u00e9rcoles. En total ya se hicieron 35 reuniones en Trabajo, donde intervino el Gobierno. Es un conflicto que fue creciendo y fue cambiando el escenario en la mesa de negociaci\u00f3n\u00bb, indic\u00f3 la portavoz.<\/p>\n\n\n\n<p>Tras la reuni\u00f3n, los sindicalistas ratificaron la continuidad del paro por tiempo indeterminado y los bloqueos a las empresas luego de m\u00e1s de siete horas de negociaciones en la sede de la cartera laboral, en la avenida Leandro N. Alem al 600 de la ciudad de Buenos Aires.<\/p>\n","protected":false},"excerpt":{"rendered":"<p>Lo inform\u00f3 el ministro de Econom\u00eda, Sergio Massa, al encabezar una reuni\u00f3n con representantes de la cadena automotriz. La conducci\u00f3n del Sutna y las empresas de la actividad retomar\u00e1n este mi\u00e9rcoles las negociaciones en el Ministerio de Trabajo. El ministro de Econom\u00eda, Sergio Massa, les dijo a las empresas automotrices que les permitir\u00e1 la importaci\u00f3n [&hellip;]<\/p>\n","protected":false},"author":2,"featured_media":19533,"comment_status":"open","ping_status":"open","sticky":false,"template":"","format":"standard","meta":{"footnotes":""},"categories":[39],"tags":[],"class_list":["post-19532","post","type-post","status-publish","format-standard","has-post-thumbnail","hentry","category-nacionales"],"yoast_head":"<!-- This site is optimized with the Yoast SEO plugin v27.5 - https:\/\/yoast.com\/product\/yoast-seo-wordpress\/ -->\n<title>El Gobierno habilitar\u00e1 la importaci\u00f3n de neum\u00e1ticos si no de destraba el conflicto sindical | CVI NOTICIAS<\/title>\n<meta name=\"robots\" content=\"index, follow, max-snippet:-1, max-image-preview:large, max-video-preview:-1\" \/>\n<link rel=\"canonical\" href=\"https:\/\/cvinoticias.com\/v3\/el-gobierno-habilitara-la-importacion-de-neumaticos-si-no-de-destraba-el-conflicto-sindical\/\" \/>\n<meta property=\"og:locale\" content=\"es_ES\" \/>\n<meta property=\"og:type\" content=\"article\" \/>\n<meta property=\"og:title\" content=\"El Gobierno habilitar\u00e1 la importaci\u00f3n de neum\u00e1ticos si no de destraba el conflicto sindical | CVI NOTICIAS\" \/>\n<meta property=\"og:description\" content=\"Lo inform\u00f3 el ministro de Econom\u00eda, Sergio Massa, al encabezar una reuni\u00f3n con representantes de la cadena automotriz. La conducci\u00f3n del Sutna y las empresas de la actividad retomar\u00e1n este mi\u00e9rcoles las negociaciones en el Ministerio de Trabajo. El ministro de Econom\u00eda, Sergio Massa, les dijo a las empresas automotrices que les permitir\u00e1 la importaci\u00f3n [&hellip;]\" \/>\n<meta property=\"og:url\" content=\"https:\/\/cvinoticias.com\/v3\/el-gobierno-habilitara-la-importacion-de-neumaticos-si-no-de-destraba-el-conflicto-sindical\/\" \/>\n<meta property=\"og:site_name\" content=\"CVI NOTICIAS\" \/>\n<meta property=\"article:publisher\" content=\"https:\/\/www.facebook.com\/cvinoticias\" \/>\n<meta property=\"article:published_time\" content=\"2022-09-28T11:08:11+00:00\" \/>\n<meta property=\"og:image\" content=\"https:\/\/cvinoticias.com\/wp-content\/uploads\/2022\/09\/63334f8e5f60e_900.jpg\" \/>\n\t<meta property=\"og:image:width\" content=\"900\" \/>\n\t<meta property=\"og:image:height\" content=\"506\" \/>\n\t<meta property=\"og:image:type\" content=\"image\/jpeg\" \/>\n<meta name=\"author\" content=\"f1000024\" \/>\n<meta name=\"twitter:card\" content=\"summary_large_image\" \/>\n<meta name=\"twitter:label1\" content=\"Escrito por\" \/>\n\t<meta name=\"twitter:data1\" content=\"f1000024\" \/>\n\t<meta name=\"twitter:label2\" content=\"Tiempo de lectura\" \/>\n\t<meta name=\"twitter:data2\" content=\"5 minutos\" \/>\n<script type=\"application\/ld+json\" class=\"yoast-schema-graph\">{\"@context\":\"https:\\\/\\\/schema.org\",\"@graph\":[{\"@type\":\"Article\",\"@id\":\"https:\\\/\\\/cvinoticias.com\\\/v3\\\/el-gobierno-habilitara-la-importacion-de-neumaticos-si-no-de-destraba-el-conflicto-sindical\\\/#article\",\"isPartOf\":{\"@id\":\"https:\\\/\\\/cvinoticias.com\\\/v3\\\/el-gobierno-habilitara-la-importacion-de-neumaticos-si-no-de-destraba-el-conflicto-sindical\\\/\"},\"author\":{\"name\":\"f1000024\",\"@id\":\"https:\\\/\\\/cvinoticias.com\\\/v3\\\/#\\\/schema\\\/person\\\/2db77e3c6bc03c538495d7b2b8be9b66\"},\"headline\":\"El Gobierno habilitar\u00e1 la importaci\u00f3n de neum\u00e1ticos si no de destraba el conflicto sindical\",\"datePublished\":\"2022-09-28T11:08:11+00:00\",\"mainEntityOfPage\":{\"@id\":\"https:\\\/\\\/cvinoticias.com\\\/v3\\\/el-gobierno-habilitara-la-importacion-de-neumaticos-si-no-de-destraba-el-conflicto-sindical\\\/\"},\"wordCount\":1010,\"commentCount\":0,\"publisher\":{\"@id\":\"https:\\\/\\\/cvinoticias.com\\\/v3\\\/#organization\"},\"image\":{\"@id\":\"https:\\\/\\\/cvinoticias.com\\\/v3\\\/el-gobierno-habilitara-la-importacion-de-neumaticos-si-no-de-destraba-el-conflicto-sindical\\\/#primaryimage\"},\"thumbnailUrl\":\"https:\\\/\\\/cvinoticias.com\\\/wp-content\\\/uploads\\\/2022\\\/09\\\/63334f8e5f60e_900.jpg\",\"articleSection\":[\"Nacionales\"],\"inLanguage\":\"es\",\"potentialAction\":[{\"@type\":\"CommentAction\",\"name\":\"Comment\",\"target\":[\"https:\\\/\\\/cvinoticias.com\\\/v3\\\/el-gobierno-habilitara-la-importacion-de-neumaticos-si-no-de-destraba-el-conflicto-sindical\\\/#respond\"]}]},{\"@type\":\"WebPage\",\"@id\":\"https:\\\/\\\/cvinoticias.com\\\/v3\\\/el-gobierno-habilitara-la-importacion-de-neumaticos-si-no-de-destraba-el-conflicto-sindical\\\/\",\"url\":\"https:\\\/\\\/cvinoticias.com\\\/v3\\\/el-gobierno-habilitara-la-importacion-de-neumaticos-si-no-de-destraba-el-conflicto-sindical\\\/\",\"name\":\"El Gobierno habilitar\u00e1 la importaci\u00f3n de neum\u00e1ticos si no de destraba el conflicto sindical | CVI NOTICIAS\",\"isPartOf\":{\"@id\":\"https:\\\/\\\/cvinoticias.com\\\/v3\\\/#website\"},\"primaryImageOfPage\":{\"@id\":\"https:\\\/\\\/cvinoticias.com\\\/v3\\\/el-gobierno-habilitara-la-importacion-de-neumaticos-si-no-de-destraba-el-conflicto-sindical\\\/#primaryimage\"},\"image\":{\"@id\":\"https:\\\/\\\/cvinoticias.com\\\/v3\\\/el-gobierno-habilitara-la-importacion-de-neumaticos-si-no-de-destraba-el-conflicto-sindical\\\/#primaryimage\"},\"thumbnailUrl\":\"https:\\\/\\\/cvinoticias.com\\\/wp-content\\\/uploads\\\/2022\\\/09\\\/63334f8e5f60e_900.jpg\",\"datePublished\":\"2022-09-28T11:08:11+00:00\",\"breadcrumb\":{\"@id\":\"https:\\\/\\\/cvinoticias.com\\\/v3\\\/el-gobierno-habilitara-la-importacion-de-neumaticos-si-no-de-destraba-el-conflicto-sindical\\\/#breadcrumb\"},\"inLanguage\":\"es\",\"potentialAction\":[{\"@type\":\"ReadAction\",\"target\":[\"https:\\\/\\\/cvinoticias.com\\\/v3\\\/el-gobierno-habilitara-la-importacion-de-neumaticos-si-no-de-destraba-el-conflicto-sindical\\\/\"]}]},{\"@type\":\"ImageObject\",\"inLanguage\":\"es\",\"@id\":\"https:\\\/\\\/cvinoticias.com\\\/v3\\\/el-gobierno-habilitara-la-importacion-de-neumaticos-si-no-de-destraba-el-conflicto-sindical\\\/#primaryimage\",\"url\":\"https:\\\/\\\/cvinoticias.com\\\/wp-content\\\/uploads\\\/2022\\\/09\\\/63334f8e5f60e_900.jpg\",\"contentUrl\":\"https:\\\/\\\/cvinoticias.com\\\/wp-content\\\/uploads\\\/2022\\\/09\\\/63334f8e5f60e_900.jpg\",\"width\":900,\"height\":506},{\"@type\":\"BreadcrumbList\",\"@id\":\"https:\\\/\\\/cvinoticias.com\\\/v3\\\/el-gobierno-habilitara-la-importacion-de-neumaticos-si-no-de-destraba-el-conflicto-sindical\\\/#breadcrumb\",\"itemListElement\":[{\"@type\":\"ListItem\",\"position\":1,\"name\":\"Portada\",\"item\":\"https:\\\/\\\/cvinoticias.com\\\/v3\\\/\"},{\"@type\":\"ListItem\",\"position\":2,\"name\":\"El Gobierno habilitar\u00e1 la importaci\u00f3n de neum\u00e1ticos si no de destraba el conflicto sindical\"}]},{\"@type\":\"WebSite\",\"@id\":\"https:\\\/\\\/cvinoticias.com\\\/v3\\\/#website\",\"url\":\"https:\\\/\\\/cvinoticias.com\\\/v3\\\/\",\"name\":\"CVI NOTICIAS\",\"description\":\"\",\"publisher\":{\"@id\":\"https:\\\/\\\/cvinoticias.com\\\/v3\\\/#organization\"},\"alternateName\":\"CVI\",\"potentialAction\":[{\"@type\":\"SearchAction\",\"target\":{\"@type\":\"EntryPoint\",\"urlTemplate\":\"https:\\\/\\\/cvinoticias.com\\\/v3\\\/?s={search_term_string}\"},\"query-input\":{\"@type\":\"PropertyValueSpecification\",\"valueRequired\":true,\"valueName\":\"search_term_string\"}}],\"inLanguage\":\"es\"},{\"@type\":\"Organization\",\"@id\":\"https:\\\/\\\/cvinoticias.com\\\/v3\\\/#organization\",\"name\":\"CVI NOTICIAS\",\"url\":\"https:\\\/\\\/cvinoticias.com\\\/v3\\\/\",\"logo\":{\"@type\":\"ImageObject\",\"inLanguage\":\"es\",\"@id\":\"https:\\\/\\\/cvinoticias.com\\\/v3\\\/#\\\/schema\\\/logo\\\/image\\\/\",\"url\":\"https:\\\/\\\/cvinoticias.com\\\/wp-content\\\/uploads\\\/2023\\\/04\\\/cropped-cropped-cropped-cropped-cropped-3-1.png\",\"contentUrl\":\"https:\\\/\\\/cvinoticias.com\\\/wp-content\\\/uploads\\\/2023\\\/04\\\/cropped-cropped-cropped-cropped-cropped-3-1.png\",\"width\":95,\"height\":122,\"caption\":\"CVI NOTICIAS\"},\"image\":{\"@id\":\"https:\\\/\\\/cvinoticias.com\\\/v3\\\/#\\\/schema\\\/logo\\\/image\\\/\"},\"sameAs\":[\"https:\\\/\\\/www.facebook.com\\\/cvinoticias\",\"https:\\\/\\\/www.instagram.com\\\/cvinoticias\\\/\",\"https:\\\/\\\/www.youtube.com\\\/@CVINOTICIAS\"]},{\"@type\":\"Person\",\"@id\":\"https:\\\/\\\/cvinoticias.com\\\/v3\\\/#\\\/schema\\\/person\\\/2db77e3c6bc03c538495d7b2b8be9b66\",\"name\":\"f1000024\",\"image\":{\"@type\":\"ImageObject\",\"inLanguage\":\"es\",\"@id\":\"https:\\\/\\\/secure.gravatar.com\\\/avatar\\\/d4fe7459cfc51ff5129ce1a732bbef5928568b8092d412ef95611616376bbeed?s=96&d=mm&r=g\",\"url\":\"https:\\\/\\\/secure.gravatar.com\\\/avatar\\\/d4fe7459cfc51ff5129ce1a732bbef5928568b8092d412ef95611616376bbeed?s=96&d=mm&r=g\",\"contentUrl\":\"https:\\\/\\\/secure.gravatar.com\\\/avatar\\\/d4fe7459cfc51ff5129ce1a732bbef5928568b8092d412ef95611616376bbeed?s=96&d=mm&r=g\",\"caption\":\"f1000024\"},\"url\":\"https:\\\/\\\/cvinoticias.com\\\/v3\\\/author\\\/f1000024\\\/\"}]}<\/script>\n<!-- \/ Yoast SEO plugin. -->","yoast_head_json":{"title":"El Gobierno habilitar\u00e1 la importaci\u00f3n de neum\u00e1ticos si no de destraba el conflicto sindical | CVI NOTICIAS","robots":{"index":"index","follow":"follow","max-snippet":"max-snippet:-1","max-image-preview":"max-image-preview:large","max-video-preview":"max-video-preview:-1"},"canonical":"https:\/\/cvinoticias.com\/v3\/el-gobierno-habilitara-la-importacion-de-neumaticos-si-no-de-destraba-el-conflicto-sindical\/","og_locale":"es_ES","og_type":"article","og_title":"El Gobierno habilitar\u00e1 la importaci\u00f3n de neum\u00e1ticos si no de destraba el conflicto sindical | CVI NOTICIAS","og_description":"Lo inform\u00f3 el ministro de Econom\u00eda, Sergio Massa, al encabezar una reuni\u00f3n con representantes de la cadena automotriz. La conducci\u00f3n del Sutna y las empresas de la actividad retomar\u00e1n este mi\u00e9rcoles las negociaciones en el Ministerio de Trabajo. El ministro de Econom\u00eda, Sergio Massa, les dijo a las empresas automotrices que les permitir\u00e1 la importaci\u00f3n [&hellip;]","og_url":"https:\/\/cvinoticias.com\/v3\/el-gobierno-habilitara-la-importacion-de-neumaticos-si-no-de-destraba-el-conflicto-sindical\/","og_site_name":"CVI NOTICIAS","article_publisher":"https:\/\/www.facebook.com\/cvinoticias","article_published_time":"2022-09-28T11:08:11+00:00","og_image":[{"width":900,"height":506,"url":"https:\/\/cvinoticias.com\/wp-content\/uploads\/2022\/09\/63334f8e5f60e_900.jpg","type":"image\/jpeg"}],"author":"f1000024","twitter_card":"summary_large_image","twitter_misc":{"Escrito por":"f1000024","Tiempo de lectura":"5 minutos"},"schema":{"@context":"https:\/\/schema.org","@graph":[{"@type":"Article","@id":"https:\/\/cvinoticias.com\/v3\/el-gobierno-habilitara-la-importacion-de-neumaticos-si-no-de-destraba-el-conflicto-sindical\/#article","isPartOf":{"@id":"https:\/\/cvinoticias.com\/v3\/el-gobierno-habilitara-la-importacion-de-neumaticos-si-no-de-destraba-el-conflicto-sindical\/"},"author":{"name":"f1000024","@id":"https:\/\/cvinoticias.com\/v3\/#\/schema\/person\/2db77e3c6bc03c538495d7b2b8be9b66"},"headline":"El Gobierno habilitar\u00e1 la importaci\u00f3n de neum\u00e1ticos si no de destraba el conflicto sindical","datePublished":"2022-09-28T11:08:11+00:00","mainEntityOfPage":{"@id":"https:\/\/cvinoticias.com\/v3\/el-gobierno-habilitara-la-importacion-de-neumaticos-si-no-de-destraba-el-conflicto-sindical\/"},"wordCount":1010,"commentCount":0,"publisher":{"@id":"https:\/\/cvinoticias.com\/v3\/#organization"},"image":{"@id":"https:\/\/cvinoticias.com\/v3\/el-gobierno-habilitara-la-importacion-de-neumaticos-si-no-de-destraba-el-conflicto-sindical\/#primaryimage"},"thumbnailUrl":"https:\/\/cvinoticias.com\/wp-content\/uploads\/2022\/09\/63334f8e5f60e_900.jpg","articleSection":["Nacionales"],"inLanguage":"es","potentialAction":[{"@type":"CommentAction","name":"Comment","target":["https:\/\/cvinoticias.com\/v3\/el-gobierno-habilitara-la-importacion-de-neumaticos-si-no-de-destraba-el-conflicto-sindical\/#respond"]}]},{"@type":"WebPage","@id":"https:\/\/cvinoticias.com\/v3\/el-gobierno-habilitara-la-importacion-de-neumaticos-si-no-de-destraba-el-conflicto-sindical\/","url":"https:\/\/cvinoticias.com\/v3\/el-gobierno-habilitara-la-importacion-de-neumaticos-si-no-de-destraba-el-conflicto-sindical\/","name":"El Gobierno habilitar\u00e1 la importaci\u00f3n de neum\u00e1ticos si no de destraba el conflicto sindical | CVI NOTICIAS","isPartOf":{"@id":"https:\/\/cvinoticias.com\/v3\/#website"},"primaryImageOfPage":{"@id":"https:\/\/cvinoticias.com\/v3\/el-gobierno-habilitara-la-importacion-de-neumaticos-si-no-de-destraba-el-conflicto-sindical\/#primaryimage"},"image":{"@id":"https:\/\/cvinoticias.com\/v3\/el-gobierno-habilitara-la-importacion-de-neumaticos-si-no-de-destraba-el-conflicto-sindical\/#primaryimage"},"thumbnailUrl":"https:\/\/cvinoticias.com\/wp-content\/uploads\/2022\/09\/63334f8e5f60e_900.jpg","datePublished":"2022-09-28T11:08:11+00:00","breadcrumb":{"@id":"https:\/\/cvinoticias.com\/v3\/el-gobierno-habilitara-la-importacion-de-neumaticos-si-no-de-destraba-el-conflicto-sindical\/#breadcrumb"},"inLanguage":"es","potentialAction":[{"@type":"ReadAction","target":["https:\/\/cvinoticias.com\/v3\/el-gobierno-habilitara-la-importacion-de-neumaticos-si-no-de-destraba-el-conflicto-sindical\/"]}]},{"@type":"ImageObject","inLanguage":"es","@id":"https:\/\/cvinoticias.com\/v3\/el-gobierno-habilitara-la-importacion-de-neumaticos-si-no-de-destraba-el-conflicto-sindical\/#primaryimage","url":"https:\/\/cvinoticias.com\/wp-content\/uploads\/2022\/09\/63334f8e5f60e_900.jpg","contentUrl":"https:\/\/cvinoticias.com\/wp-content\/uploads\/2022\/09\/63334f8e5f60e_900.jpg","width":900,"height":506},{"@type":"BreadcrumbList","@id":"https:\/\/cvinoticias.com\/v3\/el-gobierno-habilitara-la-importacion-de-neumaticos-si-no-de-destraba-el-conflicto-sindical\/#breadcrumb","itemListElement":[{"@type":"ListItem","position":1,"name":"Portada","item":"https:\/\/cvinoticias.com\/v3\/"},{"@type":"ListItem","position":2,"name":"El Gobierno habilitar\u00e1 la importaci\u00f3n de neum\u00e1ticos si no de destraba el conflicto sindical"}]},{"@type":"WebSite","@id":"https:\/\/cvinoticias.com\/v3\/#website","url":"https:\/\/cvinoticias.com\/v3\/","name":"CVI NOTICIAS","description":"","publisher":{"@id":"https:\/\/cvinoticias.com\/v3\/#organization"},"alternateName":"CVI","potentialAction":[{"@type":"SearchAction","target":{"@type":"EntryPoint","urlTemplate":"https:\/\/cvinoticias.com\/v3\/?s={search_term_string}"},"query-input":{"@type":"PropertyValueSpecification","valueRequired":true,"valueName":"search_term_string"}}],"inLanguage":"es"},{"@type":"Organization","@id":"https:\/\/cvinoticias.com\/v3\/#organization","name":"CVI NOTICIAS","url":"https:\/\/cvinoticias.com\/v3\/","logo":{"@type":"ImageObject","inLanguage":"es","@id":"https:\/\/cvinoticias.com\/v3\/#\/schema\/logo\/image\/","url":"https:\/\/cvinoticias.com\/wp-content\/uploads\/2023\/04\/cropped-cropped-cropped-cropped-cropped-3-1.png","contentUrl":"https:\/\/cvinoticias.com\/wp-content\/uploads\/2023\/04\/cropped-cropped-cropped-cropped-cropped-3-1.png","width":95,"height":122,"caption":"CVI NOTICIAS"},"image":{"@id":"https:\/\/cvinoticias.com\/v3\/#\/schema\/logo\/image\/"},"sameAs":["https:\/\/www.facebook.com\/cvinoticias","https:\/\/www.instagram.com\/cvinoticias\/","https:\/\/www.youtube.com\/@CVINOTICIAS"]},{"@type":"Person","@id":"https:\/\/cvinoticias.com\/v3\/#\/schema\/person\/2db77e3c6bc03c538495d7b2b8be9b66","name":"f1000024","image":{"@type":"ImageObject","inLanguage":"es","@id":"https:\/\/secure.gravatar.com\/avatar\/d4fe7459cfc51ff5129ce1a732bbef5928568b8092d412ef95611616376bbeed?s=96&d=mm&r=g","url":"https:\/\/secure.gravatar.com\/avatar\/d4fe7459cfc51ff5129ce1a732bbef5928568b8092d412ef95611616376bbeed?s=96&d=mm&r=g","contentUrl":"https:\/\/secure.gravatar.com\/avatar\/d4fe7459cfc51ff5129ce1a732bbef5928568b8092d412ef95611616376bbeed?s=96&d=mm&r=g","caption":"f1000024"},"url":"https:\/\/cvinoticias.com\/v3\/author\/f1000024\/"}]}},"_links":{"self":[{"href":"https:\/\/cvinoticias.com\/v3\/wp-json\/wp\/v2\/posts\/19532","targetHints":{"allow":["GET"]}}],"collection":[{"href":"https:\/\/cvinoticias.com\/v3\/wp-json\/wp\/v2\/posts"}],"about":[{"href":"https:\/\/cvinoticias.com\/v3\/wp-json\/wp\/v2\/types\/post"}],"author":[{"embeddable":true,"href":"https:\/\/cvinoticias.com\/v3\/wp-json\/wp\/v2\/users\/2"}],"replies":[{"embeddable":true,"href":"https:\/\/cvinoticias.com\/v3\/wp-json\/wp\/v2\/comments?post=19532"}],"version-history":[{"count":1,"href":"https:\/\/cvinoticias.com\/v3\/wp-json\/wp\/v2\/posts\/19532\/revisions"}],"predecessor-version":[{"id":19534,"href":"https:\/\/cvinoticias.com\/v3\/wp-json\/wp\/v2\/posts\/19532\/revisions\/19534"}],"wp:featuredmedia":[{"embeddable":true,"href":"https:\/\/cvinoticias.com\/v3\/wp-json\/wp\/v2\/media\/19533"}],"wp:attachment":[{"href":"https:\/\/cvinoticias.com\/v3\/wp-json\/wp\/v2\/media?parent=19532"}],"wp:term":[{"taxonomy":"category","embeddable":true,"href":"https:\/\/cvinoticias.com\/v3\/wp-json\/wp\/v2\/categories?post=19532"},{"taxonomy":"post_tag","embeddable":true,"href":"https:\/\/cvinoticias.com\/v3\/wp-json\/wp\/v2\/tags?post=19532"}],"curies":[{"name":"wp","href":"https:\/\/api.w.org\/{rel}","templated":true}]}}