{"id":19522,"date":"2022-09-27T20:03:03","date_gmt":"2022-09-27T20:03:03","guid":{"rendered":"https:\/\/cvinoticias.com\/v3\/?p=19522"},"modified":"2022-09-27T20:03:03","modified_gmt":"2022-09-27T20:03:03","slug":"wado-de-pedro-visitara-la-casa-blanca-en-el-marco-de-la-gira-oficial","status":"publish","type":"post","link":"https:\/\/cvinoticias.com\/v3\/wado-de-pedro-visitara-la-casa-blanca-en-el-marco-de-la-gira-oficial\/","title":{"rendered":"&#8216;Wado&#8217; de Pedro visitar\u00e1 la Casa Blanca en el marco de la gira oficial"},"content":{"rendered":"\n<p><strong><em>Por su parte, los gobernadores del Gran Norte mantendr\u00e1n reuniones con autoridades del BID y Banco Mundial.<\/em><\/strong><\/p>\n\n\n\n<p>El ministro del Interior, Eduardo \u00abWado\u00bb de Pedro, y los gobernadores de del Norte Grande continuar\u00e1n hoy con las actividades en el marco de la gira que realizan por los Estados Unidos, donde buscar\u00e1n inversiones para las 10 provincias que integran la regi\u00f3n.<\/p>\n\n\n\n<p>Seg\u00fan se inform\u00f3 oficialmente, desde las 11, la comitiva se reunir\u00e1 en la ciudad de Washington con Carlos Felipe Jaramillo, vicepresidente del Banco Mundial para la regi\u00f3n de Am\u00e9rica Latina y el Caribe, y, desde las 14, la comitiva se reunir\u00e1 con directivos del Banco Interamericano de Desarrollo (BID).<\/p>\n\n\n\n<p>En tanto, a las 17, De Pedro tendr\u00e1 un encuentro en el Anexo de la Casa Blanca con la Consejera Senior, asistenta del presidente Joe Biden y directora de la Oficina de la Casa Blanca de Asuntos Intergubernamentales, Julie Ch\u00e1vez Rodr\u00edguez.<\/p>\n\n\n\n<p>Integran la comitiva los mandatarios provinciales Gerardo Zamora (Santiago del Estero) Gildo Insfr\u00e1n (Formosa), Ricardo Quintela (La Rioja), Ra\u00fal Jalil (Catamarca), Oscar Herrera Ahuad (Misiones), Gerardo Morales (Jujuy), Jorge Capitanich (Chaco), Gustavo S\u00e1enz (Salta); y, en representaci\u00f3n de la Provincia de Tucum\u00e1n, el vicepresidente de la Legislatura provincial Regino Amado.<\/p>\n\n\n\n<p>Asimismo, por el Ministerio del Interior est\u00e1 presente la titular de la Direcci\u00f3n Nacional de Migraciones, Florencia Carignano, y el director nacional electoral, Marcos Schiavi.<\/p>\n\n\n\n<p>Ayer, De Pedro llam\u00f3 a generar \u00abacuerdos estrat\u00e9gicos\u00bb para el desarrollo del Norte Grande, en el inicio de la gira que realiza con gobernadores de esa regi\u00f3n argentina en los Estados Unidos.<\/p>\n\n\n\n<p>La comitiva comenz\u00f3 ayer en Washington las actividades enmarcadas en esa gira con un encuentro junto al embajador argentino en Estados Unidos, Jorge Arg\u00fcello, en el que delinearon la agenda de trabajo que llevar\u00e1n a lo largo de la semana, que incluye encuentros con inversores, organismos multilaterales y reuniones pol\u00edticas.<\/p>\n\n\n\n<p>El titular de Interior subray\u00f3 la importancia de este viaje para generar \u00abacuerdos estrat\u00e9gicos de financiamiento para obras de infraestructura en el Norte Grande\u00bb que en el mediano plazo posibiliten \u00abprogramar y proyectar\u00bb, de modo de poner en marcha \u00abun aut\u00e9ntico criterio federal\u00bb ligado a brindar \u00abtrabajo, felicidad y empleo\u00bb a los habitantes de esa regi\u00f3n.<\/p>\n\n\n\n<p>\u00abCuando el presidente Alberto Fern\u00e1ndez nos llam\u00f3 a poner en marcha una gesti\u00f3n federal; cuando el jefe de Gabinete, Juan Manzur, tambi\u00e9n pone su gesti\u00f3n al servicio de ese criterio federal, estamos pensando en este Norte Grande y en tratar de generar oportunidades en cada rinc\u00f3n de la Argentina\u00bb, subray\u00f3 De Pedro durante el encuentro.<\/p>\n","protected":false},"excerpt":{"rendered":"<p>Por su parte, los gobernadores del Gran Norte mantendr\u00e1n reuniones con autoridades del BID y Banco Mundial. El ministro del Interior, Eduardo \u00abWado\u00bb de Pedro, y los gobernadores de del Norte Grande continuar\u00e1n hoy con las actividades en el marco de la gira que realizan por los Estados Unidos, donde buscar\u00e1n inversiones para las 10 [&hellip;]<\/p>\n","protected":false},"author":2,"featured_media":19523,"comment_status":"open","ping_status":"open","sticky":false,"template":"","format":"standard","meta":{"footnotes":""},"categories":[36],"tags":[],"class_list":["post-19522","post","type-post","status-publish","format-standard","has-post-thumbnail","hentry","category-internacionales"],"yoast_head":"<!-- This site is optimized with the Yoast SEO plugin v27.5 - https:\/\/yoast.com\/product\/yoast-seo-wordpress\/ -->\n<title>&#039;Wado&#039; de Pedro visitar\u00e1 la Casa Blanca en el marco de la gira oficial | CVI NOTICIAS<\/title>\n<meta name=\"robots\" content=\"index, follow, max-snippet:-1, max-image-preview:large, max-video-preview:-1\" \/>\n<link rel=\"canonical\" href=\"https:\/\/cvinoticias.com\/v3\/wado-de-pedro-visitara-la-casa-blanca-en-el-marco-de-la-gira-oficial\/\" \/>\n<meta property=\"og:locale\" content=\"es_ES\" \/>\n<meta property=\"og:type\" content=\"article\" \/>\n<meta property=\"og:title\" content=\"&#039;Wado&#039; de Pedro visitar\u00e1 la Casa Blanca en el marco de la gira oficial | CVI NOTICIAS\" \/>\n<meta property=\"og:description\" content=\"Por su parte, los gobernadores del Gran Norte mantendr\u00e1n reuniones con autoridades del BID y Banco Mundial. El ministro del Interior, Eduardo \u00abWado\u00bb de Pedro, y los gobernadores de del Norte Grande continuar\u00e1n hoy con las actividades en el marco de la gira que realizan por los Estados Unidos, donde buscar\u00e1n inversiones para las 10 [&hellip;]\" \/>\n<meta property=\"og:url\" content=\"https:\/\/cvinoticias.com\/v3\/wado-de-pedro-visitara-la-casa-blanca-en-el-marco-de-la-gira-oficial\/\" \/>\n<meta property=\"og:site_name\" content=\"CVI NOTICIAS\" \/>\n<meta property=\"article:publisher\" content=\"https:\/\/www.facebook.com\/cvinoticias\" \/>\n<meta property=\"article:published_time\" content=\"2022-09-27T20:03:03+00:00\" \/>\n<meta property=\"og:image\" content=\"https:\/\/cvinoticias.com\/wp-content\/uploads\/2022\/09\/0000113180-1.jpg\" \/>\n\t<meta property=\"og:image:width\" content=\"1500\" \/>\n\t<meta property=\"og:image:height\" content=\"850\" \/>\n\t<meta property=\"og:image:type\" content=\"image\/jpeg\" \/>\n<meta name=\"author\" content=\"f1000024\" \/>\n<meta name=\"twitter:card\" content=\"summary_large_image\" \/>\n<meta name=\"twitter:label1\" content=\"Escrito por\" \/>\n\t<meta name=\"twitter:data1\" content=\"f1000024\" \/>\n\t<meta name=\"twitter:label2\" content=\"Tiempo de lectura\" \/>\n\t<meta name=\"twitter:data2\" content=\"2 minutos\" \/>\n<script type=\"application\/ld+json\" class=\"yoast-schema-graph\">{\"@context\":\"https:\\\/\\\/schema.org\",\"@graph\":[{\"@type\":\"Article\",\"@id\":\"https:\\\/\\\/cvinoticias.com\\\/v3\\\/wado-de-pedro-visitara-la-casa-blanca-en-el-marco-de-la-gira-oficial\\\/#article\",\"isPartOf\":{\"@id\":\"https:\\\/\\\/cvinoticias.com\\\/v3\\\/wado-de-pedro-visitara-la-casa-blanca-en-el-marco-de-la-gira-oficial\\\/\"},\"author\":{\"name\":\"f1000024\",\"@id\":\"https:\\\/\\\/cvinoticias.com\\\/v3\\\/#\\\/schema\\\/person\\\/2db77e3c6bc03c538495d7b2b8be9b66\"},\"headline\":\"&#8216;Wado&#8217; de Pedro visitar\u00e1 la Casa Blanca en el marco de la gira oficial\",\"datePublished\":\"2022-09-27T20:03:03+00:00\",\"mainEntityOfPage\":{\"@id\":\"https:\\\/\\\/cvinoticias.com\\\/v3\\\/wado-de-pedro-visitara-la-casa-blanca-en-el-marco-de-la-gira-oficial\\\/\"},\"wordCount\":456,\"commentCount\":0,\"publisher\":{\"@id\":\"https:\\\/\\\/cvinoticias.com\\\/v3\\\/#organization\"},\"image\":{\"@id\":\"https:\\\/\\\/cvinoticias.com\\\/v3\\\/wado-de-pedro-visitara-la-casa-blanca-en-el-marco-de-la-gira-oficial\\\/#primaryimage\"},\"thumbnailUrl\":\"https:\\\/\\\/cvinoticias.com\\\/wp-content\\\/uploads\\\/2022\\\/09\\\/0000113180-1.jpg\",\"articleSection\":[\"Internacionales\"],\"inLanguage\":\"es\",\"potentialAction\":[{\"@type\":\"CommentAction\",\"name\":\"Comment\",\"target\":[\"https:\\\/\\\/cvinoticias.com\\\/v3\\\/wado-de-pedro-visitara-la-casa-blanca-en-el-marco-de-la-gira-oficial\\\/#respond\"]}]},{\"@type\":\"WebPage\",\"@id\":\"https:\\\/\\\/cvinoticias.com\\\/v3\\\/wado-de-pedro-visitara-la-casa-blanca-en-el-marco-de-la-gira-oficial\\\/\",\"url\":\"https:\\\/\\\/cvinoticias.com\\\/v3\\\/wado-de-pedro-visitara-la-casa-blanca-en-el-marco-de-la-gira-oficial\\\/\",\"name\":\"'Wado' de Pedro visitar\u00e1 la Casa Blanca en el marco de la gira oficial | CVI NOTICIAS\",\"isPartOf\":{\"@id\":\"https:\\\/\\\/cvinoticias.com\\\/v3\\\/#website\"},\"primaryImageOfPage\":{\"@id\":\"https:\\\/\\\/cvinoticias.com\\\/v3\\\/wado-de-pedro-visitara-la-casa-blanca-en-el-marco-de-la-gira-oficial\\\/#primaryimage\"},\"image\":{\"@id\":\"https:\\\/\\\/cvinoticias.com\\\/v3\\\/wado-de-pedro-visitara-la-casa-blanca-en-el-marco-de-la-gira-oficial\\\/#primaryimage\"},\"thumbnailUrl\":\"https:\\\/\\\/cvinoticias.com\\\/wp-content\\\/uploads\\\/2022\\\/09\\\/0000113180-1.jpg\",\"datePublished\":\"2022-09-27T20:03:03+00:00\",\"breadcrumb\":{\"@id\":\"https:\\\/\\\/cvinoticias.com\\\/v3\\\/wado-de-pedro-visitara-la-casa-blanca-en-el-marco-de-la-gira-oficial\\\/#breadcrumb\"},\"inLanguage\":\"es\",\"potentialAction\":[{\"@type\":\"ReadAction\",\"target\":[\"https:\\\/\\\/cvinoticias.com\\\/v3\\\/wado-de-pedro-visitara-la-casa-blanca-en-el-marco-de-la-gira-oficial\\\/\"]}]},{\"@type\":\"ImageObject\",\"inLanguage\":\"es\",\"@id\":\"https:\\\/\\\/cvinoticias.com\\\/v3\\\/wado-de-pedro-visitara-la-casa-blanca-en-el-marco-de-la-gira-oficial\\\/#primaryimage\",\"url\":\"https:\\\/\\\/cvinoticias.com\\\/wp-content\\\/uploads\\\/2022\\\/09\\\/0000113180-1.jpg\",\"contentUrl\":\"https:\\\/\\\/cvinoticias.com\\\/wp-content\\\/uploads\\\/2022\\\/09\\\/0000113180-1.jpg\",\"width\":1500,\"height\":850},{\"@type\":\"BreadcrumbList\",\"@id\":\"https:\\\/\\\/cvinoticias.com\\\/v3\\\/wado-de-pedro-visitara-la-casa-blanca-en-el-marco-de-la-gira-oficial\\\/#breadcrumb\",\"itemListElement\":[{\"@type\":\"ListItem\",\"position\":1,\"name\":\"Portada\",\"item\":\"https:\\\/\\\/cvinoticias.com\\\/v3\\\/\"},{\"@type\":\"ListItem\",\"position\":2,\"name\":\"&#8216;Wado&#8217; de Pedro visitar\u00e1 la Casa Blanca en el marco de la gira oficial\"}]},{\"@type\":\"WebSite\",\"@id\":\"https:\\\/\\\/cvinoticias.com\\\/v3\\\/#website\",\"url\":\"https:\\\/\\\/cvinoticias.com\\\/v3\\\/\",\"name\":\"CVI NOTICIAS\",\"description\":\"\",\"publisher\":{\"@id\":\"https:\\\/\\\/cvinoticias.com\\\/v3\\\/#organization\"},\"alternateName\":\"CVI\",\"potentialAction\":[{\"@type\":\"SearchAction\",\"target\":{\"@type\":\"EntryPoint\",\"urlTemplate\":\"https:\\\/\\\/cvinoticias.com\\\/v3\\\/?s={search_term_string}\"},\"query-input\":{\"@type\":\"PropertyValueSpecification\",\"valueRequired\":true,\"valueName\":\"search_term_string\"}}],\"inLanguage\":\"es\"},{\"@type\":\"Organization\",\"@id\":\"https:\\\/\\\/cvinoticias.com\\\/v3\\\/#organization\",\"name\":\"CVI NOTICIAS\",\"url\":\"https:\\\/\\\/cvinoticias.com\\\/v3\\\/\",\"logo\":{\"@type\":\"ImageObject\",\"inLanguage\":\"es\",\"@id\":\"https:\\\/\\\/cvinoticias.com\\\/v3\\\/#\\\/schema\\\/logo\\\/image\\\/\",\"url\":\"https:\\\/\\\/cvinoticias.com\\\/wp-content\\\/uploads\\\/2023\\\/04\\\/cropped-cropped-cropped-cropped-cropped-3-1.png\",\"contentUrl\":\"https:\\\/\\\/cvinoticias.com\\\/wp-content\\\/uploads\\\/2023\\\/04\\\/cropped-cropped-cropped-cropped-cropped-3-1.png\",\"width\":95,\"height\":122,\"caption\":\"CVI NOTICIAS\"},\"image\":{\"@id\":\"https:\\\/\\\/cvinoticias.com\\\/v3\\\/#\\\/schema\\\/logo\\\/image\\\/\"},\"sameAs\":[\"https:\\\/\\\/www.facebook.com\\\/cvinoticias\",\"https:\\\/\\\/www.instagram.com\\\/cvinoticias\\\/\",\"https:\\\/\\\/www.youtube.com\\\/@CVINOTICIAS\"]},{\"@type\":\"Person\",\"@id\":\"https:\\\/\\\/cvinoticias.com\\\/v3\\\/#\\\/schema\\\/person\\\/2db77e3c6bc03c538495d7b2b8be9b66\",\"name\":\"f1000024\",\"image\":{\"@type\":\"ImageObject\",\"inLanguage\":\"es\",\"@id\":\"https:\\\/\\\/secure.gravatar.com\\\/avatar\\\/d4fe7459cfc51ff5129ce1a732bbef5928568b8092d412ef95611616376bbeed?s=96&d=mm&r=g\",\"url\":\"https:\\\/\\\/secure.gravatar.com\\\/avatar\\\/d4fe7459cfc51ff5129ce1a732bbef5928568b8092d412ef95611616376bbeed?s=96&d=mm&r=g\",\"contentUrl\":\"https:\\\/\\\/secure.gravatar.com\\\/avatar\\\/d4fe7459cfc51ff5129ce1a732bbef5928568b8092d412ef95611616376bbeed?s=96&d=mm&r=g\",\"caption\":\"f1000024\"},\"url\":\"https:\\\/\\\/cvinoticias.com\\\/v3\\\/author\\\/f1000024\\\/\"}]}<\/script>\n<!-- \/ Yoast SEO plugin. -->","yoast_head_json":{"title":"'Wado' de Pedro visitar\u00e1 la Casa Blanca en el marco de la gira oficial | CVI NOTICIAS","robots":{"index":"index","follow":"follow","max-snippet":"max-snippet:-1","max-image-preview":"max-image-preview:large","max-video-preview":"max-video-preview:-1"},"canonical":"https:\/\/cvinoticias.com\/v3\/wado-de-pedro-visitara-la-casa-blanca-en-el-marco-de-la-gira-oficial\/","og_locale":"es_ES","og_type":"article","og_title":"'Wado' de Pedro visitar\u00e1 la Casa Blanca en el marco de la gira oficial | CVI NOTICIAS","og_description":"Por su parte, los gobernadores del Gran Norte mantendr\u00e1n reuniones con autoridades del BID y Banco Mundial. El ministro del Interior, Eduardo \u00abWado\u00bb de Pedro, y los gobernadores de del Norte Grande continuar\u00e1n hoy con las actividades en el marco de la gira que realizan por los Estados Unidos, donde buscar\u00e1n inversiones para las 10 [&hellip;]","og_url":"https:\/\/cvinoticias.com\/v3\/wado-de-pedro-visitara-la-casa-blanca-en-el-marco-de-la-gira-oficial\/","og_site_name":"CVI NOTICIAS","article_publisher":"https:\/\/www.facebook.com\/cvinoticias","article_published_time":"2022-09-27T20:03:03+00:00","og_image":[{"width":1500,"height":850,"url":"https:\/\/cvinoticias.com\/wp-content\/uploads\/2022\/09\/0000113180-1.jpg","type":"image\/jpeg"}],"author":"f1000024","twitter_card":"summary_large_image","twitter_misc":{"Escrito por":"f1000024","Tiempo de lectura":"2 minutos"},"schema":{"@context":"https:\/\/schema.org","@graph":[{"@type":"Article","@id":"https:\/\/cvinoticias.com\/v3\/wado-de-pedro-visitara-la-casa-blanca-en-el-marco-de-la-gira-oficial\/#article","isPartOf":{"@id":"https:\/\/cvinoticias.com\/v3\/wado-de-pedro-visitara-la-casa-blanca-en-el-marco-de-la-gira-oficial\/"},"author":{"name":"f1000024","@id":"https:\/\/cvinoticias.com\/v3\/#\/schema\/person\/2db77e3c6bc03c538495d7b2b8be9b66"},"headline":"&#8216;Wado&#8217; de Pedro visitar\u00e1 la Casa Blanca en el marco de la gira oficial","datePublished":"2022-09-27T20:03:03+00:00","mainEntityOfPage":{"@id":"https:\/\/cvinoticias.com\/v3\/wado-de-pedro-visitara-la-casa-blanca-en-el-marco-de-la-gira-oficial\/"},"wordCount":456,"commentCount":0,"publisher":{"@id":"https:\/\/cvinoticias.com\/v3\/#organization"},"image":{"@id":"https:\/\/cvinoticias.com\/v3\/wado-de-pedro-visitara-la-casa-blanca-en-el-marco-de-la-gira-oficial\/#primaryimage"},"thumbnailUrl":"https:\/\/cvinoticias.com\/wp-content\/uploads\/2022\/09\/0000113180-1.jpg","articleSection":["Internacionales"],"inLanguage":"es","potentialAction":[{"@type":"CommentAction","name":"Comment","target":["https:\/\/cvinoticias.com\/v3\/wado-de-pedro-visitara-la-casa-blanca-en-el-marco-de-la-gira-oficial\/#respond"]}]},{"@type":"WebPage","@id":"https:\/\/cvinoticias.com\/v3\/wado-de-pedro-visitara-la-casa-blanca-en-el-marco-de-la-gira-oficial\/","url":"https:\/\/cvinoticias.com\/v3\/wado-de-pedro-visitara-la-casa-blanca-en-el-marco-de-la-gira-oficial\/","name":"'Wado' de Pedro visitar\u00e1 la Casa Blanca en el marco de la gira oficial | CVI NOTICIAS","isPartOf":{"@id":"https:\/\/cvinoticias.com\/v3\/#website"},"primaryImageOfPage":{"@id":"https:\/\/cvinoticias.com\/v3\/wado-de-pedro-visitara-la-casa-blanca-en-el-marco-de-la-gira-oficial\/#primaryimage"},"image":{"@id":"https:\/\/cvinoticias.com\/v3\/wado-de-pedro-visitara-la-casa-blanca-en-el-marco-de-la-gira-oficial\/#primaryimage"},"thumbnailUrl":"https:\/\/cvinoticias.com\/wp-content\/uploads\/2022\/09\/0000113180-1.jpg","datePublished":"2022-09-27T20:03:03+00:00","breadcrumb":{"@id":"https:\/\/cvinoticias.com\/v3\/wado-de-pedro-visitara-la-casa-blanca-en-el-marco-de-la-gira-oficial\/#breadcrumb"},"inLanguage":"es","potentialAction":[{"@type":"ReadAction","target":["https:\/\/cvinoticias.com\/v3\/wado-de-pedro-visitara-la-casa-blanca-en-el-marco-de-la-gira-oficial\/"]}]},{"@type":"ImageObject","inLanguage":"es","@id":"https:\/\/cvinoticias.com\/v3\/wado-de-pedro-visitara-la-casa-blanca-en-el-marco-de-la-gira-oficial\/#primaryimage","url":"https:\/\/cvinoticias.com\/wp-content\/uploads\/2022\/09\/0000113180-1.jpg","contentUrl":"https:\/\/cvinoticias.com\/wp-content\/uploads\/2022\/09\/0000113180-1.jpg","width":1500,"height":850},{"@type":"BreadcrumbList","@id":"https:\/\/cvinoticias.com\/v3\/wado-de-pedro-visitara-la-casa-blanca-en-el-marco-de-la-gira-oficial\/#breadcrumb","itemListElement":[{"@type":"ListItem","position":1,"name":"Portada","item":"https:\/\/cvinoticias.com\/v3\/"},{"@type":"ListItem","position":2,"name":"&#8216;Wado&#8217; de Pedro visitar\u00e1 la Casa Blanca en el marco de la gira oficial"}]},{"@type":"WebSite","@id":"https:\/\/cvinoticias.com\/v3\/#website","url":"https:\/\/cvinoticias.com\/v3\/","name":"CVI NOTICIAS","description":"","publisher":{"@id":"https:\/\/cvinoticias.com\/v3\/#organization"},"alternateName":"CVI","potentialAction":[{"@type":"SearchAction","target":{"@type":"EntryPoint","urlTemplate":"https:\/\/cvinoticias.com\/v3\/?s={search_term_string}"},"query-input":{"@type":"PropertyValueSpecification","valueRequired":true,"valueName":"search_term_string"}}],"inLanguage":"es"},{"@type":"Organization","@id":"https:\/\/cvinoticias.com\/v3\/#organization","name":"CVI NOTICIAS","url":"https:\/\/cvinoticias.com\/v3\/","logo":{"@type":"ImageObject","inLanguage":"es","@id":"https:\/\/cvinoticias.com\/v3\/#\/schema\/logo\/image\/","url":"https:\/\/cvinoticias.com\/wp-content\/uploads\/2023\/04\/cropped-cropped-cropped-cropped-cropped-3-1.png","contentUrl":"https:\/\/cvinoticias.com\/wp-content\/uploads\/2023\/04\/cropped-cropped-cropped-cropped-cropped-3-1.png","width":95,"height":122,"caption":"CVI NOTICIAS"},"image":{"@id":"https:\/\/cvinoticias.com\/v3\/#\/schema\/logo\/image\/"},"sameAs":["https:\/\/www.facebook.com\/cvinoticias","https:\/\/www.instagram.com\/cvinoticias\/","https:\/\/www.youtube.com\/@CVINOTICIAS"]},{"@type":"Person","@id":"https:\/\/cvinoticias.com\/v3\/#\/schema\/person\/2db77e3c6bc03c538495d7b2b8be9b66","name":"f1000024","image":{"@type":"ImageObject","inLanguage":"es","@id":"https:\/\/secure.gravatar.com\/avatar\/d4fe7459cfc51ff5129ce1a732bbef5928568b8092d412ef95611616376bbeed?s=96&d=mm&r=g","url":"https:\/\/secure.gravatar.com\/avatar\/d4fe7459cfc51ff5129ce1a732bbef5928568b8092d412ef95611616376bbeed?s=96&d=mm&r=g","contentUrl":"https:\/\/secure.gravatar.com\/avatar\/d4fe7459cfc51ff5129ce1a732bbef5928568b8092d412ef95611616376bbeed?s=96&d=mm&r=g","caption":"f1000024"},"url":"https:\/\/cvinoticias.com\/v3\/author\/f1000024\/"}]}},"_links":{"self":[{"href":"https:\/\/cvinoticias.com\/v3\/wp-json\/wp\/v2\/posts\/19522","targetHints":{"allow":["GET"]}}],"collection":[{"href":"https:\/\/cvinoticias.com\/v3\/wp-json\/wp\/v2\/posts"}],"about":[{"href":"https:\/\/cvinoticias.com\/v3\/wp-json\/wp\/v2\/types\/post"}],"author":[{"embeddable":true,"href":"https:\/\/cvinoticias.com\/v3\/wp-json\/wp\/v2\/users\/2"}],"replies":[{"embeddable":true,"href":"https:\/\/cvinoticias.com\/v3\/wp-json\/wp\/v2\/comments?post=19522"}],"version-history":[{"count":1,"href":"https:\/\/cvinoticias.com\/v3\/wp-json\/wp\/v2\/posts\/19522\/revisions"}],"predecessor-version":[{"id":19524,"href":"https:\/\/cvinoticias.com\/v3\/wp-json\/wp\/v2\/posts\/19522\/revisions\/19524"}],"wp:featuredmedia":[{"embeddable":true,"href":"https:\/\/cvinoticias.com\/v3\/wp-json\/wp\/v2\/media\/19523"}],"wp:attachment":[{"href":"https:\/\/cvinoticias.com\/v3\/wp-json\/wp\/v2\/media?parent=19522"}],"wp:term":[{"taxonomy":"category","embeddable":true,"href":"https:\/\/cvinoticias.com\/v3\/wp-json\/wp\/v2\/categories?post=19522"},{"taxonomy":"post_tag","embeddable":true,"href":"https:\/\/cvinoticias.com\/v3\/wp-json\/wp\/v2\/tags?post=19522"}],"curies":[{"name":"wp","href":"https:\/\/api.w.org\/{rel}","templated":true}]}}