{"id":19518,"date":"2022-09-27T19:57:42","date_gmt":"2022-09-27T19:57:42","guid":{"rendered":"https:\/\/cvinoticias.com\/v3\/?p=19518"},"modified":"2022-09-27T19:59:21","modified_gmt":"2022-09-27T19:59:21","slug":"este-domingo-paraguay-se-ajusta-al-horario-de-verano","status":"publish","type":"post","link":"https:\/\/cvinoticias.com\/v3\/este-domingo-paraguay-se-ajusta-al-horario-de-verano\/","title":{"rendered":"Este domingo Paraguay se ajusta al horario de verano"},"content":{"rendered":"\n<p><strong><em>Como cada primer domingo de octubre desde el 2014, el vecino pa\u00eds establece el horario de verano, es decir, la misma que la Argentina.<\/em><\/strong><\/p>\n\n\n\n<p>Este 2 de octubre, como cada primer domingo de este mes, Paraguay establece el horario de verano, que determina el adelantamiento de 60 minutos de la hora oficial del pa\u00eds.<\/p>\n\n\n\n<p>Esta medida se lleva a cabo cada a\u00f1o desde la promulgaci\u00f3n del decreto 1264\/2014.<\/p>\n\n\n\n<p>Seg\u00fan estudios t\u00e9cnicos de la Administraci\u00f3n Nacional de Electricidad (ANDE) de Paraguay, el cambio de horario se aplica para aprovechar mejor la luz solar y as\u00ed lograr ahorro de energ\u00eda el\u00e9ctrica en las estaciones oto\u00f1o-invierno y primavera-verano, seg\u00fan medios paraguayos.<\/p>\n\n\n\n<p>A pesar que de se adelanta una hora y pareciera que se descansar\u00e1 menos, el pr\u00f3ximo lunes es feriado nacional en el pa\u00eds vecino (se traslad\u00f3 el del 29 de septiembre por la Batalla de Boquer\u00f3n) y se podr\u00e1 \u201csincronizar\u201d el reloj biol\u00f3gico, ya que -seg\u00fan especialistas- la exposici\u00f3n a la luz diurna (vitamina D) es el remedio m\u00e1s eficaz para poner el ritmo circadiano en orden nuevamente.<\/p>\n\n\n\n<p>A modo de consejo, recomiendan tener en cuenta que la mayor\u00eda de los celulares inteligentes se programan con las reglamentaciones horarias de cada pa\u00eds, por lo que el cambio se hace de forma autom\u00e1tica. En caso contrario, ajustarlo. (P.E)<\/p>\n","protected":false},"excerpt":{"rendered":"<p>Como cada primer domingo de octubre desde el 2014, el vecino pa\u00eds establece el horario de verano, es decir, la misma que la Argentina. Este 2 de octubre, como cada primer domingo de este mes, Paraguay establece el horario de verano, que determina el adelantamiento de 60 minutos de la hora oficial del pa\u00eds. Esta [&hellip;]<\/p>\n","protected":false},"author":2,"featured_media":19519,"comment_status":"open","ping_status":"open","sticky":false,"template":"","format":"standard","meta":{"footnotes":""},"categories":[47],"tags":[],"class_list":["post-19518","post","type-post","status-publish","format-standard","has-post-thumbnail","hentry","category-sociedad"],"yoast_head":"<!-- This site is optimized with the Yoast SEO plugin v27.4 - https:\/\/yoast.com\/product\/yoast-seo-wordpress\/ -->\n<title>Este domingo Paraguay se ajusta al horario de verano | CVI NOTICIAS<\/title>\n<meta name=\"robots\" content=\"index, follow, max-snippet:-1, max-image-preview:large, max-video-preview:-1\" \/>\n<link rel=\"canonical\" href=\"https:\/\/cvinoticias.com\/v3\/este-domingo-paraguay-se-ajusta-al-horario-de-verano\/\" \/>\n<meta property=\"og:locale\" content=\"es_ES\" \/>\n<meta property=\"og:type\" content=\"article\" \/>\n<meta property=\"og:title\" content=\"Este domingo Paraguay se ajusta al horario de verano | CVI NOTICIAS\" \/>\n<meta property=\"og:description\" content=\"Como cada primer domingo de octubre desde el 2014, el vecino pa\u00eds establece el horario de verano, es decir, la misma que la Argentina. Este 2 de octubre, como cada primer domingo de este mes, Paraguay establece el horario de verano, que determina el adelantamiento de 60 minutos de la hora oficial del pa\u00eds. Esta [&hellip;]\" \/>\n<meta property=\"og:url\" content=\"https:\/\/cvinoticias.com\/v3\/este-domingo-paraguay-se-ajusta-al-horario-de-verano\/\" \/>\n<meta property=\"og:site_name\" content=\"CVI NOTICIAS\" \/>\n<meta property=\"article:publisher\" content=\"https:\/\/www.facebook.com\/cvinoticias\" \/>\n<meta property=\"article:published_time\" content=\"2022-09-27T19:57:42+00:00\" \/>\n<meta property=\"article:modified_time\" content=\"2022-09-27T19:59:21+00:00\" \/>\n<meta property=\"og:image\" content=\"https:\/\/cvinoticias.com\/wp-content\/uploads\/2022\/09\/FdqqnoQWQAEDdlo.jpg\" \/>\n\t<meta property=\"og:image:width\" content=\"1080\" \/>\n\t<meta property=\"og:image:height\" content=\"618\" \/>\n\t<meta property=\"og:image:type\" content=\"image\/jpeg\" \/>\n<meta name=\"author\" content=\"f1000024\" \/>\n<meta name=\"twitter:card\" content=\"summary_large_image\" \/>\n<meta name=\"twitter:label1\" content=\"Escrito por\" \/>\n\t<meta name=\"twitter:data1\" content=\"f1000024\" \/>\n\t<meta name=\"twitter:label2\" content=\"Tiempo de lectura\" \/>\n\t<meta name=\"twitter:data2\" content=\"1 minuto\" \/>\n<script type=\"application\/ld+json\" class=\"yoast-schema-graph\">{\"@context\":\"https:\\\/\\\/schema.org\",\"@graph\":[{\"@type\":\"Article\",\"@id\":\"https:\\\/\\\/cvinoticias.com\\\/v3\\\/este-domingo-paraguay-se-ajusta-al-horario-de-verano\\\/#article\",\"isPartOf\":{\"@id\":\"https:\\\/\\\/cvinoticias.com\\\/v3\\\/este-domingo-paraguay-se-ajusta-al-horario-de-verano\\\/\"},\"author\":{\"name\":\"f1000024\",\"@id\":\"https:\\\/\\\/cvinoticias.com\\\/v3\\\/#\\\/schema\\\/person\\\/2db77e3c6bc03c538495d7b2b8be9b66\"},\"headline\":\"Este domingo Paraguay se ajusta al horario de verano\",\"datePublished\":\"2022-09-27T19:57:42+00:00\",\"dateModified\":\"2022-09-27T19:59:21+00:00\",\"mainEntityOfPage\":{\"@id\":\"https:\\\/\\\/cvinoticias.com\\\/v3\\\/este-domingo-paraguay-se-ajusta-al-horario-de-verano\\\/\"},\"wordCount\":241,\"commentCount\":0,\"publisher\":{\"@id\":\"https:\\\/\\\/cvinoticias.com\\\/v3\\\/#organization\"},\"image\":{\"@id\":\"https:\\\/\\\/cvinoticias.com\\\/v3\\\/este-domingo-paraguay-se-ajusta-al-horario-de-verano\\\/#primaryimage\"},\"thumbnailUrl\":\"https:\\\/\\\/cvinoticias.com\\\/wp-content\\\/uploads\\\/2022\\\/09\\\/FdqqnoQWQAEDdlo.jpg\",\"articleSection\":[\"Sociedad\"],\"inLanguage\":\"es\",\"potentialAction\":[{\"@type\":\"CommentAction\",\"name\":\"Comment\",\"target\":[\"https:\\\/\\\/cvinoticias.com\\\/v3\\\/este-domingo-paraguay-se-ajusta-al-horario-de-verano\\\/#respond\"]}]},{\"@type\":\"WebPage\",\"@id\":\"https:\\\/\\\/cvinoticias.com\\\/v3\\\/este-domingo-paraguay-se-ajusta-al-horario-de-verano\\\/\",\"url\":\"https:\\\/\\\/cvinoticias.com\\\/v3\\\/este-domingo-paraguay-se-ajusta-al-horario-de-verano\\\/\",\"name\":\"Este domingo Paraguay se ajusta al horario de verano | CVI NOTICIAS\",\"isPartOf\":{\"@id\":\"https:\\\/\\\/cvinoticias.com\\\/v3\\\/#website\"},\"primaryImageOfPage\":{\"@id\":\"https:\\\/\\\/cvinoticias.com\\\/v3\\\/este-domingo-paraguay-se-ajusta-al-horario-de-verano\\\/#primaryimage\"},\"image\":{\"@id\":\"https:\\\/\\\/cvinoticias.com\\\/v3\\\/este-domingo-paraguay-se-ajusta-al-horario-de-verano\\\/#primaryimage\"},\"thumbnailUrl\":\"https:\\\/\\\/cvinoticias.com\\\/wp-content\\\/uploads\\\/2022\\\/09\\\/FdqqnoQWQAEDdlo.jpg\",\"datePublished\":\"2022-09-27T19:57:42+00:00\",\"dateModified\":\"2022-09-27T19:59:21+00:00\",\"breadcrumb\":{\"@id\":\"https:\\\/\\\/cvinoticias.com\\\/v3\\\/este-domingo-paraguay-se-ajusta-al-horario-de-verano\\\/#breadcrumb\"},\"inLanguage\":\"es\",\"potentialAction\":[{\"@type\":\"ReadAction\",\"target\":[\"https:\\\/\\\/cvinoticias.com\\\/v3\\\/este-domingo-paraguay-se-ajusta-al-horario-de-verano\\\/\"]}]},{\"@type\":\"ImageObject\",\"inLanguage\":\"es\",\"@id\":\"https:\\\/\\\/cvinoticias.com\\\/v3\\\/este-domingo-paraguay-se-ajusta-al-horario-de-verano\\\/#primaryimage\",\"url\":\"https:\\\/\\\/cvinoticias.com\\\/wp-content\\\/uploads\\\/2022\\\/09\\\/FdqqnoQWQAEDdlo.jpg\",\"contentUrl\":\"https:\\\/\\\/cvinoticias.com\\\/wp-content\\\/uploads\\\/2022\\\/09\\\/FdqqnoQWQAEDdlo.jpg\",\"width\":1080,\"height\":618},{\"@type\":\"BreadcrumbList\",\"@id\":\"https:\\\/\\\/cvinoticias.com\\\/v3\\\/este-domingo-paraguay-se-ajusta-al-horario-de-verano\\\/#breadcrumb\",\"itemListElement\":[{\"@type\":\"ListItem\",\"position\":1,\"name\":\"Portada\",\"item\":\"https:\\\/\\\/cvinoticias.com\\\/v3\\\/\"},{\"@type\":\"ListItem\",\"position\":2,\"name\":\"Este domingo Paraguay se ajusta al horario de verano\"}]},{\"@type\":\"WebSite\",\"@id\":\"https:\\\/\\\/cvinoticias.com\\\/v3\\\/#website\",\"url\":\"https:\\\/\\\/cvinoticias.com\\\/v3\\\/\",\"name\":\"CVI NOTICIAS\",\"description\":\"\",\"publisher\":{\"@id\":\"https:\\\/\\\/cvinoticias.com\\\/v3\\\/#organization\"},\"alternateName\":\"CVI\",\"potentialAction\":[{\"@type\":\"SearchAction\",\"target\":{\"@type\":\"EntryPoint\",\"urlTemplate\":\"https:\\\/\\\/cvinoticias.com\\\/v3\\\/?s={search_term_string}\"},\"query-input\":{\"@type\":\"PropertyValueSpecification\",\"valueRequired\":true,\"valueName\":\"search_term_string\"}}],\"inLanguage\":\"es\"},{\"@type\":\"Organization\",\"@id\":\"https:\\\/\\\/cvinoticias.com\\\/v3\\\/#organization\",\"name\":\"CVI NOTICIAS\",\"url\":\"https:\\\/\\\/cvinoticias.com\\\/v3\\\/\",\"logo\":{\"@type\":\"ImageObject\",\"inLanguage\":\"es\",\"@id\":\"https:\\\/\\\/cvinoticias.com\\\/v3\\\/#\\\/schema\\\/logo\\\/image\\\/\",\"url\":\"https:\\\/\\\/cvinoticias.com\\\/wp-content\\\/uploads\\\/2023\\\/04\\\/cropped-cropped-cropped-cropped-cropped-3-1.png\",\"contentUrl\":\"https:\\\/\\\/cvinoticias.com\\\/wp-content\\\/uploads\\\/2023\\\/04\\\/cropped-cropped-cropped-cropped-cropped-3-1.png\",\"width\":95,\"height\":122,\"caption\":\"CVI NOTICIAS\"},\"image\":{\"@id\":\"https:\\\/\\\/cvinoticias.com\\\/v3\\\/#\\\/schema\\\/logo\\\/image\\\/\"},\"sameAs\":[\"https:\\\/\\\/www.facebook.com\\\/cvinoticias\",\"https:\\\/\\\/www.instagram.com\\\/cvinoticias\\\/\",\"https:\\\/\\\/www.youtube.com\\\/@CVINOTICIAS\"]},{\"@type\":\"Person\",\"@id\":\"https:\\\/\\\/cvinoticias.com\\\/v3\\\/#\\\/schema\\\/person\\\/2db77e3c6bc03c538495d7b2b8be9b66\",\"name\":\"f1000024\",\"image\":{\"@type\":\"ImageObject\",\"inLanguage\":\"es\",\"@id\":\"https:\\\/\\\/secure.gravatar.com\\\/avatar\\\/d4fe7459cfc51ff5129ce1a732bbef5928568b8092d412ef95611616376bbeed?s=96&d=mm&r=g\",\"url\":\"https:\\\/\\\/secure.gravatar.com\\\/avatar\\\/d4fe7459cfc51ff5129ce1a732bbef5928568b8092d412ef95611616376bbeed?s=96&d=mm&r=g\",\"contentUrl\":\"https:\\\/\\\/secure.gravatar.com\\\/avatar\\\/d4fe7459cfc51ff5129ce1a732bbef5928568b8092d412ef95611616376bbeed?s=96&d=mm&r=g\",\"caption\":\"f1000024\"},\"url\":\"https:\\\/\\\/cvinoticias.com\\\/v3\\\/author\\\/f1000024\\\/\"}]}<\/script>\n<!-- \/ Yoast SEO plugin. -->","yoast_head_json":{"title":"Este domingo Paraguay se ajusta al horario de verano | CVI NOTICIAS","robots":{"index":"index","follow":"follow","max-snippet":"max-snippet:-1","max-image-preview":"max-image-preview:large","max-video-preview":"max-video-preview:-1"},"canonical":"https:\/\/cvinoticias.com\/v3\/este-domingo-paraguay-se-ajusta-al-horario-de-verano\/","og_locale":"es_ES","og_type":"article","og_title":"Este domingo Paraguay se ajusta al horario de verano | CVI NOTICIAS","og_description":"Como cada primer domingo de octubre desde el 2014, el vecino pa\u00eds establece el horario de verano, es decir, la misma que la Argentina. Este 2 de octubre, como cada primer domingo de este mes, Paraguay establece el horario de verano, que determina el adelantamiento de 60 minutos de la hora oficial del pa\u00eds. Esta [&hellip;]","og_url":"https:\/\/cvinoticias.com\/v3\/este-domingo-paraguay-se-ajusta-al-horario-de-verano\/","og_site_name":"CVI NOTICIAS","article_publisher":"https:\/\/www.facebook.com\/cvinoticias","article_published_time":"2022-09-27T19:57:42+00:00","article_modified_time":"2022-09-27T19:59:21+00:00","og_image":[{"width":1080,"height":618,"url":"https:\/\/cvinoticias.com\/wp-content\/uploads\/2022\/09\/FdqqnoQWQAEDdlo.jpg","type":"image\/jpeg"}],"author":"f1000024","twitter_card":"summary_large_image","twitter_misc":{"Escrito por":"f1000024","Tiempo de lectura":"1 minuto"},"schema":{"@context":"https:\/\/schema.org","@graph":[{"@type":"Article","@id":"https:\/\/cvinoticias.com\/v3\/este-domingo-paraguay-se-ajusta-al-horario-de-verano\/#article","isPartOf":{"@id":"https:\/\/cvinoticias.com\/v3\/este-domingo-paraguay-se-ajusta-al-horario-de-verano\/"},"author":{"name":"f1000024","@id":"https:\/\/cvinoticias.com\/v3\/#\/schema\/person\/2db77e3c6bc03c538495d7b2b8be9b66"},"headline":"Este domingo Paraguay se ajusta al horario de verano","datePublished":"2022-09-27T19:57:42+00:00","dateModified":"2022-09-27T19:59:21+00:00","mainEntityOfPage":{"@id":"https:\/\/cvinoticias.com\/v3\/este-domingo-paraguay-se-ajusta-al-horario-de-verano\/"},"wordCount":241,"commentCount":0,"publisher":{"@id":"https:\/\/cvinoticias.com\/v3\/#organization"},"image":{"@id":"https:\/\/cvinoticias.com\/v3\/este-domingo-paraguay-se-ajusta-al-horario-de-verano\/#primaryimage"},"thumbnailUrl":"https:\/\/cvinoticias.com\/wp-content\/uploads\/2022\/09\/FdqqnoQWQAEDdlo.jpg","articleSection":["Sociedad"],"inLanguage":"es","potentialAction":[{"@type":"CommentAction","name":"Comment","target":["https:\/\/cvinoticias.com\/v3\/este-domingo-paraguay-se-ajusta-al-horario-de-verano\/#respond"]}]},{"@type":"WebPage","@id":"https:\/\/cvinoticias.com\/v3\/este-domingo-paraguay-se-ajusta-al-horario-de-verano\/","url":"https:\/\/cvinoticias.com\/v3\/este-domingo-paraguay-se-ajusta-al-horario-de-verano\/","name":"Este domingo Paraguay se ajusta al horario de verano | CVI NOTICIAS","isPartOf":{"@id":"https:\/\/cvinoticias.com\/v3\/#website"},"primaryImageOfPage":{"@id":"https:\/\/cvinoticias.com\/v3\/este-domingo-paraguay-se-ajusta-al-horario-de-verano\/#primaryimage"},"image":{"@id":"https:\/\/cvinoticias.com\/v3\/este-domingo-paraguay-se-ajusta-al-horario-de-verano\/#primaryimage"},"thumbnailUrl":"https:\/\/cvinoticias.com\/wp-content\/uploads\/2022\/09\/FdqqnoQWQAEDdlo.jpg","datePublished":"2022-09-27T19:57:42+00:00","dateModified":"2022-09-27T19:59:21+00:00","breadcrumb":{"@id":"https:\/\/cvinoticias.com\/v3\/este-domingo-paraguay-se-ajusta-al-horario-de-verano\/#breadcrumb"},"inLanguage":"es","potentialAction":[{"@type":"ReadAction","target":["https:\/\/cvinoticias.com\/v3\/este-domingo-paraguay-se-ajusta-al-horario-de-verano\/"]}]},{"@type":"ImageObject","inLanguage":"es","@id":"https:\/\/cvinoticias.com\/v3\/este-domingo-paraguay-se-ajusta-al-horario-de-verano\/#primaryimage","url":"https:\/\/cvinoticias.com\/wp-content\/uploads\/2022\/09\/FdqqnoQWQAEDdlo.jpg","contentUrl":"https:\/\/cvinoticias.com\/wp-content\/uploads\/2022\/09\/FdqqnoQWQAEDdlo.jpg","width":1080,"height":618},{"@type":"BreadcrumbList","@id":"https:\/\/cvinoticias.com\/v3\/este-domingo-paraguay-se-ajusta-al-horario-de-verano\/#breadcrumb","itemListElement":[{"@type":"ListItem","position":1,"name":"Portada","item":"https:\/\/cvinoticias.com\/v3\/"},{"@type":"ListItem","position":2,"name":"Este domingo Paraguay se ajusta al horario de verano"}]},{"@type":"WebSite","@id":"https:\/\/cvinoticias.com\/v3\/#website","url":"https:\/\/cvinoticias.com\/v3\/","name":"CVI NOTICIAS","description":"","publisher":{"@id":"https:\/\/cvinoticias.com\/v3\/#organization"},"alternateName":"CVI","potentialAction":[{"@type":"SearchAction","target":{"@type":"EntryPoint","urlTemplate":"https:\/\/cvinoticias.com\/v3\/?s={search_term_string}"},"query-input":{"@type":"PropertyValueSpecification","valueRequired":true,"valueName":"search_term_string"}}],"inLanguage":"es"},{"@type":"Organization","@id":"https:\/\/cvinoticias.com\/v3\/#organization","name":"CVI NOTICIAS","url":"https:\/\/cvinoticias.com\/v3\/","logo":{"@type":"ImageObject","inLanguage":"es","@id":"https:\/\/cvinoticias.com\/v3\/#\/schema\/logo\/image\/","url":"https:\/\/cvinoticias.com\/wp-content\/uploads\/2023\/04\/cropped-cropped-cropped-cropped-cropped-3-1.png","contentUrl":"https:\/\/cvinoticias.com\/wp-content\/uploads\/2023\/04\/cropped-cropped-cropped-cropped-cropped-3-1.png","width":95,"height":122,"caption":"CVI NOTICIAS"},"image":{"@id":"https:\/\/cvinoticias.com\/v3\/#\/schema\/logo\/image\/"},"sameAs":["https:\/\/www.facebook.com\/cvinoticias","https:\/\/www.instagram.com\/cvinoticias\/","https:\/\/www.youtube.com\/@CVINOTICIAS"]},{"@type":"Person","@id":"https:\/\/cvinoticias.com\/v3\/#\/schema\/person\/2db77e3c6bc03c538495d7b2b8be9b66","name":"f1000024","image":{"@type":"ImageObject","inLanguage":"es","@id":"https:\/\/secure.gravatar.com\/avatar\/d4fe7459cfc51ff5129ce1a732bbef5928568b8092d412ef95611616376bbeed?s=96&d=mm&r=g","url":"https:\/\/secure.gravatar.com\/avatar\/d4fe7459cfc51ff5129ce1a732bbef5928568b8092d412ef95611616376bbeed?s=96&d=mm&r=g","contentUrl":"https:\/\/secure.gravatar.com\/avatar\/d4fe7459cfc51ff5129ce1a732bbef5928568b8092d412ef95611616376bbeed?s=96&d=mm&r=g","caption":"f1000024"},"url":"https:\/\/cvinoticias.com\/v3\/author\/f1000024\/"}]}},"_links":{"self":[{"href":"https:\/\/cvinoticias.com\/v3\/wp-json\/wp\/v2\/posts\/19518","targetHints":{"allow":["GET"]}}],"collection":[{"href":"https:\/\/cvinoticias.com\/v3\/wp-json\/wp\/v2\/posts"}],"about":[{"href":"https:\/\/cvinoticias.com\/v3\/wp-json\/wp\/v2\/types\/post"}],"author":[{"embeddable":true,"href":"https:\/\/cvinoticias.com\/v3\/wp-json\/wp\/v2\/users\/2"}],"replies":[{"embeddable":true,"href":"https:\/\/cvinoticias.com\/v3\/wp-json\/wp\/v2\/comments?post=19518"}],"version-history":[{"count":2,"href":"https:\/\/cvinoticias.com\/v3\/wp-json\/wp\/v2\/posts\/19518\/revisions"}],"predecessor-version":[{"id":19521,"href":"https:\/\/cvinoticias.com\/v3\/wp-json\/wp\/v2\/posts\/19518\/revisions\/19521"}],"wp:featuredmedia":[{"embeddable":true,"href":"https:\/\/cvinoticias.com\/v3\/wp-json\/wp\/v2\/media\/19519"}],"wp:attachment":[{"href":"https:\/\/cvinoticias.com\/v3\/wp-json\/wp\/v2\/media?parent=19518"}],"wp:term":[{"taxonomy":"category","embeddable":true,"href":"https:\/\/cvinoticias.com\/v3\/wp-json\/wp\/v2\/categories?post=19518"},{"taxonomy":"post_tag","embeddable":true,"href":"https:\/\/cvinoticias.com\/v3\/wp-json\/wp\/v2\/tags?post=19518"}],"curies":[{"name":"wp","href":"https:\/\/api.w.org\/{rel}","templated":true}]}}