{"id":19496,"date":"2022-09-27T05:08:34","date_gmt":"2022-09-27T05:08:34","guid":{"rendered":"https:\/\/cvinoticias.com\/v3\/?p=19496"},"modified":"2022-09-27T05:08:34","modified_gmt":"2022-09-27T05:08:34","slug":"realizaron-un-recambio-de-brigadas-en-el-parque-nacional-calilegua","status":"publish","type":"post","link":"https:\/\/cvinoticias.com\/v3\/realizaron-un-recambio-de-brigadas-en-el-parque-nacional-calilegua\/","title":{"rendered":"Realizaron un recambio de brigadas en el Parque Nacional Calilegua"},"content":{"rendered":"\n<p><strong><em>Arrib\u00f3 un nuevo contingente de combatientes provenientes de distintas regiones del pa\u00eds para sumarse al operativo junto a otras instituciones que forman parte del COEI.<\/em><\/strong><\/p>\n\n\n\n<p>Los equipos de brigadistas de la Administraci\u00f3n de Parques Nacionales (APN) contin\u00faan trabajando en la zona afectada del Parque Nacional Calilegua, en Jujuy, junto a las instituciones convocadas por el Comit\u00e9 Operativo de Emergencia \u00cdgnea (COEI) local en una situaci\u00f3n de sinergia operativa que se sostiene desde el inicio del incendio denominado \u201cPir\u00f3mano\u201d, que ya afect\u00f3 alrededor de 725 hect\u00e1reas en el \u00e1rea protegida y m\u00e1s de 7.500 en total.<\/p>\n\n\n\n<p>El COEI brind\u00f3 un pormenorizado detalle del estado situaci\u00f3n de los incendios forestales en la provincia y la proyecci\u00f3n a tres meses con datos de los \u00edndices de estr\u00e9s h\u00eddricos y de material combustible.<\/p>\n\n\n\n<p>Adelantaron un panorama complejo ante un contexto clim\u00e1tico favorable al desarrollo de incendios forestales: baja humedad y altas temperaturas. Destacaron la necesidad de focalizar acciones en la prevenci\u00f3n para desalentar pr\u00e1cticas que ponen en riesgos la salud de las personas y la salud ambiental.<\/p>\n\n\n\n<p>Se realiz\u00f3 un recambio de personal en las brigadas que combaten el fuego, donde trabajan m\u00e1s de 200 personas entre brigadistas de APN (Parques Nacionales Calilegua, Iber\u00e1, Iguaz\u00fa, Mburucuy\u00e1, Chaco, Pilcomayo; la Reserva Natural Estricta San Antonio y el Monumento Natural Laguna de los Pozuelos), la Direcci\u00f3n de Incendios de Vegetaci\u00f3n y Emergencias Ambientales de la provincia de Jujuy, el Servicio Nacional de Manejo del Fuego (SNMF), las provincias del Chubut y Neuqu\u00e9n; bomberos de la Polic\u00eda Provincial y de la provincia de Corrientes; personal vial, de seguridad, de Defensa Civil y log\u00edstico.<\/p>\n\n\n\n<p>Operan adem\u00e1s tres aviones hidrantes y dos helic\u00f3pteros provistos por el SNMF junto a diversos medios log\u00edsticos y maquinaria para el combate del fuego. Adem\u00e1s, se otorga apoyo t\u00e9cnico con pron\u00f3stico meteorol\u00f3gico para la planificaci\u00f3n de las tareas.<\/p>\n\n\n\n<p>La directora nacional de Operaciones de APN, Fernanda \u00c1lvarez, junto al director regional Norte, Sergio Arias Valdecantos; el director de Lucha contra los Incendios Forestales y Emergencias (DLIFE), Ariel Amthauer; y la intendenta del Parque Nacional, Cecilia Iriarte, mantuvieron durante la semana pasada una serie de reuniones interinstitucionales y realizaron recorridas t\u00e9cnicas en el terreno para evaluar las necesidades y proyecciones de las brigadas de la APN destacadas en la zona.<\/p>\n\n\n\n<p>Adem\u00e1s, el vicegobernador de la provincia a cargo de la gobernaci\u00f3n, Carlos Haquim, junto a los ministros de Ambiente y Cambio Clim\u00e1tico, Mar\u00eda In\u00e9s Zigar\u00e1n, y de Seguridad, Luis Mart\u00edn, y el director de Incendios a la Vegetaci\u00f3n y Emergencias Ambientales, Alejandro Cooke, realizaron un reconocimiento y agradecimiento por la labor desempe\u00f1ada en el relevo de los brigadistas que trabajaron durante 15 d\u00edas en el incendio que se desarrolla en el departamento Ledesma.<\/p>\n","protected":false},"excerpt":{"rendered":"<p>Arrib\u00f3 un nuevo contingente de combatientes provenientes de distintas regiones del pa\u00eds para sumarse al operativo junto a otras instituciones que forman parte del COEI. Los equipos de brigadistas de la Administraci\u00f3n de Parques Nacionales (APN) contin\u00faan trabajando en la zona afectada del Parque Nacional Calilegua, en Jujuy, junto a las instituciones convocadas por el [&hellip;]<\/p>\n","protected":false},"author":2,"featured_media":19497,"comment_status":"open","ping_status":"open","sticky":false,"template":"","format":"standard","meta":{"footnotes":""},"categories":[41],"tags":[],"class_list":["post-19496","post","type-post","status-publish","format-standard","has-post-thumbnail","hentry","category-policiales"],"yoast_head":"<!-- This site is optimized with the Yoast SEO plugin v27.5 - https:\/\/yoast.com\/product\/yoast-seo-wordpress\/ -->\n<title>Realizaron un recambio de brigadas en el Parque Nacional Calilegua | CVI NOTICIAS<\/title>\n<meta name=\"robots\" content=\"index, follow, max-snippet:-1, max-image-preview:large, max-video-preview:-1\" \/>\n<link rel=\"canonical\" href=\"https:\/\/cvinoticias.com\/v3\/realizaron-un-recambio-de-brigadas-en-el-parque-nacional-calilegua\/\" \/>\n<meta property=\"og:locale\" content=\"es_ES\" \/>\n<meta property=\"og:type\" content=\"article\" \/>\n<meta property=\"og:title\" content=\"Realizaron un recambio de brigadas en el Parque Nacional Calilegua | CVI NOTICIAS\" \/>\n<meta property=\"og:description\" content=\"Arrib\u00f3 un nuevo contingente de combatientes provenientes de distintas regiones del pa\u00eds para sumarse al operativo junto a otras instituciones que forman parte del COEI. Los equipos de brigadistas de la Administraci\u00f3n de Parques Nacionales (APN) contin\u00faan trabajando en la zona afectada del Parque Nacional Calilegua, en Jujuy, junto a las instituciones convocadas por el [&hellip;]\" \/>\n<meta property=\"og:url\" content=\"https:\/\/cvinoticias.com\/v3\/realizaron-un-recambio-de-brigadas-en-el-parque-nacional-calilegua\/\" \/>\n<meta property=\"og:site_name\" content=\"CVI NOTICIAS\" \/>\n<meta property=\"article:publisher\" content=\"https:\/\/www.facebook.com\/cvinoticias\" \/>\n<meta property=\"article:published_time\" content=\"2022-09-27T05:08:34+00:00\" \/>\n<meta property=\"og:image\" content=\"https:\/\/cvinoticias.com\/wp-content\/uploads\/2022\/09\/0000113280.jpg\" \/>\n\t<meta property=\"og:image:width\" content=\"1440\" \/>\n\t<meta property=\"og:image:height\" content=\"870\" \/>\n\t<meta property=\"og:image:type\" content=\"image\/jpeg\" \/>\n<meta name=\"author\" content=\"f1000024\" \/>\n<meta name=\"twitter:card\" content=\"summary_large_image\" \/>\n<meta name=\"twitter:label1\" content=\"Escrito por\" \/>\n\t<meta name=\"twitter:data1\" content=\"f1000024\" \/>\n\t<meta name=\"twitter:label2\" content=\"Tiempo de lectura\" \/>\n\t<meta name=\"twitter:data2\" content=\"2 minutos\" \/>\n<script type=\"application\/ld+json\" class=\"yoast-schema-graph\">{\"@context\":\"https:\\\/\\\/schema.org\",\"@graph\":[{\"@type\":\"Article\",\"@id\":\"https:\\\/\\\/cvinoticias.com\\\/v3\\\/realizaron-un-recambio-de-brigadas-en-el-parque-nacional-calilegua\\\/#article\",\"isPartOf\":{\"@id\":\"https:\\\/\\\/cvinoticias.com\\\/v3\\\/realizaron-un-recambio-de-brigadas-en-el-parque-nacional-calilegua\\\/\"},\"author\":{\"name\":\"f1000024\",\"@id\":\"https:\\\/\\\/cvinoticias.com\\\/v3\\\/#\\\/schema\\\/person\\\/2db77e3c6bc03c538495d7b2b8be9b66\"},\"headline\":\"Realizaron un recambio de brigadas en el Parque Nacional Calilegua\",\"datePublished\":\"2022-09-27T05:08:34+00:00\",\"mainEntityOfPage\":{\"@id\":\"https:\\\/\\\/cvinoticias.com\\\/v3\\\/realizaron-un-recambio-de-brigadas-en-el-parque-nacional-calilegua\\\/\"},\"wordCount\":493,\"commentCount\":0,\"publisher\":{\"@id\":\"https:\\\/\\\/cvinoticias.com\\\/v3\\\/#organization\"},\"image\":{\"@id\":\"https:\\\/\\\/cvinoticias.com\\\/v3\\\/realizaron-un-recambio-de-brigadas-en-el-parque-nacional-calilegua\\\/#primaryimage\"},\"thumbnailUrl\":\"https:\\\/\\\/cvinoticias.com\\\/wp-content\\\/uploads\\\/2022\\\/09\\\/0000113280.jpg\",\"articleSection\":[\"Policiales\"],\"inLanguage\":\"es\",\"potentialAction\":[{\"@type\":\"CommentAction\",\"name\":\"Comment\",\"target\":[\"https:\\\/\\\/cvinoticias.com\\\/v3\\\/realizaron-un-recambio-de-brigadas-en-el-parque-nacional-calilegua\\\/#respond\"]}]},{\"@type\":\"WebPage\",\"@id\":\"https:\\\/\\\/cvinoticias.com\\\/v3\\\/realizaron-un-recambio-de-brigadas-en-el-parque-nacional-calilegua\\\/\",\"url\":\"https:\\\/\\\/cvinoticias.com\\\/v3\\\/realizaron-un-recambio-de-brigadas-en-el-parque-nacional-calilegua\\\/\",\"name\":\"Realizaron un recambio de brigadas en el Parque Nacional Calilegua | CVI NOTICIAS\",\"isPartOf\":{\"@id\":\"https:\\\/\\\/cvinoticias.com\\\/v3\\\/#website\"},\"primaryImageOfPage\":{\"@id\":\"https:\\\/\\\/cvinoticias.com\\\/v3\\\/realizaron-un-recambio-de-brigadas-en-el-parque-nacional-calilegua\\\/#primaryimage\"},\"image\":{\"@id\":\"https:\\\/\\\/cvinoticias.com\\\/v3\\\/realizaron-un-recambio-de-brigadas-en-el-parque-nacional-calilegua\\\/#primaryimage\"},\"thumbnailUrl\":\"https:\\\/\\\/cvinoticias.com\\\/wp-content\\\/uploads\\\/2022\\\/09\\\/0000113280.jpg\",\"datePublished\":\"2022-09-27T05:08:34+00:00\",\"breadcrumb\":{\"@id\":\"https:\\\/\\\/cvinoticias.com\\\/v3\\\/realizaron-un-recambio-de-brigadas-en-el-parque-nacional-calilegua\\\/#breadcrumb\"},\"inLanguage\":\"es\",\"potentialAction\":[{\"@type\":\"ReadAction\",\"target\":[\"https:\\\/\\\/cvinoticias.com\\\/v3\\\/realizaron-un-recambio-de-brigadas-en-el-parque-nacional-calilegua\\\/\"]}]},{\"@type\":\"ImageObject\",\"inLanguage\":\"es\",\"@id\":\"https:\\\/\\\/cvinoticias.com\\\/v3\\\/realizaron-un-recambio-de-brigadas-en-el-parque-nacional-calilegua\\\/#primaryimage\",\"url\":\"https:\\\/\\\/cvinoticias.com\\\/wp-content\\\/uploads\\\/2022\\\/09\\\/0000113280.jpg\",\"contentUrl\":\"https:\\\/\\\/cvinoticias.com\\\/wp-content\\\/uploads\\\/2022\\\/09\\\/0000113280.jpg\",\"width\":1440,\"height\":870},{\"@type\":\"BreadcrumbList\",\"@id\":\"https:\\\/\\\/cvinoticias.com\\\/v3\\\/realizaron-un-recambio-de-brigadas-en-el-parque-nacional-calilegua\\\/#breadcrumb\",\"itemListElement\":[{\"@type\":\"ListItem\",\"position\":1,\"name\":\"Portada\",\"item\":\"https:\\\/\\\/cvinoticias.com\\\/v3\\\/\"},{\"@type\":\"ListItem\",\"position\":2,\"name\":\"Realizaron un recambio de brigadas en el Parque Nacional Calilegua\"}]},{\"@type\":\"WebSite\",\"@id\":\"https:\\\/\\\/cvinoticias.com\\\/v3\\\/#website\",\"url\":\"https:\\\/\\\/cvinoticias.com\\\/v3\\\/\",\"name\":\"CVI NOTICIAS\",\"description\":\"\",\"publisher\":{\"@id\":\"https:\\\/\\\/cvinoticias.com\\\/v3\\\/#organization\"},\"alternateName\":\"CVI\",\"potentialAction\":[{\"@type\":\"SearchAction\",\"target\":{\"@type\":\"EntryPoint\",\"urlTemplate\":\"https:\\\/\\\/cvinoticias.com\\\/v3\\\/?s={search_term_string}\"},\"query-input\":{\"@type\":\"PropertyValueSpecification\",\"valueRequired\":true,\"valueName\":\"search_term_string\"}}],\"inLanguage\":\"es\"},{\"@type\":\"Organization\",\"@id\":\"https:\\\/\\\/cvinoticias.com\\\/v3\\\/#organization\",\"name\":\"CVI NOTICIAS\",\"url\":\"https:\\\/\\\/cvinoticias.com\\\/v3\\\/\",\"logo\":{\"@type\":\"ImageObject\",\"inLanguage\":\"es\",\"@id\":\"https:\\\/\\\/cvinoticias.com\\\/v3\\\/#\\\/schema\\\/logo\\\/image\\\/\",\"url\":\"https:\\\/\\\/cvinoticias.com\\\/wp-content\\\/uploads\\\/2023\\\/04\\\/cropped-cropped-cropped-cropped-cropped-3-1.png\",\"contentUrl\":\"https:\\\/\\\/cvinoticias.com\\\/wp-content\\\/uploads\\\/2023\\\/04\\\/cropped-cropped-cropped-cropped-cropped-3-1.png\",\"width\":95,\"height\":122,\"caption\":\"CVI NOTICIAS\"},\"image\":{\"@id\":\"https:\\\/\\\/cvinoticias.com\\\/v3\\\/#\\\/schema\\\/logo\\\/image\\\/\"},\"sameAs\":[\"https:\\\/\\\/www.facebook.com\\\/cvinoticias\",\"https:\\\/\\\/www.instagram.com\\\/cvinoticias\\\/\",\"https:\\\/\\\/www.youtube.com\\\/@CVINOTICIAS\"]},{\"@type\":\"Person\",\"@id\":\"https:\\\/\\\/cvinoticias.com\\\/v3\\\/#\\\/schema\\\/person\\\/2db77e3c6bc03c538495d7b2b8be9b66\",\"name\":\"f1000024\",\"image\":{\"@type\":\"ImageObject\",\"inLanguage\":\"es\",\"@id\":\"https:\\\/\\\/secure.gravatar.com\\\/avatar\\\/d4fe7459cfc51ff5129ce1a732bbef5928568b8092d412ef95611616376bbeed?s=96&d=mm&r=g\",\"url\":\"https:\\\/\\\/secure.gravatar.com\\\/avatar\\\/d4fe7459cfc51ff5129ce1a732bbef5928568b8092d412ef95611616376bbeed?s=96&d=mm&r=g\",\"contentUrl\":\"https:\\\/\\\/secure.gravatar.com\\\/avatar\\\/d4fe7459cfc51ff5129ce1a732bbef5928568b8092d412ef95611616376bbeed?s=96&d=mm&r=g\",\"caption\":\"f1000024\"},\"url\":\"https:\\\/\\\/cvinoticias.com\\\/v3\\\/author\\\/f1000024\\\/\"}]}<\/script>\n<!-- \/ Yoast SEO plugin. -->","yoast_head_json":{"title":"Realizaron un recambio de brigadas en el Parque Nacional Calilegua | CVI NOTICIAS","robots":{"index":"index","follow":"follow","max-snippet":"max-snippet:-1","max-image-preview":"max-image-preview:large","max-video-preview":"max-video-preview:-1"},"canonical":"https:\/\/cvinoticias.com\/v3\/realizaron-un-recambio-de-brigadas-en-el-parque-nacional-calilegua\/","og_locale":"es_ES","og_type":"article","og_title":"Realizaron un recambio de brigadas en el Parque Nacional Calilegua | CVI NOTICIAS","og_description":"Arrib\u00f3 un nuevo contingente de combatientes provenientes de distintas regiones del pa\u00eds para sumarse al operativo junto a otras instituciones que forman parte del COEI. Los equipos de brigadistas de la Administraci\u00f3n de Parques Nacionales (APN) contin\u00faan trabajando en la zona afectada del Parque Nacional Calilegua, en Jujuy, junto a las instituciones convocadas por el [&hellip;]","og_url":"https:\/\/cvinoticias.com\/v3\/realizaron-un-recambio-de-brigadas-en-el-parque-nacional-calilegua\/","og_site_name":"CVI NOTICIAS","article_publisher":"https:\/\/www.facebook.com\/cvinoticias","article_published_time":"2022-09-27T05:08:34+00:00","og_image":[{"width":1440,"height":870,"url":"https:\/\/cvinoticias.com\/wp-content\/uploads\/2022\/09\/0000113280.jpg","type":"image\/jpeg"}],"author":"f1000024","twitter_card":"summary_large_image","twitter_misc":{"Escrito por":"f1000024","Tiempo de lectura":"2 minutos"},"schema":{"@context":"https:\/\/schema.org","@graph":[{"@type":"Article","@id":"https:\/\/cvinoticias.com\/v3\/realizaron-un-recambio-de-brigadas-en-el-parque-nacional-calilegua\/#article","isPartOf":{"@id":"https:\/\/cvinoticias.com\/v3\/realizaron-un-recambio-de-brigadas-en-el-parque-nacional-calilegua\/"},"author":{"name":"f1000024","@id":"https:\/\/cvinoticias.com\/v3\/#\/schema\/person\/2db77e3c6bc03c538495d7b2b8be9b66"},"headline":"Realizaron un recambio de brigadas en el Parque Nacional Calilegua","datePublished":"2022-09-27T05:08:34+00:00","mainEntityOfPage":{"@id":"https:\/\/cvinoticias.com\/v3\/realizaron-un-recambio-de-brigadas-en-el-parque-nacional-calilegua\/"},"wordCount":493,"commentCount":0,"publisher":{"@id":"https:\/\/cvinoticias.com\/v3\/#organization"},"image":{"@id":"https:\/\/cvinoticias.com\/v3\/realizaron-un-recambio-de-brigadas-en-el-parque-nacional-calilegua\/#primaryimage"},"thumbnailUrl":"https:\/\/cvinoticias.com\/wp-content\/uploads\/2022\/09\/0000113280.jpg","articleSection":["Policiales"],"inLanguage":"es","potentialAction":[{"@type":"CommentAction","name":"Comment","target":["https:\/\/cvinoticias.com\/v3\/realizaron-un-recambio-de-brigadas-en-el-parque-nacional-calilegua\/#respond"]}]},{"@type":"WebPage","@id":"https:\/\/cvinoticias.com\/v3\/realizaron-un-recambio-de-brigadas-en-el-parque-nacional-calilegua\/","url":"https:\/\/cvinoticias.com\/v3\/realizaron-un-recambio-de-brigadas-en-el-parque-nacional-calilegua\/","name":"Realizaron un recambio de brigadas en el Parque Nacional Calilegua | CVI NOTICIAS","isPartOf":{"@id":"https:\/\/cvinoticias.com\/v3\/#website"},"primaryImageOfPage":{"@id":"https:\/\/cvinoticias.com\/v3\/realizaron-un-recambio-de-brigadas-en-el-parque-nacional-calilegua\/#primaryimage"},"image":{"@id":"https:\/\/cvinoticias.com\/v3\/realizaron-un-recambio-de-brigadas-en-el-parque-nacional-calilegua\/#primaryimage"},"thumbnailUrl":"https:\/\/cvinoticias.com\/wp-content\/uploads\/2022\/09\/0000113280.jpg","datePublished":"2022-09-27T05:08:34+00:00","breadcrumb":{"@id":"https:\/\/cvinoticias.com\/v3\/realizaron-un-recambio-de-brigadas-en-el-parque-nacional-calilegua\/#breadcrumb"},"inLanguage":"es","potentialAction":[{"@type":"ReadAction","target":["https:\/\/cvinoticias.com\/v3\/realizaron-un-recambio-de-brigadas-en-el-parque-nacional-calilegua\/"]}]},{"@type":"ImageObject","inLanguage":"es","@id":"https:\/\/cvinoticias.com\/v3\/realizaron-un-recambio-de-brigadas-en-el-parque-nacional-calilegua\/#primaryimage","url":"https:\/\/cvinoticias.com\/wp-content\/uploads\/2022\/09\/0000113280.jpg","contentUrl":"https:\/\/cvinoticias.com\/wp-content\/uploads\/2022\/09\/0000113280.jpg","width":1440,"height":870},{"@type":"BreadcrumbList","@id":"https:\/\/cvinoticias.com\/v3\/realizaron-un-recambio-de-brigadas-en-el-parque-nacional-calilegua\/#breadcrumb","itemListElement":[{"@type":"ListItem","position":1,"name":"Portada","item":"https:\/\/cvinoticias.com\/v3\/"},{"@type":"ListItem","position":2,"name":"Realizaron un recambio de brigadas en el Parque Nacional Calilegua"}]},{"@type":"WebSite","@id":"https:\/\/cvinoticias.com\/v3\/#website","url":"https:\/\/cvinoticias.com\/v3\/","name":"CVI NOTICIAS","description":"","publisher":{"@id":"https:\/\/cvinoticias.com\/v3\/#organization"},"alternateName":"CVI","potentialAction":[{"@type":"SearchAction","target":{"@type":"EntryPoint","urlTemplate":"https:\/\/cvinoticias.com\/v3\/?s={search_term_string}"},"query-input":{"@type":"PropertyValueSpecification","valueRequired":true,"valueName":"search_term_string"}}],"inLanguage":"es"},{"@type":"Organization","@id":"https:\/\/cvinoticias.com\/v3\/#organization","name":"CVI NOTICIAS","url":"https:\/\/cvinoticias.com\/v3\/","logo":{"@type":"ImageObject","inLanguage":"es","@id":"https:\/\/cvinoticias.com\/v3\/#\/schema\/logo\/image\/","url":"https:\/\/cvinoticias.com\/wp-content\/uploads\/2023\/04\/cropped-cropped-cropped-cropped-cropped-3-1.png","contentUrl":"https:\/\/cvinoticias.com\/wp-content\/uploads\/2023\/04\/cropped-cropped-cropped-cropped-cropped-3-1.png","width":95,"height":122,"caption":"CVI NOTICIAS"},"image":{"@id":"https:\/\/cvinoticias.com\/v3\/#\/schema\/logo\/image\/"},"sameAs":["https:\/\/www.facebook.com\/cvinoticias","https:\/\/www.instagram.com\/cvinoticias\/","https:\/\/www.youtube.com\/@CVINOTICIAS"]},{"@type":"Person","@id":"https:\/\/cvinoticias.com\/v3\/#\/schema\/person\/2db77e3c6bc03c538495d7b2b8be9b66","name":"f1000024","image":{"@type":"ImageObject","inLanguage":"es","@id":"https:\/\/secure.gravatar.com\/avatar\/d4fe7459cfc51ff5129ce1a732bbef5928568b8092d412ef95611616376bbeed?s=96&d=mm&r=g","url":"https:\/\/secure.gravatar.com\/avatar\/d4fe7459cfc51ff5129ce1a732bbef5928568b8092d412ef95611616376bbeed?s=96&d=mm&r=g","contentUrl":"https:\/\/secure.gravatar.com\/avatar\/d4fe7459cfc51ff5129ce1a732bbef5928568b8092d412ef95611616376bbeed?s=96&d=mm&r=g","caption":"f1000024"},"url":"https:\/\/cvinoticias.com\/v3\/author\/f1000024\/"}]}},"_links":{"self":[{"href":"https:\/\/cvinoticias.com\/v3\/wp-json\/wp\/v2\/posts\/19496","targetHints":{"allow":["GET"]}}],"collection":[{"href":"https:\/\/cvinoticias.com\/v3\/wp-json\/wp\/v2\/posts"}],"about":[{"href":"https:\/\/cvinoticias.com\/v3\/wp-json\/wp\/v2\/types\/post"}],"author":[{"embeddable":true,"href":"https:\/\/cvinoticias.com\/v3\/wp-json\/wp\/v2\/users\/2"}],"replies":[{"embeddable":true,"href":"https:\/\/cvinoticias.com\/v3\/wp-json\/wp\/v2\/comments?post=19496"}],"version-history":[{"count":1,"href":"https:\/\/cvinoticias.com\/v3\/wp-json\/wp\/v2\/posts\/19496\/revisions"}],"predecessor-version":[{"id":19498,"href":"https:\/\/cvinoticias.com\/v3\/wp-json\/wp\/v2\/posts\/19496\/revisions\/19498"}],"wp:featuredmedia":[{"embeddable":true,"href":"https:\/\/cvinoticias.com\/v3\/wp-json\/wp\/v2\/media\/19497"}],"wp:attachment":[{"href":"https:\/\/cvinoticias.com\/v3\/wp-json\/wp\/v2\/media?parent=19496"}],"wp:term":[{"taxonomy":"category","embeddable":true,"href":"https:\/\/cvinoticias.com\/v3\/wp-json\/wp\/v2\/categories?post=19496"},{"taxonomy":"post_tag","embeddable":true,"href":"https:\/\/cvinoticias.com\/v3\/wp-json\/wp\/v2\/tags?post=19496"}],"curies":[{"name":"wp","href":"https:\/\/api.w.org\/{rel}","templated":true}]}}