{"id":19455,"date":"2022-09-24T01:44:04","date_gmt":"2022-09-24T01:44:04","guid":{"rendered":"https:\/\/cvinoticias.com\/v3\/?p=19455"},"modified":"2022-09-24T01:44:04","modified_gmt":"2022-09-24T01:44:04","slug":"policias-recuperaron-motocicletas-robadas-en-puerto-iguazu","status":"publish","type":"post","link":"https:\/\/cvinoticias.com\/v3\/policias-recuperaron-motocicletas-robadas-en-puerto-iguazu\/","title":{"rendered":"Polic\u00edas recuperaron motocicletas robadas en Puerto Iguaz\u00fa"},"content":{"rendered":"\n<p><strong><em>Durante tareas desplegadas por el personal de la comisar\u00eda seccional 4ta URV en las \u00faltimas horas se recuperaron del delito dos motocicletas a partir de trabajos investigativos.<\/em><\/strong><\/p>\n\n\n\n<p>Tras de la denuncia a una mujer de 32 a\u00f1os quien denunci\u00f3 la sustracci\u00f3n de su motocicleta marca Guerrero de 110 c.c. color rojo la cual dejo estacionado en la vispera sobre la avenida Pancho Ram\u00edrez, con los datos obtenidos los uniformados advirtieron la circulaci\u00f3n de un motociclista al mando de un motovehiculo de similares caracter\u00edsticas a la sustra\u00edda en el barrio 25 de Mayo de esta ciudad.<\/p>\n\n\n\n<p>Ante esto, la polic\u00eda lleg\u00f3 hasta una vivienda donde bajo una serie de preguntas el propietario de un inmueble no supo justificar la tenencia de la moto por parte de su hijo de 15 a\u00f1os, y tras reunir las caracter\u00edsticas similares voluntariamente hizo entrega a los uniformados quienes efectivamente cotejaron y constataron que se trataba del rodado con pedido de secuestro, procedi\u00e9ndose al secuestro del mismo, traslado y dep\u00f3sito en sede Policial.<\/p>\n\n\n\n<p>Por otro lado en un segundo procedimiento en el mismo barrio la polic\u00eda procedi\u00f3 al secuestro de una motocicleta de 110 c.c. marca brava en poder de un menor de 15 a\u00f1os donde observaron minuciosamente las numeraciones del cuadro y del motor y presentaba ciertas irregularidades, y tras no lograr justificar la propiedad del mismo tambi\u00e9n fue secuestrada, por estas horas se trata de establecer su procedencia.<\/p>\n\n\n\n<p>En tanto ambos menores fueron puestos a disposici\u00f3n del, juzgado Correccional y de Menores, quien dispuso se notifique la situaci\u00f3n personal de los mismos y la entrega para su guarda y custodia.<\/p>\n\n\n\n<p>En conclusi\u00f3n, los motoveh\u00edculos fueron depositados en las sedes policiales a disposici\u00f3n de la justicia y acorde a las resoluciones restituir\u00e1n a los propietarios.<\/p>\n","protected":false},"excerpt":{"rendered":"<p>Durante tareas desplegadas por el personal de la comisar\u00eda seccional 4ta URV en las \u00faltimas horas se recuperaron del delito dos motocicletas a partir de trabajos investigativos. Tras de la denuncia a una mujer de 32 a\u00f1os quien denunci\u00f3 la sustracci\u00f3n de su motocicleta marca Guerrero de 110 c.c. color rojo la cual dejo estacionado [&hellip;]<\/p>\n","protected":false},"author":2,"featured_media":19456,"comment_status":"open","ping_status":"open","sticky":false,"template":"","format":"standard","meta":{"footnotes":""},"categories":[29,41],"tags":[],"class_list":["post-19455","post","type-post","status-publish","format-standard","has-post-thumbnail","hentry","category-locales","category-policiales"],"yoast_head":"<!-- This site is optimized with the Yoast SEO plugin v27.4 - https:\/\/yoast.com\/product\/yoast-seo-wordpress\/ -->\n<title>Polic\u00edas recuperaron motocicletas robadas en Puerto Iguaz\u00fa | CVI NOTICIAS<\/title>\n<meta name=\"robots\" content=\"index, follow, max-snippet:-1, max-image-preview:large, max-video-preview:-1\" \/>\n<link rel=\"canonical\" href=\"https:\/\/cvinoticias.com\/v3\/policias-recuperaron-motocicletas-robadas-en-puerto-iguazu\/\" \/>\n<meta property=\"og:locale\" content=\"es_ES\" \/>\n<meta property=\"og:type\" content=\"article\" \/>\n<meta property=\"og:title\" content=\"Polic\u00edas recuperaron motocicletas robadas en Puerto Iguaz\u00fa | CVI NOTICIAS\" \/>\n<meta property=\"og:description\" content=\"Durante tareas desplegadas por el personal de la comisar\u00eda seccional 4ta URV en las \u00faltimas horas se recuperaron del delito dos motocicletas a partir de trabajos investigativos. Tras de la denuncia a una mujer de 32 a\u00f1os quien denunci\u00f3 la sustracci\u00f3n de su motocicleta marca Guerrero de 110 c.c. color rojo la cual dejo estacionado [&hellip;]\" \/>\n<meta property=\"og:url\" content=\"https:\/\/cvinoticias.com\/v3\/policias-recuperaron-motocicletas-robadas-en-puerto-iguazu\/\" \/>\n<meta property=\"og:site_name\" content=\"CVI NOTICIAS\" \/>\n<meta property=\"article:publisher\" content=\"https:\/\/www.facebook.com\/cvinoticias\" \/>\n<meta property=\"article:published_time\" content=\"2022-09-24T01:44:04+00:00\" \/>\n<meta property=\"og:image\" content=\"https:\/\/cvinoticias.com\/wp-content\/uploads\/2022\/09\/FB_IMG_1663983687407.jpg\" \/>\n\t<meta property=\"og:image:width\" content=\"720\" \/>\n\t<meta property=\"og:image:height\" content=\"960\" \/>\n\t<meta property=\"og:image:type\" content=\"image\/jpeg\" \/>\n<meta name=\"author\" content=\"f1000024\" \/>\n<meta name=\"twitter:card\" content=\"summary_large_image\" \/>\n<meta name=\"twitter:label1\" content=\"Escrito por\" \/>\n\t<meta name=\"twitter:data1\" content=\"f1000024\" \/>\n\t<meta name=\"twitter:label2\" content=\"Tiempo de lectura\" \/>\n\t<meta name=\"twitter:data2\" content=\"2 minutos\" \/>\n<script type=\"application\/ld+json\" class=\"yoast-schema-graph\">{\"@context\":\"https:\\\/\\\/schema.org\",\"@graph\":[{\"@type\":\"Article\",\"@id\":\"https:\\\/\\\/cvinoticias.com\\\/v3\\\/policias-recuperaron-motocicletas-robadas-en-puerto-iguazu\\\/#article\",\"isPartOf\":{\"@id\":\"https:\\\/\\\/cvinoticias.com\\\/v3\\\/policias-recuperaron-motocicletas-robadas-en-puerto-iguazu\\\/\"},\"author\":{\"name\":\"f1000024\",\"@id\":\"https:\\\/\\\/cvinoticias.com\\\/v3\\\/#\\\/schema\\\/person\\\/2db77e3c6bc03c538495d7b2b8be9b66\"},\"headline\":\"Polic\u00edas recuperaron motocicletas robadas en Puerto Iguaz\u00fa\",\"datePublished\":\"2022-09-24T01:44:04+00:00\",\"mainEntityOfPage\":{\"@id\":\"https:\\\/\\\/cvinoticias.com\\\/v3\\\/policias-recuperaron-motocicletas-robadas-en-puerto-iguazu\\\/\"},\"wordCount\":315,\"commentCount\":0,\"publisher\":{\"@id\":\"https:\\\/\\\/cvinoticias.com\\\/v3\\\/#organization\"},\"image\":{\"@id\":\"https:\\\/\\\/cvinoticias.com\\\/v3\\\/policias-recuperaron-motocicletas-robadas-en-puerto-iguazu\\\/#primaryimage\"},\"thumbnailUrl\":\"https:\\\/\\\/cvinoticias.com\\\/wp-content\\\/uploads\\\/2022\\\/09\\\/FB_IMG_1663983687407.jpg\",\"articleSection\":[\"Locales\",\"Policiales\"],\"inLanguage\":\"es\",\"potentialAction\":[{\"@type\":\"CommentAction\",\"name\":\"Comment\",\"target\":[\"https:\\\/\\\/cvinoticias.com\\\/v3\\\/policias-recuperaron-motocicletas-robadas-en-puerto-iguazu\\\/#respond\"]}]},{\"@type\":\"WebPage\",\"@id\":\"https:\\\/\\\/cvinoticias.com\\\/v3\\\/policias-recuperaron-motocicletas-robadas-en-puerto-iguazu\\\/\",\"url\":\"https:\\\/\\\/cvinoticias.com\\\/v3\\\/policias-recuperaron-motocicletas-robadas-en-puerto-iguazu\\\/\",\"name\":\"Polic\u00edas recuperaron motocicletas robadas en Puerto Iguaz\u00fa | CVI NOTICIAS\",\"isPartOf\":{\"@id\":\"https:\\\/\\\/cvinoticias.com\\\/v3\\\/#website\"},\"primaryImageOfPage\":{\"@id\":\"https:\\\/\\\/cvinoticias.com\\\/v3\\\/policias-recuperaron-motocicletas-robadas-en-puerto-iguazu\\\/#primaryimage\"},\"image\":{\"@id\":\"https:\\\/\\\/cvinoticias.com\\\/v3\\\/policias-recuperaron-motocicletas-robadas-en-puerto-iguazu\\\/#primaryimage\"},\"thumbnailUrl\":\"https:\\\/\\\/cvinoticias.com\\\/wp-content\\\/uploads\\\/2022\\\/09\\\/FB_IMG_1663983687407.jpg\",\"datePublished\":\"2022-09-24T01:44:04+00:00\",\"breadcrumb\":{\"@id\":\"https:\\\/\\\/cvinoticias.com\\\/v3\\\/policias-recuperaron-motocicletas-robadas-en-puerto-iguazu\\\/#breadcrumb\"},\"inLanguage\":\"es\",\"potentialAction\":[{\"@type\":\"ReadAction\",\"target\":[\"https:\\\/\\\/cvinoticias.com\\\/v3\\\/policias-recuperaron-motocicletas-robadas-en-puerto-iguazu\\\/\"]}]},{\"@type\":\"ImageObject\",\"inLanguage\":\"es\",\"@id\":\"https:\\\/\\\/cvinoticias.com\\\/v3\\\/policias-recuperaron-motocicletas-robadas-en-puerto-iguazu\\\/#primaryimage\",\"url\":\"https:\\\/\\\/cvinoticias.com\\\/wp-content\\\/uploads\\\/2022\\\/09\\\/FB_IMG_1663983687407.jpg\",\"contentUrl\":\"https:\\\/\\\/cvinoticias.com\\\/wp-content\\\/uploads\\\/2022\\\/09\\\/FB_IMG_1663983687407.jpg\",\"width\":720,\"height\":960},{\"@type\":\"BreadcrumbList\",\"@id\":\"https:\\\/\\\/cvinoticias.com\\\/v3\\\/policias-recuperaron-motocicletas-robadas-en-puerto-iguazu\\\/#breadcrumb\",\"itemListElement\":[{\"@type\":\"ListItem\",\"position\":1,\"name\":\"Portada\",\"item\":\"https:\\\/\\\/cvinoticias.com\\\/v3\\\/\"},{\"@type\":\"ListItem\",\"position\":2,\"name\":\"Polic\u00edas recuperaron motocicletas robadas en Puerto Iguaz\u00fa\"}]},{\"@type\":\"WebSite\",\"@id\":\"https:\\\/\\\/cvinoticias.com\\\/v3\\\/#website\",\"url\":\"https:\\\/\\\/cvinoticias.com\\\/v3\\\/\",\"name\":\"CVI NOTICIAS\",\"description\":\"\",\"publisher\":{\"@id\":\"https:\\\/\\\/cvinoticias.com\\\/v3\\\/#organization\"},\"alternateName\":\"CVI\",\"potentialAction\":[{\"@type\":\"SearchAction\",\"target\":{\"@type\":\"EntryPoint\",\"urlTemplate\":\"https:\\\/\\\/cvinoticias.com\\\/v3\\\/?s={search_term_string}\"},\"query-input\":{\"@type\":\"PropertyValueSpecification\",\"valueRequired\":true,\"valueName\":\"search_term_string\"}}],\"inLanguage\":\"es\"},{\"@type\":\"Organization\",\"@id\":\"https:\\\/\\\/cvinoticias.com\\\/v3\\\/#organization\",\"name\":\"CVI NOTICIAS\",\"url\":\"https:\\\/\\\/cvinoticias.com\\\/v3\\\/\",\"logo\":{\"@type\":\"ImageObject\",\"inLanguage\":\"es\",\"@id\":\"https:\\\/\\\/cvinoticias.com\\\/v3\\\/#\\\/schema\\\/logo\\\/image\\\/\",\"url\":\"https:\\\/\\\/cvinoticias.com\\\/wp-content\\\/uploads\\\/2023\\\/04\\\/cropped-cropped-cropped-cropped-cropped-3-1.png\",\"contentUrl\":\"https:\\\/\\\/cvinoticias.com\\\/wp-content\\\/uploads\\\/2023\\\/04\\\/cropped-cropped-cropped-cropped-cropped-3-1.png\",\"width\":95,\"height\":122,\"caption\":\"CVI NOTICIAS\"},\"image\":{\"@id\":\"https:\\\/\\\/cvinoticias.com\\\/v3\\\/#\\\/schema\\\/logo\\\/image\\\/\"},\"sameAs\":[\"https:\\\/\\\/www.facebook.com\\\/cvinoticias\",\"https:\\\/\\\/www.instagram.com\\\/cvinoticias\\\/\",\"https:\\\/\\\/www.youtube.com\\\/@CVINOTICIAS\"]},{\"@type\":\"Person\",\"@id\":\"https:\\\/\\\/cvinoticias.com\\\/v3\\\/#\\\/schema\\\/person\\\/2db77e3c6bc03c538495d7b2b8be9b66\",\"name\":\"f1000024\",\"image\":{\"@type\":\"ImageObject\",\"inLanguage\":\"es\",\"@id\":\"https:\\\/\\\/secure.gravatar.com\\\/avatar\\\/d4fe7459cfc51ff5129ce1a732bbef5928568b8092d412ef95611616376bbeed?s=96&d=mm&r=g\",\"url\":\"https:\\\/\\\/secure.gravatar.com\\\/avatar\\\/d4fe7459cfc51ff5129ce1a732bbef5928568b8092d412ef95611616376bbeed?s=96&d=mm&r=g\",\"contentUrl\":\"https:\\\/\\\/secure.gravatar.com\\\/avatar\\\/d4fe7459cfc51ff5129ce1a732bbef5928568b8092d412ef95611616376bbeed?s=96&d=mm&r=g\",\"caption\":\"f1000024\"},\"url\":\"https:\\\/\\\/cvinoticias.com\\\/v3\\\/author\\\/f1000024\\\/\"}]}<\/script>\n<!-- \/ Yoast SEO plugin. -->","yoast_head_json":{"title":"Polic\u00edas recuperaron motocicletas robadas en Puerto Iguaz\u00fa | CVI NOTICIAS","robots":{"index":"index","follow":"follow","max-snippet":"max-snippet:-1","max-image-preview":"max-image-preview:large","max-video-preview":"max-video-preview:-1"},"canonical":"https:\/\/cvinoticias.com\/v3\/policias-recuperaron-motocicletas-robadas-en-puerto-iguazu\/","og_locale":"es_ES","og_type":"article","og_title":"Polic\u00edas recuperaron motocicletas robadas en Puerto Iguaz\u00fa | CVI NOTICIAS","og_description":"Durante tareas desplegadas por el personal de la comisar\u00eda seccional 4ta URV en las \u00faltimas horas se recuperaron del delito dos motocicletas a partir de trabajos investigativos. Tras de la denuncia a una mujer de 32 a\u00f1os quien denunci\u00f3 la sustracci\u00f3n de su motocicleta marca Guerrero de 110 c.c. color rojo la cual dejo estacionado [&hellip;]","og_url":"https:\/\/cvinoticias.com\/v3\/policias-recuperaron-motocicletas-robadas-en-puerto-iguazu\/","og_site_name":"CVI NOTICIAS","article_publisher":"https:\/\/www.facebook.com\/cvinoticias","article_published_time":"2022-09-24T01:44:04+00:00","og_image":[{"width":720,"height":960,"url":"https:\/\/cvinoticias.com\/wp-content\/uploads\/2022\/09\/FB_IMG_1663983687407.jpg","type":"image\/jpeg"}],"author":"f1000024","twitter_card":"summary_large_image","twitter_misc":{"Escrito por":"f1000024","Tiempo de lectura":"2 minutos"},"schema":{"@context":"https:\/\/schema.org","@graph":[{"@type":"Article","@id":"https:\/\/cvinoticias.com\/v3\/policias-recuperaron-motocicletas-robadas-en-puerto-iguazu\/#article","isPartOf":{"@id":"https:\/\/cvinoticias.com\/v3\/policias-recuperaron-motocicletas-robadas-en-puerto-iguazu\/"},"author":{"name":"f1000024","@id":"https:\/\/cvinoticias.com\/v3\/#\/schema\/person\/2db77e3c6bc03c538495d7b2b8be9b66"},"headline":"Polic\u00edas recuperaron motocicletas robadas en Puerto Iguaz\u00fa","datePublished":"2022-09-24T01:44:04+00:00","mainEntityOfPage":{"@id":"https:\/\/cvinoticias.com\/v3\/policias-recuperaron-motocicletas-robadas-en-puerto-iguazu\/"},"wordCount":315,"commentCount":0,"publisher":{"@id":"https:\/\/cvinoticias.com\/v3\/#organization"},"image":{"@id":"https:\/\/cvinoticias.com\/v3\/policias-recuperaron-motocicletas-robadas-en-puerto-iguazu\/#primaryimage"},"thumbnailUrl":"https:\/\/cvinoticias.com\/wp-content\/uploads\/2022\/09\/FB_IMG_1663983687407.jpg","articleSection":["Locales","Policiales"],"inLanguage":"es","potentialAction":[{"@type":"CommentAction","name":"Comment","target":["https:\/\/cvinoticias.com\/v3\/policias-recuperaron-motocicletas-robadas-en-puerto-iguazu\/#respond"]}]},{"@type":"WebPage","@id":"https:\/\/cvinoticias.com\/v3\/policias-recuperaron-motocicletas-robadas-en-puerto-iguazu\/","url":"https:\/\/cvinoticias.com\/v3\/policias-recuperaron-motocicletas-robadas-en-puerto-iguazu\/","name":"Polic\u00edas recuperaron motocicletas robadas en Puerto Iguaz\u00fa | CVI NOTICIAS","isPartOf":{"@id":"https:\/\/cvinoticias.com\/v3\/#website"},"primaryImageOfPage":{"@id":"https:\/\/cvinoticias.com\/v3\/policias-recuperaron-motocicletas-robadas-en-puerto-iguazu\/#primaryimage"},"image":{"@id":"https:\/\/cvinoticias.com\/v3\/policias-recuperaron-motocicletas-robadas-en-puerto-iguazu\/#primaryimage"},"thumbnailUrl":"https:\/\/cvinoticias.com\/wp-content\/uploads\/2022\/09\/FB_IMG_1663983687407.jpg","datePublished":"2022-09-24T01:44:04+00:00","breadcrumb":{"@id":"https:\/\/cvinoticias.com\/v3\/policias-recuperaron-motocicletas-robadas-en-puerto-iguazu\/#breadcrumb"},"inLanguage":"es","potentialAction":[{"@type":"ReadAction","target":["https:\/\/cvinoticias.com\/v3\/policias-recuperaron-motocicletas-robadas-en-puerto-iguazu\/"]}]},{"@type":"ImageObject","inLanguage":"es","@id":"https:\/\/cvinoticias.com\/v3\/policias-recuperaron-motocicletas-robadas-en-puerto-iguazu\/#primaryimage","url":"https:\/\/cvinoticias.com\/wp-content\/uploads\/2022\/09\/FB_IMG_1663983687407.jpg","contentUrl":"https:\/\/cvinoticias.com\/wp-content\/uploads\/2022\/09\/FB_IMG_1663983687407.jpg","width":720,"height":960},{"@type":"BreadcrumbList","@id":"https:\/\/cvinoticias.com\/v3\/policias-recuperaron-motocicletas-robadas-en-puerto-iguazu\/#breadcrumb","itemListElement":[{"@type":"ListItem","position":1,"name":"Portada","item":"https:\/\/cvinoticias.com\/v3\/"},{"@type":"ListItem","position":2,"name":"Polic\u00edas recuperaron motocicletas robadas en Puerto Iguaz\u00fa"}]},{"@type":"WebSite","@id":"https:\/\/cvinoticias.com\/v3\/#website","url":"https:\/\/cvinoticias.com\/v3\/","name":"CVI NOTICIAS","description":"","publisher":{"@id":"https:\/\/cvinoticias.com\/v3\/#organization"},"alternateName":"CVI","potentialAction":[{"@type":"SearchAction","target":{"@type":"EntryPoint","urlTemplate":"https:\/\/cvinoticias.com\/v3\/?s={search_term_string}"},"query-input":{"@type":"PropertyValueSpecification","valueRequired":true,"valueName":"search_term_string"}}],"inLanguage":"es"},{"@type":"Organization","@id":"https:\/\/cvinoticias.com\/v3\/#organization","name":"CVI NOTICIAS","url":"https:\/\/cvinoticias.com\/v3\/","logo":{"@type":"ImageObject","inLanguage":"es","@id":"https:\/\/cvinoticias.com\/v3\/#\/schema\/logo\/image\/","url":"https:\/\/cvinoticias.com\/wp-content\/uploads\/2023\/04\/cropped-cropped-cropped-cropped-cropped-3-1.png","contentUrl":"https:\/\/cvinoticias.com\/wp-content\/uploads\/2023\/04\/cropped-cropped-cropped-cropped-cropped-3-1.png","width":95,"height":122,"caption":"CVI NOTICIAS"},"image":{"@id":"https:\/\/cvinoticias.com\/v3\/#\/schema\/logo\/image\/"},"sameAs":["https:\/\/www.facebook.com\/cvinoticias","https:\/\/www.instagram.com\/cvinoticias\/","https:\/\/www.youtube.com\/@CVINOTICIAS"]},{"@type":"Person","@id":"https:\/\/cvinoticias.com\/v3\/#\/schema\/person\/2db77e3c6bc03c538495d7b2b8be9b66","name":"f1000024","image":{"@type":"ImageObject","inLanguage":"es","@id":"https:\/\/secure.gravatar.com\/avatar\/d4fe7459cfc51ff5129ce1a732bbef5928568b8092d412ef95611616376bbeed?s=96&d=mm&r=g","url":"https:\/\/secure.gravatar.com\/avatar\/d4fe7459cfc51ff5129ce1a732bbef5928568b8092d412ef95611616376bbeed?s=96&d=mm&r=g","contentUrl":"https:\/\/secure.gravatar.com\/avatar\/d4fe7459cfc51ff5129ce1a732bbef5928568b8092d412ef95611616376bbeed?s=96&d=mm&r=g","caption":"f1000024"},"url":"https:\/\/cvinoticias.com\/v3\/author\/f1000024\/"}]}},"_links":{"self":[{"href":"https:\/\/cvinoticias.com\/v3\/wp-json\/wp\/v2\/posts\/19455","targetHints":{"allow":["GET"]}}],"collection":[{"href":"https:\/\/cvinoticias.com\/v3\/wp-json\/wp\/v2\/posts"}],"about":[{"href":"https:\/\/cvinoticias.com\/v3\/wp-json\/wp\/v2\/types\/post"}],"author":[{"embeddable":true,"href":"https:\/\/cvinoticias.com\/v3\/wp-json\/wp\/v2\/users\/2"}],"replies":[{"embeddable":true,"href":"https:\/\/cvinoticias.com\/v3\/wp-json\/wp\/v2\/comments?post=19455"}],"version-history":[{"count":1,"href":"https:\/\/cvinoticias.com\/v3\/wp-json\/wp\/v2\/posts\/19455\/revisions"}],"predecessor-version":[{"id":19457,"href":"https:\/\/cvinoticias.com\/v3\/wp-json\/wp\/v2\/posts\/19455\/revisions\/19457"}],"wp:featuredmedia":[{"embeddable":true,"href":"https:\/\/cvinoticias.com\/v3\/wp-json\/wp\/v2\/media\/19456"}],"wp:attachment":[{"href":"https:\/\/cvinoticias.com\/v3\/wp-json\/wp\/v2\/media?parent=19455"}],"wp:term":[{"taxonomy":"category","embeddable":true,"href":"https:\/\/cvinoticias.com\/v3\/wp-json\/wp\/v2\/categories?post=19455"},{"taxonomy":"post_tag","embeddable":true,"href":"https:\/\/cvinoticias.com\/v3\/wp-json\/wp\/v2\/tags?post=19455"}],"curies":[{"name":"wp","href":"https:\/\/api.w.org\/{rel}","templated":true}]}}