{"id":19450,"date":"2022-09-23T21:07:52","date_gmt":"2022-09-23T21:07:52","guid":{"rendered":"https:\/\/cvinoticias.com\/v3\/?p=19450"},"modified":"2022-09-23T21:07:52","modified_gmt":"2022-09-23T21:07:52","slug":"presentaron-el-c-r2-el-vehiculo-biplaza-electrico-urbano-producido-en-misiones","status":"publish","type":"post","link":"https:\/\/cvinoticias.com\/v3\/presentaron-el-c-r2-el-vehiculo-biplaza-electrico-urbano-producido-en-misiones\/","title":{"rendered":"Presentaron el C-R2, el veh\u00edculo biplaza el\u00e9ctrico urbano producido en Misiones"},"content":{"rendered":"\n<p><strong><em>El Gobernador Oscar Herrera Ahuad, junto al vicegobernador Carlos Arce, ministros, diputados y otras autoridades, acompa\u00f1\u00f3 la presentaci\u00f3n de C-R2, el veh\u00edculo biplaza el\u00e9ctrico urbano dise\u00f1ado y producido \u00edntegramente en Misiones. Se trata de un medio de movilidad alternativa, sencillo de conducir, con bajo costo de mantenimiento y garant\u00eda de m\u00e1xima seguridad.<\/em><\/strong><\/p>\n\n\n\n<p>Esta ma\u00f1ana, en la plazoleta del monumento de Juan Pablo II de la Costanera, se present\u00f3 oficialmente el veh\u00edculo C-R2, un biplaza el\u00e9ctrico urbano que por sus prestaciones y dimensiones se convierte en una opci\u00f3n muy pr\u00e1ctica y sustentable para el tr\u00e1nsito en la ciudad y puede estacionarse con mucha facilidad.<\/p>\n\n\n\n<p>En la ocasi\u00f3n, las autoridades tambi\u00e9n entregaron reconocimientos al equipo t\u00e9cnico encargado del dise\u00f1o de esta unida modelo de avanzada. El gobernador Oscar Herrera Ahuad acompa\u00f1\u00f3 la presentaci\u00f3n de la unidad que se constituye como un antecedente para su fabricaci\u00f3n en serie de manera industrial.<\/p>\n\n\n\n<p>Resalt\u00f3 la val\u00eda del desarrollo e innovaci\u00f3n de los j\u00f3venes misioneros involucrados en las \u00e1reas t\u00e9cnicas y de ingenier\u00eda de la provincia. Sobre todo, la puesta en valor de la industria misionera, con un producto con casi todos sus componentes hechos en Misiones.<\/p>\n\n\n\n<figure class=\"wp-block-image size-full\"><a href=\"https:\/\/cvinoticias.com\/wp-content\/uploads\/2022\/09\/FB_IMG_1663957314530.jpg\"><img decoding=\"async\" width=\"1024\" height=\"683\" data-src=\"https:\/\/cvinoticias.com\/wp-content\/uploads\/2022\/09\/FB_IMG_1663957314530.jpg\" alt=\"\" class=\"wp-image-19451 lazyload\" data-srcset=\"https:\/\/cvinoticias.com\/wp-content\/uploads\/2022\/09\/FB_IMG_1663957314530.jpg 1024w, https:\/\/cvinoticias.com\/wp-content\/uploads\/2022\/09\/FB_IMG_1663957314530-300x200.jpg 300w, https:\/\/cvinoticias.com\/wp-content\/uploads\/2022\/09\/FB_IMG_1663957314530-768x512.jpg 768w\" data-sizes=\"(max-width: 1024px) 100vw, 1024px\" src=\"data:image\/svg+xml;base64,PHN2ZyB3aWR0aD0iMSIgaGVpZ2h0PSIxIiB4bWxucz0iaHR0cDovL3d3dy53My5vcmcvMjAwMC9zdmciPjwvc3ZnPg==\" style=\"--smush-placeholder-width: 1024px; --smush-placeholder-aspect-ratio: 1024\/683;\" \/><\/a><\/figure>\n\n\n\n<p>Precisamente, remarc\u00f3 la puesta en funcionamiento de una prueba piloto del primer veh\u00edculo el\u00e9ctrico generado y producido en la provincia, \u201ces algo simb\u00f3lico, muy importante. Yo creo que m\u00e1s all\u00e1 de lo material, la filosof\u00eda, la visi\u00f3n para la incorporaci\u00f3n de la tecnolog\u00eda y los j\u00f3venes es lo m\u00e1s importante, en especial, en su aspecto creativo, pero a su vez en su formaci\u00f3n\u00bb.<\/p>\n\n\n\n<p>Detr\u00e1s de esto hay j\u00f3venes misioneros formados en nuestra provincia, dijo el Gobernador, \u201cy que ponen en pr\u00e1ctica su formaci\u00f3n en escuelas t\u00e9cnicas o en claustros universitarios y hoy la pueden manifestar en algo muy creativo\u00bb, agreg\u00f3. Mencion\u00f3 que la unidad demuestra el potencial de la industria automotriz en Misiones. Destac\u00f3 el sello en el despegue que tienen los j\u00f3venes ingenieros formados en nuestra provincia que dan \u00abla posibilidad a los misioneros de saber que lo podemos hacer ac\u00e1\u00bb.<\/p>\n\n\n\n<p>Respecto al precio en la futura comercializaci\u00f3n del modelo, pidi\u00f3 cautela, ya que hay que \u00abesperar la homologaci\u00f3n por parte del Instituto Nacional de Tecnolog\u00eda Industrial (INTI) que es la instituci\u00f3n que ha dado los par\u00e1metros para la construcci\u00f3n de este veh\u00edculo\u00bb. Se\u00f1al\u00f3 que el paso siguiente ser\u00eda asumir \u00abel desaf\u00edo de poner una l\u00ednea de producci\u00f3n en escala para que estos veh\u00edculos puedan ser comercializados\u00bb.<\/p>\n\n\n\n<p>El ministro de Educaci\u00f3n, Miguel Sedoff habl\u00f3 de \u201cun d\u00eda hist\u00f3rico\u201d, porque demuestra la preocupaci\u00f3n de la provincia en el cuidado del ambiente. \u00abEstamos generando desde la educaci\u00f3n, la pol\u00edtica y la salud un compromiso ambiental constante\u00bb, declar\u00f3. Expres\u00f3 que la unidad presentada \u00bb la culminaci\u00f3n de un ciclo virtuoso entre educaci\u00f3n, tecnolog\u00eda, decisi\u00f3n pol\u00edtica y ciencia\u00bb. Por \u00faltimo, reiter\u00f3 que la f\u00e1brica Hamelbot y FanIOT son \u00abun consorcio p\u00fablico privado con mayor\u00eda estatal, es decir, son del Estado de la provincia, es un activo provincial que le pertenece a todos los misioneros\u00bb.<\/p>\n\n\n\n<p>Mientras, el director ejecutivo de FanIOT, Martin Bueno, detall\u00f3 los aspectos t\u00e9cnicos del autom\u00f3vil y reconoci\u00f3 que \u00abhoy presentamos las capacidades de la empresa y de Misiones de estar en el sistema de movilidad el\u00e9ctrica. Nos convertimos en la cuarta provincia argentina en generar esta tecnolog\u00eda\u00bb. Aclar\u00f3 que es algo hecho en un tiempo r\u00e9cord de un a\u00f1o y medio. \u00abEs un hito muy importante, ya que intervinieron m\u00e1s de siete campos de la tecnolog\u00eda diferentes, como software, ingenier\u00eda, dise\u00f1o gr\u00e1fico, dise\u00f1o industrial, ingenier\u00eda mec\u00e1nica, entre otros\u00bb, destac\u00f3.<\/p>\n\n\n\n<p>Entre los asistentes al evento estuvieron, el vicegobernador, Carlos Arce; el intendente de Posadas, Leonardo Stelatto, la ministra de Trabajo, Silvana Gim\u00e9nez, la ministra de Salud, Oscar Alarc\u00f3n; el ministro de Turismo, Jos\u00e9 Mar\u00eda Arr\u00faa; el presidente del CGE, Alberto Galarza, los diputados provinciales, Hugo Passalacqua, Rolando Roa y Mario Vialey, el presidente de la Confederaci\u00f3n Econ\u00f3mica de Misiones, Alejandro Haene y titular de la Agencia de Innovaci\u00f3n, Nicol\u00e1s Davi\u00f1a.<\/p>\n\n\n\n<p class=\"has-small-font-size\"><\/p>\n\n\n\n<figure class=\"wp-block-image size-full\"><a href=\"https:\/\/cvinoticias.com\/wp-content\/uploads\/2022\/09\/FB_IMG_1663957317026.jpg\"><img decoding=\"async\" width=\"1024\" height=\"683\" data-src=\"https:\/\/cvinoticias.com\/wp-content\/uploads\/2022\/09\/FB_IMG_1663957317026.jpg\" alt=\"\" class=\"wp-image-19452 lazyload\" data-srcset=\"https:\/\/cvinoticias.com\/wp-content\/uploads\/2022\/09\/FB_IMG_1663957317026.jpg 1024w, https:\/\/cvinoticias.com\/wp-content\/uploads\/2022\/09\/FB_IMG_1663957317026-300x200.jpg 300w, https:\/\/cvinoticias.com\/wp-content\/uploads\/2022\/09\/FB_IMG_1663957317026-768x512.jpg 768w\" data-sizes=\"(max-width: 1024px) 100vw, 1024px\" src=\"data:image\/svg+xml;base64,PHN2ZyB3aWR0aD0iMSIgaGVpZ2h0PSIxIiB4bWxucz0iaHR0cDovL3d3dy53My5vcmcvMjAwMC9zdmciPjwvc3ZnPg==\" style=\"--smush-placeholder-width: 1024px; --smush-placeholder-aspect-ratio: 1024\/683;\" \/><\/a><\/figure>\n\n\n\n<p><strong>UN MODELO DE AVANZADA HECHO \u00cdNTEGRAMENTE EN MISIONES<\/strong><\/p>\n\n\n\n<p>Hamelbot present\u00f3 el C-R2 un auto urbano el\u00e9ctrico biplaza desarrollado enteramente en Misiones. La unidad nace de un nuevo concepto en movilidad alternativa, sencillo de conducir, con bajo costo de mantenimiento y garant\u00eda de m\u00e1xima seguridad. Combina tecnolog\u00eda de avanzada con materiales \u00f3ptimos para su desarrollo.<\/p>\n\n\n\n<p>El veh\u00edculo es sustentable, ya que produce cero contaminaci\u00f3n ac\u00fastica y ambiental.<br>El C-R2 est\u00e1 construido de fibra de vidrio, lo que le confiere bajo peso que permite aumentar la autonom\u00eda y cuidar los caminos. La unidad tiene la capacidad de transportar a dos personas y un espacio portaequipaje. Puede ser utilizado para el traslado de personas, turismo, patrullaje, etc. Adem\u00e1s, su motor el\u00e9ctrico no requiere mantenimiento.<\/p>\n\n\n\n<p>Las dimensiones del Biplaza C-R2 lo convierten en una opci\u00f3n muy pr\u00e1ctica y sustentable para el tr\u00e1nsito en la ciudad y puede aparcarse con mucha facilidad. Tiene una autonom\u00eda de 100 km. Un tiempo de carga a 220V en 6 horas. Cuenta con motor Brushless de 1.5kW y bater\u00edas ion litio 60V. Inclusive, posee un freno regenerativo y se carga directa mediante tomacorriente dom\u00e9stica o Estaciones de Carga propias para veh\u00edculos el\u00e9ctricos Hamelbot.<\/p>\n\n\n\n<p>Vale aclarar, que el modelo presentado en el d\u00eda de la fecha es un auto no seriado, es decir, una unidad no comercial, que constituye el resultado de I+D de m\u00e1s de un a\u00f1o y medio, el cual es el antecedente para su fabricaci\u00f3n en serie de manera industrial.<\/p>\n","protected":false},"excerpt":{"rendered":"<p>El Gobernador Oscar Herrera Ahuad, junto al vicegobernador Carlos Arce, ministros, diputados y otras autoridades, acompa\u00f1\u00f3 la presentaci\u00f3n de C-R2, el veh\u00edculo biplaza el\u00e9ctrico urbano dise\u00f1ado y producido \u00edntegramente en Misiones. Se trata de un medio de movilidad alternativa, sencillo de conducir, con bajo costo de mantenimiento y garant\u00eda de m\u00e1xima seguridad. Esta ma\u00f1ana, en [&hellip;]<\/p>\n","protected":false},"author":2,"featured_media":19453,"comment_status":"open","ping_status":"open","sticky":false,"template":"","format":"standard","meta":{"footnotes":""},"categories":[43],"tags":[],"class_list":["post-19450","post","type-post","status-publish","format-standard","has-post-thumbnail","hentry","category-provinciales"],"yoast_head":"<!-- This site is optimized with the Yoast SEO plugin v27.5 - https:\/\/yoast.com\/product\/yoast-seo-wordpress\/ -->\n<title>Presentaron el C-R2, el veh\u00edculo biplaza el\u00e9ctrico urbano producido en Misiones | CVI NOTICIAS<\/title>\n<meta name=\"robots\" content=\"index, follow, max-snippet:-1, max-image-preview:large, max-video-preview:-1\" \/>\n<link rel=\"canonical\" href=\"https:\/\/cvinoticias.com\/v3\/presentaron-el-c-r2-el-vehiculo-biplaza-electrico-urbano-producido-en-misiones\/\" \/>\n<meta property=\"og:locale\" content=\"es_ES\" \/>\n<meta property=\"og:type\" content=\"article\" \/>\n<meta property=\"og:title\" content=\"Presentaron el C-R2, el veh\u00edculo biplaza el\u00e9ctrico urbano producido en Misiones | CVI NOTICIAS\" \/>\n<meta property=\"og:description\" content=\"El Gobernador Oscar Herrera Ahuad, junto al vicegobernador Carlos Arce, ministros, diputados y otras autoridades, acompa\u00f1\u00f3 la presentaci\u00f3n de C-R2, el veh\u00edculo biplaza el\u00e9ctrico urbano dise\u00f1ado y producido \u00edntegramente en Misiones. Se trata de un medio de movilidad alternativa, sencillo de conducir, con bajo costo de mantenimiento y garant\u00eda de m\u00e1xima seguridad. Esta ma\u00f1ana, en [&hellip;]\" \/>\n<meta property=\"og:url\" content=\"https:\/\/cvinoticias.com\/v3\/presentaron-el-c-r2-el-vehiculo-biplaza-electrico-urbano-producido-en-misiones\/\" \/>\n<meta property=\"og:site_name\" content=\"CVI NOTICIAS\" \/>\n<meta property=\"article:publisher\" content=\"https:\/\/www.facebook.com\/cvinoticias\" \/>\n<meta property=\"article:published_time\" content=\"2022-09-23T21:07:52+00:00\" \/>\n<meta property=\"og:image\" content=\"https:\/\/cvinoticias.com\/wp-content\/uploads\/2022\/09\/FB_IMG_1663957319329.jpg\" \/>\n\t<meta property=\"og:image:width\" content=\"1024\" \/>\n\t<meta property=\"og:image:height\" content=\"683\" \/>\n\t<meta property=\"og:image:type\" content=\"image\/jpeg\" \/>\n<meta name=\"author\" content=\"f1000024\" \/>\n<meta name=\"twitter:card\" content=\"summary_large_image\" \/>\n<meta name=\"twitter:label1\" content=\"Escrito por\" \/>\n\t<meta name=\"twitter:data1\" content=\"f1000024\" \/>\n\t<meta name=\"twitter:label2\" content=\"Tiempo de lectura\" \/>\n\t<meta name=\"twitter:data2\" content=\"5 minutos\" \/>\n<script type=\"application\/ld+json\" class=\"yoast-schema-graph\">{\"@context\":\"https:\\\/\\\/schema.org\",\"@graph\":[{\"@type\":\"Article\",\"@id\":\"https:\\\/\\\/cvinoticias.com\\\/v3\\\/presentaron-el-c-r2-el-vehiculo-biplaza-electrico-urbano-producido-en-misiones\\\/#article\",\"isPartOf\":{\"@id\":\"https:\\\/\\\/cvinoticias.com\\\/v3\\\/presentaron-el-c-r2-el-vehiculo-biplaza-electrico-urbano-producido-en-misiones\\\/\"},\"author\":{\"name\":\"f1000024\",\"@id\":\"https:\\\/\\\/cvinoticias.com\\\/v3\\\/#\\\/schema\\\/person\\\/2db77e3c6bc03c538495d7b2b8be9b66\"},\"headline\":\"Presentaron el C-R2, el veh\u00edculo biplaza el\u00e9ctrico urbano producido en Misiones\",\"datePublished\":\"2022-09-23T21:07:52+00:00\",\"mainEntityOfPage\":{\"@id\":\"https:\\\/\\\/cvinoticias.com\\\/v3\\\/presentaron-el-c-r2-el-vehiculo-biplaza-electrico-urbano-producido-en-misiones\\\/\"},\"wordCount\":1016,\"commentCount\":0,\"publisher\":{\"@id\":\"https:\\\/\\\/cvinoticias.com\\\/v3\\\/#organization\"},\"image\":{\"@id\":\"https:\\\/\\\/cvinoticias.com\\\/v3\\\/presentaron-el-c-r2-el-vehiculo-biplaza-electrico-urbano-producido-en-misiones\\\/#primaryimage\"},\"thumbnailUrl\":\"https:\\\/\\\/cvinoticias.com\\\/wp-content\\\/uploads\\\/2022\\\/09\\\/FB_IMG_1663957319329.jpg\",\"articleSection\":[\"Provinciales\"],\"inLanguage\":\"es\",\"potentialAction\":[{\"@type\":\"CommentAction\",\"name\":\"Comment\",\"target\":[\"https:\\\/\\\/cvinoticias.com\\\/v3\\\/presentaron-el-c-r2-el-vehiculo-biplaza-electrico-urbano-producido-en-misiones\\\/#respond\"]}]},{\"@type\":\"WebPage\",\"@id\":\"https:\\\/\\\/cvinoticias.com\\\/v3\\\/presentaron-el-c-r2-el-vehiculo-biplaza-electrico-urbano-producido-en-misiones\\\/\",\"url\":\"https:\\\/\\\/cvinoticias.com\\\/v3\\\/presentaron-el-c-r2-el-vehiculo-biplaza-electrico-urbano-producido-en-misiones\\\/\",\"name\":\"Presentaron el C-R2, el veh\u00edculo biplaza el\u00e9ctrico urbano producido en Misiones | CVI NOTICIAS\",\"isPartOf\":{\"@id\":\"https:\\\/\\\/cvinoticias.com\\\/v3\\\/#website\"},\"primaryImageOfPage\":{\"@id\":\"https:\\\/\\\/cvinoticias.com\\\/v3\\\/presentaron-el-c-r2-el-vehiculo-biplaza-electrico-urbano-producido-en-misiones\\\/#primaryimage\"},\"image\":{\"@id\":\"https:\\\/\\\/cvinoticias.com\\\/v3\\\/presentaron-el-c-r2-el-vehiculo-biplaza-electrico-urbano-producido-en-misiones\\\/#primaryimage\"},\"thumbnailUrl\":\"https:\\\/\\\/cvinoticias.com\\\/wp-content\\\/uploads\\\/2022\\\/09\\\/FB_IMG_1663957319329.jpg\",\"datePublished\":\"2022-09-23T21:07:52+00:00\",\"breadcrumb\":{\"@id\":\"https:\\\/\\\/cvinoticias.com\\\/v3\\\/presentaron-el-c-r2-el-vehiculo-biplaza-electrico-urbano-producido-en-misiones\\\/#breadcrumb\"},\"inLanguage\":\"es\",\"potentialAction\":[{\"@type\":\"ReadAction\",\"target\":[\"https:\\\/\\\/cvinoticias.com\\\/v3\\\/presentaron-el-c-r2-el-vehiculo-biplaza-electrico-urbano-producido-en-misiones\\\/\"]}]},{\"@type\":\"ImageObject\",\"inLanguage\":\"es\",\"@id\":\"https:\\\/\\\/cvinoticias.com\\\/v3\\\/presentaron-el-c-r2-el-vehiculo-biplaza-electrico-urbano-producido-en-misiones\\\/#primaryimage\",\"url\":\"https:\\\/\\\/cvinoticias.com\\\/wp-content\\\/uploads\\\/2022\\\/09\\\/FB_IMG_1663957319329.jpg\",\"contentUrl\":\"https:\\\/\\\/cvinoticias.com\\\/wp-content\\\/uploads\\\/2022\\\/09\\\/FB_IMG_1663957319329.jpg\",\"width\":1024,\"height\":683},{\"@type\":\"BreadcrumbList\",\"@id\":\"https:\\\/\\\/cvinoticias.com\\\/v3\\\/presentaron-el-c-r2-el-vehiculo-biplaza-electrico-urbano-producido-en-misiones\\\/#breadcrumb\",\"itemListElement\":[{\"@type\":\"ListItem\",\"position\":1,\"name\":\"Portada\",\"item\":\"https:\\\/\\\/cvinoticias.com\\\/v3\\\/\"},{\"@type\":\"ListItem\",\"position\":2,\"name\":\"Presentaron el C-R2, el veh\u00edculo biplaza el\u00e9ctrico urbano producido en Misiones\"}]},{\"@type\":\"WebSite\",\"@id\":\"https:\\\/\\\/cvinoticias.com\\\/v3\\\/#website\",\"url\":\"https:\\\/\\\/cvinoticias.com\\\/v3\\\/\",\"name\":\"CVI NOTICIAS\",\"description\":\"\",\"publisher\":{\"@id\":\"https:\\\/\\\/cvinoticias.com\\\/v3\\\/#organization\"},\"alternateName\":\"CVI\",\"potentialAction\":[{\"@type\":\"SearchAction\",\"target\":{\"@type\":\"EntryPoint\",\"urlTemplate\":\"https:\\\/\\\/cvinoticias.com\\\/v3\\\/?s={search_term_string}\"},\"query-input\":{\"@type\":\"PropertyValueSpecification\",\"valueRequired\":true,\"valueName\":\"search_term_string\"}}],\"inLanguage\":\"es\"},{\"@type\":\"Organization\",\"@id\":\"https:\\\/\\\/cvinoticias.com\\\/v3\\\/#organization\",\"name\":\"CVI NOTICIAS\",\"url\":\"https:\\\/\\\/cvinoticias.com\\\/v3\\\/\",\"logo\":{\"@type\":\"ImageObject\",\"inLanguage\":\"es\",\"@id\":\"https:\\\/\\\/cvinoticias.com\\\/v3\\\/#\\\/schema\\\/logo\\\/image\\\/\",\"url\":\"https:\\\/\\\/cvinoticias.com\\\/wp-content\\\/uploads\\\/2023\\\/04\\\/cropped-cropped-cropped-cropped-cropped-3-1.png\",\"contentUrl\":\"https:\\\/\\\/cvinoticias.com\\\/wp-content\\\/uploads\\\/2023\\\/04\\\/cropped-cropped-cropped-cropped-cropped-3-1.png\",\"width\":95,\"height\":122,\"caption\":\"CVI NOTICIAS\"},\"image\":{\"@id\":\"https:\\\/\\\/cvinoticias.com\\\/v3\\\/#\\\/schema\\\/logo\\\/image\\\/\"},\"sameAs\":[\"https:\\\/\\\/www.facebook.com\\\/cvinoticias\",\"https:\\\/\\\/www.instagram.com\\\/cvinoticias\\\/\",\"https:\\\/\\\/www.youtube.com\\\/@CVINOTICIAS\"]},{\"@type\":\"Person\",\"@id\":\"https:\\\/\\\/cvinoticias.com\\\/v3\\\/#\\\/schema\\\/person\\\/2db77e3c6bc03c538495d7b2b8be9b66\",\"name\":\"f1000024\",\"image\":{\"@type\":\"ImageObject\",\"inLanguage\":\"es\",\"@id\":\"https:\\\/\\\/secure.gravatar.com\\\/avatar\\\/d4fe7459cfc51ff5129ce1a732bbef5928568b8092d412ef95611616376bbeed?s=96&d=mm&r=g\",\"url\":\"https:\\\/\\\/secure.gravatar.com\\\/avatar\\\/d4fe7459cfc51ff5129ce1a732bbef5928568b8092d412ef95611616376bbeed?s=96&d=mm&r=g\",\"contentUrl\":\"https:\\\/\\\/secure.gravatar.com\\\/avatar\\\/d4fe7459cfc51ff5129ce1a732bbef5928568b8092d412ef95611616376bbeed?s=96&d=mm&r=g\",\"caption\":\"f1000024\"},\"url\":\"https:\\\/\\\/cvinoticias.com\\\/v3\\\/author\\\/f1000024\\\/\"}]}<\/script>\n<!-- \/ Yoast SEO plugin. -->","yoast_head_json":{"title":"Presentaron el C-R2, el veh\u00edculo biplaza el\u00e9ctrico urbano producido en Misiones | CVI NOTICIAS","robots":{"index":"index","follow":"follow","max-snippet":"max-snippet:-1","max-image-preview":"max-image-preview:large","max-video-preview":"max-video-preview:-1"},"canonical":"https:\/\/cvinoticias.com\/v3\/presentaron-el-c-r2-el-vehiculo-biplaza-electrico-urbano-producido-en-misiones\/","og_locale":"es_ES","og_type":"article","og_title":"Presentaron el C-R2, el veh\u00edculo biplaza el\u00e9ctrico urbano producido en Misiones | CVI NOTICIAS","og_description":"El Gobernador Oscar Herrera Ahuad, junto al vicegobernador Carlos Arce, ministros, diputados y otras autoridades, acompa\u00f1\u00f3 la presentaci\u00f3n de C-R2, el veh\u00edculo biplaza el\u00e9ctrico urbano dise\u00f1ado y producido \u00edntegramente en Misiones. Se trata de un medio de movilidad alternativa, sencillo de conducir, con bajo costo de mantenimiento y garant\u00eda de m\u00e1xima seguridad. Esta ma\u00f1ana, en [&hellip;]","og_url":"https:\/\/cvinoticias.com\/v3\/presentaron-el-c-r2-el-vehiculo-biplaza-electrico-urbano-producido-en-misiones\/","og_site_name":"CVI NOTICIAS","article_publisher":"https:\/\/www.facebook.com\/cvinoticias","article_published_time":"2022-09-23T21:07:52+00:00","og_image":[{"width":1024,"height":683,"url":"https:\/\/cvinoticias.com\/wp-content\/uploads\/2022\/09\/FB_IMG_1663957319329.jpg","type":"image\/jpeg"}],"author":"f1000024","twitter_card":"summary_large_image","twitter_misc":{"Escrito por":"f1000024","Tiempo de lectura":"5 minutos"},"schema":{"@context":"https:\/\/schema.org","@graph":[{"@type":"Article","@id":"https:\/\/cvinoticias.com\/v3\/presentaron-el-c-r2-el-vehiculo-biplaza-electrico-urbano-producido-en-misiones\/#article","isPartOf":{"@id":"https:\/\/cvinoticias.com\/v3\/presentaron-el-c-r2-el-vehiculo-biplaza-electrico-urbano-producido-en-misiones\/"},"author":{"name":"f1000024","@id":"https:\/\/cvinoticias.com\/v3\/#\/schema\/person\/2db77e3c6bc03c538495d7b2b8be9b66"},"headline":"Presentaron el C-R2, el veh\u00edculo biplaza el\u00e9ctrico urbano producido en Misiones","datePublished":"2022-09-23T21:07:52+00:00","mainEntityOfPage":{"@id":"https:\/\/cvinoticias.com\/v3\/presentaron-el-c-r2-el-vehiculo-biplaza-electrico-urbano-producido-en-misiones\/"},"wordCount":1016,"commentCount":0,"publisher":{"@id":"https:\/\/cvinoticias.com\/v3\/#organization"},"image":{"@id":"https:\/\/cvinoticias.com\/v3\/presentaron-el-c-r2-el-vehiculo-biplaza-electrico-urbano-producido-en-misiones\/#primaryimage"},"thumbnailUrl":"https:\/\/cvinoticias.com\/wp-content\/uploads\/2022\/09\/FB_IMG_1663957319329.jpg","articleSection":["Provinciales"],"inLanguage":"es","potentialAction":[{"@type":"CommentAction","name":"Comment","target":["https:\/\/cvinoticias.com\/v3\/presentaron-el-c-r2-el-vehiculo-biplaza-electrico-urbano-producido-en-misiones\/#respond"]}]},{"@type":"WebPage","@id":"https:\/\/cvinoticias.com\/v3\/presentaron-el-c-r2-el-vehiculo-biplaza-electrico-urbano-producido-en-misiones\/","url":"https:\/\/cvinoticias.com\/v3\/presentaron-el-c-r2-el-vehiculo-biplaza-electrico-urbano-producido-en-misiones\/","name":"Presentaron el C-R2, el veh\u00edculo biplaza el\u00e9ctrico urbano producido en Misiones | CVI NOTICIAS","isPartOf":{"@id":"https:\/\/cvinoticias.com\/v3\/#website"},"primaryImageOfPage":{"@id":"https:\/\/cvinoticias.com\/v3\/presentaron-el-c-r2-el-vehiculo-biplaza-electrico-urbano-producido-en-misiones\/#primaryimage"},"image":{"@id":"https:\/\/cvinoticias.com\/v3\/presentaron-el-c-r2-el-vehiculo-biplaza-electrico-urbano-producido-en-misiones\/#primaryimage"},"thumbnailUrl":"https:\/\/cvinoticias.com\/wp-content\/uploads\/2022\/09\/FB_IMG_1663957319329.jpg","datePublished":"2022-09-23T21:07:52+00:00","breadcrumb":{"@id":"https:\/\/cvinoticias.com\/v3\/presentaron-el-c-r2-el-vehiculo-biplaza-electrico-urbano-producido-en-misiones\/#breadcrumb"},"inLanguage":"es","potentialAction":[{"@type":"ReadAction","target":["https:\/\/cvinoticias.com\/v3\/presentaron-el-c-r2-el-vehiculo-biplaza-electrico-urbano-producido-en-misiones\/"]}]},{"@type":"ImageObject","inLanguage":"es","@id":"https:\/\/cvinoticias.com\/v3\/presentaron-el-c-r2-el-vehiculo-biplaza-electrico-urbano-producido-en-misiones\/#primaryimage","url":"https:\/\/cvinoticias.com\/wp-content\/uploads\/2022\/09\/FB_IMG_1663957319329.jpg","contentUrl":"https:\/\/cvinoticias.com\/wp-content\/uploads\/2022\/09\/FB_IMG_1663957319329.jpg","width":1024,"height":683},{"@type":"BreadcrumbList","@id":"https:\/\/cvinoticias.com\/v3\/presentaron-el-c-r2-el-vehiculo-biplaza-electrico-urbano-producido-en-misiones\/#breadcrumb","itemListElement":[{"@type":"ListItem","position":1,"name":"Portada","item":"https:\/\/cvinoticias.com\/v3\/"},{"@type":"ListItem","position":2,"name":"Presentaron el C-R2, el veh\u00edculo biplaza el\u00e9ctrico urbano producido en Misiones"}]},{"@type":"WebSite","@id":"https:\/\/cvinoticias.com\/v3\/#website","url":"https:\/\/cvinoticias.com\/v3\/","name":"CVI NOTICIAS","description":"","publisher":{"@id":"https:\/\/cvinoticias.com\/v3\/#organization"},"alternateName":"CVI","potentialAction":[{"@type":"SearchAction","target":{"@type":"EntryPoint","urlTemplate":"https:\/\/cvinoticias.com\/v3\/?s={search_term_string}"},"query-input":{"@type":"PropertyValueSpecification","valueRequired":true,"valueName":"search_term_string"}}],"inLanguage":"es"},{"@type":"Organization","@id":"https:\/\/cvinoticias.com\/v3\/#organization","name":"CVI NOTICIAS","url":"https:\/\/cvinoticias.com\/v3\/","logo":{"@type":"ImageObject","inLanguage":"es","@id":"https:\/\/cvinoticias.com\/v3\/#\/schema\/logo\/image\/","url":"https:\/\/cvinoticias.com\/wp-content\/uploads\/2023\/04\/cropped-cropped-cropped-cropped-cropped-3-1.png","contentUrl":"https:\/\/cvinoticias.com\/wp-content\/uploads\/2023\/04\/cropped-cropped-cropped-cropped-cropped-3-1.png","width":95,"height":122,"caption":"CVI NOTICIAS"},"image":{"@id":"https:\/\/cvinoticias.com\/v3\/#\/schema\/logo\/image\/"},"sameAs":["https:\/\/www.facebook.com\/cvinoticias","https:\/\/www.instagram.com\/cvinoticias\/","https:\/\/www.youtube.com\/@CVINOTICIAS"]},{"@type":"Person","@id":"https:\/\/cvinoticias.com\/v3\/#\/schema\/person\/2db77e3c6bc03c538495d7b2b8be9b66","name":"f1000024","image":{"@type":"ImageObject","inLanguage":"es","@id":"https:\/\/secure.gravatar.com\/avatar\/d4fe7459cfc51ff5129ce1a732bbef5928568b8092d412ef95611616376bbeed?s=96&d=mm&r=g","url":"https:\/\/secure.gravatar.com\/avatar\/d4fe7459cfc51ff5129ce1a732bbef5928568b8092d412ef95611616376bbeed?s=96&d=mm&r=g","contentUrl":"https:\/\/secure.gravatar.com\/avatar\/d4fe7459cfc51ff5129ce1a732bbef5928568b8092d412ef95611616376bbeed?s=96&d=mm&r=g","caption":"f1000024"},"url":"https:\/\/cvinoticias.com\/v3\/author\/f1000024\/"}]}},"_links":{"self":[{"href":"https:\/\/cvinoticias.com\/v3\/wp-json\/wp\/v2\/posts\/19450","targetHints":{"allow":["GET"]}}],"collection":[{"href":"https:\/\/cvinoticias.com\/v3\/wp-json\/wp\/v2\/posts"}],"about":[{"href":"https:\/\/cvinoticias.com\/v3\/wp-json\/wp\/v2\/types\/post"}],"author":[{"embeddable":true,"href":"https:\/\/cvinoticias.com\/v3\/wp-json\/wp\/v2\/users\/2"}],"replies":[{"embeddable":true,"href":"https:\/\/cvinoticias.com\/v3\/wp-json\/wp\/v2\/comments?post=19450"}],"version-history":[{"count":1,"href":"https:\/\/cvinoticias.com\/v3\/wp-json\/wp\/v2\/posts\/19450\/revisions"}],"predecessor-version":[{"id":19454,"href":"https:\/\/cvinoticias.com\/v3\/wp-json\/wp\/v2\/posts\/19450\/revisions\/19454"}],"wp:featuredmedia":[{"embeddable":true,"href":"https:\/\/cvinoticias.com\/v3\/wp-json\/wp\/v2\/media\/19453"}],"wp:attachment":[{"href":"https:\/\/cvinoticias.com\/v3\/wp-json\/wp\/v2\/media?parent=19450"}],"wp:term":[{"taxonomy":"category","embeddable":true,"href":"https:\/\/cvinoticias.com\/v3\/wp-json\/wp\/v2\/categories?post=19450"},{"taxonomy":"post_tag","embeddable":true,"href":"https:\/\/cvinoticias.com\/v3\/wp-json\/wp\/v2\/tags?post=19450"}],"curies":[{"name":"wp","href":"https:\/\/api.w.org\/{rel}","templated":true}]}}