{"id":19446,"date":"2022-09-23T20:37:46","date_gmt":"2022-09-23T20:37:46","guid":{"rendered":"https:\/\/cvinoticias.com\/v3\/?p=19446"},"modified":"2022-09-23T20:37:46","modified_gmt":"2022-09-23T20:37:46","slug":"iguazu-la-policia-federal-de-iguazu-detuvo-a-una-persona-acusa-de-tenencia-de-material-con-pornografia-infantil","status":"publish","type":"post","link":"https:\/\/cvinoticias.com\/v3\/iguazu-la-policia-federal-de-iguazu-detuvo-a-una-persona-acusa-de-tenencia-de-material-con-pornografia-infantil\/","title":{"rendered":"Iguaz\u00fa: La Polic\u00eda Federal de Iguaz\u00fa detuvo a una persona acusa de tenencia de material con pornograf\u00eda infantil"},"content":{"rendered":"\n<p><strong><em>El operativo se llev\u00f3 a cabo durante la tarde de este jueves en diferentes domicilios donde los efectivos de la DUOF Puerto Iguaz\u00fa de la Polic\u00eda Federal, realizaron allanamientos, en dos domicilios del Barrio Villa Alta.<\/em><\/strong><\/p>\n\n\n\n<p>Los uniformados tras llevar a cabo durante un tiempo tareas de recabaci\u00f3n de datos y rastrillajes en las diferentes redes digitales, y con datos aportados por terceros, contaban con cierta informaci\u00f3n referente a una persona que se dedicar\u00eda a una actividad vista como un flagelo social denigrante, el cual involucrar\u00eda a ni\u00f1os indefensos.<\/p>\n\n\n\n<p>En este sentido los federales mediante las buenas relaciones y mediante varios contactos con diferentes vecinos en los barrios de Puerto Iguaz\u00fa, presum\u00edan que en la zona de Villa Alta se encontrar\u00eda un individuo con estas caracter\u00edsticas referente a manejo de este tipo de actividad relacionado con la pornografia infantil.<\/p>\n\n\n\n<figure class=\"wp-block-image size-large\"><a href=\"https:\/\/cvinoticias.com\/wp-content\/uploads\/2022\/09\/IMG-20220923-WA0101.jpg\"><img decoding=\"async\" width=\"1024\" height=\"508\" data-src=\"https:\/\/cvinoticias.com\/wp-content\/uploads\/2022\/09\/IMG-20220923-WA0101-1024x508.jpg\" alt=\"\" class=\"wp-image-19447 lazyload\" data-srcset=\"https:\/\/cvinoticias.com\/wp-content\/uploads\/2022\/09\/IMG-20220923-WA0101-1024x508.jpg 1024w, https:\/\/cvinoticias.com\/wp-content\/uploads\/2022\/09\/IMG-20220923-WA0101-300x149.jpg 300w, https:\/\/cvinoticias.com\/wp-content\/uploads\/2022\/09\/IMG-20220923-WA0101-768x381.jpg 768w, https:\/\/cvinoticias.com\/wp-content\/uploads\/2022\/09\/IMG-20220923-WA0101.jpg 1280w\" data-sizes=\"(max-width: 1024px) 100vw, 1024px\" src=\"data:image\/svg+xml;base64,PHN2ZyB3aWR0aD0iMSIgaGVpZ2h0PSIxIiB4bWxucz0iaHR0cDovL3d3dy53My5vcmcvMjAwMC9zdmciPjwvc3ZnPg==\" style=\"--smush-placeholder-width: 1024px; --smush-placeholder-aspect-ratio: 1024\/508;\" \/><\/a><\/figure>\n\n\n\n<p>As\u00ed las cosas, mediante la intervenci\u00f3n del juzgado de instrucci\u00f3n 3, de la mano del Dr. Mart\u00edn Luis Br\u00edtez, a quien se brind\u00f3 informaci\u00f3n precisa de la situaci\u00f3n, relacionada con la posible actividad referida a pornograf\u00eda infantil, inmediatamente sin escatimar detalle alguno ordeno la realizaci\u00f3n de los allanamientos, secuestro y detenci\u00f3n del presunto involucrado ya con la anuencia del juez, los efectivos montaron un operativo durante toda la tarde del jueves, dirigi\u00e9ndose hasta el barrio de villa alta donde allanaron dos domicilios encontrando en uno varios materiales inform\u00e1ticos PCS, Pendrives entre otros accesorios y m\u00e1s de diez tel\u00e9fonos celulares, por otra parte en el otro domicilio se secuestraron m\u00e1s elementos inform\u00e1ticos, materiales probatorios estos, que seg\u00fan se pudo precisar van a ser analizados minuciosamente, finalizando el operativo con la detenci\u00f3n del individuo involucrado en el hecho.<\/p>\n\n\n\n<p>De esta manera el operativo de los Federales dio como resultado positivo, logrando dar con el involucrado, gracias al trabajo y relaci\u00f3n constante con la comunidad y con las instituciones, contrarrestando una actividad delictiva que preocupa a la sociedad m\u00e1s precisamente a padres por los diferentes casos de delitos conocidos en las redes de internet, mediantes artilugios y artima\u00f1as de algunos individuos que aprovechan la inocencia de los ni\u00f1os para llevar a cabo este tipo de hecho delictivo (grooming, explotaci\u00f3n sexual infantil, entre otros) .<\/p>\n","protected":false},"excerpt":{"rendered":"<p>El operativo se llev\u00f3 a cabo durante la tarde de este jueves en diferentes domicilios donde los efectivos de la DUOF Puerto Iguaz\u00fa de la Polic\u00eda Federal, realizaron allanamientos, en dos domicilios del Barrio Villa Alta. Los uniformados tras llevar a cabo durante un tiempo tareas de recabaci\u00f3n de datos y rastrillajes en las diferentes [&hellip;]<\/p>\n","protected":false},"author":2,"featured_media":19448,"comment_status":"open","ping_status":"open","sticky":false,"template":"","format":"standard","meta":{"footnotes":""},"categories":[41],"tags":[],"class_list":["post-19446","post","type-post","status-publish","format-standard","has-post-thumbnail","hentry","category-policiales"],"yoast_head":"<!-- This site is optimized with the Yoast SEO plugin v27.4 - https:\/\/yoast.com\/product\/yoast-seo-wordpress\/ -->\n<title>Iguaz\u00fa: La Polic\u00eda Federal de Iguaz\u00fa detuvo a una persona acusa de tenencia de material con pornograf\u00eda infantil | CVI NOTICIAS<\/title>\n<meta name=\"robots\" content=\"index, follow, max-snippet:-1, max-image-preview:large, max-video-preview:-1\" \/>\n<link rel=\"canonical\" href=\"https:\/\/cvinoticias.com\/v3\/iguazu-la-policia-federal-de-iguazu-detuvo-a-una-persona-acusa-de-tenencia-de-material-con-pornografia-infantil\/\" \/>\n<meta property=\"og:locale\" content=\"es_ES\" \/>\n<meta property=\"og:type\" content=\"article\" \/>\n<meta property=\"og:title\" content=\"Iguaz\u00fa: La Polic\u00eda Federal de Iguaz\u00fa detuvo a una persona acusa de tenencia de material con pornograf\u00eda infantil | CVI NOTICIAS\" \/>\n<meta property=\"og:description\" content=\"El operativo se llev\u00f3 a cabo durante la tarde de este jueves en diferentes domicilios donde los efectivos de la DUOF Puerto Iguaz\u00fa de la Polic\u00eda Federal, realizaron allanamientos, en dos domicilios del Barrio Villa Alta. Los uniformados tras llevar a cabo durante un tiempo tareas de recabaci\u00f3n de datos y rastrillajes en las diferentes [&hellip;]\" \/>\n<meta property=\"og:url\" content=\"https:\/\/cvinoticias.com\/v3\/iguazu-la-policia-federal-de-iguazu-detuvo-a-una-persona-acusa-de-tenencia-de-material-con-pornografia-infantil\/\" \/>\n<meta property=\"og:site_name\" content=\"CVI NOTICIAS\" \/>\n<meta property=\"article:publisher\" content=\"https:\/\/www.facebook.com\/cvinoticias\" \/>\n<meta property=\"article:published_time\" content=\"2022-09-23T20:37:46+00:00\" \/>\n<meta property=\"og:image\" content=\"https:\/\/cvinoticias.com\/wp-content\/uploads\/2022\/09\/IMG-20220923-WA0102.jpg\" \/>\n\t<meta property=\"og:image:width\" content=\"1600\" \/>\n\t<meta property=\"og:image:height\" content=\"1200\" \/>\n\t<meta property=\"og:image:type\" content=\"image\/jpeg\" \/>\n<meta name=\"author\" content=\"f1000024\" \/>\n<meta name=\"twitter:card\" content=\"summary_large_image\" \/>\n<meta name=\"twitter:label1\" content=\"Escrito por\" \/>\n\t<meta name=\"twitter:data1\" content=\"f1000024\" \/>\n\t<meta name=\"twitter:label2\" content=\"Tiempo de lectura\" \/>\n\t<meta name=\"twitter:data2\" content=\"2 minutos\" \/>\n<script type=\"application\/ld+json\" class=\"yoast-schema-graph\">{\"@context\":\"https:\\\/\\\/schema.org\",\"@graph\":[{\"@type\":\"Article\",\"@id\":\"https:\\\/\\\/cvinoticias.com\\\/v3\\\/iguazu-la-policia-federal-de-iguazu-detuvo-a-una-persona-acusa-de-tenencia-de-material-con-pornografia-infantil\\\/#article\",\"isPartOf\":{\"@id\":\"https:\\\/\\\/cvinoticias.com\\\/v3\\\/iguazu-la-policia-federal-de-iguazu-detuvo-a-una-persona-acusa-de-tenencia-de-material-con-pornografia-infantil\\\/\"},\"author\":{\"name\":\"f1000024\",\"@id\":\"https:\\\/\\\/cvinoticias.com\\\/v3\\\/#\\\/schema\\\/person\\\/2db77e3c6bc03c538495d7b2b8be9b66\"},\"headline\":\"Iguaz\u00fa: La Polic\u00eda Federal de Iguaz\u00fa detuvo a una persona acusa de tenencia de material con pornograf\u00eda infantil\",\"datePublished\":\"2022-09-23T20:37:46+00:00\",\"mainEntityOfPage\":{\"@id\":\"https:\\\/\\\/cvinoticias.com\\\/v3\\\/iguazu-la-policia-federal-de-iguazu-detuvo-a-una-persona-acusa-de-tenencia-de-material-con-pornografia-infantil\\\/\"},\"wordCount\":409,\"commentCount\":0,\"publisher\":{\"@id\":\"https:\\\/\\\/cvinoticias.com\\\/v3\\\/#organization\"},\"image\":{\"@id\":\"https:\\\/\\\/cvinoticias.com\\\/v3\\\/iguazu-la-policia-federal-de-iguazu-detuvo-a-una-persona-acusa-de-tenencia-de-material-con-pornografia-infantil\\\/#primaryimage\"},\"thumbnailUrl\":\"https:\\\/\\\/cvinoticias.com\\\/wp-content\\\/uploads\\\/2022\\\/09\\\/IMG-20220923-WA0102.jpg\",\"articleSection\":[\"Policiales\"],\"inLanguage\":\"es\",\"potentialAction\":[{\"@type\":\"CommentAction\",\"name\":\"Comment\",\"target\":[\"https:\\\/\\\/cvinoticias.com\\\/v3\\\/iguazu-la-policia-federal-de-iguazu-detuvo-a-una-persona-acusa-de-tenencia-de-material-con-pornografia-infantil\\\/#respond\"]}]},{\"@type\":\"WebPage\",\"@id\":\"https:\\\/\\\/cvinoticias.com\\\/v3\\\/iguazu-la-policia-federal-de-iguazu-detuvo-a-una-persona-acusa-de-tenencia-de-material-con-pornografia-infantil\\\/\",\"url\":\"https:\\\/\\\/cvinoticias.com\\\/v3\\\/iguazu-la-policia-federal-de-iguazu-detuvo-a-una-persona-acusa-de-tenencia-de-material-con-pornografia-infantil\\\/\",\"name\":\"Iguaz\u00fa: La Polic\u00eda Federal de Iguaz\u00fa detuvo a una persona acusa de tenencia de material con pornograf\u00eda infantil | CVI NOTICIAS\",\"isPartOf\":{\"@id\":\"https:\\\/\\\/cvinoticias.com\\\/v3\\\/#website\"},\"primaryImageOfPage\":{\"@id\":\"https:\\\/\\\/cvinoticias.com\\\/v3\\\/iguazu-la-policia-federal-de-iguazu-detuvo-a-una-persona-acusa-de-tenencia-de-material-con-pornografia-infantil\\\/#primaryimage\"},\"image\":{\"@id\":\"https:\\\/\\\/cvinoticias.com\\\/v3\\\/iguazu-la-policia-federal-de-iguazu-detuvo-a-una-persona-acusa-de-tenencia-de-material-con-pornografia-infantil\\\/#primaryimage\"},\"thumbnailUrl\":\"https:\\\/\\\/cvinoticias.com\\\/wp-content\\\/uploads\\\/2022\\\/09\\\/IMG-20220923-WA0102.jpg\",\"datePublished\":\"2022-09-23T20:37:46+00:00\",\"breadcrumb\":{\"@id\":\"https:\\\/\\\/cvinoticias.com\\\/v3\\\/iguazu-la-policia-federal-de-iguazu-detuvo-a-una-persona-acusa-de-tenencia-de-material-con-pornografia-infantil\\\/#breadcrumb\"},\"inLanguage\":\"es\",\"potentialAction\":[{\"@type\":\"ReadAction\",\"target\":[\"https:\\\/\\\/cvinoticias.com\\\/v3\\\/iguazu-la-policia-federal-de-iguazu-detuvo-a-una-persona-acusa-de-tenencia-de-material-con-pornografia-infantil\\\/\"]}]},{\"@type\":\"ImageObject\",\"inLanguage\":\"es\",\"@id\":\"https:\\\/\\\/cvinoticias.com\\\/v3\\\/iguazu-la-policia-federal-de-iguazu-detuvo-a-una-persona-acusa-de-tenencia-de-material-con-pornografia-infantil\\\/#primaryimage\",\"url\":\"https:\\\/\\\/cvinoticias.com\\\/wp-content\\\/uploads\\\/2022\\\/09\\\/IMG-20220923-WA0102.jpg\",\"contentUrl\":\"https:\\\/\\\/cvinoticias.com\\\/wp-content\\\/uploads\\\/2022\\\/09\\\/IMG-20220923-WA0102.jpg\",\"width\":1600,\"height\":1200},{\"@type\":\"BreadcrumbList\",\"@id\":\"https:\\\/\\\/cvinoticias.com\\\/v3\\\/iguazu-la-policia-federal-de-iguazu-detuvo-a-una-persona-acusa-de-tenencia-de-material-con-pornografia-infantil\\\/#breadcrumb\",\"itemListElement\":[{\"@type\":\"ListItem\",\"position\":1,\"name\":\"Portada\",\"item\":\"https:\\\/\\\/cvinoticias.com\\\/v3\\\/\"},{\"@type\":\"ListItem\",\"position\":2,\"name\":\"Iguaz\u00fa: La Polic\u00eda Federal de Iguaz\u00fa detuvo a una persona acusa de tenencia de material con pornograf\u00eda infantil\"}]},{\"@type\":\"WebSite\",\"@id\":\"https:\\\/\\\/cvinoticias.com\\\/v3\\\/#website\",\"url\":\"https:\\\/\\\/cvinoticias.com\\\/v3\\\/\",\"name\":\"CVI NOTICIAS\",\"description\":\"\",\"publisher\":{\"@id\":\"https:\\\/\\\/cvinoticias.com\\\/v3\\\/#organization\"},\"alternateName\":\"CVI\",\"potentialAction\":[{\"@type\":\"SearchAction\",\"target\":{\"@type\":\"EntryPoint\",\"urlTemplate\":\"https:\\\/\\\/cvinoticias.com\\\/v3\\\/?s={search_term_string}\"},\"query-input\":{\"@type\":\"PropertyValueSpecification\",\"valueRequired\":true,\"valueName\":\"search_term_string\"}}],\"inLanguage\":\"es\"},{\"@type\":\"Organization\",\"@id\":\"https:\\\/\\\/cvinoticias.com\\\/v3\\\/#organization\",\"name\":\"CVI NOTICIAS\",\"url\":\"https:\\\/\\\/cvinoticias.com\\\/v3\\\/\",\"logo\":{\"@type\":\"ImageObject\",\"inLanguage\":\"es\",\"@id\":\"https:\\\/\\\/cvinoticias.com\\\/v3\\\/#\\\/schema\\\/logo\\\/image\\\/\",\"url\":\"https:\\\/\\\/cvinoticias.com\\\/wp-content\\\/uploads\\\/2023\\\/04\\\/cropped-cropped-cropped-cropped-cropped-3-1.png\",\"contentUrl\":\"https:\\\/\\\/cvinoticias.com\\\/wp-content\\\/uploads\\\/2023\\\/04\\\/cropped-cropped-cropped-cropped-cropped-3-1.png\",\"width\":95,\"height\":122,\"caption\":\"CVI NOTICIAS\"},\"image\":{\"@id\":\"https:\\\/\\\/cvinoticias.com\\\/v3\\\/#\\\/schema\\\/logo\\\/image\\\/\"},\"sameAs\":[\"https:\\\/\\\/www.facebook.com\\\/cvinoticias\",\"https:\\\/\\\/www.instagram.com\\\/cvinoticias\\\/\",\"https:\\\/\\\/www.youtube.com\\\/@CVINOTICIAS\"]},{\"@type\":\"Person\",\"@id\":\"https:\\\/\\\/cvinoticias.com\\\/v3\\\/#\\\/schema\\\/person\\\/2db77e3c6bc03c538495d7b2b8be9b66\",\"name\":\"f1000024\",\"image\":{\"@type\":\"ImageObject\",\"inLanguage\":\"es\",\"@id\":\"https:\\\/\\\/secure.gravatar.com\\\/avatar\\\/d4fe7459cfc51ff5129ce1a732bbef5928568b8092d412ef95611616376bbeed?s=96&d=mm&r=g\",\"url\":\"https:\\\/\\\/secure.gravatar.com\\\/avatar\\\/d4fe7459cfc51ff5129ce1a732bbef5928568b8092d412ef95611616376bbeed?s=96&d=mm&r=g\",\"contentUrl\":\"https:\\\/\\\/secure.gravatar.com\\\/avatar\\\/d4fe7459cfc51ff5129ce1a732bbef5928568b8092d412ef95611616376bbeed?s=96&d=mm&r=g\",\"caption\":\"f1000024\"},\"url\":\"https:\\\/\\\/cvinoticias.com\\\/v3\\\/author\\\/f1000024\\\/\"}]}<\/script>\n<!-- \/ Yoast SEO plugin. -->","yoast_head_json":{"title":"Iguaz\u00fa: La Polic\u00eda Federal de Iguaz\u00fa detuvo a una persona acusa de tenencia de material con pornograf\u00eda infantil | CVI NOTICIAS","robots":{"index":"index","follow":"follow","max-snippet":"max-snippet:-1","max-image-preview":"max-image-preview:large","max-video-preview":"max-video-preview:-1"},"canonical":"https:\/\/cvinoticias.com\/v3\/iguazu-la-policia-federal-de-iguazu-detuvo-a-una-persona-acusa-de-tenencia-de-material-con-pornografia-infantil\/","og_locale":"es_ES","og_type":"article","og_title":"Iguaz\u00fa: La Polic\u00eda Federal de Iguaz\u00fa detuvo a una persona acusa de tenencia de material con pornograf\u00eda infantil | CVI NOTICIAS","og_description":"El operativo se llev\u00f3 a cabo durante la tarde de este jueves en diferentes domicilios donde los efectivos de la DUOF Puerto Iguaz\u00fa de la Polic\u00eda Federal, realizaron allanamientos, en dos domicilios del Barrio Villa Alta. Los uniformados tras llevar a cabo durante un tiempo tareas de recabaci\u00f3n de datos y rastrillajes en las diferentes [&hellip;]","og_url":"https:\/\/cvinoticias.com\/v3\/iguazu-la-policia-federal-de-iguazu-detuvo-a-una-persona-acusa-de-tenencia-de-material-con-pornografia-infantil\/","og_site_name":"CVI NOTICIAS","article_publisher":"https:\/\/www.facebook.com\/cvinoticias","article_published_time":"2022-09-23T20:37:46+00:00","og_image":[{"width":1600,"height":1200,"url":"https:\/\/cvinoticias.com\/wp-content\/uploads\/2022\/09\/IMG-20220923-WA0102.jpg","type":"image\/jpeg"}],"author":"f1000024","twitter_card":"summary_large_image","twitter_misc":{"Escrito por":"f1000024","Tiempo de lectura":"2 minutos"},"schema":{"@context":"https:\/\/schema.org","@graph":[{"@type":"Article","@id":"https:\/\/cvinoticias.com\/v3\/iguazu-la-policia-federal-de-iguazu-detuvo-a-una-persona-acusa-de-tenencia-de-material-con-pornografia-infantil\/#article","isPartOf":{"@id":"https:\/\/cvinoticias.com\/v3\/iguazu-la-policia-federal-de-iguazu-detuvo-a-una-persona-acusa-de-tenencia-de-material-con-pornografia-infantil\/"},"author":{"name":"f1000024","@id":"https:\/\/cvinoticias.com\/v3\/#\/schema\/person\/2db77e3c6bc03c538495d7b2b8be9b66"},"headline":"Iguaz\u00fa: La Polic\u00eda Federal de Iguaz\u00fa detuvo a una persona acusa de tenencia de material con pornograf\u00eda infantil","datePublished":"2022-09-23T20:37:46+00:00","mainEntityOfPage":{"@id":"https:\/\/cvinoticias.com\/v3\/iguazu-la-policia-federal-de-iguazu-detuvo-a-una-persona-acusa-de-tenencia-de-material-con-pornografia-infantil\/"},"wordCount":409,"commentCount":0,"publisher":{"@id":"https:\/\/cvinoticias.com\/v3\/#organization"},"image":{"@id":"https:\/\/cvinoticias.com\/v3\/iguazu-la-policia-federal-de-iguazu-detuvo-a-una-persona-acusa-de-tenencia-de-material-con-pornografia-infantil\/#primaryimage"},"thumbnailUrl":"https:\/\/cvinoticias.com\/wp-content\/uploads\/2022\/09\/IMG-20220923-WA0102.jpg","articleSection":["Policiales"],"inLanguage":"es","potentialAction":[{"@type":"CommentAction","name":"Comment","target":["https:\/\/cvinoticias.com\/v3\/iguazu-la-policia-federal-de-iguazu-detuvo-a-una-persona-acusa-de-tenencia-de-material-con-pornografia-infantil\/#respond"]}]},{"@type":"WebPage","@id":"https:\/\/cvinoticias.com\/v3\/iguazu-la-policia-federal-de-iguazu-detuvo-a-una-persona-acusa-de-tenencia-de-material-con-pornografia-infantil\/","url":"https:\/\/cvinoticias.com\/v3\/iguazu-la-policia-federal-de-iguazu-detuvo-a-una-persona-acusa-de-tenencia-de-material-con-pornografia-infantil\/","name":"Iguaz\u00fa: La Polic\u00eda Federal de Iguaz\u00fa detuvo a una persona acusa de tenencia de material con pornograf\u00eda infantil | CVI NOTICIAS","isPartOf":{"@id":"https:\/\/cvinoticias.com\/v3\/#website"},"primaryImageOfPage":{"@id":"https:\/\/cvinoticias.com\/v3\/iguazu-la-policia-federal-de-iguazu-detuvo-a-una-persona-acusa-de-tenencia-de-material-con-pornografia-infantil\/#primaryimage"},"image":{"@id":"https:\/\/cvinoticias.com\/v3\/iguazu-la-policia-federal-de-iguazu-detuvo-a-una-persona-acusa-de-tenencia-de-material-con-pornografia-infantil\/#primaryimage"},"thumbnailUrl":"https:\/\/cvinoticias.com\/wp-content\/uploads\/2022\/09\/IMG-20220923-WA0102.jpg","datePublished":"2022-09-23T20:37:46+00:00","breadcrumb":{"@id":"https:\/\/cvinoticias.com\/v3\/iguazu-la-policia-federal-de-iguazu-detuvo-a-una-persona-acusa-de-tenencia-de-material-con-pornografia-infantil\/#breadcrumb"},"inLanguage":"es","potentialAction":[{"@type":"ReadAction","target":["https:\/\/cvinoticias.com\/v3\/iguazu-la-policia-federal-de-iguazu-detuvo-a-una-persona-acusa-de-tenencia-de-material-con-pornografia-infantil\/"]}]},{"@type":"ImageObject","inLanguage":"es","@id":"https:\/\/cvinoticias.com\/v3\/iguazu-la-policia-federal-de-iguazu-detuvo-a-una-persona-acusa-de-tenencia-de-material-con-pornografia-infantil\/#primaryimage","url":"https:\/\/cvinoticias.com\/wp-content\/uploads\/2022\/09\/IMG-20220923-WA0102.jpg","contentUrl":"https:\/\/cvinoticias.com\/wp-content\/uploads\/2022\/09\/IMG-20220923-WA0102.jpg","width":1600,"height":1200},{"@type":"BreadcrumbList","@id":"https:\/\/cvinoticias.com\/v3\/iguazu-la-policia-federal-de-iguazu-detuvo-a-una-persona-acusa-de-tenencia-de-material-con-pornografia-infantil\/#breadcrumb","itemListElement":[{"@type":"ListItem","position":1,"name":"Portada","item":"https:\/\/cvinoticias.com\/v3\/"},{"@type":"ListItem","position":2,"name":"Iguaz\u00fa: La Polic\u00eda Federal de Iguaz\u00fa detuvo a una persona acusa de tenencia de material con pornograf\u00eda infantil"}]},{"@type":"WebSite","@id":"https:\/\/cvinoticias.com\/v3\/#website","url":"https:\/\/cvinoticias.com\/v3\/","name":"CVI NOTICIAS","description":"","publisher":{"@id":"https:\/\/cvinoticias.com\/v3\/#organization"},"alternateName":"CVI","potentialAction":[{"@type":"SearchAction","target":{"@type":"EntryPoint","urlTemplate":"https:\/\/cvinoticias.com\/v3\/?s={search_term_string}"},"query-input":{"@type":"PropertyValueSpecification","valueRequired":true,"valueName":"search_term_string"}}],"inLanguage":"es"},{"@type":"Organization","@id":"https:\/\/cvinoticias.com\/v3\/#organization","name":"CVI NOTICIAS","url":"https:\/\/cvinoticias.com\/v3\/","logo":{"@type":"ImageObject","inLanguage":"es","@id":"https:\/\/cvinoticias.com\/v3\/#\/schema\/logo\/image\/","url":"https:\/\/cvinoticias.com\/wp-content\/uploads\/2023\/04\/cropped-cropped-cropped-cropped-cropped-3-1.png","contentUrl":"https:\/\/cvinoticias.com\/wp-content\/uploads\/2023\/04\/cropped-cropped-cropped-cropped-cropped-3-1.png","width":95,"height":122,"caption":"CVI NOTICIAS"},"image":{"@id":"https:\/\/cvinoticias.com\/v3\/#\/schema\/logo\/image\/"},"sameAs":["https:\/\/www.facebook.com\/cvinoticias","https:\/\/www.instagram.com\/cvinoticias\/","https:\/\/www.youtube.com\/@CVINOTICIAS"]},{"@type":"Person","@id":"https:\/\/cvinoticias.com\/v3\/#\/schema\/person\/2db77e3c6bc03c538495d7b2b8be9b66","name":"f1000024","image":{"@type":"ImageObject","inLanguage":"es","@id":"https:\/\/secure.gravatar.com\/avatar\/d4fe7459cfc51ff5129ce1a732bbef5928568b8092d412ef95611616376bbeed?s=96&d=mm&r=g","url":"https:\/\/secure.gravatar.com\/avatar\/d4fe7459cfc51ff5129ce1a732bbef5928568b8092d412ef95611616376bbeed?s=96&d=mm&r=g","contentUrl":"https:\/\/secure.gravatar.com\/avatar\/d4fe7459cfc51ff5129ce1a732bbef5928568b8092d412ef95611616376bbeed?s=96&d=mm&r=g","caption":"f1000024"},"url":"https:\/\/cvinoticias.com\/v3\/author\/f1000024\/"}]}},"_links":{"self":[{"href":"https:\/\/cvinoticias.com\/v3\/wp-json\/wp\/v2\/posts\/19446","targetHints":{"allow":["GET"]}}],"collection":[{"href":"https:\/\/cvinoticias.com\/v3\/wp-json\/wp\/v2\/posts"}],"about":[{"href":"https:\/\/cvinoticias.com\/v3\/wp-json\/wp\/v2\/types\/post"}],"author":[{"embeddable":true,"href":"https:\/\/cvinoticias.com\/v3\/wp-json\/wp\/v2\/users\/2"}],"replies":[{"embeddable":true,"href":"https:\/\/cvinoticias.com\/v3\/wp-json\/wp\/v2\/comments?post=19446"}],"version-history":[{"count":1,"href":"https:\/\/cvinoticias.com\/v3\/wp-json\/wp\/v2\/posts\/19446\/revisions"}],"predecessor-version":[{"id":19449,"href":"https:\/\/cvinoticias.com\/v3\/wp-json\/wp\/v2\/posts\/19446\/revisions\/19449"}],"wp:featuredmedia":[{"embeddable":true,"href":"https:\/\/cvinoticias.com\/v3\/wp-json\/wp\/v2\/media\/19448"}],"wp:attachment":[{"href":"https:\/\/cvinoticias.com\/v3\/wp-json\/wp\/v2\/media?parent=19446"}],"wp:term":[{"taxonomy":"category","embeddable":true,"href":"https:\/\/cvinoticias.com\/v3\/wp-json\/wp\/v2\/categories?post=19446"},{"taxonomy":"post_tag","embeddable":true,"href":"https:\/\/cvinoticias.com\/v3\/wp-json\/wp\/v2\/tags?post=19446"}],"curies":[{"name":"wp","href":"https:\/\/api.w.org\/{rel}","templated":true}]}}