{"id":19342,"date":"2022-09-21T11:04:06","date_gmt":"2022-09-21T11:04:06","guid":{"rendered":"https:\/\/cvinoticias.com\/v3\/?p=19342"},"modified":"2022-09-21T11:04:06","modified_gmt":"2022-09-21T11:04:06","slug":"anunciaron-el-programa-ahora-mama-y-otro-de-descuentos-para-eldorado","status":"publish","type":"post","link":"https:\/\/cvinoticias.com\/v3\/anunciaron-el-programa-ahora-mama-y-otro-de-descuentos-para-eldorado\/","title":{"rendered":"Anunciaron el Programa \u201cAHORA MAM\u00c1\u201d y otro de descuentos para Eldorado"},"content":{"rendered":"\n<p><strong><em>El Gobernador encabez\u00f3 la presentaci\u00f3n de la nueva edici\u00f3n del programa provincial \u201cAhora Mam\u00e1\u201d, que estar\u00e1 vigente en toda la provincia los d\u00edas viernes 14 y s\u00e1bado 15 de octubre.<\/em><\/strong><\/p>\n\n\n\n<p>Adem\u00e1s, se present\u00f3 un programa de descuentos espec\u00edfico para Eldorado Tambi\u00e9n, Herrera Ahuad anunci\u00f3 la pr\u00f3xima implementaci\u00f3n de una l\u00ednea del Fondo Cr\u00e9dito Misiones para emprendedores, un programa de financiamiento para la compra de maquinaria vial dirigido a los municipios y un programa Ahora enfocado en la compra de alimentos para mascotas.<\/p>\n\n\n\n<p>Como todos los a\u00f1os, vuelve \u201cAhora Mam\u00e1\u201d, el programa provincial que permite financiar compras para el D\u00eda de la Madre hasta en 12 cuotas sin inter\u00e9s y que estar\u00e1 vigente en toda la provincia los d\u00edas viernes 14 y s\u00e1bado 15 de octubre con reintegros de hasta el 20%. As\u00ed, esta ma\u00f1ana en Sala de Situaci\u00f3n, tambi\u00e9n se present\u00f3 un programa de descuentos espec\u00edfico para la localidad de Eldorado que ofrecer\u00e1 6 y 12 cuotas sin inter\u00e9s en varios rubros incluidos hoteles y gastronom\u00eda con vigencia del 6 al 8 de octubre pr\u00f3ximo.<\/p>\n\n\n\n<p>El gobernador Oscar Herrera Ahuad encabez\u00f3 los lanzamientos como una forma de ayudar y acompa\u00f1ar desde el Gobierno provincial \u201cincentivando los diferentes programas que hacen al circuito econ\u00f3mico, pero tambi\u00e9n con una visi\u00f3n m\u00e1s all\u00e1 del beneficio del \u00e1rea comercial\u00bb. Asegur\u00f3 que las medidas tienen como objetivo final cuidar el bolsillo de las personas, en especial para que \u00abla gente pueda acceder a descuentos importantes como una medida antic\u00edclica a los problemas macroecon\u00f3micos de la Argentina. As\u00ed, demostramos firmemente la visi\u00f3n de un Gobierno provincial que genera este tipo de pol\u00edticas\u00bb.<br>Igualmente, valor\u00f3 la anterior gesti\u00f3n de Hugo Passalacqua como gobernador, que inici\u00f3 los programas Ahora y que actualmente \u00abson muy exitosos, \u00fanicos en la Argentina y ejemplo para los organismos nacionales en lo que hace a la pol\u00edtica macroecon\u00f3mica\u00bb. Con el mismo \u00e9nfasis, expres\u00f3 que el programa \u201cAhora Mam\u00e1\u201d ayuda a las familias a poder comprar un presente a sus madres y cumple una funci\u00f3n social del Estado provincial.<\/p>\n\n\n\n<figure class=\"wp-block-image size-full\"><a href=\"https:\/\/cvinoticias.com\/wp-content\/uploads\/2022\/09\/FB_IMG_1663757624195.jpg\"><img decoding=\"async\" width=\"1024\" height=\"683\" data-src=\"https:\/\/cvinoticias.com\/wp-content\/uploads\/2022\/09\/FB_IMG_1663757624195.jpg\" alt=\"\" class=\"wp-image-19343 lazyload\" data-srcset=\"https:\/\/cvinoticias.com\/wp-content\/uploads\/2022\/09\/FB_IMG_1663757624195.jpg 1024w, https:\/\/cvinoticias.com\/wp-content\/uploads\/2022\/09\/FB_IMG_1663757624195-300x200.jpg 300w, https:\/\/cvinoticias.com\/wp-content\/uploads\/2022\/09\/FB_IMG_1663757624195-768x512.jpg 768w\" data-sizes=\"(max-width: 1024px) 100vw, 1024px\" src=\"data:image\/svg+xml;base64,PHN2ZyB3aWR0aD0iMSIgaGVpZ2h0PSIxIiB4bWxucz0iaHR0cDovL3d3dy53My5vcmcvMjAwMC9zdmciPjwvc3ZnPg==\" style=\"--smush-placeholder-width: 1024px; --smush-placeholder-aspect-ratio: 1024\/683;\" \/><\/a><\/figure>\n\n\n\n<p>A su turno, el ministro de Hacienda, Adolfo Safr\u00e1n, dio detalles del beneficio espec\u00edfico para la temporada de compras del D\u00eda de la Madre. Inform\u00f3 que los comercios que actualmente est\u00e1n en el programa Ahora Misiones, Ahora Misiones + 21, Ahora Bienes Durables participan autom\u00e1ticamente. No obstante, aclar\u00f3 que los que quieran adherirse o darse de baja pueden hacerlo hasta el 25\/9\/22 en www.ahora.misiones.gob.ar o en el enlace abierto de manera provisoria https:\/\/programaahora.misiones.gob.ar\/ahora-mama\/<\/p>\n\n\n\n<p>Por \u00faltimo, el presidente de la C\u00e1mara de Comercio e Industria de Eldorado, Jos\u00e9 Ag\u00fcero y la viceintendenta de Eldorado, Olinda Tucholke, agradecieron el acompa\u00f1amiento del Gobierno de Misiones al sector comercial de la Capital del Trabajo.<\/p>\n\n\n\n<p>Entre los asistentes al evento estuvieron el vicepresidente primero de la C\u00e1mara de Representantes, Hugo Passalacqua, el representante de la C\u00e1mara de Comercio e Industria de Posadas, Sergio Guelma, el titular de la Confederaci\u00f3n Econ\u00f3mica de Misiones, Alejandro Haene y la representante del Banco Macro, Tamara Posckta<\/p>\n\n\n\n<p><strong>AHORA MAM\u00c1<\/strong><\/p>\n\n\n\n<p>En ocasi\u00f3n de celebrar el D\u00eda de la Madre se realiza una nueva edici\u00f3n del programa provincial \u201cAhora Mam\u00e1\u201d que contempla un reintegro en el resumen de la tarjeta de cr\u00e9dito del 20% o del 15% aplicado sobre el monto de las operaciones que realicen los consumidores con un tope de $7.700 por cuenta y marca de tarjeta de cr\u00e9dito; dependiendo si el comercio es o no misionero. Todo ello hasta en 12 cuotas mediante la utilizaci\u00f3n de tarjetas de cr\u00e9dito del Banco Macro. El l\u00edmite de compra mensual financiable es de $ 100.000 por cuenta y marca de tarjeta de cr\u00e9dito.<\/p>\n\n\n\n<p><strong>EL PROGRAMA DE DESCUENTOS PARA ELDORADO<\/strong><\/p>\n\n\n\n<p>Por otra parte, el beneficio crediticio \u00fanico para esta localidad, estar\u00e1 vigente del 6 al 8 de octubre organizado por la C\u00e1mara de Comercio y el municipio con el apoyo del Estado provincial. Los comercios ya adheridos al Ahora Misiones, Ahora Bienes Durables y Ahora Misiones + 21 % participen autom\u00e1ticamente. Este programa contemplar\u00e1 Compras en hasta en seis cuotas sin inter\u00e9s con tope financiable que deber\u00e1n cumplir los comercios adheridos, que es igual al establecido en el Ahora Misiones, que asciende a $100.000.<\/p>\n\n\n\n<p>Precisamente, las actividades que comprende son las que est\u00e1n detalladas en el actual \u00abAhora Misiones\u00bb, \u201cAhora Misiones + 21 %\u201d m\u00e1s la inclusi\u00f3n de la prestaci\u00f3n de los servicios por parte de los hoteles, hoster\u00edas y rubro gastron\u00f3micos. Mientras que para los rubros: motocicletas, electrodom\u00e9sticos, materiales y herramientas de construcci\u00f3n, colchones, y muebles contempla compras hasta en 12 cuotas sin intereses. Los topes financiables ascienden a $ 200.000 para dichos rubros. Vale aclarar que la medida no otorga reintegro, pues los comercios hacen descuento en mostrador.<\/p>\n\n\n\n<p><strong>NUEVOS PROGRAMAS PARA LOS MISIONEROS<\/strong><\/p>\n\n\n\n<p>Durante la conferencia, Herrera Ahuad anunci\u00f3 la pr\u00f3xima implementaci\u00f3n de tres nuevos programas. El primero es una nueva l\u00ednea de financiaci\u00f3n a trav\u00e9s del Fondo de Cr\u00e9dito Misiones con un programa de peque\u00f1os cr\u00e9ditos para aquellos interesados en iniciar sus primeras empresas o Pymes. Tendr\u00e1 una tasa de inter\u00e9s muy baja y dirigida a personas que no califican para cr\u00e9ditos usuales en otras entidades crediticias y bancarias.<\/p>\n\n\n\n<p>En tanto, la otra iniciativa presentada por Herrera Ahuad es un nuevo programa de financiamiento para los 77 municipios con foco en la compra de maquinaria vial. Aclar\u00f3 que se est\u00e1n utimando detalles para su pr\u00f3xima implementaci\u00f3n.<br>Por \u00faltimo, adelant\u00f3 la creaci\u00f3n de un nuevo programa Ahora enfocado en la protecci\u00f3n y el cuidado de mascotas con descuentos en la adquisici\u00f3n de alimentos.<\/p>\n\n\n\n<figure class=\"wp-block-image size-full\"><a href=\"https:\/\/cvinoticias.com\/wp-content\/uploads\/2022\/09\/FB_IMG_1663757620079.jpg\"><img decoding=\"async\" width=\"1024\" height=\"683\" data-src=\"https:\/\/cvinoticias.com\/wp-content\/uploads\/2022\/09\/FB_IMG_1663757620079.jpg\" alt=\"\" class=\"wp-image-19344 lazyload\" data-srcset=\"https:\/\/cvinoticias.com\/wp-content\/uploads\/2022\/09\/FB_IMG_1663757620079.jpg 1024w, https:\/\/cvinoticias.com\/wp-content\/uploads\/2022\/09\/FB_IMG_1663757620079-300x200.jpg 300w, https:\/\/cvinoticias.com\/wp-content\/uploads\/2022\/09\/FB_IMG_1663757620079-768x512.jpg 768w\" data-sizes=\"(max-width: 1024px) 100vw, 1024px\" src=\"data:image\/svg+xml;base64,PHN2ZyB3aWR0aD0iMSIgaGVpZ2h0PSIxIiB4bWxucz0iaHR0cDovL3d3dy53My5vcmcvMjAwMC9zdmciPjwvc3ZnPg==\" style=\"--smush-placeholder-width: 1024px; --smush-placeholder-aspect-ratio: 1024\/683;\" \/><\/a><\/figure>\n","protected":false},"excerpt":{"rendered":"<p>El Gobernador encabez\u00f3 la presentaci\u00f3n de la nueva edici\u00f3n del programa provincial \u201cAhora Mam\u00e1\u201d, que estar\u00e1 vigente en toda la provincia los d\u00edas viernes 14 y s\u00e1bado 15 de octubre. Adem\u00e1s, se present\u00f3 un programa de descuentos espec\u00edfico para Eldorado Tambi\u00e9n, Herrera Ahuad anunci\u00f3 la pr\u00f3xima implementaci\u00f3n de una l\u00ednea del Fondo Cr\u00e9dito Misiones para [&hellip;]<\/p>\n","protected":false},"author":2,"featured_media":19345,"comment_status":"open","ping_status":"open","sticky":false,"template":"","format":"standard","meta":{"footnotes":""},"categories":[43],"tags":[],"class_list":["post-19342","post","type-post","status-publish","format-standard","has-post-thumbnail","hentry","category-provinciales"],"yoast_head":"<!-- This site is optimized with the Yoast SEO plugin v27.5 - https:\/\/yoast.com\/product\/yoast-seo-wordpress\/ -->\n<title>Anunciaron el Programa \u201cAHORA MAM\u00c1\u201d y otro de descuentos para Eldorado | CVI NOTICIAS<\/title>\n<meta name=\"robots\" content=\"index, follow, max-snippet:-1, max-image-preview:large, max-video-preview:-1\" \/>\n<link rel=\"canonical\" href=\"https:\/\/cvinoticias.com\/v3\/anunciaron-el-programa-ahora-mama-y-otro-de-descuentos-para-eldorado\/\" \/>\n<meta property=\"og:locale\" content=\"es_ES\" \/>\n<meta property=\"og:type\" content=\"article\" \/>\n<meta property=\"og:title\" content=\"Anunciaron el Programa \u201cAHORA MAM\u00c1\u201d y otro de descuentos para Eldorado | CVI NOTICIAS\" \/>\n<meta property=\"og:description\" content=\"El Gobernador encabez\u00f3 la presentaci\u00f3n de la nueva edici\u00f3n del programa provincial \u201cAhora Mam\u00e1\u201d, que estar\u00e1 vigente en toda la provincia los d\u00edas viernes 14 y s\u00e1bado 15 de octubre. Adem\u00e1s, se present\u00f3 un programa de descuentos espec\u00edfico para Eldorado Tambi\u00e9n, Herrera Ahuad anunci\u00f3 la pr\u00f3xima implementaci\u00f3n de una l\u00ednea del Fondo Cr\u00e9dito Misiones para [&hellip;]\" \/>\n<meta property=\"og:url\" content=\"https:\/\/cvinoticias.com\/v3\/anunciaron-el-programa-ahora-mama-y-otro-de-descuentos-para-eldorado\/\" \/>\n<meta property=\"og:site_name\" content=\"CVI NOTICIAS\" \/>\n<meta property=\"article:publisher\" content=\"https:\/\/www.facebook.com\/cvinoticias\" \/>\n<meta property=\"article:published_time\" content=\"2022-09-21T11:04:06+00:00\" \/>\n<meta property=\"og:image\" content=\"https:\/\/cvinoticias.com\/wp-content\/uploads\/2022\/09\/FB_IMG_1663757616687.jpg\" \/>\n\t<meta property=\"og:image:width\" content=\"1024\" \/>\n\t<meta property=\"og:image:height\" content=\"683\" \/>\n\t<meta property=\"og:image:type\" content=\"image\/jpeg\" \/>\n<meta name=\"author\" content=\"f1000024\" \/>\n<meta name=\"twitter:card\" content=\"summary_large_image\" \/>\n<meta name=\"twitter:label1\" content=\"Escrito por\" \/>\n\t<meta name=\"twitter:data1\" content=\"f1000024\" \/>\n\t<meta name=\"twitter:label2\" content=\"Tiempo de lectura\" \/>\n\t<meta name=\"twitter:data2\" content=\"5 minutos\" \/>\n<script type=\"application\/ld+json\" class=\"yoast-schema-graph\">{\"@context\":\"https:\\\/\\\/schema.org\",\"@graph\":[{\"@type\":\"Article\",\"@id\":\"https:\\\/\\\/cvinoticias.com\\\/v3\\\/anunciaron-el-programa-ahora-mama-y-otro-de-descuentos-para-eldorado\\\/#article\",\"isPartOf\":{\"@id\":\"https:\\\/\\\/cvinoticias.com\\\/v3\\\/anunciaron-el-programa-ahora-mama-y-otro-de-descuentos-para-eldorado\\\/\"},\"author\":{\"name\":\"f1000024\",\"@id\":\"https:\\\/\\\/cvinoticias.com\\\/v3\\\/#\\\/schema\\\/person\\\/2db77e3c6bc03c538495d7b2b8be9b66\"},\"headline\":\"Anunciaron el Programa \u201cAHORA MAM\u00c1\u201d y otro de descuentos para Eldorado\",\"datePublished\":\"2022-09-21T11:04:06+00:00\",\"mainEntityOfPage\":{\"@id\":\"https:\\\/\\\/cvinoticias.com\\\/v3\\\/anunciaron-el-programa-ahora-mama-y-otro-de-descuentos-para-eldorado\\\/\"},\"wordCount\":980,\"commentCount\":0,\"publisher\":{\"@id\":\"https:\\\/\\\/cvinoticias.com\\\/v3\\\/#organization\"},\"image\":{\"@id\":\"https:\\\/\\\/cvinoticias.com\\\/v3\\\/anunciaron-el-programa-ahora-mama-y-otro-de-descuentos-para-eldorado\\\/#primaryimage\"},\"thumbnailUrl\":\"https:\\\/\\\/cvinoticias.com\\\/wp-content\\\/uploads\\\/2022\\\/09\\\/FB_IMG_1663757616687.jpg\",\"articleSection\":[\"Provinciales\"],\"inLanguage\":\"es\",\"potentialAction\":[{\"@type\":\"CommentAction\",\"name\":\"Comment\",\"target\":[\"https:\\\/\\\/cvinoticias.com\\\/v3\\\/anunciaron-el-programa-ahora-mama-y-otro-de-descuentos-para-eldorado\\\/#respond\"]}]},{\"@type\":\"WebPage\",\"@id\":\"https:\\\/\\\/cvinoticias.com\\\/v3\\\/anunciaron-el-programa-ahora-mama-y-otro-de-descuentos-para-eldorado\\\/\",\"url\":\"https:\\\/\\\/cvinoticias.com\\\/v3\\\/anunciaron-el-programa-ahora-mama-y-otro-de-descuentos-para-eldorado\\\/\",\"name\":\"Anunciaron el Programa \u201cAHORA MAM\u00c1\u201d y otro de descuentos para Eldorado | CVI NOTICIAS\",\"isPartOf\":{\"@id\":\"https:\\\/\\\/cvinoticias.com\\\/v3\\\/#website\"},\"primaryImageOfPage\":{\"@id\":\"https:\\\/\\\/cvinoticias.com\\\/v3\\\/anunciaron-el-programa-ahora-mama-y-otro-de-descuentos-para-eldorado\\\/#primaryimage\"},\"image\":{\"@id\":\"https:\\\/\\\/cvinoticias.com\\\/v3\\\/anunciaron-el-programa-ahora-mama-y-otro-de-descuentos-para-eldorado\\\/#primaryimage\"},\"thumbnailUrl\":\"https:\\\/\\\/cvinoticias.com\\\/wp-content\\\/uploads\\\/2022\\\/09\\\/FB_IMG_1663757616687.jpg\",\"datePublished\":\"2022-09-21T11:04:06+00:00\",\"breadcrumb\":{\"@id\":\"https:\\\/\\\/cvinoticias.com\\\/v3\\\/anunciaron-el-programa-ahora-mama-y-otro-de-descuentos-para-eldorado\\\/#breadcrumb\"},\"inLanguage\":\"es\",\"potentialAction\":[{\"@type\":\"ReadAction\",\"target\":[\"https:\\\/\\\/cvinoticias.com\\\/v3\\\/anunciaron-el-programa-ahora-mama-y-otro-de-descuentos-para-eldorado\\\/\"]}]},{\"@type\":\"ImageObject\",\"inLanguage\":\"es\",\"@id\":\"https:\\\/\\\/cvinoticias.com\\\/v3\\\/anunciaron-el-programa-ahora-mama-y-otro-de-descuentos-para-eldorado\\\/#primaryimage\",\"url\":\"https:\\\/\\\/cvinoticias.com\\\/wp-content\\\/uploads\\\/2022\\\/09\\\/FB_IMG_1663757616687.jpg\",\"contentUrl\":\"https:\\\/\\\/cvinoticias.com\\\/wp-content\\\/uploads\\\/2022\\\/09\\\/FB_IMG_1663757616687.jpg\",\"width\":1024,\"height\":683},{\"@type\":\"BreadcrumbList\",\"@id\":\"https:\\\/\\\/cvinoticias.com\\\/v3\\\/anunciaron-el-programa-ahora-mama-y-otro-de-descuentos-para-eldorado\\\/#breadcrumb\",\"itemListElement\":[{\"@type\":\"ListItem\",\"position\":1,\"name\":\"Portada\",\"item\":\"https:\\\/\\\/cvinoticias.com\\\/v3\\\/\"},{\"@type\":\"ListItem\",\"position\":2,\"name\":\"Anunciaron el Programa \u201cAHORA MAM\u00c1\u201d y otro de descuentos para Eldorado\"}]},{\"@type\":\"WebSite\",\"@id\":\"https:\\\/\\\/cvinoticias.com\\\/v3\\\/#website\",\"url\":\"https:\\\/\\\/cvinoticias.com\\\/v3\\\/\",\"name\":\"CVI NOTICIAS\",\"description\":\"\",\"publisher\":{\"@id\":\"https:\\\/\\\/cvinoticias.com\\\/v3\\\/#organization\"},\"alternateName\":\"CVI\",\"potentialAction\":[{\"@type\":\"SearchAction\",\"target\":{\"@type\":\"EntryPoint\",\"urlTemplate\":\"https:\\\/\\\/cvinoticias.com\\\/v3\\\/?s={search_term_string}\"},\"query-input\":{\"@type\":\"PropertyValueSpecification\",\"valueRequired\":true,\"valueName\":\"search_term_string\"}}],\"inLanguage\":\"es\"},{\"@type\":\"Organization\",\"@id\":\"https:\\\/\\\/cvinoticias.com\\\/v3\\\/#organization\",\"name\":\"CVI NOTICIAS\",\"url\":\"https:\\\/\\\/cvinoticias.com\\\/v3\\\/\",\"logo\":{\"@type\":\"ImageObject\",\"inLanguage\":\"es\",\"@id\":\"https:\\\/\\\/cvinoticias.com\\\/v3\\\/#\\\/schema\\\/logo\\\/image\\\/\",\"url\":\"https:\\\/\\\/cvinoticias.com\\\/wp-content\\\/uploads\\\/2023\\\/04\\\/cropped-cropped-cropped-cropped-cropped-3-1.png\",\"contentUrl\":\"https:\\\/\\\/cvinoticias.com\\\/wp-content\\\/uploads\\\/2023\\\/04\\\/cropped-cropped-cropped-cropped-cropped-3-1.png\",\"width\":95,\"height\":122,\"caption\":\"CVI NOTICIAS\"},\"image\":{\"@id\":\"https:\\\/\\\/cvinoticias.com\\\/v3\\\/#\\\/schema\\\/logo\\\/image\\\/\"},\"sameAs\":[\"https:\\\/\\\/www.facebook.com\\\/cvinoticias\",\"https:\\\/\\\/www.instagram.com\\\/cvinoticias\\\/\",\"https:\\\/\\\/www.youtube.com\\\/@CVINOTICIAS\"]},{\"@type\":\"Person\",\"@id\":\"https:\\\/\\\/cvinoticias.com\\\/v3\\\/#\\\/schema\\\/person\\\/2db77e3c6bc03c538495d7b2b8be9b66\",\"name\":\"f1000024\",\"image\":{\"@type\":\"ImageObject\",\"inLanguage\":\"es\",\"@id\":\"https:\\\/\\\/secure.gravatar.com\\\/avatar\\\/d4fe7459cfc51ff5129ce1a732bbef5928568b8092d412ef95611616376bbeed?s=96&d=mm&r=g\",\"url\":\"https:\\\/\\\/secure.gravatar.com\\\/avatar\\\/d4fe7459cfc51ff5129ce1a732bbef5928568b8092d412ef95611616376bbeed?s=96&d=mm&r=g\",\"contentUrl\":\"https:\\\/\\\/secure.gravatar.com\\\/avatar\\\/d4fe7459cfc51ff5129ce1a732bbef5928568b8092d412ef95611616376bbeed?s=96&d=mm&r=g\",\"caption\":\"f1000024\"},\"url\":\"https:\\\/\\\/cvinoticias.com\\\/v3\\\/author\\\/f1000024\\\/\"}]}<\/script>\n<!-- \/ Yoast SEO plugin. -->","yoast_head_json":{"title":"Anunciaron el Programa \u201cAHORA MAM\u00c1\u201d y otro de descuentos para Eldorado | CVI NOTICIAS","robots":{"index":"index","follow":"follow","max-snippet":"max-snippet:-1","max-image-preview":"max-image-preview:large","max-video-preview":"max-video-preview:-1"},"canonical":"https:\/\/cvinoticias.com\/v3\/anunciaron-el-programa-ahora-mama-y-otro-de-descuentos-para-eldorado\/","og_locale":"es_ES","og_type":"article","og_title":"Anunciaron el Programa \u201cAHORA MAM\u00c1\u201d y otro de descuentos para Eldorado | CVI NOTICIAS","og_description":"El Gobernador encabez\u00f3 la presentaci\u00f3n de la nueva edici\u00f3n del programa provincial \u201cAhora Mam\u00e1\u201d, que estar\u00e1 vigente en toda la provincia los d\u00edas viernes 14 y s\u00e1bado 15 de octubre. Adem\u00e1s, se present\u00f3 un programa de descuentos espec\u00edfico para Eldorado Tambi\u00e9n, Herrera Ahuad anunci\u00f3 la pr\u00f3xima implementaci\u00f3n de una l\u00ednea del Fondo Cr\u00e9dito Misiones para [&hellip;]","og_url":"https:\/\/cvinoticias.com\/v3\/anunciaron-el-programa-ahora-mama-y-otro-de-descuentos-para-eldorado\/","og_site_name":"CVI NOTICIAS","article_publisher":"https:\/\/www.facebook.com\/cvinoticias","article_published_time":"2022-09-21T11:04:06+00:00","og_image":[{"width":1024,"height":683,"url":"https:\/\/cvinoticias.com\/wp-content\/uploads\/2022\/09\/FB_IMG_1663757616687.jpg","type":"image\/jpeg"}],"author":"f1000024","twitter_card":"summary_large_image","twitter_misc":{"Escrito por":"f1000024","Tiempo de lectura":"5 minutos"},"schema":{"@context":"https:\/\/schema.org","@graph":[{"@type":"Article","@id":"https:\/\/cvinoticias.com\/v3\/anunciaron-el-programa-ahora-mama-y-otro-de-descuentos-para-eldorado\/#article","isPartOf":{"@id":"https:\/\/cvinoticias.com\/v3\/anunciaron-el-programa-ahora-mama-y-otro-de-descuentos-para-eldorado\/"},"author":{"name":"f1000024","@id":"https:\/\/cvinoticias.com\/v3\/#\/schema\/person\/2db77e3c6bc03c538495d7b2b8be9b66"},"headline":"Anunciaron el Programa \u201cAHORA MAM\u00c1\u201d y otro de descuentos para Eldorado","datePublished":"2022-09-21T11:04:06+00:00","mainEntityOfPage":{"@id":"https:\/\/cvinoticias.com\/v3\/anunciaron-el-programa-ahora-mama-y-otro-de-descuentos-para-eldorado\/"},"wordCount":980,"commentCount":0,"publisher":{"@id":"https:\/\/cvinoticias.com\/v3\/#organization"},"image":{"@id":"https:\/\/cvinoticias.com\/v3\/anunciaron-el-programa-ahora-mama-y-otro-de-descuentos-para-eldorado\/#primaryimage"},"thumbnailUrl":"https:\/\/cvinoticias.com\/wp-content\/uploads\/2022\/09\/FB_IMG_1663757616687.jpg","articleSection":["Provinciales"],"inLanguage":"es","potentialAction":[{"@type":"CommentAction","name":"Comment","target":["https:\/\/cvinoticias.com\/v3\/anunciaron-el-programa-ahora-mama-y-otro-de-descuentos-para-eldorado\/#respond"]}]},{"@type":"WebPage","@id":"https:\/\/cvinoticias.com\/v3\/anunciaron-el-programa-ahora-mama-y-otro-de-descuentos-para-eldorado\/","url":"https:\/\/cvinoticias.com\/v3\/anunciaron-el-programa-ahora-mama-y-otro-de-descuentos-para-eldorado\/","name":"Anunciaron el Programa \u201cAHORA MAM\u00c1\u201d y otro de descuentos para Eldorado | CVI NOTICIAS","isPartOf":{"@id":"https:\/\/cvinoticias.com\/v3\/#website"},"primaryImageOfPage":{"@id":"https:\/\/cvinoticias.com\/v3\/anunciaron-el-programa-ahora-mama-y-otro-de-descuentos-para-eldorado\/#primaryimage"},"image":{"@id":"https:\/\/cvinoticias.com\/v3\/anunciaron-el-programa-ahora-mama-y-otro-de-descuentos-para-eldorado\/#primaryimage"},"thumbnailUrl":"https:\/\/cvinoticias.com\/wp-content\/uploads\/2022\/09\/FB_IMG_1663757616687.jpg","datePublished":"2022-09-21T11:04:06+00:00","breadcrumb":{"@id":"https:\/\/cvinoticias.com\/v3\/anunciaron-el-programa-ahora-mama-y-otro-de-descuentos-para-eldorado\/#breadcrumb"},"inLanguage":"es","potentialAction":[{"@type":"ReadAction","target":["https:\/\/cvinoticias.com\/v3\/anunciaron-el-programa-ahora-mama-y-otro-de-descuentos-para-eldorado\/"]}]},{"@type":"ImageObject","inLanguage":"es","@id":"https:\/\/cvinoticias.com\/v3\/anunciaron-el-programa-ahora-mama-y-otro-de-descuentos-para-eldorado\/#primaryimage","url":"https:\/\/cvinoticias.com\/wp-content\/uploads\/2022\/09\/FB_IMG_1663757616687.jpg","contentUrl":"https:\/\/cvinoticias.com\/wp-content\/uploads\/2022\/09\/FB_IMG_1663757616687.jpg","width":1024,"height":683},{"@type":"BreadcrumbList","@id":"https:\/\/cvinoticias.com\/v3\/anunciaron-el-programa-ahora-mama-y-otro-de-descuentos-para-eldorado\/#breadcrumb","itemListElement":[{"@type":"ListItem","position":1,"name":"Portada","item":"https:\/\/cvinoticias.com\/v3\/"},{"@type":"ListItem","position":2,"name":"Anunciaron el Programa \u201cAHORA MAM\u00c1\u201d y otro de descuentos para Eldorado"}]},{"@type":"WebSite","@id":"https:\/\/cvinoticias.com\/v3\/#website","url":"https:\/\/cvinoticias.com\/v3\/","name":"CVI NOTICIAS","description":"","publisher":{"@id":"https:\/\/cvinoticias.com\/v3\/#organization"},"alternateName":"CVI","potentialAction":[{"@type":"SearchAction","target":{"@type":"EntryPoint","urlTemplate":"https:\/\/cvinoticias.com\/v3\/?s={search_term_string}"},"query-input":{"@type":"PropertyValueSpecification","valueRequired":true,"valueName":"search_term_string"}}],"inLanguage":"es"},{"@type":"Organization","@id":"https:\/\/cvinoticias.com\/v3\/#organization","name":"CVI NOTICIAS","url":"https:\/\/cvinoticias.com\/v3\/","logo":{"@type":"ImageObject","inLanguage":"es","@id":"https:\/\/cvinoticias.com\/v3\/#\/schema\/logo\/image\/","url":"https:\/\/cvinoticias.com\/wp-content\/uploads\/2023\/04\/cropped-cropped-cropped-cropped-cropped-3-1.png","contentUrl":"https:\/\/cvinoticias.com\/wp-content\/uploads\/2023\/04\/cropped-cropped-cropped-cropped-cropped-3-1.png","width":95,"height":122,"caption":"CVI NOTICIAS"},"image":{"@id":"https:\/\/cvinoticias.com\/v3\/#\/schema\/logo\/image\/"},"sameAs":["https:\/\/www.facebook.com\/cvinoticias","https:\/\/www.instagram.com\/cvinoticias\/","https:\/\/www.youtube.com\/@CVINOTICIAS"]},{"@type":"Person","@id":"https:\/\/cvinoticias.com\/v3\/#\/schema\/person\/2db77e3c6bc03c538495d7b2b8be9b66","name":"f1000024","image":{"@type":"ImageObject","inLanguage":"es","@id":"https:\/\/secure.gravatar.com\/avatar\/d4fe7459cfc51ff5129ce1a732bbef5928568b8092d412ef95611616376bbeed?s=96&d=mm&r=g","url":"https:\/\/secure.gravatar.com\/avatar\/d4fe7459cfc51ff5129ce1a732bbef5928568b8092d412ef95611616376bbeed?s=96&d=mm&r=g","contentUrl":"https:\/\/secure.gravatar.com\/avatar\/d4fe7459cfc51ff5129ce1a732bbef5928568b8092d412ef95611616376bbeed?s=96&d=mm&r=g","caption":"f1000024"},"url":"https:\/\/cvinoticias.com\/v3\/author\/f1000024\/"}]}},"_links":{"self":[{"href":"https:\/\/cvinoticias.com\/v3\/wp-json\/wp\/v2\/posts\/19342","targetHints":{"allow":["GET"]}}],"collection":[{"href":"https:\/\/cvinoticias.com\/v3\/wp-json\/wp\/v2\/posts"}],"about":[{"href":"https:\/\/cvinoticias.com\/v3\/wp-json\/wp\/v2\/types\/post"}],"author":[{"embeddable":true,"href":"https:\/\/cvinoticias.com\/v3\/wp-json\/wp\/v2\/users\/2"}],"replies":[{"embeddable":true,"href":"https:\/\/cvinoticias.com\/v3\/wp-json\/wp\/v2\/comments?post=19342"}],"version-history":[{"count":1,"href":"https:\/\/cvinoticias.com\/v3\/wp-json\/wp\/v2\/posts\/19342\/revisions"}],"predecessor-version":[{"id":19346,"href":"https:\/\/cvinoticias.com\/v3\/wp-json\/wp\/v2\/posts\/19342\/revisions\/19346"}],"wp:featuredmedia":[{"embeddable":true,"href":"https:\/\/cvinoticias.com\/v3\/wp-json\/wp\/v2\/media\/19345"}],"wp:attachment":[{"href":"https:\/\/cvinoticias.com\/v3\/wp-json\/wp\/v2\/media?parent=19342"}],"wp:term":[{"taxonomy":"category","embeddable":true,"href":"https:\/\/cvinoticias.com\/v3\/wp-json\/wp\/v2\/categories?post=19342"},{"taxonomy":"post_tag","embeddable":true,"href":"https:\/\/cvinoticias.com\/v3\/wp-json\/wp\/v2\/tags?post=19342"}],"curies":[{"name":"wp","href":"https:\/\/api.w.org\/{rel}","templated":true}]}}