{"id":19333,"date":"2022-09-21T04:34:21","date_gmt":"2022-09-21T04:34:21","guid":{"rendered":"https:\/\/cvinoticias.com\/v3\/?p=19333"},"modified":"2022-09-21T04:34:21","modified_gmt":"2022-09-21T04:34:21","slug":"es-gimnasta-misionera-y-la-convocaron-para-trabajar-en-un-circo-internacional","status":"publish","type":"post","link":"https:\/\/cvinoticias.com\/v3\/es-gimnasta-misionera-y-la-convocaron-para-trabajar-en-un-circo-internacional\/","title":{"rendered":"Es gimnasta misionera y la convocaron para trabajar en un circo internacional"},"content":{"rendered":"\n<p><strong><em>Tiene 23 a\u00f1os y ahora, cumple su sue\u00f1o de representar a Misiones a nivel internacional.<\/em><\/strong><\/p>\n\n\n\n<p>Lara Maciel es oriunda de Leandro N. Alem. Criada en una familia de artistas, practica gimnasia r\u00edtmica desde los 4 a\u00f1os. \u00abCrec\u00ed en el ambiente art\u00edstico porque, \u201cEscuela de Deportes Victoria\u201d hace m\u00e1s de 20 a\u00f1os que est\u00e1 en mi ciudad a cargo de mi mam\u00e1, Daniela Resoalbe y mi pap\u00e1, Marcelo Maciel; donde ambos arrancaron con la gimnasia art\u00edstica\u00bb, dijo Lara.<\/p>\n\n\n\n<p>Haciendo referencia a sus sue\u00f1os de peque\u00f1a, la joven misionera detall\u00f3: \u00abcada cierre de a\u00f1o siempre hay una gala art\u00edstica donde hay baile, show, un ambiente de circo. Entonces, desde muy chica so\u00f1\u00e9 con trabajar en un circo. Siempre que iba al circo le dec\u00eda a mi mam\u00e1, \u201cyo quiero estar ah\u00ed\u201d\u00bb.<\/p>\n\n\n\n<figure class=\"wp-block-image size-full is-resized\"><a href=\"https:\/\/cvinoticias.com\/wp-content\/uploads\/2022\/09\/IMG-20220920-WA0059.jpg\"><img decoding=\"async\" data-src=\"https:\/\/cvinoticias.com\/wp-content\/uploads\/2022\/09\/IMG-20220920-WA0059.jpg\" alt=\"\" class=\"wp-image-19334 lazyload\" width=\"691\" height=\"924\" data-srcset=\"https:\/\/cvinoticias.com\/wp-content\/uploads\/2022\/09\/IMG-20220920-WA0059.jpg 387w, https:\/\/cvinoticias.com\/wp-content\/uploads\/2022\/09\/IMG-20220920-WA0059-224x300.jpg 224w\" data-sizes=\"(max-width: 691px) 100vw, 691px\" src=\"data:image\/svg+xml;base64,PHN2ZyB3aWR0aD0iMSIgaGVpZ2h0PSIxIiB4bWxucz0iaHR0cDovL3d3dy53My5vcmcvMjAwMC9zdmciPjwvc3ZnPg==\" style=\"--smush-placeholder-width: 691px; --smush-placeholder-aspect-ratio: 691\/924;\" \/><\/a><\/figure>\n\n\n\n<p>Asimismo, Lara gan\u00f3 diversos premios como gimnasta, contorsionista, acr\u00f3bata y bailarina, dejando en alto a la tierra colorada. \u00abArranqu\u00e9 con la gimnasia r\u00edtmica representando a Misiones en la categor\u00eda B. El a\u00f1o pasado, dej\u00e9 de competir y me dediqu\u00e9 a la acrobacia, el contorsionismo, el baile. Me fui formando en diferentes ramas del baile: jazz, hip hop, danza urbana. Todo ello para ser una bailarina integral\u00bb, coment\u00f3.<\/p>\n\n\n\n<p>Ahora, la gimnasta fue seleccionada en una audici\u00f3n de la productora Bp Artist y Clasiques Shows para trabajar, como bailarina, durante seis meses en el pa\u00eds de Honduras, participando del circo internacional \u201cEspectaculares hermanos fuentes Gasca de M\u00e9xico\u201d.<\/p>\n\n\n\n<p>En relaci\u00f3n a ello, explic\u00f3 qu\u00e9 significa para ella el haber sido convocada al exterior ya que, desde muy peque\u00f1a, viene trabajando d\u00eda a d\u00eda para superarse, siempre en busca de mantener en alto su provincia.<\/p>\n\n\n\n<p>\u00abEstoy muy contenta por esta oportunidad. Cuando sali\u00f3 este casting, mand\u00e9 mis datos, mis videos, y mi curr\u00edculum. R\u00e1pidamente me seleccionaron y en una semana me voy\u00bb, manifest\u00f3 Lara y a\u00f1adi\u00f3: \u00abel 30 de septiembre arranco a trabajar en el circo. Estoy s\u00faper contenta por esta oportunidad\u00bb.<\/p>\n\n\n\n<p>Mostr\u00e1ndose agradecida con su familia y su provincia, la acr\u00f3bata se\u00f1al\u00f3: \u00abmis papas invirtieron toda la vida en mi. Me pas\u00e9 la vida prepar\u00e1ndome para esta oportunidad as\u00ed que, la realidad es que todo llega, tiempo al tiempo. Estoy muy contenta y agradecida de poder representar a Misiones. Es una oportunidad que me va a abrir muchas puertas, as\u00ed que s\u00faper feliz\u00bb, cerr\u00f3.<\/p>\n\n\n\n<figure class=\"wp-block-image size-full is-resized\"><a href=\"https:\/\/cvinoticias.com\/wp-content\/uploads\/2022\/09\/IMG-20220921-WA0006.jpg\"><img decoding=\"async\" data-src=\"https:\/\/cvinoticias.com\/wp-content\/uploads\/2022\/09\/IMG-20220921-WA0006.jpg\" alt=\"\" class=\"wp-image-19335 lazyload\" width=\"691\" height=\"873\" data-srcset=\"https:\/\/cvinoticias.com\/wp-content\/uploads\/2022\/09\/IMG-20220921-WA0006.jpg 424w, https:\/\/cvinoticias.com\/wp-content\/uploads\/2022\/09\/IMG-20220921-WA0006-238x300.jpg 238w\" data-sizes=\"(max-width: 691px) 100vw, 691px\" src=\"data:image\/svg+xml;base64,PHN2ZyB3aWR0aD0iMSIgaGVpZ2h0PSIxIiB4bWxucz0iaHR0cDovL3d3dy53My5vcmcvMjAwMC9zdmciPjwvc3ZnPg==\" style=\"--smush-placeholder-width: 691px; --smush-placeholder-aspect-ratio: 691\/873;\" \/><\/a><\/figure>\n","protected":false},"excerpt":{"rendered":"<p>Tiene 23 a\u00f1os y ahora, cumple su sue\u00f1o de representar a Misiones a nivel internacional. Lara Maciel es oriunda de Leandro N. Alem. Criada en una familia de artistas, practica gimnasia r\u00edtmica desde los 4 a\u00f1os. \u00abCrec\u00ed en el ambiente art\u00edstico porque, \u201cEscuela de Deportes Victoria\u201d hace m\u00e1s de 20 a\u00f1os que est\u00e1 en mi [&hellip;]<\/p>\n","protected":false},"author":2,"featured_media":19336,"comment_status":"open","ping_status":"open","sticky":false,"template":"","format":"standard","meta":{"footnotes":""},"categories":[43],"tags":[],"class_list":["post-19333","post","type-post","status-publish","format-standard","has-post-thumbnail","hentry","category-provinciales"],"yoast_head":"<!-- This site is optimized with the Yoast SEO plugin v27.5 - https:\/\/yoast.com\/product\/yoast-seo-wordpress\/ -->\n<title>Es gimnasta misionera y la convocaron para trabajar en un circo internacional | CVI NOTICIAS<\/title>\n<meta name=\"robots\" content=\"index, follow, max-snippet:-1, max-image-preview:large, max-video-preview:-1\" \/>\n<link rel=\"canonical\" href=\"https:\/\/cvinoticias.com\/v3\/es-gimnasta-misionera-y-la-convocaron-para-trabajar-en-un-circo-internacional\/\" \/>\n<meta property=\"og:locale\" content=\"es_ES\" \/>\n<meta property=\"og:type\" content=\"article\" \/>\n<meta property=\"og:title\" content=\"Es gimnasta misionera y la convocaron para trabajar en un circo internacional | CVI NOTICIAS\" \/>\n<meta property=\"og:description\" content=\"Tiene 23 a\u00f1os y ahora, cumple su sue\u00f1o de representar a Misiones a nivel internacional. Lara Maciel es oriunda de Leandro N. Alem. Criada en una familia de artistas, practica gimnasia r\u00edtmica desde los 4 a\u00f1os. \u00abCrec\u00ed en el ambiente art\u00edstico porque, \u201cEscuela de Deportes Victoria\u201d hace m\u00e1s de 20 a\u00f1os que est\u00e1 en mi [&hellip;]\" \/>\n<meta property=\"og:url\" content=\"https:\/\/cvinoticias.com\/v3\/es-gimnasta-misionera-y-la-convocaron-para-trabajar-en-un-circo-internacional\/\" \/>\n<meta property=\"og:site_name\" content=\"CVI NOTICIAS\" \/>\n<meta property=\"article:publisher\" content=\"https:\/\/www.facebook.com\/cvinoticias\" \/>\n<meta property=\"article:published_time\" content=\"2022-09-21T04:34:21+00:00\" \/>\n<meta property=\"og:image\" content=\"https:\/\/cvinoticias.com\/wp-content\/uploads\/2022\/09\/IMG-20220920-WA0064.jpg\" \/>\n\t<meta property=\"og:image:width\" content=\"421\" \/>\n\t<meta property=\"og:image:height\" content=\"536\" \/>\n\t<meta property=\"og:image:type\" content=\"image\/jpeg\" \/>\n<meta name=\"author\" content=\"f1000024\" \/>\n<meta name=\"twitter:card\" content=\"summary_large_image\" \/>\n<meta name=\"twitter:label1\" content=\"Escrito por\" \/>\n\t<meta name=\"twitter:data1\" content=\"f1000024\" \/>\n\t<meta name=\"twitter:label2\" content=\"Tiempo de lectura\" \/>\n\t<meta name=\"twitter:data2\" content=\"2 minutos\" \/>\n<script type=\"application\/ld+json\" class=\"yoast-schema-graph\">{\"@context\":\"https:\\\/\\\/schema.org\",\"@graph\":[{\"@type\":\"Article\",\"@id\":\"https:\\\/\\\/cvinoticias.com\\\/v3\\\/es-gimnasta-misionera-y-la-convocaron-para-trabajar-en-un-circo-internacional\\\/#article\",\"isPartOf\":{\"@id\":\"https:\\\/\\\/cvinoticias.com\\\/v3\\\/es-gimnasta-misionera-y-la-convocaron-para-trabajar-en-un-circo-internacional\\\/\"},\"author\":{\"name\":\"f1000024\",\"@id\":\"https:\\\/\\\/cvinoticias.com\\\/v3\\\/#\\\/schema\\\/person\\\/2db77e3c6bc03c538495d7b2b8be9b66\"},\"headline\":\"Es gimnasta misionera y la convocaron para trabajar en un circo internacional\",\"datePublished\":\"2022-09-21T04:34:21+00:00\",\"mainEntityOfPage\":{\"@id\":\"https:\\\/\\\/cvinoticias.com\\\/v3\\\/es-gimnasta-misionera-y-la-convocaron-para-trabajar-en-un-circo-internacional\\\/\"},\"wordCount\":421,\"commentCount\":0,\"publisher\":{\"@id\":\"https:\\\/\\\/cvinoticias.com\\\/v3\\\/#organization\"},\"image\":{\"@id\":\"https:\\\/\\\/cvinoticias.com\\\/v3\\\/es-gimnasta-misionera-y-la-convocaron-para-trabajar-en-un-circo-internacional\\\/#primaryimage\"},\"thumbnailUrl\":\"https:\\\/\\\/cvinoticias.com\\\/wp-content\\\/uploads\\\/2022\\\/09\\\/IMG-20220920-WA0064.jpg\",\"articleSection\":[\"Provinciales\"],\"inLanguage\":\"es\",\"potentialAction\":[{\"@type\":\"CommentAction\",\"name\":\"Comment\",\"target\":[\"https:\\\/\\\/cvinoticias.com\\\/v3\\\/es-gimnasta-misionera-y-la-convocaron-para-trabajar-en-un-circo-internacional\\\/#respond\"]}]},{\"@type\":\"WebPage\",\"@id\":\"https:\\\/\\\/cvinoticias.com\\\/v3\\\/es-gimnasta-misionera-y-la-convocaron-para-trabajar-en-un-circo-internacional\\\/\",\"url\":\"https:\\\/\\\/cvinoticias.com\\\/v3\\\/es-gimnasta-misionera-y-la-convocaron-para-trabajar-en-un-circo-internacional\\\/\",\"name\":\"Es gimnasta misionera y la convocaron para trabajar en un circo internacional | CVI NOTICIAS\",\"isPartOf\":{\"@id\":\"https:\\\/\\\/cvinoticias.com\\\/v3\\\/#website\"},\"primaryImageOfPage\":{\"@id\":\"https:\\\/\\\/cvinoticias.com\\\/v3\\\/es-gimnasta-misionera-y-la-convocaron-para-trabajar-en-un-circo-internacional\\\/#primaryimage\"},\"image\":{\"@id\":\"https:\\\/\\\/cvinoticias.com\\\/v3\\\/es-gimnasta-misionera-y-la-convocaron-para-trabajar-en-un-circo-internacional\\\/#primaryimage\"},\"thumbnailUrl\":\"https:\\\/\\\/cvinoticias.com\\\/wp-content\\\/uploads\\\/2022\\\/09\\\/IMG-20220920-WA0064.jpg\",\"datePublished\":\"2022-09-21T04:34:21+00:00\",\"breadcrumb\":{\"@id\":\"https:\\\/\\\/cvinoticias.com\\\/v3\\\/es-gimnasta-misionera-y-la-convocaron-para-trabajar-en-un-circo-internacional\\\/#breadcrumb\"},\"inLanguage\":\"es\",\"potentialAction\":[{\"@type\":\"ReadAction\",\"target\":[\"https:\\\/\\\/cvinoticias.com\\\/v3\\\/es-gimnasta-misionera-y-la-convocaron-para-trabajar-en-un-circo-internacional\\\/\"]}]},{\"@type\":\"ImageObject\",\"inLanguage\":\"es\",\"@id\":\"https:\\\/\\\/cvinoticias.com\\\/v3\\\/es-gimnasta-misionera-y-la-convocaron-para-trabajar-en-un-circo-internacional\\\/#primaryimage\",\"url\":\"https:\\\/\\\/cvinoticias.com\\\/wp-content\\\/uploads\\\/2022\\\/09\\\/IMG-20220920-WA0064.jpg\",\"contentUrl\":\"https:\\\/\\\/cvinoticias.com\\\/wp-content\\\/uploads\\\/2022\\\/09\\\/IMG-20220920-WA0064.jpg\",\"width\":421,\"height\":536},{\"@type\":\"BreadcrumbList\",\"@id\":\"https:\\\/\\\/cvinoticias.com\\\/v3\\\/es-gimnasta-misionera-y-la-convocaron-para-trabajar-en-un-circo-internacional\\\/#breadcrumb\",\"itemListElement\":[{\"@type\":\"ListItem\",\"position\":1,\"name\":\"Portada\",\"item\":\"https:\\\/\\\/cvinoticias.com\\\/v3\\\/\"},{\"@type\":\"ListItem\",\"position\":2,\"name\":\"Es gimnasta misionera y la convocaron para trabajar en un circo internacional\"}]},{\"@type\":\"WebSite\",\"@id\":\"https:\\\/\\\/cvinoticias.com\\\/v3\\\/#website\",\"url\":\"https:\\\/\\\/cvinoticias.com\\\/v3\\\/\",\"name\":\"CVI NOTICIAS\",\"description\":\"\",\"publisher\":{\"@id\":\"https:\\\/\\\/cvinoticias.com\\\/v3\\\/#organization\"},\"alternateName\":\"CVI\",\"potentialAction\":[{\"@type\":\"SearchAction\",\"target\":{\"@type\":\"EntryPoint\",\"urlTemplate\":\"https:\\\/\\\/cvinoticias.com\\\/v3\\\/?s={search_term_string}\"},\"query-input\":{\"@type\":\"PropertyValueSpecification\",\"valueRequired\":true,\"valueName\":\"search_term_string\"}}],\"inLanguage\":\"es\"},{\"@type\":\"Organization\",\"@id\":\"https:\\\/\\\/cvinoticias.com\\\/v3\\\/#organization\",\"name\":\"CVI NOTICIAS\",\"url\":\"https:\\\/\\\/cvinoticias.com\\\/v3\\\/\",\"logo\":{\"@type\":\"ImageObject\",\"inLanguage\":\"es\",\"@id\":\"https:\\\/\\\/cvinoticias.com\\\/v3\\\/#\\\/schema\\\/logo\\\/image\\\/\",\"url\":\"https:\\\/\\\/cvinoticias.com\\\/wp-content\\\/uploads\\\/2023\\\/04\\\/cropped-cropped-cropped-cropped-cropped-3-1.png\",\"contentUrl\":\"https:\\\/\\\/cvinoticias.com\\\/wp-content\\\/uploads\\\/2023\\\/04\\\/cropped-cropped-cropped-cropped-cropped-3-1.png\",\"width\":95,\"height\":122,\"caption\":\"CVI NOTICIAS\"},\"image\":{\"@id\":\"https:\\\/\\\/cvinoticias.com\\\/v3\\\/#\\\/schema\\\/logo\\\/image\\\/\"},\"sameAs\":[\"https:\\\/\\\/www.facebook.com\\\/cvinoticias\",\"https:\\\/\\\/www.instagram.com\\\/cvinoticias\\\/\",\"https:\\\/\\\/www.youtube.com\\\/@CVINOTICIAS\"]},{\"@type\":\"Person\",\"@id\":\"https:\\\/\\\/cvinoticias.com\\\/v3\\\/#\\\/schema\\\/person\\\/2db77e3c6bc03c538495d7b2b8be9b66\",\"name\":\"f1000024\",\"image\":{\"@type\":\"ImageObject\",\"inLanguage\":\"es\",\"@id\":\"https:\\\/\\\/secure.gravatar.com\\\/avatar\\\/d4fe7459cfc51ff5129ce1a732bbef5928568b8092d412ef95611616376bbeed?s=96&d=mm&r=g\",\"url\":\"https:\\\/\\\/secure.gravatar.com\\\/avatar\\\/d4fe7459cfc51ff5129ce1a732bbef5928568b8092d412ef95611616376bbeed?s=96&d=mm&r=g\",\"contentUrl\":\"https:\\\/\\\/secure.gravatar.com\\\/avatar\\\/d4fe7459cfc51ff5129ce1a732bbef5928568b8092d412ef95611616376bbeed?s=96&d=mm&r=g\",\"caption\":\"f1000024\"},\"url\":\"https:\\\/\\\/cvinoticias.com\\\/v3\\\/author\\\/f1000024\\\/\"}]}<\/script>\n<!-- \/ Yoast SEO plugin. -->","yoast_head_json":{"title":"Es gimnasta misionera y la convocaron para trabajar en un circo internacional | CVI NOTICIAS","robots":{"index":"index","follow":"follow","max-snippet":"max-snippet:-1","max-image-preview":"max-image-preview:large","max-video-preview":"max-video-preview:-1"},"canonical":"https:\/\/cvinoticias.com\/v3\/es-gimnasta-misionera-y-la-convocaron-para-trabajar-en-un-circo-internacional\/","og_locale":"es_ES","og_type":"article","og_title":"Es gimnasta misionera y la convocaron para trabajar en un circo internacional | CVI NOTICIAS","og_description":"Tiene 23 a\u00f1os y ahora, cumple su sue\u00f1o de representar a Misiones a nivel internacional. Lara Maciel es oriunda de Leandro N. Alem. Criada en una familia de artistas, practica gimnasia r\u00edtmica desde los 4 a\u00f1os. \u00abCrec\u00ed en el ambiente art\u00edstico porque, \u201cEscuela de Deportes Victoria\u201d hace m\u00e1s de 20 a\u00f1os que est\u00e1 en mi [&hellip;]","og_url":"https:\/\/cvinoticias.com\/v3\/es-gimnasta-misionera-y-la-convocaron-para-trabajar-en-un-circo-internacional\/","og_site_name":"CVI NOTICIAS","article_publisher":"https:\/\/www.facebook.com\/cvinoticias","article_published_time":"2022-09-21T04:34:21+00:00","og_image":[{"width":421,"height":536,"url":"https:\/\/cvinoticias.com\/wp-content\/uploads\/2022\/09\/IMG-20220920-WA0064.jpg","type":"image\/jpeg"}],"author":"f1000024","twitter_card":"summary_large_image","twitter_misc":{"Escrito por":"f1000024","Tiempo de lectura":"2 minutos"},"schema":{"@context":"https:\/\/schema.org","@graph":[{"@type":"Article","@id":"https:\/\/cvinoticias.com\/v3\/es-gimnasta-misionera-y-la-convocaron-para-trabajar-en-un-circo-internacional\/#article","isPartOf":{"@id":"https:\/\/cvinoticias.com\/v3\/es-gimnasta-misionera-y-la-convocaron-para-trabajar-en-un-circo-internacional\/"},"author":{"name":"f1000024","@id":"https:\/\/cvinoticias.com\/v3\/#\/schema\/person\/2db77e3c6bc03c538495d7b2b8be9b66"},"headline":"Es gimnasta misionera y la convocaron para trabajar en un circo internacional","datePublished":"2022-09-21T04:34:21+00:00","mainEntityOfPage":{"@id":"https:\/\/cvinoticias.com\/v3\/es-gimnasta-misionera-y-la-convocaron-para-trabajar-en-un-circo-internacional\/"},"wordCount":421,"commentCount":0,"publisher":{"@id":"https:\/\/cvinoticias.com\/v3\/#organization"},"image":{"@id":"https:\/\/cvinoticias.com\/v3\/es-gimnasta-misionera-y-la-convocaron-para-trabajar-en-un-circo-internacional\/#primaryimage"},"thumbnailUrl":"https:\/\/cvinoticias.com\/wp-content\/uploads\/2022\/09\/IMG-20220920-WA0064.jpg","articleSection":["Provinciales"],"inLanguage":"es","potentialAction":[{"@type":"CommentAction","name":"Comment","target":["https:\/\/cvinoticias.com\/v3\/es-gimnasta-misionera-y-la-convocaron-para-trabajar-en-un-circo-internacional\/#respond"]}]},{"@type":"WebPage","@id":"https:\/\/cvinoticias.com\/v3\/es-gimnasta-misionera-y-la-convocaron-para-trabajar-en-un-circo-internacional\/","url":"https:\/\/cvinoticias.com\/v3\/es-gimnasta-misionera-y-la-convocaron-para-trabajar-en-un-circo-internacional\/","name":"Es gimnasta misionera y la convocaron para trabajar en un circo internacional | CVI NOTICIAS","isPartOf":{"@id":"https:\/\/cvinoticias.com\/v3\/#website"},"primaryImageOfPage":{"@id":"https:\/\/cvinoticias.com\/v3\/es-gimnasta-misionera-y-la-convocaron-para-trabajar-en-un-circo-internacional\/#primaryimage"},"image":{"@id":"https:\/\/cvinoticias.com\/v3\/es-gimnasta-misionera-y-la-convocaron-para-trabajar-en-un-circo-internacional\/#primaryimage"},"thumbnailUrl":"https:\/\/cvinoticias.com\/wp-content\/uploads\/2022\/09\/IMG-20220920-WA0064.jpg","datePublished":"2022-09-21T04:34:21+00:00","breadcrumb":{"@id":"https:\/\/cvinoticias.com\/v3\/es-gimnasta-misionera-y-la-convocaron-para-trabajar-en-un-circo-internacional\/#breadcrumb"},"inLanguage":"es","potentialAction":[{"@type":"ReadAction","target":["https:\/\/cvinoticias.com\/v3\/es-gimnasta-misionera-y-la-convocaron-para-trabajar-en-un-circo-internacional\/"]}]},{"@type":"ImageObject","inLanguage":"es","@id":"https:\/\/cvinoticias.com\/v3\/es-gimnasta-misionera-y-la-convocaron-para-trabajar-en-un-circo-internacional\/#primaryimage","url":"https:\/\/cvinoticias.com\/wp-content\/uploads\/2022\/09\/IMG-20220920-WA0064.jpg","contentUrl":"https:\/\/cvinoticias.com\/wp-content\/uploads\/2022\/09\/IMG-20220920-WA0064.jpg","width":421,"height":536},{"@type":"BreadcrumbList","@id":"https:\/\/cvinoticias.com\/v3\/es-gimnasta-misionera-y-la-convocaron-para-trabajar-en-un-circo-internacional\/#breadcrumb","itemListElement":[{"@type":"ListItem","position":1,"name":"Portada","item":"https:\/\/cvinoticias.com\/v3\/"},{"@type":"ListItem","position":2,"name":"Es gimnasta misionera y la convocaron para trabajar en un circo internacional"}]},{"@type":"WebSite","@id":"https:\/\/cvinoticias.com\/v3\/#website","url":"https:\/\/cvinoticias.com\/v3\/","name":"CVI NOTICIAS","description":"","publisher":{"@id":"https:\/\/cvinoticias.com\/v3\/#organization"},"alternateName":"CVI","potentialAction":[{"@type":"SearchAction","target":{"@type":"EntryPoint","urlTemplate":"https:\/\/cvinoticias.com\/v3\/?s={search_term_string}"},"query-input":{"@type":"PropertyValueSpecification","valueRequired":true,"valueName":"search_term_string"}}],"inLanguage":"es"},{"@type":"Organization","@id":"https:\/\/cvinoticias.com\/v3\/#organization","name":"CVI NOTICIAS","url":"https:\/\/cvinoticias.com\/v3\/","logo":{"@type":"ImageObject","inLanguage":"es","@id":"https:\/\/cvinoticias.com\/v3\/#\/schema\/logo\/image\/","url":"https:\/\/cvinoticias.com\/wp-content\/uploads\/2023\/04\/cropped-cropped-cropped-cropped-cropped-3-1.png","contentUrl":"https:\/\/cvinoticias.com\/wp-content\/uploads\/2023\/04\/cropped-cropped-cropped-cropped-cropped-3-1.png","width":95,"height":122,"caption":"CVI NOTICIAS"},"image":{"@id":"https:\/\/cvinoticias.com\/v3\/#\/schema\/logo\/image\/"},"sameAs":["https:\/\/www.facebook.com\/cvinoticias","https:\/\/www.instagram.com\/cvinoticias\/","https:\/\/www.youtube.com\/@CVINOTICIAS"]},{"@type":"Person","@id":"https:\/\/cvinoticias.com\/v3\/#\/schema\/person\/2db77e3c6bc03c538495d7b2b8be9b66","name":"f1000024","image":{"@type":"ImageObject","inLanguage":"es","@id":"https:\/\/secure.gravatar.com\/avatar\/d4fe7459cfc51ff5129ce1a732bbef5928568b8092d412ef95611616376bbeed?s=96&d=mm&r=g","url":"https:\/\/secure.gravatar.com\/avatar\/d4fe7459cfc51ff5129ce1a732bbef5928568b8092d412ef95611616376bbeed?s=96&d=mm&r=g","contentUrl":"https:\/\/secure.gravatar.com\/avatar\/d4fe7459cfc51ff5129ce1a732bbef5928568b8092d412ef95611616376bbeed?s=96&d=mm&r=g","caption":"f1000024"},"url":"https:\/\/cvinoticias.com\/v3\/author\/f1000024\/"}]}},"_links":{"self":[{"href":"https:\/\/cvinoticias.com\/v3\/wp-json\/wp\/v2\/posts\/19333","targetHints":{"allow":["GET"]}}],"collection":[{"href":"https:\/\/cvinoticias.com\/v3\/wp-json\/wp\/v2\/posts"}],"about":[{"href":"https:\/\/cvinoticias.com\/v3\/wp-json\/wp\/v2\/types\/post"}],"author":[{"embeddable":true,"href":"https:\/\/cvinoticias.com\/v3\/wp-json\/wp\/v2\/users\/2"}],"replies":[{"embeddable":true,"href":"https:\/\/cvinoticias.com\/v3\/wp-json\/wp\/v2\/comments?post=19333"}],"version-history":[{"count":1,"href":"https:\/\/cvinoticias.com\/v3\/wp-json\/wp\/v2\/posts\/19333\/revisions"}],"predecessor-version":[{"id":19337,"href":"https:\/\/cvinoticias.com\/v3\/wp-json\/wp\/v2\/posts\/19333\/revisions\/19337"}],"wp:featuredmedia":[{"embeddable":true,"href":"https:\/\/cvinoticias.com\/v3\/wp-json\/wp\/v2\/media\/19336"}],"wp:attachment":[{"href":"https:\/\/cvinoticias.com\/v3\/wp-json\/wp\/v2\/media?parent=19333"}],"wp:term":[{"taxonomy":"category","embeddable":true,"href":"https:\/\/cvinoticias.com\/v3\/wp-json\/wp\/v2\/categories?post=19333"},{"taxonomy":"post_tag","embeddable":true,"href":"https:\/\/cvinoticias.com\/v3\/wp-json\/wp\/v2\/tags?post=19333"}],"curies":[{"name":"wp","href":"https:\/\/api.w.org\/{rel}","templated":true}]}}