{"id":19304,"date":"2022-09-20T10:44:27","date_gmt":"2022-09-20T10:44:27","guid":{"rendered":"https:\/\/cvinoticias.com\/v3\/?p=19304"},"modified":"2022-09-20T10:44:27","modified_gmt":"2022-09-20T10:44:27","slug":"el-autor-misionero-walter-machado-presentara-su-primer-libro-fronteras-inocentes-en-posadas","status":"publish","type":"post","link":"https:\/\/cvinoticias.com\/v3\/el-autor-misionero-walter-machado-presentara-su-primer-libro-fronteras-inocentes-en-posadas\/","title":{"rendered":"El autor misionero Walter Machado presentar\u00e1 su primer libro \u201cFronteras Inocentes\u201d en Posadas"},"content":{"rendered":"\n<p><strong><em>Con una mezcla de aventura, angustia, desesperaci\u00f3n y curiosidad, \u201cFronteras Inocentes\u201d es la primera obra editada del autor Walter Machado, quien presentar\u00e1 el material literario el viernes 23 de septiembre en Casso bar, a las 21 horas. La entrada es libre y gratuita.<\/em><\/strong><\/p>\n\n\n\n<p>La obra es una novela narrativa cuya historia transcurre en los a\u00f1os \u201990, cuando dos hermanas de 8 y 9 a\u00f1os, oriundas de una ciudad fronteriza argentina, se escapan del colegio y deciden caminar hacia lo desconocido, impulsadas por la curiosidad. Ignorar los peligros las lleva a vivir una aventura impensada ante la preocupaci\u00f3n y el dolor de su familia.<\/p>\n\n\n\n<p>\u201cFronteras Inocentes\u201d se edit\u00f3 en Buenos Aires y se termin\u00f3 de imprimir en agosto de este a\u00f1o junto a la editorial Tahiel Ediciones, quienes impulsan a nuevos escritores a publicar sus obras y garantizan la distribuci\u00f3n tanto a nivel nacional como internacional, en formato f\u00edsico y digital, a trav\u00e9s de plataformas como Tienda Books, Amazon, entre otras. Adem\u00e1s, la novela se encuentra disponible en Mercado Libre y librer\u00edas locales como Tras Los Pasos (en Posadas y Ober\u00e1) y Librer\u00eda Tao en Puerto Iguaz\u00fa.<\/p>\n\n\n\n<p><strong>Sobre el autor<\/strong><\/p>\n\n\n\n<p>Walter Machado naci\u00f3 en 1987 en Puerto Iguaz\u00fa. Se form\u00f3 y se recibi\u00f3 de Licenciado en Turismo y de T\u00e9cnico en Investigaci\u00f3n Socioecon\u00f3mica en la Universidad Nacional de Misiones. Abraza la escritura y la literatura como un apasionante camino de creaci\u00f3n y un espacio-tiempo para compartir historias de vida de su lugar de origen.<\/p>\n\n\n\n<figure class=\"wp-block-image size-large\"><a href=\"https:\/\/cvinoticias.com\/wp-content\/uploads\/2022\/09\/IMG-20220920-WA0002.jpg\"><img decoding=\"async\" width=\"683\" height=\"1024\" data-src=\"https:\/\/cvinoticias.com\/wp-content\/uploads\/2022\/09\/IMG-20220920-WA0002-683x1024.jpg\" alt=\"\" class=\"wp-image-19306 lazyload\" data-srcset=\"https:\/\/cvinoticias.com\/wp-content\/uploads\/2022\/09\/IMG-20220920-WA0002-683x1024.jpg 683w, https:\/\/cvinoticias.com\/wp-content\/uploads\/2022\/09\/IMG-20220920-WA0002-200x300.jpg 200w, https:\/\/cvinoticias.com\/wp-content\/uploads\/2022\/09\/IMG-20220920-WA0002-768x1151.jpg 768w, https:\/\/cvinoticias.com\/wp-content\/uploads\/2022\/09\/IMG-20220920-WA0002.jpg 854w\" data-sizes=\"(max-width: 683px) 100vw, 683px\" src=\"data:image\/svg+xml;base64,PHN2ZyB3aWR0aD0iMSIgaGVpZ2h0PSIxIiB4bWxucz0iaHR0cDovL3d3dy53My5vcmcvMjAwMC9zdmciPjwvc3ZnPg==\" style=\"--smush-placeholder-width: 683px; --smush-placeholder-aspect-ratio: 683\/1024;\" \/><\/a><\/figure>\n","protected":false},"excerpt":{"rendered":"<p>Con una mezcla de aventura, angustia, desesperaci\u00f3n y curiosidad, \u201cFronteras Inocentes\u201d es la primera obra editada del autor Walter Machado, quien presentar\u00e1 el material literario el viernes 23 de septiembre en Casso bar, a las 21 horas. La entrada es libre y gratuita. La obra es una novela narrativa cuya historia transcurre en los a\u00f1os [&hellip;]<\/p>\n","protected":false},"author":2,"featured_media":19305,"comment_status":"open","ping_status":"open","sticky":false,"template":"","format":"standard","meta":{"footnotes":""},"categories":[43],"tags":[],"class_list":["post-19304","post","type-post","status-publish","format-standard","has-post-thumbnail","hentry","category-provinciales"],"yoast_head":"<!-- This site is optimized with the Yoast SEO plugin v27.5 - https:\/\/yoast.com\/product\/yoast-seo-wordpress\/ -->\n<title>El autor misionero Walter Machado presentar\u00e1 su primer libro \u201cFronteras Inocentes\u201d en Posadas | CVI NOTICIAS<\/title>\n<meta name=\"robots\" content=\"index, follow, max-snippet:-1, max-image-preview:large, max-video-preview:-1\" \/>\n<link rel=\"canonical\" href=\"https:\/\/cvinoticias.com\/v3\/el-autor-misionero-walter-machado-presentara-su-primer-libro-fronteras-inocentes-en-posadas\/\" \/>\n<meta property=\"og:locale\" content=\"es_ES\" \/>\n<meta property=\"og:type\" content=\"article\" \/>\n<meta property=\"og:title\" content=\"El autor misionero Walter Machado presentar\u00e1 su primer libro \u201cFronteras Inocentes\u201d en Posadas | CVI NOTICIAS\" \/>\n<meta property=\"og:description\" content=\"Con una mezcla de aventura, angustia, desesperaci\u00f3n y curiosidad, \u201cFronteras Inocentes\u201d es la primera obra editada del autor Walter Machado, quien presentar\u00e1 el material literario el viernes 23 de septiembre en Casso bar, a las 21 horas. La entrada es libre y gratuita. La obra es una novela narrativa cuya historia transcurre en los a\u00f1os [&hellip;]\" \/>\n<meta property=\"og:url\" content=\"https:\/\/cvinoticias.com\/v3\/el-autor-misionero-walter-machado-presentara-su-primer-libro-fronteras-inocentes-en-posadas\/\" \/>\n<meta property=\"og:site_name\" content=\"CVI NOTICIAS\" \/>\n<meta property=\"article:publisher\" content=\"https:\/\/www.facebook.com\/cvinoticias\" \/>\n<meta property=\"article:published_time\" content=\"2022-09-20T10:44:27+00:00\" \/>\n<meta property=\"og:image\" content=\"https:\/\/cvinoticias.com\/wp-content\/uploads\/2022\/09\/IMG-20220920-WA0001.jpg\" \/>\n\t<meta property=\"og:image:width\" content=\"720\" \/>\n\t<meta property=\"og:image:height\" content=\"880\" \/>\n\t<meta property=\"og:image:type\" content=\"image\/jpeg\" \/>\n<meta name=\"author\" content=\"f1000024\" \/>\n<meta name=\"twitter:card\" content=\"summary_large_image\" \/>\n<meta name=\"twitter:label1\" content=\"Escrito por\" \/>\n\t<meta name=\"twitter:data1\" content=\"f1000024\" \/>\n\t<meta name=\"twitter:label2\" content=\"Tiempo de lectura\" \/>\n\t<meta name=\"twitter:data2\" content=\"1 minuto\" \/>\n<script type=\"application\/ld+json\" class=\"yoast-schema-graph\">{\"@context\":\"https:\\\/\\\/schema.org\",\"@graph\":[{\"@type\":\"Article\",\"@id\":\"https:\\\/\\\/cvinoticias.com\\\/v3\\\/el-autor-misionero-walter-machado-presentara-su-primer-libro-fronteras-inocentes-en-posadas\\\/#article\",\"isPartOf\":{\"@id\":\"https:\\\/\\\/cvinoticias.com\\\/v3\\\/el-autor-misionero-walter-machado-presentara-su-primer-libro-fronteras-inocentes-en-posadas\\\/\"},\"author\":{\"name\":\"f1000024\",\"@id\":\"https:\\\/\\\/cvinoticias.com\\\/v3\\\/#\\\/schema\\\/person\\\/2db77e3c6bc03c538495d7b2b8be9b66\"},\"headline\":\"El autor misionero Walter Machado presentar\u00e1 su primer libro \u201cFronteras Inocentes\u201d en Posadas\",\"datePublished\":\"2022-09-20T10:44:27+00:00\",\"mainEntityOfPage\":{\"@id\":\"https:\\\/\\\/cvinoticias.com\\\/v3\\\/el-autor-misionero-walter-machado-presentara-su-primer-libro-fronteras-inocentes-en-posadas\\\/\"},\"wordCount\":265,\"commentCount\":0,\"publisher\":{\"@id\":\"https:\\\/\\\/cvinoticias.com\\\/v3\\\/#organization\"},\"image\":{\"@id\":\"https:\\\/\\\/cvinoticias.com\\\/v3\\\/el-autor-misionero-walter-machado-presentara-su-primer-libro-fronteras-inocentes-en-posadas\\\/#primaryimage\"},\"thumbnailUrl\":\"https:\\\/\\\/cvinoticias.com\\\/wp-content\\\/uploads\\\/2022\\\/09\\\/IMG-20220920-WA0001.jpg\",\"articleSection\":[\"Provinciales\"],\"inLanguage\":\"es\",\"potentialAction\":[{\"@type\":\"CommentAction\",\"name\":\"Comment\",\"target\":[\"https:\\\/\\\/cvinoticias.com\\\/v3\\\/el-autor-misionero-walter-machado-presentara-su-primer-libro-fronteras-inocentes-en-posadas\\\/#respond\"]}]},{\"@type\":\"WebPage\",\"@id\":\"https:\\\/\\\/cvinoticias.com\\\/v3\\\/el-autor-misionero-walter-machado-presentara-su-primer-libro-fronteras-inocentes-en-posadas\\\/\",\"url\":\"https:\\\/\\\/cvinoticias.com\\\/v3\\\/el-autor-misionero-walter-machado-presentara-su-primer-libro-fronteras-inocentes-en-posadas\\\/\",\"name\":\"El autor misionero Walter Machado presentar\u00e1 su primer libro \u201cFronteras Inocentes\u201d en Posadas | CVI NOTICIAS\",\"isPartOf\":{\"@id\":\"https:\\\/\\\/cvinoticias.com\\\/v3\\\/#website\"},\"primaryImageOfPage\":{\"@id\":\"https:\\\/\\\/cvinoticias.com\\\/v3\\\/el-autor-misionero-walter-machado-presentara-su-primer-libro-fronteras-inocentes-en-posadas\\\/#primaryimage\"},\"image\":{\"@id\":\"https:\\\/\\\/cvinoticias.com\\\/v3\\\/el-autor-misionero-walter-machado-presentara-su-primer-libro-fronteras-inocentes-en-posadas\\\/#primaryimage\"},\"thumbnailUrl\":\"https:\\\/\\\/cvinoticias.com\\\/wp-content\\\/uploads\\\/2022\\\/09\\\/IMG-20220920-WA0001.jpg\",\"datePublished\":\"2022-09-20T10:44:27+00:00\",\"breadcrumb\":{\"@id\":\"https:\\\/\\\/cvinoticias.com\\\/v3\\\/el-autor-misionero-walter-machado-presentara-su-primer-libro-fronteras-inocentes-en-posadas\\\/#breadcrumb\"},\"inLanguage\":\"es\",\"potentialAction\":[{\"@type\":\"ReadAction\",\"target\":[\"https:\\\/\\\/cvinoticias.com\\\/v3\\\/el-autor-misionero-walter-machado-presentara-su-primer-libro-fronteras-inocentes-en-posadas\\\/\"]}]},{\"@type\":\"ImageObject\",\"inLanguage\":\"es\",\"@id\":\"https:\\\/\\\/cvinoticias.com\\\/v3\\\/el-autor-misionero-walter-machado-presentara-su-primer-libro-fronteras-inocentes-en-posadas\\\/#primaryimage\",\"url\":\"https:\\\/\\\/cvinoticias.com\\\/wp-content\\\/uploads\\\/2022\\\/09\\\/IMG-20220920-WA0001.jpg\",\"contentUrl\":\"https:\\\/\\\/cvinoticias.com\\\/wp-content\\\/uploads\\\/2022\\\/09\\\/IMG-20220920-WA0001.jpg\",\"width\":720,\"height\":880},{\"@type\":\"BreadcrumbList\",\"@id\":\"https:\\\/\\\/cvinoticias.com\\\/v3\\\/el-autor-misionero-walter-machado-presentara-su-primer-libro-fronteras-inocentes-en-posadas\\\/#breadcrumb\",\"itemListElement\":[{\"@type\":\"ListItem\",\"position\":1,\"name\":\"Portada\",\"item\":\"https:\\\/\\\/cvinoticias.com\\\/v3\\\/\"},{\"@type\":\"ListItem\",\"position\":2,\"name\":\"El autor misionero Walter Machado presentar\u00e1 su primer libro \u201cFronteras Inocentes\u201d en Posadas\"}]},{\"@type\":\"WebSite\",\"@id\":\"https:\\\/\\\/cvinoticias.com\\\/v3\\\/#website\",\"url\":\"https:\\\/\\\/cvinoticias.com\\\/v3\\\/\",\"name\":\"CVI NOTICIAS\",\"description\":\"\",\"publisher\":{\"@id\":\"https:\\\/\\\/cvinoticias.com\\\/v3\\\/#organization\"},\"alternateName\":\"CVI\",\"potentialAction\":[{\"@type\":\"SearchAction\",\"target\":{\"@type\":\"EntryPoint\",\"urlTemplate\":\"https:\\\/\\\/cvinoticias.com\\\/v3\\\/?s={search_term_string}\"},\"query-input\":{\"@type\":\"PropertyValueSpecification\",\"valueRequired\":true,\"valueName\":\"search_term_string\"}}],\"inLanguage\":\"es\"},{\"@type\":\"Organization\",\"@id\":\"https:\\\/\\\/cvinoticias.com\\\/v3\\\/#organization\",\"name\":\"CVI NOTICIAS\",\"url\":\"https:\\\/\\\/cvinoticias.com\\\/v3\\\/\",\"logo\":{\"@type\":\"ImageObject\",\"inLanguage\":\"es\",\"@id\":\"https:\\\/\\\/cvinoticias.com\\\/v3\\\/#\\\/schema\\\/logo\\\/image\\\/\",\"url\":\"https:\\\/\\\/cvinoticias.com\\\/wp-content\\\/uploads\\\/2023\\\/04\\\/cropped-cropped-cropped-cropped-cropped-3-1.png\",\"contentUrl\":\"https:\\\/\\\/cvinoticias.com\\\/wp-content\\\/uploads\\\/2023\\\/04\\\/cropped-cropped-cropped-cropped-cropped-3-1.png\",\"width\":95,\"height\":122,\"caption\":\"CVI NOTICIAS\"},\"image\":{\"@id\":\"https:\\\/\\\/cvinoticias.com\\\/v3\\\/#\\\/schema\\\/logo\\\/image\\\/\"},\"sameAs\":[\"https:\\\/\\\/www.facebook.com\\\/cvinoticias\",\"https:\\\/\\\/www.instagram.com\\\/cvinoticias\\\/\",\"https:\\\/\\\/www.youtube.com\\\/@CVINOTICIAS\"]},{\"@type\":\"Person\",\"@id\":\"https:\\\/\\\/cvinoticias.com\\\/v3\\\/#\\\/schema\\\/person\\\/2db77e3c6bc03c538495d7b2b8be9b66\",\"name\":\"f1000024\",\"image\":{\"@type\":\"ImageObject\",\"inLanguage\":\"es\",\"@id\":\"https:\\\/\\\/secure.gravatar.com\\\/avatar\\\/d4fe7459cfc51ff5129ce1a732bbef5928568b8092d412ef95611616376bbeed?s=96&d=mm&r=g\",\"url\":\"https:\\\/\\\/secure.gravatar.com\\\/avatar\\\/d4fe7459cfc51ff5129ce1a732bbef5928568b8092d412ef95611616376bbeed?s=96&d=mm&r=g\",\"contentUrl\":\"https:\\\/\\\/secure.gravatar.com\\\/avatar\\\/d4fe7459cfc51ff5129ce1a732bbef5928568b8092d412ef95611616376bbeed?s=96&d=mm&r=g\",\"caption\":\"f1000024\"},\"url\":\"https:\\\/\\\/cvinoticias.com\\\/v3\\\/author\\\/f1000024\\\/\"}]}<\/script>\n<!-- \/ Yoast SEO plugin. -->","yoast_head_json":{"title":"El autor misionero Walter Machado presentar\u00e1 su primer libro \u201cFronteras Inocentes\u201d en Posadas | CVI NOTICIAS","robots":{"index":"index","follow":"follow","max-snippet":"max-snippet:-1","max-image-preview":"max-image-preview:large","max-video-preview":"max-video-preview:-1"},"canonical":"https:\/\/cvinoticias.com\/v3\/el-autor-misionero-walter-machado-presentara-su-primer-libro-fronteras-inocentes-en-posadas\/","og_locale":"es_ES","og_type":"article","og_title":"El autor misionero Walter Machado presentar\u00e1 su primer libro \u201cFronteras Inocentes\u201d en Posadas | CVI NOTICIAS","og_description":"Con una mezcla de aventura, angustia, desesperaci\u00f3n y curiosidad, \u201cFronteras Inocentes\u201d es la primera obra editada del autor Walter Machado, quien presentar\u00e1 el material literario el viernes 23 de septiembre en Casso bar, a las 21 horas. La entrada es libre y gratuita. La obra es una novela narrativa cuya historia transcurre en los a\u00f1os [&hellip;]","og_url":"https:\/\/cvinoticias.com\/v3\/el-autor-misionero-walter-machado-presentara-su-primer-libro-fronteras-inocentes-en-posadas\/","og_site_name":"CVI NOTICIAS","article_publisher":"https:\/\/www.facebook.com\/cvinoticias","article_published_time":"2022-09-20T10:44:27+00:00","og_image":[{"width":720,"height":880,"url":"https:\/\/cvinoticias.com\/wp-content\/uploads\/2022\/09\/IMG-20220920-WA0001.jpg","type":"image\/jpeg"}],"author":"f1000024","twitter_card":"summary_large_image","twitter_misc":{"Escrito por":"f1000024","Tiempo de lectura":"1 minuto"},"schema":{"@context":"https:\/\/schema.org","@graph":[{"@type":"Article","@id":"https:\/\/cvinoticias.com\/v3\/el-autor-misionero-walter-machado-presentara-su-primer-libro-fronteras-inocentes-en-posadas\/#article","isPartOf":{"@id":"https:\/\/cvinoticias.com\/v3\/el-autor-misionero-walter-machado-presentara-su-primer-libro-fronteras-inocentes-en-posadas\/"},"author":{"name":"f1000024","@id":"https:\/\/cvinoticias.com\/v3\/#\/schema\/person\/2db77e3c6bc03c538495d7b2b8be9b66"},"headline":"El autor misionero Walter Machado presentar\u00e1 su primer libro \u201cFronteras Inocentes\u201d en Posadas","datePublished":"2022-09-20T10:44:27+00:00","mainEntityOfPage":{"@id":"https:\/\/cvinoticias.com\/v3\/el-autor-misionero-walter-machado-presentara-su-primer-libro-fronteras-inocentes-en-posadas\/"},"wordCount":265,"commentCount":0,"publisher":{"@id":"https:\/\/cvinoticias.com\/v3\/#organization"},"image":{"@id":"https:\/\/cvinoticias.com\/v3\/el-autor-misionero-walter-machado-presentara-su-primer-libro-fronteras-inocentes-en-posadas\/#primaryimage"},"thumbnailUrl":"https:\/\/cvinoticias.com\/wp-content\/uploads\/2022\/09\/IMG-20220920-WA0001.jpg","articleSection":["Provinciales"],"inLanguage":"es","potentialAction":[{"@type":"CommentAction","name":"Comment","target":["https:\/\/cvinoticias.com\/v3\/el-autor-misionero-walter-machado-presentara-su-primer-libro-fronteras-inocentes-en-posadas\/#respond"]}]},{"@type":"WebPage","@id":"https:\/\/cvinoticias.com\/v3\/el-autor-misionero-walter-machado-presentara-su-primer-libro-fronteras-inocentes-en-posadas\/","url":"https:\/\/cvinoticias.com\/v3\/el-autor-misionero-walter-machado-presentara-su-primer-libro-fronteras-inocentes-en-posadas\/","name":"El autor misionero Walter Machado presentar\u00e1 su primer libro \u201cFronteras Inocentes\u201d en Posadas | CVI NOTICIAS","isPartOf":{"@id":"https:\/\/cvinoticias.com\/v3\/#website"},"primaryImageOfPage":{"@id":"https:\/\/cvinoticias.com\/v3\/el-autor-misionero-walter-machado-presentara-su-primer-libro-fronteras-inocentes-en-posadas\/#primaryimage"},"image":{"@id":"https:\/\/cvinoticias.com\/v3\/el-autor-misionero-walter-machado-presentara-su-primer-libro-fronteras-inocentes-en-posadas\/#primaryimage"},"thumbnailUrl":"https:\/\/cvinoticias.com\/wp-content\/uploads\/2022\/09\/IMG-20220920-WA0001.jpg","datePublished":"2022-09-20T10:44:27+00:00","breadcrumb":{"@id":"https:\/\/cvinoticias.com\/v3\/el-autor-misionero-walter-machado-presentara-su-primer-libro-fronteras-inocentes-en-posadas\/#breadcrumb"},"inLanguage":"es","potentialAction":[{"@type":"ReadAction","target":["https:\/\/cvinoticias.com\/v3\/el-autor-misionero-walter-machado-presentara-su-primer-libro-fronteras-inocentes-en-posadas\/"]}]},{"@type":"ImageObject","inLanguage":"es","@id":"https:\/\/cvinoticias.com\/v3\/el-autor-misionero-walter-machado-presentara-su-primer-libro-fronteras-inocentes-en-posadas\/#primaryimage","url":"https:\/\/cvinoticias.com\/wp-content\/uploads\/2022\/09\/IMG-20220920-WA0001.jpg","contentUrl":"https:\/\/cvinoticias.com\/wp-content\/uploads\/2022\/09\/IMG-20220920-WA0001.jpg","width":720,"height":880},{"@type":"BreadcrumbList","@id":"https:\/\/cvinoticias.com\/v3\/el-autor-misionero-walter-machado-presentara-su-primer-libro-fronteras-inocentes-en-posadas\/#breadcrumb","itemListElement":[{"@type":"ListItem","position":1,"name":"Portada","item":"https:\/\/cvinoticias.com\/v3\/"},{"@type":"ListItem","position":2,"name":"El autor misionero Walter Machado presentar\u00e1 su primer libro \u201cFronteras Inocentes\u201d en Posadas"}]},{"@type":"WebSite","@id":"https:\/\/cvinoticias.com\/v3\/#website","url":"https:\/\/cvinoticias.com\/v3\/","name":"CVI NOTICIAS","description":"","publisher":{"@id":"https:\/\/cvinoticias.com\/v3\/#organization"},"alternateName":"CVI","potentialAction":[{"@type":"SearchAction","target":{"@type":"EntryPoint","urlTemplate":"https:\/\/cvinoticias.com\/v3\/?s={search_term_string}"},"query-input":{"@type":"PropertyValueSpecification","valueRequired":true,"valueName":"search_term_string"}}],"inLanguage":"es"},{"@type":"Organization","@id":"https:\/\/cvinoticias.com\/v3\/#organization","name":"CVI NOTICIAS","url":"https:\/\/cvinoticias.com\/v3\/","logo":{"@type":"ImageObject","inLanguage":"es","@id":"https:\/\/cvinoticias.com\/v3\/#\/schema\/logo\/image\/","url":"https:\/\/cvinoticias.com\/wp-content\/uploads\/2023\/04\/cropped-cropped-cropped-cropped-cropped-3-1.png","contentUrl":"https:\/\/cvinoticias.com\/wp-content\/uploads\/2023\/04\/cropped-cropped-cropped-cropped-cropped-3-1.png","width":95,"height":122,"caption":"CVI NOTICIAS"},"image":{"@id":"https:\/\/cvinoticias.com\/v3\/#\/schema\/logo\/image\/"},"sameAs":["https:\/\/www.facebook.com\/cvinoticias","https:\/\/www.instagram.com\/cvinoticias\/","https:\/\/www.youtube.com\/@CVINOTICIAS"]},{"@type":"Person","@id":"https:\/\/cvinoticias.com\/v3\/#\/schema\/person\/2db77e3c6bc03c538495d7b2b8be9b66","name":"f1000024","image":{"@type":"ImageObject","inLanguage":"es","@id":"https:\/\/secure.gravatar.com\/avatar\/d4fe7459cfc51ff5129ce1a732bbef5928568b8092d412ef95611616376bbeed?s=96&d=mm&r=g","url":"https:\/\/secure.gravatar.com\/avatar\/d4fe7459cfc51ff5129ce1a732bbef5928568b8092d412ef95611616376bbeed?s=96&d=mm&r=g","contentUrl":"https:\/\/secure.gravatar.com\/avatar\/d4fe7459cfc51ff5129ce1a732bbef5928568b8092d412ef95611616376bbeed?s=96&d=mm&r=g","caption":"f1000024"},"url":"https:\/\/cvinoticias.com\/v3\/author\/f1000024\/"}]}},"_links":{"self":[{"href":"https:\/\/cvinoticias.com\/v3\/wp-json\/wp\/v2\/posts\/19304","targetHints":{"allow":["GET"]}}],"collection":[{"href":"https:\/\/cvinoticias.com\/v3\/wp-json\/wp\/v2\/posts"}],"about":[{"href":"https:\/\/cvinoticias.com\/v3\/wp-json\/wp\/v2\/types\/post"}],"author":[{"embeddable":true,"href":"https:\/\/cvinoticias.com\/v3\/wp-json\/wp\/v2\/users\/2"}],"replies":[{"embeddable":true,"href":"https:\/\/cvinoticias.com\/v3\/wp-json\/wp\/v2\/comments?post=19304"}],"version-history":[{"count":1,"href":"https:\/\/cvinoticias.com\/v3\/wp-json\/wp\/v2\/posts\/19304\/revisions"}],"predecessor-version":[{"id":19307,"href":"https:\/\/cvinoticias.com\/v3\/wp-json\/wp\/v2\/posts\/19304\/revisions\/19307"}],"wp:featuredmedia":[{"embeddable":true,"href":"https:\/\/cvinoticias.com\/v3\/wp-json\/wp\/v2\/media\/19305"}],"wp:attachment":[{"href":"https:\/\/cvinoticias.com\/v3\/wp-json\/wp\/v2\/media?parent=19304"}],"wp:term":[{"taxonomy":"category","embeddable":true,"href":"https:\/\/cvinoticias.com\/v3\/wp-json\/wp\/v2\/categories?post=19304"},{"taxonomy":"post_tag","embeddable":true,"href":"https:\/\/cvinoticias.com\/v3\/wp-json\/wp\/v2\/tags?post=19304"}],"curies":[{"name":"wp","href":"https:\/\/api.w.org\/{rel}","templated":true}]}}