{"id":19282,"date":"2022-09-19T09:52:07","date_gmt":"2022-09-19T09:52:07","guid":{"rendered":"https:\/\/cvinoticias.com\/v3\/?p=19282"},"modified":"2022-09-19T09:52:07","modified_gmt":"2022-09-19T09:52:07","slug":"buscan-que-la-lengua-de-senas-argentina-sea-reconocida-como-oficial","status":"publish","type":"post","link":"https:\/\/cvinoticias.com\/v3\/buscan-que-la-lengua-de-senas-argentina-sea-reconocida-como-oficial\/","title":{"rendered":"Buscan que la Lengua de Se\u00f1as Argentina sea reconocida como oficial"},"content":{"rendered":"\n<p><strong><em>Un proyecto de ley de Lengua de Se\u00f1as Argentina (LSA) busca que se la reconozca como una lengua natural y originaria, ya que aseguran que conforma el patrimonio cultural inmaterial de las personas sordas en todo el pa\u00eds. El expediente fue presentado el 23 de junio pasado en el Senado de la Naci\u00f3n.<\/em><\/strong><\/p>\n\n\n\n<p>La iniciativa fue elaborada por la legisladora correntina Gabriela Valenzuela (UCR), junto con la Confederaci\u00f3n Argentina de Sordos (CAS), quienes, con la comunidad sorda de todo el pa\u00eds, vienen impulsando una campa\u00f1a a nivel nacional para que se reconozca la LSA.<\/p>\n\n\n\n<p>Julia Valmarrosa, secretaria general de CAS, explic\u00f3 que reconocer a la LSA como una lengua natural y originaria \u201cimplicar\u00eda otorgarle un estatus ling\u00fc\u00edstico sin precedentes para que deje de ser considerada una mera herramienta o sustituto en la comunicaci\u00f3n de las personas sordas\u201d. Como lengua propiamente dicha -indic\u00f3- \u201cposee una estructura gramatical completa, compleja y distinta del espa\u00f1ol\u201d. El proyecto fue girado a comisiones bajo el Expediente S-1427\/22.<\/p>\n\n\n\n<p>Los alcances del proyecto que busca brindar jerarqu\u00eda al lenguaje de se\u00f1as<\/p>\n\n\n\n<p>El proyecto tiene como objetivo implementar pol\u00edticas ling\u00fc\u00edsticas que permitan respetar, fomentar e impulsar el acceso y el uso de la LSA; accesibilizar medios y entornos para que las personas sordas puedan comunicarse, transmitir sus deseos e intereses, informarse, defender sus derechos y construir una identidad ling\u00fc\u00edstica<\/p>\n\n\n\n<p>Adem\u00e1s, se busca \u201cpropiciar el acceso a la LSA en servicios p\u00fablicos y privados vinculados a la vida cotidiana en sociedad de todas las personas que utilicen dicha lengua para comunicarse y que los establecimientos de educaci\u00f3n garanticen todos los contenidos del curr\u00edculo com\u00fan\u201d.<\/p>\n\n\n\n<p>Por otro lado, Valmarrosa remarc\u00f3 que \u201ceste reconocimiento legal dejar\u00eda de lado una perspectiva de discapacidad, normalizaci\u00f3n y reparaci\u00f3n, para centrarse en el aspecto ling\u00fc\u00edstico como una cuesti\u00f3n de Derechos Humanos\u201d. El 23 de septiembre se celebra el D\u00eda Internacional de las Lenguas de Se\u00f1as, proclamado por la Organizaci\u00f3n de las Naciones Unidas (ONU).<\/p>\n","protected":false},"excerpt":{"rendered":"<p>Un proyecto de ley de Lengua de Se\u00f1as Argentina (LSA) busca que se la reconozca como una lengua natural y originaria, ya que aseguran que conforma el patrimonio cultural inmaterial de las personas sordas en todo el pa\u00eds. El expediente fue presentado el 23 de junio pasado en el Senado de la Naci\u00f3n. La iniciativa [&hellip;]<\/p>\n","protected":false},"author":2,"featured_media":19283,"comment_status":"open","ping_status":"open","sticky":false,"template":"","format":"standard","meta":{"footnotes":""},"categories":[35],"tags":[],"class_list":["post-19282","post","type-post","status-publish","format-standard","has-post-thumbnail","hentry","category-informacion-general"],"yoast_head":"<!-- This site is optimized with the Yoast SEO plugin v27.5 - https:\/\/yoast.com\/product\/yoast-seo-wordpress\/ -->\n<title>Buscan que la Lengua de Se\u00f1as Argentina sea reconocida como oficial | CVI NOTICIAS<\/title>\n<meta name=\"robots\" content=\"index, follow, max-snippet:-1, max-image-preview:large, max-video-preview:-1\" \/>\n<link rel=\"canonical\" href=\"https:\/\/cvinoticias.com\/v3\/buscan-que-la-lengua-de-senas-argentina-sea-reconocida-como-oficial\/\" \/>\n<meta property=\"og:locale\" content=\"es_ES\" \/>\n<meta property=\"og:type\" content=\"article\" \/>\n<meta property=\"og:title\" content=\"Buscan que la Lengua de Se\u00f1as Argentina sea reconocida como oficial | CVI NOTICIAS\" \/>\n<meta property=\"og:description\" content=\"Un proyecto de ley de Lengua de Se\u00f1as Argentina (LSA) busca que se la reconozca como una lengua natural y originaria, ya que aseguran que conforma el patrimonio cultural inmaterial de las personas sordas en todo el pa\u00eds. El expediente fue presentado el 23 de junio pasado en el Senado de la Naci\u00f3n. La iniciativa [&hellip;]\" \/>\n<meta property=\"og:url\" content=\"https:\/\/cvinoticias.com\/v3\/buscan-que-la-lengua-de-senas-argentina-sea-reconocida-como-oficial\/\" \/>\n<meta property=\"og:site_name\" content=\"CVI NOTICIAS\" \/>\n<meta property=\"article:publisher\" content=\"https:\/\/www.facebook.com\/cvinoticias\" \/>\n<meta property=\"article:published_time\" content=\"2022-09-19T09:52:07+00:00\" \/>\n<meta property=\"og:image\" content=\"https:\/\/cvinoticias.com\/wp-content\/uploads\/2022\/09\/images.jpeg\" \/>\n\t<meta property=\"og:image:width\" content=\"301\" \/>\n\t<meta property=\"og:image:height\" content=\"167\" \/>\n\t<meta property=\"og:image:type\" content=\"image\/jpeg\" \/>\n<meta name=\"author\" content=\"f1000024\" \/>\n<meta name=\"twitter:card\" content=\"summary_large_image\" \/>\n<meta name=\"twitter:label1\" content=\"Escrito por\" \/>\n\t<meta name=\"twitter:data1\" content=\"f1000024\" \/>\n\t<meta name=\"twitter:label2\" content=\"Tiempo de lectura\" \/>\n\t<meta name=\"twitter:data2\" content=\"2 minutos\" \/>\n<script type=\"application\/ld+json\" class=\"yoast-schema-graph\">{\"@context\":\"https:\\\/\\\/schema.org\",\"@graph\":[{\"@type\":\"Article\",\"@id\":\"https:\\\/\\\/cvinoticias.com\\\/v3\\\/buscan-que-la-lengua-de-senas-argentina-sea-reconocida-como-oficial\\\/#article\",\"isPartOf\":{\"@id\":\"https:\\\/\\\/cvinoticias.com\\\/v3\\\/buscan-que-la-lengua-de-senas-argentina-sea-reconocida-como-oficial\\\/\"},\"author\":{\"name\":\"f1000024\",\"@id\":\"https:\\\/\\\/cvinoticias.com\\\/v3\\\/#\\\/schema\\\/person\\\/2db77e3c6bc03c538495d7b2b8be9b66\"},\"headline\":\"Buscan que la Lengua de Se\u00f1as Argentina sea reconocida como oficial\",\"datePublished\":\"2022-09-19T09:52:07+00:00\",\"mainEntityOfPage\":{\"@id\":\"https:\\\/\\\/cvinoticias.com\\\/v3\\\/buscan-que-la-lengua-de-senas-argentina-sea-reconocida-como-oficial\\\/\"},\"wordCount\":358,\"commentCount\":0,\"publisher\":{\"@id\":\"https:\\\/\\\/cvinoticias.com\\\/v3\\\/#organization\"},\"image\":{\"@id\":\"https:\\\/\\\/cvinoticias.com\\\/v3\\\/buscan-que-la-lengua-de-senas-argentina-sea-reconocida-como-oficial\\\/#primaryimage\"},\"thumbnailUrl\":\"https:\\\/\\\/cvinoticias.com\\\/wp-content\\\/uploads\\\/2022\\\/09\\\/images.jpeg\",\"articleSection\":[\"Informaci\u00f3n General\"],\"inLanguage\":\"es\",\"potentialAction\":[{\"@type\":\"CommentAction\",\"name\":\"Comment\",\"target\":[\"https:\\\/\\\/cvinoticias.com\\\/v3\\\/buscan-que-la-lengua-de-senas-argentina-sea-reconocida-como-oficial\\\/#respond\"]}]},{\"@type\":\"WebPage\",\"@id\":\"https:\\\/\\\/cvinoticias.com\\\/v3\\\/buscan-que-la-lengua-de-senas-argentina-sea-reconocida-como-oficial\\\/\",\"url\":\"https:\\\/\\\/cvinoticias.com\\\/v3\\\/buscan-que-la-lengua-de-senas-argentina-sea-reconocida-como-oficial\\\/\",\"name\":\"Buscan que la Lengua de Se\u00f1as Argentina sea reconocida como oficial | CVI NOTICIAS\",\"isPartOf\":{\"@id\":\"https:\\\/\\\/cvinoticias.com\\\/v3\\\/#website\"},\"primaryImageOfPage\":{\"@id\":\"https:\\\/\\\/cvinoticias.com\\\/v3\\\/buscan-que-la-lengua-de-senas-argentina-sea-reconocida-como-oficial\\\/#primaryimage\"},\"image\":{\"@id\":\"https:\\\/\\\/cvinoticias.com\\\/v3\\\/buscan-que-la-lengua-de-senas-argentina-sea-reconocida-como-oficial\\\/#primaryimage\"},\"thumbnailUrl\":\"https:\\\/\\\/cvinoticias.com\\\/wp-content\\\/uploads\\\/2022\\\/09\\\/images.jpeg\",\"datePublished\":\"2022-09-19T09:52:07+00:00\",\"breadcrumb\":{\"@id\":\"https:\\\/\\\/cvinoticias.com\\\/v3\\\/buscan-que-la-lengua-de-senas-argentina-sea-reconocida-como-oficial\\\/#breadcrumb\"},\"inLanguage\":\"es\",\"potentialAction\":[{\"@type\":\"ReadAction\",\"target\":[\"https:\\\/\\\/cvinoticias.com\\\/v3\\\/buscan-que-la-lengua-de-senas-argentina-sea-reconocida-como-oficial\\\/\"]}]},{\"@type\":\"ImageObject\",\"inLanguage\":\"es\",\"@id\":\"https:\\\/\\\/cvinoticias.com\\\/v3\\\/buscan-que-la-lengua-de-senas-argentina-sea-reconocida-como-oficial\\\/#primaryimage\",\"url\":\"https:\\\/\\\/cvinoticias.com\\\/wp-content\\\/uploads\\\/2022\\\/09\\\/images.jpeg\",\"contentUrl\":\"https:\\\/\\\/cvinoticias.com\\\/wp-content\\\/uploads\\\/2022\\\/09\\\/images.jpeg\",\"width\":301,\"height\":167},{\"@type\":\"BreadcrumbList\",\"@id\":\"https:\\\/\\\/cvinoticias.com\\\/v3\\\/buscan-que-la-lengua-de-senas-argentina-sea-reconocida-como-oficial\\\/#breadcrumb\",\"itemListElement\":[{\"@type\":\"ListItem\",\"position\":1,\"name\":\"Portada\",\"item\":\"https:\\\/\\\/cvinoticias.com\\\/v3\\\/\"},{\"@type\":\"ListItem\",\"position\":2,\"name\":\"Buscan que la Lengua de Se\u00f1as Argentina sea reconocida como oficial\"}]},{\"@type\":\"WebSite\",\"@id\":\"https:\\\/\\\/cvinoticias.com\\\/v3\\\/#website\",\"url\":\"https:\\\/\\\/cvinoticias.com\\\/v3\\\/\",\"name\":\"CVI NOTICIAS\",\"description\":\"\",\"publisher\":{\"@id\":\"https:\\\/\\\/cvinoticias.com\\\/v3\\\/#organization\"},\"alternateName\":\"CVI\",\"potentialAction\":[{\"@type\":\"SearchAction\",\"target\":{\"@type\":\"EntryPoint\",\"urlTemplate\":\"https:\\\/\\\/cvinoticias.com\\\/v3\\\/?s={search_term_string}\"},\"query-input\":{\"@type\":\"PropertyValueSpecification\",\"valueRequired\":true,\"valueName\":\"search_term_string\"}}],\"inLanguage\":\"es\"},{\"@type\":\"Organization\",\"@id\":\"https:\\\/\\\/cvinoticias.com\\\/v3\\\/#organization\",\"name\":\"CVI NOTICIAS\",\"url\":\"https:\\\/\\\/cvinoticias.com\\\/v3\\\/\",\"logo\":{\"@type\":\"ImageObject\",\"inLanguage\":\"es\",\"@id\":\"https:\\\/\\\/cvinoticias.com\\\/v3\\\/#\\\/schema\\\/logo\\\/image\\\/\",\"url\":\"https:\\\/\\\/cvinoticias.com\\\/wp-content\\\/uploads\\\/2023\\\/04\\\/cropped-cropped-cropped-cropped-cropped-3-1.png\",\"contentUrl\":\"https:\\\/\\\/cvinoticias.com\\\/wp-content\\\/uploads\\\/2023\\\/04\\\/cropped-cropped-cropped-cropped-cropped-3-1.png\",\"width\":95,\"height\":122,\"caption\":\"CVI NOTICIAS\"},\"image\":{\"@id\":\"https:\\\/\\\/cvinoticias.com\\\/v3\\\/#\\\/schema\\\/logo\\\/image\\\/\"},\"sameAs\":[\"https:\\\/\\\/www.facebook.com\\\/cvinoticias\",\"https:\\\/\\\/www.instagram.com\\\/cvinoticias\\\/\",\"https:\\\/\\\/www.youtube.com\\\/@CVINOTICIAS\"]},{\"@type\":\"Person\",\"@id\":\"https:\\\/\\\/cvinoticias.com\\\/v3\\\/#\\\/schema\\\/person\\\/2db77e3c6bc03c538495d7b2b8be9b66\",\"name\":\"f1000024\",\"image\":{\"@type\":\"ImageObject\",\"inLanguage\":\"es\",\"@id\":\"https:\\\/\\\/secure.gravatar.com\\\/avatar\\\/d4fe7459cfc51ff5129ce1a732bbef5928568b8092d412ef95611616376bbeed?s=96&d=mm&r=g\",\"url\":\"https:\\\/\\\/secure.gravatar.com\\\/avatar\\\/d4fe7459cfc51ff5129ce1a732bbef5928568b8092d412ef95611616376bbeed?s=96&d=mm&r=g\",\"contentUrl\":\"https:\\\/\\\/secure.gravatar.com\\\/avatar\\\/d4fe7459cfc51ff5129ce1a732bbef5928568b8092d412ef95611616376bbeed?s=96&d=mm&r=g\",\"caption\":\"f1000024\"},\"url\":\"https:\\\/\\\/cvinoticias.com\\\/v3\\\/author\\\/f1000024\\\/\"}]}<\/script>\n<!-- \/ Yoast SEO plugin. -->","yoast_head_json":{"title":"Buscan que la Lengua de Se\u00f1as Argentina sea reconocida como oficial | CVI NOTICIAS","robots":{"index":"index","follow":"follow","max-snippet":"max-snippet:-1","max-image-preview":"max-image-preview:large","max-video-preview":"max-video-preview:-1"},"canonical":"https:\/\/cvinoticias.com\/v3\/buscan-que-la-lengua-de-senas-argentina-sea-reconocida-como-oficial\/","og_locale":"es_ES","og_type":"article","og_title":"Buscan que la Lengua de Se\u00f1as Argentina sea reconocida como oficial | CVI NOTICIAS","og_description":"Un proyecto de ley de Lengua de Se\u00f1as Argentina (LSA) busca que se la reconozca como una lengua natural y originaria, ya que aseguran que conforma el patrimonio cultural inmaterial de las personas sordas en todo el pa\u00eds. El expediente fue presentado el 23 de junio pasado en el Senado de la Naci\u00f3n. La iniciativa [&hellip;]","og_url":"https:\/\/cvinoticias.com\/v3\/buscan-que-la-lengua-de-senas-argentina-sea-reconocida-como-oficial\/","og_site_name":"CVI NOTICIAS","article_publisher":"https:\/\/www.facebook.com\/cvinoticias","article_published_time":"2022-09-19T09:52:07+00:00","og_image":[{"width":301,"height":167,"url":"https:\/\/cvinoticias.com\/wp-content\/uploads\/2022\/09\/images.jpeg","type":"image\/jpeg"}],"author":"f1000024","twitter_card":"summary_large_image","twitter_misc":{"Escrito por":"f1000024","Tiempo de lectura":"2 minutos"},"schema":{"@context":"https:\/\/schema.org","@graph":[{"@type":"Article","@id":"https:\/\/cvinoticias.com\/v3\/buscan-que-la-lengua-de-senas-argentina-sea-reconocida-como-oficial\/#article","isPartOf":{"@id":"https:\/\/cvinoticias.com\/v3\/buscan-que-la-lengua-de-senas-argentina-sea-reconocida-como-oficial\/"},"author":{"name":"f1000024","@id":"https:\/\/cvinoticias.com\/v3\/#\/schema\/person\/2db77e3c6bc03c538495d7b2b8be9b66"},"headline":"Buscan que la Lengua de Se\u00f1as Argentina sea reconocida como oficial","datePublished":"2022-09-19T09:52:07+00:00","mainEntityOfPage":{"@id":"https:\/\/cvinoticias.com\/v3\/buscan-que-la-lengua-de-senas-argentina-sea-reconocida-como-oficial\/"},"wordCount":358,"commentCount":0,"publisher":{"@id":"https:\/\/cvinoticias.com\/v3\/#organization"},"image":{"@id":"https:\/\/cvinoticias.com\/v3\/buscan-que-la-lengua-de-senas-argentina-sea-reconocida-como-oficial\/#primaryimage"},"thumbnailUrl":"https:\/\/cvinoticias.com\/wp-content\/uploads\/2022\/09\/images.jpeg","articleSection":["Informaci\u00f3n General"],"inLanguage":"es","potentialAction":[{"@type":"CommentAction","name":"Comment","target":["https:\/\/cvinoticias.com\/v3\/buscan-que-la-lengua-de-senas-argentina-sea-reconocida-como-oficial\/#respond"]}]},{"@type":"WebPage","@id":"https:\/\/cvinoticias.com\/v3\/buscan-que-la-lengua-de-senas-argentina-sea-reconocida-como-oficial\/","url":"https:\/\/cvinoticias.com\/v3\/buscan-que-la-lengua-de-senas-argentina-sea-reconocida-como-oficial\/","name":"Buscan que la Lengua de Se\u00f1as Argentina sea reconocida como oficial | CVI NOTICIAS","isPartOf":{"@id":"https:\/\/cvinoticias.com\/v3\/#website"},"primaryImageOfPage":{"@id":"https:\/\/cvinoticias.com\/v3\/buscan-que-la-lengua-de-senas-argentina-sea-reconocida-como-oficial\/#primaryimage"},"image":{"@id":"https:\/\/cvinoticias.com\/v3\/buscan-que-la-lengua-de-senas-argentina-sea-reconocida-como-oficial\/#primaryimage"},"thumbnailUrl":"https:\/\/cvinoticias.com\/wp-content\/uploads\/2022\/09\/images.jpeg","datePublished":"2022-09-19T09:52:07+00:00","breadcrumb":{"@id":"https:\/\/cvinoticias.com\/v3\/buscan-que-la-lengua-de-senas-argentina-sea-reconocida-como-oficial\/#breadcrumb"},"inLanguage":"es","potentialAction":[{"@type":"ReadAction","target":["https:\/\/cvinoticias.com\/v3\/buscan-que-la-lengua-de-senas-argentina-sea-reconocida-como-oficial\/"]}]},{"@type":"ImageObject","inLanguage":"es","@id":"https:\/\/cvinoticias.com\/v3\/buscan-que-la-lengua-de-senas-argentina-sea-reconocida-como-oficial\/#primaryimage","url":"https:\/\/cvinoticias.com\/wp-content\/uploads\/2022\/09\/images.jpeg","contentUrl":"https:\/\/cvinoticias.com\/wp-content\/uploads\/2022\/09\/images.jpeg","width":301,"height":167},{"@type":"BreadcrumbList","@id":"https:\/\/cvinoticias.com\/v3\/buscan-que-la-lengua-de-senas-argentina-sea-reconocida-como-oficial\/#breadcrumb","itemListElement":[{"@type":"ListItem","position":1,"name":"Portada","item":"https:\/\/cvinoticias.com\/v3\/"},{"@type":"ListItem","position":2,"name":"Buscan que la Lengua de Se\u00f1as Argentina sea reconocida como oficial"}]},{"@type":"WebSite","@id":"https:\/\/cvinoticias.com\/v3\/#website","url":"https:\/\/cvinoticias.com\/v3\/","name":"CVI NOTICIAS","description":"","publisher":{"@id":"https:\/\/cvinoticias.com\/v3\/#organization"},"alternateName":"CVI","potentialAction":[{"@type":"SearchAction","target":{"@type":"EntryPoint","urlTemplate":"https:\/\/cvinoticias.com\/v3\/?s={search_term_string}"},"query-input":{"@type":"PropertyValueSpecification","valueRequired":true,"valueName":"search_term_string"}}],"inLanguage":"es"},{"@type":"Organization","@id":"https:\/\/cvinoticias.com\/v3\/#organization","name":"CVI NOTICIAS","url":"https:\/\/cvinoticias.com\/v3\/","logo":{"@type":"ImageObject","inLanguage":"es","@id":"https:\/\/cvinoticias.com\/v3\/#\/schema\/logo\/image\/","url":"https:\/\/cvinoticias.com\/wp-content\/uploads\/2023\/04\/cropped-cropped-cropped-cropped-cropped-3-1.png","contentUrl":"https:\/\/cvinoticias.com\/wp-content\/uploads\/2023\/04\/cropped-cropped-cropped-cropped-cropped-3-1.png","width":95,"height":122,"caption":"CVI NOTICIAS"},"image":{"@id":"https:\/\/cvinoticias.com\/v3\/#\/schema\/logo\/image\/"},"sameAs":["https:\/\/www.facebook.com\/cvinoticias","https:\/\/www.instagram.com\/cvinoticias\/","https:\/\/www.youtube.com\/@CVINOTICIAS"]},{"@type":"Person","@id":"https:\/\/cvinoticias.com\/v3\/#\/schema\/person\/2db77e3c6bc03c538495d7b2b8be9b66","name":"f1000024","image":{"@type":"ImageObject","inLanguage":"es","@id":"https:\/\/secure.gravatar.com\/avatar\/d4fe7459cfc51ff5129ce1a732bbef5928568b8092d412ef95611616376bbeed?s=96&d=mm&r=g","url":"https:\/\/secure.gravatar.com\/avatar\/d4fe7459cfc51ff5129ce1a732bbef5928568b8092d412ef95611616376bbeed?s=96&d=mm&r=g","contentUrl":"https:\/\/secure.gravatar.com\/avatar\/d4fe7459cfc51ff5129ce1a732bbef5928568b8092d412ef95611616376bbeed?s=96&d=mm&r=g","caption":"f1000024"},"url":"https:\/\/cvinoticias.com\/v3\/author\/f1000024\/"}]}},"_links":{"self":[{"href":"https:\/\/cvinoticias.com\/v3\/wp-json\/wp\/v2\/posts\/19282","targetHints":{"allow":["GET"]}}],"collection":[{"href":"https:\/\/cvinoticias.com\/v3\/wp-json\/wp\/v2\/posts"}],"about":[{"href":"https:\/\/cvinoticias.com\/v3\/wp-json\/wp\/v2\/types\/post"}],"author":[{"embeddable":true,"href":"https:\/\/cvinoticias.com\/v3\/wp-json\/wp\/v2\/users\/2"}],"replies":[{"embeddable":true,"href":"https:\/\/cvinoticias.com\/v3\/wp-json\/wp\/v2\/comments?post=19282"}],"version-history":[{"count":1,"href":"https:\/\/cvinoticias.com\/v3\/wp-json\/wp\/v2\/posts\/19282\/revisions"}],"predecessor-version":[{"id":19284,"href":"https:\/\/cvinoticias.com\/v3\/wp-json\/wp\/v2\/posts\/19282\/revisions\/19284"}],"wp:featuredmedia":[{"embeddable":true,"href":"https:\/\/cvinoticias.com\/v3\/wp-json\/wp\/v2\/media\/19283"}],"wp:attachment":[{"href":"https:\/\/cvinoticias.com\/v3\/wp-json\/wp\/v2\/media?parent=19282"}],"wp:term":[{"taxonomy":"category","embeddable":true,"href":"https:\/\/cvinoticias.com\/v3\/wp-json\/wp\/v2\/categories?post=19282"},{"taxonomy":"post_tag","embeddable":true,"href":"https:\/\/cvinoticias.com\/v3\/wp-json\/wp\/v2\/tags?post=19282"}],"curies":[{"name":"wp","href":"https:\/\/api.w.org\/{rel}","templated":true}]}}