{"id":1928,"date":"2021-01-22T01:51:24","date_gmt":"2021-01-22T01:51:24","guid":{"rendered":"https:\/\/cvinoticias.com\/v3\/?p=1928"},"modified":"2021-01-22T01:51:24","modified_gmt":"2021-01-22T01:51:24","slug":"bundziak-probo-en-la-plata-y-tiene-todo-listo-para-arrancar-la-temporada","status":"publish","type":"post","link":"https:\/\/cvinoticias.com\/v3\/bundziak-probo-en-la-plata-y-tiene-todo-listo-para-arrancar-la-temporada\/","title":{"rendered":"Bundziak prob\u00f3 en La Plata y tiene todo listo para arrancar la temporada"},"content":{"rendered":"\n<p><strong><em>El piloto misionero Rudito Bundziak gir\u00f3 hoy en el Aut\u00f3dromo Roberto Jos\u00e9 Mouras de La Plata con el Ford del Quilmes Plas y dej\u00f3 todo listo para la primera fecha del TC Mouras, que se disputar\u00e1 desde ma\u00f1ana en el mismo escenario.<\/em><\/strong><\/p>\n\n\n\n<p>Bundziak aprovech\u00f3 la prueba para testear todos los trabajos que realiz\u00f3 el equipo en el receso y empezar a trabajar en la puesta a punto del auto para la apertura del campeonato.<\/p>\n\n\n\n<p>\u201cUn d\u00eda muy positivo, pudimos probar distintas cosas que se implementaron en el auto y todo fue para mejor. Con el motor de prueba conseguimos buenos tiempos pese al calor que hizo, as\u00ed que estamos bien. Las mejoras que se hicieron para esta carrera ayudaron mucho. Todas las mejoras son en la parte trasera y eso hace que se pueda traccionar mejor.<\/p>\n\n\n\n<p>\u201cYa se cambi\u00f3 el motor se puso el de carrera y ma\u00f1ana seguiremos buscando mejorar en los entrenamientos son dos tandas de media hora donde vamos a trabajar en lo fino para la clasificaci\u00f3n del s\u00e1bado\u201d, explic\u00f3 Bundziak.<\/p>\n\n\n\n<p>Bundziak agradeci\u00f3 al gobernador Oscar Herrera Ahuad, a los sponsor Municipalidad de Puerto Iguaz\u00fa, Manantial de Oro, Tienda Urbana, El Pan de la abuela, Syncom, Yerba Mate Andresito, R\u00edo Uruguay Seguros (RUS), y al Quilmes Plast.<\/p>\n\n\n\n<p>La actividad oficial del TC Mouras comenzar\u00e1 el viernes con dos tandas de entrenamientos. Mientras que el s\u00e1bado desde las 12 se podr\u00e1 ver el tercer entrenamiento por Deportv. Mientras que desde las 16 se podr\u00e1 seguir la clasificaci\u00f3n por la TV P\u00fablica.<\/p>\n\n\n\n<p>El domingo las series se correr\u00e1n desde las 11 y la primera final del a\u00f1o comenzar\u00e1 a las 13.40. Toda la actividad del domingo se podr\u00e1 ver por la TV P\u00fablica<\/p>\n\n\n\n<p>Horarios<\/p>\n\n\n\n<ul class=\"wp-block-list\"><li>Viernes<br>10:30: Reuni\u00f3n de pilotos TCM\u2013 VIRTUAL POR ZOOM OBLIGATORIA<br>(Luego de la reuni\u00f3n de TCM los pilotos deben seguir conectados para una charla con el Sr. Victorio Caruana del sistema RACE PRO).<br>12.20 a 13.25: 1er. Entrenamiento TC Mouras<br>15.50 a 16.55: 2do. Entrenamiento TC Mouras<\/li><li>S\u00e1bado<br>HORARIO DE TV 11:00 A 13:00 HORAS (DEPORTV)<br>12.05 a 12.50: Entrenamiento TC Mouras<br>HORARIO DE TV 15 A 17 HORAS<br>16.10 a 16.42: Clasificaci\u00f3n TC Mouras<\/li><li>Domingo<br>HORARIO DE TV 11:00 A 14:30 HORAS (TV PUBLICA)<br>11.05: 1ra. Serie TC Mouras a 4 vueltas<br>11.30: 2da. Serie TC Mouras a 4 vueltas<br>13.40: Final TC Mouras a 16 vueltas o 35 minutos<\/li><\/ul>\n\n\n\n<figure class=\"wp-block-image size-large\"><a href=\"https:\/\/cvinoticias.com\/wp-content\/uploads\/2021\/01\/FB_IMG_1611279819220.jpg\"><img decoding=\"async\" width=\"576\" height=\"1024\" data-src=\"https:\/\/cvinoticias.com\/wp-content\/uploads\/2021\/01\/FB_IMG_1611279819220-576x1024.jpg\" alt=\"\" class=\"wp-image-1930 lazyload\" data-srcset=\"https:\/\/cvinoticias.com\/wp-content\/uploads\/2021\/01\/FB_IMG_1611279819220-576x1024.jpg 576w, https:\/\/cvinoticias.com\/wp-content\/uploads\/2021\/01\/FB_IMG_1611279819220-169x300.jpg 169w, https:\/\/cvinoticias.com\/wp-content\/uploads\/2021\/01\/FB_IMG_1611279819220.jpg 720w\" data-sizes=\"(max-width: 576px) 100vw, 576px\" src=\"data:image\/svg+xml;base64,PHN2ZyB3aWR0aD0iMSIgaGVpZ2h0PSIxIiB4bWxucz0iaHR0cDovL3d3dy53My5vcmcvMjAwMC9zdmciPjwvc3ZnPg==\" style=\"--smush-placeholder-width: 576px; --smush-placeholder-aspect-ratio: 576\/1024;\" \/><\/a><\/figure>\n\n\n\n<figure class=\"wp-block-image size-large\"><a href=\"https:\/\/cvinoticias.com\/wp-content\/uploads\/2021\/01\/FB_IMG_1611279807098.jpg\"><img decoding=\"async\" width=\"1024\" height=\"576\" data-src=\"https:\/\/cvinoticias.com\/wp-content\/uploads\/2021\/01\/FB_IMG_1611279807098-1024x576.jpg\" alt=\"\" class=\"wp-image-1931 lazyload\" data-srcset=\"https:\/\/cvinoticias.com\/wp-content\/uploads\/2021\/01\/FB_IMG_1611279807098-1024x576.jpg 1024w, https:\/\/cvinoticias.com\/wp-content\/uploads\/2021\/01\/FB_IMG_1611279807098-300x169.jpg 300w, https:\/\/cvinoticias.com\/wp-content\/uploads\/2021\/01\/FB_IMG_1611279807098-768x432.jpg 768w, https:\/\/cvinoticias.com\/wp-content\/uploads\/2021\/01\/FB_IMG_1611279807098.jpg 1080w\" data-sizes=\"(max-width: 1024px) 100vw, 1024px\" src=\"data:image\/svg+xml;base64,PHN2ZyB3aWR0aD0iMSIgaGVpZ2h0PSIxIiB4bWxucz0iaHR0cDovL3d3dy53My5vcmcvMjAwMC9zdmciPjwvc3ZnPg==\" style=\"--smush-placeholder-width: 1024px; --smush-placeholder-aspect-ratio: 1024\/576;\" \/><\/a><\/figure>\n\n\n\n<figure class=\"wp-block-image size-large\"><a href=\"https:\/\/cvinoticias.com\/wp-content\/uploads\/2021\/01\/FB_IMG_1611279810246.jpg\"><img decoding=\"async\" width=\"1024\" height=\"576\" data-src=\"https:\/\/cvinoticias.com\/wp-content\/uploads\/2021\/01\/FB_IMG_1611279810246-1024x576.jpg\" alt=\"\" class=\"wp-image-1932 lazyload\" data-srcset=\"https:\/\/cvinoticias.com\/wp-content\/uploads\/2021\/01\/FB_IMG_1611279810246-1024x576.jpg 1024w, https:\/\/cvinoticias.com\/wp-content\/uploads\/2021\/01\/FB_IMG_1611279810246-300x169.jpg 300w, https:\/\/cvinoticias.com\/wp-content\/uploads\/2021\/01\/FB_IMG_1611279810246-768x432.jpg 768w, https:\/\/cvinoticias.com\/wp-content\/uploads\/2021\/01\/FB_IMG_1611279810246.jpg 1080w\" data-sizes=\"(max-width: 1024px) 100vw, 1024px\" src=\"data:image\/svg+xml;base64,PHN2ZyB3aWR0aD0iMSIgaGVpZ2h0PSIxIiB4bWxucz0iaHR0cDovL3d3dy53My5vcmcvMjAwMC9zdmciPjwvc3ZnPg==\" style=\"--smush-placeholder-width: 1024px; --smush-placeholder-aspect-ratio: 1024\/576;\" \/><\/a><\/figure>\n","protected":false},"excerpt":{"rendered":"<p>El piloto misionero Rudito Bundziak gir\u00f3 hoy en el Aut\u00f3dromo Roberto Jos\u00e9 Mouras de La Plata con el Ford del Quilmes Plas y dej\u00f3 todo listo para la primera fecha del TC Mouras, que se disputar\u00e1 desde ma\u00f1ana en el mismo escenario. Bundziak aprovech\u00f3 la prueba para testear todos los trabajos que realiz\u00f3 el equipo [&hellip;]<\/p>\n","protected":false},"author":2,"featured_media":1929,"comment_status":"open","ping_status":"open","sticky":false,"template":"","format":"standard","meta":{"footnotes":""},"categories":[24],"tags":[],"class_list":["post-1928","post","type-post","status-publish","format-standard","has-post-thumbnail","hentry","category-deportes"],"yoast_head":"<!-- This site is optimized with the Yoast SEO plugin v27.4 - https:\/\/yoast.com\/product\/yoast-seo-wordpress\/ -->\n<title>Bundziak prob\u00f3 en La Plata y tiene todo listo para arrancar la temporada | CVI NOTICIAS<\/title>\n<meta name=\"robots\" content=\"index, follow, max-snippet:-1, max-image-preview:large, max-video-preview:-1\" \/>\n<link rel=\"canonical\" href=\"https:\/\/cvinoticias.com\/v3\/bundziak-probo-en-la-plata-y-tiene-todo-listo-para-arrancar-la-temporada\/\" \/>\n<meta property=\"og:locale\" content=\"es_ES\" \/>\n<meta property=\"og:type\" content=\"article\" \/>\n<meta property=\"og:title\" content=\"Bundziak prob\u00f3 en La Plata y tiene todo listo para arrancar la temporada | CVI NOTICIAS\" \/>\n<meta property=\"og:description\" content=\"El piloto misionero Rudito Bundziak gir\u00f3 hoy en el Aut\u00f3dromo Roberto Jos\u00e9 Mouras de La Plata con el Ford del Quilmes Plas y dej\u00f3 todo listo para la primera fecha del TC Mouras, que se disputar\u00e1 desde ma\u00f1ana en el mismo escenario. Bundziak aprovech\u00f3 la prueba para testear todos los trabajos que realiz\u00f3 el equipo [&hellip;]\" \/>\n<meta property=\"og:url\" content=\"https:\/\/cvinoticias.com\/v3\/bundziak-probo-en-la-plata-y-tiene-todo-listo-para-arrancar-la-temporada\/\" \/>\n<meta property=\"og:site_name\" content=\"CVI NOTICIAS\" \/>\n<meta property=\"article:publisher\" content=\"https:\/\/www.facebook.com\/cvinoticias\" \/>\n<meta property=\"article:published_time\" content=\"2021-01-22T01:51:24+00:00\" \/>\n<meta property=\"og:image\" content=\"https:\/\/cvinoticias.com\/wp-content\/uploads\/2021\/01\/FB_IMG_1611279813799.jpg\" \/>\n\t<meta property=\"og:image:width\" content=\"1080\" \/>\n\t<meta property=\"og:image:height\" content=\"608\" \/>\n\t<meta property=\"og:image:type\" content=\"image\/jpeg\" \/>\n<meta name=\"author\" content=\"f1000024\" \/>\n<meta name=\"twitter:card\" content=\"summary_large_image\" \/>\n<meta name=\"twitter:label1\" content=\"Escrito por\" \/>\n\t<meta name=\"twitter:data1\" content=\"f1000024\" \/>\n\t<meta name=\"twitter:label2\" content=\"Tiempo de lectura\" \/>\n\t<meta name=\"twitter:data2\" content=\"2 minutos\" \/>\n<script type=\"application\/ld+json\" class=\"yoast-schema-graph\">{\"@context\":\"https:\\\/\\\/schema.org\",\"@graph\":[{\"@type\":\"Article\",\"@id\":\"https:\\\/\\\/cvinoticias.com\\\/v3\\\/bundziak-probo-en-la-plata-y-tiene-todo-listo-para-arrancar-la-temporada\\\/#article\",\"isPartOf\":{\"@id\":\"https:\\\/\\\/cvinoticias.com\\\/v3\\\/bundziak-probo-en-la-plata-y-tiene-todo-listo-para-arrancar-la-temporada\\\/\"},\"author\":{\"name\":\"f1000024\",\"@id\":\"https:\\\/\\\/cvinoticias.com\\\/v3\\\/#\\\/schema\\\/person\\\/2db77e3c6bc03c538495d7b2b8be9b66\"},\"headline\":\"Bundziak prob\u00f3 en La Plata y tiene todo listo para arrancar la temporada\",\"datePublished\":\"2021-01-22T01:51:24+00:00\",\"mainEntityOfPage\":{\"@id\":\"https:\\\/\\\/cvinoticias.com\\\/v3\\\/bundziak-probo-en-la-plata-y-tiene-todo-listo-para-arrancar-la-temporada\\\/\"},\"wordCount\":397,\"commentCount\":0,\"publisher\":{\"@id\":\"https:\\\/\\\/cvinoticias.com\\\/v3\\\/#organization\"},\"image\":{\"@id\":\"https:\\\/\\\/cvinoticias.com\\\/v3\\\/bundziak-probo-en-la-plata-y-tiene-todo-listo-para-arrancar-la-temporada\\\/#primaryimage\"},\"thumbnailUrl\":\"https:\\\/\\\/cvinoticias.com\\\/wp-content\\\/uploads\\\/2021\\\/01\\\/FB_IMG_1611279813799.jpg\",\"articleSection\":[\"Deportes\"],\"inLanguage\":\"es\",\"potentialAction\":[{\"@type\":\"CommentAction\",\"name\":\"Comment\",\"target\":[\"https:\\\/\\\/cvinoticias.com\\\/v3\\\/bundziak-probo-en-la-plata-y-tiene-todo-listo-para-arrancar-la-temporada\\\/#respond\"]}]},{\"@type\":\"WebPage\",\"@id\":\"https:\\\/\\\/cvinoticias.com\\\/v3\\\/bundziak-probo-en-la-plata-y-tiene-todo-listo-para-arrancar-la-temporada\\\/\",\"url\":\"https:\\\/\\\/cvinoticias.com\\\/v3\\\/bundziak-probo-en-la-plata-y-tiene-todo-listo-para-arrancar-la-temporada\\\/\",\"name\":\"Bundziak prob\u00f3 en La Plata y tiene todo listo para arrancar la temporada | CVI NOTICIAS\",\"isPartOf\":{\"@id\":\"https:\\\/\\\/cvinoticias.com\\\/v3\\\/#website\"},\"primaryImageOfPage\":{\"@id\":\"https:\\\/\\\/cvinoticias.com\\\/v3\\\/bundziak-probo-en-la-plata-y-tiene-todo-listo-para-arrancar-la-temporada\\\/#primaryimage\"},\"image\":{\"@id\":\"https:\\\/\\\/cvinoticias.com\\\/v3\\\/bundziak-probo-en-la-plata-y-tiene-todo-listo-para-arrancar-la-temporada\\\/#primaryimage\"},\"thumbnailUrl\":\"https:\\\/\\\/cvinoticias.com\\\/wp-content\\\/uploads\\\/2021\\\/01\\\/FB_IMG_1611279813799.jpg\",\"datePublished\":\"2021-01-22T01:51:24+00:00\",\"breadcrumb\":{\"@id\":\"https:\\\/\\\/cvinoticias.com\\\/v3\\\/bundziak-probo-en-la-plata-y-tiene-todo-listo-para-arrancar-la-temporada\\\/#breadcrumb\"},\"inLanguage\":\"es\",\"potentialAction\":[{\"@type\":\"ReadAction\",\"target\":[\"https:\\\/\\\/cvinoticias.com\\\/v3\\\/bundziak-probo-en-la-plata-y-tiene-todo-listo-para-arrancar-la-temporada\\\/\"]}]},{\"@type\":\"ImageObject\",\"inLanguage\":\"es\",\"@id\":\"https:\\\/\\\/cvinoticias.com\\\/v3\\\/bundziak-probo-en-la-plata-y-tiene-todo-listo-para-arrancar-la-temporada\\\/#primaryimage\",\"url\":\"https:\\\/\\\/cvinoticias.com\\\/wp-content\\\/uploads\\\/2021\\\/01\\\/FB_IMG_1611279813799.jpg\",\"contentUrl\":\"https:\\\/\\\/cvinoticias.com\\\/wp-content\\\/uploads\\\/2021\\\/01\\\/FB_IMG_1611279813799.jpg\",\"width\":1080,\"height\":608},{\"@type\":\"BreadcrumbList\",\"@id\":\"https:\\\/\\\/cvinoticias.com\\\/v3\\\/bundziak-probo-en-la-plata-y-tiene-todo-listo-para-arrancar-la-temporada\\\/#breadcrumb\",\"itemListElement\":[{\"@type\":\"ListItem\",\"position\":1,\"name\":\"Portada\",\"item\":\"https:\\\/\\\/cvinoticias.com\\\/v3\\\/\"},{\"@type\":\"ListItem\",\"position\":2,\"name\":\"Bundziak prob\u00f3 en La Plata y tiene todo listo para arrancar la temporada\"}]},{\"@type\":\"WebSite\",\"@id\":\"https:\\\/\\\/cvinoticias.com\\\/v3\\\/#website\",\"url\":\"https:\\\/\\\/cvinoticias.com\\\/v3\\\/\",\"name\":\"CVI NOTICIAS\",\"description\":\"\",\"publisher\":{\"@id\":\"https:\\\/\\\/cvinoticias.com\\\/v3\\\/#organization\"},\"alternateName\":\"CVI\",\"potentialAction\":[{\"@type\":\"SearchAction\",\"target\":{\"@type\":\"EntryPoint\",\"urlTemplate\":\"https:\\\/\\\/cvinoticias.com\\\/v3\\\/?s={search_term_string}\"},\"query-input\":{\"@type\":\"PropertyValueSpecification\",\"valueRequired\":true,\"valueName\":\"search_term_string\"}}],\"inLanguage\":\"es\"},{\"@type\":\"Organization\",\"@id\":\"https:\\\/\\\/cvinoticias.com\\\/v3\\\/#organization\",\"name\":\"CVI NOTICIAS\",\"url\":\"https:\\\/\\\/cvinoticias.com\\\/v3\\\/\",\"logo\":{\"@type\":\"ImageObject\",\"inLanguage\":\"es\",\"@id\":\"https:\\\/\\\/cvinoticias.com\\\/v3\\\/#\\\/schema\\\/logo\\\/image\\\/\",\"url\":\"https:\\\/\\\/cvinoticias.com\\\/wp-content\\\/uploads\\\/2023\\\/04\\\/cropped-cropped-cropped-cropped-cropped-3-1.png\",\"contentUrl\":\"https:\\\/\\\/cvinoticias.com\\\/wp-content\\\/uploads\\\/2023\\\/04\\\/cropped-cropped-cropped-cropped-cropped-3-1.png\",\"width\":95,\"height\":122,\"caption\":\"CVI NOTICIAS\"},\"image\":{\"@id\":\"https:\\\/\\\/cvinoticias.com\\\/v3\\\/#\\\/schema\\\/logo\\\/image\\\/\"},\"sameAs\":[\"https:\\\/\\\/www.facebook.com\\\/cvinoticias\",\"https:\\\/\\\/www.instagram.com\\\/cvinoticias\\\/\",\"https:\\\/\\\/www.youtube.com\\\/@CVINOTICIAS\"]},{\"@type\":\"Person\",\"@id\":\"https:\\\/\\\/cvinoticias.com\\\/v3\\\/#\\\/schema\\\/person\\\/2db77e3c6bc03c538495d7b2b8be9b66\",\"name\":\"f1000024\",\"image\":{\"@type\":\"ImageObject\",\"inLanguage\":\"es\",\"@id\":\"https:\\\/\\\/secure.gravatar.com\\\/avatar\\\/d4fe7459cfc51ff5129ce1a732bbef5928568b8092d412ef95611616376bbeed?s=96&d=mm&r=g\",\"url\":\"https:\\\/\\\/secure.gravatar.com\\\/avatar\\\/d4fe7459cfc51ff5129ce1a732bbef5928568b8092d412ef95611616376bbeed?s=96&d=mm&r=g\",\"contentUrl\":\"https:\\\/\\\/secure.gravatar.com\\\/avatar\\\/d4fe7459cfc51ff5129ce1a732bbef5928568b8092d412ef95611616376bbeed?s=96&d=mm&r=g\",\"caption\":\"f1000024\"},\"url\":\"https:\\\/\\\/cvinoticias.com\\\/v3\\\/author\\\/f1000024\\\/\"}]}<\/script>\n<!-- \/ Yoast SEO plugin. -->","yoast_head_json":{"title":"Bundziak prob\u00f3 en La Plata y tiene todo listo para arrancar la temporada | CVI NOTICIAS","robots":{"index":"index","follow":"follow","max-snippet":"max-snippet:-1","max-image-preview":"max-image-preview:large","max-video-preview":"max-video-preview:-1"},"canonical":"https:\/\/cvinoticias.com\/v3\/bundziak-probo-en-la-plata-y-tiene-todo-listo-para-arrancar-la-temporada\/","og_locale":"es_ES","og_type":"article","og_title":"Bundziak prob\u00f3 en La Plata y tiene todo listo para arrancar la temporada | CVI NOTICIAS","og_description":"El piloto misionero Rudito Bundziak gir\u00f3 hoy en el Aut\u00f3dromo Roberto Jos\u00e9 Mouras de La Plata con el Ford del Quilmes Plas y dej\u00f3 todo listo para la primera fecha del TC Mouras, que se disputar\u00e1 desde ma\u00f1ana en el mismo escenario. Bundziak aprovech\u00f3 la prueba para testear todos los trabajos que realiz\u00f3 el equipo [&hellip;]","og_url":"https:\/\/cvinoticias.com\/v3\/bundziak-probo-en-la-plata-y-tiene-todo-listo-para-arrancar-la-temporada\/","og_site_name":"CVI NOTICIAS","article_publisher":"https:\/\/www.facebook.com\/cvinoticias","article_published_time":"2021-01-22T01:51:24+00:00","og_image":[{"width":1080,"height":608,"url":"https:\/\/cvinoticias.com\/wp-content\/uploads\/2021\/01\/FB_IMG_1611279813799.jpg","type":"image\/jpeg"}],"author":"f1000024","twitter_card":"summary_large_image","twitter_misc":{"Escrito por":"f1000024","Tiempo de lectura":"2 minutos"},"schema":{"@context":"https:\/\/schema.org","@graph":[{"@type":"Article","@id":"https:\/\/cvinoticias.com\/v3\/bundziak-probo-en-la-plata-y-tiene-todo-listo-para-arrancar-la-temporada\/#article","isPartOf":{"@id":"https:\/\/cvinoticias.com\/v3\/bundziak-probo-en-la-plata-y-tiene-todo-listo-para-arrancar-la-temporada\/"},"author":{"name":"f1000024","@id":"https:\/\/cvinoticias.com\/v3\/#\/schema\/person\/2db77e3c6bc03c538495d7b2b8be9b66"},"headline":"Bundziak prob\u00f3 en La Plata y tiene todo listo para arrancar la temporada","datePublished":"2021-01-22T01:51:24+00:00","mainEntityOfPage":{"@id":"https:\/\/cvinoticias.com\/v3\/bundziak-probo-en-la-plata-y-tiene-todo-listo-para-arrancar-la-temporada\/"},"wordCount":397,"commentCount":0,"publisher":{"@id":"https:\/\/cvinoticias.com\/v3\/#organization"},"image":{"@id":"https:\/\/cvinoticias.com\/v3\/bundziak-probo-en-la-plata-y-tiene-todo-listo-para-arrancar-la-temporada\/#primaryimage"},"thumbnailUrl":"https:\/\/cvinoticias.com\/wp-content\/uploads\/2021\/01\/FB_IMG_1611279813799.jpg","articleSection":["Deportes"],"inLanguage":"es","potentialAction":[{"@type":"CommentAction","name":"Comment","target":["https:\/\/cvinoticias.com\/v3\/bundziak-probo-en-la-plata-y-tiene-todo-listo-para-arrancar-la-temporada\/#respond"]}]},{"@type":"WebPage","@id":"https:\/\/cvinoticias.com\/v3\/bundziak-probo-en-la-plata-y-tiene-todo-listo-para-arrancar-la-temporada\/","url":"https:\/\/cvinoticias.com\/v3\/bundziak-probo-en-la-plata-y-tiene-todo-listo-para-arrancar-la-temporada\/","name":"Bundziak prob\u00f3 en La Plata y tiene todo listo para arrancar la temporada | CVI NOTICIAS","isPartOf":{"@id":"https:\/\/cvinoticias.com\/v3\/#website"},"primaryImageOfPage":{"@id":"https:\/\/cvinoticias.com\/v3\/bundziak-probo-en-la-plata-y-tiene-todo-listo-para-arrancar-la-temporada\/#primaryimage"},"image":{"@id":"https:\/\/cvinoticias.com\/v3\/bundziak-probo-en-la-plata-y-tiene-todo-listo-para-arrancar-la-temporada\/#primaryimage"},"thumbnailUrl":"https:\/\/cvinoticias.com\/wp-content\/uploads\/2021\/01\/FB_IMG_1611279813799.jpg","datePublished":"2021-01-22T01:51:24+00:00","breadcrumb":{"@id":"https:\/\/cvinoticias.com\/v3\/bundziak-probo-en-la-plata-y-tiene-todo-listo-para-arrancar-la-temporada\/#breadcrumb"},"inLanguage":"es","potentialAction":[{"@type":"ReadAction","target":["https:\/\/cvinoticias.com\/v3\/bundziak-probo-en-la-plata-y-tiene-todo-listo-para-arrancar-la-temporada\/"]}]},{"@type":"ImageObject","inLanguage":"es","@id":"https:\/\/cvinoticias.com\/v3\/bundziak-probo-en-la-plata-y-tiene-todo-listo-para-arrancar-la-temporada\/#primaryimage","url":"https:\/\/cvinoticias.com\/wp-content\/uploads\/2021\/01\/FB_IMG_1611279813799.jpg","contentUrl":"https:\/\/cvinoticias.com\/wp-content\/uploads\/2021\/01\/FB_IMG_1611279813799.jpg","width":1080,"height":608},{"@type":"BreadcrumbList","@id":"https:\/\/cvinoticias.com\/v3\/bundziak-probo-en-la-plata-y-tiene-todo-listo-para-arrancar-la-temporada\/#breadcrumb","itemListElement":[{"@type":"ListItem","position":1,"name":"Portada","item":"https:\/\/cvinoticias.com\/v3\/"},{"@type":"ListItem","position":2,"name":"Bundziak prob\u00f3 en La Plata y tiene todo listo para arrancar la temporada"}]},{"@type":"WebSite","@id":"https:\/\/cvinoticias.com\/v3\/#website","url":"https:\/\/cvinoticias.com\/v3\/","name":"CVI NOTICIAS","description":"","publisher":{"@id":"https:\/\/cvinoticias.com\/v3\/#organization"},"alternateName":"CVI","potentialAction":[{"@type":"SearchAction","target":{"@type":"EntryPoint","urlTemplate":"https:\/\/cvinoticias.com\/v3\/?s={search_term_string}"},"query-input":{"@type":"PropertyValueSpecification","valueRequired":true,"valueName":"search_term_string"}}],"inLanguage":"es"},{"@type":"Organization","@id":"https:\/\/cvinoticias.com\/v3\/#organization","name":"CVI NOTICIAS","url":"https:\/\/cvinoticias.com\/v3\/","logo":{"@type":"ImageObject","inLanguage":"es","@id":"https:\/\/cvinoticias.com\/v3\/#\/schema\/logo\/image\/","url":"https:\/\/cvinoticias.com\/wp-content\/uploads\/2023\/04\/cropped-cropped-cropped-cropped-cropped-3-1.png","contentUrl":"https:\/\/cvinoticias.com\/wp-content\/uploads\/2023\/04\/cropped-cropped-cropped-cropped-cropped-3-1.png","width":95,"height":122,"caption":"CVI NOTICIAS"},"image":{"@id":"https:\/\/cvinoticias.com\/v3\/#\/schema\/logo\/image\/"},"sameAs":["https:\/\/www.facebook.com\/cvinoticias","https:\/\/www.instagram.com\/cvinoticias\/","https:\/\/www.youtube.com\/@CVINOTICIAS"]},{"@type":"Person","@id":"https:\/\/cvinoticias.com\/v3\/#\/schema\/person\/2db77e3c6bc03c538495d7b2b8be9b66","name":"f1000024","image":{"@type":"ImageObject","inLanguage":"es","@id":"https:\/\/secure.gravatar.com\/avatar\/d4fe7459cfc51ff5129ce1a732bbef5928568b8092d412ef95611616376bbeed?s=96&d=mm&r=g","url":"https:\/\/secure.gravatar.com\/avatar\/d4fe7459cfc51ff5129ce1a732bbef5928568b8092d412ef95611616376bbeed?s=96&d=mm&r=g","contentUrl":"https:\/\/secure.gravatar.com\/avatar\/d4fe7459cfc51ff5129ce1a732bbef5928568b8092d412ef95611616376bbeed?s=96&d=mm&r=g","caption":"f1000024"},"url":"https:\/\/cvinoticias.com\/v3\/author\/f1000024\/"}]}},"_links":{"self":[{"href":"https:\/\/cvinoticias.com\/v3\/wp-json\/wp\/v2\/posts\/1928","targetHints":{"allow":["GET"]}}],"collection":[{"href":"https:\/\/cvinoticias.com\/v3\/wp-json\/wp\/v2\/posts"}],"about":[{"href":"https:\/\/cvinoticias.com\/v3\/wp-json\/wp\/v2\/types\/post"}],"author":[{"embeddable":true,"href":"https:\/\/cvinoticias.com\/v3\/wp-json\/wp\/v2\/users\/2"}],"replies":[{"embeddable":true,"href":"https:\/\/cvinoticias.com\/v3\/wp-json\/wp\/v2\/comments?post=1928"}],"version-history":[{"count":1,"href":"https:\/\/cvinoticias.com\/v3\/wp-json\/wp\/v2\/posts\/1928\/revisions"}],"predecessor-version":[{"id":1933,"href":"https:\/\/cvinoticias.com\/v3\/wp-json\/wp\/v2\/posts\/1928\/revisions\/1933"}],"wp:featuredmedia":[{"embeddable":true,"href":"https:\/\/cvinoticias.com\/v3\/wp-json\/wp\/v2\/media\/1929"}],"wp:attachment":[{"href":"https:\/\/cvinoticias.com\/v3\/wp-json\/wp\/v2\/media?parent=1928"}],"wp:term":[{"taxonomy":"category","embeddable":true,"href":"https:\/\/cvinoticias.com\/v3\/wp-json\/wp\/v2\/categories?post=1928"},{"taxonomy":"post_tag","embeddable":true,"href":"https:\/\/cvinoticias.com\/v3\/wp-json\/wp\/v2\/tags?post=1928"}],"curies":[{"name":"wp","href":"https:\/\/api.w.org\/{rel}","templated":true}]}}