{"id":19276,"date":"2022-09-18T17:05:18","date_gmt":"2022-09-18T17:05:18","guid":{"rendered":"https:\/\/cvinoticias.com\/v3\/?p=19276"},"modified":"2022-09-18T17:05:18","modified_gmt":"2022-09-18T17:05:18","slug":"misiones-lider-del-nea-en-creacion-de-puestos-de-trabajo-formal","status":"publish","type":"post","link":"https:\/\/cvinoticias.com\/v3\/misiones-lider-del-nea-en-creacion-de-puestos-de-trabajo-formal\/","title":{"rendered":"MISIONES L\u00cdDER DEL NEA EN CREACI\u00d3N DE PUESTOS DE TRABAJO FORMAL"},"content":{"rendered":"\n<p><strong>LA REALIDAD DE UNA PROVINCIA ENTRE LAS MEJORES DEL PA\u00cdS<\/strong><\/p>\n\n\n\n<p><strong>Por An\u00edbal Blasco \u2013 Licenciado en Comercializaci\u00f3n<\/strong><\/p>\n\n\n\n<p>Esta semana, el diario \u00c1mbito Financiero public\u00f3 datos sobre Misiones resaltando su liderazgo en el NEA, temas que se destacan semana a semana en la provincia llegan a los principales medios de comunicaci\u00f3n a nivel nacional.<\/p>\n\n\n\n<p>En este caso, tom\u00f3 relevancia el indicador que posiciona a Misiones como l\u00edder en puestos de trabajo formales registrados con mucha diferencia entre sus pares. Es la \u00fanica provincia con m\u00e1s de 100 mil puestos formales registrados; mientras que Chaco registra 76,7 mil; Corrientes, 77,6 mil; y Formosa, 26,7 mil.<\/p>\n\n\n\n<p>En el informe difundido por la consultora Politikon Chaco, realizado sobre datos del Ministerio de Trabajo, Empleo y Seguridad Social de la Naci\u00f3n, indica que Misiones es la provincia que registr\u00f3 la mayor suba, alcanzando 3,9% interanual, representando la creaci\u00f3n de 4167 nuevos puestos de trabajo en un a\u00f1o.<\/p>\n\n\n\n<p>Lo que estamos viviendo es la recuperaci\u00f3n de empleos de calidad a los niveles de pre-pandemia, la particularidad del caso misionero es la velocidad de recupero m\u00e1s r\u00e1pida que otras provincias, con el agregado de la potencialidad de superar los niveles tradicionales y marcar nuevos r\u00e9cords en la serie hist\u00f3rica de medici\u00f3n de empleo.<\/p>\n\n\n\n<p>El trabajo articulado entre Estado y privados desde el resurgimiento de argentina post 2001-2002 abarca un entendimiento claro entre las partes, la propuesta de un Estado benefactor desde la conducci\u00f3n del Ing. Rovira, con m\u00faltiples l\u00edneas de acci\u00f3n, basado en el cuidado \u00edntegro del misionero y que adem\u00e1s el modelo cierre con el apoyo constante a pr\u00e1cticamente la totalidad de las industrias y comercios ha logrado un contrato social t\u00e1cito que funciona como un espiral de crecimiento mancomunado.<\/p>\n\n\n\n<p>Los indicadores que ve hoy la Naci\u00f3n, son consecuencia de indicadores intermedios que se dan a conocer todas las semanas. Entre ellos, que Misiones est\u00e1 en el top 7 de las jurisdicciones que m\u00e1s aporta a las arcas nacionales, el crecimiento constante de la foresto industria con nuevos aserraderos a\u00f1o a a\u00f1o, nuevas maquinarias y tecnolog\u00edas adquiridas que permiten una mayor calidad y valor agregado. Tecnolog\u00edas aplicadas al sector como el nuevo laboratorio para medir la resistencia de la madera y caracterizaciones de la misma, emplazado en la facultad de Cs. Forestales en la localidad de Eldorado, \u00fanico en el NEA, servicio muy demandado por el sector. Esto permite confirmar calidades y resistencia de tableros laminados, columnas etc. que habilita la elaboraci\u00f3n de muebles y casas de madera de calidad superior y con ello ampliar las posibilidades de nuevos mercados en el exterior.<\/p>\n\n\n\n<p>En el aspecto de las exportaciones tambi\u00e9n Misiones es l\u00edder en el NEA con un total de 465 millones de d\u00f3lares en 2021, lo cual arroja un aumento del 8,1% respecto a 2022, tambi\u00e9n fue aqu\u00ed donde en ese mismo a\u00f1o creci\u00f3 m\u00e1s el patentamiento de motos y este a\u00f1o el patentamiento de autos est\u00e1 retomando mejores indicadores, precisamente en esta segunda mitad de 2022.<\/p>\n\n\n\n<p>Este espiral de crecimiento y dinamismo que se vive, con subas de ventas en supermercados (que aumentaron 62% entre marzo de este a\u00f1o y marzo de 2021), sector gastron\u00f3mico y de turismo en niveles muy altos, no corresponden a lo que puede llamarse un buen momento por coyunturas de mercado, tipo de cambio, etc. Es resultado de un modelo econ\u00f3mico y social que fue creciendo, capacit\u00e1ndose, perfeccion\u00e1ndose para producir y ofrecer con suficiencia y calidad los servicios, productos y experiencias que busca el misionero, el consumidor nacional y el consumidor internacional; si Misiones no estuviera a la altura, no estar\u00eda sucedi\u00e9ndose semanas tras semanas los excelentes resultados que se dan a conocer. De todas formas, la b\u00fasqueda y consecuencia de todo es que el misionero pueda vivir mejor y en paz.<\/p>\n","protected":false},"excerpt":{"rendered":"<p>LA REALIDAD DE UNA PROVINCIA ENTRE LAS MEJORES DEL PA\u00cdS Por An\u00edbal Blasco \u2013 Licenciado en Comercializaci\u00f3n Esta semana, el diario \u00c1mbito Financiero public\u00f3 datos sobre Misiones resaltando su liderazgo en el NEA, temas que se destacan semana a semana en la provincia llegan a los principales medios de comunicaci\u00f3n a nivel nacional. En este [&hellip;]<\/p>\n","protected":false},"author":2,"featured_media":19277,"comment_status":"open","ping_status":"open","sticky":false,"template":"","format":"standard","meta":{"footnotes":""},"categories":[32,43],"tags":[],"class_list":["post-19276","post","type-post","status-publish","format-standard","has-post-thumbnail","hentry","category-economia","category-provinciales"],"yoast_head":"<!-- This site is optimized with the Yoast SEO plugin v27.5 - https:\/\/yoast.com\/product\/yoast-seo-wordpress\/ -->\n<title>MISIONES L\u00cdDER DEL NEA EN CREACI\u00d3N DE PUESTOS DE TRABAJO FORMAL | CVI NOTICIAS<\/title>\n<meta name=\"robots\" content=\"index, follow, max-snippet:-1, max-image-preview:large, max-video-preview:-1\" \/>\n<link rel=\"canonical\" href=\"https:\/\/cvinoticias.com\/v3\/misiones-lider-del-nea-en-creacion-de-puestos-de-trabajo-formal\/\" \/>\n<meta property=\"og:locale\" content=\"es_ES\" \/>\n<meta property=\"og:type\" content=\"article\" \/>\n<meta property=\"og:title\" content=\"MISIONES L\u00cdDER DEL NEA EN CREACI\u00d3N DE PUESTOS DE TRABAJO FORMAL | CVI NOTICIAS\" \/>\n<meta property=\"og:description\" content=\"LA REALIDAD DE UNA PROVINCIA ENTRE LAS MEJORES DEL PA\u00cdS Por An\u00edbal Blasco \u2013 Licenciado en Comercializaci\u00f3n Esta semana, el diario \u00c1mbito Financiero public\u00f3 datos sobre Misiones resaltando su liderazgo en el NEA, temas que se destacan semana a semana en la provincia llegan a los principales medios de comunicaci\u00f3n a nivel nacional. En este [&hellip;]\" \/>\n<meta property=\"og:url\" content=\"https:\/\/cvinoticias.com\/v3\/misiones-lider-del-nea-en-creacion-de-puestos-de-trabajo-formal\/\" \/>\n<meta property=\"og:site_name\" content=\"CVI NOTICIAS\" \/>\n<meta property=\"article:publisher\" content=\"https:\/\/www.facebook.com\/cvinoticias\" \/>\n<meta property=\"article:published_time\" content=\"2022-09-18T17:05:18+00:00\" \/>\n<meta property=\"og:image\" content=\"https:\/\/cvinoticias.com\/wp-content\/uploads\/2022\/09\/EDF09F53-D063-40D9-AD3C-1CD402696FE5.jpeg\" \/>\n\t<meta property=\"og:image:width\" content=\"696\" \/>\n\t<meta property=\"og:image:height\" content=\"464\" \/>\n\t<meta property=\"og:image:type\" content=\"image\/jpeg\" \/>\n<meta name=\"author\" content=\"f1000024\" \/>\n<meta name=\"twitter:card\" content=\"summary_large_image\" \/>\n<meta name=\"twitter:label1\" content=\"Escrito por\" \/>\n\t<meta name=\"twitter:data1\" content=\"f1000024\" \/>\n\t<meta name=\"twitter:label2\" content=\"Tiempo de lectura\" \/>\n\t<meta name=\"twitter:data2\" content=\"3 minutos\" \/>\n<script type=\"application\/ld+json\" class=\"yoast-schema-graph\">{\"@context\":\"https:\\\/\\\/schema.org\",\"@graph\":[{\"@type\":\"Article\",\"@id\":\"https:\\\/\\\/cvinoticias.com\\\/v3\\\/misiones-lider-del-nea-en-creacion-de-puestos-de-trabajo-formal\\\/#article\",\"isPartOf\":{\"@id\":\"https:\\\/\\\/cvinoticias.com\\\/v3\\\/misiones-lider-del-nea-en-creacion-de-puestos-de-trabajo-formal\\\/\"},\"author\":{\"name\":\"f1000024\",\"@id\":\"https:\\\/\\\/cvinoticias.com\\\/v3\\\/#\\\/schema\\\/person\\\/2db77e3c6bc03c538495d7b2b8be9b66\"},\"headline\":\"MISIONES L\u00cdDER DEL NEA EN CREACI\u00d3N DE PUESTOS DE TRABAJO FORMAL\",\"datePublished\":\"2022-09-18T17:05:18+00:00\",\"mainEntityOfPage\":{\"@id\":\"https:\\\/\\\/cvinoticias.com\\\/v3\\\/misiones-lider-del-nea-en-creacion-de-puestos-de-trabajo-formal\\\/\"},\"wordCount\":665,\"commentCount\":0,\"publisher\":{\"@id\":\"https:\\\/\\\/cvinoticias.com\\\/v3\\\/#organization\"},\"image\":{\"@id\":\"https:\\\/\\\/cvinoticias.com\\\/v3\\\/misiones-lider-del-nea-en-creacion-de-puestos-de-trabajo-formal\\\/#primaryimage\"},\"thumbnailUrl\":\"https:\\\/\\\/cvinoticias.com\\\/wp-content\\\/uploads\\\/2022\\\/09\\\/EDF09F53-D063-40D9-AD3C-1CD402696FE5.jpeg\",\"articleSection\":[\"Econom\u00eda\",\"Provinciales\"],\"inLanguage\":\"es\",\"potentialAction\":[{\"@type\":\"CommentAction\",\"name\":\"Comment\",\"target\":[\"https:\\\/\\\/cvinoticias.com\\\/v3\\\/misiones-lider-del-nea-en-creacion-de-puestos-de-trabajo-formal\\\/#respond\"]}]},{\"@type\":\"WebPage\",\"@id\":\"https:\\\/\\\/cvinoticias.com\\\/v3\\\/misiones-lider-del-nea-en-creacion-de-puestos-de-trabajo-formal\\\/\",\"url\":\"https:\\\/\\\/cvinoticias.com\\\/v3\\\/misiones-lider-del-nea-en-creacion-de-puestos-de-trabajo-formal\\\/\",\"name\":\"MISIONES L\u00cdDER DEL NEA EN CREACI\u00d3N DE PUESTOS DE TRABAJO FORMAL | CVI NOTICIAS\",\"isPartOf\":{\"@id\":\"https:\\\/\\\/cvinoticias.com\\\/v3\\\/#website\"},\"primaryImageOfPage\":{\"@id\":\"https:\\\/\\\/cvinoticias.com\\\/v3\\\/misiones-lider-del-nea-en-creacion-de-puestos-de-trabajo-formal\\\/#primaryimage\"},\"image\":{\"@id\":\"https:\\\/\\\/cvinoticias.com\\\/v3\\\/misiones-lider-del-nea-en-creacion-de-puestos-de-trabajo-formal\\\/#primaryimage\"},\"thumbnailUrl\":\"https:\\\/\\\/cvinoticias.com\\\/wp-content\\\/uploads\\\/2022\\\/09\\\/EDF09F53-D063-40D9-AD3C-1CD402696FE5.jpeg\",\"datePublished\":\"2022-09-18T17:05:18+00:00\",\"breadcrumb\":{\"@id\":\"https:\\\/\\\/cvinoticias.com\\\/v3\\\/misiones-lider-del-nea-en-creacion-de-puestos-de-trabajo-formal\\\/#breadcrumb\"},\"inLanguage\":\"es\",\"potentialAction\":[{\"@type\":\"ReadAction\",\"target\":[\"https:\\\/\\\/cvinoticias.com\\\/v3\\\/misiones-lider-del-nea-en-creacion-de-puestos-de-trabajo-formal\\\/\"]}]},{\"@type\":\"ImageObject\",\"inLanguage\":\"es\",\"@id\":\"https:\\\/\\\/cvinoticias.com\\\/v3\\\/misiones-lider-del-nea-en-creacion-de-puestos-de-trabajo-formal\\\/#primaryimage\",\"url\":\"https:\\\/\\\/cvinoticias.com\\\/wp-content\\\/uploads\\\/2022\\\/09\\\/EDF09F53-D063-40D9-AD3C-1CD402696FE5.jpeg\",\"contentUrl\":\"https:\\\/\\\/cvinoticias.com\\\/wp-content\\\/uploads\\\/2022\\\/09\\\/EDF09F53-D063-40D9-AD3C-1CD402696FE5.jpeg\",\"width\":696,\"height\":464},{\"@type\":\"BreadcrumbList\",\"@id\":\"https:\\\/\\\/cvinoticias.com\\\/v3\\\/misiones-lider-del-nea-en-creacion-de-puestos-de-trabajo-formal\\\/#breadcrumb\",\"itemListElement\":[{\"@type\":\"ListItem\",\"position\":1,\"name\":\"Portada\",\"item\":\"https:\\\/\\\/cvinoticias.com\\\/v3\\\/\"},{\"@type\":\"ListItem\",\"position\":2,\"name\":\"MISIONES L\u00cdDER DEL NEA EN CREACI\u00d3N DE PUESTOS DE TRABAJO FORMAL\"}]},{\"@type\":\"WebSite\",\"@id\":\"https:\\\/\\\/cvinoticias.com\\\/v3\\\/#website\",\"url\":\"https:\\\/\\\/cvinoticias.com\\\/v3\\\/\",\"name\":\"CVI NOTICIAS\",\"description\":\"\",\"publisher\":{\"@id\":\"https:\\\/\\\/cvinoticias.com\\\/v3\\\/#organization\"},\"alternateName\":\"CVI\",\"potentialAction\":[{\"@type\":\"SearchAction\",\"target\":{\"@type\":\"EntryPoint\",\"urlTemplate\":\"https:\\\/\\\/cvinoticias.com\\\/v3\\\/?s={search_term_string}\"},\"query-input\":{\"@type\":\"PropertyValueSpecification\",\"valueRequired\":true,\"valueName\":\"search_term_string\"}}],\"inLanguage\":\"es\"},{\"@type\":\"Organization\",\"@id\":\"https:\\\/\\\/cvinoticias.com\\\/v3\\\/#organization\",\"name\":\"CVI NOTICIAS\",\"url\":\"https:\\\/\\\/cvinoticias.com\\\/v3\\\/\",\"logo\":{\"@type\":\"ImageObject\",\"inLanguage\":\"es\",\"@id\":\"https:\\\/\\\/cvinoticias.com\\\/v3\\\/#\\\/schema\\\/logo\\\/image\\\/\",\"url\":\"https:\\\/\\\/cvinoticias.com\\\/wp-content\\\/uploads\\\/2023\\\/04\\\/cropped-cropped-cropped-cropped-cropped-3-1.png\",\"contentUrl\":\"https:\\\/\\\/cvinoticias.com\\\/wp-content\\\/uploads\\\/2023\\\/04\\\/cropped-cropped-cropped-cropped-cropped-3-1.png\",\"width\":95,\"height\":122,\"caption\":\"CVI NOTICIAS\"},\"image\":{\"@id\":\"https:\\\/\\\/cvinoticias.com\\\/v3\\\/#\\\/schema\\\/logo\\\/image\\\/\"},\"sameAs\":[\"https:\\\/\\\/www.facebook.com\\\/cvinoticias\",\"https:\\\/\\\/www.instagram.com\\\/cvinoticias\\\/\",\"https:\\\/\\\/www.youtube.com\\\/@CVINOTICIAS\"]},{\"@type\":\"Person\",\"@id\":\"https:\\\/\\\/cvinoticias.com\\\/v3\\\/#\\\/schema\\\/person\\\/2db77e3c6bc03c538495d7b2b8be9b66\",\"name\":\"f1000024\",\"image\":{\"@type\":\"ImageObject\",\"inLanguage\":\"es\",\"@id\":\"https:\\\/\\\/secure.gravatar.com\\\/avatar\\\/d4fe7459cfc51ff5129ce1a732bbef5928568b8092d412ef95611616376bbeed?s=96&d=mm&r=g\",\"url\":\"https:\\\/\\\/secure.gravatar.com\\\/avatar\\\/d4fe7459cfc51ff5129ce1a732bbef5928568b8092d412ef95611616376bbeed?s=96&d=mm&r=g\",\"contentUrl\":\"https:\\\/\\\/secure.gravatar.com\\\/avatar\\\/d4fe7459cfc51ff5129ce1a732bbef5928568b8092d412ef95611616376bbeed?s=96&d=mm&r=g\",\"caption\":\"f1000024\"},\"url\":\"https:\\\/\\\/cvinoticias.com\\\/v3\\\/author\\\/f1000024\\\/\"}]}<\/script>\n<!-- \/ Yoast SEO plugin. -->","yoast_head_json":{"title":"MISIONES L\u00cdDER DEL NEA EN CREACI\u00d3N DE PUESTOS DE TRABAJO FORMAL | CVI NOTICIAS","robots":{"index":"index","follow":"follow","max-snippet":"max-snippet:-1","max-image-preview":"max-image-preview:large","max-video-preview":"max-video-preview:-1"},"canonical":"https:\/\/cvinoticias.com\/v3\/misiones-lider-del-nea-en-creacion-de-puestos-de-trabajo-formal\/","og_locale":"es_ES","og_type":"article","og_title":"MISIONES L\u00cdDER DEL NEA EN CREACI\u00d3N DE PUESTOS DE TRABAJO FORMAL | CVI NOTICIAS","og_description":"LA REALIDAD DE UNA PROVINCIA ENTRE LAS MEJORES DEL PA\u00cdS Por An\u00edbal Blasco \u2013 Licenciado en Comercializaci\u00f3n Esta semana, el diario \u00c1mbito Financiero public\u00f3 datos sobre Misiones resaltando su liderazgo en el NEA, temas que se destacan semana a semana en la provincia llegan a los principales medios de comunicaci\u00f3n a nivel nacional. En este [&hellip;]","og_url":"https:\/\/cvinoticias.com\/v3\/misiones-lider-del-nea-en-creacion-de-puestos-de-trabajo-formal\/","og_site_name":"CVI NOTICIAS","article_publisher":"https:\/\/www.facebook.com\/cvinoticias","article_published_time":"2022-09-18T17:05:18+00:00","og_image":[{"width":696,"height":464,"url":"https:\/\/cvinoticias.com\/wp-content\/uploads\/2022\/09\/EDF09F53-D063-40D9-AD3C-1CD402696FE5.jpeg","type":"image\/jpeg"}],"author":"f1000024","twitter_card":"summary_large_image","twitter_misc":{"Escrito por":"f1000024","Tiempo de lectura":"3 minutos"},"schema":{"@context":"https:\/\/schema.org","@graph":[{"@type":"Article","@id":"https:\/\/cvinoticias.com\/v3\/misiones-lider-del-nea-en-creacion-de-puestos-de-trabajo-formal\/#article","isPartOf":{"@id":"https:\/\/cvinoticias.com\/v3\/misiones-lider-del-nea-en-creacion-de-puestos-de-trabajo-formal\/"},"author":{"name":"f1000024","@id":"https:\/\/cvinoticias.com\/v3\/#\/schema\/person\/2db77e3c6bc03c538495d7b2b8be9b66"},"headline":"MISIONES L\u00cdDER DEL NEA EN CREACI\u00d3N DE PUESTOS DE TRABAJO FORMAL","datePublished":"2022-09-18T17:05:18+00:00","mainEntityOfPage":{"@id":"https:\/\/cvinoticias.com\/v3\/misiones-lider-del-nea-en-creacion-de-puestos-de-trabajo-formal\/"},"wordCount":665,"commentCount":0,"publisher":{"@id":"https:\/\/cvinoticias.com\/v3\/#organization"},"image":{"@id":"https:\/\/cvinoticias.com\/v3\/misiones-lider-del-nea-en-creacion-de-puestos-de-trabajo-formal\/#primaryimage"},"thumbnailUrl":"https:\/\/cvinoticias.com\/wp-content\/uploads\/2022\/09\/EDF09F53-D063-40D9-AD3C-1CD402696FE5.jpeg","articleSection":["Econom\u00eda","Provinciales"],"inLanguage":"es","potentialAction":[{"@type":"CommentAction","name":"Comment","target":["https:\/\/cvinoticias.com\/v3\/misiones-lider-del-nea-en-creacion-de-puestos-de-trabajo-formal\/#respond"]}]},{"@type":"WebPage","@id":"https:\/\/cvinoticias.com\/v3\/misiones-lider-del-nea-en-creacion-de-puestos-de-trabajo-formal\/","url":"https:\/\/cvinoticias.com\/v3\/misiones-lider-del-nea-en-creacion-de-puestos-de-trabajo-formal\/","name":"MISIONES L\u00cdDER DEL NEA EN CREACI\u00d3N DE PUESTOS DE TRABAJO FORMAL | CVI NOTICIAS","isPartOf":{"@id":"https:\/\/cvinoticias.com\/v3\/#website"},"primaryImageOfPage":{"@id":"https:\/\/cvinoticias.com\/v3\/misiones-lider-del-nea-en-creacion-de-puestos-de-trabajo-formal\/#primaryimage"},"image":{"@id":"https:\/\/cvinoticias.com\/v3\/misiones-lider-del-nea-en-creacion-de-puestos-de-trabajo-formal\/#primaryimage"},"thumbnailUrl":"https:\/\/cvinoticias.com\/wp-content\/uploads\/2022\/09\/EDF09F53-D063-40D9-AD3C-1CD402696FE5.jpeg","datePublished":"2022-09-18T17:05:18+00:00","breadcrumb":{"@id":"https:\/\/cvinoticias.com\/v3\/misiones-lider-del-nea-en-creacion-de-puestos-de-trabajo-formal\/#breadcrumb"},"inLanguage":"es","potentialAction":[{"@type":"ReadAction","target":["https:\/\/cvinoticias.com\/v3\/misiones-lider-del-nea-en-creacion-de-puestos-de-trabajo-formal\/"]}]},{"@type":"ImageObject","inLanguage":"es","@id":"https:\/\/cvinoticias.com\/v3\/misiones-lider-del-nea-en-creacion-de-puestos-de-trabajo-formal\/#primaryimage","url":"https:\/\/cvinoticias.com\/wp-content\/uploads\/2022\/09\/EDF09F53-D063-40D9-AD3C-1CD402696FE5.jpeg","contentUrl":"https:\/\/cvinoticias.com\/wp-content\/uploads\/2022\/09\/EDF09F53-D063-40D9-AD3C-1CD402696FE5.jpeg","width":696,"height":464},{"@type":"BreadcrumbList","@id":"https:\/\/cvinoticias.com\/v3\/misiones-lider-del-nea-en-creacion-de-puestos-de-trabajo-formal\/#breadcrumb","itemListElement":[{"@type":"ListItem","position":1,"name":"Portada","item":"https:\/\/cvinoticias.com\/v3\/"},{"@type":"ListItem","position":2,"name":"MISIONES L\u00cdDER DEL NEA EN CREACI\u00d3N DE PUESTOS DE TRABAJO FORMAL"}]},{"@type":"WebSite","@id":"https:\/\/cvinoticias.com\/v3\/#website","url":"https:\/\/cvinoticias.com\/v3\/","name":"CVI NOTICIAS","description":"","publisher":{"@id":"https:\/\/cvinoticias.com\/v3\/#organization"},"alternateName":"CVI","potentialAction":[{"@type":"SearchAction","target":{"@type":"EntryPoint","urlTemplate":"https:\/\/cvinoticias.com\/v3\/?s={search_term_string}"},"query-input":{"@type":"PropertyValueSpecification","valueRequired":true,"valueName":"search_term_string"}}],"inLanguage":"es"},{"@type":"Organization","@id":"https:\/\/cvinoticias.com\/v3\/#organization","name":"CVI NOTICIAS","url":"https:\/\/cvinoticias.com\/v3\/","logo":{"@type":"ImageObject","inLanguage":"es","@id":"https:\/\/cvinoticias.com\/v3\/#\/schema\/logo\/image\/","url":"https:\/\/cvinoticias.com\/wp-content\/uploads\/2023\/04\/cropped-cropped-cropped-cropped-cropped-3-1.png","contentUrl":"https:\/\/cvinoticias.com\/wp-content\/uploads\/2023\/04\/cropped-cropped-cropped-cropped-cropped-3-1.png","width":95,"height":122,"caption":"CVI NOTICIAS"},"image":{"@id":"https:\/\/cvinoticias.com\/v3\/#\/schema\/logo\/image\/"},"sameAs":["https:\/\/www.facebook.com\/cvinoticias","https:\/\/www.instagram.com\/cvinoticias\/","https:\/\/www.youtube.com\/@CVINOTICIAS"]},{"@type":"Person","@id":"https:\/\/cvinoticias.com\/v3\/#\/schema\/person\/2db77e3c6bc03c538495d7b2b8be9b66","name":"f1000024","image":{"@type":"ImageObject","inLanguage":"es","@id":"https:\/\/secure.gravatar.com\/avatar\/d4fe7459cfc51ff5129ce1a732bbef5928568b8092d412ef95611616376bbeed?s=96&d=mm&r=g","url":"https:\/\/secure.gravatar.com\/avatar\/d4fe7459cfc51ff5129ce1a732bbef5928568b8092d412ef95611616376bbeed?s=96&d=mm&r=g","contentUrl":"https:\/\/secure.gravatar.com\/avatar\/d4fe7459cfc51ff5129ce1a732bbef5928568b8092d412ef95611616376bbeed?s=96&d=mm&r=g","caption":"f1000024"},"url":"https:\/\/cvinoticias.com\/v3\/author\/f1000024\/"}]}},"_links":{"self":[{"href":"https:\/\/cvinoticias.com\/v3\/wp-json\/wp\/v2\/posts\/19276","targetHints":{"allow":["GET"]}}],"collection":[{"href":"https:\/\/cvinoticias.com\/v3\/wp-json\/wp\/v2\/posts"}],"about":[{"href":"https:\/\/cvinoticias.com\/v3\/wp-json\/wp\/v2\/types\/post"}],"author":[{"embeddable":true,"href":"https:\/\/cvinoticias.com\/v3\/wp-json\/wp\/v2\/users\/2"}],"replies":[{"embeddable":true,"href":"https:\/\/cvinoticias.com\/v3\/wp-json\/wp\/v2\/comments?post=19276"}],"version-history":[{"count":1,"href":"https:\/\/cvinoticias.com\/v3\/wp-json\/wp\/v2\/posts\/19276\/revisions"}],"predecessor-version":[{"id":19278,"href":"https:\/\/cvinoticias.com\/v3\/wp-json\/wp\/v2\/posts\/19276\/revisions\/19278"}],"wp:featuredmedia":[{"embeddable":true,"href":"https:\/\/cvinoticias.com\/v3\/wp-json\/wp\/v2\/media\/19277"}],"wp:attachment":[{"href":"https:\/\/cvinoticias.com\/v3\/wp-json\/wp\/v2\/media?parent=19276"}],"wp:term":[{"taxonomy":"category","embeddable":true,"href":"https:\/\/cvinoticias.com\/v3\/wp-json\/wp\/v2\/categories?post=19276"},{"taxonomy":"post_tag","embeddable":true,"href":"https:\/\/cvinoticias.com\/v3\/wp-json\/wp\/v2\/tags?post=19276"}],"curies":[{"name":"wp","href":"https:\/\/api.w.org\/{rel}","templated":true}]}}