{"id":19269,"date":"2022-09-16T13:14:00","date_gmt":"2022-09-16T13:14:00","guid":{"rendered":"https:\/\/cvinoticias.com\/v3\/?p=19269"},"modified":"2022-09-16T13:14:00","modified_gmt":"2022-09-16T13:14:00","slug":"cuanto-pagaran-los-plazos-fijos-a-partir-de-este-viernes","status":"publish","type":"post","link":"https:\/\/cvinoticias.com\/v3\/cuanto-pagaran-los-plazos-fijos-a-partir-de-este-viernes\/","title":{"rendered":"Cu\u00e1nto pagar\u00e1n los plazos fijos a partir de este viernes"},"content":{"rendered":"\n<p><strong><em>El incremento anunciado por el Banco Central, que eleva la tasa anual del 69,5% al 75%, impactar\u00e1 desde este viernes en los dep\u00f3sitos a plazo fijo, las tasas de inter\u00e9s para cr\u00e9ditos y otros costos de financiamiento en pesos. La medida busca frenar la inercia de precios y consolidar la estabilidad.<\/em><\/strong><\/p>\n\n\n\n<p>El Banco Central de la Rep\u00fablica Argentina (BCRA) dispuso este jueves elevar en 550 puntos b\u00e1sicos la tasa de pol\u00edtica monetaria, que pasar\u00e1 de 69,5% a 75% anual, y que impactara desde ma\u00f1ana en remuneraci\u00f3n de los dep\u00f3sitos a plazo fijo, las tasas de inter\u00e9s para cr\u00e9ditos y otros costos de financiamiento en pesos.<\/p>\n\n\n\n<p>Se trata de la tercera suba de tasas de inter\u00e9s que aplica el BCRA en los \u00faltimos dos meses, luego de que el 28 de julio subiera 800 puntos la tasa de Leliq, que pas\u00f3 de 52 a 60% anual, y el 11 de agosto se fijara una suba de 950 puntos, para alcanzar el 69,5% anual.<\/p>\n\n\n\n<p>El objetivo de la medida -explic\u00f3 el Central- es normalizar la estructura de tasas de inter\u00e9s activas y pasivas de la econom\u00eda para acercarlas a un terreno positivo en t\u00e9rminos reales, que ayude a frenar la inercia de precios y a consolidar la estabilidad financiera, cambiaria y la acumulaci\u00f3n de reservas internacionales alcanzada en las \u00faltimas semanas.<\/p>\n\n\n\n<p>\u201cEn agosto la tasa de inflaci\u00f3n nivel general y la tasa de inflaci\u00f3n n\u00facleo mensuales se redujeron respecto a julio, aunque sostuvieron un nivel elevado respecto a los meses previos. Debido a ello, el BCRA considera necesario incrementar una vez m\u00e1s la tasa de pol\u00edtica monetaria y consolidar as\u00ed el proceso de normalizaci\u00f3n de la estructura de tasas de inter\u00e9s activas y pasivas de la econom\u00eda para ubicarlas en un terreno positivo en t\u00e9rminos reales\u201d, explic\u00f3 la autoridad monetaria en un comunicado.<\/p>\n\n\n\n<p>Por ello, para \u201caumentar el incentivo al ahorro en pesos\u201d, el BCRA elev\u00f3 los l\u00edmites m\u00ednimos de las tasas de inter\u00e9s sobre los plazos fijos de personas humanas, estableciendo el nuevo piso en 75% anual para las imposiciones a 30 d\u00edas hasta 10 millones de pesos.<\/p>\n\n\n\n<p>Esto representa un rendimiento de 107% en t\u00e9rminos efectivos anuales, mientras que el resto de los dep\u00f3sitos a plazo fijo del sector privado (personas o empresas) tendr\u00e1n una tasa m\u00ednima garantizada de 66,5%, lo que representa una tasa efectiva anual de 91%.<\/p>\n\n\n\n<p>La suba de tasas forma parte la estrategia nueva estrategia de pol\u00edtica monetaria fijada por el BCRA, que busca establecer un sendero de tasa de inter\u00e9s de pol\u00edtica de manera de propender hacia retornos reales positivos sobre las inversiones en moneda local y de preservar la estabilidad monetaria y cambiaria.<\/p>\n\n\n\n<p>\u201cAl mismo tiempo, las nuevas tasas permitir\u00e1n consolidar la estabilidad cambiaria y financiera y potenciar la acumulaci\u00f3n de reservas internacionales\u201d, explic\u00f3 el Central.<\/p>\n\n\n\n<p>En ese sentido, detall\u00f3 que futuros ajustes de tasas estar\u00e1s estrechamente vinculados con \u201cla evoluci\u00f3n pasada y prospectiva del nivel general de precios y a la din\u00e1mica del mercado de cambios\u201d.<\/p>\n\n\n\n<p>\u201cTeniendo en cuenta los senderos esperados para la base monetaria y el resto de los agregados monetarios, la pol\u00edtica de tasas de inter\u00e9s que lleva adelante el BCRA resulta consistente con una reducci\u00f3n del stock de pasivos remunerados (Leliq, Notaliq y Pases) en t\u00e9rminos del PIB durante 2023\u201d, se\u00f1al\u00f3 el Central.<\/p>\n\n\n\n<p>Despu\u00e9s de que el mi\u00e9rcoles el Indec diera a conocer el \u00edndice de precios al consumidor de agosto, que ascendi\u00f3 hasta el 7%, se descontaba que el BCRA volviera a subir la tasa de inter\u00e9s.<\/p>\n\n\n\n<p>De hecho, en las \u00faltimas semanas est\u00e1 subiendo crawling-peg del tipo de cambio oficial a un ritmo del 6,2% mensual, por encima de la tasa efectiva de pol\u00edtica monetaria que reg\u00eda hasta hoy de 5,8%.<\/p>\n\n\n\n<p>A diferencia de anteriores oportunidades, la suba de tasas definida hoy se produce luego de que el Banco Central lograra una fuerte acumulaci\u00f3n de reservas internacionales, al comenzar a implementarse la semana pasada el nuevo esquema de fomento a las exportaciones del complejo sojero, que reconoce un tipo de cambio de $ 200 por cada d\u00f3lar hasta el 30 de septiembre pr\u00f3ximo.<\/p>\n\n\n\n<p>En la ronda de hoy, el Central pudo acumular compras por US$ 300 millones y acumula compras por casi US$ 2.000 millones en las \u00faltimas ocho jornadas y, a falta de 11 ruedas para cerrar el mes, se encamina a superar holgadamente el mejor registro -desde que hay datos diarios- registrado en diciembre de 2011, cuando hab\u00eda adquiri\u00f3 US$ 2.493 millones.<\/p>\n","protected":false},"excerpt":{"rendered":"<p>El incremento anunciado por el Banco Central, que eleva la tasa anual del 69,5% al 75%, impactar\u00e1 desde este viernes en los dep\u00f3sitos a plazo fijo, las tasas de inter\u00e9s para cr\u00e9ditos y otros costos de financiamiento en pesos. La medida busca frenar la inercia de precios y consolidar la estabilidad. El Banco Central de [&hellip;]<\/p>\n","protected":false},"author":2,"featured_media":19270,"comment_status":"open","ping_status":"open","sticky":false,"template":"","format":"standard","meta":{"footnotes":""},"categories":[35],"tags":[],"class_list":["post-19269","post","type-post","status-publish","format-standard","has-post-thumbnail","hentry","category-informacion-general"],"yoast_head":"<!-- This site is optimized with the Yoast SEO plugin v27.5 - https:\/\/yoast.com\/product\/yoast-seo-wordpress\/ -->\n<title>Cu\u00e1nto pagar\u00e1n los plazos fijos a partir de este viernes | CVI NOTICIAS<\/title>\n<meta name=\"robots\" content=\"index, follow, max-snippet:-1, max-image-preview:large, max-video-preview:-1\" \/>\n<link rel=\"canonical\" href=\"https:\/\/cvinoticias.com\/v3\/cuanto-pagaran-los-plazos-fijos-a-partir-de-este-viernes\/\" \/>\n<meta property=\"og:locale\" content=\"es_ES\" \/>\n<meta property=\"og:type\" content=\"article\" \/>\n<meta property=\"og:title\" content=\"Cu\u00e1nto pagar\u00e1n los plazos fijos a partir de este viernes | CVI NOTICIAS\" \/>\n<meta property=\"og:description\" content=\"El incremento anunciado por el Banco Central, que eleva la tasa anual del 69,5% al 75%, impactar\u00e1 desde este viernes en los dep\u00f3sitos a plazo fijo, las tasas de inter\u00e9s para cr\u00e9ditos y otros costos de financiamiento en pesos. La medida busca frenar la inercia de precios y consolidar la estabilidad. El Banco Central de [&hellip;]\" \/>\n<meta property=\"og:url\" content=\"https:\/\/cvinoticias.com\/v3\/cuanto-pagaran-los-plazos-fijos-a-partir-de-este-viernes\/\" \/>\n<meta property=\"og:site_name\" content=\"CVI NOTICIAS\" \/>\n<meta property=\"article:publisher\" content=\"https:\/\/www.facebook.com\/cvinoticias\" \/>\n<meta property=\"article:published_time\" content=\"2022-09-16T13:14:00+00:00\" \/>\n<meta property=\"og:image\" content=\"https:\/\/cvinoticias.com\/wp-content\/uploads\/2022\/09\/IIGOSTLBPNFMREZBNQZTTP5AV4.jpeg\" \/>\n\t<meta property=\"og:image:width\" content=\"960\" \/>\n\t<meta property=\"og:image:height\" content=\"640\" \/>\n\t<meta property=\"og:image:type\" content=\"image\/jpeg\" \/>\n<meta name=\"author\" content=\"f1000024\" \/>\n<meta name=\"twitter:card\" content=\"summary_large_image\" \/>\n<meta name=\"twitter:label1\" content=\"Escrito por\" \/>\n\t<meta name=\"twitter:data1\" content=\"f1000024\" \/>\n\t<meta name=\"twitter:label2\" content=\"Tiempo de lectura\" \/>\n\t<meta name=\"twitter:data2\" content=\"4 minutos\" \/>\n<script type=\"application\/ld+json\" class=\"yoast-schema-graph\">{\"@context\":\"https:\\\/\\\/schema.org\",\"@graph\":[{\"@type\":\"Article\",\"@id\":\"https:\\\/\\\/cvinoticias.com\\\/v3\\\/cuanto-pagaran-los-plazos-fijos-a-partir-de-este-viernes\\\/#article\",\"isPartOf\":{\"@id\":\"https:\\\/\\\/cvinoticias.com\\\/v3\\\/cuanto-pagaran-los-plazos-fijos-a-partir-de-este-viernes\\\/\"},\"author\":{\"name\":\"f1000024\",\"@id\":\"https:\\\/\\\/cvinoticias.com\\\/v3\\\/#\\\/schema\\\/person\\\/2db77e3c6bc03c538495d7b2b8be9b66\"},\"headline\":\"Cu\u00e1nto pagar\u00e1n los plazos fijos a partir de este viernes\",\"datePublished\":\"2022-09-16T13:14:00+00:00\",\"mainEntityOfPage\":{\"@id\":\"https:\\\/\\\/cvinoticias.com\\\/v3\\\/cuanto-pagaran-los-plazos-fijos-a-partir-de-este-viernes\\\/\"},\"wordCount\":774,\"commentCount\":0,\"publisher\":{\"@id\":\"https:\\\/\\\/cvinoticias.com\\\/v3\\\/#organization\"},\"image\":{\"@id\":\"https:\\\/\\\/cvinoticias.com\\\/v3\\\/cuanto-pagaran-los-plazos-fijos-a-partir-de-este-viernes\\\/#primaryimage\"},\"thumbnailUrl\":\"https:\\\/\\\/cvinoticias.com\\\/wp-content\\\/uploads\\\/2022\\\/09\\\/IIGOSTLBPNFMREZBNQZTTP5AV4.jpeg\",\"articleSection\":[\"Informaci\u00f3n General\"],\"inLanguage\":\"es\",\"potentialAction\":[{\"@type\":\"CommentAction\",\"name\":\"Comment\",\"target\":[\"https:\\\/\\\/cvinoticias.com\\\/v3\\\/cuanto-pagaran-los-plazos-fijos-a-partir-de-este-viernes\\\/#respond\"]}]},{\"@type\":\"WebPage\",\"@id\":\"https:\\\/\\\/cvinoticias.com\\\/v3\\\/cuanto-pagaran-los-plazos-fijos-a-partir-de-este-viernes\\\/\",\"url\":\"https:\\\/\\\/cvinoticias.com\\\/v3\\\/cuanto-pagaran-los-plazos-fijos-a-partir-de-este-viernes\\\/\",\"name\":\"Cu\u00e1nto pagar\u00e1n los plazos fijos a partir de este viernes | CVI NOTICIAS\",\"isPartOf\":{\"@id\":\"https:\\\/\\\/cvinoticias.com\\\/v3\\\/#website\"},\"primaryImageOfPage\":{\"@id\":\"https:\\\/\\\/cvinoticias.com\\\/v3\\\/cuanto-pagaran-los-plazos-fijos-a-partir-de-este-viernes\\\/#primaryimage\"},\"image\":{\"@id\":\"https:\\\/\\\/cvinoticias.com\\\/v3\\\/cuanto-pagaran-los-plazos-fijos-a-partir-de-este-viernes\\\/#primaryimage\"},\"thumbnailUrl\":\"https:\\\/\\\/cvinoticias.com\\\/wp-content\\\/uploads\\\/2022\\\/09\\\/IIGOSTLBPNFMREZBNQZTTP5AV4.jpeg\",\"datePublished\":\"2022-09-16T13:14:00+00:00\",\"breadcrumb\":{\"@id\":\"https:\\\/\\\/cvinoticias.com\\\/v3\\\/cuanto-pagaran-los-plazos-fijos-a-partir-de-este-viernes\\\/#breadcrumb\"},\"inLanguage\":\"es\",\"potentialAction\":[{\"@type\":\"ReadAction\",\"target\":[\"https:\\\/\\\/cvinoticias.com\\\/v3\\\/cuanto-pagaran-los-plazos-fijos-a-partir-de-este-viernes\\\/\"]}]},{\"@type\":\"ImageObject\",\"inLanguage\":\"es\",\"@id\":\"https:\\\/\\\/cvinoticias.com\\\/v3\\\/cuanto-pagaran-los-plazos-fijos-a-partir-de-este-viernes\\\/#primaryimage\",\"url\":\"https:\\\/\\\/cvinoticias.com\\\/wp-content\\\/uploads\\\/2022\\\/09\\\/IIGOSTLBPNFMREZBNQZTTP5AV4.jpeg\",\"contentUrl\":\"https:\\\/\\\/cvinoticias.com\\\/wp-content\\\/uploads\\\/2022\\\/09\\\/IIGOSTLBPNFMREZBNQZTTP5AV4.jpeg\",\"width\":960,\"height\":640},{\"@type\":\"BreadcrumbList\",\"@id\":\"https:\\\/\\\/cvinoticias.com\\\/v3\\\/cuanto-pagaran-los-plazos-fijos-a-partir-de-este-viernes\\\/#breadcrumb\",\"itemListElement\":[{\"@type\":\"ListItem\",\"position\":1,\"name\":\"Portada\",\"item\":\"https:\\\/\\\/cvinoticias.com\\\/v3\\\/\"},{\"@type\":\"ListItem\",\"position\":2,\"name\":\"Cu\u00e1nto pagar\u00e1n los plazos fijos a partir de este viernes\"}]},{\"@type\":\"WebSite\",\"@id\":\"https:\\\/\\\/cvinoticias.com\\\/v3\\\/#website\",\"url\":\"https:\\\/\\\/cvinoticias.com\\\/v3\\\/\",\"name\":\"CVI NOTICIAS\",\"description\":\"\",\"publisher\":{\"@id\":\"https:\\\/\\\/cvinoticias.com\\\/v3\\\/#organization\"},\"alternateName\":\"CVI\",\"potentialAction\":[{\"@type\":\"SearchAction\",\"target\":{\"@type\":\"EntryPoint\",\"urlTemplate\":\"https:\\\/\\\/cvinoticias.com\\\/v3\\\/?s={search_term_string}\"},\"query-input\":{\"@type\":\"PropertyValueSpecification\",\"valueRequired\":true,\"valueName\":\"search_term_string\"}}],\"inLanguage\":\"es\"},{\"@type\":\"Organization\",\"@id\":\"https:\\\/\\\/cvinoticias.com\\\/v3\\\/#organization\",\"name\":\"CVI NOTICIAS\",\"url\":\"https:\\\/\\\/cvinoticias.com\\\/v3\\\/\",\"logo\":{\"@type\":\"ImageObject\",\"inLanguage\":\"es\",\"@id\":\"https:\\\/\\\/cvinoticias.com\\\/v3\\\/#\\\/schema\\\/logo\\\/image\\\/\",\"url\":\"https:\\\/\\\/cvinoticias.com\\\/wp-content\\\/uploads\\\/2023\\\/04\\\/cropped-cropped-cropped-cropped-cropped-3-1.png\",\"contentUrl\":\"https:\\\/\\\/cvinoticias.com\\\/wp-content\\\/uploads\\\/2023\\\/04\\\/cropped-cropped-cropped-cropped-cropped-3-1.png\",\"width\":95,\"height\":122,\"caption\":\"CVI NOTICIAS\"},\"image\":{\"@id\":\"https:\\\/\\\/cvinoticias.com\\\/v3\\\/#\\\/schema\\\/logo\\\/image\\\/\"},\"sameAs\":[\"https:\\\/\\\/www.facebook.com\\\/cvinoticias\",\"https:\\\/\\\/www.instagram.com\\\/cvinoticias\\\/\",\"https:\\\/\\\/www.youtube.com\\\/@CVINOTICIAS\"]},{\"@type\":\"Person\",\"@id\":\"https:\\\/\\\/cvinoticias.com\\\/v3\\\/#\\\/schema\\\/person\\\/2db77e3c6bc03c538495d7b2b8be9b66\",\"name\":\"f1000024\",\"image\":{\"@type\":\"ImageObject\",\"inLanguage\":\"es\",\"@id\":\"https:\\\/\\\/secure.gravatar.com\\\/avatar\\\/d4fe7459cfc51ff5129ce1a732bbef5928568b8092d412ef95611616376bbeed?s=96&d=mm&r=g\",\"url\":\"https:\\\/\\\/secure.gravatar.com\\\/avatar\\\/d4fe7459cfc51ff5129ce1a732bbef5928568b8092d412ef95611616376bbeed?s=96&d=mm&r=g\",\"contentUrl\":\"https:\\\/\\\/secure.gravatar.com\\\/avatar\\\/d4fe7459cfc51ff5129ce1a732bbef5928568b8092d412ef95611616376bbeed?s=96&d=mm&r=g\",\"caption\":\"f1000024\"},\"url\":\"https:\\\/\\\/cvinoticias.com\\\/v3\\\/author\\\/f1000024\\\/\"}]}<\/script>\n<!-- \/ Yoast SEO plugin. -->","yoast_head_json":{"title":"Cu\u00e1nto pagar\u00e1n los plazos fijos a partir de este viernes | CVI NOTICIAS","robots":{"index":"index","follow":"follow","max-snippet":"max-snippet:-1","max-image-preview":"max-image-preview:large","max-video-preview":"max-video-preview:-1"},"canonical":"https:\/\/cvinoticias.com\/v3\/cuanto-pagaran-los-plazos-fijos-a-partir-de-este-viernes\/","og_locale":"es_ES","og_type":"article","og_title":"Cu\u00e1nto pagar\u00e1n los plazos fijos a partir de este viernes | CVI NOTICIAS","og_description":"El incremento anunciado por el Banco Central, que eleva la tasa anual del 69,5% al 75%, impactar\u00e1 desde este viernes en los dep\u00f3sitos a plazo fijo, las tasas de inter\u00e9s para cr\u00e9ditos y otros costos de financiamiento en pesos. La medida busca frenar la inercia de precios y consolidar la estabilidad. El Banco Central de [&hellip;]","og_url":"https:\/\/cvinoticias.com\/v3\/cuanto-pagaran-los-plazos-fijos-a-partir-de-este-viernes\/","og_site_name":"CVI NOTICIAS","article_publisher":"https:\/\/www.facebook.com\/cvinoticias","article_published_time":"2022-09-16T13:14:00+00:00","og_image":[{"width":960,"height":640,"url":"https:\/\/cvinoticias.com\/wp-content\/uploads\/2022\/09\/IIGOSTLBPNFMREZBNQZTTP5AV4.jpeg","type":"image\/jpeg"}],"author":"f1000024","twitter_card":"summary_large_image","twitter_misc":{"Escrito por":"f1000024","Tiempo de lectura":"4 minutos"},"schema":{"@context":"https:\/\/schema.org","@graph":[{"@type":"Article","@id":"https:\/\/cvinoticias.com\/v3\/cuanto-pagaran-los-plazos-fijos-a-partir-de-este-viernes\/#article","isPartOf":{"@id":"https:\/\/cvinoticias.com\/v3\/cuanto-pagaran-los-plazos-fijos-a-partir-de-este-viernes\/"},"author":{"name":"f1000024","@id":"https:\/\/cvinoticias.com\/v3\/#\/schema\/person\/2db77e3c6bc03c538495d7b2b8be9b66"},"headline":"Cu\u00e1nto pagar\u00e1n los plazos fijos a partir de este viernes","datePublished":"2022-09-16T13:14:00+00:00","mainEntityOfPage":{"@id":"https:\/\/cvinoticias.com\/v3\/cuanto-pagaran-los-plazos-fijos-a-partir-de-este-viernes\/"},"wordCount":774,"commentCount":0,"publisher":{"@id":"https:\/\/cvinoticias.com\/v3\/#organization"},"image":{"@id":"https:\/\/cvinoticias.com\/v3\/cuanto-pagaran-los-plazos-fijos-a-partir-de-este-viernes\/#primaryimage"},"thumbnailUrl":"https:\/\/cvinoticias.com\/wp-content\/uploads\/2022\/09\/IIGOSTLBPNFMREZBNQZTTP5AV4.jpeg","articleSection":["Informaci\u00f3n General"],"inLanguage":"es","potentialAction":[{"@type":"CommentAction","name":"Comment","target":["https:\/\/cvinoticias.com\/v3\/cuanto-pagaran-los-plazos-fijos-a-partir-de-este-viernes\/#respond"]}]},{"@type":"WebPage","@id":"https:\/\/cvinoticias.com\/v3\/cuanto-pagaran-los-plazos-fijos-a-partir-de-este-viernes\/","url":"https:\/\/cvinoticias.com\/v3\/cuanto-pagaran-los-plazos-fijos-a-partir-de-este-viernes\/","name":"Cu\u00e1nto pagar\u00e1n los plazos fijos a partir de este viernes | CVI NOTICIAS","isPartOf":{"@id":"https:\/\/cvinoticias.com\/v3\/#website"},"primaryImageOfPage":{"@id":"https:\/\/cvinoticias.com\/v3\/cuanto-pagaran-los-plazos-fijos-a-partir-de-este-viernes\/#primaryimage"},"image":{"@id":"https:\/\/cvinoticias.com\/v3\/cuanto-pagaran-los-plazos-fijos-a-partir-de-este-viernes\/#primaryimage"},"thumbnailUrl":"https:\/\/cvinoticias.com\/wp-content\/uploads\/2022\/09\/IIGOSTLBPNFMREZBNQZTTP5AV4.jpeg","datePublished":"2022-09-16T13:14:00+00:00","breadcrumb":{"@id":"https:\/\/cvinoticias.com\/v3\/cuanto-pagaran-los-plazos-fijos-a-partir-de-este-viernes\/#breadcrumb"},"inLanguage":"es","potentialAction":[{"@type":"ReadAction","target":["https:\/\/cvinoticias.com\/v3\/cuanto-pagaran-los-plazos-fijos-a-partir-de-este-viernes\/"]}]},{"@type":"ImageObject","inLanguage":"es","@id":"https:\/\/cvinoticias.com\/v3\/cuanto-pagaran-los-plazos-fijos-a-partir-de-este-viernes\/#primaryimage","url":"https:\/\/cvinoticias.com\/wp-content\/uploads\/2022\/09\/IIGOSTLBPNFMREZBNQZTTP5AV4.jpeg","contentUrl":"https:\/\/cvinoticias.com\/wp-content\/uploads\/2022\/09\/IIGOSTLBPNFMREZBNQZTTP5AV4.jpeg","width":960,"height":640},{"@type":"BreadcrumbList","@id":"https:\/\/cvinoticias.com\/v3\/cuanto-pagaran-los-plazos-fijos-a-partir-de-este-viernes\/#breadcrumb","itemListElement":[{"@type":"ListItem","position":1,"name":"Portada","item":"https:\/\/cvinoticias.com\/v3\/"},{"@type":"ListItem","position":2,"name":"Cu\u00e1nto pagar\u00e1n los plazos fijos a partir de este viernes"}]},{"@type":"WebSite","@id":"https:\/\/cvinoticias.com\/v3\/#website","url":"https:\/\/cvinoticias.com\/v3\/","name":"CVI NOTICIAS","description":"","publisher":{"@id":"https:\/\/cvinoticias.com\/v3\/#organization"},"alternateName":"CVI","potentialAction":[{"@type":"SearchAction","target":{"@type":"EntryPoint","urlTemplate":"https:\/\/cvinoticias.com\/v3\/?s={search_term_string}"},"query-input":{"@type":"PropertyValueSpecification","valueRequired":true,"valueName":"search_term_string"}}],"inLanguage":"es"},{"@type":"Organization","@id":"https:\/\/cvinoticias.com\/v3\/#organization","name":"CVI NOTICIAS","url":"https:\/\/cvinoticias.com\/v3\/","logo":{"@type":"ImageObject","inLanguage":"es","@id":"https:\/\/cvinoticias.com\/v3\/#\/schema\/logo\/image\/","url":"https:\/\/cvinoticias.com\/wp-content\/uploads\/2023\/04\/cropped-cropped-cropped-cropped-cropped-3-1.png","contentUrl":"https:\/\/cvinoticias.com\/wp-content\/uploads\/2023\/04\/cropped-cropped-cropped-cropped-cropped-3-1.png","width":95,"height":122,"caption":"CVI NOTICIAS"},"image":{"@id":"https:\/\/cvinoticias.com\/v3\/#\/schema\/logo\/image\/"},"sameAs":["https:\/\/www.facebook.com\/cvinoticias","https:\/\/www.instagram.com\/cvinoticias\/","https:\/\/www.youtube.com\/@CVINOTICIAS"]},{"@type":"Person","@id":"https:\/\/cvinoticias.com\/v3\/#\/schema\/person\/2db77e3c6bc03c538495d7b2b8be9b66","name":"f1000024","image":{"@type":"ImageObject","inLanguage":"es","@id":"https:\/\/secure.gravatar.com\/avatar\/d4fe7459cfc51ff5129ce1a732bbef5928568b8092d412ef95611616376bbeed?s=96&d=mm&r=g","url":"https:\/\/secure.gravatar.com\/avatar\/d4fe7459cfc51ff5129ce1a732bbef5928568b8092d412ef95611616376bbeed?s=96&d=mm&r=g","contentUrl":"https:\/\/secure.gravatar.com\/avatar\/d4fe7459cfc51ff5129ce1a732bbef5928568b8092d412ef95611616376bbeed?s=96&d=mm&r=g","caption":"f1000024"},"url":"https:\/\/cvinoticias.com\/v3\/author\/f1000024\/"}]}},"_links":{"self":[{"href":"https:\/\/cvinoticias.com\/v3\/wp-json\/wp\/v2\/posts\/19269","targetHints":{"allow":["GET"]}}],"collection":[{"href":"https:\/\/cvinoticias.com\/v3\/wp-json\/wp\/v2\/posts"}],"about":[{"href":"https:\/\/cvinoticias.com\/v3\/wp-json\/wp\/v2\/types\/post"}],"author":[{"embeddable":true,"href":"https:\/\/cvinoticias.com\/v3\/wp-json\/wp\/v2\/users\/2"}],"replies":[{"embeddable":true,"href":"https:\/\/cvinoticias.com\/v3\/wp-json\/wp\/v2\/comments?post=19269"}],"version-history":[{"count":1,"href":"https:\/\/cvinoticias.com\/v3\/wp-json\/wp\/v2\/posts\/19269\/revisions"}],"predecessor-version":[{"id":19271,"href":"https:\/\/cvinoticias.com\/v3\/wp-json\/wp\/v2\/posts\/19269\/revisions\/19271"}],"wp:featuredmedia":[{"embeddable":true,"href":"https:\/\/cvinoticias.com\/v3\/wp-json\/wp\/v2\/media\/19270"}],"wp:attachment":[{"href":"https:\/\/cvinoticias.com\/v3\/wp-json\/wp\/v2\/media?parent=19269"}],"wp:term":[{"taxonomy":"category","embeddable":true,"href":"https:\/\/cvinoticias.com\/v3\/wp-json\/wp\/v2\/categories?post=19269"},{"taxonomy":"post_tag","embeddable":true,"href":"https:\/\/cvinoticias.com\/v3\/wp-json\/wp\/v2\/tags?post=19269"}],"curies":[{"name":"wp","href":"https:\/\/api.w.org\/{rel}","templated":true}]}}