{"id":19264,"date":"2022-09-16T12:59:02","date_gmt":"2022-09-16T12:59:02","guid":{"rendered":"https:\/\/cvinoticias.com\/v3\/?p=19264"},"modified":"2022-09-16T12:59:02","modified_gmt":"2022-09-16T12:59:02","slug":"misiones-fortalecera-la-produccion-de-alimentos-en-las-comunidades-guaranies","status":"publish","type":"post","link":"https:\/\/cvinoticias.com\/v3\/misiones-fortalecera-la-produccion-de-alimentos-en-las-comunidades-guaranies\/","title":{"rendered":"Misiones fortalecer\u00e1 la producci\u00f3n de alimentos en las comunidades guaran\u00edes"},"content":{"rendered":"\n<p><strong><em>El Gobierno provincial garantizar\u00e1 el abastecimiento local y el acceso a la alimentaci\u00f3n saludable<\/em><\/strong><\/p>\n\n\n\n<p>La C\u00e1mara de Representantes de Misiones sancion\u00f3 este jueves (15.09.2022), la ley para la creaci\u00f3n del Programa de Promoci\u00f3n de la Producci\u00f3n para el Abastecimiento Alimentario de las Comunidades Mby\u00e1 Guaran\u00ed.<\/p>\n\n\n\n<p>De esta manera, el programa garantizar\u00e1 el abastecimiento local y asegurar\u00e1 el derecho a la alimentaci\u00f3n saludable, nutritiva, suficiente y de calidad. Promover\u00e1 la conservaci\u00f3n y el mejoramiento de los suelos y los recursos naturales.<\/p>\n\n\n\n<p>Con la nueva ley sancionada las comunidades mbya guaran\u00ed de la provincia tendr\u00e1n participaci\u00f3n activa y contar\u00e1n con el ejercicio del derecho a la consulta, reconociendo y respetando sus pr\u00e1cticas agr\u00edcolas y actividades productivas tradicionales.<\/p>\n\n\n\n<figure class=\"wp-block-image size-full\"><a href=\"https:\/\/cvinoticias.com\/wp-content\/uploads\/2022\/09\/image-135.png\"><img decoding=\"async\" width=\"750\" height=\"500\" data-src=\"https:\/\/cvinoticias.com\/wp-content\/uploads\/2022\/09\/image-135.png\" alt=\"\" class=\"wp-image-19266 lazyload\" data-srcset=\"https:\/\/cvinoticias.com\/wp-content\/uploads\/2022\/09\/image-135.png 750w, https:\/\/cvinoticias.com\/wp-content\/uploads\/2022\/09\/image-135-300x200.png 300w\" data-sizes=\"(max-width: 750px) 100vw, 750px\" src=\"data:image\/svg+xml;base64,PHN2ZyB3aWR0aD0iMSIgaGVpZ2h0PSIxIiB4bWxucz0iaHR0cDovL3d3dy53My5vcmcvMjAwMC9zdmciPjwvc3ZnPg==\" style=\"--smush-placeholder-width: 750px; --smush-placeholder-aspect-ratio: 750\/500;\" \/><\/a><\/figure>\n\n\n\n<p><strong>Objetivos de la ley<\/strong><\/p>\n\n\n\n<ul class=\"wp-block-list\"><li>Promover e impulsar actividades, pr\u00e1cticas y procesos de producci\u00f3n, comercializaci\u00f3n y consumo de alimentos saludables en las comunidades guaran\u00edes.<\/li><li>Brindar asistencia y asesoramiento para la manipulaci\u00f3n, aprovechamiento y conservaci\u00f3n de especies vegetales y animales que forman parte de la cultura;<\/li><li>Consolidar el trabajo de rescate y multiplicaci\u00f3n de la diversidad biol\u00f3gica local, revalorizando los conocimientos ancestrales del pueblo guaran\u00ed y la transmisi\u00f3n de sus saberes.<\/li><li>Fortalecer la identidad cultural y la recuperaci\u00f3n de buenas pr\u00e1cticas de producci\u00f3n.<\/li><li>Fomentar la cr\u00eda de animales para consumo humano;<\/li><li>Propiciar la transmisi\u00f3n intergeneracional de saberes ind\u00edgenas y el intercambio de conocimientos para el cultivo, la producci\u00f3n y el resguardo de semillas originarias.<\/li><li>Contribuir a la protecci\u00f3n de los bosques de alto valor de conservaci\u00f3n biol\u00f3gico, fortaleciendo los marcos de gesti\u00f3n para el uso sustentable de la biodiversidad.<\/li><li>Potenciar los sistemas integrados de producci\u00f3n en las comunidades guaran\u00edes a fin de incrementar la eficiencia en el uso de los recursos.<\/li><li>Impulsar el funcionamiento de huertas comunitarias para la producci\u00f3n y abastecimiento de alimentos.<\/li><\/ul>\n\n\n\n<p><em>Aplicaci\u00f3n y desarrollo<\/em><\/p>\n\n\n\n<p>La autoridad de aplicaci\u00f3n ser\u00e1 la Secretar\u00eda de Estado de Agricultura Familiar, junto al Ministerio del Agro y la Producci\u00f3n y la Direcci\u00f3n Provincial de Asuntos Guaran\u00edes.<\/p>\n\n\n\n<p>Se encargar\u00e1n de elaborar un calendario de actividades agr\u00edcolas para establecer especies y periodos de siembra y cosecha; poner en funcionamiento diferentes sistemas de producci\u00f3n pisc\u00edcola y facilitar la adquisici\u00f3n de insumos y herramientas para el cumplimiento de los objetivos que establece la ley. (A.P)<\/p>\n\n\n\n<p><\/p>\n","protected":false},"excerpt":{"rendered":"<p>El Gobierno provincial garantizar\u00e1 el abastecimiento local y el acceso a la alimentaci\u00f3n saludable La C\u00e1mara de Representantes de Misiones sancion\u00f3 este jueves (15.09.2022), la ley para la creaci\u00f3n del Programa de Promoci\u00f3n de la Producci\u00f3n para el Abastecimiento Alimentario de las Comunidades Mby\u00e1 Guaran\u00ed. De esta manera, el programa garantizar\u00e1 el abastecimiento local y [&hellip;]<\/p>\n","protected":false},"author":2,"featured_media":19265,"comment_status":"open","ping_status":"open","sticky":false,"template":"","format":"standard","meta":{"footnotes":""},"categories":[43],"tags":[],"class_list":["post-19264","post","type-post","status-publish","format-standard","has-post-thumbnail","hentry","category-provinciales"],"yoast_head":"<!-- This site is optimized with the Yoast SEO plugin v27.5 - https:\/\/yoast.com\/product\/yoast-seo-wordpress\/ -->\n<title>Misiones fortalecer\u00e1 la producci\u00f3n de alimentos en las comunidades guaran\u00edes | CVI NOTICIAS<\/title>\n<meta name=\"robots\" content=\"index, follow, max-snippet:-1, max-image-preview:large, max-video-preview:-1\" \/>\n<link rel=\"canonical\" href=\"https:\/\/cvinoticias.com\/v3\/misiones-fortalecera-la-produccion-de-alimentos-en-las-comunidades-guaranies\/\" \/>\n<meta property=\"og:locale\" content=\"es_ES\" \/>\n<meta property=\"og:type\" content=\"article\" \/>\n<meta property=\"og:title\" content=\"Misiones fortalecer\u00e1 la producci\u00f3n de alimentos en las comunidades guaran\u00edes | CVI NOTICIAS\" \/>\n<meta property=\"og:description\" content=\"El Gobierno provincial garantizar\u00e1 el abastecimiento local y el acceso a la alimentaci\u00f3n saludable La C\u00e1mara de Representantes de Misiones sancion\u00f3 este jueves (15.09.2022), la ley para la creaci\u00f3n del Programa de Promoci\u00f3n de la Producci\u00f3n para el Abastecimiento Alimentario de las Comunidades Mby\u00e1 Guaran\u00ed. De esta manera, el programa garantizar\u00e1 el abastecimiento local y [&hellip;]\" \/>\n<meta property=\"og:url\" content=\"https:\/\/cvinoticias.com\/v3\/misiones-fortalecera-la-produccion-de-alimentos-en-las-comunidades-guaranies\/\" \/>\n<meta property=\"og:site_name\" content=\"CVI NOTICIAS\" \/>\n<meta property=\"article:publisher\" content=\"https:\/\/www.facebook.com\/cvinoticias\" \/>\n<meta property=\"article:published_time\" content=\"2022-09-16T12:59:02+00:00\" \/>\n<meta property=\"og:image\" content=\"https:\/\/cvinoticias.com\/wp-content\/uploads\/2022\/09\/image-134.png\" \/>\n\t<meta property=\"og:image:width\" content=\"1024\" \/>\n\t<meta property=\"og:image:height\" content=\"710\" \/>\n\t<meta property=\"og:image:type\" content=\"image\/png\" \/>\n<meta name=\"author\" content=\"f1000024\" \/>\n<meta name=\"twitter:card\" content=\"summary_large_image\" \/>\n<meta name=\"twitter:label1\" content=\"Escrito por\" \/>\n\t<meta name=\"twitter:data1\" content=\"f1000024\" \/>\n\t<meta name=\"twitter:label2\" content=\"Tiempo de lectura\" \/>\n\t<meta name=\"twitter:data2\" content=\"2 minutos\" \/>\n<script type=\"application\/ld+json\" class=\"yoast-schema-graph\">{\"@context\":\"https:\\\/\\\/schema.org\",\"@graph\":[{\"@type\":\"Article\",\"@id\":\"https:\\\/\\\/cvinoticias.com\\\/v3\\\/misiones-fortalecera-la-produccion-de-alimentos-en-las-comunidades-guaranies\\\/#article\",\"isPartOf\":{\"@id\":\"https:\\\/\\\/cvinoticias.com\\\/v3\\\/misiones-fortalecera-la-produccion-de-alimentos-en-las-comunidades-guaranies\\\/\"},\"author\":{\"name\":\"f1000024\",\"@id\":\"https:\\\/\\\/cvinoticias.com\\\/v3\\\/#\\\/schema\\\/person\\\/2db77e3c6bc03c538495d7b2b8be9b66\"},\"headline\":\"Misiones fortalecer\u00e1 la producci\u00f3n de alimentos en las comunidades guaran\u00edes\",\"datePublished\":\"2022-09-16T12:59:02+00:00\",\"mainEntityOfPage\":{\"@id\":\"https:\\\/\\\/cvinoticias.com\\\/v3\\\/misiones-fortalecera-la-produccion-de-alimentos-en-las-comunidades-guaranies\\\/\"},\"wordCount\":420,\"commentCount\":0,\"publisher\":{\"@id\":\"https:\\\/\\\/cvinoticias.com\\\/v3\\\/#organization\"},\"image\":{\"@id\":\"https:\\\/\\\/cvinoticias.com\\\/v3\\\/misiones-fortalecera-la-produccion-de-alimentos-en-las-comunidades-guaranies\\\/#primaryimage\"},\"thumbnailUrl\":\"https:\\\/\\\/cvinoticias.com\\\/wp-content\\\/uploads\\\/2022\\\/09\\\/image-134.png\",\"articleSection\":[\"Provinciales\"],\"inLanguage\":\"es\",\"potentialAction\":[{\"@type\":\"CommentAction\",\"name\":\"Comment\",\"target\":[\"https:\\\/\\\/cvinoticias.com\\\/v3\\\/misiones-fortalecera-la-produccion-de-alimentos-en-las-comunidades-guaranies\\\/#respond\"]}]},{\"@type\":\"WebPage\",\"@id\":\"https:\\\/\\\/cvinoticias.com\\\/v3\\\/misiones-fortalecera-la-produccion-de-alimentos-en-las-comunidades-guaranies\\\/\",\"url\":\"https:\\\/\\\/cvinoticias.com\\\/v3\\\/misiones-fortalecera-la-produccion-de-alimentos-en-las-comunidades-guaranies\\\/\",\"name\":\"Misiones fortalecer\u00e1 la producci\u00f3n de alimentos en las comunidades guaran\u00edes | CVI NOTICIAS\",\"isPartOf\":{\"@id\":\"https:\\\/\\\/cvinoticias.com\\\/v3\\\/#website\"},\"primaryImageOfPage\":{\"@id\":\"https:\\\/\\\/cvinoticias.com\\\/v3\\\/misiones-fortalecera-la-produccion-de-alimentos-en-las-comunidades-guaranies\\\/#primaryimage\"},\"image\":{\"@id\":\"https:\\\/\\\/cvinoticias.com\\\/v3\\\/misiones-fortalecera-la-produccion-de-alimentos-en-las-comunidades-guaranies\\\/#primaryimage\"},\"thumbnailUrl\":\"https:\\\/\\\/cvinoticias.com\\\/wp-content\\\/uploads\\\/2022\\\/09\\\/image-134.png\",\"datePublished\":\"2022-09-16T12:59:02+00:00\",\"breadcrumb\":{\"@id\":\"https:\\\/\\\/cvinoticias.com\\\/v3\\\/misiones-fortalecera-la-produccion-de-alimentos-en-las-comunidades-guaranies\\\/#breadcrumb\"},\"inLanguage\":\"es\",\"potentialAction\":[{\"@type\":\"ReadAction\",\"target\":[\"https:\\\/\\\/cvinoticias.com\\\/v3\\\/misiones-fortalecera-la-produccion-de-alimentos-en-las-comunidades-guaranies\\\/\"]}]},{\"@type\":\"ImageObject\",\"inLanguage\":\"es\",\"@id\":\"https:\\\/\\\/cvinoticias.com\\\/v3\\\/misiones-fortalecera-la-produccion-de-alimentos-en-las-comunidades-guaranies\\\/#primaryimage\",\"url\":\"https:\\\/\\\/cvinoticias.com\\\/wp-content\\\/uploads\\\/2022\\\/09\\\/image-134.png\",\"contentUrl\":\"https:\\\/\\\/cvinoticias.com\\\/wp-content\\\/uploads\\\/2022\\\/09\\\/image-134.png\",\"width\":1024,\"height\":710},{\"@type\":\"BreadcrumbList\",\"@id\":\"https:\\\/\\\/cvinoticias.com\\\/v3\\\/misiones-fortalecera-la-produccion-de-alimentos-en-las-comunidades-guaranies\\\/#breadcrumb\",\"itemListElement\":[{\"@type\":\"ListItem\",\"position\":1,\"name\":\"Portada\",\"item\":\"https:\\\/\\\/cvinoticias.com\\\/v3\\\/\"},{\"@type\":\"ListItem\",\"position\":2,\"name\":\"Misiones fortalecer\u00e1 la producci\u00f3n de alimentos en las comunidades guaran\u00edes\"}]},{\"@type\":\"WebSite\",\"@id\":\"https:\\\/\\\/cvinoticias.com\\\/v3\\\/#website\",\"url\":\"https:\\\/\\\/cvinoticias.com\\\/v3\\\/\",\"name\":\"CVI NOTICIAS\",\"description\":\"\",\"publisher\":{\"@id\":\"https:\\\/\\\/cvinoticias.com\\\/v3\\\/#organization\"},\"alternateName\":\"CVI\",\"potentialAction\":[{\"@type\":\"SearchAction\",\"target\":{\"@type\":\"EntryPoint\",\"urlTemplate\":\"https:\\\/\\\/cvinoticias.com\\\/v3\\\/?s={search_term_string}\"},\"query-input\":{\"@type\":\"PropertyValueSpecification\",\"valueRequired\":true,\"valueName\":\"search_term_string\"}}],\"inLanguage\":\"es\"},{\"@type\":\"Organization\",\"@id\":\"https:\\\/\\\/cvinoticias.com\\\/v3\\\/#organization\",\"name\":\"CVI NOTICIAS\",\"url\":\"https:\\\/\\\/cvinoticias.com\\\/v3\\\/\",\"logo\":{\"@type\":\"ImageObject\",\"inLanguage\":\"es\",\"@id\":\"https:\\\/\\\/cvinoticias.com\\\/v3\\\/#\\\/schema\\\/logo\\\/image\\\/\",\"url\":\"https:\\\/\\\/cvinoticias.com\\\/wp-content\\\/uploads\\\/2023\\\/04\\\/cropped-cropped-cropped-cropped-cropped-3-1.png\",\"contentUrl\":\"https:\\\/\\\/cvinoticias.com\\\/wp-content\\\/uploads\\\/2023\\\/04\\\/cropped-cropped-cropped-cropped-cropped-3-1.png\",\"width\":95,\"height\":122,\"caption\":\"CVI NOTICIAS\"},\"image\":{\"@id\":\"https:\\\/\\\/cvinoticias.com\\\/v3\\\/#\\\/schema\\\/logo\\\/image\\\/\"},\"sameAs\":[\"https:\\\/\\\/www.facebook.com\\\/cvinoticias\",\"https:\\\/\\\/www.instagram.com\\\/cvinoticias\\\/\",\"https:\\\/\\\/www.youtube.com\\\/@CVINOTICIAS\"]},{\"@type\":\"Person\",\"@id\":\"https:\\\/\\\/cvinoticias.com\\\/v3\\\/#\\\/schema\\\/person\\\/2db77e3c6bc03c538495d7b2b8be9b66\",\"name\":\"f1000024\",\"image\":{\"@type\":\"ImageObject\",\"inLanguage\":\"es\",\"@id\":\"https:\\\/\\\/secure.gravatar.com\\\/avatar\\\/d4fe7459cfc51ff5129ce1a732bbef5928568b8092d412ef95611616376bbeed?s=96&d=mm&r=g\",\"url\":\"https:\\\/\\\/secure.gravatar.com\\\/avatar\\\/d4fe7459cfc51ff5129ce1a732bbef5928568b8092d412ef95611616376bbeed?s=96&d=mm&r=g\",\"contentUrl\":\"https:\\\/\\\/secure.gravatar.com\\\/avatar\\\/d4fe7459cfc51ff5129ce1a732bbef5928568b8092d412ef95611616376bbeed?s=96&d=mm&r=g\",\"caption\":\"f1000024\"},\"url\":\"https:\\\/\\\/cvinoticias.com\\\/v3\\\/author\\\/f1000024\\\/\"}]}<\/script>\n<!-- \/ Yoast SEO plugin. -->","yoast_head_json":{"title":"Misiones fortalecer\u00e1 la producci\u00f3n de alimentos en las comunidades guaran\u00edes | CVI NOTICIAS","robots":{"index":"index","follow":"follow","max-snippet":"max-snippet:-1","max-image-preview":"max-image-preview:large","max-video-preview":"max-video-preview:-1"},"canonical":"https:\/\/cvinoticias.com\/v3\/misiones-fortalecera-la-produccion-de-alimentos-en-las-comunidades-guaranies\/","og_locale":"es_ES","og_type":"article","og_title":"Misiones fortalecer\u00e1 la producci\u00f3n de alimentos en las comunidades guaran\u00edes | CVI NOTICIAS","og_description":"El Gobierno provincial garantizar\u00e1 el abastecimiento local y el acceso a la alimentaci\u00f3n saludable La C\u00e1mara de Representantes de Misiones sancion\u00f3 este jueves (15.09.2022), la ley para la creaci\u00f3n del Programa de Promoci\u00f3n de la Producci\u00f3n para el Abastecimiento Alimentario de las Comunidades Mby\u00e1 Guaran\u00ed. De esta manera, el programa garantizar\u00e1 el abastecimiento local y [&hellip;]","og_url":"https:\/\/cvinoticias.com\/v3\/misiones-fortalecera-la-produccion-de-alimentos-en-las-comunidades-guaranies\/","og_site_name":"CVI NOTICIAS","article_publisher":"https:\/\/www.facebook.com\/cvinoticias","article_published_time":"2022-09-16T12:59:02+00:00","og_image":[{"width":1024,"height":710,"url":"https:\/\/cvinoticias.com\/wp-content\/uploads\/2022\/09\/image-134.png","type":"image\/png"}],"author":"f1000024","twitter_card":"summary_large_image","twitter_misc":{"Escrito por":"f1000024","Tiempo de lectura":"2 minutos"},"schema":{"@context":"https:\/\/schema.org","@graph":[{"@type":"Article","@id":"https:\/\/cvinoticias.com\/v3\/misiones-fortalecera-la-produccion-de-alimentos-en-las-comunidades-guaranies\/#article","isPartOf":{"@id":"https:\/\/cvinoticias.com\/v3\/misiones-fortalecera-la-produccion-de-alimentos-en-las-comunidades-guaranies\/"},"author":{"name":"f1000024","@id":"https:\/\/cvinoticias.com\/v3\/#\/schema\/person\/2db77e3c6bc03c538495d7b2b8be9b66"},"headline":"Misiones fortalecer\u00e1 la producci\u00f3n de alimentos en las comunidades guaran\u00edes","datePublished":"2022-09-16T12:59:02+00:00","mainEntityOfPage":{"@id":"https:\/\/cvinoticias.com\/v3\/misiones-fortalecera-la-produccion-de-alimentos-en-las-comunidades-guaranies\/"},"wordCount":420,"commentCount":0,"publisher":{"@id":"https:\/\/cvinoticias.com\/v3\/#organization"},"image":{"@id":"https:\/\/cvinoticias.com\/v3\/misiones-fortalecera-la-produccion-de-alimentos-en-las-comunidades-guaranies\/#primaryimage"},"thumbnailUrl":"https:\/\/cvinoticias.com\/wp-content\/uploads\/2022\/09\/image-134.png","articleSection":["Provinciales"],"inLanguage":"es","potentialAction":[{"@type":"CommentAction","name":"Comment","target":["https:\/\/cvinoticias.com\/v3\/misiones-fortalecera-la-produccion-de-alimentos-en-las-comunidades-guaranies\/#respond"]}]},{"@type":"WebPage","@id":"https:\/\/cvinoticias.com\/v3\/misiones-fortalecera-la-produccion-de-alimentos-en-las-comunidades-guaranies\/","url":"https:\/\/cvinoticias.com\/v3\/misiones-fortalecera-la-produccion-de-alimentos-en-las-comunidades-guaranies\/","name":"Misiones fortalecer\u00e1 la producci\u00f3n de alimentos en las comunidades guaran\u00edes | CVI NOTICIAS","isPartOf":{"@id":"https:\/\/cvinoticias.com\/v3\/#website"},"primaryImageOfPage":{"@id":"https:\/\/cvinoticias.com\/v3\/misiones-fortalecera-la-produccion-de-alimentos-en-las-comunidades-guaranies\/#primaryimage"},"image":{"@id":"https:\/\/cvinoticias.com\/v3\/misiones-fortalecera-la-produccion-de-alimentos-en-las-comunidades-guaranies\/#primaryimage"},"thumbnailUrl":"https:\/\/cvinoticias.com\/wp-content\/uploads\/2022\/09\/image-134.png","datePublished":"2022-09-16T12:59:02+00:00","breadcrumb":{"@id":"https:\/\/cvinoticias.com\/v3\/misiones-fortalecera-la-produccion-de-alimentos-en-las-comunidades-guaranies\/#breadcrumb"},"inLanguage":"es","potentialAction":[{"@type":"ReadAction","target":["https:\/\/cvinoticias.com\/v3\/misiones-fortalecera-la-produccion-de-alimentos-en-las-comunidades-guaranies\/"]}]},{"@type":"ImageObject","inLanguage":"es","@id":"https:\/\/cvinoticias.com\/v3\/misiones-fortalecera-la-produccion-de-alimentos-en-las-comunidades-guaranies\/#primaryimage","url":"https:\/\/cvinoticias.com\/wp-content\/uploads\/2022\/09\/image-134.png","contentUrl":"https:\/\/cvinoticias.com\/wp-content\/uploads\/2022\/09\/image-134.png","width":1024,"height":710},{"@type":"BreadcrumbList","@id":"https:\/\/cvinoticias.com\/v3\/misiones-fortalecera-la-produccion-de-alimentos-en-las-comunidades-guaranies\/#breadcrumb","itemListElement":[{"@type":"ListItem","position":1,"name":"Portada","item":"https:\/\/cvinoticias.com\/v3\/"},{"@type":"ListItem","position":2,"name":"Misiones fortalecer\u00e1 la producci\u00f3n de alimentos en las comunidades guaran\u00edes"}]},{"@type":"WebSite","@id":"https:\/\/cvinoticias.com\/v3\/#website","url":"https:\/\/cvinoticias.com\/v3\/","name":"CVI NOTICIAS","description":"","publisher":{"@id":"https:\/\/cvinoticias.com\/v3\/#organization"},"alternateName":"CVI","potentialAction":[{"@type":"SearchAction","target":{"@type":"EntryPoint","urlTemplate":"https:\/\/cvinoticias.com\/v3\/?s={search_term_string}"},"query-input":{"@type":"PropertyValueSpecification","valueRequired":true,"valueName":"search_term_string"}}],"inLanguage":"es"},{"@type":"Organization","@id":"https:\/\/cvinoticias.com\/v3\/#organization","name":"CVI NOTICIAS","url":"https:\/\/cvinoticias.com\/v3\/","logo":{"@type":"ImageObject","inLanguage":"es","@id":"https:\/\/cvinoticias.com\/v3\/#\/schema\/logo\/image\/","url":"https:\/\/cvinoticias.com\/wp-content\/uploads\/2023\/04\/cropped-cropped-cropped-cropped-cropped-3-1.png","contentUrl":"https:\/\/cvinoticias.com\/wp-content\/uploads\/2023\/04\/cropped-cropped-cropped-cropped-cropped-3-1.png","width":95,"height":122,"caption":"CVI NOTICIAS"},"image":{"@id":"https:\/\/cvinoticias.com\/v3\/#\/schema\/logo\/image\/"},"sameAs":["https:\/\/www.facebook.com\/cvinoticias","https:\/\/www.instagram.com\/cvinoticias\/","https:\/\/www.youtube.com\/@CVINOTICIAS"]},{"@type":"Person","@id":"https:\/\/cvinoticias.com\/v3\/#\/schema\/person\/2db77e3c6bc03c538495d7b2b8be9b66","name":"f1000024","image":{"@type":"ImageObject","inLanguage":"es","@id":"https:\/\/secure.gravatar.com\/avatar\/d4fe7459cfc51ff5129ce1a732bbef5928568b8092d412ef95611616376bbeed?s=96&d=mm&r=g","url":"https:\/\/secure.gravatar.com\/avatar\/d4fe7459cfc51ff5129ce1a732bbef5928568b8092d412ef95611616376bbeed?s=96&d=mm&r=g","contentUrl":"https:\/\/secure.gravatar.com\/avatar\/d4fe7459cfc51ff5129ce1a732bbef5928568b8092d412ef95611616376bbeed?s=96&d=mm&r=g","caption":"f1000024"},"url":"https:\/\/cvinoticias.com\/v3\/author\/f1000024\/"}]}},"_links":{"self":[{"href":"https:\/\/cvinoticias.com\/v3\/wp-json\/wp\/v2\/posts\/19264","targetHints":{"allow":["GET"]}}],"collection":[{"href":"https:\/\/cvinoticias.com\/v3\/wp-json\/wp\/v2\/posts"}],"about":[{"href":"https:\/\/cvinoticias.com\/v3\/wp-json\/wp\/v2\/types\/post"}],"author":[{"embeddable":true,"href":"https:\/\/cvinoticias.com\/v3\/wp-json\/wp\/v2\/users\/2"}],"replies":[{"embeddable":true,"href":"https:\/\/cvinoticias.com\/v3\/wp-json\/wp\/v2\/comments?post=19264"}],"version-history":[{"count":1,"href":"https:\/\/cvinoticias.com\/v3\/wp-json\/wp\/v2\/posts\/19264\/revisions"}],"predecessor-version":[{"id":19267,"href":"https:\/\/cvinoticias.com\/v3\/wp-json\/wp\/v2\/posts\/19264\/revisions\/19267"}],"wp:featuredmedia":[{"embeddable":true,"href":"https:\/\/cvinoticias.com\/v3\/wp-json\/wp\/v2\/media\/19265"}],"wp:attachment":[{"href":"https:\/\/cvinoticias.com\/v3\/wp-json\/wp\/v2\/media?parent=19264"}],"wp:term":[{"taxonomy":"category","embeddable":true,"href":"https:\/\/cvinoticias.com\/v3\/wp-json\/wp\/v2\/categories?post=19264"},{"taxonomy":"post_tag","embeddable":true,"href":"https:\/\/cvinoticias.com\/v3\/wp-json\/wp\/v2\/tags?post=19264"}],"curies":[{"name":"wp","href":"https:\/\/api.w.org\/{rel}","templated":true}]}}