{"id":19261,"date":"2022-09-16T12:46:35","date_gmt":"2022-09-16T12:46:35","guid":{"rendered":"https:\/\/cvinoticias.com\/v3\/?p=19261"},"modified":"2022-09-16T12:46:35","modified_gmt":"2022-09-16T12:46:35","slug":"gremios-docentes-nacionales-aceptaron-un-aumento-del-salario-inicial","status":"publish","type":"post","link":"https:\/\/cvinoticias.com\/v3\/gremios-docentes-nacionales-aceptaron-un-aumento-del-salario-inicial\/","title":{"rendered":"Gremios docentes nacionales aceptaron un aumento del salario inicial"},"content":{"rendered":"\n<p><strong><em>De esta forma, el salario m\u00ednimo inicial ser\u00e1 de 70.000 pesos a partir del 1 de septiembre; de 75.000 en noviembre y de 77.137 pesos en diciembre.<\/em><\/strong><\/p>\n\n\n\n<p>Los cinco gremios docentes nacionales comunicaron este jueves que aceptaron la propuesta de aumento del salario inicial que present\u00f3 el Ministerio de Educaci\u00f3n en la paritaria y que lo llevar\u00e1 a 77.000 pesos en diciembre.<\/p>\n\n\n\n<p>La oferta implica un aumento salarial del 64,7% a septiembre; del 76,8% noviembre y del 82% en diciembre. De esta forma, el salario m\u00ednimo inicial ser\u00e1 de 70.000 pesos a partir del 1 de septiembre; de 75.000 en noviembre y de 77.137 pesos en diciembre.<\/p>\n\n\n\n<p>La propuesta, aprobada por la Confederaci\u00f3n de Trabajadores de la Educaci\u00f3n (CTERA), la Uni\u00f3n Docentes Argentinos (UDA), Confederaci\u00f3n de Educadores Argentinos (CEA), AMET y SADOP, incluye tambi\u00e9n la revisi\u00f3n del acuerdo salarial en noviembre y llevar a 5.634 pesos desde septiembre el Fondo Nacional de Incentivo Docente (FONID) y a 6.173 pesos desde diciembre.<\/p>\n\n\n\n<p>Durante el encuentro en el que se realiz\u00f3 la oferta, este mi\u00e9rcoles, estuvieron las secretarias y los secretarios generales de CTERA (Confederaci\u00f3n de Trabajadores de la Educaci\u00f3n), Sonia Alesso; de CEA, (Confederaci\u00f3n de Educadores Argentinos), Fabi\u00e1n Felman; de UDA (Uni\u00f3n Docentes Argentinos), Sergio Romero; de SADOP, Jorge Kalinger; de AMET (Asociaci\u00f3n del Magisterio de Ense\u00f1anza T\u00e9cnica), el secretario Gremial, Ernesto Cepeda y el secretario General Adjunto de CTERA, Roberto Baradel, entre otros.<\/p>\n\n\n\n<p>El ministro de Educaci\u00f3n, Jaime Perczyk, resalt\u00f3 que el acuerdo \u00abes consecuencia del di\u00e1logo permanente con todos los gremios y de la voluntad pol\u00edtica de este gobierno para que los salarios de las y los trabajadores de la educaci\u00f3n se recuperen y le ganen a la inflaci\u00f3n\u00bb.<\/p>\n\n\n\n<p>Participaron del encuentro tambi\u00e9n la secretaria de Educaci\u00f3n de la Naci\u00f3n, Silvina Gvirtz, el secretario de Evaluaci\u00f3n e Informaci\u00f3n Educativa, Germ\u00e1n Lodola; los representantes del Comit\u00e9 Ejecutivo del Consejo Federal de Educaci\u00f3n: el director general de Cultura y Educaci\u00f3n bonaerense, Alberto Sileoni; el ministro de Educaci\u00f3n de Mendoza, Jos\u00e9 Thomas; el Tucum\u00e1n, Juan Pablo Litchmajer; el de Chaco, Aldo Lineras y la ministra de Educaci\u00f3n de Santa Cruz, Mar\u00eda Cecilia Vel\u00e1zquez y el secretario general de ese organismo, Marcelo Mango.<\/p>\n","protected":false},"excerpt":{"rendered":"<p>De esta forma, el salario m\u00ednimo inicial ser\u00e1 de 70.000 pesos a partir del 1 de septiembre; de 75.000 en noviembre y de 77.137 pesos en diciembre. Los cinco gremios docentes nacionales comunicaron este jueves que aceptaron la propuesta de aumento del salario inicial que present\u00f3 el Ministerio de Educaci\u00f3n en la paritaria y que [&hellip;]<\/p>\n","protected":false},"author":2,"featured_media":19262,"comment_status":"open","ping_status":"open","sticky":false,"template":"","format":"standard","meta":{"footnotes":""},"categories":[32,26],"tags":[],"class_list":["post-19261","post","type-post","status-publish","format-standard","has-post-thumbnail","hentry","category-economia","category-educacion"],"yoast_head":"<!-- This site is optimized with the Yoast SEO plugin v27.5 - https:\/\/yoast.com\/product\/yoast-seo-wordpress\/ -->\n<title>Gremios docentes nacionales aceptaron un aumento del salario inicial | CVI NOTICIAS<\/title>\n<meta name=\"robots\" content=\"index, follow, max-snippet:-1, max-image-preview:large, max-video-preview:-1\" \/>\n<link rel=\"canonical\" href=\"https:\/\/cvinoticias.com\/v3\/gremios-docentes-nacionales-aceptaron-un-aumento-del-salario-inicial\/\" \/>\n<meta property=\"og:locale\" content=\"es_ES\" \/>\n<meta property=\"og:type\" content=\"article\" \/>\n<meta property=\"og:title\" content=\"Gremios docentes nacionales aceptaron un aumento del salario inicial | CVI NOTICIAS\" \/>\n<meta property=\"og:description\" content=\"De esta forma, el salario m\u00ednimo inicial ser\u00e1 de 70.000 pesos a partir del 1 de septiembre; de 75.000 en noviembre y de 77.137 pesos en diciembre. Los cinco gremios docentes nacionales comunicaron este jueves que aceptaron la propuesta de aumento del salario inicial que present\u00f3 el Ministerio de Educaci\u00f3n en la paritaria y que [&hellip;]\" \/>\n<meta property=\"og:url\" content=\"https:\/\/cvinoticias.com\/v3\/gremios-docentes-nacionales-aceptaron-un-aumento-del-salario-inicial\/\" \/>\n<meta property=\"og:site_name\" content=\"CVI NOTICIAS\" \/>\n<meta property=\"article:publisher\" content=\"https:\/\/www.facebook.com\/cvinoticias\" \/>\n<meta property=\"article:published_time\" content=\"2022-09-16T12:46:35+00:00\" \/>\n<meta property=\"og:image\" content=\"https:\/\/cvinoticias.com\/wp-content\/uploads\/2022\/09\/0000112090.jpg\" \/>\n\t<meta property=\"og:image:width\" content=\"688\" \/>\n\t<meta property=\"og:image:height\" content=\"387\" \/>\n\t<meta property=\"og:image:type\" content=\"image\/jpeg\" \/>\n<meta name=\"author\" content=\"f1000024\" \/>\n<meta name=\"twitter:card\" content=\"summary_large_image\" \/>\n<meta name=\"twitter:label1\" content=\"Escrito por\" \/>\n\t<meta name=\"twitter:data1\" content=\"f1000024\" \/>\n\t<meta name=\"twitter:label2\" content=\"Tiempo de lectura\" \/>\n\t<meta name=\"twitter:data2\" content=\"2 minutos\" \/>\n<script type=\"application\/ld+json\" class=\"yoast-schema-graph\">{\"@context\":\"https:\\\/\\\/schema.org\",\"@graph\":[{\"@type\":\"Article\",\"@id\":\"https:\\\/\\\/cvinoticias.com\\\/v3\\\/gremios-docentes-nacionales-aceptaron-un-aumento-del-salario-inicial\\\/#article\",\"isPartOf\":{\"@id\":\"https:\\\/\\\/cvinoticias.com\\\/v3\\\/gremios-docentes-nacionales-aceptaron-un-aumento-del-salario-inicial\\\/\"},\"author\":{\"name\":\"f1000024\",\"@id\":\"https:\\\/\\\/cvinoticias.com\\\/v3\\\/#\\\/schema\\\/person\\\/2db77e3c6bc03c538495d7b2b8be9b66\"},\"headline\":\"Gremios docentes nacionales aceptaron un aumento del salario inicial\",\"datePublished\":\"2022-09-16T12:46:35+00:00\",\"mainEntityOfPage\":{\"@id\":\"https:\\\/\\\/cvinoticias.com\\\/v3\\\/gremios-docentes-nacionales-aceptaron-un-aumento-del-salario-inicial\\\/\"},\"wordCount\":391,\"commentCount\":0,\"publisher\":{\"@id\":\"https:\\\/\\\/cvinoticias.com\\\/v3\\\/#organization\"},\"image\":{\"@id\":\"https:\\\/\\\/cvinoticias.com\\\/v3\\\/gremios-docentes-nacionales-aceptaron-un-aumento-del-salario-inicial\\\/#primaryimage\"},\"thumbnailUrl\":\"https:\\\/\\\/cvinoticias.com\\\/wp-content\\\/uploads\\\/2022\\\/09\\\/0000112090.jpg\",\"articleSection\":[\"Econom\u00eda\",\"Educacion\"],\"inLanguage\":\"es\",\"potentialAction\":[{\"@type\":\"CommentAction\",\"name\":\"Comment\",\"target\":[\"https:\\\/\\\/cvinoticias.com\\\/v3\\\/gremios-docentes-nacionales-aceptaron-un-aumento-del-salario-inicial\\\/#respond\"]}]},{\"@type\":\"WebPage\",\"@id\":\"https:\\\/\\\/cvinoticias.com\\\/v3\\\/gremios-docentes-nacionales-aceptaron-un-aumento-del-salario-inicial\\\/\",\"url\":\"https:\\\/\\\/cvinoticias.com\\\/v3\\\/gremios-docentes-nacionales-aceptaron-un-aumento-del-salario-inicial\\\/\",\"name\":\"Gremios docentes nacionales aceptaron un aumento del salario inicial | CVI NOTICIAS\",\"isPartOf\":{\"@id\":\"https:\\\/\\\/cvinoticias.com\\\/v3\\\/#website\"},\"primaryImageOfPage\":{\"@id\":\"https:\\\/\\\/cvinoticias.com\\\/v3\\\/gremios-docentes-nacionales-aceptaron-un-aumento-del-salario-inicial\\\/#primaryimage\"},\"image\":{\"@id\":\"https:\\\/\\\/cvinoticias.com\\\/v3\\\/gremios-docentes-nacionales-aceptaron-un-aumento-del-salario-inicial\\\/#primaryimage\"},\"thumbnailUrl\":\"https:\\\/\\\/cvinoticias.com\\\/wp-content\\\/uploads\\\/2022\\\/09\\\/0000112090.jpg\",\"datePublished\":\"2022-09-16T12:46:35+00:00\",\"breadcrumb\":{\"@id\":\"https:\\\/\\\/cvinoticias.com\\\/v3\\\/gremios-docentes-nacionales-aceptaron-un-aumento-del-salario-inicial\\\/#breadcrumb\"},\"inLanguage\":\"es\",\"potentialAction\":[{\"@type\":\"ReadAction\",\"target\":[\"https:\\\/\\\/cvinoticias.com\\\/v3\\\/gremios-docentes-nacionales-aceptaron-un-aumento-del-salario-inicial\\\/\"]}]},{\"@type\":\"ImageObject\",\"inLanguage\":\"es\",\"@id\":\"https:\\\/\\\/cvinoticias.com\\\/v3\\\/gremios-docentes-nacionales-aceptaron-un-aumento-del-salario-inicial\\\/#primaryimage\",\"url\":\"https:\\\/\\\/cvinoticias.com\\\/wp-content\\\/uploads\\\/2022\\\/09\\\/0000112090.jpg\",\"contentUrl\":\"https:\\\/\\\/cvinoticias.com\\\/wp-content\\\/uploads\\\/2022\\\/09\\\/0000112090.jpg\",\"width\":688,\"height\":387},{\"@type\":\"BreadcrumbList\",\"@id\":\"https:\\\/\\\/cvinoticias.com\\\/v3\\\/gremios-docentes-nacionales-aceptaron-un-aumento-del-salario-inicial\\\/#breadcrumb\",\"itemListElement\":[{\"@type\":\"ListItem\",\"position\":1,\"name\":\"Portada\",\"item\":\"https:\\\/\\\/cvinoticias.com\\\/v3\\\/\"},{\"@type\":\"ListItem\",\"position\":2,\"name\":\"Gremios docentes nacionales aceptaron un aumento del salario inicial\"}]},{\"@type\":\"WebSite\",\"@id\":\"https:\\\/\\\/cvinoticias.com\\\/v3\\\/#website\",\"url\":\"https:\\\/\\\/cvinoticias.com\\\/v3\\\/\",\"name\":\"CVI NOTICIAS\",\"description\":\"\",\"publisher\":{\"@id\":\"https:\\\/\\\/cvinoticias.com\\\/v3\\\/#organization\"},\"alternateName\":\"CVI\",\"potentialAction\":[{\"@type\":\"SearchAction\",\"target\":{\"@type\":\"EntryPoint\",\"urlTemplate\":\"https:\\\/\\\/cvinoticias.com\\\/v3\\\/?s={search_term_string}\"},\"query-input\":{\"@type\":\"PropertyValueSpecification\",\"valueRequired\":true,\"valueName\":\"search_term_string\"}}],\"inLanguage\":\"es\"},{\"@type\":\"Organization\",\"@id\":\"https:\\\/\\\/cvinoticias.com\\\/v3\\\/#organization\",\"name\":\"CVI NOTICIAS\",\"url\":\"https:\\\/\\\/cvinoticias.com\\\/v3\\\/\",\"logo\":{\"@type\":\"ImageObject\",\"inLanguage\":\"es\",\"@id\":\"https:\\\/\\\/cvinoticias.com\\\/v3\\\/#\\\/schema\\\/logo\\\/image\\\/\",\"url\":\"https:\\\/\\\/cvinoticias.com\\\/wp-content\\\/uploads\\\/2023\\\/04\\\/cropped-cropped-cropped-cropped-cropped-3-1.png\",\"contentUrl\":\"https:\\\/\\\/cvinoticias.com\\\/wp-content\\\/uploads\\\/2023\\\/04\\\/cropped-cropped-cropped-cropped-cropped-3-1.png\",\"width\":95,\"height\":122,\"caption\":\"CVI NOTICIAS\"},\"image\":{\"@id\":\"https:\\\/\\\/cvinoticias.com\\\/v3\\\/#\\\/schema\\\/logo\\\/image\\\/\"},\"sameAs\":[\"https:\\\/\\\/www.facebook.com\\\/cvinoticias\",\"https:\\\/\\\/www.instagram.com\\\/cvinoticias\\\/\",\"https:\\\/\\\/www.youtube.com\\\/@CVINOTICIAS\"]},{\"@type\":\"Person\",\"@id\":\"https:\\\/\\\/cvinoticias.com\\\/v3\\\/#\\\/schema\\\/person\\\/2db77e3c6bc03c538495d7b2b8be9b66\",\"name\":\"f1000024\",\"image\":{\"@type\":\"ImageObject\",\"inLanguage\":\"es\",\"@id\":\"https:\\\/\\\/secure.gravatar.com\\\/avatar\\\/d4fe7459cfc51ff5129ce1a732bbef5928568b8092d412ef95611616376bbeed?s=96&d=mm&r=g\",\"url\":\"https:\\\/\\\/secure.gravatar.com\\\/avatar\\\/d4fe7459cfc51ff5129ce1a732bbef5928568b8092d412ef95611616376bbeed?s=96&d=mm&r=g\",\"contentUrl\":\"https:\\\/\\\/secure.gravatar.com\\\/avatar\\\/d4fe7459cfc51ff5129ce1a732bbef5928568b8092d412ef95611616376bbeed?s=96&d=mm&r=g\",\"caption\":\"f1000024\"},\"url\":\"https:\\\/\\\/cvinoticias.com\\\/v3\\\/author\\\/f1000024\\\/\"}]}<\/script>\n<!-- \/ Yoast SEO plugin. -->","yoast_head_json":{"title":"Gremios docentes nacionales aceptaron un aumento del salario inicial | CVI NOTICIAS","robots":{"index":"index","follow":"follow","max-snippet":"max-snippet:-1","max-image-preview":"max-image-preview:large","max-video-preview":"max-video-preview:-1"},"canonical":"https:\/\/cvinoticias.com\/v3\/gremios-docentes-nacionales-aceptaron-un-aumento-del-salario-inicial\/","og_locale":"es_ES","og_type":"article","og_title":"Gremios docentes nacionales aceptaron un aumento del salario inicial | CVI NOTICIAS","og_description":"De esta forma, el salario m\u00ednimo inicial ser\u00e1 de 70.000 pesos a partir del 1 de septiembre; de 75.000 en noviembre y de 77.137 pesos en diciembre. Los cinco gremios docentes nacionales comunicaron este jueves que aceptaron la propuesta de aumento del salario inicial que present\u00f3 el Ministerio de Educaci\u00f3n en la paritaria y que [&hellip;]","og_url":"https:\/\/cvinoticias.com\/v3\/gremios-docentes-nacionales-aceptaron-un-aumento-del-salario-inicial\/","og_site_name":"CVI NOTICIAS","article_publisher":"https:\/\/www.facebook.com\/cvinoticias","article_published_time":"2022-09-16T12:46:35+00:00","og_image":[{"width":688,"height":387,"url":"https:\/\/cvinoticias.com\/wp-content\/uploads\/2022\/09\/0000112090.jpg","type":"image\/jpeg"}],"author":"f1000024","twitter_card":"summary_large_image","twitter_misc":{"Escrito por":"f1000024","Tiempo de lectura":"2 minutos"},"schema":{"@context":"https:\/\/schema.org","@graph":[{"@type":"Article","@id":"https:\/\/cvinoticias.com\/v3\/gremios-docentes-nacionales-aceptaron-un-aumento-del-salario-inicial\/#article","isPartOf":{"@id":"https:\/\/cvinoticias.com\/v3\/gremios-docentes-nacionales-aceptaron-un-aumento-del-salario-inicial\/"},"author":{"name":"f1000024","@id":"https:\/\/cvinoticias.com\/v3\/#\/schema\/person\/2db77e3c6bc03c538495d7b2b8be9b66"},"headline":"Gremios docentes nacionales aceptaron un aumento del salario inicial","datePublished":"2022-09-16T12:46:35+00:00","mainEntityOfPage":{"@id":"https:\/\/cvinoticias.com\/v3\/gremios-docentes-nacionales-aceptaron-un-aumento-del-salario-inicial\/"},"wordCount":391,"commentCount":0,"publisher":{"@id":"https:\/\/cvinoticias.com\/v3\/#organization"},"image":{"@id":"https:\/\/cvinoticias.com\/v3\/gremios-docentes-nacionales-aceptaron-un-aumento-del-salario-inicial\/#primaryimage"},"thumbnailUrl":"https:\/\/cvinoticias.com\/wp-content\/uploads\/2022\/09\/0000112090.jpg","articleSection":["Econom\u00eda","Educacion"],"inLanguage":"es","potentialAction":[{"@type":"CommentAction","name":"Comment","target":["https:\/\/cvinoticias.com\/v3\/gremios-docentes-nacionales-aceptaron-un-aumento-del-salario-inicial\/#respond"]}]},{"@type":"WebPage","@id":"https:\/\/cvinoticias.com\/v3\/gremios-docentes-nacionales-aceptaron-un-aumento-del-salario-inicial\/","url":"https:\/\/cvinoticias.com\/v3\/gremios-docentes-nacionales-aceptaron-un-aumento-del-salario-inicial\/","name":"Gremios docentes nacionales aceptaron un aumento del salario inicial | CVI NOTICIAS","isPartOf":{"@id":"https:\/\/cvinoticias.com\/v3\/#website"},"primaryImageOfPage":{"@id":"https:\/\/cvinoticias.com\/v3\/gremios-docentes-nacionales-aceptaron-un-aumento-del-salario-inicial\/#primaryimage"},"image":{"@id":"https:\/\/cvinoticias.com\/v3\/gremios-docentes-nacionales-aceptaron-un-aumento-del-salario-inicial\/#primaryimage"},"thumbnailUrl":"https:\/\/cvinoticias.com\/wp-content\/uploads\/2022\/09\/0000112090.jpg","datePublished":"2022-09-16T12:46:35+00:00","breadcrumb":{"@id":"https:\/\/cvinoticias.com\/v3\/gremios-docentes-nacionales-aceptaron-un-aumento-del-salario-inicial\/#breadcrumb"},"inLanguage":"es","potentialAction":[{"@type":"ReadAction","target":["https:\/\/cvinoticias.com\/v3\/gremios-docentes-nacionales-aceptaron-un-aumento-del-salario-inicial\/"]}]},{"@type":"ImageObject","inLanguage":"es","@id":"https:\/\/cvinoticias.com\/v3\/gremios-docentes-nacionales-aceptaron-un-aumento-del-salario-inicial\/#primaryimage","url":"https:\/\/cvinoticias.com\/wp-content\/uploads\/2022\/09\/0000112090.jpg","contentUrl":"https:\/\/cvinoticias.com\/wp-content\/uploads\/2022\/09\/0000112090.jpg","width":688,"height":387},{"@type":"BreadcrumbList","@id":"https:\/\/cvinoticias.com\/v3\/gremios-docentes-nacionales-aceptaron-un-aumento-del-salario-inicial\/#breadcrumb","itemListElement":[{"@type":"ListItem","position":1,"name":"Portada","item":"https:\/\/cvinoticias.com\/v3\/"},{"@type":"ListItem","position":2,"name":"Gremios docentes nacionales aceptaron un aumento del salario inicial"}]},{"@type":"WebSite","@id":"https:\/\/cvinoticias.com\/v3\/#website","url":"https:\/\/cvinoticias.com\/v3\/","name":"CVI NOTICIAS","description":"","publisher":{"@id":"https:\/\/cvinoticias.com\/v3\/#organization"},"alternateName":"CVI","potentialAction":[{"@type":"SearchAction","target":{"@type":"EntryPoint","urlTemplate":"https:\/\/cvinoticias.com\/v3\/?s={search_term_string}"},"query-input":{"@type":"PropertyValueSpecification","valueRequired":true,"valueName":"search_term_string"}}],"inLanguage":"es"},{"@type":"Organization","@id":"https:\/\/cvinoticias.com\/v3\/#organization","name":"CVI NOTICIAS","url":"https:\/\/cvinoticias.com\/v3\/","logo":{"@type":"ImageObject","inLanguage":"es","@id":"https:\/\/cvinoticias.com\/v3\/#\/schema\/logo\/image\/","url":"https:\/\/cvinoticias.com\/wp-content\/uploads\/2023\/04\/cropped-cropped-cropped-cropped-cropped-3-1.png","contentUrl":"https:\/\/cvinoticias.com\/wp-content\/uploads\/2023\/04\/cropped-cropped-cropped-cropped-cropped-3-1.png","width":95,"height":122,"caption":"CVI NOTICIAS"},"image":{"@id":"https:\/\/cvinoticias.com\/v3\/#\/schema\/logo\/image\/"},"sameAs":["https:\/\/www.facebook.com\/cvinoticias","https:\/\/www.instagram.com\/cvinoticias\/","https:\/\/www.youtube.com\/@CVINOTICIAS"]},{"@type":"Person","@id":"https:\/\/cvinoticias.com\/v3\/#\/schema\/person\/2db77e3c6bc03c538495d7b2b8be9b66","name":"f1000024","image":{"@type":"ImageObject","inLanguage":"es","@id":"https:\/\/secure.gravatar.com\/avatar\/d4fe7459cfc51ff5129ce1a732bbef5928568b8092d412ef95611616376bbeed?s=96&d=mm&r=g","url":"https:\/\/secure.gravatar.com\/avatar\/d4fe7459cfc51ff5129ce1a732bbef5928568b8092d412ef95611616376bbeed?s=96&d=mm&r=g","contentUrl":"https:\/\/secure.gravatar.com\/avatar\/d4fe7459cfc51ff5129ce1a732bbef5928568b8092d412ef95611616376bbeed?s=96&d=mm&r=g","caption":"f1000024"},"url":"https:\/\/cvinoticias.com\/v3\/author\/f1000024\/"}]}},"_links":{"self":[{"href":"https:\/\/cvinoticias.com\/v3\/wp-json\/wp\/v2\/posts\/19261","targetHints":{"allow":["GET"]}}],"collection":[{"href":"https:\/\/cvinoticias.com\/v3\/wp-json\/wp\/v2\/posts"}],"about":[{"href":"https:\/\/cvinoticias.com\/v3\/wp-json\/wp\/v2\/types\/post"}],"author":[{"embeddable":true,"href":"https:\/\/cvinoticias.com\/v3\/wp-json\/wp\/v2\/users\/2"}],"replies":[{"embeddable":true,"href":"https:\/\/cvinoticias.com\/v3\/wp-json\/wp\/v2\/comments?post=19261"}],"version-history":[{"count":1,"href":"https:\/\/cvinoticias.com\/v3\/wp-json\/wp\/v2\/posts\/19261\/revisions"}],"predecessor-version":[{"id":19263,"href":"https:\/\/cvinoticias.com\/v3\/wp-json\/wp\/v2\/posts\/19261\/revisions\/19263"}],"wp:featuredmedia":[{"embeddable":true,"href":"https:\/\/cvinoticias.com\/v3\/wp-json\/wp\/v2\/media\/19262"}],"wp:attachment":[{"href":"https:\/\/cvinoticias.com\/v3\/wp-json\/wp\/v2\/media?parent=19261"}],"wp:term":[{"taxonomy":"category","embeddable":true,"href":"https:\/\/cvinoticias.com\/v3\/wp-json\/wp\/v2\/categories?post=19261"},{"taxonomy":"post_tag","embeddable":true,"href":"https:\/\/cvinoticias.com\/v3\/wp-json\/wp\/v2\/tags?post=19261"}],"curies":[{"name":"wp","href":"https:\/\/api.w.org\/{rel}","templated":true}]}}