{"id":19254,"date":"2022-09-16T12:07:17","date_gmt":"2022-09-16T12:07:17","guid":{"rendered":"https:\/\/cvinoticias.com\/v3\/?p=19254"},"modified":"2022-09-16T12:07:17","modified_gmt":"2022-09-16T12:07:17","slug":"samuel-lopez-las-comunidades-de-fe-son-aliadas-estrategicas-en-la-tarea-de-prevencion-de-las-adicciones","status":"publish","type":"post","link":"https:\/\/cvinoticias.com\/v3\/samuel-lopez-las-comunidades-de-fe-son-aliadas-estrategicas-en-la-tarea-de-prevencion-de-las-adicciones\/","title":{"rendered":"Samuel L\u00f3pez: \u00abLas comunidades de fe son aliadas estrat\u00e9gicas en la tarea de prevenci\u00f3n de las adicciones\u00bb"},"content":{"rendered":"\n<p><strong><em>Samuel L\u00f3pez transita su tercer a\u00f1o al frente del Ministerio de Prevenci\u00f3n de Adicciones y Control de Drogas de Misiones con nuevos desaf\u00edos y proyectos en marcha.<\/em><\/strong><\/p>\n\n\n\n<p>En una entrevista con medio digital de la provincia, el funcionario destac\u00f3 que \u201cla principal responsabilidad de nuestro ministerio es trabajar sobre la prevenci\u00f3n, adem\u00e1s de lograr que esa persona que est\u00e1 atravesando por una situaci\u00f3n compleja de consumo, tome conciencia y decida comenzar con un tratamiento\u201d.<\/p>\n\n\n\n<p>\u201cEn s\u00edntesis -apunt\u00f3- trabajamos para que el d\u00eda de ma\u00f1ana la prevenci\u00f3n sea un tema de la realidad provincial y deje de ser un tab\u00fa. Trabajamos para llegar con este mensaje a distintas clases sociales, edades y \u00e1mbitos\u201d, remarc\u00f3.<\/p>\n\n\n\n<p>En cuanto acciones concretas de prevenci\u00f3n, el ministerio realiz\u00f3 una fuerte tarea en las escuelas (con m\u00e1s de 40 mil estudiantes) y sum\u00f3 en paralelo, como un aliado estrat\u00e9gico, a las distintas instituciones de fe.<\/p>\n\n\n\n<p>\u201cEn lo que refiere al \u00e1mbito educativo (alumnos, docentes, directivos) brindamos herramientas preventivas y de intervenci\u00f3n. En tanto que con las comunidades de fe (independientemente del credo) brindamos herramientas acordes a sus propias creencias para fortalecer la tarea de prevenci\u00f3n, de contenci\u00f3n y de acompa\u00f1amiento a aquellas personas que est\u00e1n atravesando un periodo de consumo problem\u00e1tico o de adicciones\u201d, explic\u00f3.<\/p>\n\n\n\n<p>L\u00f3pez subray\u00f3 que uno de los objetivos de la gesti\u00f3n \u201ces garantizar la mayor cantidad de espacios de atenci\u00f3n en distintos puntos de la provincia y as\u00ed facilitar la accesibilidad de los tratamientos\u201d.<\/p>\n\n\n\n<p>Al respecto, marc\u00f3 que \u201clastimosamente del total de personas que inician un tratamiento, solamente un 50% lo contin\u00faa. Los motivos por los que abandonan son varios y nosotros lo que pretendemos es garantizarles la accesibilidad a los tratamientos; para ello, buscamos generar capacidad instalada en distintos municipios, conformando equipos de atenci\u00f3n m\u00f3viles para visitar a la familia, y as\u00ed poder lograr realizar tratamientos ambulatorios o con visitas domiciliarias, para que de esta manera se pueda lograr tener una mayor cercan\u00eda con la gente y su contexto\u201d.<\/p>\n\n\n\n<p>En este marco, el ministro indic\u00f3 que la cartera a su cargo se encuentra pr\u00f3ximo a inaugurar en la ciudad de Posadas un Centro Provincial de Asistencia Integral, orientado exclusivamente para el control de las adicciones.<\/p>\n\n\n\n<p>\u201cEste Centro de Atenci\u00f3n Integral nos permitir\u00e1 y habilitar\u00e1 trabajar tanto en el aspecto de la salud como en la parte espiritual y\/o social. Tendr\u00e1 treinta camas, de las cuales seis se reservan para internaciones involuntarias (pedido por la justicia). Se reservan para aquellos casos en los que la persona no tiene conciencia a la enfermedad, ni voluntad de tratamiento; por lo tanto, son los familiares que piden a la justicia su internaci\u00f3n\u201d, indic\u00f3.<\/p>\n\n\n\n<p><strong>Si tuviera que hacer una radiograf\u00eda por zona, \u00bfcu\u00e1les son los lugares m\u00e1s cr\u00edticos con relaci\u00f3n a los consumos?<\/strong><\/p>\n\n\n\n<p>Sabemos que la zona Norte de la provincia es cr\u00edtica, m\u00e1s la que limita con Brasil. Ya sea, San Antonio, Bernardo de Irigoyen, San Pedro, Puerto Iguaz\u00fa. Como tambi\u00e9n se puede extender hasta la zona del Eldorado y Montecarlo. Con respecto al sexo, tengo que decir que siempre son m\u00e1s hombres que mujeres con problemas de consumo, seg\u00fan nuestros registros. Y las edades van desde los 12 hasta los 30 a\u00f1os. Ac\u00e1 la problem\u00e1tica que se ve es de la adicci\u00f3n al paco, piedra o el crack, esto es altamente adictivo, de f\u00e1cil acceso y barato.<\/p>\n\n\n\n<p>Si visualizo la costa del Paran\u00e1, nuestros informes determinan un amplio consumo de la marihuana. Esto se ve m\u00e1s en los adolescentes. Mientras que la tendencia que se registra en la costa del Uruguay es alto consumo de alcohol.<\/p>\n\n\n\n<p>En la zona Centro de la provincia, lo preocupante es el consumo de alcohol con pastillas (las de venta libre en farmacias). Mientras que, en la ciudad de Posadas, aparece el \u2018policonsumo\u2019, una persona consumiendo muchas cosas (coca\u00edna, marihuana, alcohol, tabaco).<\/p>\n\n\n\n<p>Y si tiene que hacer un ranking del consumo problem\u00e1tico a nivel provincia, \u00bfc\u00f3mo ubicar\u00eda las distintas adicciones?<\/p>\n\n\n\n<p><strong>Seg\u00fan nuestros informes, el orden de consumo problem\u00e1tico seria:<\/strong><\/p>\n\n\n\n<p>1.- Alcohol<\/p>\n\n\n\n<p>2.- Tabaco<\/p>\n\n\n\n<p>3.- Drogas ilegales (coca\u00edna y marihuana)<\/p>\n\n\n\n<p>Pero tengo que aclarar que estamos viendo una percepci\u00f3n en ver a las tecnolog\u00edas como una adicci\u00f3n, la cual la estamos estudiando. Un trabajo de percepci\u00f3n que se hizo en varias familias, salt\u00f3 la preocupaci\u00f3n de la cantidad de tiempo que los adolescentes pasan frente a las tecnolog\u00edas.<\/p>\n\n\n\n<p>Lo que llama la atenci\u00f3n, en las charlas que hacemos de sensibilizaci\u00f3n, es que los adolescentes no perciben el consumo de alcohol como problem\u00e1tica, pero si ven el uso de los dispositivos m\u00f3viles como un problema adictivo.<\/p>\n\n\n\n<p><strong>\u00bfQu\u00e9 funci\u00f3n cumplen las iglesias en este trabajo que hace el Ministerio de Prevenci\u00f3n de Adicciones?<\/strong><\/p>\n\n\n\n<p>El trabajo de las iglesias es fundamental. El acompa\u00f1amiento que hacen con las personas que est\u00e1n pasando por una situaci\u00f3n de adicci\u00f3n, de problem\u00e1tica, es de gran ayuda para el sujeto, su familia y la sociedad en su conjunto.<\/p>\n\n\n\n<p>Las iglesias juegan un rol de acompa\u00f1amiento, de escucha, de atenci\u00f3n y de amor por el pr\u00f3jimo muy importante. Y sabiendo que en las iglesias hay casos de consumo, ellos nos utilizan como herramientas para trabajar en sus casos tambi\u00e9n.<\/p>\n\n\n\n<p><strong>Fuente: Revista Enfoque<\/strong><\/p>\n","protected":false},"excerpt":{"rendered":"<p>Samuel L\u00f3pez transita su tercer a\u00f1o al frente del Ministerio de Prevenci\u00f3n de Adicciones y Control de Drogas de Misiones con nuevos desaf\u00edos y proyectos en marcha. En una entrevista con medio digital de la provincia, el funcionario destac\u00f3 que \u201cla principal responsabilidad de nuestro ministerio es trabajar sobre la prevenci\u00f3n, adem\u00e1s de lograr que [&hellip;]<\/p>\n","protected":false},"author":2,"featured_media":19255,"comment_status":"open","ping_status":"open","sticky":false,"template":"","format":"standard","meta":{"footnotes":""},"categories":[43],"tags":[],"class_list":["post-19254","post","type-post","status-publish","format-standard","has-post-thumbnail","hentry","category-provinciales"],"yoast_head":"<!-- This site is optimized with the Yoast SEO plugin v27.5 - https:\/\/yoast.com\/product\/yoast-seo-wordpress\/ -->\n<title>Samuel L\u00f3pez: &quot;Las comunidades de fe son aliadas estrat\u00e9gicas en la tarea de prevenci\u00f3n de las adicciones&quot; | CVI NOTICIAS<\/title>\n<meta name=\"robots\" content=\"index, follow, max-snippet:-1, max-image-preview:large, max-video-preview:-1\" \/>\n<link rel=\"canonical\" href=\"https:\/\/cvinoticias.com\/v3\/samuel-lopez-las-comunidades-de-fe-son-aliadas-estrategicas-en-la-tarea-de-prevencion-de-las-adicciones\/\" \/>\n<meta property=\"og:locale\" content=\"es_ES\" \/>\n<meta property=\"og:type\" content=\"article\" \/>\n<meta property=\"og:title\" content=\"Samuel L\u00f3pez: &quot;Las comunidades de fe son aliadas estrat\u00e9gicas en la tarea de prevenci\u00f3n de las adicciones&quot; | CVI NOTICIAS\" \/>\n<meta property=\"og:description\" content=\"Samuel L\u00f3pez transita su tercer a\u00f1o al frente del Ministerio de Prevenci\u00f3n de Adicciones y Control de Drogas de Misiones con nuevos desaf\u00edos y proyectos en marcha. En una entrevista con medio digital de la provincia, el funcionario destac\u00f3 que \u201cla principal responsabilidad de nuestro ministerio es trabajar sobre la prevenci\u00f3n, adem\u00e1s de lograr que [&hellip;]\" \/>\n<meta property=\"og:url\" content=\"https:\/\/cvinoticias.com\/v3\/samuel-lopez-las-comunidades-de-fe-son-aliadas-estrategicas-en-la-tarea-de-prevencion-de-las-adicciones\/\" \/>\n<meta property=\"og:site_name\" content=\"CVI NOTICIAS\" \/>\n<meta property=\"article:publisher\" content=\"https:\/\/www.facebook.com\/cvinoticias\" \/>\n<meta property=\"article:published_time\" content=\"2022-09-16T12:07:17+00:00\" \/>\n<meta property=\"og:image\" content=\"https:\/\/cvinoticias.com\/wp-content\/uploads\/2022\/09\/Samuel-Lopez-750x375-1.jpg\" \/>\n\t<meta property=\"og:image:width\" content=\"750\" \/>\n\t<meta property=\"og:image:height\" content=\"375\" \/>\n\t<meta property=\"og:image:type\" content=\"image\/jpeg\" \/>\n<meta name=\"author\" content=\"f1000024\" \/>\n<meta name=\"twitter:card\" content=\"summary_large_image\" \/>\n<meta name=\"twitter:label1\" content=\"Escrito por\" \/>\n\t<meta name=\"twitter:data1\" content=\"f1000024\" \/>\n\t<meta name=\"twitter:label2\" content=\"Tiempo de lectura\" \/>\n\t<meta name=\"twitter:data2\" content=\"5 minutos\" \/>\n<script type=\"application\/ld+json\" class=\"yoast-schema-graph\">{\"@context\":\"https:\\\/\\\/schema.org\",\"@graph\":[{\"@type\":\"Article\",\"@id\":\"https:\\\/\\\/cvinoticias.com\\\/v3\\\/samuel-lopez-las-comunidades-de-fe-son-aliadas-estrategicas-en-la-tarea-de-prevencion-de-las-adicciones\\\/#article\",\"isPartOf\":{\"@id\":\"https:\\\/\\\/cvinoticias.com\\\/v3\\\/samuel-lopez-las-comunidades-de-fe-son-aliadas-estrategicas-en-la-tarea-de-prevencion-de-las-adicciones\\\/\"},\"author\":{\"name\":\"f1000024\",\"@id\":\"https:\\\/\\\/cvinoticias.com\\\/v3\\\/#\\\/schema\\\/person\\\/2db77e3c6bc03c538495d7b2b8be9b66\"},\"headline\":\"Samuel L\u00f3pez: \u00abLas comunidades de fe son aliadas estrat\u00e9gicas en la tarea de prevenci\u00f3n de las adicciones\u00bb\",\"datePublished\":\"2022-09-16T12:07:17+00:00\",\"mainEntityOfPage\":{\"@id\":\"https:\\\/\\\/cvinoticias.com\\\/v3\\\/samuel-lopez-las-comunidades-de-fe-son-aliadas-estrategicas-en-la-tarea-de-prevencion-de-las-adicciones\\\/\"},\"wordCount\":943,\"commentCount\":0,\"publisher\":{\"@id\":\"https:\\\/\\\/cvinoticias.com\\\/v3\\\/#organization\"},\"image\":{\"@id\":\"https:\\\/\\\/cvinoticias.com\\\/v3\\\/samuel-lopez-las-comunidades-de-fe-son-aliadas-estrategicas-en-la-tarea-de-prevencion-de-las-adicciones\\\/#primaryimage\"},\"thumbnailUrl\":\"https:\\\/\\\/cvinoticias.com\\\/wp-content\\\/uploads\\\/2022\\\/09\\\/Samuel-Lopez-750x375-1.jpg\",\"articleSection\":[\"Provinciales\"],\"inLanguage\":\"es\",\"potentialAction\":[{\"@type\":\"CommentAction\",\"name\":\"Comment\",\"target\":[\"https:\\\/\\\/cvinoticias.com\\\/v3\\\/samuel-lopez-las-comunidades-de-fe-son-aliadas-estrategicas-en-la-tarea-de-prevencion-de-las-adicciones\\\/#respond\"]}]},{\"@type\":\"WebPage\",\"@id\":\"https:\\\/\\\/cvinoticias.com\\\/v3\\\/samuel-lopez-las-comunidades-de-fe-son-aliadas-estrategicas-en-la-tarea-de-prevencion-de-las-adicciones\\\/\",\"url\":\"https:\\\/\\\/cvinoticias.com\\\/v3\\\/samuel-lopez-las-comunidades-de-fe-son-aliadas-estrategicas-en-la-tarea-de-prevencion-de-las-adicciones\\\/\",\"name\":\"Samuel L\u00f3pez: \\\"Las comunidades de fe son aliadas estrat\u00e9gicas en la tarea de prevenci\u00f3n de las adicciones\\\" | CVI NOTICIAS\",\"isPartOf\":{\"@id\":\"https:\\\/\\\/cvinoticias.com\\\/v3\\\/#website\"},\"primaryImageOfPage\":{\"@id\":\"https:\\\/\\\/cvinoticias.com\\\/v3\\\/samuel-lopez-las-comunidades-de-fe-son-aliadas-estrategicas-en-la-tarea-de-prevencion-de-las-adicciones\\\/#primaryimage\"},\"image\":{\"@id\":\"https:\\\/\\\/cvinoticias.com\\\/v3\\\/samuel-lopez-las-comunidades-de-fe-son-aliadas-estrategicas-en-la-tarea-de-prevencion-de-las-adicciones\\\/#primaryimage\"},\"thumbnailUrl\":\"https:\\\/\\\/cvinoticias.com\\\/wp-content\\\/uploads\\\/2022\\\/09\\\/Samuel-Lopez-750x375-1.jpg\",\"datePublished\":\"2022-09-16T12:07:17+00:00\",\"breadcrumb\":{\"@id\":\"https:\\\/\\\/cvinoticias.com\\\/v3\\\/samuel-lopez-las-comunidades-de-fe-son-aliadas-estrategicas-en-la-tarea-de-prevencion-de-las-adicciones\\\/#breadcrumb\"},\"inLanguage\":\"es\",\"potentialAction\":[{\"@type\":\"ReadAction\",\"target\":[\"https:\\\/\\\/cvinoticias.com\\\/v3\\\/samuel-lopez-las-comunidades-de-fe-son-aliadas-estrategicas-en-la-tarea-de-prevencion-de-las-adicciones\\\/\"]}]},{\"@type\":\"ImageObject\",\"inLanguage\":\"es\",\"@id\":\"https:\\\/\\\/cvinoticias.com\\\/v3\\\/samuel-lopez-las-comunidades-de-fe-son-aliadas-estrategicas-en-la-tarea-de-prevencion-de-las-adicciones\\\/#primaryimage\",\"url\":\"https:\\\/\\\/cvinoticias.com\\\/wp-content\\\/uploads\\\/2022\\\/09\\\/Samuel-Lopez-750x375-1.jpg\",\"contentUrl\":\"https:\\\/\\\/cvinoticias.com\\\/wp-content\\\/uploads\\\/2022\\\/09\\\/Samuel-Lopez-750x375-1.jpg\",\"width\":750,\"height\":375},{\"@type\":\"BreadcrumbList\",\"@id\":\"https:\\\/\\\/cvinoticias.com\\\/v3\\\/samuel-lopez-las-comunidades-de-fe-son-aliadas-estrategicas-en-la-tarea-de-prevencion-de-las-adicciones\\\/#breadcrumb\",\"itemListElement\":[{\"@type\":\"ListItem\",\"position\":1,\"name\":\"Portada\",\"item\":\"https:\\\/\\\/cvinoticias.com\\\/v3\\\/\"},{\"@type\":\"ListItem\",\"position\":2,\"name\":\"Samuel L\u00f3pez: \u00abLas comunidades de fe son aliadas estrat\u00e9gicas en la tarea de prevenci\u00f3n de las adicciones\u00bb\"}]},{\"@type\":\"WebSite\",\"@id\":\"https:\\\/\\\/cvinoticias.com\\\/v3\\\/#website\",\"url\":\"https:\\\/\\\/cvinoticias.com\\\/v3\\\/\",\"name\":\"CVI NOTICIAS\",\"description\":\"\",\"publisher\":{\"@id\":\"https:\\\/\\\/cvinoticias.com\\\/v3\\\/#organization\"},\"alternateName\":\"CVI\",\"potentialAction\":[{\"@type\":\"SearchAction\",\"target\":{\"@type\":\"EntryPoint\",\"urlTemplate\":\"https:\\\/\\\/cvinoticias.com\\\/v3\\\/?s={search_term_string}\"},\"query-input\":{\"@type\":\"PropertyValueSpecification\",\"valueRequired\":true,\"valueName\":\"search_term_string\"}}],\"inLanguage\":\"es\"},{\"@type\":\"Organization\",\"@id\":\"https:\\\/\\\/cvinoticias.com\\\/v3\\\/#organization\",\"name\":\"CVI NOTICIAS\",\"url\":\"https:\\\/\\\/cvinoticias.com\\\/v3\\\/\",\"logo\":{\"@type\":\"ImageObject\",\"inLanguage\":\"es\",\"@id\":\"https:\\\/\\\/cvinoticias.com\\\/v3\\\/#\\\/schema\\\/logo\\\/image\\\/\",\"url\":\"https:\\\/\\\/cvinoticias.com\\\/wp-content\\\/uploads\\\/2023\\\/04\\\/cropped-cropped-cropped-cropped-cropped-3-1.png\",\"contentUrl\":\"https:\\\/\\\/cvinoticias.com\\\/wp-content\\\/uploads\\\/2023\\\/04\\\/cropped-cropped-cropped-cropped-cropped-3-1.png\",\"width\":95,\"height\":122,\"caption\":\"CVI NOTICIAS\"},\"image\":{\"@id\":\"https:\\\/\\\/cvinoticias.com\\\/v3\\\/#\\\/schema\\\/logo\\\/image\\\/\"},\"sameAs\":[\"https:\\\/\\\/www.facebook.com\\\/cvinoticias\",\"https:\\\/\\\/www.instagram.com\\\/cvinoticias\\\/\",\"https:\\\/\\\/www.youtube.com\\\/@CVINOTICIAS\"]},{\"@type\":\"Person\",\"@id\":\"https:\\\/\\\/cvinoticias.com\\\/v3\\\/#\\\/schema\\\/person\\\/2db77e3c6bc03c538495d7b2b8be9b66\",\"name\":\"f1000024\",\"image\":{\"@type\":\"ImageObject\",\"inLanguage\":\"es\",\"@id\":\"https:\\\/\\\/secure.gravatar.com\\\/avatar\\\/d4fe7459cfc51ff5129ce1a732bbef5928568b8092d412ef95611616376bbeed?s=96&d=mm&r=g\",\"url\":\"https:\\\/\\\/secure.gravatar.com\\\/avatar\\\/d4fe7459cfc51ff5129ce1a732bbef5928568b8092d412ef95611616376bbeed?s=96&d=mm&r=g\",\"contentUrl\":\"https:\\\/\\\/secure.gravatar.com\\\/avatar\\\/d4fe7459cfc51ff5129ce1a732bbef5928568b8092d412ef95611616376bbeed?s=96&d=mm&r=g\",\"caption\":\"f1000024\"},\"url\":\"https:\\\/\\\/cvinoticias.com\\\/v3\\\/author\\\/f1000024\\\/\"}]}<\/script>\n<!-- \/ Yoast SEO plugin. -->","yoast_head_json":{"title":"Samuel L\u00f3pez: \"Las comunidades de fe son aliadas estrat\u00e9gicas en la tarea de prevenci\u00f3n de las adicciones\" | CVI NOTICIAS","robots":{"index":"index","follow":"follow","max-snippet":"max-snippet:-1","max-image-preview":"max-image-preview:large","max-video-preview":"max-video-preview:-1"},"canonical":"https:\/\/cvinoticias.com\/v3\/samuel-lopez-las-comunidades-de-fe-son-aliadas-estrategicas-en-la-tarea-de-prevencion-de-las-adicciones\/","og_locale":"es_ES","og_type":"article","og_title":"Samuel L\u00f3pez: \"Las comunidades de fe son aliadas estrat\u00e9gicas en la tarea de prevenci\u00f3n de las adicciones\" | CVI NOTICIAS","og_description":"Samuel L\u00f3pez transita su tercer a\u00f1o al frente del Ministerio de Prevenci\u00f3n de Adicciones y Control de Drogas de Misiones con nuevos desaf\u00edos y proyectos en marcha. En una entrevista con medio digital de la provincia, el funcionario destac\u00f3 que \u201cla principal responsabilidad de nuestro ministerio es trabajar sobre la prevenci\u00f3n, adem\u00e1s de lograr que [&hellip;]","og_url":"https:\/\/cvinoticias.com\/v3\/samuel-lopez-las-comunidades-de-fe-son-aliadas-estrategicas-en-la-tarea-de-prevencion-de-las-adicciones\/","og_site_name":"CVI NOTICIAS","article_publisher":"https:\/\/www.facebook.com\/cvinoticias","article_published_time":"2022-09-16T12:07:17+00:00","og_image":[{"width":750,"height":375,"url":"https:\/\/cvinoticias.com\/wp-content\/uploads\/2022\/09\/Samuel-Lopez-750x375-1.jpg","type":"image\/jpeg"}],"author":"f1000024","twitter_card":"summary_large_image","twitter_misc":{"Escrito por":"f1000024","Tiempo de lectura":"5 minutos"},"schema":{"@context":"https:\/\/schema.org","@graph":[{"@type":"Article","@id":"https:\/\/cvinoticias.com\/v3\/samuel-lopez-las-comunidades-de-fe-son-aliadas-estrategicas-en-la-tarea-de-prevencion-de-las-adicciones\/#article","isPartOf":{"@id":"https:\/\/cvinoticias.com\/v3\/samuel-lopez-las-comunidades-de-fe-son-aliadas-estrategicas-en-la-tarea-de-prevencion-de-las-adicciones\/"},"author":{"name":"f1000024","@id":"https:\/\/cvinoticias.com\/v3\/#\/schema\/person\/2db77e3c6bc03c538495d7b2b8be9b66"},"headline":"Samuel L\u00f3pez: \u00abLas comunidades de fe son aliadas estrat\u00e9gicas en la tarea de prevenci\u00f3n de las adicciones\u00bb","datePublished":"2022-09-16T12:07:17+00:00","mainEntityOfPage":{"@id":"https:\/\/cvinoticias.com\/v3\/samuel-lopez-las-comunidades-de-fe-son-aliadas-estrategicas-en-la-tarea-de-prevencion-de-las-adicciones\/"},"wordCount":943,"commentCount":0,"publisher":{"@id":"https:\/\/cvinoticias.com\/v3\/#organization"},"image":{"@id":"https:\/\/cvinoticias.com\/v3\/samuel-lopez-las-comunidades-de-fe-son-aliadas-estrategicas-en-la-tarea-de-prevencion-de-las-adicciones\/#primaryimage"},"thumbnailUrl":"https:\/\/cvinoticias.com\/wp-content\/uploads\/2022\/09\/Samuel-Lopez-750x375-1.jpg","articleSection":["Provinciales"],"inLanguage":"es","potentialAction":[{"@type":"CommentAction","name":"Comment","target":["https:\/\/cvinoticias.com\/v3\/samuel-lopez-las-comunidades-de-fe-son-aliadas-estrategicas-en-la-tarea-de-prevencion-de-las-adicciones\/#respond"]}]},{"@type":"WebPage","@id":"https:\/\/cvinoticias.com\/v3\/samuel-lopez-las-comunidades-de-fe-son-aliadas-estrategicas-en-la-tarea-de-prevencion-de-las-adicciones\/","url":"https:\/\/cvinoticias.com\/v3\/samuel-lopez-las-comunidades-de-fe-son-aliadas-estrategicas-en-la-tarea-de-prevencion-de-las-adicciones\/","name":"Samuel L\u00f3pez: \"Las comunidades de fe son aliadas estrat\u00e9gicas en la tarea de prevenci\u00f3n de las adicciones\" | CVI NOTICIAS","isPartOf":{"@id":"https:\/\/cvinoticias.com\/v3\/#website"},"primaryImageOfPage":{"@id":"https:\/\/cvinoticias.com\/v3\/samuel-lopez-las-comunidades-de-fe-son-aliadas-estrategicas-en-la-tarea-de-prevencion-de-las-adicciones\/#primaryimage"},"image":{"@id":"https:\/\/cvinoticias.com\/v3\/samuel-lopez-las-comunidades-de-fe-son-aliadas-estrategicas-en-la-tarea-de-prevencion-de-las-adicciones\/#primaryimage"},"thumbnailUrl":"https:\/\/cvinoticias.com\/wp-content\/uploads\/2022\/09\/Samuel-Lopez-750x375-1.jpg","datePublished":"2022-09-16T12:07:17+00:00","breadcrumb":{"@id":"https:\/\/cvinoticias.com\/v3\/samuel-lopez-las-comunidades-de-fe-son-aliadas-estrategicas-en-la-tarea-de-prevencion-de-las-adicciones\/#breadcrumb"},"inLanguage":"es","potentialAction":[{"@type":"ReadAction","target":["https:\/\/cvinoticias.com\/v3\/samuel-lopez-las-comunidades-de-fe-son-aliadas-estrategicas-en-la-tarea-de-prevencion-de-las-adicciones\/"]}]},{"@type":"ImageObject","inLanguage":"es","@id":"https:\/\/cvinoticias.com\/v3\/samuel-lopez-las-comunidades-de-fe-son-aliadas-estrategicas-en-la-tarea-de-prevencion-de-las-adicciones\/#primaryimage","url":"https:\/\/cvinoticias.com\/wp-content\/uploads\/2022\/09\/Samuel-Lopez-750x375-1.jpg","contentUrl":"https:\/\/cvinoticias.com\/wp-content\/uploads\/2022\/09\/Samuel-Lopez-750x375-1.jpg","width":750,"height":375},{"@type":"BreadcrumbList","@id":"https:\/\/cvinoticias.com\/v3\/samuel-lopez-las-comunidades-de-fe-son-aliadas-estrategicas-en-la-tarea-de-prevencion-de-las-adicciones\/#breadcrumb","itemListElement":[{"@type":"ListItem","position":1,"name":"Portada","item":"https:\/\/cvinoticias.com\/v3\/"},{"@type":"ListItem","position":2,"name":"Samuel L\u00f3pez: \u00abLas comunidades de fe son aliadas estrat\u00e9gicas en la tarea de prevenci\u00f3n de las adicciones\u00bb"}]},{"@type":"WebSite","@id":"https:\/\/cvinoticias.com\/v3\/#website","url":"https:\/\/cvinoticias.com\/v3\/","name":"CVI NOTICIAS","description":"","publisher":{"@id":"https:\/\/cvinoticias.com\/v3\/#organization"},"alternateName":"CVI","potentialAction":[{"@type":"SearchAction","target":{"@type":"EntryPoint","urlTemplate":"https:\/\/cvinoticias.com\/v3\/?s={search_term_string}"},"query-input":{"@type":"PropertyValueSpecification","valueRequired":true,"valueName":"search_term_string"}}],"inLanguage":"es"},{"@type":"Organization","@id":"https:\/\/cvinoticias.com\/v3\/#organization","name":"CVI NOTICIAS","url":"https:\/\/cvinoticias.com\/v3\/","logo":{"@type":"ImageObject","inLanguage":"es","@id":"https:\/\/cvinoticias.com\/v3\/#\/schema\/logo\/image\/","url":"https:\/\/cvinoticias.com\/wp-content\/uploads\/2023\/04\/cropped-cropped-cropped-cropped-cropped-3-1.png","contentUrl":"https:\/\/cvinoticias.com\/wp-content\/uploads\/2023\/04\/cropped-cropped-cropped-cropped-cropped-3-1.png","width":95,"height":122,"caption":"CVI NOTICIAS"},"image":{"@id":"https:\/\/cvinoticias.com\/v3\/#\/schema\/logo\/image\/"},"sameAs":["https:\/\/www.facebook.com\/cvinoticias","https:\/\/www.instagram.com\/cvinoticias\/","https:\/\/www.youtube.com\/@CVINOTICIAS"]},{"@type":"Person","@id":"https:\/\/cvinoticias.com\/v3\/#\/schema\/person\/2db77e3c6bc03c538495d7b2b8be9b66","name":"f1000024","image":{"@type":"ImageObject","inLanguage":"es","@id":"https:\/\/secure.gravatar.com\/avatar\/d4fe7459cfc51ff5129ce1a732bbef5928568b8092d412ef95611616376bbeed?s=96&d=mm&r=g","url":"https:\/\/secure.gravatar.com\/avatar\/d4fe7459cfc51ff5129ce1a732bbef5928568b8092d412ef95611616376bbeed?s=96&d=mm&r=g","contentUrl":"https:\/\/secure.gravatar.com\/avatar\/d4fe7459cfc51ff5129ce1a732bbef5928568b8092d412ef95611616376bbeed?s=96&d=mm&r=g","caption":"f1000024"},"url":"https:\/\/cvinoticias.com\/v3\/author\/f1000024\/"}]}},"_links":{"self":[{"href":"https:\/\/cvinoticias.com\/v3\/wp-json\/wp\/v2\/posts\/19254","targetHints":{"allow":["GET"]}}],"collection":[{"href":"https:\/\/cvinoticias.com\/v3\/wp-json\/wp\/v2\/posts"}],"about":[{"href":"https:\/\/cvinoticias.com\/v3\/wp-json\/wp\/v2\/types\/post"}],"author":[{"embeddable":true,"href":"https:\/\/cvinoticias.com\/v3\/wp-json\/wp\/v2\/users\/2"}],"replies":[{"embeddable":true,"href":"https:\/\/cvinoticias.com\/v3\/wp-json\/wp\/v2\/comments?post=19254"}],"version-history":[{"count":1,"href":"https:\/\/cvinoticias.com\/v3\/wp-json\/wp\/v2\/posts\/19254\/revisions"}],"predecessor-version":[{"id":19256,"href":"https:\/\/cvinoticias.com\/v3\/wp-json\/wp\/v2\/posts\/19254\/revisions\/19256"}],"wp:featuredmedia":[{"embeddable":true,"href":"https:\/\/cvinoticias.com\/v3\/wp-json\/wp\/v2\/media\/19255"}],"wp:attachment":[{"href":"https:\/\/cvinoticias.com\/v3\/wp-json\/wp\/v2\/media?parent=19254"}],"wp:term":[{"taxonomy":"category","embeddable":true,"href":"https:\/\/cvinoticias.com\/v3\/wp-json\/wp\/v2\/categories?post=19254"},{"taxonomy":"post_tag","embeddable":true,"href":"https:\/\/cvinoticias.com\/v3\/wp-json\/wp\/v2\/tags?post=19254"}],"curies":[{"name":"wp","href":"https:\/\/api.w.org\/{rel}","templated":true}]}}