{"id":19247,"date":"2022-09-16T03:25:07","date_gmt":"2022-09-16T03:25:07","guid":{"rendered":"https:\/\/cvinoticias.com\/v3\/?p=19247"},"modified":"2022-09-16T03:25:07","modified_gmt":"2022-09-16T03:25:07","slug":"lanzaron-el-iguazu-run-de-la-selva-que-se-realizara-noviembre","status":"publish","type":"post","link":"https:\/\/cvinoticias.com\/v3\/lanzaron-el-iguazu-run-de-la-selva-que-se-realizara-noviembre\/","title":{"rendered":"Lanzaron el \u201cIguaz\u00fa Run de la Selva\u201d que se realizar\u00e1 noviembre"},"content":{"rendered":"\n<p><strong><em>El domingo 6 de noviembre se realizar\u00e1 la segunda edici\u00f3n de \u201cIguaz\u00fa Run de la Selva\u201d, en el inicio de la semana de las celebraciones por un nuevo aniversario de la declaraci\u00f3n como una de las 7 Maravillas Naturales del Mundo a las Cataratas del Iguaz\u00fa.<\/em><\/strong><\/p>\n\n\n\n<p>El a\u00f1o pasado, aun con las restricciones de la pandemia, la competencia convoc\u00f3 a m\u00e1s de mil corredores, por lo que se espera una cifra superior en esta edici\u00f3n.<\/p>\n\n\n\n<p>Las categor\u00edas de mayores ser\u00e1n de 18 a 29 a\u00f1os, y a partir de los 30 a\u00f1os hasta los 59 a\u00f1os se dividir\u00e1n las categor\u00edas cada 10 a\u00f1os. A partir de los 60 a\u00f1os, la categor\u00eda ser\u00e1 \u00fanica.<\/p>\n\n\n\n<p>En el caso de los menores de 18 a\u00f1os, se crear\u00e1n dos categor\u00edas: una de 15 a 17 a\u00f1os, que competir\u00e1 en las distancias de 5K y 10K. Y la otra categor\u00eda de 12 a 14 que no ser\u00e1 competitiva y ser\u00e1 obligatorio el acompa\u00f1amiento del padre, de la madre o persona adulta responsable y la \u00fanica distancia de participaci\u00f3n ser\u00e1 de 5K.<\/p>\n\n\n\n<p>Los premios mayores ser\u00e1n para las primeras tres corredoras y los primeros tres corredores de la clasificaci\u00f3n general de cada distancia. Tambi\u00e9n ser\u00e1n premiados las primeras y los primeros tres de cada categor\u00eda.<\/p>\n\n\n\n<p>Asimismo, se entregar\u00e1n medallas a los y las participantes que completen el circuito que se han inscripto.<\/p>\n\n\n\n<p>\u201cEsta actividad empez\u00f3 t\u00edmidamente y ahora ya la vemos m\u00e1s consolidada, en una ciudad que es la m\u00e1s elegida del Pre-viaje 3, lo cual es causal del trabajo que venimos llevando adelante entre todos, sector p\u00fablico, privado, ONGs. As\u00ed que estamos felices por este lanzamiento\u201d, expres\u00f3 el ministro de Turismo, Jos\u00e9 Mar\u00eda Arr\u00faa.<\/p>\n\n\n\n<p>Por su parte, Juan Manuel Velasco, presidente de la Fundaci\u00f3n Ecologista Verde, organizadora de la competencia, remarc\u00f3 el car\u00e1cter sustentable de la propuesta como su diferencial.<\/p>\n\n\n\n<p>\u201cAdem\u00e1s de recorrer lugares \u00fanicos del Parque Nacional, los participantes van a contribuir a acciones de compensaci\u00f3n ambiental ya que es la primera carrera Carbono Cero y Basura Cero al compensar y mitigar la huella de carbono que produce est\u00e1 competencia\u201d, explic\u00f3.<\/p>\n\n\n\n<p>El turismo de eventos encuentra en Misiones un lugar ideal para el desarrollo de actividades al aire libre, en contacto con la naturaleza, exponiendo no solo sus atractivos y aventura, sino tambi\u00e9n la hospitalidad de los misioneros.<\/p>\n\n\n\n<p>Quienes quieran inscribirse a Iguaz\u00fa Run de la Selva, pueden hacerlo ingresando a: https:\/\/iguazurun.com\/ ,<strong>(R.C)<\/strong><\/p>\n","protected":false},"excerpt":{"rendered":"<p>El domingo 6 de noviembre se realizar\u00e1 la segunda edici\u00f3n de \u201cIguaz\u00fa Run de la Selva\u201d, en el inicio de la semana de las celebraciones por un nuevo aniversario de la declaraci\u00f3n como una de las 7 Maravillas Naturales del Mundo a las Cataratas del Iguaz\u00fa. El a\u00f1o pasado, aun con las restricciones de la [&hellip;]<\/p>\n","protected":false},"author":2,"featured_media":19248,"comment_status":"open","ping_status":"open","sticky":false,"template":"","format":"standard","meta":{"footnotes":""},"categories":[29],"tags":[],"class_list":["post-19247","post","type-post","status-publish","format-standard","has-post-thumbnail","hentry","category-locales"],"yoast_head":"<!-- This site is optimized with the Yoast SEO plugin v27.4 - https:\/\/yoast.com\/product\/yoast-seo-wordpress\/ -->\n<title>Lanzaron el \u201cIguaz\u00fa Run de la Selva\u201d que se realizar\u00e1 noviembre | CVI NOTICIAS<\/title>\n<meta name=\"robots\" content=\"index, follow, max-snippet:-1, max-image-preview:large, max-video-preview:-1\" \/>\n<link rel=\"canonical\" href=\"https:\/\/cvinoticias.com\/v3\/lanzaron-el-iguazu-run-de-la-selva-que-se-realizara-noviembre\/\" \/>\n<meta property=\"og:locale\" content=\"es_ES\" \/>\n<meta property=\"og:type\" content=\"article\" \/>\n<meta property=\"og:title\" content=\"Lanzaron el \u201cIguaz\u00fa Run de la Selva\u201d que se realizar\u00e1 noviembre | CVI NOTICIAS\" \/>\n<meta property=\"og:description\" content=\"El domingo 6 de noviembre se realizar\u00e1 la segunda edici\u00f3n de \u201cIguaz\u00fa Run de la Selva\u201d, en el inicio de la semana de las celebraciones por un nuevo aniversario de la declaraci\u00f3n como una de las 7 Maravillas Naturales del Mundo a las Cataratas del Iguaz\u00fa. El a\u00f1o pasado, aun con las restricciones de la [&hellip;]\" \/>\n<meta property=\"og:url\" content=\"https:\/\/cvinoticias.com\/v3\/lanzaron-el-iguazu-run-de-la-selva-que-se-realizara-noviembre\/\" \/>\n<meta property=\"og:site_name\" content=\"CVI NOTICIAS\" \/>\n<meta property=\"article:publisher\" content=\"https:\/\/www.facebook.com\/cvinoticias\" \/>\n<meta property=\"article:published_time\" content=\"2022-09-16T03:25:07+00:00\" \/>\n<meta property=\"og:image\" content=\"https:\/\/cvinoticias.com\/wp-content\/uploads\/2022\/09\/Screenshot_20220915-224314_Facebook.jpg\" \/>\n\t<meta property=\"og:image:width\" content=\"1080\" \/>\n\t<meta property=\"og:image:height\" content=\"1008\" \/>\n\t<meta property=\"og:image:type\" content=\"image\/jpeg\" \/>\n<meta name=\"author\" content=\"f1000024\" \/>\n<meta name=\"twitter:card\" content=\"summary_large_image\" \/>\n<meta name=\"twitter:label1\" content=\"Escrito por\" \/>\n\t<meta name=\"twitter:data1\" content=\"f1000024\" \/>\n\t<meta name=\"twitter:label2\" content=\"Tiempo de lectura\" \/>\n\t<meta name=\"twitter:data2\" content=\"2 minutos\" \/>\n<script type=\"application\/ld+json\" class=\"yoast-schema-graph\">{\"@context\":\"https:\\\/\\\/schema.org\",\"@graph\":[{\"@type\":\"Article\",\"@id\":\"https:\\\/\\\/cvinoticias.com\\\/v3\\\/lanzaron-el-iguazu-run-de-la-selva-que-se-realizara-noviembre\\\/#article\",\"isPartOf\":{\"@id\":\"https:\\\/\\\/cvinoticias.com\\\/v3\\\/lanzaron-el-iguazu-run-de-la-selva-que-se-realizara-noviembre\\\/\"},\"author\":{\"name\":\"f1000024\",\"@id\":\"https:\\\/\\\/cvinoticias.com\\\/v3\\\/#\\\/schema\\\/person\\\/2db77e3c6bc03c538495d7b2b8be9b66\"},\"headline\":\"Lanzaron el \u201cIguaz\u00fa Run de la Selva\u201d que se realizar\u00e1 noviembre\",\"datePublished\":\"2022-09-16T03:25:07+00:00\",\"mainEntityOfPage\":{\"@id\":\"https:\\\/\\\/cvinoticias.com\\\/v3\\\/lanzaron-el-iguazu-run-de-la-selva-que-se-realizara-noviembre\\\/\"},\"wordCount\":438,\"commentCount\":0,\"publisher\":{\"@id\":\"https:\\\/\\\/cvinoticias.com\\\/v3\\\/#organization\"},\"image\":{\"@id\":\"https:\\\/\\\/cvinoticias.com\\\/v3\\\/lanzaron-el-iguazu-run-de-la-selva-que-se-realizara-noviembre\\\/#primaryimage\"},\"thumbnailUrl\":\"https:\\\/\\\/cvinoticias.com\\\/wp-content\\\/uploads\\\/2022\\\/09\\\/Screenshot_20220915-224314_Facebook.jpg\",\"articleSection\":[\"Locales\"],\"inLanguage\":\"es\",\"potentialAction\":[{\"@type\":\"CommentAction\",\"name\":\"Comment\",\"target\":[\"https:\\\/\\\/cvinoticias.com\\\/v3\\\/lanzaron-el-iguazu-run-de-la-selva-que-se-realizara-noviembre\\\/#respond\"]}]},{\"@type\":\"WebPage\",\"@id\":\"https:\\\/\\\/cvinoticias.com\\\/v3\\\/lanzaron-el-iguazu-run-de-la-selva-que-se-realizara-noviembre\\\/\",\"url\":\"https:\\\/\\\/cvinoticias.com\\\/v3\\\/lanzaron-el-iguazu-run-de-la-selva-que-se-realizara-noviembre\\\/\",\"name\":\"Lanzaron el \u201cIguaz\u00fa Run de la Selva\u201d que se realizar\u00e1 noviembre | CVI NOTICIAS\",\"isPartOf\":{\"@id\":\"https:\\\/\\\/cvinoticias.com\\\/v3\\\/#website\"},\"primaryImageOfPage\":{\"@id\":\"https:\\\/\\\/cvinoticias.com\\\/v3\\\/lanzaron-el-iguazu-run-de-la-selva-que-se-realizara-noviembre\\\/#primaryimage\"},\"image\":{\"@id\":\"https:\\\/\\\/cvinoticias.com\\\/v3\\\/lanzaron-el-iguazu-run-de-la-selva-que-se-realizara-noviembre\\\/#primaryimage\"},\"thumbnailUrl\":\"https:\\\/\\\/cvinoticias.com\\\/wp-content\\\/uploads\\\/2022\\\/09\\\/Screenshot_20220915-224314_Facebook.jpg\",\"datePublished\":\"2022-09-16T03:25:07+00:00\",\"breadcrumb\":{\"@id\":\"https:\\\/\\\/cvinoticias.com\\\/v3\\\/lanzaron-el-iguazu-run-de-la-selva-que-se-realizara-noviembre\\\/#breadcrumb\"},\"inLanguage\":\"es\",\"potentialAction\":[{\"@type\":\"ReadAction\",\"target\":[\"https:\\\/\\\/cvinoticias.com\\\/v3\\\/lanzaron-el-iguazu-run-de-la-selva-que-se-realizara-noviembre\\\/\"]}]},{\"@type\":\"ImageObject\",\"inLanguage\":\"es\",\"@id\":\"https:\\\/\\\/cvinoticias.com\\\/v3\\\/lanzaron-el-iguazu-run-de-la-selva-que-se-realizara-noviembre\\\/#primaryimage\",\"url\":\"https:\\\/\\\/cvinoticias.com\\\/wp-content\\\/uploads\\\/2022\\\/09\\\/Screenshot_20220915-224314_Facebook.jpg\",\"contentUrl\":\"https:\\\/\\\/cvinoticias.com\\\/wp-content\\\/uploads\\\/2022\\\/09\\\/Screenshot_20220915-224314_Facebook.jpg\",\"width\":1080,\"height\":1008},{\"@type\":\"BreadcrumbList\",\"@id\":\"https:\\\/\\\/cvinoticias.com\\\/v3\\\/lanzaron-el-iguazu-run-de-la-selva-que-se-realizara-noviembre\\\/#breadcrumb\",\"itemListElement\":[{\"@type\":\"ListItem\",\"position\":1,\"name\":\"Portada\",\"item\":\"https:\\\/\\\/cvinoticias.com\\\/v3\\\/\"},{\"@type\":\"ListItem\",\"position\":2,\"name\":\"Lanzaron el \u201cIguaz\u00fa Run de la Selva\u201d que se realizar\u00e1 noviembre\"}]},{\"@type\":\"WebSite\",\"@id\":\"https:\\\/\\\/cvinoticias.com\\\/v3\\\/#website\",\"url\":\"https:\\\/\\\/cvinoticias.com\\\/v3\\\/\",\"name\":\"CVI NOTICIAS\",\"description\":\"\",\"publisher\":{\"@id\":\"https:\\\/\\\/cvinoticias.com\\\/v3\\\/#organization\"},\"alternateName\":\"CVI\",\"potentialAction\":[{\"@type\":\"SearchAction\",\"target\":{\"@type\":\"EntryPoint\",\"urlTemplate\":\"https:\\\/\\\/cvinoticias.com\\\/v3\\\/?s={search_term_string}\"},\"query-input\":{\"@type\":\"PropertyValueSpecification\",\"valueRequired\":true,\"valueName\":\"search_term_string\"}}],\"inLanguage\":\"es\"},{\"@type\":\"Organization\",\"@id\":\"https:\\\/\\\/cvinoticias.com\\\/v3\\\/#organization\",\"name\":\"CVI NOTICIAS\",\"url\":\"https:\\\/\\\/cvinoticias.com\\\/v3\\\/\",\"logo\":{\"@type\":\"ImageObject\",\"inLanguage\":\"es\",\"@id\":\"https:\\\/\\\/cvinoticias.com\\\/v3\\\/#\\\/schema\\\/logo\\\/image\\\/\",\"url\":\"https:\\\/\\\/cvinoticias.com\\\/wp-content\\\/uploads\\\/2023\\\/04\\\/cropped-cropped-cropped-cropped-cropped-3-1.png\",\"contentUrl\":\"https:\\\/\\\/cvinoticias.com\\\/wp-content\\\/uploads\\\/2023\\\/04\\\/cropped-cropped-cropped-cropped-cropped-3-1.png\",\"width\":95,\"height\":122,\"caption\":\"CVI NOTICIAS\"},\"image\":{\"@id\":\"https:\\\/\\\/cvinoticias.com\\\/v3\\\/#\\\/schema\\\/logo\\\/image\\\/\"},\"sameAs\":[\"https:\\\/\\\/www.facebook.com\\\/cvinoticias\",\"https:\\\/\\\/www.instagram.com\\\/cvinoticias\\\/\",\"https:\\\/\\\/www.youtube.com\\\/@CVINOTICIAS\"]},{\"@type\":\"Person\",\"@id\":\"https:\\\/\\\/cvinoticias.com\\\/v3\\\/#\\\/schema\\\/person\\\/2db77e3c6bc03c538495d7b2b8be9b66\",\"name\":\"f1000024\",\"image\":{\"@type\":\"ImageObject\",\"inLanguage\":\"es\",\"@id\":\"https:\\\/\\\/secure.gravatar.com\\\/avatar\\\/d4fe7459cfc51ff5129ce1a732bbef5928568b8092d412ef95611616376bbeed?s=96&d=mm&r=g\",\"url\":\"https:\\\/\\\/secure.gravatar.com\\\/avatar\\\/d4fe7459cfc51ff5129ce1a732bbef5928568b8092d412ef95611616376bbeed?s=96&d=mm&r=g\",\"contentUrl\":\"https:\\\/\\\/secure.gravatar.com\\\/avatar\\\/d4fe7459cfc51ff5129ce1a732bbef5928568b8092d412ef95611616376bbeed?s=96&d=mm&r=g\",\"caption\":\"f1000024\"},\"url\":\"https:\\\/\\\/cvinoticias.com\\\/v3\\\/author\\\/f1000024\\\/\"}]}<\/script>\n<!-- \/ Yoast SEO plugin. -->","yoast_head_json":{"title":"Lanzaron el \u201cIguaz\u00fa Run de la Selva\u201d que se realizar\u00e1 noviembre | CVI NOTICIAS","robots":{"index":"index","follow":"follow","max-snippet":"max-snippet:-1","max-image-preview":"max-image-preview:large","max-video-preview":"max-video-preview:-1"},"canonical":"https:\/\/cvinoticias.com\/v3\/lanzaron-el-iguazu-run-de-la-selva-que-se-realizara-noviembre\/","og_locale":"es_ES","og_type":"article","og_title":"Lanzaron el \u201cIguaz\u00fa Run de la Selva\u201d que se realizar\u00e1 noviembre | CVI NOTICIAS","og_description":"El domingo 6 de noviembre se realizar\u00e1 la segunda edici\u00f3n de \u201cIguaz\u00fa Run de la Selva\u201d, en el inicio de la semana de las celebraciones por un nuevo aniversario de la declaraci\u00f3n como una de las 7 Maravillas Naturales del Mundo a las Cataratas del Iguaz\u00fa. El a\u00f1o pasado, aun con las restricciones de la [&hellip;]","og_url":"https:\/\/cvinoticias.com\/v3\/lanzaron-el-iguazu-run-de-la-selva-que-se-realizara-noviembre\/","og_site_name":"CVI NOTICIAS","article_publisher":"https:\/\/www.facebook.com\/cvinoticias","article_published_time":"2022-09-16T03:25:07+00:00","og_image":[{"width":1080,"height":1008,"url":"https:\/\/cvinoticias.com\/wp-content\/uploads\/2022\/09\/Screenshot_20220915-224314_Facebook.jpg","type":"image\/jpeg"}],"author":"f1000024","twitter_card":"summary_large_image","twitter_misc":{"Escrito por":"f1000024","Tiempo de lectura":"2 minutos"},"schema":{"@context":"https:\/\/schema.org","@graph":[{"@type":"Article","@id":"https:\/\/cvinoticias.com\/v3\/lanzaron-el-iguazu-run-de-la-selva-que-se-realizara-noviembre\/#article","isPartOf":{"@id":"https:\/\/cvinoticias.com\/v3\/lanzaron-el-iguazu-run-de-la-selva-que-se-realizara-noviembre\/"},"author":{"name":"f1000024","@id":"https:\/\/cvinoticias.com\/v3\/#\/schema\/person\/2db77e3c6bc03c538495d7b2b8be9b66"},"headline":"Lanzaron el \u201cIguaz\u00fa Run de la Selva\u201d que se realizar\u00e1 noviembre","datePublished":"2022-09-16T03:25:07+00:00","mainEntityOfPage":{"@id":"https:\/\/cvinoticias.com\/v3\/lanzaron-el-iguazu-run-de-la-selva-que-se-realizara-noviembre\/"},"wordCount":438,"commentCount":0,"publisher":{"@id":"https:\/\/cvinoticias.com\/v3\/#organization"},"image":{"@id":"https:\/\/cvinoticias.com\/v3\/lanzaron-el-iguazu-run-de-la-selva-que-se-realizara-noviembre\/#primaryimage"},"thumbnailUrl":"https:\/\/cvinoticias.com\/wp-content\/uploads\/2022\/09\/Screenshot_20220915-224314_Facebook.jpg","articleSection":["Locales"],"inLanguage":"es","potentialAction":[{"@type":"CommentAction","name":"Comment","target":["https:\/\/cvinoticias.com\/v3\/lanzaron-el-iguazu-run-de-la-selva-que-se-realizara-noviembre\/#respond"]}]},{"@type":"WebPage","@id":"https:\/\/cvinoticias.com\/v3\/lanzaron-el-iguazu-run-de-la-selva-que-se-realizara-noviembre\/","url":"https:\/\/cvinoticias.com\/v3\/lanzaron-el-iguazu-run-de-la-selva-que-se-realizara-noviembre\/","name":"Lanzaron el \u201cIguaz\u00fa Run de la Selva\u201d que se realizar\u00e1 noviembre | CVI NOTICIAS","isPartOf":{"@id":"https:\/\/cvinoticias.com\/v3\/#website"},"primaryImageOfPage":{"@id":"https:\/\/cvinoticias.com\/v3\/lanzaron-el-iguazu-run-de-la-selva-que-se-realizara-noviembre\/#primaryimage"},"image":{"@id":"https:\/\/cvinoticias.com\/v3\/lanzaron-el-iguazu-run-de-la-selva-que-se-realizara-noviembre\/#primaryimage"},"thumbnailUrl":"https:\/\/cvinoticias.com\/wp-content\/uploads\/2022\/09\/Screenshot_20220915-224314_Facebook.jpg","datePublished":"2022-09-16T03:25:07+00:00","breadcrumb":{"@id":"https:\/\/cvinoticias.com\/v3\/lanzaron-el-iguazu-run-de-la-selva-que-se-realizara-noviembre\/#breadcrumb"},"inLanguage":"es","potentialAction":[{"@type":"ReadAction","target":["https:\/\/cvinoticias.com\/v3\/lanzaron-el-iguazu-run-de-la-selva-que-se-realizara-noviembre\/"]}]},{"@type":"ImageObject","inLanguage":"es","@id":"https:\/\/cvinoticias.com\/v3\/lanzaron-el-iguazu-run-de-la-selva-que-se-realizara-noviembre\/#primaryimage","url":"https:\/\/cvinoticias.com\/wp-content\/uploads\/2022\/09\/Screenshot_20220915-224314_Facebook.jpg","contentUrl":"https:\/\/cvinoticias.com\/wp-content\/uploads\/2022\/09\/Screenshot_20220915-224314_Facebook.jpg","width":1080,"height":1008},{"@type":"BreadcrumbList","@id":"https:\/\/cvinoticias.com\/v3\/lanzaron-el-iguazu-run-de-la-selva-que-se-realizara-noviembre\/#breadcrumb","itemListElement":[{"@type":"ListItem","position":1,"name":"Portada","item":"https:\/\/cvinoticias.com\/v3\/"},{"@type":"ListItem","position":2,"name":"Lanzaron el \u201cIguaz\u00fa Run de la Selva\u201d que se realizar\u00e1 noviembre"}]},{"@type":"WebSite","@id":"https:\/\/cvinoticias.com\/v3\/#website","url":"https:\/\/cvinoticias.com\/v3\/","name":"CVI NOTICIAS","description":"","publisher":{"@id":"https:\/\/cvinoticias.com\/v3\/#organization"},"alternateName":"CVI","potentialAction":[{"@type":"SearchAction","target":{"@type":"EntryPoint","urlTemplate":"https:\/\/cvinoticias.com\/v3\/?s={search_term_string}"},"query-input":{"@type":"PropertyValueSpecification","valueRequired":true,"valueName":"search_term_string"}}],"inLanguage":"es"},{"@type":"Organization","@id":"https:\/\/cvinoticias.com\/v3\/#organization","name":"CVI NOTICIAS","url":"https:\/\/cvinoticias.com\/v3\/","logo":{"@type":"ImageObject","inLanguage":"es","@id":"https:\/\/cvinoticias.com\/v3\/#\/schema\/logo\/image\/","url":"https:\/\/cvinoticias.com\/wp-content\/uploads\/2023\/04\/cropped-cropped-cropped-cropped-cropped-3-1.png","contentUrl":"https:\/\/cvinoticias.com\/wp-content\/uploads\/2023\/04\/cropped-cropped-cropped-cropped-cropped-3-1.png","width":95,"height":122,"caption":"CVI NOTICIAS"},"image":{"@id":"https:\/\/cvinoticias.com\/v3\/#\/schema\/logo\/image\/"},"sameAs":["https:\/\/www.facebook.com\/cvinoticias","https:\/\/www.instagram.com\/cvinoticias\/","https:\/\/www.youtube.com\/@CVINOTICIAS"]},{"@type":"Person","@id":"https:\/\/cvinoticias.com\/v3\/#\/schema\/person\/2db77e3c6bc03c538495d7b2b8be9b66","name":"f1000024","image":{"@type":"ImageObject","inLanguage":"es","@id":"https:\/\/secure.gravatar.com\/avatar\/d4fe7459cfc51ff5129ce1a732bbef5928568b8092d412ef95611616376bbeed?s=96&d=mm&r=g","url":"https:\/\/secure.gravatar.com\/avatar\/d4fe7459cfc51ff5129ce1a732bbef5928568b8092d412ef95611616376bbeed?s=96&d=mm&r=g","contentUrl":"https:\/\/secure.gravatar.com\/avatar\/d4fe7459cfc51ff5129ce1a732bbef5928568b8092d412ef95611616376bbeed?s=96&d=mm&r=g","caption":"f1000024"},"url":"https:\/\/cvinoticias.com\/v3\/author\/f1000024\/"}]}},"_links":{"self":[{"href":"https:\/\/cvinoticias.com\/v3\/wp-json\/wp\/v2\/posts\/19247","targetHints":{"allow":["GET"]}}],"collection":[{"href":"https:\/\/cvinoticias.com\/v3\/wp-json\/wp\/v2\/posts"}],"about":[{"href":"https:\/\/cvinoticias.com\/v3\/wp-json\/wp\/v2\/types\/post"}],"author":[{"embeddable":true,"href":"https:\/\/cvinoticias.com\/v3\/wp-json\/wp\/v2\/users\/2"}],"replies":[{"embeddable":true,"href":"https:\/\/cvinoticias.com\/v3\/wp-json\/wp\/v2\/comments?post=19247"}],"version-history":[{"count":1,"href":"https:\/\/cvinoticias.com\/v3\/wp-json\/wp\/v2\/posts\/19247\/revisions"}],"predecessor-version":[{"id":19249,"href":"https:\/\/cvinoticias.com\/v3\/wp-json\/wp\/v2\/posts\/19247\/revisions\/19249"}],"wp:featuredmedia":[{"embeddable":true,"href":"https:\/\/cvinoticias.com\/v3\/wp-json\/wp\/v2\/media\/19248"}],"wp:attachment":[{"href":"https:\/\/cvinoticias.com\/v3\/wp-json\/wp\/v2\/media?parent=19247"}],"wp:term":[{"taxonomy":"category","embeddable":true,"href":"https:\/\/cvinoticias.com\/v3\/wp-json\/wp\/v2\/categories?post=19247"},{"taxonomy":"post_tag","embeddable":true,"href":"https:\/\/cvinoticias.com\/v3\/wp-json\/wp\/v2\/tags?post=19247"}],"curies":[{"name":"wp","href":"https:\/\/api.w.org\/{rel}","templated":true}]}}