{"id":1923,"date":"2021-01-21T17:57:00","date_gmt":"2021-01-21T17:57:00","guid":{"rendered":"https:\/\/cvinoticias.com\/v3\/?p=1923"},"modified":"2021-01-21T17:57:00","modified_gmt":"2021-01-21T17:57:00","slug":"internos-del-complejo-penitenciario-iii-de-eldorado-realizaron-un-sagrario-de-madera","status":"publish","type":"post","link":"https:\/\/cvinoticias.com\/v3\/internos-del-complejo-penitenciario-iii-de-eldorado-realizaron-un-sagrario-de-madera\/","title":{"rendered":"Internos del Complejo Penitenciario III de Eldorado, realizaron un Sagrario de madera"},"content":{"rendered":"\n<p><strong><em>Internos del Complejo Penitenciario III de Eldorado, realizaron un Sagrario (lugar donde se guardan las hostias), que ser\u00e1 destinado para la Iglesia San Antonio de esa localidad.<\/em><\/strong><\/p>\n\n\n\n<p>En un trabajo artesanal, sumamente delicado, los internos realizaron el sagrario en madera, la cual la tallaron a mano, hasta obtener la obra de arte. El mismo fue entregado por los directivos del Complejo Penitenciario al P\u00e1rroco Carmelo Di Prieto.<\/p>\n\n\n\n<p>Tambi\u00e9n particip\u00f3 de la entrega el Di\u00e1cono del Complejo, Hugo Snarriga.<\/p>\n\n\n\n<p>Gentileza Complejo Penitenciaria III<\/p>\n\n\n\n<figure class=\"wp-block-image size-large\"><a href=\"https:\/\/cvinoticias.com\/wp-content\/uploads\/2021\/01\/FB_IMG_1611251313859.jpg\"><img decoding=\"async\" width=\"1024\" height=\"768\" data-src=\"https:\/\/cvinoticias.com\/wp-content\/uploads\/2021\/01\/FB_IMG_1611251313859-1024x768.jpg\" alt=\"\" class=\"wp-image-1924 lazyload\" data-srcset=\"https:\/\/cvinoticias.com\/wp-content\/uploads\/2021\/01\/FB_IMG_1611251313859-1024x768.jpg 1024w, https:\/\/cvinoticias.com\/wp-content\/uploads\/2021\/01\/FB_IMG_1611251313859-300x225.jpg 300w, https:\/\/cvinoticias.com\/wp-content\/uploads\/2021\/01\/FB_IMG_1611251313859-768x576.jpg 768w, https:\/\/cvinoticias.com\/wp-content\/uploads\/2021\/01\/FB_IMG_1611251313859.jpg 1040w\" data-sizes=\"(max-width: 1024px) 100vw, 1024px\" src=\"data:image\/svg+xml;base64,PHN2ZyB3aWR0aD0iMSIgaGVpZ2h0PSIxIiB4bWxucz0iaHR0cDovL3d3dy53My5vcmcvMjAwMC9zdmciPjwvc3ZnPg==\" style=\"--smush-placeholder-width: 1024px; --smush-placeholder-aspect-ratio: 1024\/768;\" \/><\/a><\/figure>\n","protected":false},"excerpt":{"rendered":"<p>Internos del Complejo Penitenciario III de Eldorado, realizaron un Sagrario (lugar donde se guardan las hostias), que ser\u00e1 destinado para la Iglesia San Antonio de esa localidad. En un trabajo artesanal, sumamente delicado, los internos realizaron el sagrario en madera, la cual la tallaron a mano, hasta obtener la obra de arte. El mismo fue [&hellip;]<\/p>\n","protected":false},"author":2,"featured_media":1925,"comment_status":"open","ping_status":"open","sticky":false,"template":"","format":"standard","meta":{"footnotes":""},"categories":[35],"tags":[],"class_list":["post-1923","post","type-post","status-publish","format-standard","has-post-thumbnail","hentry","category-informacion-general"],"yoast_head":"<!-- This site is optimized with the Yoast SEO plugin v27.5 - https:\/\/yoast.com\/product\/yoast-seo-wordpress\/ -->\n<title>Internos del Complejo Penitenciario III de Eldorado, realizaron un Sagrario de madera | CVI NOTICIAS<\/title>\n<meta name=\"robots\" content=\"index, follow, max-snippet:-1, max-image-preview:large, max-video-preview:-1\" \/>\n<link rel=\"canonical\" href=\"https:\/\/cvinoticias.com\/v3\/internos-del-complejo-penitenciario-iii-de-eldorado-realizaron-un-sagrario-de-madera\/\" \/>\n<meta property=\"og:locale\" content=\"es_ES\" \/>\n<meta property=\"og:type\" content=\"article\" \/>\n<meta property=\"og:title\" content=\"Internos del Complejo Penitenciario III de Eldorado, realizaron un Sagrario de madera | CVI NOTICIAS\" \/>\n<meta property=\"og:description\" content=\"Internos del Complejo Penitenciario III de Eldorado, realizaron un Sagrario (lugar donde se guardan las hostias), que ser\u00e1 destinado para la Iglesia San Antonio de esa localidad. En un trabajo artesanal, sumamente delicado, los internos realizaron el sagrario en madera, la cual la tallaron a mano, hasta obtener la obra de arte. El mismo fue [&hellip;]\" \/>\n<meta property=\"og:url\" content=\"https:\/\/cvinoticias.com\/v3\/internos-del-complejo-penitenciario-iii-de-eldorado-realizaron-un-sagrario-de-madera\/\" \/>\n<meta property=\"og:site_name\" content=\"CVI NOTICIAS\" \/>\n<meta property=\"article:publisher\" content=\"https:\/\/www.facebook.com\/cvinoticias\" \/>\n<meta property=\"article:published_time\" content=\"2021-01-21T17:57:00+00:00\" \/>\n<meta property=\"og:image\" content=\"https:\/\/cvinoticias.com\/wp-content\/uploads\/2021\/01\/FB_IMG_1611251317793.jpg\" \/>\n\t<meta property=\"og:image:width\" content=\"1040\" \/>\n\t<meta property=\"og:image:height\" content=\"780\" \/>\n\t<meta property=\"og:image:type\" content=\"image\/jpeg\" \/>\n<meta name=\"author\" content=\"f1000024\" \/>\n<meta name=\"twitter:card\" content=\"summary_large_image\" \/>\n<meta name=\"twitter:label1\" content=\"Escrito por\" \/>\n\t<meta name=\"twitter:data1\" content=\"f1000024\" \/>\n<script type=\"application\/ld+json\" class=\"yoast-schema-graph\">{\"@context\":\"https:\\\/\\\/schema.org\",\"@graph\":[{\"@type\":\"Article\",\"@id\":\"https:\\\/\\\/cvinoticias.com\\\/v3\\\/internos-del-complejo-penitenciario-iii-de-eldorado-realizaron-un-sagrario-de-madera\\\/#article\",\"isPartOf\":{\"@id\":\"https:\\\/\\\/cvinoticias.com\\\/v3\\\/internos-del-complejo-penitenciario-iii-de-eldorado-realizaron-un-sagrario-de-madera\\\/\"},\"author\":{\"name\":\"f1000024\",\"@id\":\"https:\\\/\\\/cvinoticias.com\\\/v3\\\/#\\\/schema\\\/person\\\/2db77e3c6bc03c538495d7b2b8be9b66\"},\"headline\":\"Internos del Complejo Penitenciario III de Eldorado, realizaron un Sagrario de madera\",\"datePublished\":\"2021-01-21T17:57:00+00:00\",\"mainEntityOfPage\":{\"@id\":\"https:\\\/\\\/cvinoticias.com\\\/v3\\\/internos-del-complejo-penitenciario-iii-de-eldorado-realizaron-un-sagrario-de-madera\\\/\"},\"wordCount\":97,\"commentCount\":0,\"publisher\":{\"@id\":\"https:\\\/\\\/cvinoticias.com\\\/v3\\\/#organization\"},\"image\":{\"@id\":\"https:\\\/\\\/cvinoticias.com\\\/v3\\\/internos-del-complejo-penitenciario-iii-de-eldorado-realizaron-un-sagrario-de-madera\\\/#primaryimage\"},\"thumbnailUrl\":\"https:\\\/\\\/cvinoticias.com\\\/wp-content\\\/uploads\\\/2021\\\/01\\\/FB_IMG_1611251317793.jpg\",\"articleSection\":[\"Informaci\u00f3n General\"],\"inLanguage\":\"es\",\"potentialAction\":[{\"@type\":\"CommentAction\",\"name\":\"Comment\",\"target\":[\"https:\\\/\\\/cvinoticias.com\\\/v3\\\/internos-del-complejo-penitenciario-iii-de-eldorado-realizaron-un-sagrario-de-madera\\\/#respond\"]}]},{\"@type\":\"WebPage\",\"@id\":\"https:\\\/\\\/cvinoticias.com\\\/v3\\\/internos-del-complejo-penitenciario-iii-de-eldorado-realizaron-un-sagrario-de-madera\\\/\",\"url\":\"https:\\\/\\\/cvinoticias.com\\\/v3\\\/internos-del-complejo-penitenciario-iii-de-eldorado-realizaron-un-sagrario-de-madera\\\/\",\"name\":\"Internos del Complejo Penitenciario III de Eldorado, realizaron un Sagrario de madera | CVI NOTICIAS\",\"isPartOf\":{\"@id\":\"https:\\\/\\\/cvinoticias.com\\\/v3\\\/#website\"},\"primaryImageOfPage\":{\"@id\":\"https:\\\/\\\/cvinoticias.com\\\/v3\\\/internos-del-complejo-penitenciario-iii-de-eldorado-realizaron-un-sagrario-de-madera\\\/#primaryimage\"},\"image\":{\"@id\":\"https:\\\/\\\/cvinoticias.com\\\/v3\\\/internos-del-complejo-penitenciario-iii-de-eldorado-realizaron-un-sagrario-de-madera\\\/#primaryimage\"},\"thumbnailUrl\":\"https:\\\/\\\/cvinoticias.com\\\/wp-content\\\/uploads\\\/2021\\\/01\\\/FB_IMG_1611251317793.jpg\",\"datePublished\":\"2021-01-21T17:57:00+00:00\",\"breadcrumb\":{\"@id\":\"https:\\\/\\\/cvinoticias.com\\\/v3\\\/internos-del-complejo-penitenciario-iii-de-eldorado-realizaron-un-sagrario-de-madera\\\/#breadcrumb\"},\"inLanguage\":\"es\",\"potentialAction\":[{\"@type\":\"ReadAction\",\"target\":[\"https:\\\/\\\/cvinoticias.com\\\/v3\\\/internos-del-complejo-penitenciario-iii-de-eldorado-realizaron-un-sagrario-de-madera\\\/\"]}]},{\"@type\":\"ImageObject\",\"inLanguage\":\"es\",\"@id\":\"https:\\\/\\\/cvinoticias.com\\\/v3\\\/internos-del-complejo-penitenciario-iii-de-eldorado-realizaron-un-sagrario-de-madera\\\/#primaryimage\",\"url\":\"https:\\\/\\\/cvinoticias.com\\\/wp-content\\\/uploads\\\/2021\\\/01\\\/FB_IMG_1611251317793.jpg\",\"contentUrl\":\"https:\\\/\\\/cvinoticias.com\\\/wp-content\\\/uploads\\\/2021\\\/01\\\/FB_IMG_1611251317793.jpg\",\"width\":1040,\"height\":780},{\"@type\":\"BreadcrumbList\",\"@id\":\"https:\\\/\\\/cvinoticias.com\\\/v3\\\/internos-del-complejo-penitenciario-iii-de-eldorado-realizaron-un-sagrario-de-madera\\\/#breadcrumb\",\"itemListElement\":[{\"@type\":\"ListItem\",\"position\":1,\"name\":\"Portada\",\"item\":\"https:\\\/\\\/cvinoticias.com\\\/v3\\\/\"},{\"@type\":\"ListItem\",\"position\":2,\"name\":\"Internos del Complejo Penitenciario III de Eldorado, realizaron un Sagrario de madera\"}]},{\"@type\":\"WebSite\",\"@id\":\"https:\\\/\\\/cvinoticias.com\\\/v3\\\/#website\",\"url\":\"https:\\\/\\\/cvinoticias.com\\\/v3\\\/\",\"name\":\"CVI NOTICIAS\",\"description\":\"\",\"publisher\":{\"@id\":\"https:\\\/\\\/cvinoticias.com\\\/v3\\\/#organization\"},\"alternateName\":\"CVI\",\"potentialAction\":[{\"@type\":\"SearchAction\",\"target\":{\"@type\":\"EntryPoint\",\"urlTemplate\":\"https:\\\/\\\/cvinoticias.com\\\/v3\\\/?s={search_term_string}\"},\"query-input\":{\"@type\":\"PropertyValueSpecification\",\"valueRequired\":true,\"valueName\":\"search_term_string\"}}],\"inLanguage\":\"es\"},{\"@type\":\"Organization\",\"@id\":\"https:\\\/\\\/cvinoticias.com\\\/v3\\\/#organization\",\"name\":\"CVI NOTICIAS\",\"url\":\"https:\\\/\\\/cvinoticias.com\\\/v3\\\/\",\"logo\":{\"@type\":\"ImageObject\",\"inLanguage\":\"es\",\"@id\":\"https:\\\/\\\/cvinoticias.com\\\/v3\\\/#\\\/schema\\\/logo\\\/image\\\/\",\"url\":\"https:\\\/\\\/cvinoticias.com\\\/wp-content\\\/uploads\\\/2023\\\/04\\\/cropped-cropped-cropped-cropped-cropped-3-1.png\",\"contentUrl\":\"https:\\\/\\\/cvinoticias.com\\\/wp-content\\\/uploads\\\/2023\\\/04\\\/cropped-cropped-cropped-cropped-cropped-3-1.png\",\"width\":95,\"height\":122,\"caption\":\"CVI NOTICIAS\"},\"image\":{\"@id\":\"https:\\\/\\\/cvinoticias.com\\\/v3\\\/#\\\/schema\\\/logo\\\/image\\\/\"},\"sameAs\":[\"https:\\\/\\\/www.facebook.com\\\/cvinoticias\",\"https:\\\/\\\/www.instagram.com\\\/cvinoticias\\\/\",\"https:\\\/\\\/www.youtube.com\\\/@CVINOTICIAS\"]},{\"@type\":\"Person\",\"@id\":\"https:\\\/\\\/cvinoticias.com\\\/v3\\\/#\\\/schema\\\/person\\\/2db77e3c6bc03c538495d7b2b8be9b66\",\"name\":\"f1000024\",\"image\":{\"@type\":\"ImageObject\",\"inLanguage\":\"es\",\"@id\":\"https:\\\/\\\/secure.gravatar.com\\\/avatar\\\/d4fe7459cfc51ff5129ce1a732bbef5928568b8092d412ef95611616376bbeed?s=96&d=mm&r=g\",\"url\":\"https:\\\/\\\/secure.gravatar.com\\\/avatar\\\/d4fe7459cfc51ff5129ce1a732bbef5928568b8092d412ef95611616376bbeed?s=96&d=mm&r=g\",\"contentUrl\":\"https:\\\/\\\/secure.gravatar.com\\\/avatar\\\/d4fe7459cfc51ff5129ce1a732bbef5928568b8092d412ef95611616376bbeed?s=96&d=mm&r=g\",\"caption\":\"f1000024\"},\"url\":\"https:\\\/\\\/cvinoticias.com\\\/v3\\\/author\\\/f1000024\\\/\"}]}<\/script>\n<!-- \/ Yoast SEO plugin. -->","yoast_head_json":{"title":"Internos del Complejo Penitenciario III de Eldorado, realizaron un Sagrario de madera | CVI NOTICIAS","robots":{"index":"index","follow":"follow","max-snippet":"max-snippet:-1","max-image-preview":"max-image-preview:large","max-video-preview":"max-video-preview:-1"},"canonical":"https:\/\/cvinoticias.com\/v3\/internos-del-complejo-penitenciario-iii-de-eldorado-realizaron-un-sagrario-de-madera\/","og_locale":"es_ES","og_type":"article","og_title":"Internos del Complejo Penitenciario III de Eldorado, realizaron un Sagrario de madera | CVI NOTICIAS","og_description":"Internos del Complejo Penitenciario III de Eldorado, realizaron un Sagrario (lugar donde se guardan las hostias), que ser\u00e1 destinado para la Iglesia San Antonio de esa localidad. En un trabajo artesanal, sumamente delicado, los internos realizaron el sagrario en madera, la cual la tallaron a mano, hasta obtener la obra de arte. El mismo fue [&hellip;]","og_url":"https:\/\/cvinoticias.com\/v3\/internos-del-complejo-penitenciario-iii-de-eldorado-realizaron-un-sagrario-de-madera\/","og_site_name":"CVI NOTICIAS","article_publisher":"https:\/\/www.facebook.com\/cvinoticias","article_published_time":"2021-01-21T17:57:00+00:00","og_image":[{"width":1040,"height":780,"url":"https:\/\/cvinoticias.com\/wp-content\/uploads\/2021\/01\/FB_IMG_1611251317793.jpg","type":"image\/jpeg"}],"author":"f1000024","twitter_card":"summary_large_image","twitter_misc":{"Escrito por":"f1000024"},"schema":{"@context":"https:\/\/schema.org","@graph":[{"@type":"Article","@id":"https:\/\/cvinoticias.com\/v3\/internos-del-complejo-penitenciario-iii-de-eldorado-realizaron-un-sagrario-de-madera\/#article","isPartOf":{"@id":"https:\/\/cvinoticias.com\/v3\/internos-del-complejo-penitenciario-iii-de-eldorado-realizaron-un-sagrario-de-madera\/"},"author":{"name":"f1000024","@id":"https:\/\/cvinoticias.com\/v3\/#\/schema\/person\/2db77e3c6bc03c538495d7b2b8be9b66"},"headline":"Internos del Complejo Penitenciario III de Eldorado, realizaron un Sagrario de madera","datePublished":"2021-01-21T17:57:00+00:00","mainEntityOfPage":{"@id":"https:\/\/cvinoticias.com\/v3\/internos-del-complejo-penitenciario-iii-de-eldorado-realizaron-un-sagrario-de-madera\/"},"wordCount":97,"commentCount":0,"publisher":{"@id":"https:\/\/cvinoticias.com\/v3\/#organization"},"image":{"@id":"https:\/\/cvinoticias.com\/v3\/internos-del-complejo-penitenciario-iii-de-eldorado-realizaron-un-sagrario-de-madera\/#primaryimage"},"thumbnailUrl":"https:\/\/cvinoticias.com\/wp-content\/uploads\/2021\/01\/FB_IMG_1611251317793.jpg","articleSection":["Informaci\u00f3n General"],"inLanguage":"es","potentialAction":[{"@type":"CommentAction","name":"Comment","target":["https:\/\/cvinoticias.com\/v3\/internos-del-complejo-penitenciario-iii-de-eldorado-realizaron-un-sagrario-de-madera\/#respond"]}]},{"@type":"WebPage","@id":"https:\/\/cvinoticias.com\/v3\/internos-del-complejo-penitenciario-iii-de-eldorado-realizaron-un-sagrario-de-madera\/","url":"https:\/\/cvinoticias.com\/v3\/internos-del-complejo-penitenciario-iii-de-eldorado-realizaron-un-sagrario-de-madera\/","name":"Internos del Complejo Penitenciario III de Eldorado, realizaron un Sagrario de madera | CVI NOTICIAS","isPartOf":{"@id":"https:\/\/cvinoticias.com\/v3\/#website"},"primaryImageOfPage":{"@id":"https:\/\/cvinoticias.com\/v3\/internos-del-complejo-penitenciario-iii-de-eldorado-realizaron-un-sagrario-de-madera\/#primaryimage"},"image":{"@id":"https:\/\/cvinoticias.com\/v3\/internos-del-complejo-penitenciario-iii-de-eldorado-realizaron-un-sagrario-de-madera\/#primaryimage"},"thumbnailUrl":"https:\/\/cvinoticias.com\/wp-content\/uploads\/2021\/01\/FB_IMG_1611251317793.jpg","datePublished":"2021-01-21T17:57:00+00:00","breadcrumb":{"@id":"https:\/\/cvinoticias.com\/v3\/internos-del-complejo-penitenciario-iii-de-eldorado-realizaron-un-sagrario-de-madera\/#breadcrumb"},"inLanguage":"es","potentialAction":[{"@type":"ReadAction","target":["https:\/\/cvinoticias.com\/v3\/internos-del-complejo-penitenciario-iii-de-eldorado-realizaron-un-sagrario-de-madera\/"]}]},{"@type":"ImageObject","inLanguage":"es","@id":"https:\/\/cvinoticias.com\/v3\/internos-del-complejo-penitenciario-iii-de-eldorado-realizaron-un-sagrario-de-madera\/#primaryimage","url":"https:\/\/cvinoticias.com\/wp-content\/uploads\/2021\/01\/FB_IMG_1611251317793.jpg","contentUrl":"https:\/\/cvinoticias.com\/wp-content\/uploads\/2021\/01\/FB_IMG_1611251317793.jpg","width":1040,"height":780},{"@type":"BreadcrumbList","@id":"https:\/\/cvinoticias.com\/v3\/internos-del-complejo-penitenciario-iii-de-eldorado-realizaron-un-sagrario-de-madera\/#breadcrumb","itemListElement":[{"@type":"ListItem","position":1,"name":"Portada","item":"https:\/\/cvinoticias.com\/v3\/"},{"@type":"ListItem","position":2,"name":"Internos del Complejo Penitenciario III de Eldorado, realizaron un Sagrario de madera"}]},{"@type":"WebSite","@id":"https:\/\/cvinoticias.com\/v3\/#website","url":"https:\/\/cvinoticias.com\/v3\/","name":"CVI NOTICIAS","description":"","publisher":{"@id":"https:\/\/cvinoticias.com\/v3\/#organization"},"alternateName":"CVI","potentialAction":[{"@type":"SearchAction","target":{"@type":"EntryPoint","urlTemplate":"https:\/\/cvinoticias.com\/v3\/?s={search_term_string}"},"query-input":{"@type":"PropertyValueSpecification","valueRequired":true,"valueName":"search_term_string"}}],"inLanguage":"es"},{"@type":"Organization","@id":"https:\/\/cvinoticias.com\/v3\/#organization","name":"CVI NOTICIAS","url":"https:\/\/cvinoticias.com\/v3\/","logo":{"@type":"ImageObject","inLanguage":"es","@id":"https:\/\/cvinoticias.com\/v3\/#\/schema\/logo\/image\/","url":"https:\/\/cvinoticias.com\/wp-content\/uploads\/2023\/04\/cropped-cropped-cropped-cropped-cropped-3-1.png","contentUrl":"https:\/\/cvinoticias.com\/wp-content\/uploads\/2023\/04\/cropped-cropped-cropped-cropped-cropped-3-1.png","width":95,"height":122,"caption":"CVI NOTICIAS"},"image":{"@id":"https:\/\/cvinoticias.com\/v3\/#\/schema\/logo\/image\/"},"sameAs":["https:\/\/www.facebook.com\/cvinoticias","https:\/\/www.instagram.com\/cvinoticias\/","https:\/\/www.youtube.com\/@CVINOTICIAS"]},{"@type":"Person","@id":"https:\/\/cvinoticias.com\/v3\/#\/schema\/person\/2db77e3c6bc03c538495d7b2b8be9b66","name":"f1000024","image":{"@type":"ImageObject","inLanguage":"es","@id":"https:\/\/secure.gravatar.com\/avatar\/d4fe7459cfc51ff5129ce1a732bbef5928568b8092d412ef95611616376bbeed?s=96&d=mm&r=g","url":"https:\/\/secure.gravatar.com\/avatar\/d4fe7459cfc51ff5129ce1a732bbef5928568b8092d412ef95611616376bbeed?s=96&d=mm&r=g","contentUrl":"https:\/\/secure.gravatar.com\/avatar\/d4fe7459cfc51ff5129ce1a732bbef5928568b8092d412ef95611616376bbeed?s=96&d=mm&r=g","caption":"f1000024"},"url":"https:\/\/cvinoticias.com\/v3\/author\/f1000024\/"}]}},"_links":{"self":[{"href":"https:\/\/cvinoticias.com\/v3\/wp-json\/wp\/v2\/posts\/1923","targetHints":{"allow":["GET"]}}],"collection":[{"href":"https:\/\/cvinoticias.com\/v3\/wp-json\/wp\/v2\/posts"}],"about":[{"href":"https:\/\/cvinoticias.com\/v3\/wp-json\/wp\/v2\/types\/post"}],"author":[{"embeddable":true,"href":"https:\/\/cvinoticias.com\/v3\/wp-json\/wp\/v2\/users\/2"}],"replies":[{"embeddable":true,"href":"https:\/\/cvinoticias.com\/v3\/wp-json\/wp\/v2\/comments?post=1923"}],"version-history":[{"count":1,"href":"https:\/\/cvinoticias.com\/v3\/wp-json\/wp\/v2\/posts\/1923\/revisions"}],"predecessor-version":[{"id":1926,"href":"https:\/\/cvinoticias.com\/v3\/wp-json\/wp\/v2\/posts\/1923\/revisions\/1926"}],"wp:featuredmedia":[{"embeddable":true,"href":"https:\/\/cvinoticias.com\/v3\/wp-json\/wp\/v2\/media\/1925"}],"wp:attachment":[{"href":"https:\/\/cvinoticias.com\/v3\/wp-json\/wp\/v2\/media?parent=1923"}],"wp:term":[{"taxonomy":"category","embeddable":true,"href":"https:\/\/cvinoticias.com\/v3\/wp-json\/wp\/v2\/categories?post=1923"},{"taxonomy":"post_tag","embeddable":true,"href":"https:\/\/cvinoticias.com\/v3\/wp-json\/wp\/v2\/tags?post=1923"}],"curies":[{"name":"wp","href":"https:\/\/api.w.org\/{rel}","templated":true}]}}