{"id":19229,"date":"2022-09-16T01:32:13","date_gmt":"2022-09-16T01:32:13","guid":{"rendered":"https:\/\/cvinoticias.com\/v3\/?p=19229"},"modified":"2022-09-16T01:32:13","modified_gmt":"2022-09-16T01:32:13","slug":"dirigentes-misioneros-junto-a-rodriguez-larreta-en-el-lanzamiento-de-prepararse-para-gobernar-un-pais-federal","status":"publish","type":"post","link":"https:\/\/cvinoticias.com\/v3\/dirigentes-misioneros-junto-a-rodriguez-larreta-en-el-lanzamiento-de-prepararse-para-gobernar-un-pais-federal\/","title":{"rendered":"Dirigentes misioneros junto a Rodr\u00edguez Larreta en el lanzamiento de \u201cPrepararse para gobernar: un pa\u00eds federal\u201d"},"content":{"rendered":"\n<p><strong><em>Bajo el lema \u201cPrepar\u00e1ndonos para gobernar: un pa\u00eds federal\u201d, el Jefe de Gobierno de la Ciudad de Buenos Aires, Horacio Rodr\u00edguez Larreta, reuni\u00f3 a 150 dirigentes pol\u00edticos de todo el pa\u00eds en un encuentro federal.<\/em><\/strong><\/p>\n\n\n\n<p>Por Misiones participaron el diputado nacional, Alfredo Schiavoni; el diputado provincial, Jorge Ratier; la diputada nacional, Florencia Klipauka; la secretaria del bloque PRO en la C\u00e1mara de Representantes, Gabriela Szyszko; y los dirigentes: Juan Mussi (secretario de equipos t\u00e9cnicos del consejo provincial del PRO), Juliana Espindola (secretaria de juventud suplente del consejo provincial del PRO), Mayra With y Vero Lunardi.<\/p>\n\n\n\n<p>La convocatoria, a cargo del diputado nacional por Mendoza Omar De Marchi, fue en la Ciudad de Buenos Aires y reuni\u00f3 a un total de 150 referentes entre senadores, diputados, intendentes, presidentes de partido y legisladores provinciales. Durante el encuentro, que cont\u00f3 con una disertaci\u00f3n a cargo del ex ministro de Econom\u00eda de la Naci\u00f3n, Hern\u00e1n Lacunza, se analiz\u00f3 la situaci\u00f3n macroecon\u00f3mica actual con el objetivo de tener un diagn\u00f3stico para continuar delineando soluciones que generen trabajo, aumenten la producci\u00f3n y expandan la capacidad exportadora de la Argentina.<\/p>\n\n\n\n<figure class=\"wp-block-image size-large\"><a href=\"https:\/\/cvinoticias.com\/wp-content\/uploads\/2022\/09\/IMG-20220915-WA0137.jpg\"><img decoding=\"async\" width=\"1024\" height=\"683\" data-src=\"https:\/\/cvinoticias.com\/wp-content\/uploads\/2022\/09\/IMG-20220915-WA0137-1024x683.jpg\" alt=\"\" class=\"wp-image-19231 lazyload\" data-srcset=\"https:\/\/cvinoticias.com\/wp-content\/uploads\/2022\/09\/IMG-20220915-WA0137-1024x683.jpg 1024w, https:\/\/cvinoticias.com\/wp-content\/uploads\/2022\/09\/IMG-20220915-WA0137-300x200.jpg 300w, https:\/\/cvinoticias.com\/wp-content\/uploads\/2022\/09\/IMG-20220915-WA0137-768x512.jpg 768w, https:\/\/cvinoticias.com\/wp-content\/uploads\/2022\/09\/IMG-20220915-WA0137.jpg 1280w\" data-sizes=\"(max-width: 1024px) 100vw, 1024px\" src=\"data:image\/svg+xml;base64,PHN2ZyB3aWR0aD0iMSIgaGVpZ2h0PSIxIiB4bWxucz0iaHR0cDovL3d3dy53My5vcmcvMjAwMC9zdmciPjwvc3ZnPg==\" style=\"--smush-placeholder-width: 1024px; --smush-placeholder-aspect-ratio: 1024\/683;\" \/><\/a><\/figure>\n\n\n\n<p>Rodr\u00edguez Larreta sostuvo: \u201cEstoy convencido de que hay que terminar con la grieta. Es dif\u00edcil ponerse de acuerdo pero es lo que cambia la Argentina.\u201d Y agreg\u00f3: \u201cHay que tener m\u00e1s coraje para consensuar con el que piensa distinto que para pelearse. La firmeza que la Argentina necesita es la de solucionar los problemas de la gente.\u201d<\/p>\n\n\n\n<p>\u201cPara solucionar los problemas tenemos que llegar preparados. Estamos trabajando en la definici\u00f3n del plan y en el consenso con nuestros socios pol\u00edticos. Tan importante como tener un plan es tenerlo consensuado\u201d detall\u00f3 el mandatario. \u201cLo que va a cambiar el pa\u00eds no es aprobar leyes los primeros d\u00edas sino que \u00e9stas se mantengan veinte a\u00f1os. La unidad se expresa con que lleguemos juntos al 10 de diciembre del a\u00f1o que viene, pero sabiendo lo que hay que hacer.\u201d<\/p>\n\n\n\n<p>Para cerrar, dijo: \u201cpara sacar la Argentina adelante, no nos alcanza s\u00f3lo con el gobierno nacional. Vamos a pelear para ganar en cada una de las provincias, en cada municipio y en cada rinc\u00f3n de la Argentina.\u201d<\/p>\n\n\n\n<p>Los paneles estuvieron a cargo de Enrique Szewach, ex director del Banco Central; Jorge Faurie, ex canciller argentino; y Gustavo Idigoras, presidente de la C\u00e1mara de la Industria Aceitera de la Rep\u00fablica Argentina. La moderaci\u00f3n del encuentro la hizo Julia Pomares, ex directora de CIPPEC y actual jefa de asesores del Gobierno de la Ciudad de Buenos Aires.<\/p>\n\n\n\n<p>Hubo referentes de 22 provincias presentes en el encuentro. El mismo fue un espacio de di\u00e1logo e intercambio federal con el objetivo de desarrollar planes de Gobierno para cada una de las provincias, a la altura de los desaf\u00edos que enfrenta Argentina.<\/p>\n\n\n\n<p>Entre los 150 dirigentes tambi\u00e9n estuvieron: Rogelio Frigerio, diputado nacional por Entre R\u00edos; Luis Juez, senador nacional por C\u00f3rdoba; Germ\u00e1n Alfaro, intendente de San Miguel de Tucum\u00e1n; Nacho Torres, senador nacional por Chubut; Claudio Poggi, diputado nacional por San Luis; Mart\u00edn Maquieyra, diputado nacional por La Pampa; Felipe \u00c1lvarez, diputado nacional por La Rioja; Gabriela Neme, diputada provincial de Formosa; Rub\u00e9n Manzi, diputado nacional por Catamarca; H\u00e9ctor Tito Stefani, diputado nacional por Tierra del Fuego; y Eugenio Burzaco, ex Secretario de Seguridad de la Naci\u00f3n.<\/p>\n\n\n\n<p>Adem\u00e1s, participaron del encuentro federal: por parte de C\u00f3rdoba, Gustavo Santos, H\u00e9ctor Baldassi, Soher El Sukaria, Sara Majorel, Pedro Roulet, Javier Pretto, Dar\u00edo Capitani, Oscar Agost Carre\u00f1o, Gabriel Frizza, Pedro Dellarossa, entre otros; por parte de Santiago del Estero, Facundo P\u00e9rez Carletti; por La Rioja, Julio Sahad; por Salta, Carlos Zapata, Mart\u00edn Grande, Carlos Zapata entre otros; por Jujuy, Luciano Angelini, Jorge Hiruela, entre otros; por Chaco, Lucas Figueras, Maril\u00fa Quiroz; por Santa Fe, Anita Mart\u00ednez, Gabriel Chumpitaz, Germana Figueroa, entre otros; por Corrientes, Augusto Costaguta, Dami\u00e1n Garavano; por Formosa, Enrique Ram\u00edrez; por Neuqu\u00e9n, Leticia Esteves; por R\u00edo Negro, Juan Mart\u00edn; por Santa Cruz, Ram\u00f3n Alberto Parsons; y por Tierra del Fuego, Federico Frigerio.<\/p>\n\n\n\n<figure class=\"wp-block-video\"><video height=\"480\" style=\"aspect-ratio: 848 \/ 480;\" width=\"848\" controls src=\"https:\/\/cvinoticias.com\/wp-content\/uploads\/2022\/09\/VID-20220915-WA0150.mp4\"><\/video><\/figure>\n","protected":false},"excerpt":{"rendered":"<p>Bajo el lema \u201cPrepar\u00e1ndonos para gobernar: un pa\u00eds federal\u201d, el Jefe de Gobierno de la Ciudad de Buenos Aires, Horacio Rodr\u00edguez Larreta, reuni\u00f3 a 150 dirigentes pol\u00edticos de todo el pa\u00eds en un encuentro federal. Por Misiones participaron el diputado nacional, Alfredo Schiavoni; el diputado provincial, Jorge Ratier; la diputada nacional, Florencia Klipauka; la secretaria [&hellip;]<\/p>\n","protected":false},"author":2,"featured_media":19232,"comment_status":"open","ping_status":"open","sticky":false,"template":"","format":"standard","meta":{"footnotes":""},"categories":[42],"tags":[],"class_list":["post-19229","post","type-post","status-publish","format-standard","has-post-thumbnail","hentry","category-politica"],"yoast_head":"<!-- This site is optimized with the Yoast SEO plugin v27.5 - https:\/\/yoast.com\/product\/yoast-seo-wordpress\/ -->\n<title>Dirigentes misioneros junto a Rodr\u00edguez Larreta en el lanzamiento de \u201cPrepararse para gobernar: un pa\u00eds federal\u201d | CVI NOTICIAS<\/title>\n<meta name=\"robots\" content=\"index, follow, max-snippet:-1, max-image-preview:large, max-video-preview:-1\" \/>\n<link rel=\"canonical\" href=\"https:\/\/cvinoticias.com\/v3\/dirigentes-misioneros-junto-a-rodriguez-larreta-en-el-lanzamiento-de-prepararse-para-gobernar-un-pais-federal\/\" \/>\n<meta property=\"og:locale\" content=\"es_ES\" \/>\n<meta property=\"og:type\" content=\"article\" \/>\n<meta property=\"og:title\" content=\"Dirigentes misioneros junto a Rodr\u00edguez Larreta en el lanzamiento de \u201cPrepararse para gobernar: un pa\u00eds federal\u201d | CVI NOTICIAS\" \/>\n<meta property=\"og:description\" content=\"Bajo el lema \u201cPrepar\u00e1ndonos para gobernar: un pa\u00eds federal\u201d, el Jefe de Gobierno de la Ciudad de Buenos Aires, Horacio Rodr\u00edguez Larreta, reuni\u00f3 a 150 dirigentes pol\u00edticos de todo el pa\u00eds en un encuentro federal. Por Misiones participaron el diputado nacional, Alfredo Schiavoni; el diputado provincial, Jorge Ratier; la diputada nacional, Florencia Klipauka; la secretaria [&hellip;]\" \/>\n<meta property=\"og:url\" content=\"https:\/\/cvinoticias.com\/v3\/dirigentes-misioneros-junto-a-rodriguez-larreta-en-el-lanzamiento-de-prepararse-para-gobernar-un-pais-federal\/\" \/>\n<meta property=\"og:site_name\" content=\"CVI NOTICIAS\" \/>\n<meta property=\"article:publisher\" content=\"https:\/\/www.facebook.com\/cvinoticias\" \/>\n<meta property=\"article:published_time\" content=\"2022-09-16T01:32:13+00:00\" \/>\n<meta property=\"og:image\" content=\"https:\/\/cvinoticias.com\/wp-content\/uploads\/2022\/09\/IMG-20220915-WA0138.jpg\" \/>\n\t<meta property=\"og:image:width\" content=\"1280\" \/>\n\t<meta property=\"og:image:height\" content=\"851\" \/>\n\t<meta property=\"og:image:type\" content=\"image\/jpeg\" \/>\n<meta name=\"author\" content=\"f1000024\" \/>\n<meta name=\"twitter:card\" content=\"summary_large_image\" \/>\n<meta name=\"twitter:label1\" content=\"Escrito por\" \/>\n\t<meta name=\"twitter:data1\" content=\"f1000024\" \/>\n\t<meta name=\"twitter:label2\" content=\"Tiempo de lectura\" \/>\n\t<meta name=\"twitter:data2\" content=\"4 minutos\" \/>\n<script type=\"application\/ld+json\" class=\"yoast-schema-graph\">{\"@context\":\"https:\\\/\\\/schema.org\",\"@graph\":[{\"@type\":\"Article\",\"@id\":\"https:\\\/\\\/cvinoticias.com\\\/v3\\\/dirigentes-misioneros-junto-a-rodriguez-larreta-en-el-lanzamiento-de-prepararse-para-gobernar-un-pais-federal\\\/#article\",\"isPartOf\":{\"@id\":\"https:\\\/\\\/cvinoticias.com\\\/v3\\\/dirigentes-misioneros-junto-a-rodriguez-larreta-en-el-lanzamiento-de-prepararse-para-gobernar-un-pais-federal\\\/\"},\"author\":{\"name\":\"f1000024\",\"@id\":\"https:\\\/\\\/cvinoticias.com\\\/v3\\\/#\\\/schema\\\/person\\\/2db77e3c6bc03c538495d7b2b8be9b66\"},\"headline\":\"Dirigentes misioneros junto a Rodr\u00edguez Larreta en el lanzamiento de \u201cPrepararse para gobernar: un pa\u00eds federal\u201d\",\"datePublished\":\"2022-09-16T01:32:13+00:00\",\"mainEntityOfPage\":{\"@id\":\"https:\\\/\\\/cvinoticias.com\\\/v3\\\/dirigentes-misioneros-junto-a-rodriguez-larreta-en-el-lanzamiento-de-prepararse-para-gobernar-un-pais-federal\\\/\"},\"wordCount\":722,\"commentCount\":0,\"publisher\":{\"@id\":\"https:\\\/\\\/cvinoticias.com\\\/v3\\\/#organization\"},\"image\":{\"@id\":\"https:\\\/\\\/cvinoticias.com\\\/v3\\\/dirigentes-misioneros-junto-a-rodriguez-larreta-en-el-lanzamiento-de-prepararse-para-gobernar-un-pais-federal\\\/#primaryimage\"},\"thumbnailUrl\":\"https:\\\/\\\/cvinoticias.com\\\/wp-content\\\/uploads\\\/2022\\\/09\\\/IMG-20220915-WA0138.jpg\",\"articleSection\":[\"Politica\"],\"inLanguage\":\"es\",\"potentialAction\":[{\"@type\":\"CommentAction\",\"name\":\"Comment\",\"target\":[\"https:\\\/\\\/cvinoticias.com\\\/v3\\\/dirigentes-misioneros-junto-a-rodriguez-larreta-en-el-lanzamiento-de-prepararse-para-gobernar-un-pais-federal\\\/#respond\"]}]},{\"@type\":\"WebPage\",\"@id\":\"https:\\\/\\\/cvinoticias.com\\\/v3\\\/dirigentes-misioneros-junto-a-rodriguez-larreta-en-el-lanzamiento-de-prepararse-para-gobernar-un-pais-federal\\\/\",\"url\":\"https:\\\/\\\/cvinoticias.com\\\/v3\\\/dirigentes-misioneros-junto-a-rodriguez-larreta-en-el-lanzamiento-de-prepararse-para-gobernar-un-pais-federal\\\/\",\"name\":\"Dirigentes misioneros junto a Rodr\u00edguez Larreta en el lanzamiento de \u201cPrepararse para gobernar: un pa\u00eds federal\u201d | CVI NOTICIAS\",\"isPartOf\":{\"@id\":\"https:\\\/\\\/cvinoticias.com\\\/v3\\\/#website\"},\"primaryImageOfPage\":{\"@id\":\"https:\\\/\\\/cvinoticias.com\\\/v3\\\/dirigentes-misioneros-junto-a-rodriguez-larreta-en-el-lanzamiento-de-prepararse-para-gobernar-un-pais-federal\\\/#primaryimage\"},\"image\":{\"@id\":\"https:\\\/\\\/cvinoticias.com\\\/v3\\\/dirigentes-misioneros-junto-a-rodriguez-larreta-en-el-lanzamiento-de-prepararse-para-gobernar-un-pais-federal\\\/#primaryimage\"},\"thumbnailUrl\":\"https:\\\/\\\/cvinoticias.com\\\/wp-content\\\/uploads\\\/2022\\\/09\\\/IMG-20220915-WA0138.jpg\",\"datePublished\":\"2022-09-16T01:32:13+00:00\",\"breadcrumb\":{\"@id\":\"https:\\\/\\\/cvinoticias.com\\\/v3\\\/dirigentes-misioneros-junto-a-rodriguez-larreta-en-el-lanzamiento-de-prepararse-para-gobernar-un-pais-federal\\\/#breadcrumb\"},\"inLanguage\":\"es\",\"potentialAction\":[{\"@type\":\"ReadAction\",\"target\":[\"https:\\\/\\\/cvinoticias.com\\\/v3\\\/dirigentes-misioneros-junto-a-rodriguez-larreta-en-el-lanzamiento-de-prepararse-para-gobernar-un-pais-federal\\\/\"]}]},{\"@type\":\"ImageObject\",\"inLanguage\":\"es\",\"@id\":\"https:\\\/\\\/cvinoticias.com\\\/v3\\\/dirigentes-misioneros-junto-a-rodriguez-larreta-en-el-lanzamiento-de-prepararse-para-gobernar-un-pais-federal\\\/#primaryimage\",\"url\":\"https:\\\/\\\/cvinoticias.com\\\/wp-content\\\/uploads\\\/2022\\\/09\\\/IMG-20220915-WA0138.jpg\",\"contentUrl\":\"https:\\\/\\\/cvinoticias.com\\\/wp-content\\\/uploads\\\/2022\\\/09\\\/IMG-20220915-WA0138.jpg\",\"width\":1280,\"height\":851},{\"@type\":\"BreadcrumbList\",\"@id\":\"https:\\\/\\\/cvinoticias.com\\\/v3\\\/dirigentes-misioneros-junto-a-rodriguez-larreta-en-el-lanzamiento-de-prepararse-para-gobernar-un-pais-federal\\\/#breadcrumb\",\"itemListElement\":[{\"@type\":\"ListItem\",\"position\":1,\"name\":\"Portada\",\"item\":\"https:\\\/\\\/cvinoticias.com\\\/v3\\\/\"},{\"@type\":\"ListItem\",\"position\":2,\"name\":\"Dirigentes misioneros junto a Rodr\u00edguez Larreta en el lanzamiento de \u201cPrepararse para gobernar: un pa\u00eds federal\u201d\"}]},{\"@type\":\"WebSite\",\"@id\":\"https:\\\/\\\/cvinoticias.com\\\/v3\\\/#website\",\"url\":\"https:\\\/\\\/cvinoticias.com\\\/v3\\\/\",\"name\":\"CVI NOTICIAS\",\"description\":\"\",\"publisher\":{\"@id\":\"https:\\\/\\\/cvinoticias.com\\\/v3\\\/#organization\"},\"alternateName\":\"CVI\",\"potentialAction\":[{\"@type\":\"SearchAction\",\"target\":{\"@type\":\"EntryPoint\",\"urlTemplate\":\"https:\\\/\\\/cvinoticias.com\\\/v3\\\/?s={search_term_string}\"},\"query-input\":{\"@type\":\"PropertyValueSpecification\",\"valueRequired\":true,\"valueName\":\"search_term_string\"}}],\"inLanguage\":\"es\"},{\"@type\":\"Organization\",\"@id\":\"https:\\\/\\\/cvinoticias.com\\\/v3\\\/#organization\",\"name\":\"CVI NOTICIAS\",\"url\":\"https:\\\/\\\/cvinoticias.com\\\/v3\\\/\",\"logo\":{\"@type\":\"ImageObject\",\"inLanguage\":\"es\",\"@id\":\"https:\\\/\\\/cvinoticias.com\\\/v3\\\/#\\\/schema\\\/logo\\\/image\\\/\",\"url\":\"https:\\\/\\\/cvinoticias.com\\\/wp-content\\\/uploads\\\/2023\\\/04\\\/cropped-cropped-cropped-cropped-cropped-3-1.png\",\"contentUrl\":\"https:\\\/\\\/cvinoticias.com\\\/wp-content\\\/uploads\\\/2023\\\/04\\\/cropped-cropped-cropped-cropped-cropped-3-1.png\",\"width\":95,\"height\":122,\"caption\":\"CVI NOTICIAS\"},\"image\":{\"@id\":\"https:\\\/\\\/cvinoticias.com\\\/v3\\\/#\\\/schema\\\/logo\\\/image\\\/\"},\"sameAs\":[\"https:\\\/\\\/www.facebook.com\\\/cvinoticias\",\"https:\\\/\\\/www.instagram.com\\\/cvinoticias\\\/\",\"https:\\\/\\\/www.youtube.com\\\/@CVINOTICIAS\"]},{\"@type\":\"Person\",\"@id\":\"https:\\\/\\\/cvinoticias.com\\\/v3\\\/#\\\/schema\\\/person\\\/2db77e3c6bc03c538495d7b2b8be9b66\",\"name\":\"f1000024\",\"image\":{\"@type\":\"ImageObject\",\"inLanguage\":\"es\",\"@id\":\"https:\\\/\\\/secure.gravatar.com\\\/avatar\\\/d4fe7459cfc51ff5129ce1a732bbef5928568b8092d412ef95611616376bbeed?s=96&d=mm&r=g\",\"url\":\"https:\\\/\\\/secure.gravatar.com\\\/avatar\\\/d4fe7459cfc51ff5129ce1a732bbef5928568b8092d412ef95611616376bbeed?s=96&d=mm&r=g\",\"contentUrl\":\"https:\\\/\\\/secure.gravatar.com\\\/avatar\\\/d4fe7459cfc51ff5129ce1a732bbef5928568b8092d412ef95611616376bbeed?s=96&d=mm&r=g\",\"caption\":\"f1000024\"},\"url\":\"https:\\\/\\\/cvinoticias.com\\\/v3\\\/author\\\/f1000024\\\/\"}]}<\/script>\n<!-- \/ Yoast SEO plugin. -->","yoast_head_json":{"title":"Dirigentes misioneros junto a Rodr\u00edguez Larreta en el lanzamiento de \u201cPrepararse para gobernar: un pa\u00eds federal\u201d | CVI NOTICIAS","robots":{"index":"index","follow":"follow","max-snippet":"max-snippet:-1","max-image-preview":"max-image-preview:large","max-video-preview":"max-video-preview:-1"},"canonical":"https:\/\/cvinoticias.com\/v3\/dirigentes-misioneros-junto-a-rodriguez-larreta-en-el-lanzamiento-de-prepararse-para-gobernar-un-pais-federal\/","og_locale":"es_ES","og_type":"article","og_title":"Dirigentes misioneros junto a Rodr\u00edguez Larreta en el lanzamiento de \u201cPrepararse para gobernar: un pa\u00eds federal\u201d | CVI NOTICIAS","og_description":"Bajo el lema \u201cPrepar\u00e1ndonos para gobernar: un pa\u00eds federal\u201d, el Jefe de Gobierno de la Ciudad de Buenos Aires, Horacio Rodr\u00edguez Larreta, reuni\u00f3 a 150 dirigentes pol\u00edticos de todo el pa\u00eds en un encuentro federal. Por Misiones participaron el diputado nacional, Alfredo Schiavoni; el diputado provincial, Jorge Ratier; la diputada nacional, Florencia Klipauka; la secretaria [&hellip;]","og_url":"https:\/\/cvinoticias.com\/v3\/dirigentes-misioneros-junto-a-rodriguez-larreta-en-el-lanzamiento-de-prepararse-para-gobernar-un-pais-federal\/","og_site_name":"CVI NOTICIAS","article_publisher":"https:\/\/www.facebook.com\/cvinoticias","article_published_time":"2022-09-16T01:32:13+00:00","og_image":[{"width":1280,"height":851,"url":"https:\/\/cvinoticias.com\/wp-content\/uploads\/2022\/09\/IMG-20220915-WA0138.jpg","type":"image\/jpeg"}],"author":"f1000024","twitter_card":"summary_large_image","twitter_misc":{"Escrito por":"f1000024","Tiempo de lectura":"4 minutos"},"schema":{"@context":"https:\/\/schema.org","@graph":[{"@type":"Article","@id":"https:\/\/cvinoticias.com\/v3\/dirigentes-misioneros-junto-a-rodriguez-larreta-en-el-lanzamiento-de-prepararse-para-gobernar-un-pais-federal\/#article","isPartOf":{"@id":"https:\/\/cvinoticias.com\/v3\/dirigentes-misioneros-junto-a-rodriguez-larreta-en-el-lanzamiento-de-prepararse-para-gobernar-un-pais-federal\/"},"author":{"name":"f1000024","@id":"https:\/\/cvinoticias.com\/v3\/#\/schema\/person\/2db77e3c6bc03c538495d7b2b8be9b66"},"headline":"Dirigentes misioneros junto a Rodr\u00edguez Larreta en el lanzamiento de \u201cPrepararse para gobernar: un pa\u00eds federal\u201d","datePublished":"2022-09-16T01:32:13+00:00","mainEntityOfPage":{"@id":"https:\/\/cvinoticias.com\/v3\/dirigentes-misioneros-junto-a-rodriguez-larreta-en-el-lanzamiento-de-prepararse-para-gobernar-un-pais-federal\/"},"wordCount":722,"commentCount":0,"publisher":{"@id":"https:\/\/cvinoticias.com\/v3\/#organization"},"image":{"@id":"https:\/\/cvinoticias.com\/v3\/dirigentes-misioneros-junto-a-rodriguez-larreta-en-el-lanzamiento-de-prepararse-para-gobernar-un-pais-federal\/#primaryimage"},"thumbnailUrl":"https:\/\/cvinoticias.com\/wp-content\/uploads\/2022\/09\/IMG-20220915-WA0138.jpg","articleSection":["Politica"],"inLanguage":"es","potentialAction":[{"@type":"CommentAction","name":"Comment","target":["https:\/\/cvinoticias.com\/v3\/dirigentes-misioneros-junto-a-rodriguez-larreta-en-el-lanzamiento-de-prepararse-para-gobernar-un-pais-federal\/#respond"]}]},{"@type":"WebPage","@id":"https:\/\/cvinoticias.com\/v3\/dirigentes-misioneros-junto-a-rodriguez-larreta-en-el-lanzamiento-de-prepararse-para-gobernar-un-pais-federal\/","url":"https:\/\/cvinoticias.com\/v3\/dirigentes-misioneros-junto-a-rodriguez-larreta-en-el-lanzamiento-de-prepararse-para-gobernar-un-pais-federal\/","name":"Dirigentes misioneros junto a Rodr\u00edguez Larreta en el lanzamiento de \u201cPrepararse para gobernar: un pa\u00eds federal\u201d | CVI NOTICIAS","isPartOf":{"@id":"https:\/\/cvinoticias.com\/v3\/#website"},"primaryImageOfPage":{"@id":"https:\/\/cvinoticias.com\/v3\/dirigentes-misioneros-junto-a-rodriguez-larreta-en-el-lanzamiento-de-prepararse-para-gobernar-un-pais-federal\/#primaryimage"},"image":{"@id":"https:\/\/cvinoticias.com\/v3\/dirigentes-misioneros-junto-a-rodriguez-larreta-en-el-lanzamiento-de-prepararse-para-gobernar-un-pais-federal\/#primaryimage"},"thumbnailUrl":"https:\/\/cvinoticias.com\/wp-content\/uploads\/2022\/09\/IMG-20220915-WA0138.jpg","datePublished":"2022-09-16T01:32:13+00:00","breadcrumb":{"@id":"https:\/\/cvinoticias.com\/v3\/dirigentes-misioneros-junto-a-rodriguez-larreta-en-el-lanzamiento-de-prepararse-para-gobernar-un-pais-federal\/#breadcrumb"},"inLanguage":"es","potentialAction":[{"@type":"ReadAction","target":["https:\/\/cvinoticias.com\/v3\/dirigentes-misioneros-junto-a-rodriguez-larreta-en-el-lanzamiento-de-prepararse-para-gobernar-un-pais-federal\/"]}]},{"@type":"ImageObject","inLanguage":"es","@id":"https:\/\/cvinoticias.com\/v3\/dirigentes-misioneros-junto-a-rodriguez-larreta-en-el-lanzamiento-de-prepararse-para-gobernar-un-pais-federal\/#primaryimage","url":"https:\/\/cvinoticias.com\/wp-content\/uploads\/2022\/09\/IMG-20220915-WA0138.jpg","contentUrl":"https:\/\/cvinoticias.com\/wp-content\/uploads\/2022\/09\/IMG-20220915-WA0138.jpg","width":1280,"height":851},{"@type":"BreadcrumbList","@id":"https:\/\/cvinoticias.com\/v3\/dirigentes-misioneros-junto-a-rodriguez-larreta-en-el-lanzamiento-de-prepararse-para-gobernar-un-pais-federal\/#breadcrumb","itemListElement":[{"@type":"ListItem","position":1,"name":"Portada","item":"https:\/\/cvinoticias.com\/v3\/"},{"@type":"ListItem","position":2,"name":"Dirigentes misioneros junto a Rodr\u00edguez Larreta en el lanzamiento de \u201cPrepararse para gobernar: un pa\u00eds federal\u201d"}]},{"@type":"WebSite","@id":"https:\/\/cvinoticias.com\/v3\/#website","url":"https:\/\/cvinoticias.com\/v3\/","name":"CVI NOTICIAS","description":"","publisher":{"@id":"https:\/\/cvinoticias.com\/v3\/#organization"},"alternateName":"CVI","potentialAction":[{"@type":"SearchAction","target":{"@type":"EntryPoint","urlTemplate":"https:\/\/cvinoticias.com\/v3\/?s={search_term_string}"},"query-input":{"@type":"PropertyValueSpecification","valueRequired":true,"valueName":"search_term_string"}}],"inLanguage":"es"},{"@type":"Organization","@id":"https:\/\/cvinoticias.com\/v3\/#organization","name":"CVI NOTICIAS","url":"https:\/\/cvinoticias.com\/v3\/","logo":{"@type":"ImageObject","inLanguage":"es","@id":"https:\/\/cvinoticias.com\/v3\/#\/schema\/logo\/image\/","url":"https:\/\/cvinoticias.com\/wp-content\/uploads\/2023\/04\/cropped-cropped-cropped-cropped-cropped-3-1.png","contentUrl":"https:\/\/cvinoticias.com\/wp-content\/uploads\/2023\/04\/cropped-cropped-cropped-cropped-cropped-3-1.png","width":95,"height":122,"caption":"CVI NOTICIAS"},"image":{"@id":"https:\/\/cvinoticias.com\/v3\/#\/schema\/logo\/image\/"},"sameAs":["https:\/\/www.facebook.com\/cvinoticias","https:\/\/www.instagram.com\/cvinoticias\/","https:\/\/www.youtube.com\/@CVINOTICIAS"]},{"@type":"Person","@id":"https:\/\/cvinoticias.com\/v3\/#\/schema\/person\/2db77e3c6bc03c538495d7b2b8be9b66","name":"f1000024","image":{"@type":"ImageObject","inLanguage":"es","@id":"https:\/\/secure.gravatar.com\/avatar\/d4fe7459cfc51ff5129ce1a732bbef5928568b8092d412ef95611616376bbeed?s=96&d=mm&r=g","url":"https:\/\/secure.gravatar.com\/avatar\/d4fe7459cfc51ff5129ce1a732bbef5928568b8092d412ef95611616376bbeed?s=96&d=mm&r=g","contentUrl":"https:\/\/secure.gravatar.com\/avatar\/d4fe7459cfc51ff5129ce1a732bbef5928568b8092d412ef95611616376bbeed?s=96&d=mm&r=g","caption":"f1000024"},"url":"https:\/\/cvinoticias.com\/v3\/author\/f1000024\/"}]}},"_links":{"self":[{"href":"https:\/\/cvinoticias.com\/v3\/wp-json\/wp\/v2\/posts\/19229","targetHints":{"allow":["GET"]}}],"collection":[{"href":"https:\/\/cvinoticias.com\/v3\/wp-json\/wp\/v2\/posts"}],"about":[{"href":"https:\/\/cvinoticias.com\/v3\/wp-json\/wp\/v2\/types\/post"}],"author":[{"embeddable":true,"href":"https:\/\/cvinoticias.com\/v3\/wp-json\/wp\/v2\/users\/2"}],"replies":[{"embeddable":true,"href":"https:\/\/cvinoticias.com\/v3\/wp-json\/wp\/v2\/comments?post=19229"}],"version-history":[{"count":1,"href":"https:\/\/cvinoticias.com\/v3\/wp-json\/wp\/v2\/posts\/19229\/revisions"}],"predecessor-version":[{"id":19233,"href":"https:\/\/cvinoticias.com\/v3\/wp-json\/wp\/v2\/posts\/19229\/revisions\/19233"}],"wp:featuredmedia":[{"embeddable":true,"href":"https:\/\/cvinoticias.com\/v3\/wp-json\/wp\/v2\/media\/19232"}],"wp:attachment":[{"href":"https:\/\/cvinoticias.com\/v3\/wp-json\/wp\/v2\/media?parent=19229"}],"wp:term":[{"taxonomy":"category","embeddable":true,"href":"https:\/\/cvinoticias.com\/v3\/wp-json\/wp\/v2\/categories?post=19229"},{"taxonomy":"post_tag","embeddable":true,"href":"https:\/\/cvinoticias.com\/v3\/wp-json\/wp\/v2\/tags?post=19229"}],"curies":[{"name":"wp","href":"https:\/\/api.w.org\/{rel}","templated":true}]}}