{"id":19224,"date":"2022-09-16T00:29:10","date_gmt":"2022-09-16T00:29:10","guid":{"rendered":"https:\/\/cvinoticias.com\/v3\/?p=19224"},"modified":"2022-09-16T01:02:25","modified_gmt":"2022-09-16T01:02:25","slug":"motociclista-fallecio-al-chocar-contra-una-camioneta-estacionada","status":"publish","type":"post","link":"https:\/\/cvinoticias.com\/v3\/motociclista-fallecio-al-chocar-contra-una-camioneta-estacionada\/","title":{"rendered":"Motociclista falleci\u00f3 al chocar contra una camioneta estacionada"},"content":{"rendered":"\n<p><strong><em>Alex Sebasti\u00e1n A. de 20 a\u00f1os, falleci\u00f3 esta tarde luego de impactar con su motocicleta contra una camioneta que se encontraba estacionada sobre la avenida Hip\u00f3lito Irigoyen de la localidad de Puerto Iguaz\u00fa.<\/em><\/strong><\/p>\n\n\n\n<p>Seg\u00fan las primeras averiguaciones, el hecho sucedi\u00f3 alrededor de las 18:45 horas, donde por motivos que son materias de investigaci\u00f3n, una motocicleta Honda Biz, impact\u00f3 con una camioneta Ford Ranger que se encontraba estacionada. A ra\u00edz del choque, el conductor del rodado menor dej\u00f3 de existir en el acto.<\/p>\n\n\n\n<p>Trabajaron en el lugar, efectivos de la Comisar\u00eda Primera, la Polic\u00eda Cient\u00edfica, m\u00e9dico y bioqu\u00edmico policial. Interviene el Juzgado de Instrucci\u00f3n N\u00b0 3 de Iguaz\u00fa.<\/p>\n\n\n\n<p><\/p>\n\n\n\n<p><strong>Fuente: Prensa de la Polic\u00eda de Misiones <\/strong><\/p>\n","protected":false},"excerpt":{"rendered":"<p>Alex Sebasti\u00e1n A. de 20 a\u00f1os, falleci\u00f3 esta tarde luego de impactar con su motocicleta contra una camioneta que se encontraba estacionada sobre la avenida Hip\u00f3lito Irigoyen de la localidad de Puerto Iguaz\u00fa. Seg\u00fan las primeras averiguaciones, el hecho sucedi\u00f3 alrededor de las 18:45 horas, donde por motivos que son materias de investigaci\u00f3n, una motocicleta [&hellip;]<\/p>\n","protected":false},"author":2,"featured_media":19225,"comment_status":"open","ping_status":"open","sticky":false,"template":"","format":"standard","meta":{"footnotes":""},"categories":[29,41],"tags":[],"class_list":["post-19224","post","type-post","status-publish","format-standard","has-post-thumbnail","hentry","category-locales","category-policiales"],"yoast_head":"<!-- This site is optimized with the Yoast SEO plugin v27.4 - https:\/\/yoast.com\/product\/yoast-seo-wordpress\/ -->\n<title>Motociclista falleci\u00f3 al chocar contra una camioneta estacionada | CVI NOTICIAS<\/title>\n<meta name=\"robots\" content=\"index, follow, max-snippet:-1, max-image-preview:large, max-video-preview:-1\" \/>\n<link rel=\"canonical\" href=\"https:\/\/cvinoticias.com\/v3\/motociclista-fallecio-al-chocar-contra-una-camioneta-estacionada\/\" \/>\n<meta property=\"og:locale\" content=\"es_ES\" \/>\n<meta property=\"og:type\" content=\"article\" \/>\n<meta property=\"og:title\" content=\"Motociclista falleci\u00f3 al chocar contra una camioneta estacionada | CVI NOTICIAS\" \/>\n<meta property=\"og:description\" content=\"Alex Sebasti\u00e1n A. de 20 a\u00f1os, falleci\u00f3 esta tarde luego de impactar con su motocicleta contra una camioneta que se encontraba estacionada sobre la avenida Hip\u00f3lito Irigoyen de la localidad de Puerto Iguaz\u00fa. Seg\u00fan las primeras averiguaciones, el hecho sucedi\u00f3 alrededor de las 18:45 horas, donde por motivos que son materias de investigaci\u00f3n, una motocicleta [&hellip;]\" \/>\n<meta property=\"og:url\" content=\"https:\/\/cvinoticias.com\/v3\/motociclista-fallecio-al-chocar-contra-una-camioneta-estacionada\/\" \/>\n<meta property=\"og:site_name\" content=\"CVI NOTICIAS\" \/>\n<meta property=\"article:publisher\" content=\"https:\/\/www.facebook.com\/cvinoticias\" \/>\n<meta property=\"article:published_time\" content=\"2022-09-16T00:29:10+00:00\" \/>\n<meta property=\"article:modified_time\" content=\"2022-09-16T01:02:25+00:00\" \/>\n<meta property=\"og:image\" content=\"https:\/\/cvinoticias.com\/wp-content\/uploads\/2022\/09\/IMG-20220915-WA0151.jpg\" \/>\n\t<meta property=\"og:image:width\" content=\"671\" \/>\n\t<meta property=\"og:image:height\" content=\"664\" \/>\n\t<meta property=\"og:image:type\" content=\"image\/jpeg\" \/>\n<meta name=\"author\" content=\"f1000024\" \/>\n<meta name=\"twitter:card\" content=\"summary_large_image\" \/>\n<meta name=\"twitter:label1\" content=\"Escrito por\" \/>\n\t<meta name=\"twitter:data1\" content=\"f1000024\" \/>\n\t<meta name=\"twitter:label2\" content=\"Tiempo de lectura\" \/>\n\t<meta name=\"twitter:data2\" content=\"1 minuto\" \/>\n<script type=\"application\/ld+json\" class=\"yoast-schema-graph\">{\"@context\":\"https:\\\/\\\/schema.org\",\"@graph\":[{\"@type\":\"Article\",\"@id\":\"https:\\\/\\\/cvinoticias.com\\\/v3\\\/motociclista-fallecio-al-chocar-contra-una-camioneta-estacionada\\\/#article\",\"isPartOf\":{\"@id\":\"https:\\\/\\\/cvinoticias.com\\\/v3\\\/motociclista-fallecio-al-chocar-contra-una-camioneta-estacionada\\\/\"},\"author\":{\"name\":\"f1000024\",\"@id\":\"https:\\\/\\\/cvinoticias.com\\\/v3\\\/#\\\/schema\\\/person\\\/2db77e3c6bc03c538495d7b2b8be9b66\"},\"headline\":\"Motociclista falleci\u00f3 al chocar contra una camioneta estacionada\",\"datePublished\":\"2022-09-16T00:29:10+00:00\",\"dateModified\":\"2022-09-16T01:02:25+00:00\",\"mainEntityOfPage\":{\"@id\":\"https:\\\/\\\/cvinoticias.com\\\/v3\\\/motociclista-fallecio-al-chocar-contra-una-camioneta-estacionada\\\/\"},\"wordCount\":132,\"commentCount\":0,\"publisher\":{\"@id\":\"https:\\\/\\\/cvinoticias.com\\\/v3\\\/#organization\"},\"image\":{\"@id\":\"https:\\\/\\\/cvinoticias.com\\\/v3\\\/motociclista-fallecio-al-chocar-contra-una-camioneta-estacionada\\\/#primaryimage\"},\"thumbnailUrl\":\"https:\\\/\\\/cvinoticias.com\\\/wp-content\\\/uploads\\\/2022\\\/09\\\/IMG-20220915-WA0151.jpg\",\"articleSection\":[\"Locales\",\"Policiales\"],\"inLanguage\":\"es\",\"potentialAction\":[{\"@type\":\"CommentAction\",\"name\":\"Comment\",\"target\":[\"https:\\\/\\\/cvinoticias.com\\\/v3\\\/motociclista-fallecio-al-chocar-contra-una-camioneta-estacionada\\\/#respond\"]}]},{\"@type\":\"WebPage\",\"@id\":\"https:\\\/\\\/cvinoticias.com\\\/v3\\\/motociclista-fallecio-al-chocar-contra-una-camioneta-estacionada\\\/\",\"url\":\"https:\\\/\\\/cvinoticias.com\\\/v3\\\/motociclista-fallecio-al-chocar-contra-una-camioneta-estacionada\\\/\",\"name\":\"Motociclista falleci\u00f3 al chocar contra una camioneta estacionada | CVI NOTICIAS\",\"isPartOf\":{\"@id\":\"https:\\\/\\\/cvinoticias.com\\\/v3\\\/#website\"},\"primaryImageOfPage\":{\"@id\":\"https:\\\/\\\/cvinoticias.com\\\/v3\\\/motociclista-fallecio-al-chocar-contra-una-camioneta-estacionada\\\/#primaryimage\"},\"image\":{\"@id\":\"https:\\\/\\\/cvinoticias.com\\\/v3\\\/motociclista-fallecio-al-chocar-contra-una-camioneta-estacionada\\\/#primaryimage\"},\"thumbnailUrl\":\"https:\\\/\\\/cvinoticias.com\\\/wp-content\\\/uploads\\\/2022\\\/09\\\/IMG-20220915-WA0151.jpg\",\"datePublished\":\"2022-09-16T00:29:10+00:00\",\"dateModified\":\"2022-09-16T01:02:25+00:00\",\"breadcrumb\":{\"@id\":\"https:\\\/\\\/cvinoticias.com\\\/v3\\\/motociclista-fallecio-al-chocar-contra-una-camioneta-estacionada\\\/#breadcrumb\"},\"inLanguage\":\"es\",\"potentialAction\":[{\"@type\":\"ReadAction\",\"target\":[\"https:\\\/\\\/cvinoticias.com\\\/v3\\\/motociclista-fallecio-al-chocar-contra-una-camioneta-estacionada\\\/\"]}]},{\"@type\":\"ImageObject\",\"inLanguage\":\"es\",\"@id\":\"https:\\\/\\\/cvinoticias.com\\\/v3\\\/motociclista-fallecio-al-chocar-contra-una-camioneta-estacionada\\\/#primaryimage\",\"url\":\"https:\\\/\\\/cvinoticias.com\\\/wp-content\\\/uploads\\\/2022\\\/09\\\/IMG-20220915-WA0151.jpg\",\"contentUrl\":\"https:\\\/\\\/cvinoticias.com\\\/wp-content\\\/uploads\\\/2022\\\/09\\\/IMG-20220915-WA0151.jpg\",\"width\":671,\"height\":664},{\"@type\":\"BreadcrumbList\",\"@id\":\"https:\\\/\\\/cvinoticias.com\\\/v3\\\/motociclista-fallecio-al-chocar-contra-una-camioneta-estacionada\\\/#breadcrumb\",\"itemListElement\":[{\"@type\":\"ListItem\",\"position\":1,\"name\":\"Portada\",\"item\":\"https:\\\/\\\/cvinoticias.com\\\/v3\\\/\"},{\"@type\":\"ListItem\",\"position\":2,\"name\":\"Motociclista falleci\u00f3 al chocar contra una camioneta estacionada\"}]},{\"@type\":\"WebSite\",\"@id\":\"https:\\\/\\\/cvinoticias.com\\\/v3\\\/#website\",\"url\":\"https:\\\/\\\/cvinoticias.com\\\/v3\\\/\",\"name\":\"CVI NOTICIAS\",\"description\":\"\",\"publisher\":{\"@id\":\"https:\\\/\\\/cvinoticias.com\\\/v3\\\/#organization\"},\"alternateName\":\"CVI\",\"potentialAction\":[{\"@type\":\"SearchAction\",\"target\":{\"@type\":\"EntryPoint\",\"urlTemplate\":\"https:\\\/\\\/cvinoticias.com\\\/v3\\\/?s={search_term_string}\"},\"query-input\":{\"@type\":\"PropertyValueSpecification\",\"valueRequired\":true,\"valueName\":\"search_term_string\"}}],\"inLanguage\":\"es\"},{\"@type\":\"Organization\",\"@id\":\"https:\\\/\\\/cvinoticias.com\\\/v3\\\/#organization\",\"name\":\"CVI NOTICIAS\",\"url\":\"https:\\\/\\\/cvinoticias.com\\\/v3\\\/\",\"logo\":{\"@type\":\"ImageObject\",\"inLanguage\":\"es\",\"@id\":\"https:\\\/\\\/cvinoticias.com\\\/v3\\\/#\\\/schema\\\/logo\\\/image\\\/\",\"url\":\"https:\\\/\\\/cvinoticias.com\\\/wp-content\\\/uploads\\\/2023\\\/04\\\/cropped-cropped-cropped-cropped-cropped-3-1.png\",\"contentUrl\":\"https:\\\/\\\/cvinoticias.com\\\/wp-content\\\/uploads\\\/2023\\\/04\\\/cropped-cropped-cropped-cropped-cropped-3-1.png\",\"width\":95,\"height\":122,\"caption\":\"CVI NOTICIAS\"},\"image\":{\"@id\":\"https:\\\/\\\/cvinoticias.com\\\/v3\\\/#\\\/schema\\\/logo\\\/image\\\/\"},\"sameAs\":[\"https:\\\/\\\/www.facebook.com\\\/cvinoticias\",\"https:\\\/\\\/www.instagram.com\\\/cvinoticias\\\/\",\"https:\\\/\\\/www.youtube.com\\\/@CVINOTICIAS\"]},{\"@type\":\"Person\",\"@id\":\"https:\\\/\\\/cvinoticias.com\\\/v3\\\/#\\\/schema\\\/person\\\/2db77e3c6bc03c538495d7b2b8be9b66\",\"name\":\"f1000024\",\"image\":{\"@type\":\"ImageObject\",\"inLanguage\":\"es\",\"@id\":\"https:\\\/\\\/secure.gravatar.com\\\/avatar\\\/d4fe7459cfc51ff5129ce1a732bbef5928568b8092d412ef95611616376bbeed?s=96&d=mm&r=g\",\"url\":\"https:\\\/\\\/secure.gravatar.com\\\/avatar\\\/d4fe7459cfc51ff5129ce1a732bbef5928568b8092d412ef95611616376bbeed?s=96&d=mm&r=g\",\"contentUrl\":\"https:\\\/\\\/secure.gravatar.com\\\/avatar\\\/d4fe7459cfc51ff5129ce1a732bbef5928568b8092d412ef95611616376bbeed?s=96&d=mm&r=g\",\"caption\":\"f1000024\"},\"url\":\"https:\\\/\\\/cvinoticias.com\\\/v3\\\/author\\\/f1000024\\\/\"}]}<\/script>\n<!-- \/ Yoast SEO plugin. -->","yoast_head_json":{"title":"Motociclista falleci\u00f3 al chocar contra una camioneta estacionada | CVI NOTICIAS","robots":{"index":"index","follow":"follow","max-snippet":"max-snippet:-1","max-image-preview":"max-image-preview:large","max-video-preview":"max-video-preview:-1"},"canonical":"https:\/\/cvinoticias.com\/v3\/motociclista-fallecio-al-chocar-contra-una-camioneta-estacionada\/","og_locale":"es_ES","og_type":"article","og_title":"Motociclista falleci\u00f3 al chocar contra una camioneta estacionada | CVI NOTICIAS","og_description":"Alex Sebasti\u00e1n A. de 20 a\u00f1os, falleci\u00f3 esta tarde luego de impactar con su motocicleta contra una camioneta que se encontraba estacionada sobre la avenida Hip\u00f3lito Irigoyen de la localidad de Puerto Iguaz\u00fa. Seg\u00fan las primeras averiguaciones, el hecho sucedi\u00f3 alrededor de las 18:45 horas, donde por motivos que son materias de investigaci\u00f3n, una motocicleta [&hellip;]","og_url":"https:\/\/cvinoticias.com\/v3\/motociclista-fallecio-al-chocar-contra-una-camioneta-estacionada\/","og_site_name":"CVI NOTICIAS","article_publisher":"https:\/\/www.facebook.com\/cvinoticias","article_published_time":"2022-09-16T00:29:10+00:00","article_modified_time":"2022-09-16T01:02:25+00:00","og_image":[{"width":671,"height":664,"url":"https:\/\/cvinoticias.com\/wp-content\/uploads\/2022\/09\/IMG-20220915-WA0151.jpg","type":"image\/jpeg"}],"author":"f1000024","twitter_card":"summary_large_image","twitter_misc":{"Escrito por":"f1000024","Tiempo de lectura":"1 minuto"},"schema":{"@context":"https:\/\/schema.org","@graph":[{"@type":"Article","@id":"https:\/\/cvinoticias.com\/v3\/motociclista-fallecio-al-chocar-contra-una-camioneta-estacionada\/#article","isPartOf":{"@id":"https:\/\/cvinoticias.com\/v3\/motociclista-fallecio-al-chocar-contra-una-camioneta-estacionada\/"},"author":{"name":"f1000024","@id":"https:\/\/cvinoticias.com\/v3\/#\/schema\/person\/2db77e3c6bc03c538495d7b2b8be9b66"},"headline":"Motociclista falleci\u00f3 al chocar contra una camioneta estacionada","datePublished":"2022-09-16T00:29:10+00:00","dateModified":"2022-09-16T01:02:25+00:00","mainEntityOfPage":{"@id":"https:\/\/cvinoticias.com\/v3\/motociclista-fallecio-al-chocar-contra-una-camioneta-estacionada\/"},"wordCount":132,"commentCount":0,"publisher":{"@id":"https:\/\/cvinoticias.com\/v3\/#organization"},"image":{"@id":"https:\/\/cvinoticias.com\/v3\/motociclista-fallecio-al-chocar-contra-una-camioneta-estacionada\/#primaryimage"},"thumbnailUrl":"https:\/\/cvinoticias.com\/wp-content\/uploads\/2022\/09\/IMG-20220915-WA0151.jpg","articleSection":["Locales","Policiales"],"inLanguage":"es","potentialAction":[{"@type":"CommentAction","name":"Comment","target":["https:\/\/cvinoticias.com\/v3\/motociclista-fallecio-al-chocar-contra-una-camioneta-estacionada\/#respond"]}]},{"@type":"WebPage","@id":"https:\/\/cvinoticias.com\/v3\/motociclista-fallecio-al-chocar-contra-una-camioneta-estacionada\/","url":"https:\/\/cvinoticias.com\/v3\/motociclista-fallecio-al-chocar-contra-una-camioneta-estacionada\/","name":"Motociclista falleci\u00f3 al chocar contra una camioneta estacionada | CVI NOTICIAS","isPartOf":{"@id":"https:\/\/cvinoticias.com\/v3\/#website"},"primaryImageOfPage":{"@id":"https:\/\/cvinoticias.com\/v3\/motociclista-fallecio-al-chocar-contra-una-camioneta-estacionada\/#primaryimage"},"image":{"@id":"https:\/\/cvinoticias.com\/v3\/motociclista-fallecio-al-chocar-contra-una-camioneta-estacionada\/#primaryimage"},"thumbnailUrl":"https:\/\/cvinoticias.com\/wp-content\/uploads\/2022\/09\/IMG-20220915-WA0151.jpg","datePublished":"2022-09-16T00:29:10+00:00","dateModified":"2022-09-16T01:02:25+00:00","breadcrumb":{"@id":"https:\/\/cvinoticias.com\/v3\/motociclista-fallecio-al-chocar-contra-una-camioneta-estacionada\/#breadcrumb"},"inLanguage":"es","potentialAction":[{"@type":"ReadAction","target":["https:\/\/cvinoticias.com\/v3\/motociclista-fallecio-al-chocar-contra-una-camioneta-estacionada\/"]}]},{"@type":"ImageObject","inLanguage":"es","@id":"https:\/\/cvinoticias.com\/v3\/motociclista-fallecio-al-chocar-contra-una-camioneta-estacionada\/#primaryimage","url":"https:\/\/cvinoticias.com\/wp-content\/uploads\/2022\/09\/IMG-20220915-WA0151.jpg","contentUrl":"https:\/\/cvinoticias.com\/wp-content\/uploads\/2022\/09\/IMG-20220915-WA0151.jpg","width":671,"height":664},{"@type":"BreadcrumbList","@id":"https:\/\/cvinoticias.com\/v3\/motociclista-fallecio-al-chocar-contra-una-camioneta-estacionada\/#breadcrumb","itemListElement":[{"@type":"ListItem","position":1,"name":"Portada","item":"https:\/\/cvinoticias.com\/v3\/"},{"@type":"ListItem","position":2,"name":"Motociclista falleci\u00f3 al chocar contra una camioneta estacionada"}]},{"@type":"WebSite","@id":"https:\/\/cvinoticias.com\/v3\/#website","url":"https:\/\/cvinoticias.com\/v3\/","name":"CVI NOTICIAS","description":"","publisher":{"@id":"https:\/\/cvinoticias.com\/v3\/#organization"},"alternateName":"CVI","potentialAction":[{"@type":"SearchAction","target":{"@type":"EntryPoint","urlTemplate":"https:\/\/cvinoticias.com\/v3\/?s={search_term_string}"},"query-input":{"@type":"PropertyValueSpecification","valueRequired":true,"valueName":"search_term_string"}}],"inLanguage":"es"},{"@type":"Organization","@id":"https:\/\/cvinoticias.com\/v3\/#organization","name":"CVI NOTICIAS","url":"https:\/\/cvinoticias.com\/v3\/","logo":{"@type":"ImageObject","inLanguage":"es","@id":"https:\/\/cvinoticias.com\/v3\/#\/schema\/logo\/image\/","url":"https:\/\/cvinoticias.com\/wp-content\/uploads\/2023\/04\/cropped-cropped-cropped-cropped-cropped-3-1.png","contentUrl":"https:\/\/cvinoticias.com\/wp-content\/uploads\/2023\/04\/cropped-cropped-cropped-cropped-cropped-3-1.png","width":95,"height":122,"caption":"CVI NOTICIAS"},"image":{"@id":"https:\/\/cvinoticias.com\/v3\/#\/schema\/logo\/image\/"},"sameAs":["https:\/\/www.facebook.com\/cvinoticias","https:\/\/www.instagram.com\/cvinoticias\/","https:\/\/www.youtube.com\/@CVINOTICIAS"]},{"@type":"Person","@id":"https:\/\/cvinoticias.com\/v3\/#\/schema\/person\/2db77e3c6bc03c538495d7b2b8be9b66","name":"f1000024","image":{"@type":"ImageObject","inLanguage":"es","@id":"https:\/\/secure.gravatar.com\/avatar\/d4fe7459cfc51ff5129ce1a732bbef5928568b8092d412ef95611616376bbeed?s=96&d=mm&r=g","url":"https:\/\/secure.gravatar.com\/avatar\/d4fe7459cfc51ff5129ce1a732bbef5928568b8092d412ef95611616376bbeed?s=96&d=mm&r=g","contentUrl":"https:\/\/secure.gravatar.com\/avatar\/d4fe7459cfc51ff5129ce1a732bbef5928568b8092d412ef95611616376bbeed?s=96&d=mm&r=g","caption":"f1000024"},"url":"https:\/\/cvinoticias.com\/v3\/author\/f1000024\/"}]}},"_links":{"self":[{"href":"https:\/\/cvinoticias.com\/v3\/wp-json\/wp\/v2\/posts\/19224","targetHints":{"allow":["GET"]}}],"collection":[{"href":"https:\/\/cvinoticias.com\/v3\/wp-json\/wp\/v2\/posts"}],"about":[{"href":"https:\/\/cvinoticias.com\/v3\/wp-json\/wp\/v2\/types\/post"}],"author":[{"embeddable":true,"href":"https:\/\/cvinoticias.com\/v3\/wp-json\/wp\/v2\/users\/2"}],"replies":[{"embeddable":true,"href":"https:\/\/cvinoticias.com\/v3\/wp-json\/wp\/v2\/comments?post=19224"}],"version-history":[{"count":3,"href":"https:\/\/cvinoticias.com\/v3\/wp-json\/wp\/v2\/posts\/19224\/revisions"}],"predecessor-version":[{"id":19228,"href":"https:\/\/cvinoticias.com\/v3\/wp-json\/wp\/v2\/posts\/19224\/revisions\/19228"}],"wp:featuredmedia":[{"embeddable":true,"href":"https:\/\/cvinoticias.com\/v3\/wp-json\/wp\/v2\/media\/19225"}],"wp:attachment":[{"href":"https:\/\/cvinoticias.com\/v3\/wp-json\/wp\/v2\/media?parent=19224"}],"wp:term":[{"taxonomy":"category","embeddable":true,"href":"https:\/\/cvinoticias.com\/v3\/wp-json\/wp\/v2\/categories?post=19224"},{"taxonomy":"post_tag","embeddable":true,"href":"https:\/\/cvinoticias.com\/v3\/wp-json\/wp\/v2\/tags?post=19224"}],"curies":[{"name":"wp","href":"https:\/\/api.w.org\/{rel}","templated":true}]}}