{"id":19204,"date":"2022-09-15T10:41:32","date_gmt":"2022-09-15T10:41:32","guid":{"rendered":"https:\/\/cvinoticias.com\/v3\/?p=19204"},"modified":"2022-09-15T10:41:32","modified_gmt":"2022-09-15T10:41:32","slug":"los-partidos-de-argentina-del-mundial-de-qatar-se-podran-ver-en-las-escuelas","status":"publish","type":"post","link":"https:\/\/cvinoticias.com\/v3\/los-partidos-de-argentina-del-mundial-de-qatar-se-podran-ver-en-las-escuelas\/","title":{"rendered":"Los partidos de Argentina del Mundial de Qatar se podr\u00e1n ver en las escuelas"},"content":{"rendered":"\n<p><em><strong>El ministro de Educaci\u00f3n de la Naci\u00f3n, Jaime Perczyk confirm\u00f3 que los partidos que juegue la selecci\u00f3n argentina de f\u00fatbol durante el Mundial de Qatar ser\u00e1n transmitidos en las escuelas p\u00fablicas de todo el pa\u00eds. Asimismo, los docentes los vincular\u00e1n a cuestiones de formaci\u00f3n \u00e9tica y contenido cultural.<\/strong><\/em><\/p>\n\n\n\n<p>\u201cLos chicos en Argentina piden ver los partidos del mundial. Es importante que se vean en la escuela, hay que vincularlos a cuestiones de formaci\u00f3n \u00e9tica, y al hecho deportivo hay que llenarlo de contenido cultural\u201d, se\u00f1al\u00f3 el ministro.<\/p>\n\n\n\n<p>En declaraciones radiales, el funcionario, adem\u00e1s, ratific\u00f3 la decisi\u00f3n de incrementar la carga horaria de clases en las escuelas p\u00fablicas primarias, en una medida que sumar\u00e1n 38 d\u00edas al a\u00f1o lectivo.<\/p>\n\n\n\n<p>\u201cDebemos lograr que los chicos aprendan m\u00e1s y que est\u00e9n m\u00e1s tiempo en la escuela. No vi resistencia por parte de los docentes. Cualquier cambio en las condiciones de trabajo debe darse por medio de paritarias. El gobierno nacional financia al menos el 80%\u201c, indic\u00f3 Perczyk en declaraciones radiales.<\/p>\n\n\n\n<p>El funcionario se volvi\u00f3 a diferenciar del gobierno de la ciudad de Buenos Aires, al criticar la prohibici\u00f3n del lenguaje inclusivo. \u201cNo tiene sentido\u201d ante la pr\u00e1ctica social\u201d dijo el ministro y a\u00f1adi\u00f3: \u201cLos chicos lo usan para denunciar una situaci\u00f3n de discriminaci\u00f3n y machismo, que es injusta. No hay ninguna investigaci\u00f3n cient\u00edfica que diga que afecta el aprendizaje de lengua\u201d.<\/p>\n","protected":false},"excerpt":{"rendered":"<p>El ministro de Educaci\u00f3n de la Naci\u00f3n, Jaime Perczyk confirm\u00f3 que los partidos que juegue la selecci\u00f3n argentina de f\u00fatbol durante el Mundial de Qatar ser\u00e1n transmitidos en las escuelas p\u00fablicas de todo el pa\u00eds. Asimismo, los docentes los vincular\u00e1n a cuestiones de formaci\u00f3n \u00e9tica y contenido cultural. \u201cLos chicos en Argentina piden ver los [&hellip;]<\/p>\n","protected":false},"author":2,"featured_media":19205,"comment_status":"open","ping_status":"open","sticky":false,"template":"","format":"standard","meta":{"footnotes":""},"categories":[35],"tags":[],"class_list":["post-19204","post","type-post","status-publish","format-standard","has-post-thumbnail","hentry","category-informacion-general"],"yoast_head":"<!-- This site is optimized with the Yoast SEO plugin v27.5 - https:\/\/yoast.com\/product\/yoast-seo-wordpress\/ -->\n<title>Los partidos de Argentina del Mundial de Qatar se podr\u00e1n ver en las escuelas | CVI NOTICIAS<\/title>\n<meta name=\"robots\" content=\"index, follow, max-snippet:-1, max-image-preview:large, max-video-preview:-1\" \/>\n<link rel=\"canonical\" href=\"https:\/\/cvinoticias.com\/v3\/los-partidos-de-argentina-del-mundial-de-qatar-se-podran-ver-en-las-escuelas\/\" \/>\n<meta property=\"og:locale\" content=\"es_ES\" \/>\n<meta property=\"og:type\" content=\"article\" \/>\n<meta property=\"og:title\" content=\"Los partidos de Argentina del Mundial de Qatar se podr\u00e1n ver en las escuelas | CVI NOTICIAS\" \/>\n<meta property=\"og:description\" content=\"El ministro de Educaci\u00f3n de la Naci\u00f3n, Jaime Perczyk confirm\u00f3 que los partidos que juegue la selecci\u00f3n argentina de f\u00fatbol durante el Mundial de Qatar ser\u00e1n transmitidos en las escuelas p\u00fablicas de todo el pa\u00eds. Asimismo, los docentes los vincular\u00e1n a cuestiones de formaci\u00f3n \u00e9tica y contenido cultural. \u201cLos chicos en Argentina piden ver los [&hellip;]\" \/>\n<meta property=\"og:url\" content=\"https:\/\/cvinoticias.com\/v3\/los-partidos-de-argentina-del-mundial-de-qatar-se-podran-ver-en-las-escuelas\/\" \/>\n<meta property=\"og:site_name\" content=\"CVI NOTICIAS\" \/>\n<meta property=\"article:publisher\" content=\"https:\/\/www.facebook.com\/cvinoticias\" \/>\n<meta property=\"article:published_time\" content=\"2022-09-15T10:41:32+00:00\" \/>\n<meta property=\"og:image\" content=\"https:\/\/cvinoticias.com\/wp-content\/uploads\/2022\/09\/mundial.jpg\" \/>\n\t<meta property=\"og:image:width\" content=\"999\" \/>\n\t<meta property=\"og:image:height\" content=\"666\" \/>\n\t<meta property=\"og:image:type\" content=\"image\/jpeg\" \/>\n<meta name=\"author\" content=\"f1000024\" \/>\n<meta name=\"twitter:card\" content=\"summary_large_image\" \/>\n<meta name=\"twitter:label1\" content=\"Escrito por\" \/>\n\t<meta name=\"twitter:data1\" content=\"f1000024\" \/>\n\t<meta name=\"twitter:label2\" content=\"Tiempo de lectura\" \/>\n\t<meta name=\"twitter:data2\" content=\"1 minuto\" \/>\n<script type=\"application\/ld+json\" class=\"yoast-schema-graph\">{\"@context\":\"https:\\\/\\\/schema.org\",\"@graph\":[{\"@type\":\"Article\",\"@id\":\"https:\\\/\\\/cvinoticias.com\\\/v3\\\/los-partidos-de-argentina-del-mundial-de-qatar-se-podran-ver-en-las-escuelas\\\/#article\",\"isPartOf\":{\"@id\":\"https:\\\/\\\/cvinoticias.com\\\/v3\\\/los-partidos-de-argentina-del-mundial-de-qatar-se-podran-ver-en-las-escuelas\\\/\"},\"author\":{\"name\":\"f1000024\",\"@id\":\"https:\\\/\\\/cvinoticias.com\\\/v3\\\/#\\\/schema\\\/person\\\/2db77e3c6bc03c538495d7b2b8be9b66\"},\"headline\":\"Los partidos de Argentina del Mundial de Qatar se podr\u00e1n ver en las escuelas\",\"datePublished\":\"2022-09-15T10:41:32+00:00\",\"mainEntityOfPage\":{\"@id\":\"https:\\\/\\\/cvinoticias.com\\\/v3\\\/los-partidos-de-argentina-del-mundial-de-qatar-se-podran-ver-en-las-escuelas\\\/\"},\"wordCount\":268,\"commentCount\":0,\"publisher\":{\"@id\":\"https:\\\/\\\/cvinoticias.com\\\/v3\\\/#organization\"},\"image\":{\"@id\":\"https:\\\/\\\/cvinoticias.com\\\/v3\\\/los-partidos-de-argentina-del-mundial-de-qatar-se-podran-ver-en-las-escuelas\\\/#primaryimage\"},\"thumbnailUrl\":\"https:\\\/\\\/cvinoticias.com\\\/wp-content\\\/uploads\\\/2022\\\/09\\\/mundial.jpg\",\"articleSection\":[\"Informaci\u00f3n General\"],\"inLanguage\":\"es\",\"potentialAction\":[{\"@type\":\"CommentAction\",\"name\":\"Comment\",\"target\":[\"https:\\\/\\\/cvinoticias.com\\\/v3\\\/los-partidos-de-argentina-del-mundial-de-qatar-se-podran-ver-en-las-escuelas\\\/#respond\"]}]},{\"@type\":\"WebPage\",\"@id\":\"https:\\\/\\\/cvinoticias.com\\\/v3\\\/los-partidos-de-argentina-del-mundial-de-qatar-se-podran-ver-en-las-escuelas\\\/\",\"url\":\"https:\\\/\\\/cvinoticias.com\\\/v3\\\/los-partidos-de-argentina-del-mundial-de-qatar-se-podran-ver-en-las-escuelas\\\/\",\"name\":\"Los partidos de Argentina del Mundial de Qatar se podr\u00e1n ver en las escuelas | CVI NOTICIAS\",\"isPartOf\":{\"@id\":\"https:\\\/\\\/cvinoticias.com\\\/v3\\\/#website\"},\"primaryImageOfPage\":{\"@id\":\"https:\\\/\\\/cvinoticias.com\\\/v3\\\/los-partidos-de-argentina-del-mundial-de-qatar-se-podran-ver-en-las-escuelas\\\/#primaryimage\"},\"image\":{\"@id\":\"https:\\\/\\\/cvinoticias.com\\\/v3\\\/los-partidos-de-argentina-del-mundial-de-qatar-se-podran-ver-en-las-escuelas\\\/#primaryimage\"},\"thumbnailUrl\":\"https:\\\/\\\/cvinoticias.com\\\/wp-content\\\/uploads\\\/2022\\\/09\\\/mundial.jpg\",\"datePublished\":\"2022-09-15T10:41:32+00:00\",\"breadcrumb\":{\"@id\":\"https:\\\/\\\/cvinoticias.com\\\/v3\\\/los-partidos-de-argentina-del-mundial-de-qatar-se-podran-ver-en-las-escuelas\\\/#breadcrumb\"},\"inLanguage\":\"es\",\"potentialAction\":[{\"@type\":\"ReadAction\",\"target\":[\"https:\\\/\\\/cvinoticias.com\\\/v3\\\/los-partidos-de-argentina-del-mundial-de-qatar-se-podran-ver-en-las-escuelas\\\/\"]}]},{\"@type\":\"ImageObject\",\"inLanguage\":\"es\",\"@id\":\"https:\\\/\\\/cvinoticias.com\\\/v3\\\/los-partidos-de-argentina-del-mundial-de-qatar-se-podran-ver-en-las-escuelas\\\/#primaryimage\",\"url\":\"https:\\\/\\\/cvinoticias.com\\\/wp-content\\\/uploads\\\/2022\\\/09\\\/mundial.jpg\",\"contentUrl\":\"https:\\\/\\\/cvinoticias.com\\\/wp-content\\\/uploads\\\/2022\\\/09\\\/mundial.jpg\",\"width\":999,\"height\":666},{\"@type\":\"BreadcrumbList\",\"@id\":\"https:\\\/\\\/cvinoticias.com\\\/v3\\\/los-partidos-de-argentina-del-mundial-de-qatar-se-podran-ver-en-las-escuelas\\\/#breadcrumb\",\"itemListElement\":[{\"@type\":\"ListItem\",\"position\":1,\"name\":\"Portada\",\"item\":\"https:\\\/\\\/cvinoticias.com\\\/v3\\\/\"},{\"@type\":\"ListItem\",\"position\":2,\"name\":\"Los partidos de Argentina del Mundial de Qatar se podr\u00e1n ver en las escuelas\"}]},{\"@type\":\"WebSite\",\"@id\":\"https:\\\/\\\/cvinoticias.com\\\/v3\\\/#website\",\"url\":\"https:\\\/\\\/cvinoticias.com\\\/v3\\\/\",\"name\":\"CVI NOTICIAS\",\"description\":\"\",\"publisher\":{\"@id\":\"https:\\\/\\\/cvinoticias.com\\\/v3\\\/#organization\"},\"alternateName\":\"CVI\",\"potentialAction\":[{\"@type\":\"SearchAction\",\"target\":{\"@type\":\"EntryPoint\",\"urlTemplate\":\"https:\\\/\\\/cvinoticias.com\\\/v3\\\/?s={search_term_string}\"},\"query-input\":{\"@type\":\"PropertyValueSpecification\",\"valueRequired\":true,\"valueName\":\"search_term_string\"}}],\"inLanguage\":\"es\"},{\"@type\":\"Organization\",\"@id\":\"https:\\\/\\\/cvinoticias.com\\\/v3\\\/#organization\",\"name\":\"CVI NOTICIAS\",\"url\":\"https:\\\/\\\/cvinoticias.com\\\/v3\\\/\",\"logo\":{\"@type\":\"ImageObject\",\"inLanguage\":\"es\",\"@id\":\"https:\\\/\\\/cvinoticias.com\\\/v3\\\/#\\\/schema\\\/logo\\\/image\\\/\",\"url\":\"https:\\\/\\\/cvinoticias.com\\\/wp-content\\\/uploads\\\/2023\\\/04\\\/cropped-cropped-cropped-cropped-cropped-3-1.png\",\"contentUrl\":\"https:\\\/\\\/cvinoticias.com\\\/wp-content\\\/uploads\\\/2023\\\/04\\\/cropped-cropped-cropped-cropped-cropped-3-1.png\",\"width\":95,\"height\":122,\"caption\":\"CVI NOTICIAS\"},\"image\":{\"@id\":\"https:\\\/\\\/cvinoticias.com\\\/v3\\\/#\\\/schema\\\/logo\\\/image\\\/\"},\"sameAs\":[\"https:\\\/\\\/www.facebook.com\\\/cvinoticias\",\"https:\\\/\\\/www.instagram.com\\\/cvinoticias\\\/\",\"https:\\\/\\\/www.youtube.com\\\/@CVINOTICIAS\"]},{\"@type\":\"Person\",\"@id\":\"https:\\\/\\\/cvinoticias.com\\\/v3\\\/#\\\/schema\\\/person\\\/2db77e3c6bc03c538495d7b2b8be9b66\",\"name\":\"f1000024\",\"image\":{\"@type\":\"ImageObject\",\"inLanguage\":\"es\",\"@id\":\"https:\\\/\\\/secure.gravatar.com\\\/avatar\\\/d4fe7459cfc51ff5129ce1a732bbef5928568b8092d412ef95611616376bbeed?s=96&d=mm&r=g\",\"url\":\"https:\\\/\\\/secure.gravatar.com\\\/avatar\\\/d4fe7459cfc51ff5129ce1a732bbef5928568b8092d412ef95611616376bbeed?s=96&d=mm&r=g\",\"contentUrl\":\"https:\\\/\\\/secure.gravatar.com\\\/avatar\\\/d4fe7459cfc51ff5129ce1a732bbef5928568b8092d412ef95611616376bbeed?s=96&d=mm&r=g\",\"caption\":\"f1000024\"},\"url\":\"https:\\\/\\\/cvinoticias.com\\\/v3\\\/author\\\/f1000024\\\/\"}]}<\/script>\n<!-- \/ Yoast SEO plugin. -->","yoast_head_json":{"title":"Los partidos de Argentina del Mundial de Qatar se podr\u00e1n ver en las escuelas | CVI NOTICIAS","robots":{"index":"index","follow":"follow","max-snippet":"max-snippet:-1","max-image-preview":"max-image-preview:large","max-video-preview":"max-video-preview:-1"},"canonical":"https:\/\/cvinoticias.com\/v3\/los-partidos-de-argentina-del-mundial-de-qatar-se-podran-ver-en-las-escuelas\/","og_locale":"es_ES","og_type":"article","og_title":"Los partidos de Argentina del Mundial de Qatar se podr\u00e1n ver en las escuelas | CVI NOTICIAS","og_description":"El ministro de Educaci\u00f3n de la Naci\u00f3n, Jaime Perczyk confirm\u00f3 que los partidos que juegue la selecci\u00f3n argentina de f\u00fatbol durante el Mundial de Qatar ser\u00e1n transmitidos en las escuelas p\u00fablicas de todo el pa\u00eds. Asimismo, los docentes los vincular\u00e1n a cuestiones de formaci\u00f3n \u00e9tica y contenido cultural. \u201cLos chicos en Argentina piden ver los [&hellip;]","og_url":"https:\/\/cvinoticias.com\/v3\/los-partidos-de-argentina-del-mundial-de-qatar-se-podran-ver-en-las-escuelas\/","og_site_name":"CVI NOTICIAS","article_publisher":"https:\/\/www.facebook.com\/cvinoticias","article_published_time":"2022-09-15T10:41:32+00:00","og_image":[{"width":999,"height":666,"url":"https:\/\/cvinoticias.com\/wp-content\/uploads\/2022\/09\/mundial.jpg","type":"image\/jpeg"}],"author":"f1000024","twitter_card":"summary_large_image","twitter_misc":{"Escrito por":"f1000024","Tiempo de lectura":"1 minuto"},"schema":{"@context":"https:\/\/schema.org","@graph":[{"@type":"Article","@id":"https:\/\/cvinoticias.com\/v3\/los-partidos-de-argentina-del-mundial-de-qatar-se-podran-ver-en-las-escuelas\/#article","isPartOf":{"@id":"https:\/\/cvinoticias.com\/v3\/los-partidos-de-argentina-del-mundial-de-qatar-se-podran-ver-en-las-escuelas\/"},"author":{"name":"f1000024","@id":"https:\/\/cvinoticias.com\/v3\/#\/schema\/person\/2db77e3c6bc03c538495d7b2b8be9b66"},"headline":"Los partidos de Argentina del Mundial de Qatar se podr\u00e1n ver en las escuelas","datePublished":"2022-09-15T10:41:32+00:00","mainEntityOfPage":{"@id":"https:\/\/cvinoticias.com\/v3\/los-partidos-de-argentina-del-mundial-de-qatar-se-podran-ver-en-las-escuelas\/"},"wordCount":268,"commentCount":0,"publisher":{"@id":"https:\/\/cvinoticias.com\/v3\/#organization"},"image":{"@id":"https:\/\/cvinoticias.com\/v3\/los-partidos-de-argentina-del-mundial-de-qatar-se-podran-ver-en-las-escuelas\/#primaryimage"},"thumbnailUrl":"https:\/\/cvinoticias.com\/wp-content\/uploads\/2022\/09\/mundial.jpg","articleSection":["Informaci\u00f3n General"],"inLanguage":"es","potentialAction":[{"@type":"CommentAction","name":"Comment","target":["https:\/\/cvinoticias.com\/v3\/los-partidos-de-argentina-del-mundial-de-qatar-se-podran-ver-en-las-escuelas\/#respond"]}]},{"@type":"WebPage","@id":"https:\/\/cvinoticias.com\/v3\/los-partidos-de-argentina-del-mundial-de-qatar-se-podran-ver-en-las-escuelas\/","url":"https:\/\/cvinoticias.com\/v3\/los-partidos-de-argentina-del-mundial-de-qatar-se-podran-ver-en-las-escuelas\/","name":"Los partidos de Argentina del Mundial de Qatar se podr\u00e1n ver en las escuelas | CVI NOTICIAS","isPartOf":{"@id":"https:\/\/cvinoticias.com\/v3\/#website"},"primaryImageOfPage":{"@id":"https:\/\/cvinoticias.com\/v3\/los-partidos-de-argentina-del-mundial-de-qatar-se-podran-ver-en-las-escuelas\/#primaryimage"},"image":{"@id":"https:\/\/cvinoticias.com\/v3\/los-partidos-de-argentina-del-mundial-de-qatar-se-podran-ver-en-las-escuelas\/#primaryimage"},"thumbnailUrl":"https:\/\/cvinoticias.com\/wp-content\/uploads\/2022\/09\/mundial.jpg","datePublished":"2022-09-15T10:41:32+00:00","breadcrumb":{"@id":"https:\/\/cvinoticias.com\/v3\/los-partidos-de-argentina-del-mundial-de-qatar-se-podran-ver-en-las-escuelas\/#breadcrumb"},"inLanguage":"es","potentialAction":[{"@type":"ReadAction","target":["https:\/\/cvinoticias.com\/v3\/los-partidos-de-argentina-del-mundial-de-qatar-se-podran-ver-en-las-escuelas\/"]}]},{"@type":"ImageObject","inLanguage":"es","@id":"https:\/\/cvinoticias.com\/v3\/los-partidos-de-argentina-del-mundial-de-qatar-se-podran-ver-en-las-escuelas\/#primaryimage","url":"https:\/\/cvinoticias.com\/wp-content\/uploads\/2022\/09\/mundial.jpg","contentUrl":"https:\/\/cvinoticias.com\/wp-content\/uploads\/2022\/09\/mundial.jpg","width":999,"height":666},{"@type":"BreadcrumbList","@id":"https:\/\/cvinoticias.com\/v3\/los-partidos-de-argentina-del-mundial-de-qatar-se-podran-ver-en-las-escuelas\/#breadcrumb","itemListElement":[{"@type":"ListItem","position":1,"name":"Portada","item":"https:\/\/cvinoticias.com\/v3\/"},{"@type":"ListItem","position":2,"name":"Los partidos de Argentina del Mundial de Qatar se podr\u00e1n ver en las escuelas"}]},{"@type":"WebSite","@id":"https:\/\/cvinoticias.com\/v3\/#website","url":"https:\/\/cvinoticias.com\/v3\/","name":"CVI NOTICIAS","description":"","publisher":{"@id":"https:\/\/cvinoticias.com\/v3\/#organization"},"alternateName":"CVI","potentialAction":[{"@type":"SearchAction","target":{"@type":"EntryPoint","urlTemplate":"https:\/\/cvinoticias.com\/v3\/?s={search_term_string}"},"query-input":{"@type":"PropertyValueSpecification","valueRequired":true,"valueName":"search_term_string"}}],"inLanguage":"es"},{"@type":"Organization","@id":"https:\/\/cvinoticias.com\/v3\/#organization","name":"CVI NOTICIAS","url":"https:\/\/cvinoticias.com\/v3\/","logo":{"@type":"ImageObject","inLanguage":"es","@id":"https:\/\/cvinoticias.com\/v3\/#\/schema\/logo\/image\/","url":"https:\/\/cvinoticias.com\/wp-content\/uploads\/2023\/04\/cropped-cropped-cropped-cropped-cropped-3-1.png","contentUrl":"https:\/\/cvinoticias.com\/wp-content\/uploads\/2023\/04\/cropped-cropped-cropped-cropped-cropped-3-1.png","width":95,"height":122,"caption":"CVI NOTICIAS"},"image":{"@id":"https:\/\/cvinoticias.com\/v3\/#\/schema\/logo\/image\/"},"sameAs":["https:\/\/www.facebook.com\/cvinoticias","https:\/\/www.instagram.com\/cvinoticias\/","https:\/\/www.youtube.com\/@CVINOTICIAS"]},{"@type":"Person","@id":"https:\/\/cvinoticias.com\/v3\/#\/schema\/person\/2db77e3c6bc03c538495d7b2b8be9b66","name":"f1000024","image":{"@type":"ImageObject","inLanguage":"es","@id":"https:\/\/secure.gravatar.com\/avatar\/d4fe7459cfc51ff5129ce1a732bbef5928568b8092d412ef95611616376bbeed?s=96&d=mm&r=g","url":"https:\/\/secure.gravatar.com\/avatar\/d4fe7459cfc51ff5129ce1a732bbef5928568b8092d412ef95611616376bbeed?s=96&d=mm&r=g","contentUrl":"https:\/\/secure.gravatar.com\/avatar\/d4fe7459cfc51ff5129ce1a732bbef5928568b8092d412ef95611616376bbeed?s=96&d=mm&r=g","caption":"f1000024"},"url":"https:\/\/cvinoticias.com\/v3\/author\/f1000024\/"}]}},"_links":{"self":[{"href":"https:\/\/cvinoticias.com\/v3\/wp-json\/wp\/v2\/posts\/19204","targetHints":{"allow":["GET"]}}],"collection":[{"href":"https:\/\/cvinoticias.com\/v3\/wp-json\/wp\/v2\/posts"}],"about":[{"href":"https:\/\/cvinoticias.com\/v3\/wp-json\/wp\/v2\/types\/post"}],"author":[{"embeddable":true,"href":"https:\/\/cvinoticias.com\/v3\/wp-json\/wp\/v2\/users\/2"}],"replies":[{"embeddable":true,"href":"https:\/\/cvinoticias.com\/v3\/wp-json\/wp\/v2\/comments?post=19204"}],"version-history":[{"count":1,"href":"https:\/\/cvinoticias.com\/v3\/wp-json\/wp\/v2\/posts\/19204\/revisions"}],"predecessor-version":[{"id":19206,"href":"https:\/\/cvinoticias.com\/v3\/wp-json\/wp\/v2\/posts\/19204\/revisions\/19206"}],"wp:featuredmedia":[{"embeddable":true,"href":"https:\/\/cvinoticias.com\/v3\/wp-json\/wp\/v2\/media\/19205"}],"wp:attachment":[{"href":"https:\/\/cvinoticias.com\/v3\/wp-json\/wp\/v2\/media?parent=19204"}],"wp:term":[{"taxonomy":"category","embeddable":true,"href":"https:\/\/cvinoticias.com\/v3\/wp-json\/wp\/v2\/categories?post=19204"},{"taxonomy":"post_tag","embeddable":true,"href":"https:\/\/cvinoticias.com\/v3\/wp-json\/wp\/v2\/tags?post=19204"}],"curies":[{"name":"wp","href":"https:\/\/api.w.org\/{rel}","templated":true}]}}