{"id":1920,"date":"2021-01-21T17:10:05","date_gmt":"2021-01-21T17:10:05","guid":{"rendered":"https:\/\/cvinoticias.com\/v3\/?p=1920"},"modified":"2021-01-21T17:10:05","modified_gmt":"2021-01-21T17:10:05","slug":"intento-de-femicidio-en-garupa-ataco-a-punaladas-a-su-pareja-y-a-su-hija-de-4-anos","status":"publish","type":"post","link":"https:\/\/cvinoticias.com\/v3\/intento-de-femicidio-en-garupa-ataco-a-punaladas-a-su-pareja-y-a-su-hija-de-4-anos\/","title":{"rendered":"Intento de femicidio en Garup\u00e1: atac\u00f3 a pu\u00f1aladas a su pareja y a su hija de 4 a\u00f1os"},"content":{"rendered":"\n<p><strong><em>Efectivos de la comisar\u00eda de Garup\u00e1 y divisi\u00f3n Investigaciones de la Unidad Regional X detuvieron en una vivienda del paraje Santa In\u00e9s a un joven de 24 a\u00f1os, acusado de intento de femicidio en perjuicio de su pareja de 20 a\u00f1os y la hija de esta, una ni\u00f1a de 4.<\/em><\/strong><\/p>\n\n\n\n<p>El hecho se conoci\u00f3 cuando un m\u00f3vil de la Polic\u00eda fue requerido a trav\u00e9s del Centro Integral de Operaciones CIO 911, en el barrio La Colina. En el lugar, hallaron a la joven herida en varias partes del cuerpo manifestando que su pareja, tras una discusi\u00f3n, le asest\u00f3 puntazos, al igual que a la hija de ella, una peque\u00f1a de 4 a\u00f1os y se dio a la fuga.<\/p>\n\n\n\n<p>En el inmueble, los uniformados secuestraron un objeto tipo aire comprimido y un cuchillo que fueron sometidos a pericias.<\/p>\n\n\n\n<p>Las v\u00edctimas se encuentran internadas en el hospital Madariaga y en el de Pediatr\u00eda del Parque de la Salud, aguard\u00e1ndose nuevo parte m\u00e9dico para conocer su estado de salud.<\/p>\n\n\n\n<p>El detenido por su parte, qued\u00f3 alojado en sede policial a disposici\u00f3n del Juzgado de Instrucci\u00f3n 6 de Posadas.<\/p>\n\n\n\n<p>Prensa Polic\u00eda Provincial<\/p>\n","protected":false},"excerpt":{"rendered":"<p>Efectivos de la comisar\u00eda de Garup\u00e1 y divisi\u00f3n Investigaciones de la Unidad Regional X detuvieron en una vivienda del paraje Santa In\u00e9s a un joven de 24 a\u00f1os, acusado de intento de femicidio en perjuicio de su pareja de 20 a\u00f1os y la hija de esta, una ni\u00f1a de 4. El hecho se conoci\u00f3 cuando [&hellip;]<\/p>\n","protected":false},"author":2,"featured_media":1921,"comment_status":"open","ping_status":"open","sticky":false,"template":"","format":"standard","meta":{"footnotes":""},"categories":[41],"tags":[],"class_list":["post-1920","post","type-post","status-publish","format-standard","has-post-thumbnail","hentry","category-policiales"],"yoast_head":"<!-- This site is optimized with the Yoast SEO plugin v27.5 - https:\/\/yoast.com\/product\/yoast-seo-wordpress\/ -->\n<title>Intento de femicidio en Garup\u00e1: atac\u00f3 a pu\u00f1aladas a su pareja y a su hija de 4 a\u00f1os | CVI NOTICIAS<\/title>\n<meta name=\"robots\" content=\"index, follow, max-snippet:-1, max-image-preview:large, max-video-preview:-1\" \/>\n<link rel=\"canonical\" href=\"https:\/\/cvinoticias.com\/v3\/intento-de-femicidio-en-garupa-ataco-a-punaladas-a-su-pareja-y-a-su-hija-de-4-anos\/\" \/>\n<meta property=\"og:locale\" content=\"es_ES\" \/>\n<meta property=\"og:type\" content=\"article\" \/>\n<meta property=\"og:title\" content=\"Intento de femicidio en Garup\u00e1: atac\u00f3 a pu\u00f1aladas a su pareja y a su hija de 4 a\u00f1os | CVI NOTICIAS\" \/>\n<meta property=\"og:description\" content=\"Efectivos de la comisar\u00eda de Garup\u00e1 y divisi\u00f3n Investigaciones de la Unidad Regional X detuvieron en una vivienda del paraje Santa In\u00e9s a un joven de 24 a\u00f1os, acusado de intento de femicidio en perjuicio de su pareja de 20 a\u00f1os y la hija de esta, una ni\u00f1a de 4. El hecho se conoci\u00f3 cuando [&hellip;]\" \/>\n<meta property=\"og:url\" content=\"https:\/\/cvinoticias.com\/v3\/intento-de-femicidio-en-garupa-ataco-a-punaladas-a-su-pareja-y-a-su-hija-de-4-anos\/\" \/>\n<meta property=\"og:site_name\" content=\"CVI NOTICIAS\" \/>\n<meta property=\"article:publisher\" content=\"https:\/\/www.facebook.com\/cvinoticias\" \/>\n<meta property=\"article:published_time\" content=\"2021-01-21T17:10:05+00:00\" \/>\n<meta property=\"og:image\" content=\"https:\/\/cvinoticias.com\/wp-content\/uploads\/2021\/01\/Detenido-por-agresion-1.jpg\" \/>\n\t<meta property=\"og:image:width\" content=\"870\" \/>\n\t<meta property=\"og:image:height\" content=\"478\" \/>\n\t<meta property=\"og:image:type\" content=\"image\/jpeg\" \/>\n<meta name=\"author\" content=\"f1000024\" \/>\n<meta name=\"twitter:card\" content=\"summary_large_image\" \/>\n<meta name=\"twitter:label1\" content=\"Escrito por\" \/>\n\t<meta name=\"twitter:data1\" content=\"f1000024\" \/>\n\t<meta name=\"twitter:label2\" content=\"Tiempo de lectura\" \/>\n\t<meta name=\"twitter:data2\" content=\"1 minuto\" \/>\n<script type=\"application\/ld+json\" class=\"yoast-schema-graph\">{\"@context\":\"https:\\\/\\\/schema.org\",\"@graph\":[{\"@type\":\"Article\",\"@id\":\"https:\\\/\\\/cvinoticias.com\\\/v3\\\/intento-de-femicidio-en-garupa-ataco-a-punaladas-a-su-pareja-y-a-su-hija-de-4-anos\\\/#article\",\"isPartOf\":{\"@id\":\"https:\\\/\\\/cvinoticias.com\\\/v3\\\/intento-de-femicidio-en-garupa-ataco-a-punaladas-a-su-pareja-y-a-su-hija-de-4-anos\\\/\"},\"author\":{\"name\":\"f1000024\",\"@id\":\"https:\\\/\\\/cvinoticias.com\\\/v3\\\/#\\\/schema\\\/person\\\/2db77e3c6bc03c538495d7b2b8be9b66\"},\"headline\":\"Intento de femicidio en Garup\u00e1: atac\u00f3 a pu\u00f1aladas a su pareja y a su hija de 4 a\u00f1os\",\"datePublished\":\"2021-01-21T17:10:05+00:00\",\"mainEntityOfPage\":{\"@id\":\"https:\\\/\\\/cvinoticias.com\\\/v3\\\/intento-de-femicidio-en-garupa-ataco-a-punaladas-a-su-pareja-y-a-su-hija-de-4-anos\\\/\"},\"wordCount\":220,\"commentCount\":0,\"publisher\":{\"@id\":\"https:\\\/\\\/cvinoticias.com\\\/v3\\\/#organization\"},\"image\":{\"@id\":\"https:\\\/\\\/cvinoticias.com\\\/v3\\\/intento-de-femicidio-en-garupa-ataco-a-punaladas-a-su-pareja-y-a-su-hija-de-4-anos\\\/#primaryimage\"},\"thumbnailUrl\":\"https:\\\/\\\/cvinoticias.com\\\/wp-content\\\/uploads\\\/2021\\\/01\\\/Detenido-por-agresion-1.jpg\",\"articleSection\":[\"Policiales\"],\"inLanguage\":\"es\",\"potentialAction\":[{\"@type\":\"CommentAction\",\"name\":\"Comment\",\"target\":[\"https:\\\/\\\/cvinoticias.com\\\/v3\\\/intento-de-femicidio-en-garupa-ataco-a-punaladas-a-su-pareja-y-a-su-hija-de-4-anos\\\/#respond\"]}]},{\"@type\":\"WebPage\",\"@id\":\"https:\\\/\\\/cvinoticias.com\\\/v3\\\/intento-de-femicidio-en-garupa-ataco-a-punaladas-a-su-pareja-y-a-su-hija-de-4-anos\\\/\",\"url\":\"https:\\\/\\\/cvinoticias.com\\\/v3\\\/intento-de-femicidio-en-garupa-ataco-a-punaladas-a-su-pareja-y-a-su-hija-de-4-anos\\\/\",\"name\":\"Intento de femicidio en Garup\u00e1: atac\u00f3 a pu\u00f1aladas a su pareja y a su hija de 4 a\u00f1os | CVI NOTICIAS\",\"isPartOf\":{\"@id\":\"https:\\\/\\\/cvinoticias.com\\\/v3\\\/#website\"},\"primaryImageOfPage\":{\"@id\":\"https:\\\/\\\/cvinoticias.com\\\/v3\\\/intento-de-femicidio-en-garupa-ataco-a-punaladas-a-su-pareja-y-a-su-hija-de-4-anos\\\/#primaryimage\"},\"image\":{\"@id\":\"https:\\\/\\\/cvinoticias.com\\\/v3\\\/intento-de-femicidio-en-garupa-ataco-a-punaladas-a-su-pareja-y-a-su-hija-de-4-anos\\\/#primaryimage\"},\"thumbnailUrl\":\"https:\\\/\\\/cvinoticias.com\\\/wp-content\\\/uploads\\\/2021\\\/01\\\/Detenido-por-agresion-1.jpg\",\"datePublished\":\"2021-01-21T17:10:05+00:00\",\"breadcrumb\":{\"@id\":\"https:\\\/\\\/cvinoticias.com\\\/v3\\\/intento-de-femicidio-en-garupa-ataco-a-punaladas-a-su-pareja-y-a-su-hija-de-4-anos\\\/#breadcrumb\"},\"inLanguage\":\"es\",\"potentialAction\":[{\"@type\":\"ReadAction\",\"target\":[\"https:\\\/\\\/cvinoticias.com\\\/v3\\\/intento-de-femicidio-en-garupa-ataco-a-punaladas-a-su-pareja-y-a-su-hija-de-4-anos\\\/\"]}]},{\"@type\":\"ImageObject\",\"inLanguage\":\"es\",\"@id\":\"https:\\\/\\\/cvinoticias.com\\\/v3\\\/intento-de-femicidio-en-garupa-ataco-a-punaladas-a-su-pareja-y-a-su-hija-de-4-anos\\\/#primaryimage\",\"url\":\"https:\\\/\\\/cvinoticias.com\\\/wp-content\\\/uploads\\\/2021\\\/01\\\/Detenido-por-agresion-1.jpg\",\"contentUrl\":\"https:\\\/\\\/cvinoticias.com\\\/wp-content\\\/uploads\\\/2021\\\/01\\\/Detenido-por-agresion-1.jpg\",\"width\":870,\"height\":478},{\"@type\":\"BreadcrumbList\",\"@id\":\"https:\\\/\\\/cvinoticias.com\\\/v3\\\/intento-de-femicidio-en-garupa-ataco-a-punaladas-a-su-pareja-y-a-su-hija-de-4-anos\\\/#breadcrumb\",\"itemListElement\":[{\"@type\":\"ListItem\",\"position\":1,\"name\":\"Portada\",\"item\":\"https:\\\/\\\/cvinoticias.com\\\/v3\\\/\"},{\"@type\":\"ListItem\",\"position\":2,\"name\":\"Intento de femicidio en Garup\u00e1: atac\u00f3 a pu\u00f1aladas a su pareja y a su hija de 4 a\u00f1os\"}]},{\"@type\":\"WebSite\",\"@id\":\"https:\\\/\\\/cvinoticias.com\\\/v3\\\/#website\",\"url\":\"https:\\\/\\\/cvinoticias.com\\\/v3\\\/\",\"name\":\"CVI NOTICIAS\",\"description\":\"\",\"publisher\":{\"@id\":\"https:\\\/\\\/cvinoticias.com\\\/v3\\\/#organization\"},\"alternateName\":\"CVI\",\"potentialAction\":[{\"@type\":\"SearchAction\",\"target\":{\"@type\":\"EntryPoint\",\"urlTemplate\":\"https:\\\/\\\/cvinoticias.com\\\/v3\\\/?s={search_term_string}\"},\"query-input\":{\"@type\":\"PropertyValueSpecification\",\"valueRequired\":true,\"valueName\":\"search_term_string\"}}],\"inLanguage\":\"es\"},{\"@type\":\"Organization\",\"@id\":\"https:\\\/\\\/cvinoticias.com\\\/v3\\\/#organization\",\"name\":\"CVI NOTICIAS\",\"url\":\"https:\\\/\\\/cvinoticias.com\\\/v3\\\/\",\"logo\":{\"@type\":\"ImageObject\",\"inLanguage\":\"es\",\"@id\":\"https:\\\/\\\/cvinoticias.com\\\/v3\\\/#\\\/schema\\\/logo\\\/image\\\/\",\"url\":\"https:\\\/\\\/cvinoticias.com\\\/wp-content\\\/uploads\\\/2023\\\/04\\\/cropped-cropped-cropped-cropped-cropped-3-1.png\",\"contentUrl\":\"https:\\\/\\\/cvinoticias.com\\\/wp-content\\\/uploads\\\/2023\\\/04\\\/cropped-cropped-cropped-cropped-cropped-3-1.png\",\"width\":95,\"height\":122,\"caption\":\"CVI NOTICIAS\"},\"image\":{\"@id\":\"https:\\\/\\\/cvinoticias.com\\\/v3\\\/#\\\/schema\\\/logo\\\/image\\\/\"},\"sameAs\":[\"https:\\\/\\\/www.facebook.com\\\/cvinoticias\",\"https:\\\/\\\/www.instagram.com\\\/cvinoticias\\\/\",\"https:\\\/\\\/www.youtube.com\\\/@CVINOTICIAS\"]},{\"@type\":\"Person\",\"@id\":\"https:\\\/\\\/cvinoticias.com\\\/v3\\\/#\\\/schema\\\/person\\\/2db77e3c6bc03c538495d7b2b8be9b66\",\"name\":\"f1000024\",\"image\":{\"@type\":\"ImageObject\",\"inLanguage\":\"es\",\"@id\":\"https:\\\/\\\/secure.gravatar.com\\\/avatar\\\/d4fe7459cfc51ff5129ce1a732bbef5928568b8092d412ef95611616376bbeed?s=96&d=mm&r=g\",\"url\":\"https:\\\/\\\/secure.gravatar.com\\\/avatar\\\/d4fe7459cfc51ff5129ce1a732bbef5928568b8092d412ef95611616376bbeed?s=96&d=mm&r=g\",\"contentUrl\":\"https:\\\/\\\/secure.gravatar.com\\\/avatar\\\/d4fe7459cfc51ff5129ce1a732bbef5928568b8092d412ef95611616376bbeed?s=96&d=mm&r=g\",\"caption\":\"f1000024\"},\"url\":\"https:\\\/\\\/cvinoticias.com\\\/v3\\\/author\\\/f1000024\\\/\"}]}<\/script>\n<!-- \/ Yoast SEO plugin. -->","yoast_head_json":{"title":"Intento de femicidio en Garup\u00e1: atac\u00f3 a pu\u00f1aladas a su pareja y a su hija de 4 a\u00f1os | CVI NOTICIAS","robots":{"index":"index","follow":"follow","max-snippet":"max-snippet:-1","max-image-preview":"max-image-preview:large","max-video-preview":"max-video-preview:-1"},"canonical":"https:\/\/cvinoticias.com\/v3\/intento-de-femicidio-en-garupa-ataco-a-punaladas-a-su-pareja-y-a-su-hija-de-4-anos\/","og_locale":"es_ES","og_type":"article","og_title":"Intento de femicidio en Garup\u00e1: atac\u00f3 a pu\u00f1aladas a su pareja y a su hija de 4 a\u00f1os | CVI NOTICIAS","og_description":"Efectivos de la comisar\u00eda de Garup\u00e1 y divisi\u00f3n Investigaciones de la Unidad Regional X detuvieron en una vivienda del paraje Santa In\u00e9s a un joven de 24 a\u00f1os, acusado de intento de femicidio en perjuicio de su pareja de 20 a\u00f1os y la hija de esta, una ni\u00f1a de 4. El hecho se conoci\u00f3 cuando [&hellip;]","og_url":"https:\/\/cvinoticias.com\/v3\/intento-de-femicidio-en-garupa-ataco-a-punaladas-a-su-pareja-y-a-su-hija-de-4-anos\/","og_site_name":"CVI NOTICIAS","article_publisher":"https:\/\/www.facebook.com\/cvinoticias","article_published_time":"2021-01-21T17:10:05+00:00","og_image":[{"width":870,"height":478,"url":"https:\/\/cvinoticias.com\/wp-content\/uploads\/2021\/01\/Detenido-por-agresion-1.jpg","type":"image\/jpeg"}],"author":"f1000024","twitter_card":"summary_large_image","twitter_misc":{"Escrito por":"f1000024","Tiempo de lectura":"1 minuto"},"schema":{"@context":"https:\/\/schema.org","@graph":[{"@type":"Article","@id":"https:\/\/cvinoticias.com\/v3\/intento-de-femicidio-en-garupa-ataco-a-punaladas-a-su-pareja-y-a-su-hija-de-4-anos\/#article","isPartOf":{"@id":"https:\/\/cvinoticias.com\/v3\/intento-de-femicidio-en-garupa-ataco-a-punaladas-a-su-pareja-y-a-su-hija-de-4-anos\/"},"author":{"name":"f1000024","@id":"https:\/\/cvinoticias.com\/v3\/#\/schema\/person\/2db77e3c6bc03c538495d7b2b8be9b66"},"headline":"Intento de femicidio en Garup\u00e1: atac\u00f3 a pu\u00f1aladas a su pareja y a su hija de 4 a\u00f1os","datePublished":"2021-01-21T17:10:05+00:00","mainEntityOfPage":{"@id":"https:\/\/cvinoticias.com\/v3\/intento-de-femicidio-en-garupa-ataco-a-punaladas-a-su-pareja-y-a-su-hija-de-4-anos\/"},"wordCount":220,"commentCount":0,"publisher":{"@id":"https:\/\/cvinoticias.com\/v3\/#organization"},"image":{"@id":"https:\/\/cvinoticias.com\/v3\/intento-de-femicidio-en-garupa-ataco-a-punaladas-a-su-pareja-y-a-su-hija-de-4-anos\/#primaryimage"},"thumbnailUrl":"https:\/\/cvinoticias.com\/wp-content\/uploads\/2021\/01\/Detenido-por-agresion-1.jpg","articleSection":["Policiales"],"inLanguage":"es","potentialAction":[{"@type":"CommentAction","name":"Comment","target":["https:\/\/cvinoticias.com\/v3\/intento-de-femicidio-en-garupa-ataco-a-punaladas-a-su-pareja-y-a-su-hija-de-4-anos\/#respond"]}]},{"@type":"WebPage","@id":"https:\/\/cvinoticias.com\/v3\/intento-de-femicidio-en-garupa-ataco-a-punaladas-a-su-pareja-y-a-su-hija-de-4-anos\/","url":"https:\/\/cvinoticias.com\/v3\/intento-de-femicidio-en-garupa-ataco-a-punaladas-a-su-pareja-y-a-su-hija-de-4-anos\/","name":"Intento de femicidio en Garup\u00e1: atac\u00f3 a pu\u00f1aladas a su pareja y a su hija de 4 a\u00f1os | CVI NOTICIAS","isPartOf":{"@id":"https:\/\/cvinoticias.com\/v3\/#website"},"primaryImageOfPage":{"@id":"https:\/\/cvinoticias.com\/v3\/intento-de-femicidio-en-garupa-ataco-a-punaladas-a-su-pareja-y-a-su-hija-de-4-anos\/#primaryimage"},"image":{"@id":"https:\/\/cvinoticias.com\/v3\/intento-de-femicidio-en-garupa-ataco-a-punaladas-a-su-pareja-y-a-su-hija-de-4-anos\/#primaryimage"},"thumbnailUrl":"https:\/\/cvinoticias.com\/wp-content\/uploads\/2021\/01\/Detenido-por-agresion-1.jpg","datePublished":"2021-01-21T17:10:05+00:00","breadcrumb":{"@id":"https:\/\/cvinoticias.com\/v3\/intento-de-femicidio-en-garupa-ataco-a-punaladas-a-su-pareja-y-a-su-hija-de-4-anos\/#breadcrumb"},"inLanguage":"es","potentialAction":[{"@type":"ReadAction","target":["https:\/\/cvinoticias.com\/v3\/intento-de-femicidio-en-garupa-ataco-a-punaladas-a-su-pareja-y-a-su-hija-de-4-anos\/"]}]},{"@type":"ImageObject","inLanguage":"es","@id":"https:\/\/cvinoticias.com\/v3\/intento-de-femicidio-en-garupa-ataco-a-punaladas-a-su-pareja-y-a-su-hija-de-4-anos\/#primaryimage","url":"https:\/\/cvinoticias.com\/wp-content\/uploads\/2021\/01\/Detenido-por-agresion-1.jpg","contentUrl":"https:\/\/cvinoticias.com\/wp-content\/uploads\/2021\/01\/Detenido-por-agresion-1.jpg","width":870,"height":478},{"@type":"BreadcrumbList","@id":"https:\/\/cvinoticias.com\/v3\/intento-de-femicidio-en-garupa-ataco-a-punaladas-a-su-pareja-y-a-su-hija-de-4-anos\/#breadcrumb","itemListElement":[{"@type":"ListItem","position":1,"name":"Portada","item":"https:\/\/cvinoticias.com\/v3\/"},{"@type":"ListItem","position":2,"name":"Intento de femicidio en Garup\u00e1: atac\u00f3 a pu\u00f1aladas a su pareja y a su hija de 4 a\u00f1os"}]},{"@type":"WebSite","@id":"https:\/\/cvinoticias.com\/v3\/#website","url":"https:\/\/cvinoticias.com\/v3\/","name":"CVI NOTICIAS","description":"","publisher":{"@id":"https:\/\/cvinoticias.com\/v3\/#organization"},"alternateName":"CVI","potentialAction":[{"@type":"SearchAction","target":{"@type":"EntryPoint","urlTemplate":"https:\/\/cvinoticias.com\/v3\/?s={search_term_string}"},"query-input":{"@type":"PropertyValueSpecification","valueRequired":true,"valueName":"search_term_string"}}],"inLanguage":"es"},{"@type":"Organization","@id":"https:\/\/cvinoticias.com\/v3\/#organization","name":"CVI NOTICIAS","url":"https:\/\/cvinoticias.com\/v3\/","logo":{"@type":"ImageObject","inLanguage":"es","@id":"https:\/\/cvinoticias.com\/v3\/#\/schema\/logo\/image\/","url":"https:\/\/cvinoticias.com\/wp-content\/uploads\/2023\/04\/cropped-cropped-cropped-cropped-cropped-3-1.png","contentUrl":"https:\/\/cvinoticias.com\/wp-content\/uploads\/2023\/04\/cropped-cropped-cropped-cropped-cropped-3-1.png","width":95,"height":122,"caption":"CVI NOTICIAS"},"image":{"@id":"https:\/\/cvinoticias.com\/v3\/#\/schema\/logo\/image\/"},"sameAs":["https:\/\/www.facebook.com\/cvinoticias","https:\/\/www.instagram.com\/cvinoticias\/","https:\/\/www.youtube.com\/@CVINOTICIAS"]},{"@type":"Person","@id":"https:\/\/cvinoticias.com\/v3\/#\/schema\/person\/2db77e3c6bc03c538495d7b2b8be9b66","name":"f1000024","image":{"@type":"ImageObject","inLanguage":"es","@id":"https:\/\/secure.gravatar.com\/avatar\/d4fe7459cfc51ff5129ce1a732bbef5928568b8092d412ef95611616376bbeed?s=96&d=mm&r=g","url":"https:\/\/secure.gravatar.com\/avatar\/d4fe7459cfc51ff5129ce1a732bbef5928568b8092d412ef95611616376bbeed?s=96&d=mm&r=g","contentUrl":"https:\/\/secure.gravatar.com\/avatar\/d4fe7459cfc51ff5129ce1a732bbef5928568b8092d412ef95611616376bbeed?s=96&d=mm&r=g","caption":"f1000024"},"url":"https:\/\/cvinoticias.com\/v3\/author\/f1000024\/"}]}},"_links":{"self":[{"href":"https:\/\/cvinoticias.com\/v3\/wp-json\/wp\/v2\/posts\/1920","targetHints":{"allow":["GET"]}}],"collection":[{"href":"https:\/\/cvinoticias.com\/v3\/wp-json\/wp\/v2\/posts"}],"about":[{"href":"https:\/\/cvinoticias.com\/v3\/wp-json\/wp\/v2\/types\/post"}],"author":[{"embeddable":true,"href":"https:\/\/cvinoticias.com\/v3\/wp-json\/wp\/v2\/users\/2"}],"replies":[{"embeddable":true,"href":"https:\/\/cvinoticias.com\/v3\/wp-json\/wp\/v2\/comments?post=1920"}],"version-history":[{"count":1,"href":"https:\/\/cvinoticias.com\/v3\/wp-json\/wp\/v2\/posts\/1920\/revisions"}],"predecessor-version":[{"id":1922,"href":"https:\/\/cvinoticias.com\/v3\/wp-json\/wp\/v2\/posts\/1920\/revisions\/1922"}],"wp:featuredmedia":[{"embeddable":true,"href":"https:\/\/cvinoticias.com\/v3\/wp-json\/wp\/v2\/media\/1921"}],"wp:attachment":[{"href":"https:\/\/cvinoticias.com\/v3\/wp-json\/wp\/v2\/media?parent=1920"}],"wp:term":[{"taxonomy":"category","embeddable":true,"href":"https:\/\/cvinoticias.com\/v3\/wp-json\/wp\/v2\/categories?post=1920"},{"taxonomy":"post_tag","embeddable":true,"href":"https:\/\/cvinoticias.com\/v3\/wp-json\/wp\/v2\/tags?post=1920"}],"curies":[{"name":"wp","href":"https:\/\/api.w.org\/{rel}","templated":true}]}}