{"id":19145,"date":"2022-09-12T08:56:17","date_gmt":"2022-09-12T08:56:17","guid":{"rendered":"https:\/\/cvinoticias.com\/v3\/?p=19145"},"modified":"2022-09-12T08:56:17","modified_gmt":"2022-09-12T08:56:17","slug":"juan-manzur-se-presentara-por-primera-vez-en-diputados","status":"publish","type":"post","link":"https:\/\/cvinoticias.com\/v3\/juan-manzur-se-presentara-por-primera-vez-en-diputados\/","title":{"rendered":"Juan Manzur se presentar\u00e1 por primera vez en Diputados"},"content":{"rendered":"\n<p><strong><em>Ser\u00e1 la presentaci\u00f3n del primer informe del jefe de Gabinete, a un a\u00f1o de haber asumido.<\/em><\/strong><\/p>\n\n\n\n<p>El jefe de Gabinete, Juan Manzur, se presentar\u00e1 este mi\u00e9rcoles en la C\u00e1mara de Diputados para dar el primer informe de su gesti\u00f3n, iniciada en septiembre del a\u00f1o pasado.<\/p>\n\n\n\n<p>Entre otros temas, se espera que exponga sobre la inflaci\u00f3n, el programa econ\u00f3mico del ministro de econom\u00eda, Sergio Massa, y el ataque sufrido por la vicepresidenta Cristina Kirchner.<\/p>\n\n\n\n<p>La presentaci\u00f3n est\u00e1 prevista para las 11 en el recinto, en el marco de una sesi\u00f3n informativa, donde Manzur deber\u00e1 responder casi 4 mil preguntas (r\u00e9cord) formuladas por los diputados de los bloques pol\u00edticos sobre el funcionamiento de cada ministerio, secretaria, organismo y \u00e1rea del gobierno.<\/p>\n\n\n\n<p>El jefe de Gabinete cumplir\u00e1 as\u00ed con el art\u00edculo 101 de la Constituci\u00f3n Nacional y ante una C\u00e1mara baja caracterizada por la paridad entre los miembros de los bloques del Frente de Todos y Juntos por el Cambio.<\/p>\n\n\n\n<p>Su presencia se trata de un reclamo que hizo en su momento el diputado radical Mario Negri y negociada con el jefe del bloque oficialista, Germ\u00e1n Mart\u00ednez.<\/p>\n\n\n\n<p>Antes de que asumiera Massa, Manzur hab\u00eda concurrido a la C\u00e1mara de Senadores el pasado 2 de junio.<\/p>\n\n\n\n<p>Por entonces, expuso sobre la gesti\u00f3n econ\u00f3mica del Gobierno Nacional, con la promesa de bajar la inflaci\u00f3n y recuperar el poder adquisitivo de los salarios en Argentina, dos puntos que a\u00fan est\u00e1n pendientes.<\/p>\n","protected":false},"excerpt":{"rendered":"<p>Ser\u00e1 la presentaci\u00f3n del primer informe del jefe de Gabinete, a un a\u00f1o de haber asumido. El jefe de Gabinete, Juan Manzur, se presentar\u00e1 este mi\u00e9rcoles en la C\u00e1mara de Diputados para dar el primer informe de su gesti\u00f3n, iniciada en septiembre del a\u00f1o pasado. Entre otros temas, se espera que exponga sobre la inflaci\u00f3n, [&hellip;]<\/p>\n","protected":false},"author":2,"featured_media":19146,"comment_status":"open","ping_status":"open","sticky":false,"template":"","format":"standard","meta":{"footnotes":""},"categories":[39],"tags":[],"class_list":["post-19145","post","type-post","status-publish","format-standard","has-post-thumbnail","hentry","category-nacionales"],"yoast_head":"<!-- This site is optimized with the Yoast SEO plugin v27.5 - https:\/\/yoast.com\/product\/yoast-seo-wordpress\/ -->\n<title>Juan Manzur se presentar\u00e1 por primera vez en Diputados | CVI NOTICIAS<\/title>\n<meta name=\"robots\" content=\"index, follow, max-snippet:-1, max-image-preview:large, max-video-preview:-1\" \/>\n<link rel=\"canonical\" href=\"https:\/\/cvinoticias.com\/v3\/juan-manzur-se-presentara-por-primera-vez-en-diputados\/\" \/>\n<meta property=\"og:locale\" content=\"es_ES\" \/>\n<meta property=\"og:type\" content=\"article\" \/>\n<meta property=\"og:title\" content=\"Juan Manzur se presentar\u00e1 por primera vez en Diputados | CVI NOTICIAS\" \/>\n<meta property=\"og:description\" content=\"Ser\u00e1 la presentaci\u00f3n del primer informe del jefe de Gabinete, a un a\u00f1o de haber asumido. El jefe de Gabinete, Juan Manzur, se presentar\u00e1 este mi\u00e9rcoles en la C\u00e1mara de Diputados para dar el primer informe de su gesti\u00f3n, iniciada en septiembre del a\u00f1o pasado. Entre otros temas, se espera que exponga sobre la inflaci\u00f3n, [&hellip;]\" \/>\n<meta property=\"og:url\" content=\"https:\/\/cvinoticias.com\/v3\/juan-manzur-se-presentara-por-primera-vez-en-diputados\/\" \/>\n<meta property=\"og:site_name\" content=\"CVI NOTICIAS\" \/>\n<meta property=\"article:publisher\" content=\"https:\/\/www.facebook.com\/cvinoticias\" \/>\n<meta property=\"article:published_time\" content=\"2022-09-12T08:56:17+00:00\" \/>\n<meta property=\"og:image\" content=\"https:\/\/cvinoticias.com\/wp-content\/uploads\/2022\/09\/f608x342-174719_204442_16.jpg\" \/>\n\t<meta property=\"og:image:width\" content=\"608\" \/>\n\t<meta property=\"og:image:height\" content=\"342\" \/>\n\t<meta property=\"og:image:type\" content=\"image\/jpeg\" \/>\n<meta name=\"author\" content=\"f1000024\" \/>\n<meta name=\"twitter:card\" content=\"summary_large_image\" \/>\n<meta name=\"twitter:label1\" content=\"Escrito por\" \/>\n\t<meta name=\"twitter:data1\" content=\"f1000024\" \/>\n\t<meta name=\"twitter:label2\" content=\"Tiempo de lectura\" \/>\n\t<meta name=\"twitter:data2\" content=\"1 minuto\" \/>\n<script type=\"application\/ld+json\" class=\"yoast-schema-graph\">{\"@context\":\"https:\\\/\\\/schema.org\",\"@graph\":[{\"@type\":\"Article\",\"@id\":\"https:\\\/\\\/cvinoticias.com\\\/v3\\\/juan-manzur-se-presentara-por-primera-vez-en-diputados\\\/#article\",\"isPartOf\":{\"@id\":\"https:\\\/\\\/cvinoticias.com\\\/v3\\\/juan-manzur-se-presentara-por-primera-vez-en-diputados\\\/\"},\"author\":{\"name\":\"f1000024\",\"@id\":\"https:\\\/\\\/cvinoticias.com\\\/v3\\\/#\\\/schema\\\/person\\\/2db77e3c6bc03c538495d7b2b8be9b66\"},\"headline\":\"Juan Manzur se presentar\u00e1 por primera vez en Diputados\",\"datePublished\":\"2022-09-12T08:56:17+00:00\",\"mainEntityOfPage\":{\"@id\":\"https:\\\/\\\/cvinoticias.com\\\/v3\\\/juan-manzur-se-presentara-por-primera-vez-en-diputados\\\/\"},\"wordCount\":265,\"commentCount\":0,\"publisher\":{\"@id\":\"https:\\\/\\\/cvinoticias.com\\\/v3\\\/#organization\"},\"image\":{\"@id\":\"https:\\\/\\\/cvinoticias.com\\\/v3\\\/juan-manzur-se-presentara-por-primera-vez-en-diputados\\\/#primaryimage\"},\"thumbnailUrl\":\"https:\\\/\\\/cvinoticias.com\\\/wp-content\\\/uploads\\\/2022\\\/09\\\/f608x342-174719_204442_16.jpg\",\"articleSection\":[\"Nacionales\"],\"inLanguage\":\"es\",\"potentialAction\":[{\"@type\":\"CommentAction\",\"name\":\"Comment\",\"target\":[\"https:\\\/\\\/cvinoticias.com\\\/v3\\\/juan-manzur-se-presentara-por-primera-vez-en-diputados\\\/#respond\"]}]},{\"@type\":\"WebPage\",\"@id\":\"https:\\\/\\\/cvinoticias.com\\\/v3\\\/juan-manzur-se-presentara-por-primera-vez-en-diputados\\\/\",\"url\":\"https:\\\/\\\/cvinoticias.com\\\/v3\\\/juan-manzur-se-presentara-por-primera-vez-en-diputados\\\/\",\"name\":\"Juan Manzur se presentar\u00e1 por primera vez en Diputados | CVI NOTICIAS\",\"isPartOf\":{\"@id\":\"https:\\\/\\\/cvinoticias.com\\\/v3\\\/#website\"},\"primaryImageOfPage\":{\"@id\":\"https:\\\/\\\/cvinoticias.com\\\/v3\\\/juan-manzur-se-presentara-por-primera-vez-en-diputados\\\/#primaryimage\"},\"image\":{\"@id\":\"https:\\\/\\\/cvinoticias.com\\\/v3\\\/juan-manzur-se-presentara-por-primera-vez-en-diputados\\\/#primaryimage\"},\"thumbnailUrl\":\"https:\\\/\\\/cvinoticias.com\\\/wp-content\\\/uploads\\\/2022\\\/09\\\/f608x342-174719_204442_16.jpg\",\"datePublished\":\"2022-09-12T08:56:17+00:00\",\"breadcrumb\":{\"@id\":\"https:\\\/\\\/cvinoticias.com\\\/v3\\\/juan-manzur-se-presentara-por-primera-vez-en-diputados\\\/#breadcrumb\"},\"inLanguage\":\"es\",\"potentialAction\":[{\"@type\":\"ReadAction\",\"target\":[\"https:\\\/\\\/cvinoticias.com\\\/v3\\\/juan-manzur-se-presentara-por-primera-vez-en-diputados\\\/\"]}]},{\"@type\":\"ImageObject\",\"inLanguage\":\"es\",\"@id\":\"https:\\\/\\\/cvinoticias.com\\\/v3\\\/juan-manzur-se-presentara-por-primera-vez-en-diputados\\\/#primaryimage\",\"url\":\"https:\\\/\\\/cvinoticias.com\\\/wp-content\\\/uploads\\\/2022\\\/09\\\/f608x342-174719_204442_16.jpg\",\"contentUrl\":\"https:\\\/\\\/cvinoticias.com\\\/wp-content\\\/uploads\\\/2022\\\/09\\\/f608x342-174719_204442_16.jpg\",\"width\":608,\"height\":342},{\"@type\":\"BreadcrumbList\",\"@id\":\"https:\\\/\\\/cvinoticias.com\\\/v3\\\/juan-manzur-se-presentara-por-primera-vez-en-diputados\\\/#breadcrumb\",\"itemListElement\":[{\"@type\":\"ListItem\",\"position\":1,\"name\":\"Portada\",\"item\":\"https:\\\/\\\/cvinoticias.com\\\/v3\\\/\"},{\"@type\":\"ListItem\",\"position\":2,\"name\":\"Juan Manzur se presentar\u00e1 por primera vez en Diputados\"}]},{\"@type\":\"WebSite\",\"@id\":\"https:\\\/\\\/cvinoticias.com\\\/v3\\\/#website\",\"url\":\"https:\\\/\\\/cvinoticias.com\\\/v3\\\/\",\"name\":\"CVI NOTICIAS\",\"description\":\"\",\"publisher\":{\"@id\":\"https:\\\/\\\/cvinoticias.com\\\/v3\\\/#organization\"},\"alternateName\":\"CVI\",\"potentialAction\":[{\"@type\":\"SearchAction\",\"target\":{\"@type\":\"EntryPoint\",\"urlTemplate\":\"https:\\\/\\\/cvinoticias.com\\\/v3\\\/?s={search_term_string}\"},\"query-input\":{\"@type\":\"PropertyValueSpecification\",\"valueRequired\":true,\"valueName\":\"search_term_string\"}}],\"inLanguage\":\"es\"},{\"@type\":\"Organization\",\"@id\":\"https:\\\/\\\/cvinoticias.com\\\/v3\\\/#organization\",\"name\":\"CVI NOTICIAS\",\"url\":\"https:\\\/\\\/cvinoticias.com\\\/v3\\\/\",\"logo\":{\"@type\":\"ImageObject\",\"inLanguage\":\"es\",\"@id\":\"https:\\\/\\\/cvinoticias.com\\\/v3\\\/#\\\/schema\\\/logo\\\/image\\\/\",\"url\":\"https:\\\/\\\/cvinoticias.com\\\/wp-content\\\/uploads\\\/2023\\\/04\\\/cropped-cropped-cropped-cropped-cropped-3-1.png\",\"contentUrl\":\"https:\\\/\\\/cvinoticias.com\\\/wp-content\\\/uploads\\\/2023\\\/04\\\/cropped-cropped-cropped-cropped-cropped-3-1.png\",\"width\":95,\"height\":122,\"caption\":\"CVI NOTICIAS\"},\"image\":{\"@id\":\"https:\\\/\\\/cvinoticias.com\\\/v3\\\/#\\\/schema\\\/logo\\\/image\\\/\"},\"sameAs\":[\"https:\\\/\\\/www.facebook.com\\\/cvinoticias\",\"https:\\\/\\\/www.instagram.com\\\/cvinoticias\\\/\",\"https:\\\/\\\/www.youtube.com\\\/@CVINOTICIAS\"]},{\"@type\":\"Person\",\"@id\":\"https:\\\/\\\/cvinoticias.com\\\/v3\\\/#\\\/schema\\\/person\\\/2db77e3c6bc03c538495d7b2b8be9b66\",\"name\":\"f1000024\",\"image\":{\"@type\":\"ImageObject\",\"inLanguage\":\"es\",\"@id\":\"https:\\\/\\\/secure.gravatar.com\\\/avatar\\\/d4fe7459cfc51ff5129ce1a732bbef5928568b8092d412ef95611616376bbeed?s=96&d=mm&r=g\",\"url\":\"https:\\\/\\\/secure.gravatar.com\\\/avatar\\\/d4fe7459cfc51ff5129ce1a732bbef5928568b8092d412ef95611616376bbeed?s=96&d=mm&r=g\",\"contentUrl\":\"https:\\\/\\\/secure.gravatar.com\\\/avatar\\\/d4fe7459cfc51ff5129ce1a732bbef5928568b8092d412ef95611616376bbeed?s=96&d=mm&r=g\",\"caption\":\"f1000024\"},\"url\":\"https:\\\/\\\/cvinoticias.com\\\/v3\\\/author\\\/f1000024\\\/\"}]}<\/script>\n<!-- \/ Yoast SEO plugin. -->","yoast_head_json":{"title":"Juan Manzur se presentar\u00e1 por primera vez en Diputados | CVI NOTICIAS","robots":{"index":"index","follow":"follow","max-snippet":"max-snippet:-1","max-image-preview":"max-image-preview:large","max-video-preview":"max-video-preview:-1"},"canonical":"https:\/\/cvinoticias.com\/v3\/juan-manzur-se-presentara-por-primera-vez-en-diputados\/","og_locale":"es_ES","og_type":"article","og_title":"Juan Manzur se presentar\u00e1 por primera vez en Diputados | CVI NOTICIAS","og_description":"Ser\u00e1 la presentaci\u00f3n del primer informe del jefe de Gabinete, a un a\u00f1o de haber asumido. El jefe de Gabinete, Juan Manzur, se presentar\u00e1 este mi\u00e9rcoles en la C\u00e1mara de Diputados para dar el primer informe de su gesti\u00f3n, iniciada en septiembre del a\u00f1o pasado. Entre otros temas, se espera que exponga sobre la inflaci\u00f3n, [&hellip;]","og_url":"https:\/\/cvinoticias.com\/v3\/juan-manzur-se-presentara-por-primera-vez-en-diputados\/","og_site_name":"CVI NOTICIAS","article_publisher":"https:\/\/www.facebook.com\/cvinoticias","article_published_time":"2022-09-12T08:56:17+00:00","og_image":[{"width":608,"height":342,"url":"https:\/\/cvinoticias.com\/wp-content\/uploads\/2022\/09\/f608x342-174719_204442_16.jpg","type":"image\/jpeg"}],"author":"f1000024","twitter_card":"summary_large_image","twitter_misc":{"Escrito por":"f1000024","Tiempo de lectura":"1 minuto"},"schema":{"@context":"https:\/\/schema.org","@graph":[{"@type":"Article","@id":"https:\/\/cvinoticias.com\/v3\/juan-manzur-se-presentara-por-primera-vez-en-diputados\/#article","isPartOf":{"@id":"https:\/\/cvinoticias.com\/v3\/juan-manzur-se-presentara-por-primera-vez-en-diputados\/"},"author":{"name":"f1000024","@id":"https:\/\/cvinoticias.com\/v3\/#\/schema\/person\/2db77e3c6bc03c538495d7b2b8be9b66"},"headline":"Juan Manzur se presentar\u00e1 por primera vez en Diputados","datePublished":"2022-09-12T08:56:17+00:00","mainEntityOfPage":{"@id":"https:\/\/cvinoticias.com\/v3\/juan-manzur-se-presentara-por-primera-vez-en-diputados\/"},"wordCount":265,"commentCount":0,"publisher":{"@id":"https:\/\/cvinoticias.com\/v3\/#organization"},"image":{"@id":"https:\/\/cvinoticias.com\/v3\/juan-manzur-se-presentara-por-primera-vez-en-diputados\/#primaryimage"},"thumbnailUrl":"https:\/\/cvinoticias.com\/wp-content\/uploads\/2022\/09\/f608x342-174719_204442_16.jpg","articleSection":["Nacionales"],"inLanguage":"es","potentialAction":[{"@type":"CommentAction","name":"Comment","target":["https:\/\/cvinoticias.com\/v3\/juan-manzur-se-presentara-por-primera-vez-en-diputados\/#respond"]}]},{"@type":"WebPage","@id":"https:\/\/cvinoticias.com\/v3\/juan-manzur-se-presentara-por-primera-vez-en-diputados\/","url":"https:\/\/cvinoticias.com\/v3\/juan-manzur-se-presentara-por-primera-vez-en-diputados\/","name":"Juan Manzur se presentar\u00e1 por primera vez en Diputados | CVI NOTICIAS","isPartOf":{"@id":"https:\/\/cvinoticias.com\/v3\/#website"},"primaryImageOfPage":{"@id":"https:\/\/cvinoticias.com\/v3\/juan-manzur-se-presentara-por-primera-vez-en-diputados\/#primaryimage"},"image":{"@id":"https:\/\/cvinoticias.com\/v3\/juan-manzur-se-presentara-por-primera-vez-en-diputados\/#primaryimage"},"thumbnailUrl":"https:\/\/cvinoticias.com\/wp-content\/uploads\/2022\/09\/f608x342-174719_204442_16.jpg","datePublished":"2022-09-12T08:56:17+00:00","breadcrumb":{"@id":"https:\/\/cvinoticias.com\/v3\/juan-manzur-se-presentara-por-primera-vez-en-diputados\/#breadcrumb"},"inLanguage":"es","potentialAction":[{"@type":"ReadAction","target":["https:\/\/cvinoticias.com\/v3\/juan-manzur-se-presentara-por-primera-vez-en-diputados\/"]}]},{"@type":"ImageObject","inLanguage":"es","@id":"https:\/\/cvinoticias.com\/v3\/juan-manzur-se-presentara-por-primera-vez-en-diputados\/#primaryimage","url":"https:\/\/cvinoticias.com\/wp-content\/uploads\/2022\/09\/f608x342-174719_204442_16.jpg","contentUrl":"https:\/\/cvinoticias.com\/wp-content\/uploads\/2022\/09\/f608x342-174719_204442_16.jpg","width":608,"height":342},{"@type":"BreadcrumbList","@id":"https:\/\/cvinoticias.com\/v3\/juan-manzur-se-presentara-por-primera-vez-en-diputados\/#breadcrumb","itemListElement":[{"@type":"ListItem","position":1,"name":"Portada","item":"https:\/\/cvinoticias.com\/v3\/"},{"@type":"ListItem","position":2,"name":"Juan Manzur se presentar\u00e1 por primera vez en Diputados"}]},{"@type":"WebSite","@id":"https:\/\/cvinoticias.com\/v3\/#website","url":"https:\/\/cvinoticias.com\/v3\/","name":"CVI NOTICIAS","description":"","publisher":{"@id":"https:\/\/cvinoticias.com\/v3\/#organization"},"alternateName":"CVI","potentialAction":[{"@type":"SearchAction","target":{"@type":"EntryPoint","urlTemplate":"https:\/\/cvinoticias.com\/v3\/?s={search_term_string}"},"query-input":{"@type":"PropertyValueSpecification","valueRequired":true,"valueName":"search_term_string"}}],"inLanguage":"es"},{"@type":"Organization","@id":"https:\/\/cvinoticias.com\/v3\/#organization","name":"CVI NOTICIAS","url":"https:\/\/cvinoticias.com\/v3\/","logo":{"@type":"ImageObject","inLanguage":"es","@id":"https:\/\/cvinoticias.com\/v3\/#\/schema\/logo\/image\/","url":"https:\/\/cvinoticias.com\/wp-content\/uploads\/2023\/04\/cropped-cropped-cropped-cropped-cropped-3-1.png","contentUrl":"https:\/\/cvinoticias.com\/wp-content\/uploads\/2023\/04\/cropped-cropped-cropped-cropped-cropped-3-1.png","width":95,"height":122,"caption":"CVI NOTICIAS"},"image":{"@id":"https:\/\/cvinoticias.com\/v3\/#\/schema\/logo\/image\/"},"sameAs":["https:\/\/www.facebook.com\/cvinoticias","https:\/\/www.instagram.com\/cvinoticias\/","https:\/\/www.youtube.com\/@CVINOTICIAS"]},{"@type":"Person","@id":"https:\/\/cvinoticias.com\/v3\/#\/schema\/person\/2db77e3c6bc03c538495d7b2b8be9b66","name":"f1000024","image":{"@type":"ImageObject","inLanguage":"es","@id":"https:\/\/secure.gravatar.com\/avatar\/d4fe7459cfc51ff5129ce1a732bbef5928568b8092d412ef95611616376bbeed?s=96&d=mm&r=g","url":"https:\/\/secure.gravatar.com\/avatar\/d4fe7459cfc51ff5129ce1a732bbef5928568b8092d412ef95611616376bbeed?s=96&d=mm&r=g","contentUrl":"https:\/\/secure.gravatar.com\/avatar\/d4fe7459cfc51ff5129ce1a732bbef5928568b8092d412ef95611616376bbeed?s=96&d=mm&r=g","caption":"f1000024"},"url":"https:\/\/cvinoticias.com\/v3\/author\/f1000024\/"}]}},"_links":{"self":[{"href":"https:\/\/cvinoticias.com\/v3\/wp-json\/wp\/v2\/posts\/19145","targetHints":{"allow":["GET"]}}],"collection":[{"href":"https:\/\/cvinoticias.com\/v3\/wp-json\/wp\/v2\/posts"}],"about":[{"href":"https:\/\/cvinoticias.com\/v3\/wp-json\/wp\/v2\/types\/post"}],"author":[{"embeddable":true,"href":"https:\/\/cvinoticias.com\/v3\/wp-json\/wp\/v2\/users\/2"}],"replies":[{"embeddable":true,"href":"https:\/\/cvinoticias.com\/v3\/wp-json\/wp\/v2\/comments?post=19145"}],"version-history":[{"count":1,"href":"https:\/\/cvinoticias.com\/v3\/wp-json\/wp\/v2\/posts\/19145\/revisions"}],"predecessor-version":[{"id":19147,"href":"https:\/\/cvinoticias.com\/v3\/wp-json\/wp\/v2\/posts\/19145\/revisions\/19147"}],"wp:featuredmedia":[{"embeddable":true,"href":"https:\/\/cvinoticias.com\/v3\/wp-json\/wp\/v2\/media\/19146"}],"wp:attachment":[{"href":"https:\/\/cvinoticias.com\/v3\/wp-json\/wp\/v2\/media?parent=19145"}],"wp:term":[{"taxonomy":"category","embeddable":true,"href":"https:\/\/cvinoticias.com\/v3\/wp-json\/wp\/v2\/categories?post=19145"},{"taxonomy":"post_tag","embeddable":true,"href":"https:\/\/cvinoticias.com\/v3\/wp-json\/wp\/v2\/tags?post=19145"}],"curies":[{"name":"wp","href":"https:\/\/api.w.org\/{rel}","templated":true}]}}