{"id":1913,"date":"2021-01-21T12:47:41","date_gmt":"2021-01-21T12:47:41","guid":{"rendered":"https:\/\/cvinoticias.com\/v3\/?p=1913"},"modified":"2021-01-21T13:02:19","modified_gmt":"2021-01-21T13:02:19","slug":"trabajaran-en-la-formacion-de-recursos-humanos-orientados-al-medio-ambiente-y-el-cambio-climatico","status":"publish","type":"post","link":"https:\/\/cvinoticias.com\/v3\/trabajaran-en-la-formacion-de-recursos-humanos-orientados-al-medio-ambiente-y-el-cambio-climatico\/","title":{"rendered":"Trabajar\u00e1n en la formaci\u00f3n de recursos humanos orientados al medio ambiente y el cambio clim\u00e1tico"},"content":{"rendered":"\n<p><strong><em>Con el objetivo de actuar de manera conjunta y promover actividades acad\u00e9micas, cient\u00edficas y tecnol\u00f3gicas, la Secretar\u00eda de Estado de Cambio Clim\u00e1tico de Misiones firm\u00f3 un convenio marco de colaboraci\u00f3n rec\u00edproca con la Universidad Nacional de Misiones (UNaM).<\/em><\/strong><\/p>\n\n\n\n<p>Ambas entidades acordaron trabajar para generar acciones a trav\u00e9s de la colaboraci\u00f3n interinstitucional y lograr la formaci\u00f3n de recursos humanos a trav\u00e9s de pasant\u00edas y pr\u00e1cticas profesionalizantes, destinadas a carreras afines dictadas en la UNaM.<\/p>\n\n\n\n<p>El ministro Patricio Lombardi celebr\u00f3 la r\u00fabrica y asegur\u00f3 que el v\u00ednculo con la universidad, entre otros, permitir\u00e1 que Misiones llegue a la Cumbre de Cambio Clim\u00e1tico en Glasgow, Escocia. \u201cNaci\u00f3n comprende que Misiones es l\u00edder ambiental, por eso la provincia es un buen ejemplo para el mundo por sus buenas pr\u00e1cticas y conservaci\u00f3n de bosques\u201d, remarc\u00f3. Por su parte, la rectora de la UNaM, Alicia Bohren, a\u00f1adi\u00f3 que, desde la casa de estudios, apuntan a formaciones relacionadas al cambio clim\u00e1tico, con el fin de contribuir a la visi\u00f3n de desarrollo que tiene la provincia.<\/p>\n\n\n\n<p>El convenio establece que las actividades de formaci\u00f3n acad\u00e9mica, investigaci\u00f3n, extensi\u00f3n e innovaci\u00f3n se desarrollar\u00e1n en el marco del fortalecimiento provincial de los Objetivos de Desarrollo Sostenible (ODS) y de lo establecido por la Ley de Presupuestos M\u00ednimos de Adaptaci\u00f3n y Mitigaci\u00f3n al Cambio Clim\u00e1tico Global N\u00b0 27520; conforme los compromisos asumidos por Argentina en la ratificaci\u00f3n del Acuerdo de Par\u00eds. Adem\u00e1s, los funcionarios indicaron que se apuntar\u00e1 a actividades que contribuyan al desarrollo en materia de ambiente y el cambio clim\u00e1tico.<\/p>\n\n\n\n<p>R.E<\/p>\n","protected":false},"excerpt":{"rendered":"<p>Con el objetivo de actuar de manera conjunta y promover actividades acad\u00e9micas, cient\u00edficas y tecnol\u00f3gicas, la Secretar\u00eda de Estado de Cambio Clim\u00e1tico de Misiones firm\u00f3 un convenio marco de colaboraci\u00f3n rec\u00edproca con la Universidad Nacional de Misiones (UNaM). Ambas entidades acordaron trabajar para generar acciones a trav\u00e9s de la colaboraci\u00f3n interinstitucional y lograr la formaci\u00f3n [&hellip;]<\/p>\n","protected":false},"author":2,"featured_media":1916,"comment_status":"open","ping_status":"open","sticky":false,"template":"","format":"standard","meta":{"footnotes":""},"categories":[35],"tags":[],"class_list":["post-1913","post","type-post","status-publish","format-standard","has-post-thumbnail","hentry","category-informacion-general"],"yoast_head":"<!-- This site is optimized with the Yoast SEO plugin v27.5 - https:\/\/yoast.com\/product\/yoast-seo-wordpress\/ -->\n<title>Trabajar\u00e1n en la formaci\u00f3n de recursos humanos orientados al medio ambiente y el cambio clim\u00e1tico | CVI NOTICIAS<\/title>\n<meta name=\"robots\" content=\"index, follow, max-snippet:-1, max-image-preview:large, max-video-preview:-1\" \/>\n<link rel=\"canonical\" href=\"https:\/\/cvinoticias.com\/v3\/trabajaran-en-la-formacion-de-recursos-humanos-orientados-al-medio-ambiente-y-el-cambio-climatico\/\" \/>\n<meta property=\"og:locale\" content=\"es_ES\" \/>\n<meta property=\"og:type\" content=\"article\" \/>\n<meta property=\"og:title\" content=\"Trabajar\u00e1n en la formaci\u00f3n de recursos humanos orientados al medio ambiente y el cambio clim\u00e1tico | CVI NOTICIAS\" \/>\n<meta property=\"og:description\" content=\"Con el objetivo de actuar de manera conjunta y promover actividades acad\u00e9micas, cient\u00edficas y tecnol\u00f3gicas, la Secretar\u00eda de Estado de Cambio Clim\u00e1tico de Misiones firm\u00f3 un convenio marco de colaboraci\u00f3n rec\u00edproca con la Universidad Nacional de Misiones (UNaM). Ambas entidades acordaron trabajar para generar acciones a trav\u00e9s de la colaboraci\u00f3n interinstitucional y lograr la formaci\u00f3n [&hellip;]\" \/>\n<meta property=\"og:url\" content=\"https:\/\/cvinoticias.com\/v3\/trabajaran-en-la-formacion-de-recursos-humanos-orientados-al-medio-ambiente-y-el-cambio-climatico\/\" \/>\n<meta property=\"og:site_name\" content=\"CVI NOTICIAS\" \/>\n<meta property=\"article:publisher\" content=\"https:\/\/www.facebook.com\/cvinoticias\" \/>\n<meta property=\"article:published_time\" content=\"2021-01-21T12:47:41+00:00\" \/>\n<meta property=\"article:modified_time\" content=\"2021-01-21T13:02:19+00:00\" \/>\n<meta property=\"og:image\" content=\"https:\/\/cvinoticias.com\/wp-content\/uploads\/2021\/01\/IMG-20210121-WA0049.jpg\" \/>\n\t<meta property=\"og:image:width\" content=\"1280\" \/>\n\t<meta property=\"og:image:height\" content=\"527\" \/>\n\t<meta property=\"og:image:type\" content=\"image\/jpeg\" \/>\n<meta name=\"author\" content=\"f1000024\" \/>\n<meta name=\"twitter:card\" content=\"summary_large_image\" \/>\n<meta name=\"twitter:label1\" content=\"Escrito por\" \/>\n\t<meta name=\"twitter:data1\" content=\"f1000024\" \/>\n\t<meta name=\"twitter:label2\" content=\"Tiempo de lectura\" \/>\n\t<meta name=\"twitter:data2\" content=\"1 minuto\" \/>\n<script type=\"application\/ld+json\" class=\"yoast-schema-graph\">{\"@context\":\"https:\\\/\\\/schema.org\",\"@graph\":[{\"@type\":\"Article\",\"@id\":\"https:\\\/\\\/cvinoticias.com\\\/v3\\\/trabajaran-en-la-formacion-de-recursos-humanos-orientados-al-medio-ambiente-y-el-cambio-climatico\\\/#article\",\"isPartOf\":{\"@id\":\"https:\\\/\\\/cvinoticias.com\\\/v3\\\/trabajaran-en-la-formacion-de-recursos-humanos-orientados-al-medio-ambiente-y-el-cambio-climatico\\\/\"},\"author\":{\"name\":\"f1000024\",\"@id\":\"https:\\\/\\\/cvinoticias.com\\\/v3\\\/#\\\/schema\\\/person\\\/2db77e3c6bc03c538495d7b2b8be9b66\"},\"headline\":\"Trabajar\u00e1n en la formaci\u00f3n de recursos humanos orientados al medio ambiente y el cambio clim\u00e1tico\",\"datePublished\":\"2021-01-21T12:47:41+00:00\",\"dateModified\":\"2021-01-21T13:02:19+00:00\",\"mainEntityOfPage\":{\"@id\":\"https:\\\/\\\/cvinoticias.com\\\/v3\\\/trabajaran-en-la-formacion-de-recursos-humanos-orientados-al-medio-ambiente-y-el-cambio-climatico\\\/\"},\"wordCount\":306,\"commentCount\":0,\"publisher\":{\"@id\":\"https:\\\/\\\/cvinoticias.com\\\/v3\\\/#organization\"},\"image\":{\"@id\":\"https:\\\/\\\/cvinoticias.com\\\/v3\\\/trabajaran-en-la-formacion-de-recursos-humanos-orientados-al-medio-ambiente-y-el-cambio-climatico\\\/#primaryimage\"},\"thumbnailUrl\":\"https:\\\/\\\/cvinoticias.com\\\/wp-content\\\/uploads\\\/2021\\\/01\\\/IMG-20210121-WA0049.jpg\",\"articleSection\":[\"Informaci\u00f3n General\"],\"inLanguage\":\"es\",\"potentialAction\":[{\"@type\":\"CommentAction\",\"name\":\"Comment\",\"target\":[\"https:\\\/\\\/cvinoticias.com\\\/v3\\\/trabajaran-en-la-formacion-de-recursos-humanos-orientados-al-medio-ambiente-y-el-cambio-climatico\\\/#respond\"]}]},{\"@type\":\"WebPage\",\"@id\":\"https:\\\/\\\/cvinoticias.com\\\/v3\\\/trabajaran-en-la-formacion-de-recursos-humanos-orientados-al-medio-ambiente-y-el-cambio-climatico\\\/\",\"url\":\"https:\\\/\\\/cvinoticias.com\\\/v3\\\/trabajaran-en-la-formacion-de-recursos-humanos-orientados-al-medio-ambiente-y-el-cambio-climatico\\\/\",\"name\":\"Trabajar\u00e1n en la formaci\u00f3n de recursos humanos orientados al medio ambiente y el cambio clim\u00e1tico | CVI NOTICIAS\",\"isPartOf\":{\"@id\":\"https:\\\/\\\/cvinoticias.com\\\/v3\\\/#website\"},\"primaryImageOfPage\":{\"@id\":\"https:\\\/\\\/cvinoticias.com\\\/v3\\\/trabajaran-en-la-formacion-de-recursos-humanos-orientados-al-medio-ambiente-y-el-cambio-climatico\\\/#primaryimage\"},\"image\":{\"@id\":\"https:\\\/\\\/cvinoticias.com\\\/v3\\\/trabajaran-en-la-formacion-de-recursos-humanos-orientados-al-medio-ambiente-y-el-cambio-climatico\\\/#primaryimage\"},\"thumbnailUrl\":\"https:\\\/\\\/cvinoticias.com\\\/wp-content\\\/uploads\\\/2021\\\/01\\\/IMG-20210121-WA0049.jpg\",\"datePublished\":\"2021-01-21T12:47:41+00:00\",\"dateModified\":\"2021-01-21T13:02:19+00:00\",\"breadcrumb\":{\"@id\":\"https:\\\/\\\/cvinoticias.com\\\/v3\\\/trabajaran-en-la-formacion-de-recursos-humanos-orientados-al-medio-ambiente-y-el-cambio-climatico\\\/#breadcrumb\"},\"inLanguage\":\"es\",\"potentialAction\":[{\"@type\":\"ReadAction\",\"target\":[\"https:\\\/\\\/cvinoticias.com\\\/v3\\\/trabajaran-en-la-formacion-de-recursos-humanos-orientados-al-medio-ambiente-y-el-cambio-climatico\\\/\"]}]},{\"@type\":\"ImageObject\",\"inLanguage\":\"es\",\"@id\":\"https:\\\/\\\/cvinoticias.com\\\/v3\\\/trabajaran-en-la-formacion-de-recursos-humanos-orientados-al-medio-ambiente-y-el-cambio-climatico\\\/#primaryimage\",\"url\":\"https:\\\/\\\/cvinoticias.com\\\/wp-content\\\/uploads\\\/2021\\\/01\\\/IMG-20210121-WA0049.jpg\",\"contentUrl\":\"https:\\\/\\\/cvinoticias.com\\\/wp-content\\\/uploads\\\/2021\\\/01\\\/IMG-20210121-WA0049.jpg\",\"width\":1280,\"height\":527},{\"@type\":\"BreadcrumbList\",\"@id\":\"https:\\\/\\\/cvinoticias.com\\\/v3\\\/trabajaran-en-la-formacion-de-recursos-humanos-orientados-al-medio-ambiente-y-el-cambio-climatico\\\/#breadcrumb\",\"itemListElement\":[{\"@type\":\"ListItem\",\"position\":1,\"name\":\"Portada\",\"item\":\"https:\\\/\\\/cvinoticias.com\\\/v3\\\/\"},{\"@type\":\"ListItem\",\"position\":2,\"name\":\"Trabajar\u00e1n en la formaci\u00f3n de recursos humanos orientados al medio ambiente y el cambio clim\u00e1tico\"}]},{\"@type\":\"WebSite\",\"@id\":\"https:\\\/\\\/cvinoticias.com\\\/v3\\\/#website\",\"url\":\"https:\\\/\\\/cvinoticias.com\\\/v3\\\/\",\"name\":\"CVI NOTICIAS\",\"description\":\"\",\"publisher\":{\"@id\":\"https:\\\/\\\/cvinoticias.com\\\/v3\\\/#organization\"},\"alternateName\":\"CVI\",\"potentialAction\":[{\"@type\":\"SearchAction\",\"target\":{\"@type\":\"EntryPoint\",\"urlTemplate\":\"https:\\\/\\\/cvinoticias.com\\\/v3\\\/?s={search_term_string}\"},\"query-input\":{\"@type\":\"PropertyValueSpecification\",\"valueRequired\":true,\"valueName\":\"search_term_string\"}}],\"inLanguage\":\"es\"},{\"@type\":\"Organization\",\"@id\":\"https:\\\/\\\/cvinoticias.com\\\/v3\\\/#organization\",\"name\":\"CVI NOTICIAS\",\"url\":\"https:\\\/\\\/cvinoticias.com\\\/v3\\\/\",\"logo\":{\"@type\":\"ImageObject\",\"inLanguage\":\"es\",\"@id\":\"https:\\\/\\\/cvinoticias.com\\\/v3\\\/#\\\/schema\\\/logo\\\/image\\\/\",\"url\":\"https:\\\/\\\/cvinoticias.com\\\/wp-content\\\/uploads\\\/2023\\\/04\\\/cropped-cropped-cropped-cropped-cropped-3-1.png\",\"contentUrl\":\"https:\\\/\\\/cvinoticias.com\\\/wp-content\\\/uploads\\\/2023\\\/04\\\/cropped-cropped-cropped-cropped-cropped-3-1.png\",\"width\":95,\"height\":122,\"caption\":\"CVI NOTICIAS\"},\"image\":{\"@id\":\"https:\\\/\\\/cvinoticias.com\\\/v3\\\/#\\\/schema\\\/logo\\\/image\\\/\"},\"sameAs\":[\"https:\\\/\\\/www.facebook.com\\\/cvinoticias\",\"https:\\\/\\\/www.instagram.com\\\/cvinoticias\\\/\",\"https:\\\/\\\/www.youtube.com\\\/@CVINOTICIAS\"]},{\"@type\":\"Person\",\"@id\":\"https:\\\/\\\/cvinoticias.com\\\/v3\\\/#\\\/schema\\\/person\\\/2db77e3c6bc03c538495d7b2b8be9b66\",\"name\":\"f1000024\",\"image\":{\"@type\":\"ImageObject\",\"inLanguage\":\"es\",\"@id\":\"https:\\\/\\\/secure.gravatar.com\\\/avatar\\\/d4fe7459cfc51ff5129ce1a732bbef5928568b8092d412ef95611616376bbeed?s=96&d=mm&r=g\",\"url\":\"https:\\\/\\\/secure.gravatar.com\\\/avatar\\\/d4fe7459cfc51ff5129ce1a732bbef5928568b8092d412ef95611616376bbeed?s=96&d=mm&r=g\",\"contentUrl\":\"https:\\\/\\\/secure.gravatar.com\\\/avatar\\\/d4fe7459cfc51ff5129ce1a732bbef5928568b8092d412ef95611616376bbeed?s=96&d=mm&r=g\",\"caption\":\"f1000024\"},\"url\":\"https:\\\/\\\/cvinoticias.com\\\/v3\\\/author\\\/f1000024\\\/\"}]}<\/script>\n<!-- \/ Yoast SEO plugin. -->","yoast_head_json":{"title":"Trabajar\u00e1n en la formaci\u00f3n de recursos humanos orientados al medio ambiente y el cambio clim\u00e1tico | CVI NOTICIAS","robots":{"index":"index","follow":"follow","max-snippet":"max-snippet:-1","max-image-preview":"max-image-preview:large","max-video-preview":"max-video-preview:-1"},"canonical":"https:\/\/cvinoticias.com\/v3\/trabajaran-en-la-formacion-de-recursos-humanos-orientados-al-medio-ambiente-y-el-cambio-climatico\/","og_locale":"es_ES","og_type":"article","og_title":"Trabajar\u00e1n en la formaci\u00f3n de recursos humanos orientados al medio ambiente y el cambio clim\u00e1tico | CVI NOTICIAS","og_description":"Con el objetivo de actuar de manera conjunta y promover actividades acad\u00e9micas, cient\u00edficas y tecnol\u00f3gicas, la Secretar\u00eda de Estado de Cambio Clim\u00e1tico de Misiones firm\u00f3 un convenio marco de colaboraci\u00f3n rec\u00edproca con la Universidad Nacional de Misiones (UNaM). Ambas entidades acordaron trabajar para generar acciones a trav\u00e9s de la colaboraci\u00f3n interinstitucional y lograr la formaci\u00f3n [&hellip;]","og_url":"https:\/\/cvinoticias.com\/v3\/trabajaran-en-la-formacion-de-recursos-humanos-orientados-al-medio-ambiente-y-el-cambio-climatico\/","og_site_name":"CVI NOTICIAS","article_publisher":"https:\/\/www.facebook.com\/cvinoticias","article_published_time":"2021-01-21T12:47:41+00:00","article_modified_time":"2021-01-21T13:02:19+00:00","og_image":[{"width":1280,"height":527,"url":"https:\/\/cvinoticias.com\/wp-content\/uploads\/2021\/01\/IMG-20210121-WA0049.jpg","type":"image\/jpeg"}],"author":"f1000024","twitter_card":"summary_large_image","twitter_misc":{"Escrito por":"f1000024","Tiempo de lectura":"1 minuto"},"schema":{"@context":"https:\/\/schema.org","@graph":[{"@type":"Article","@id":"https:\/\/cvinoticias.com\/v3\/trabajaran-en-la-formacion-de-recursos-humanos-orientados-al-medio-ambiente-y-el-cambio-climatico\/#article","isPartOf":{"@id":"https:\/\/cvinoticias.com\/v3\/trabajaran-en-la-formacion-de-recursos-humanos-orientados-al-medio-ambiente-y-el-cambio-climatico\/"},"author":{"name":"f1000024","@id":"https:\/\/cvinoticias.com\/v3\/#\/schema\/person\/2db77e3c6bc03c538495d7b2b8be9b66"},"headline":"Trabajar\u00e1n en la formaci\u00f3n de recursos humanos orientados al medio ambiente y el cambio clim\u00e1tico","datePublished":"2021-01-21T12:47:41+00:00","dateModified":"2021-01-21T13:02:19+00:00","mainEntityOfPage":{"@id":"https:\/\/cvinoticias.com\/v3\/trabajaran-en-la-formacion-de-recursos-humanos-orientados-al-medio-ambiente-y-el-cambio-climatico\/"},"wordCount":306,"commentCount":0,"publisher":{"@id":"https:\/\/cvinoticias.com\/v3\/#organization"},"image":{"@id":"https:\/\/cvinoticias.com\/v3\/trabajaran-en-la-formacion-de-recursos-humanos-orientados-al-medio-ambiente-y-el-cambio-climatico\/#primaryimage"},"thumbnailUrl":"https:\/\/cvinoticias.com\/wp-content\/uploads\/2021\/01\/IMG-20210121-WA0049.jpg","articleSection":["Informaci\u00f3n General"],"inLanguage":"es","potentialAction":[{"@type":"CommentAction","name":"Comment","target":["https:\/\/cvinoticias.com\/v3\/trabajaran-en-la-formacion-de-recursos-humanos-orientados-al-medio-ambiente-y-el-cambio-climatico\/#respond"]}]},{"@type":"WebPage","@id":"https:\/\/cvinoticias.com\/v3\/trabajaran-en-la-formacion-de-recursos-humanos-orientados-al-medio-ambiente-y-el-cambio-climatico\/","url":"https:\/\/cvinoticias.com\/v3\/trabajaran-en-la-formacion-de-recursos-humanos-orientados-al-medio-ambiente-y-el-cambio-climatico\/","name":"Trabajar\u00e1n en la formaci\u00f3n de recursos humanos orientados al medio ambiente y el cambio clim\u00e1tico | CVI NOTICIAS","isPartOf":{"@id":"https:\/\/cvinoticias.com\/v3\/#website"},"primaryImageOfPage":{"@id":"https:\/\/cvinoticias.com\/v3\/trabajaran-en-la-formacion-de-recursos-humanos-orientados-al-medio-ambiente-y-el-cambio-climatico\/#primaryimage"},"image":{"@id":"https:\/\/cvinoticias.com\/v3\/trabajaran-en-la-formacion-de-recursos-humanos-orientados-al-medio-ambiente-y-el-cambio-climatico\/#primaryimage"},"thumbnailUrl":"https:\/\/cvinoticias.com\/wp-content\/uploads\/2021\/01\/IMG-20210121-WA0049.jpg","datePublished":"2021-01-21T12:47:41+00:00","dateModified":"2021-01-21T13:02:19+00:00","breadcrumb":{"@id":"https:\/\/cvinoticias.com\/v3\/trabajaran-en-la-formacion-de-recursos-humanos-orientados-al-medio-ambiente-y-el-cambio-climatico\/#breadcrumb"},"inLanguage":"es","potentialAction":[{"@type":"ReadAction","target":["https:\/\/cvinoticias.com\/v3\/trabajaran-en-la-formacion-de-recursos-humanos-orientados-al-medio-ambiente-y-el-cambio-climatico\/"]}]},{"@type":"ImageObject","inLanguage":"es","@id":"https:\/\/cvinoticias.com\/v3\/trabajaran-en-la-formacion-de-recursos-humanos-orientados-al-medio-ambiente-y-el-cambio-climatico\/#primaryimage","url":"https:\/\/cvinoticias.com\/wp-content\/uploads\/2021\/01\/IMG-20210121-WA0049.jpg","contentUrl":"https:\/\/cvinoticias.com\/wp-content\/uploads\/2021\/01\/IMG-20210121-WA0049.jpg","width":1280,"height":527},{"@type":"BreadcrumbList","@id":"https:\/\/cvinoticias.com\/v3\/trabajaran-en-la-formacion-de-recursos-humanos-orientados-al-medio-ambiente-y-el-cambio-climatico\/#breadcrumb","itemListElement":[{"@type":"ListItem","position":1,"name":"Portada","item":"https:\/\/cvinoticias.com\/v3\/"},{"@type":"ListItem","position":2,"name":"Trabajar\u00e1n en la formaci\u00f3n de recursos humanos orientados al medio ambiente y el cambio clim\u00e1tico"}]},{"@type":"WebSite","@id":"https:\/\/cvinoticias.com\/v3\/#website","url":"https:\/\/cvinoticias.com\/v3\/","name":"CVI NOTICIAS","description":"","publisher":{"@id":"https:\/\/cvinoticias.com\/v3\/#organization"},"alternateName":"CVI","potentialAction":[{"@type":"SearchAction","target":{"@type":"EntryPoint","urlTemplate":"https:\/\/cvinoticias.com\/v3\/?s={search_term_string}"},"query-input":{"@type":"PropertyValueSpecification","valueRequired":true,"valueName":"search_term_string"}}],"inLanguage":"es"},{"@type":"Organization","@id":"https:\/\/cvinoticias.com\/v3\/#organization","name":"CVI NOTICIAS","url":"https:\/\/cvinoticias.com\/v3\/","logo":{"@type":"ImageObject","inLanguage":"es","@id":"https:\/\/cvinoticias.com\/v3\/#\/schema\/logo\/image\/","url":"https:\/\/cvinoticias.com\/wp-content\/uploads\/2023\/04\/cropped-cropped-cropped-cropped-cropped-3-1.png","contentUrl":"https:\/\/cvinoticias.com\/wp-content\/uploads\/2023\/04\/cropped-cropped-cropped-cropped-cropped-3-1.png","width":95,"height":122,"caption":"CVI NOTICIAS"},"image":{"@id":"https:\/\/cvinoticias.com\/v3\/#\/schema\/logo\/image\/"},"sameAs":["https:\/\/www.facebook.com\/cvinoticias","https:\/\/www.instagram.com\/cvinoticias\/","https:\/\/www.youtube.com\/@CVINOTICIAS"]},{"@type":"Person","@id":"https:\/\/cvinoticias.com\/v3\/#\/schema\/person\/2db77e3c6bc03c538495d7b2b8be9b66","name":"f1000024","image":{"@type":"ImageObject","inLanguage":"es","@id":"https:\/\/secure.gravatar.com\/avatar\/d4fe7459cfc51ff5129ce1a732bbef5928568b8092d412ef95611616376bbeed?s=96&d=mm&r=g","url":"https:\/\/secure.gravatar.com\/avatar\/d4fe7459cfc51ff5129ce1a732bbef5928568b8092d412ef95611616376bbeed?s=96&d=mm&r=g","contentUrl":"https:\/\/secure.gravatar.com\/avatar\/d4fe7459cfc51ff5129ce1a732bbef5928568b8092d412ef95611616376bbeed?s=96&d=mm&r=g","caption":"f1000024"},"url":"https:\/\/cvinoticias.com\/v3\/author\/f1000024\/"}]}},"_links":{"self":[{"href":"https:\/\/cvinoticias.com\/v3\/wp-json\/wp\/v2\/posts\/1913","targetHints":{"allow":["GET"]}}],"collection":[{"href":"https:\/\/cvinoticias.com\/v3\/wp-json\/wp\/v2\/posts"}],"about":[{"href":"https:\/\/cvinoticias.com\/v3\/wp-json\/wp\/v2\/types\/post"}],"author":[{"embeddable":true,"href":"https:\/\/cvinoticias.com\/v3\/wp-json\/wp\/v2\/users\/2"}],"replies":[{"embeddable":true,"href":"https:\/\/cvinoticias.com\/v3\/wp-json\/wp\/v2\/comments?post=1913"}],"version-history":[{"count":1,"href":"https:\/\/cvinoticias.com\/v3\/wp-json\/wp\/v2\/posts\/1913\/revisions"}],"predecessor-version":[{"id":1915,"href":"https:\/\/cvinoticias.com\/v3\/wp-json\/wp\/v2\/posts\/1913\/revisions\/1915"}],"wp:featuredmedia":[{"embeddable":true,"href":"https:\/\/cvinoticias.com\/v3\/wp-json\/wp\/v2\/media\/1916"}],"wp:attachment":[{"href":"https:\/\/cvinoticias.com\/v3\/wp-json\/wp\/v2\/media?parent=1913"}],"wp:term":[{"taxonomy":"category","embeddable":true,"href":"https:\/\/cvinoticias.com\/v3\/wp-json\/wp\/v2\/categories?post=1913"},{"taxonomy":"post_tag","embeddable":true,"href":"https:\/\/cvinoticias.com\/v3\/wp-json\/wp\/v2\/tags?post=1913"}],"curies":[{"name":"wp","href":"https:\/\/api.w.org\/{rel}","templated":true}]}}