{"id":19125,"date":"2022-09-10T13:00:33","date_gmt":"2022-09-10T13:00:33","guid":{"rendered":"https:\/\/cvinoticias.com\/v3\/?p=19125"},"modified":"2022-09-10T13:00:33","modified_gmt":"2022-09-10T13:00:33","slug":"manu-ginobili-fue-condecorado-con-un-anillo-y-recibio-el-emblematico-saco-naranja-horas-antes-de-su-ingreso-al-salon-de-la-fama","status":"publish","type":"post","link":"https:\/\/cvinoticias.com\/v3\/manu-ginobili-fue-condecorado-con-un-anillo-y-recibio-el-emblematico-saco-naranja-horas-antes-de-su-ingreso-al-salon-de-la-fama\/","title":{"rendered":"Manu Gin\u00f3bili fue condecorado con un anillo y recibi\u00f3 el emblem\u00e1tico saco naranja horas antes de su ingreso al Sal\u00f3n de la Fama"},"content":{"rendered":"\n<p><strong><em>Emanuel Gin\u00f3bili ingresar\u00e1 este s\u00e1bado en el selecto Naismith Memorial Basketball Hall of Fame. En una conferencia de prensa, el bahiense describi\u00f3 como \u201cirreal\u201d el reconocimiento y record\u00f3 sus inicios.<\/em><\/strong><\/p>\n\n\n\n<p>Este s\u00e1bado a la noche Emanuel Gin\u00f3bili vivir\u00e1 un momento hist\u00f3rico. El bahiense se convertir\u00e1 en nuevo integrante del Sal\u00f3n de la Fama de la NBA, un selecto grupo destinado exclusivamente para aquellos jugadores, entrenadores y \u00e1rbitros que se hayan destacado a lo largo de sus carreras en el b\u00e1squet de ese pa\u00eds.<\/p>\n\n\n\n<p>En ese marco, el viernes se celebr\u00f3 un acto en su honor, en el que el ex jugador de la Selecci\u00f3n Argentina recibi\u00f3 un anillo personalizado y el distintivo saco naranja que se les entrega a quienes alcanzan este logro.<\/p>\n\n\n\n<p>A su t\u00e9rmino brind\u00f3 una conferencia de prensa en la que expres\u00f3 su alegr\u00eda por el reconocimiento, agradeci\u00f3 a todos los compa\u00f1eros de equipo que tuvo a lo largo de su carrera y record\u00f3 sus inicios en nuestro pa\u00eds.<\/p>\n\n\n\n<p>\u201cEstoy muy contento, todo esto trae presi\u00f3n y nervios, pero ya prepar\u00e9 qu\u00e9 decir y ya est\u00e1n mis invitados. A disfrutar y a pasarlo con ellos, que son la parte importante\u201d, expres\u00f3 Gin\u00f3bili, quien subi\u00f3 al escenario junto a sus 4 hijos.<\/p>\n\n\n\n<p>Asimismo, calific\u00f3 como \u201cirreal\u201d su ingreso al Sal\u00f3n de la Fama: \u201cUno no crece en Argentina pensando en que va a llegar hasta este lugar. Siendo de Argentina, el hecho de llegar a la NBA ya era algo so\u00f1ado. Tuve un camino muy improbable para alguien de donde soy\u201d.<\/p>\n\n\n\n<p>En ese sentido, Gin\u00f3bili destac\u00f3 el rol que tuvieron sus compa\u00f1eros y afirm\u00f3 que tuvo \u201cla suerte incre\u00edble de jugar y caer en equipos maravillosos en el momento indicado\u201d.<\/p>\n","protected":false},"excerpt":{"rendered":"<p>Emanuel Gin\u00f3bili ingresar\u00e1 este s\u00e1bado en el selecto Naismith Memorial Basketball Hall of Fame. En una conferencia de prensa, el bahiense describi\u00f3 como \u201cirreal\u201d el reconocimiento y record\u00f3 sus inicios. Este s\u00e1bado a la noche Emanuel Gin\u00f3bili vivir\u00e1 un momento hist\u00f3rico. El bahiense se convertir\u00e1 en nuevo integrante del Sal\u00f3n de la Fama de la [&hellip;]<\/p>\n","protected":false},"author":2,"featured_media":19126,"comment_status":"open","ping_status":"open","sticky":false,"template":"","format":"standard","meta":{"footnotes":""},"categories":[24],"tags":[],"class_list":["post-19125","post","type-post","status-publish","format-standard","has-post-thumbnail","hentry","category-deportes"],"yoast_head":"<!-- This site is optimized with the Yoast SEO plugin v27.5 - https:\/\/yoast.com\/product\/yoast-seo-wordpress\/ -->\n<title>Manu Gin\u00f3bili fue condecorado con un anillo y recibi\u00f3 el emblem\u00e1tico saco naranja horas antes de su ingreso al Sal\u00f3n de la Fama | CVI NOTICIAS<\/title>\n<meta name=\"robots\" content=\"index, follow, max-snippet:-1, max-image-preview:large, max-video-preview:-1\" \/>\n<link rel=\"canonical\" href=\"https:\/\/cvinoticias.com\/v3\/manu-ginobili-fue-condecorado-con-un-anillo-y-recibio-el-emblematico-saco-naranja-horas-antes-de-su-ingreso-al-salon-de-la-fama\/\" \/>\n<meta property=\"og:locale\" content=\"es_ES\" \/>\n<meta property=\"og:type\" content=\"article\" \/>\n<meta property=\"og:title\" content=\"Manu Gin\u00f3bili fue condecorado con un anillo y recibi\u00f3 el emblem\u00e1tico saco naranja horas antes de su ingreso al Sal\u00f3n de la Fama | CVI NOTICIAS\" \/>\n<meta property=\"og:description\" content=\"Emanuel Gin\u00f3bili ingresar\u00e1 este s\u00e1bado en el selecto Naismith Memorial Basketball Hall of Fame. En una conferencia de prensa, el bahiense describi\u00f3 como \u201cirreal\u201d el reconocimiento y record\u00f3 sus inicios. Este s\u00e1bado a la noche Emanuel Gin\u00f3bili vivir\u00e1 un momento hist\u00f3rico. El bahiense se convertir\u00e1 en nuevo integrante del Sal\u00f3n de la Fama de la [&hellip;]\" \/>\n<meta property=\"og:url\" content=\"https:\/\/cvinoticias.com\/v3\/manu-ginobili-fue-condecorado-con-un-anillo-y-recibio-el-emblematico-saco-naranja-horas-antes-de-su-ingreso-al-salon-de-la-fama\/\" \/>\n<meta property=\"og:site_name\" content=\"CVI NOTICIAS\" \/>\n<meta property=\"article:publisher\" content=\"https:\/\/www.facebook.com\/cvinoticias\" \/>\n<meta property=\"article:published_time\" content=\"2022-09-10T13:00:33+00:00\" \/>\n<meta property=\"og:image\" content=\"https:\/\/cvinoticias.com\/wp-content\/uploads\/2022\/09\/GDHOEW7HKFGNHGQQCLSP4GYVSQ.jpg\" \/>\n\t<meta property=\"og:image:width\" content=\"992\" \/>\n\t<meta property=\"og:image:height\" content=\"496\" \/>\n\t<meta property=\"og:image:type\" content=\"image\/jpeg\" \/>\n<meta name=\"author\" content=\"f1000024\" \/>\n<meta name=\"twitter:card\" content=\"summary_large_image\" \/>\n<meta name=\"twitter:label1\" content=\"Escrito por\" \/>\n\t<meta name=\"twitter:data1\" content=\"f1000024\" \/>\n\t<meta name=\"twitter:label2\" content=\"Tiempo de lectura\" \/>\n\t<meta name=\"twitter:data2\" content=\"2 minutos\" \/>\n<script type=\"application\/ld+json\" class=\"yoast-schema-graph\">{\"@context\":\"https:\\\/\\\/schema.org\",\"@graph\":[{\"@type\":\"Article\",\"@id\":\"https:\\\/\\\/cvinoticias.com\\\/v3\\\/manu-ginobili-fue-condecorado-con-un-anillo-y-recibio-el-emblematico-saco-naranja-horas-antes-de-su-ingreso-al-salon-de-la-fama\\\/#article\",\"isPartOf\":{\"@id\":\"https:\\\/\\\/cvinoticias.com\\\/v3\\\/manu-ginobili-fue-condecorado-con-un-anillo-y-recibio-el-emblematico-saco-naranja-horas-antes-de-su-ingreso-al-salon-de-la-fama\\\/\"},\"author\":{\"name\":\"f1000024\",\"@id\":\"https:\\\/\\\/cvinoticias.com\\\/v3\\\/#\\\/schema\\\/person\\\/2db77e3c6bc03c538495d7b2b8be9b66\"},\"headline\":\"Manu Gin\u00f3bili fue condecorado con un anillo y recibi\u00f3 el emblem\u00e1tico saco naranja horas antes de su ingreso al Sal\u00f3n de la Fama\",\"datePublished\":\"2022-09-10T13:00:33+00:00\",\"mainEntityOfPage\":{\"@id\":\"https:\\\/\\\/cvinoticias.com\\\/v3\\\/manu-ginobili-fue-condecorado-con-un-anillo-y-recibio-el-emblematico-saco-naranja-horas-antes-de-su-ingreso-al-salon-de-la-fama\\\/\"},\"wordCount\":328,\"commentCount\":0,\"publisher\":{\"@id\":\"https:\\\/\\\/cvinoticias.com\\\/v3\\\/#organization\"},\"image\":{\"@id\":\"https:\\\/\\\/cvinoticias.com\\\/v3\\\/manu-ginobili-fue-condecorado-con-un-anillo-y-recibio-el-emblematico-saco-naranja-horas-antes-de-su-ingreso-al-salon-de-la-fama\\\/#primaryimage\"},\"thumbnailUrl\":\"https:\\\/\\\/cvinoticias.com\\\/wp-content\\\/uploads\\\/2022\\\/09\\\/GDHOEW7HKFGNHGQQCLSP4GYVSQ.jpg\",\"articleSection\":[\"Deportes\"],\"inLanguage\":\"es\",\"potentialAction\":[{\"@type\":\"CommentAction\",\"name\":\"Comment\",\"target\":[\"https:\\\/\\\/cvinoticias.com\\\/v3\\\/manu-ginobili-fue-condecorado-con-un-anillo-y-recibio-el-emblematico-saco-naranja-horas-antes-de-su-ingreso-al-salon-de-la-fama\\\/#respond\"]}]},{\"@type\":\"WebPage\",\"@id\":\"https:\\\/\\\/cvinoticias.com\\\/v3\\\/manu-ginobili-fue-condecorado-con-un-anillo-y-recibio-el-emblematico-saco-naranja-horas-antes-de-su-ingreso-al-salon-de-la-fama\\\/\",\"url\":\"https:\\\/\\\/cvinoticias.com\\\/v3\\\/manu-ginobili-fue-condecorado-con-un-anillo-y-recibio-el-emblematico-saco-naranja-horas-antes-de-su-ingreso-al-salon-de-la-fama\\\/\",\"name\":\"Manu Gin\u00f3bili fue condecorado con un anillo y recibi\u00f3 el emblem\u00e1tico saco naranja horas antes de su ingreso al Sal\u00f3n de la Fama | CVI NOTICIAS\",\"isPartOf\":{\"@id\":\"https:\\\/\\\/cvinoticias.com\\\/v3\\\/#website\"},\"primaryImageOfPage\":{\"@id\":\"https:\\\/\\\/cvinoticias.com\\\/v3\\\/manu-ginobili-fue-condecorado-con-un-anillo-y-recibio-el-emblematico-saco-naranja-horas-antes-de-su-ingreso-al-salon-de-la-fama\\\/#primaryimage\"},\"image\":{\"@id\":\"https:\\\/\\\/cvinoticias.com\\\/v3\\\/manu-ginobili-fue-condecorado-con-un-anillo-y-recibio-el-emblematico-saco-naranja-horas-antes-de-su-ingreso-al-salon-de-la-fama\\\/#primaryimage\"},\"thumbnailUrl\":\"https:\\\/\\\/cvinoticias.com\\\/wp-content\\\/uploads\\\/2022\\\/09\\\/GDHOEW7HKFGNHGQQCLSP4GYVSQ.jpg\",\"datePublished\":\"2022-09-10T13:00:33+00:00\",\"breadcrumb\":{\"@id\":\"https:\\\/\\\/cvinoticias.com\\\/v3\\\/manu-ginobili-fue-condecorado-con-un-anillo-y-recibio-el-emblematico-saco-naranja-horas-antes-de-su-ingreso-al-salon-de-la-fama\\\/#breadcrumb\"},\"inLanguage\":\"es\",\"potentialAction\":[{\"@type\":\"ReadAction\",\"target\":[\"https:\\\/\\\/cvinoticias.com\\\/v3\\\/manu-ginobili-fue-condecorado-con-un-anillo-y-recibio-el-emblematico-saco-naranja-horas-antes-de-su-ingreso-al-salon-de-la-fama\\\/\"]}]},{\"@type\":\"ImageObject\",\"inLanguage\":\"es\",\"@id\":\"https:\\\/\\\/cvinoticias.com\\\/v3\\\/manu-ginobili-fue-condecorado-con-un-anillo-y-recibio-el-emblematico-saco-naranja-horas-antes-de-su-ingreso-al-salon-de-la-fama\\\/#primaryimage\",\"url\":\"https:\\\/\\\/cvinoticias.com\\\/wp-content\\\/uploads\\\/2022\\\/09\\\/GDHOEW7HKFGNHGQQCLSP4GYVSQ.jpg\",\"contentUrl\":\"https:\\\/\\\/cvinoticias.com\\\/wp-content\\\/uploads\\\/2022\\\/09\\\/GDHOEW7HKFGNHGQQCLSP4GYVSQ.jpg\",\"width\":992,\"height\":496},{\"@type\":\"BreadcrumbList\",\"@id\":\"https:\\\/\\\/cvinoticias.com\\\/v3\\\/manu-ginobili-fue-condecorado-con-un-anillo-y-recibio-el-emblematico-saco-naranja-horas-antes-de-su-ingreso-al-salon-de-la-fama\\\/#breadcrumb\",\"itemListElement\":[{\"@type\":\"ListItem\",\"position\":1,\"name\":\"Portada\",\"item\":\"https:\\\/\\\/cvinoticias.com\\\/v3\\\/\"},{\"@type\":\"ListItem\",\"position\":2,\"name\":\"Manu Gin\u00f3bili fue condecorado con un anillo y recibi\u00f3 el emblem\u00e1tico saco naranja horas antes de su ingreso al Sal\u00f3n de la Fama\"}]},{\"@type\":\"WebSite\",\"@id\":\"https:\\\/\\\/cvinoticias.com\\\/v3\\\/#website\",\"url\":\"https:\\\/\\\/cvinoticias.com\\\/v3\\\/\",\"name\":\"CVI NOTICIAS\",\"description\":\"\",\"publisher\":{\"@id\":\"https:\\\/\\\/cvinoticias.com\\\/v3\\\/#organization\"},\"alternateName\":\"CVI\",\"potentialAction\":[{\"@type\":\"SearchAction\",\"target\":{\"@type\":\"EntryPoint\",\"urlTemplate\":\"https:\\\/\\\/cvinoticias.com\\\/v3\\\/?s={search_term_string}\"},\"query-input\":{\"@type\":\"PropertyValueSpecification\",\"valueRequired\":true,\"valueName\":\"search_term_string\"}}],\"inLanguage\":\"es\"},{\"@type\":\"Organization\",\"@id\":\"https:\\\/\\\/cvinoticias.com\\\/v3\\\/#organization\",\"name\":\"CVI NOTICIAS\",\"url\":\"https:\\\/\\\/cvinoticias.com\\\/v3\\\/\",\"logo\":{\"@type\":\"ImageObject\",\"inLanguage\":\"es\",\"@id\":\"https:\\\/\\\/cvinoticias.com\\\/v3\\\/#\\\/schema\\\/logo\\\/image\\\/\",\"url\":\"https:\\\/\\\/cvinoticias.com\\\/wp-content\\\/uploads\\\/2023\\\/04\\\/cropped-cropped-cropped-cropped-cropped-3-1.png\",\"contentUrl\":\"https:\\\/\\\/cvinoticias.com\\\/wp-content\\\/uploads\\\/2023\\\/04\\\/cropped-cropped-cropped-cropped-cropped-3-1.png\",\"width\":95,\"height\":122,\"caption\":\"CVI NOTICIAS\"},\"image\":{\"@id\":\"https:\\\/\\\/cvinoticias.com\\\/v3\\\/#\\\/schema\\\/logo\\\/image\\\/\"},\"sameAs\":[\"https:\\\/\\\/www.facebook.com\\\/cvinoticias\",\"https:\\\/\\\/www.instagram.com\\\/cvinoticias\\\/\",\"https:\\\/\\\/www.youtube.com\\\/@CVINOTICIAS\"]},{\"@type\":\"Person\",\"@id\":\"https:\\\/\\\/cvinoticias.com\\\/v3\\\/#\\\/schema\\\/person\\\/2db77e3c6bc03c538495d7b2b8be9b66\",\"name\":\"f1000024\",\"image\":{\"@type\":\"ImageObject\",\"inLanguage\":\"es\",\"@id\":\"https:\\\/\\\/secure.gravatar.com\\\/avatar\\\/d4fe7459cfc51ff5129ce1a732bbef5928568b8092d412ef95611616376bbeed?s=96&d=mm&r=g\",\"url\":\"https:\\\/\\\/secure.gravatar.com\\\/avatar\\\/d4fe7459cfc51ff5129ce1a732bbef5928568b8092d412ef95611616376bbeed?s=96&d=mm&r=g\",\"contentUrl\":\"https:\\\/\\\/secure.gravatar.com\\\/avatar\\\/d4fe7459cfc51ff5129ce1a732bbef5928568b8092d412ef95611616376bbeed?s=96&d=mm&r=g\",\"caption\":\"f1000024\"},\"url\":\"https:\\\/\\\/cvinoticias.com\\\/v3\\\/author\\\/f1000024\\\/\"}]}<\/script>\n<!-- \/ Yoast SEO plugin. -->","yoast_head_json":{"title":"Manu Gin\u00f3bili fue condecorado con un anillo y recibi\u00f3 el emblem\u00e1tico saco naranja horas antes de su ingreso al Sal\u00f3n de la Fama | CVI NOTICIAS","robots":{"index":"index","follow":"follow","max-snippet":"max-snippet:-1","max-image-preview":"max-image-preview:large","max-video-preview":"max-video-preview:-1"},"canonical":"https:\/\/cvinoticias.com\/v3\/manu-ginobili-fue-condecorado-con-un-anillo-y-recibio-el-emblematico-saco-naranja-horas-antes-de-su-ingreso-al-salon-de-la-fama\/","og_locale":"es_ES","og_type":"article","og_title":"Manu Gin\u00f3bili fue condecorado con un anillo y recibi\u00f3 el emblem\u00e1tico saco naranja horas antes de su ingreso al Sal\u00f3n de la Fama | CVI NOTICIAS","og_description":"Emanuel Gin\u00f3bili ingresar\u00e1 este s\u00e1bado en el selecto Naismith Memorial Basketball Hall of Fame. En una conferencia de prensa, el bahiense describi\u00f3 como \u201cirreal\u201d el reconocimiento y record\u00f3 sus inicios. Este s\u00e1bado a la noche Emanuel Gin\u00f3bili vivir\u00e1 un momento hist\u00f3rico. El bahiense se convertir\u00e1 en nuevo integrante del Sal\u00f3n de la Fama de la [&hellip;]","og_url":"https:\/\/cvinoticias.com\/v3\/manu-ginobili-fue-condecorado-con-un-anillo-y-recibio-el-emblematico-saco-naranja-horas-antes-de-su-ingreso-al-salon-de-la-fama\/","og_site_name":"CVI NOTICIAS","article_publisher":"https:\/\/www.facebook.com\/cvinoticias","article_published_time":"2022-09-10T13:00:33+00:00","og_image":[{"width":992,"height":496,"url":"https:\/\/cvinoticias.com\/wp-content\/uploads\/2022\/09\/GDHOEW7HKFGNHGQQCLSP4GYVSQ.jpg","type":"image\/jpeg"}],"author":"f1000024","twitter_card":"summary_large_image","twitter_misc":{"Escrito por":"f1000024","Tiempo de lectura":"2 minutos"},"schema":{"@context":"https:\/\/schema.org","@graph":[{"@type":"Article","@id":"https:\/\/cvinoticias.com\/v3\/manu-ginobili-fue-condecorado-con-un-anillo-y-recibio-el-emblematico-saco-naranja-horas-antes-de-su-ingreso-al-salon-de-la-fama\/#article","isPartOf":{"@id":"https:\/\/cvinoticias.com\/v3\/manu-ginobili-fue-condecorado-con-un-anillo-y-recibio-el-emblematico-saco-naranja-horas-antes-de-su-ingreso-al-salon-de-la-fama\/"},"author":{"name":"f1000024","@id":"https:\/\/cvinoticias.com\/v3\/#\/schema\/person\/2db77e3c6bc03c538495d7b2b8be9b66"},"headline":"Manu Gin\u00f3bili fue condecorado con un anillo y recibi\u00f3 el emblem\u00e1tico saco naranja horas antes de su ingreso al Sal\u00f3n de la Fama","datePublished":"2022-09-10T13:00:33+00:00","mainEntityOfPage":{"@id":"https:\/\/cvinoticias.com\/v3\/manu-ginobili-fue-condecorado-con-un-anillo-y-recibio-el-emblematico-saco-naranja-horas-antes-de-su-ingreso-al-salon-de-la-fama\/"},"wordCount":328,"commentCount":0,"publisher":{"@id":"https:\/\/cvinoticias.com\/v3\/#organization"},"image":{"@id":"https:\/\/cvinoticias.com\/v3\/manu-ginobili-fue-condecorado-con-un-anillo-y-recibio-el-emblematico-saco-naranja-horas-antes-de-su-ingreso-al-salon-de-la-fama\/#primaryimage"},"thumbnailUrl":"https:\/\/cvinoticias.com\/wp-content\/uploads\/2022\/09\/GDHOEW7HKFGNHGQQCLSP4GYVSQ.jpg","articleSection":["Deportes"],"inLanguage":"es","potentialAction":[{"@type":"CommentAction","name":"Comment","target":["https:\/\/cvinoticias.com\/v3\/manu-ginobili-fue-condecorado-con-un-anillo-y-recibio-el-emblematico-saco-naranja-horas-antes-de-su-ingreso-al-salon-de-la-fama\/#respond"]}]},{"@type":"WebPage","@id":"https:\/\/cvinoticias.com\/v3\/manu-ginobili-fue-condecorado-con-un-anillo-y-recibio-el-emblematico-saco-naranja-horas-antes-de-su-ingreso-al-salon-de-la-fama\/","url":"https:\/\/cvinoticias.com\/v3\/manu-ginobili-fue-condecorado-con-un-anillo-y-recibio-el-emblematico-saco-naranja-horas-antes-de-su-ingreso-al-salon-de-la-fama\/","name":"Manu Gin\u00f3bili fue condecorado con un anillo y recibi\u00f3 el emblem\u00e1tico saco naranja horas antes de su ingreso al Sal\u00f3n de la Fama | CVI NOTICIAS","isPartOf":{"@id":"https:\/\/cvinoticias.com\/v3\/#website"},"primaryImageOfPage":{"@id":"https:\/\/cvinoticias.com\/v3\/manu-ginobili-fue-condecorado-con-un-anillo-y-recibio-el-emblematico-saco-naranja-horas-antes-de-su-ingreso-al-salon-de-la-fama\/#primaryimage"},"image":{"@id":"https:\/\/cvinoticias.com\/v3\/manu-ginobili-fue-condecorado-con-un-anillo-y-recibio-el-emblematico-saco-naranja-horas-antes-de-su-ingreso-al-salon-de-la-fama\/#primaryimage"},"thumbnailUrl":"https:\/\/cvinoticias.com\/wp-content\/uploads\/2022\/09\/GDHOEW7HKFGNHGQQCLSP4GYVSQ.jpg","datePublished":"2022-09-10T13:00:33+00:00","breadcrumb":{"@id":"https:\/\/cvinoticias.com\/v3\/manu-ginobili-fue-condecorado-con-un-anillo-y-recibio-el-emblematico-saco-naranja-horas-antes-de-su-ingreso-al-salon-de-la-fama\/#breadcrumb"},"inLanguage":"es","potentialAction":[{"@type":"ReadAction","target":["https:\/\/cvinoticias.com\/v3\/manu-ginobili-fue-condecorado-con-un-anillo-y-recibio-el-emblematico-saco-naranja-horas-antes-de-su-ingreso-al-salon-de-la-fama\/"]}]},{"@type":"ImageObject","inLanguage":"es","@id":"https:\/\/cvinoticias.com\/v3\/manu-ginobili-fue-condecorado-con-un-anillo-y-recibio-el-emblematico-saco-naranja-horas-antes-de-su-ingreso-al-salon-de-la-fama\/#primaryimage","url":"https:\/\/cvinoticias.com\/wp-content\/uploads\/2022\/09\/GDHOEW7HKFGNHGQQCLSP4GYVSQ.jpg","contentUrl":"https:\/\/cvinoticias.com\/wp-content\/uploads\/2022\/09\/GDHOEW7HKFGNHGQQCLSP4GYVSQ.jpg","width":992,"height":496},{"@type":"BreadcrumbList","@id":"https:\/\/cvinoticias.com\/v3\/manu-ginobili-fue-condecorado-con-un-anillo-y-recibio-el-emblematico-saco-naranja-horas-antes-de-su-ingreso-al-salon-de-la-fama\/#breadcrumb","itemListElement":[{"@type":"ListItem","position":1,"name":"Portada","item":"https:\/\/cvinoticias.com\/v3\/"},{"@type":"ListItem","position":2,"name":"Manu Gin\u00f3bili fue condecorado con un anillo y recibi\u00f3 el emblem\u00e1tico saco naranja horas antes de su ingreso al Sal\u00f3n de la Fama"}]},{"@type":"WebSite","@id":"https:\/\/cvinoticias.com\/v3\/#website","url":"https:\/\/cvinoticias.com\/v3\/","name":"CVI NOTICIAS","description":"","publisher":{"@id":"https:\/\/cvinoticias.com\/v3\/#organization"},"alternateName":"CVI","potentialAction":[{"@type":"SearchAction","target":{"@type":"EntryPoint","urlTemplate":"https:\/\/cvinoticias.com\/v3\/?s={search_term_string}"},"query-input":{"@type":"PropertyValueSpecification","valueRequired":true,"valueName":"search_term_string"}}],"inLanguage":"es"},{"@type":"Organization","@id":"https:\/\/cvinoticias.com\/v3\/#organization","name":"CVI NOTICIAS","url":"https:\/\/cvinoticias.com\/v3\/","logo":{"@type":"ImageObject","inLanguage":"es","@id":"https:\/\/cvinoticias.com\/v3\/#\/schema\/logo\/image\/","url":"https:\/\/cvinoticias.com\/wp-content\/uploads\/2023\/04\/cropped-cropped-cropped-cropped-cropped-3-1.png","contentUrl":"https:\/\/cvinoticias.com\/wp-content\/uploads\/2023\/04\/cropped-cropped-cropped-cropped-cropped-3-1.png","width":95,"height":122,"caption":"CVI NOTICIAS"},"image":{"@id":"https:\/\/cvinoticias.com\/v3\/#\/schema\/logo\/image\/"},"sameAs":["https:\/\/www.facebook.com\/cvinoticias","https:\/\/www.instagram.com\/cvinoticias\/","https:\/\/www.youtube.com\/@CVINOTICIAS"]},{"@type":"Person","@id":"https:\/\/cvinoticias.com\/v3\/#\/schema\/person\/2db77e3c6bc03c538495d7b2b8be9b66","name":"f1000024","image":{"@type":"ImageObject","inLanguage":"es","@id":"https:\/\/secure.gravatar.com\/avatar\/d4fe7459cfc51ff5129ce1a732bbef5928568b8092d412ef95611616376bbeed?s=96&d=mm&r=g","url":"https:\/\/secure.gravatar.com\/avatar\/d4fe7459cfc51ff5129ce1a732bbef5928568b8092d412ef95611616376bbeed?s=96&d=mm&r=g","contentUrl":"https:\/\/secure.gravatar.com\/avatar\/d4fe7459cfc51ff5129ce1a732bbef5928568b8092d412ef95611616376bbeed?s=96&d=mm&r=g","caption":"f1000024"},"url":"https:\/\/cvinoticias.com\/v3\/author\/f1000024\/"}]}},"_links":{"self":[{"href":"https:\/\/cvinoticias.com\/v3\/wp-json\/wp\/v2\/posts\/19125","targetHints":{"allow":["GET"]}}],"collection":[{"href":"https:\/\/cvinoticias.com\/v3\/wp-json\/wp\/v2\/posts"}],"about":[{"href":"https:\/\/cvinoticias.com\/v3\/wp-json\/wp\/v2\/types\/post"}],"author":[{"embeddable":true,"href":"https:\/\/cvinoticias.com\/v3\/wp-json\/wp\/v2\/users\/2"}],"replies":[{"embeddable":true,"href":"https:\/\/cvinoticias.com\/v3\/wp-json\/wp\/v2\/comments?post=19125"}],"version-history":[{"count":1,"href":"https:\/\/cvinoticias.com\/v3\/wp-json\/wp\/v2\/posts\/19125\/revisions"}],"predecessor-version":[{"id":19127,"href":"https:\/\/cvinoticias.com\/v3\/wp-json\/wp\/v2\/posts\/19125\/revisions\/19127"}],"wp:featuredmedia":[{"embeddable":true,"href":"https:\/\/cvinoticias.com\/v3\/wp-json\/wp\/v2\/media\/19126"}],"wp:attachment":[{"href":"https:\/\/cvinoticias.com\/v3\/wp-json\/wp\/v2\/media?parent=19125"}],"wp:term":[{"taxonomy":"category","embeddable":true,"href":"https:\/\/cvinoticias.com\/v3\/wp-json\/wp\/v2\/categories?post=19125"},{"taxonomy":"post_tag","embeddable":true,"href":"https:\/\/cvinoticias.com\/v3\/wp-json\/wp\/v2\/tags?post=19125"}],"curies":[{"name":"wp","href":"https:\/\/api.w.org\/{rel}","templated":true}]}}