{"id":19122,"date":"2022-09-10T12:09:16","date_gmt":"2022-09-10T12:09:16","guid":{"rendered":"https:\/\/cvinoticias.com\/v3\/?p=19122"},"modified":"2022-09-10T12:09:16","modified_gmt":"2022-09-10T12:09:16","slug":"vizzotti-aseguro-que-no-hay-recomendaciones-para-evitar-el-brote-de-legionella","status":"publish","type":"post","link":"https:\/\/cvinoticias.com\/v3\/vizzotti-aseguro-que-no-hay-recomendaciones-para-evitar-el-brote-de-legionella\/","title":{"rendered":"Vizzotti asegur\u00f3 que \u00abno hay recomendaciones\u00bb para evitar el brote de Legionella"},"content":{"rendered":"\n<p><strong><em>La ministra de Salud habl\u00f3 en conferencia de prensa tras los casos mortales en la provincia de Tucum\u00e1n.<\/em><\/strong><\/p>\n\n\n\n<p>La ministra de Salud Carla Vizzotti llam\u00f3 a \u00abno generar un alerta en particular\u00bb y llev\u00f3 \u00abtranquilidad a la poblaci\u00f3n\u00bb por el brote de Legionella en San Miguel de Tucum\u00e1n, una bacteria que afecta principalmente las v\u00edas respiratorias y que suele derivar en neumon\u00eda, y refiri\u00f3 que es una enfermedad \u00abque tiene tratamiento\u00bb.<\/p>\n\n\n\n<p>Tras reunirse con expertos de la Organizaci\u00f3n Panamericana de la Salud (OPS) para abordar el brote de Legionella en una cl\u00ednica de Tucum\u00e1n, que afect\u00f3 a 22 pacientes, seis de los cuales murieron, Vizzotti dijo en conferencia de prensa en Casa Rosada que \u00abesta es una bacteria conocida\u00bb en 1977, \u00abque tiene tratamiento\u00bb y que ha sido \u00abuna causa de brote\u00bb en Tucum\u00e1n.<\/p>\n\n\n\n<p>\u00abHay que llevar tranquilidad en ese sentido porque venimos de dos a\u00f1os de incertidumbre\u00bb, se\u00f1al\u00f3 ministra en relaci\u00f3n a los padecimientos por la Covid-19.<\/p>\n\n\n\n<p>\u00abNo es una nueva bacteria y no hay alguna recomendaci\u00f3n para alertarnos o para preocupar\u00bb, insisti\u00f3 Vizzotti, y puntualiz\u00f3 que \u00abya se aisl\u00f3 en germen y no hay que asustarse\u00bb.<\/p>\n\n\n\n<p>La funcionaria explic\u00f3 que \u00abla fuente de infecci\u00f3n es por v\u00eda inhalatoria\u00bb, que puede ser \u00aba trav\u00e9s del aire acondicionado o ca\u00f1er\u00edas de agua\u00bb, y aclar\u00f3 que \u00abno se transmite de persona a persona\u00bb.<\/p>\n\n\n\n<p>La titular de la cartera de Salud cont\u00f3 que en Tucum\u00e1n surgieron \u00abdos casos de neumon\u00edas bilaterales graves de origen desconocido\u00bb en una cl\u00ednica, porque \u00ablos g\u00e9rmenes habituales daban negativo\u00bb, lo que deriv\u00f3 en \u00absuspender ingresos, cirug\u00edas y consultas\u00bb, para luego \u00abtrasladar pacientes\u00bb, y a partir de ah\u00ed eso, el centro de salud \u00abno tiene actividad\u00bb.<\/p>\n\n\n\n<p>Vizzotti rese\u00f1\u00f3 que \u00abhubo brotes de Legionella en el mundo, en hospitales y hoteles\u00bb, y apunt\u00f3 al \u00abcontrol con identificaci\u00f3n precoz\u00bb.<\/p>\n\n\n\n<p>En Tucum\u00e1n, el Ministerio de Salud trabaj\u00f3 en estos d\u00edas \u00abcon apoyo de la OPS y con la llegada de expertos de Washington\u00bb, indic\u00f3 la titular de la cartera, que rese\u00f1\u00f3 que esos dos casos \u00abfueron detectados en el mismo centro salud\u00bb.<\/p>\n\n\n\n<p>A partir de all\u00ed se \u00abnotific\u00f3 a la OMS (Organizaci\u00f3n Mundial de la Salud) y a la OPS\u00bb, que \u00abpusieron muy en valor lo precoz de la identificaci\u00f3n de la situaci\u00f3n\u00bb, agreg\u00f3.<\/p>\n\n\n\n<p>Vizzotti refiri\u00f3 que el s\u00e1bado pasado el Instituto Malbr\u00e1n \u00abidentific\u00f3 la bacteria de Legionella, que era la sospecha cl\u00ednica m\u00e1s probable\u00bb lo que motiv\u00f3 a \u00abtrasladar a a los pacientes\u00bb y \u00abeliminar las fuentes de exposici\u00f3n de los internados, los cuidadores y el personal de salud\u00bb.<\/p>\n\n\n\n<p>Adem\u00e1s, inform\u00f3 que personal del \u00abMinisterio de Salud de la provincia, del centro de salud y los expertos trabajaron para la recolecci\u00f3n de muestras en el edificio y hoy llegaron al Malbr\u00e1n para los an\u00e1lisis\u00bb.<\/p>\n\n\n\n<p>Hasta el momento se registraron 22 casos, con seis fallecimientos, cuatro personas internadas -dos de ellas con asistencia respiratoria mec\u00e1nica- y 12 ambulatorios.<\/p>\n\n\n\n<p>En ese sentido, Vizzotti indic\u00f3 que los fallecidos \u00abten\u00edan factores de riesgo\u00bb y enumer\u00f3 que esos son \u00abtabaquismo, enfermedades respiratorias o con inmunocompromiso\u00bb.<\/p>\n\n\n\n<p>\u00abPara adelante se est\u00e1 trabajando con 165 personas que son personal salud y 184 pacientes y cuidadores buscando si tuvieron neumon\u00eda\u00bb, manifest\u00f3 la ministra, \u00abporque a diferencia de la Covid, que con el testeo se detectaba, esto tiene una complejidad distinta y se necesitan muestras respiratorias y serol\u00f3gicas para ver anticuerpos\u00bb.<\/p>\n\n\n\n<p>\u00abLo que tenemos es un brote de neumon\u00eda bilateral con origen en la bacteria Legionella\u00bb, complet\u00f3 Vizzotti.<\/p>\n\n\n\n<p>Adem\u00e1s, enfatiz\u00f3 que se inici\u00f3 una causa en Tucum\u00e1n \u00aby hay una Fiscal\u00eda investigando si hay situaci\u00f3n puntual de la cl\u00ednica, y no interviene el Ministerio de Salud sino la justicia\u00bb.<\/p>\n\n\n\n<p>Por su parte Eva Jan\u00e9 Llopis, representante de OPS en Argentina, destac\u00f3 la \u00abr\u00e1pida actuaci\u00f3n de Naci\u00f3n y provincia para detectar y responder al brote, y la comunicaci\u00f3n la OMS\u00bb, y resalt\u00f3 el \u00abcompromiso de la Argentina con la salud mundial\u00bb.<\/p>\n\n\n\n<p>La funcionaria espa\u00f1ola expuso que la OPS \u00abdio apoyo t\u00e9cnico\u00bb y avis\u00f3 que \u00abhay brotes muy parecidos en todos los pa\u00edses de la regi\u00f3n\u00bb.<\/p>\n\n\n\n<p>Para Llopis, \u00abhay que entender las caracter\u00edsticas del brote e implementar las medidas de contenci\u00f3n\u00bb, y en ese marco distingui\u00f3 al Instituto Malbr\u00e1n porque tiene \u00abuna capacidad muy grande para hacer el an\u00e1lisis\u00bb.<\/p>\n\n\n\n<p>Junto a la ministra estuvieron, tambi\u00e9n en la conferencia de prensa, Juan Manuel Castelli, subsecretario de Estrategias Sanitarias; Carlos Mar\u00eda Giovacchini, director de Epidemiolog\u00eda; y Laura Barcelona, coordinadora del Programa de Uso Apropiado de Antimicrobianos del Ministerio de Salud.<\/p>\n","protected":false},"excerpt":{"rendered":"<p>La ministra de Salud habl\u00f3 en conferencia de prensa tras los casos mortales en la provincia de Tucum\u00e1n. La ministra de Salud Carla Vizzotti llam\u00f3 a \u00abno generar un alerta en particular\u00bb y llev\u00f3 \u00abtranquilidad a la poblaci\u00f3n\u00bb por el brote de Legionella en San Miguel de Tucum\u00e1n, una bacteria que afecta principalmente las v\u00edas [&hellip;]<\/p>\n","protected":false},"author":2,"featured_media":19123,"comment_status":"open","ping_status":"open","sticky":false,"template":"","format":"standard","meta":{"footnotes":""},"categories":[22],"tags":[],"class_list":["post-19122","post","type-post","status-publish","format-standard","has-post-thumbnail","hentry","category-salud"],"yoast_head":"<!-- This site is optimized with the Yoast SEO plugin v27.5 - https:\/\/yoast.com\/product\/yoast-seo-wordpress\/ -->\n<title>Vizzotti asegur\u00f3 que &quot;no hay recomendaciones&quot; para evitar el brote de Legionella | CVI NOTICIAS<\/title>\n<meta name=\"robots\" content=\"index, follow, max-snippet:-1, max-image-preview:large, max-video-preview:-1\" \/>\n<link rel=\"canonical\" href=\"https:\/\/cvinoticias.com\/v3\/vizzotti-aseguro-que-no-hay-recomendaciones-para-evitar-el-brote-de-legionella\/\" \/>\n<meta property=\"og:locale\" content=\"es_ES\" \/>\n<meta property=\"og:type\" content=\"article\" \/>\n<meta property=\"og:title\" content=\"Vizzotti asegur\u00f3 que &quot;no hay recomendaciones&quot; para evitar el brote de Legionella | CVI NOTICIAS\" \/>\n<meta property=\"og:description\" content=\"La ministra de Salud habl\u00f3 en conferencia de prensa tras los casos mortales en la provincia de Tucum\u00e1n. La ministra de Salud Carla Vizzotti llam\u00f3 a \u00abno generar un alerta en particular\u00bb y llev\u00f3 \u00abtranquilidad a la poblaci\u00f3n\u00bb por el brote de Legionella en San Miguel de Tucum\u00e1n, una bacteria que afecta principalmente las v\u00edas [&hellip;]\" \/>\n<meta property=\"og:url\" content=\"https:\/\/cvinoticias.com\/v3\/vizzotti-aseguro-que-no-hay-recomendaciones-para-evitar-el-brote-de-legionella\/\" \/>\n<meta property=\"og:site_name\" content=\"CVI NOTICIAS\" \/>\n<meta property=\"article:publisher\" content=\"https:\/\/www.facebook.com\/cvinoticias\" \/>\n<meta property=\"article:published_time\" content=\"2022-09-10T12:09:16+00:00\" \/>\n<meta property=\"og:image\" content=\"https:\/\/cvinoticias.com\/wp-content\/uploads\/2022\/09\/0000080405.jpg\" \/>\n\t<meta property=\"og:image:width\" content=\"1500\" \/>\n\t<meta property=\"og:image:height\" content=\"870\" \/>\n\t<meta property=\"og:image:type\" content=\"image\/jpeg\" \/>\n<meta name=\"author\" content=\"f1000024\" \/>\n<meta name=\"twitter:card\" content=\"summary_large_image\" \/>\n<meta name=\"twitter:label1\" content=\"Escrito por\" \/>\n\t<meta name=\"twitter:data1\" content=\"f1000024\" \/>\n\t<meta name=\"twitter:label2\" content=\"Tiempo de lectura\" \/>\n\t<meta name=\"twitter:data2\" content=\"4 minutos\" \/>\n<script type=\"application\/ld+json\" class=\"yoast-schema-graph\">{\"@context\":\"https:\\\/\\\/schema.org\",\"@graph\":[{\"@type\":\"Article\",\"@id\":\"https:\\\/\\\/cvinoticias.com\\\/v3\\\/vizzotti-aseguro-que-no-hay-recomendaciones-para-evitar-el-brote-de-legionella\\\/#article\",\"isPartOf\":{\"@id\":\"https:\\\/\\\/cvinoticias.com\\\/v3\\\/vizzotti-aseguro-que-no-hay-recomendaciones-para-evitar-el-brote-de-legionella\\\/\"},\"author\":{\"name\":\"f1000024\",\"@id\":\"https:\\\/\\\/cvinoticias.com\\\/v3\\\/#\\\/schema\\\/person\\\/2db77e3c6bc03c538495d7b2b8be9b66\"},\"headline\":\"Vizzotti asegur\u00f3 que \u00abno hay recomendaciones\u00bb para evitar el brote de Legionella\",\"datePublished\":\"2022-09-10T12:09:16+00:00\",\"mainEntityOfPage\":{\"@id\":\"https:\\\/\\\/cvinoticias.com\\\/v3\\\/vizzotti-aseguro-que-no-hay-recomendaciones-para-evitar-el-brote-de-legionella\\\/\"},\"wordCount\":805,\"commentCount\":0,\"publisher\":{\"@id\":\"https:\\\/\\\/cvinoticias.com\\\/v3\\\/#organization\"},\"image\":{\"@id\":\"https:\\\/\\\/cvinoticias.com\\\/v3\\\/vizzotti-aseguro-que-no-hay-recomendaciones-para-evitar-el-brote-de-legionella\\\/#primaryimage\"},\"thumbnailUrl\":\"https:\\\/\\\/cvinoticias.com\\\/wp-content\\\/uploads\\\/2022\\\/09\\\/0000080405.jpg\",\"articleSection\":[\"Salud\"],\"inLanguage\":\"es\",\"potentialAction\":[{\"@type\":\"CommentAction\",\"name\":\"Comment\",\"target\":[\"https:\\\/\\\/cvinoticias.com\\\/v3\\\/vizzotti-aseguro-que-no-hay-recomendaciones-para-evitar-el-brote-de-legionella\\\/#respond\"]}]},{\"@type\":\"WebPage\",\"@id\":\"https:\\\/\\\/cvinoticias.com\\\/v3\\\/vizzotti-aseguro-que-no-hay-recomendaciones-para-evitar-el-brote-de-legionella\\\/\",\"url\":\"https:\\\/\\\/cvinoticias.com\\\/v3\\\/vizzotti-aseguro-que-no-hay-recomendaciones-para-evitar-el-brote-de-legionella\\\/\",\"name\":\"Vizzotti asegur\u00f3 que \\\"no hay recomendaciones\\\" para evitar el brote de Legionella | CVI NOTICIAS\",\"isPartOf\":{\"@id\":\"https:\\\/\\\/cvinoticias.com\\\/v3\\\/#website\"},\"primaryImageOfPage\":{\"@id\":\"https:\\\/\\\/cvinoticias.com\\\/v3\\\/vizzotti-aseguro-que-no-hay-recomendaciones-para-evitar-el-brote-de-legionella\\\/#primaryimage\"},\"image\":{\"@id\":\"https:\\\/\\\/cvinoticias.com\\\/v3\\\/vizzotti-aseguro-que-no-hay-recomendaciones-para-evitar-el-brote-de-legionella\\\/#primaryimage\"},\"thumbnailUrl\":\"https:\\\/\\\/cvinoticias.com\\\/wp-content\\\/uploads\\\/2022\\\/09\\\/0000080405.jpg\",\"datePublished\":\"2022-09-10T12:09:16+00:00\",\"breadcrumb\":{\"@id\":\"https:\\\/\\\/cvinoticias.com\\\/v3\\\/vizzotti-aseguro-que-no-hay-recomendaciones-para-evitar-el-brote-de-legionella\\\/#breadcrumb\"},\"inLanguage\":\"es\",\"potentialAction\":[{\"@type\":\"ReadAction\",\"target\":[\"https:\\\/\\\/cvinoticias.com\\\/v3\\\/vizzotti-aseguro-que-no-hay-recomendaciones-para-evitar-el-brote-de-legionella\\\/\"]}]},{\"@type\":\"ImageObject\",\"inLanguage\":\"es\",\"@id\":\"https:\\\/\\\/cvinoticias.com\\\/v3\\\/vizzotti-aseguro-que-no-hay-recomendaciones-para-evitar-el-brote-de-legionella\\\/#primaryimage\",\"url\":\"https:\\\/\\\/cvinoticias.com\\\/wp-content\\\/uploads\\\/2022\\\/09\\\/0000080405.jpg\",\"contentUrl\":\"https:\\\/\\\/cvinoticias.com\\\/wp-content\\\/uploads\\\/2022\\\/09\\\/0000080405.jpg\",\"width\":1500,\"height\":870},{\"@type\":\"BreadcrumbList\",\"@id\":\"https:\\\/\\\/cvinoticias.com\\\/v3\\\/vizzotti-aseguro-que-no-hay-recomendaciones-para-evitar-el-brote-de-legionella\\\/#breadcrumb\",\"itemListElement\":[{\"@type\":\"ListItem\",\"position\":1,\"name\":\"Portada\",\"item\":\"https:\\\/\\\/cvinoticias.com\\\/v3\\\/\"},{\"@type\":\"ListItem\",\"position\":2,\"name\":\"Vizzotti asegur\u00f3 que \u00abno hay recomendaciones\u00bb para evitar el brote de Legionella\"}]},{\"@type\":\"WebSite\",\"@id\":\"https:\\\/\\\/cvinoticias.com\\\/v3\\\/#website\",\"url\":\"https:\\\/\\\/cvinoticias.com\\\/v3\\\/\",\"name\":\"CVI NOTICIAS\",\"description\":\"\",\"publisher\":{\"@id\":\"https:\\\/\\\/cvinoticias.com\\\/v3\\\/#organization\"},\"alternateName\":\"CVI\",\"potentialAction\":[{\"@type\":\"SearchAction\",\"target\":{\"@type\":\"EntryPoint\",\"urlTemplate\":\"https:\\\/\\\/cvinoticias.com\\\/v3\\\/?s={search_term_string}\"},\"query-input\":{\"@type\":\"PropertyValueSpecification\",\"valueRequired\":true,\"valueName\":\"search_term_string\"}}],\"inLanguage\":\"es\"},{\"@type\":\"Organization\",\"@id\":\"https:\\\/\\\/cvinoticias.com\\\/v3\\\/#organization\",\"name\":\"CVI NOTICIAS\",\"url\":\"https:\\\/\\\/cvinoticias.com\\\/v3\\\/\",\"logo\":{\"@type\":\"ImageObject\",\"inLanguage\":\"es\",\"@id\":\"https:\\\/\\\/cvinoticias.com\\\/v3\\\/#\\\/schema\\\/logo\\\/image\\\/\",\"url\":\"https:\\\/\\\/cvinoticias.com\\\/wp-content\\\/uploads\\\/2023\\\/04\\\/cropped-cropped-cropped-cropped-cropped-3-1.png\",\"contentUrl\":\"https:\\\/\\\/cvinoticias.com\\\/wp-content\\\/uploads\\\/2023\\\/04\\\/cropped-cropped-cropped-cropped-cropped-3-1.png\",\"width\":95,\"height\":122,\"caption\":\"CVI NOTICIAS\"},\"image\":{\"@id\":\"https:\\\/\\\/cvinoticias.com\\\/v3\\\/#\\\/schema\\\/logo\\\/image\\\/\"},\"sameAs\":[\"https:\\\/\\\/www.facebook.com\\\/cvinoticias\",\"https:\\\/\\\/www.instagram.com\\\/cvinoticias\\\/\",\"https:\\\/\\\/www.youtube.com\\\/@CVINOTICIAS\"]},{\"@type\":\"Person\",\"@id\":\"https:\\\/\\\/cvinoticias.com\\\/v3\\\/#\\\/schema\\\/person\\\/2db77e3c6bc03c538495d7b2b8be9b66\",\"name\":\"f1000024\",\"image\":{\"@type\":\"ImageObject\",\"inLanguage\":\"es\",\"@id\":\"https:\\\/\\\/secure.gravatar.com\\\/avatar\\\/d4fe7459cfc51ff5129ce1a732bbef5928568b8092d412ef95611616376bbeed?s=96&d=mm&r=g\",\"url\":\"https:\\\/\\\/secure.gravatar.com\\\/avatar\\\/d4fe7459cfc51ff5129ce1a732bbef5928568b8092d412ef95611616376bbeed?s=96&d=mm&r=g\",\"contentUrl\":\"https:\\\/\\\/secure.gravatar.com\\\/avatar\\\/d4fe7459cfc51ff5129ce1a732bbef5928568b8092d412ef95611616376bbeed?s=96&d=mm&r=g\",\"caption\":\"f1000024\"},\"url\":\"https:\\\/\\\/cvinoticias.com\\\/v3\\\/author\\\/f1000024\\\/\"}]}<\/script>\n<!-- \/ Yoast SEO plugin. -->","yoast_head_json":{"title":"Vizzotti asegur\u00f3 que \"no hay recomendaciones\" para evitar el brote de Legionella | CVI NOTICIAS","robots":{"index":"index","follow":"follow","max-snippet":"max-snippet:-1","max-image-preview":"max-image-preview:large","max-video-preview":"max-video-preview:-1"},"canonical":"https:\/\/cvinoticias.com\/v3\/vizzotti-aseguro-que-no-hay-recomendaciones-para-evitar-el-brote-de-legionella\/","og_locale":"es_ES","og_type":"article","og_title":"Vizzotti asegur\u00f3 que \"no hay recomendaciones\" para evitar el brote de Legionella | CVI NOTICIAS","og_description":"La ministra de Salud habl\u00f3 en conferencia de prensa tras los casos mortales en la provincia de Tucum\u00e1n. La ministra de Salud Carla Vizzotti llam\u00f3 a \u00abno generar un alerta en particular\u00bb y llev\u00f3 \u00abtranquilidad a la poblaci\u00f3n\u00bb por el brote de Legionella en San Miguel de Tucum\u00e1n, una bacteria que afecta principalmente las v\u00edas [&hellip;]","og_url":"https:\/\/cvinoticias.com\/v3\/vizzotti-aseguro-que-no-hay-recomendaciones-para-evitar-el-brote-de-legionella\/","og_site_name":"CVI NOTICIAS","article_publisher":"https:\/\/www.facebook.com\/cvinoticias","article_published_time":"2022-09-10T12:09:16+00:00","og_image":[{"width":1500,"height":870,"url":"https:\/\/cvinoticias.com\/wp-content\/uploads\/2022\/09\/0000080405.jpg","type":"image\/jpeg"}],"author":"f1000024","twitter_card":"summary_large_image","twitter_misc":{"Escrito por":"f1000024","Tiempo de lectura":"4 minutos"},"schema":{"@context":"https:\/\/schema.org","@graph":[{"@type":"Article","@id":"https:\/\/cvinoticias.com\/v3\/vizzotti-aseguro-que-no-hay-recomendaciones-para-evitar-el-brote-de-legionella\/#article","isPartOf":{"@id":"https:\/\/cvinoticias.com\/v3\/vizzotti-aseguro-que-no-hay-recomendaciones-para-evitar-el-brote-de-legionella\/"},"author":{"name":"f1000024","@id":"https:\/\/cvinoticias.com\/v3\/#\/schema\/person\/2db77e3c6bc03c538495d7b2b8be9b66"},"headline":"Vizzotti asegur\u00f3 que \u00abno hay recomendaciones\u00bb para evitar el brote de Legionella","datePublished":"2022-09-10T12:09:16+00:00","mainEntityOfPage":{"@id":"https:\/\/cvinoticias.com\/v3\/vizzotti-aseguro-que-no-hay-recomendaciones-para-evitar-el-brote-de-legionella\/"},"wordCount":805,"commentCount":0,"publisher":{"@id":"https:\/\/cvinoticias.com\/v3\/#organization"},"image":{"@id":"https:\/\/cvinoticias.com\/v3\/vizzotti-aseguro-que-no-hay-recomendaciones-para-evitar-el-brote-de-legionella\/#primaryimage"},"thumbnailUrl":"https:\/\/cvinoticias.com\/wp-content\/uploads\/2022\/09\/0000080405.jpg","articleSection":["Salud"],"inLanguage":"es","potentialAction":[{"@type":"CommentAction","name":"Comment","target":["https:\/\/cvinoticias.com\/v3\/vizzotti-aseguro-que-no-hay-recomendaciones-para-evitar-el-brote-de-legionella\/#respond"]}]},{"@type":"WebPage","@id":"https:\/\/cvinoticias.com\/v3\/vizzotti-aseguro-que-no-hay-recomendaciones-para-evitar-el-brote-de-legionella\/","url":"https:\/\/cvinoticias.com\/v3\/vizzotti-aseguro-que-no-hay-recomendaciones-para-evitar-el-brote-de-legionella\/","name":"Vizzotti asegur\u00f3 que \"no hay recomendaciones\" para evitar el brote de Legionella | CVI NOTICIAS","isPartOf":{"@id":"https:\/\/cvinoticias.com\/v3\/#website"},"primaryImageOfPage":{"@id":"https:\/\/cvinoticias.com\/v3\/vizzotti-aseguro-que-no-hay-recomendaciones-para-evitar-el-brote-de-legionella\/#primaryimage"},"image":{"@id":"https:\/\/cvinoticias.com\/v3\/vizzotti-aseguro-que-no-hay-recomendaciones-para-evitar-el-brote-de-legionella\/#primaryimage"},"thumbnailUrl":"https:\/\/cvinoticias.com\/wp-content\/uploads\/2022\/09\/0000080405.jpg","datePublished":"2022-09-10T12:09:16+00:00","breadcrumb":{"@id":"https:\/\/cvinoticias.com\/v3\/vizzotti-aseguro-que-no-hay-recomendaciones-para-evitar-el-brote-de-legionella\/#breadcrumb"},"inLanguage":"es","potentialAction":[{"@type":"ReadAction","target":["https:\/\/cvinoticias.com\/v3\/vizzotti-aseguro-que-no-hay-recomendaciones-para-evitar-el-brote-de-legionella\/"]}]},{"@type":"ImageObject","inLanguage":"es","@id":"https:\/\/cvinoticias.com\/v3\/vizzotti-aseguro-que-no-hay-recomendaciones-para-evitar-el-brote-de-legionella\/#primaryimage","url":"https:\/\/cvinoticias.com\/wp-content\/uploads\/2022\/09\/0000080405.jpg","contentUrl":"https:\/\/cvinoticias.com\/wp-content\/uploads\/2022\/09\/0000080405.jpg","width":1500,"height":870},{"@type":"BreadcrumbList","@id":"https:\/\/cvinoticias.com\/v3\/vizzotti-aseguro-que-no-hay-recomendaciones-para-evitar-el-brote-de-legionella\/#breadcrumb","itemListElement":[{"@type":"ListItem","position":1,"name":"Portada","item":"https:\/\/cvinoticias.com\/v3\/"},{"@type":"ListItem","position":2,"name":"Vizzotti asegur\u00f3 que \u00abno hay recomendaciones\u00bb para evitar el brote de Legionella"}]},{"@type":"WebSite","@id":"https:\/\/cvinoticias.com\/v3\/#website","url":"https:\/\/cvinoticias.com\/v3\/","name":"CVI NOTICIAS","description":"","publisher":{"@id":"https:\/\/cvinoticias.com\/v3\/#organization"},"alternateName":"CVI","potentialAction":[{"@type":"SearchAction","target":{"@type":"EntryPoint","urlTemplate":"https:\/\/cvinoticias.com\/v3\/?s={search_term_string}"},"query-input":{"@type":"PropertyValueSpecification","valueRequired":true,"valueName":"search_term_string"}}],"inLanguage":"es"},{"@type":"Organization","@id":"https:\/\/cvinoticias.com\/v3\/#organization","name":"CVI NOTICIAS","url":"https:\/\/cvinoticias.com\/v3\/","logo":{"@type":"ImageObject","inLanguage":"es","@id":"https:\/\/cvinoticias.com\/v3\/#\/schema\/logo\/image\/","url":"https:\/\/cvinoticias.com\/wp-content\/uploads\/2023\/04\/cropped-cropped-cropped-cropped-cropped-3-1.png","contentUrl":"https:\/\/cvinoticias.com\/wp-content\/uploads\/2023\/04\/cropped-cropped-cropped-cropped-cropped-3-1.png","width":95,"height":122,"caption":"CVI NOTICIAS"},"image":{"@id":"https:\/\/cvinoticias.com\/v3\/#\/schema\/logo\/image\/"},"sameAs":["https:\/\/www.facebook.com\/cvinoticias","https:\/\/www.instagram.com\/cvinoticias\/","https:\/\/www.youtube.com\/@CVINOTICIAS"]},{"@type":"Person","@id":"https:\/\/cvinoticias.com\/v3\/#\/schema\/person\/2db77e3c6bc03c538495d7b2b8be9b66","name":"f1000024","image":{"@type":"ImageObject","inLanguage":"es","@id":"https:\/\/secure.gravatar.com\/avatar\/d4fe7459cfc51ff5129ce1a732bbef5928568b8092d412ef95611616376bbeed?s=96&d=mm&r=g","url":"https:\/\/secure.gravatar.com\/avatar\/d4fe7459cfc51ff5129ce1a732bbef5928568b8092d412ef95611616376bbeed?s=96&d=mm&r=g","contentUrl":"https:\/\/secure.gravatar.com\/avatar\/d4fe7459cfc51ff5129ce1a732bbef5928568b8092d412ef95611616376bbeed?s=96&d=mm&r=g","caption":"f1000024"},"url":"https:\/\/cvinoticias.com\/v3\/author\/f1000024\/"}]}},"_links":{"self":[{"href":"https:\/\/cvinoticias.com\/v3\/wp-json\/wp\/v2\/posts\/19122","targetHints":{"allow":["GET"]}}],"collection":[{"href":"https:\/\/cvinoticias.com\/v3\/wp-json\/wp\/v2\/posts"}],"about":[{"href":"https:\/\/cvinoticias.com\/v3\/wp-json\/wp\/v2\/types\/post"}],"author":[{"embeddable":true,"href":"https:\/\/cvinoticias.com\/v3\/wp-json\/wp\/v2\/users\/2"}],"replies":[{"embeddable":true,"href":"https:\/\/cvinoticias.com\/v3\/wp-json\/wp\/v2\/comments?post=19122"}],"version-history":[{"count":1,"href":"https:\/\/cvinoticias.com\/v3\/wp-json\/wp\/v2\/posts\/19122\/revisions"}],"predecessor-version":[{"id":19124,"href":"https:\/\/cvinoticias.com\/v3\/wp-json\/wp\/v2\/posts\/19122\/revisions\/19124"}],"wp:featuredmedia":[{"embeddable":true,"href":"https:\/\/cvinoticias.com\/v3\/wp-json\/wp\/v2\/media\/19123"}],"wp:attachment":[{"href":"https:\/\/cvinoticias.com\/v3\/wp-json\/wp\/v2\/media?parent=19122"}],"wp:term":[{"taxonomy":"category","embeddable":true,"href":"https:\/\/cvinoticias.com\/v3\/wp-json\/wp\/v2\/categories?post=19122"},{"taxonomy":"post_tag","embeddable":true,"href":"https:\/\/cvinoticias.com\/v3\/wp-json\/wp\/v2\/tags?post=19122"}],"curies":[{"name":"wp","href":"https:\/\/api.w.org\/{rel}","templated":true}]}}