{"id":19092,"date":"2022-09-09T10:39:45","date_gmt":"2022-09-09T10:39:45","guid":{"rendered":"https:\/\/cvinoticias.com\/v3\/?p=19092"},"modified":"2022-09-09T10:39:45","modified_gmt":"2022-09-09T10:39:45","slug":"fe-de-vida-para-jubilados-y-pensionados-anses-en-septiembre","status":"publish","type":"post","link":"https:\/\/cvinoticias.com\/v3\/fe-de-vida-para-jubilados-y-pensionados-anses-en-septiembre\/","title":{"rendered":"Fe de vida para jubilados y pensionados ANSES en septiembre"},"content":{"rendered":"\n<p><strong><em>Este jueves el Gobierno oficializ\u00f3 el bono extra de $ 7000 para jubilados y pensionados y el aumento del 15,53% para septiembre: cu\u00e1nto cobro el mes que viene con las subas.<\/em><\/strong><\/p>\n\n\n\n<p>Este jueves 8 de septiembre ya inici\u00f3 el calendario de pagos de jubilaciones y pensiones de la Administraci\u00f3n Nacional de Seguridad Social (ANSES) para este mes. Sin embargo, desde marzo de este a\u00f1o los titulares deben realizar mes a mes la fe de vida para cobrar.<\/p>\n\n\n\n<p>En septiembre, los jubilados y pensionados cobrar\u00e1n con un fuerte aumento en sus haberes: a partir de septiembre se aplicar\u00e1 la tercera suba correspondiente a la Ley de Movilidad, el cu\u00e1l implica un 15,53% extra.<\/p>\n\n\n\n<p>Adem\u00e1s, el Gobierno dispuso tambi\u00e9n un bono de $ 7000 para los jubilados beneficiarios del haber m\u00ednimo, el cual se reducir\u00e1 progresivamente hasta los $ 4000 dependiendo del monto de la pensi\u00f3n.<\/p>\n\n\n\n<p>De esta forma, la jubilaci\u00f3n m\u00ednima pasar\u00e1 de los $ 37.525 actuales a $ 43.353, monto que subir\u00e1 a $ 50.353 con el bono de $ 7000 que se pagar\u00e1 tanto en septiembre como en octubre y noviembre.<\/p>\n\n\n\n<p>Este septiembre, los titulares con haberes que no superen los $ 48.729 cobrar\u00e1n a partir de este jueves 8 seg\u00fan la terminaci\u00f3n de su DNI, mientras que los jubilados que cobren m\u00e1s de ese monto recibir\u00e1n el dinero correspondiente a partir del jueves 22.<\/p>\n\n\n\n<p>Ante las pr\u00f3ximas fechas de cobro, los jubilados y pensionados deber\u00e1n realizar el tr\u00e1mite de fe de vida para recibir sus haberes: este puede realizarse de forma online o presencial, dependiendo del banco en el que se acredite la jubilaci\u00f3n.<\/p>\n\n\n\n<p>Cabe resaltar que, en caso de que no se gestione la fe de vida, la ANSES retendr\u00e1 los haberes hasta que se normalice la situaci\u00f3n.<\/p>\n\n\n\n<p><strong>FE DE VIDA PARA JUBILADOS: TODOS LOS DETALLES<\/strong><\/p>\n\n\n\n<p>Salvo ciertos bancos del \u00e1mbito p\u00fablico, todas las otras entidades financieras del pa\u00eds que pagan jubilaciones exigen la realizaci\u00f3n de la fe de vida todos los meses.<\/p>\n\n\n\n<p>Actualmente la mayor\u00eda de los bancos del pa\u00eds ofrecen opciones tanto virtuales como presenciales para realizar la gesti\u00f3n y poder cobrar. Es importante destacar que el tr\u00e1mite de certificaci\u00f3n de la supervivencia se puede realizar desde tres d\u00edas h\u00e1biles antes de la fecha de cobro, la cual se rige seg\u00fan la finalizaci\u00f3n del DNI.<\/p>\n","protected":false},"excerpt":{"rendered":"<p>Este jueves el Gobierno oficializ\u00f3 el bono extra de $ 7000 para jubilados y pensionados y el aumento del 15,53% para septiembre: cu\u00e1nto cobro el mes que viene con las subas. Este jueves 8 de septiembre ya inici\u00f3 el calendario de pagos de jubilaciones y pensiones de la Administraci\u00f3n Nacional de Seguridad Social (ANSES) para [&hellip;]<\/p>\n","protected":false},"author":2,"featured_media":19093,"comment_status":"open","ping_status":"open","sticky":false,"template":"","format":"standard","meta":{"footnotes":""},"categories":[35],"tags":[],"class_list":["post-19092","post","type-post","status-publish","format-standard","has-post-thumbnail","hentry","category-informacion-general"],"yoast_head":"<!-- This site is optimized with the Yoast SEO plugin v27.5 - https:\/\/yoast.com\/product\/yoast-seo-wordpress\/ -->\n<title>Fe de vida para jubilados y pensionados ANSES en septiembre | CVI NOTICIAS<\/title>\n<meta name=\"robots\" content=\"index, follow, max-snippet:-1, max-image-preview:large, max-video-preview:-1\" \/>\n<link rel=\"canonical\" href=\"https:\/\/cvinoticias.com\/v3\/fe-de-vida-para-jubilados-y-pensionados-anses-en-septiembre\/\" \/>\n<meta property=\"og:locale\" content=\"es_ES\" \/>\n<meta property=\"og:type\" content=\"article\" \/>\n<meta property=\"og:title\" content=\"Fe de vida para jubilados y pensionados ANSES en septiembre | CVI NOTICIAS\" \/>\n<meta property=\"og:description\" content=\"Este jueves el Gobierno oficializ\u00f3 el bono extra de $ 7000 para jubilados y pensionados y el aumento del 15,53% para septiembre: cu\u00e1nto cobro el mes que viene con las subas. Este jueves 8 de septiembre ya inici\u00f3 el calendario de pagos de jubilaciones y pensiones de la Administraci\u00f3n Nacional de Seguridad Social (ANSES) para [&hellip;]\" \/>\n<meta property=\"og:url\" content=\"https:\/\/cvinoticias.com\/v3\/fe-de-vida-para-jubilados-y-pensionados-anses-en-septiembre\/\" \/>\n<meta property=\"og:site_name\" content=\"CVI NOTICIAS\" \/>\n<meta property=\"article:publisher\" content=\"https:\/\/www.facebook.com\/cvinoticias\" \/>\n<meta property=\"article:published_time\" content=\"2022-09-09T10:39:45+00:00\" \/>\n<meta property=\"og:image\" content=\"https:\/\/cvinoticias.com\/wp-content\/uploads\/2022\/09\/Screenshot_20220909-073619_Google.jpg\" \/>\n\t<meta property=\"og:image:width\" content=\"1079\" \/>\n\t<meta property=\"og:image:height\" content=\"761\" \/>\n\t<meta property=\"og:image:type\" content=\"image\/jpeg\" \/>\n<meta name=\"author\" content=\"f1000024\" \/>\n<meta name=\"twitter:card\" content=\"summary_large_image\" \/>\n<meta name=\"twitter:label1\" content=\"Escrito por\" \/>\n\t<meta name=\"twitter:data1\" content=\"f1000024\" \/>\n\t<meta name=\"twitter:label2\" content=\"Tiempo de lectura\" \/>\n\t<meta name=\"twitter:data2\" content=\"2 minutos\" \/>\n<script type=\"application\/ld+json\" class=\"yoast-schema-graph\">{\"@context\":\"https:\\\/\\\/schema.org\",\"@graph\":[{\"@type\":\"Article\",\"@id\":\"https:\\\/\\\/cvinoticias.com\\\/v3\\\/fe-de-vida-para-jubilados-y-pensionados-anses-en-septiembre\\\/#article\",\"isPartOf\":{\"@id\":\"https:\\\/\\\/cvinoticias.com\\\/v3\\\/fe-de-vida-para-jubilados-y-pensionados-anses-en-septiembre\\\/\"},\"author\":{\"name\":\"f1000024\",\"@id\":\"https:\\\/\\\/cvinoticias.com\\\/v3\\\/#\\\/schema\\\/person\\\/2db77e3c6bc03c538495d7b2b8be9b66\"},\"headline\":\"Fe de vida para jubilados y pensionados ANSES en septiembre\",\"datePublished\":\"2022-09-09T10:39:45+00:00\",\"mainEntityOfPage\":{\"@id\":\"https:\\\/\\\/cvinoticias.com\\\/v3\\\/fe-de-vida-para-jubilados-y-pensionados-anses-en-septiembre\\\/\"},\"wordCount\":402,\"commentCount\":0,\"publisher\":{\"@id\":\"https:\\\/\\\/cvinoticias.com\\\/v3\\\/#organization\"},\"image\":{\"@id\":\"https:\\\/\\\/cvinoticias.com\\\/v3\\\/fe-de-vida-para-jubilados-y-pensionados-anses-en-septiembre\\\/#primaryimage\"},\"thumbnailUrl\":\"https:\\\/\\\/cvinoticias.com\\\/wp-content\\\/uploads\\\/2022\\\/09\\\/Screenshot_20220909-073619_Google.jpg\",\"articleSection\":[\"Informaci\u00f3n General\"],\"inLanguage\":\"es\",\"potentialAction\":[{\"@type\":\"CommentAction\",\"name\":\"Comment\",\"target\":[\"https:\\\/\\\/cvinoticias.com\\\/v3\\\/fe-de-vida-para-jubilados-y-pensionados-anses-en-septiembre\\\/#respond\"]}]},{\"@type\":\"WebPage\",\"@id\":\"https:\\\/\\\/cvinoticias.com\\\/v3\\\/fe-de-vida-para-jubilados-y-pensionados-anses-en-septiembre\\\/\",\"url\":\"https:\\\/\\\/cvinoticias.com\\\/v3\\\/fe-de-vida-para-jubilados-y-pensionados-anses-en-septiembre\\\/\",\"name\":\"Fe de vida para jubilados y pensionados ANSES en septiembre | CVI NOTICIAS\",\"isPartOf\":{\"@id\":\"https:\\\/\\\/cvinoticias.com\\\/v3\\\/#website\"},\"primaryImageOfPage\":{\"@id\":\"https:\\\/\\\/cvinoticias.com\\\/v3\\\/fe-de-vida-para-jubilados-y-pensionados-anses-en-septiembre\\\/#primaryimage\"},\"image\":{\"@id\":\"https:\\\/\\\/cvinoticias.com\\\/v3\\\/fe-de-vida-para-jubilados-y-pensionados-anses-en-septiembre\\\/#primaryimage\"},\"thumbnailUrl\":\"https:\\\/\\\/cvinoticias.com\\\/wp-content\\\/uploads\\\/2022\\\/09\\\/Screenshot_20220909-073619_Google.jpg\",\"datePublished\":\"2022-09-09T10:39:45+00:00\",\"breadcrumb\":{\"@id\":\"https:\\\/\\\/cvinoticias.com\\\/v3\\\/fe-de-vida-para-jubilados-y-pensionados-anses-en-septiembre\\\/#breadcrumb\"},\"inLanguage\":\"es\",\"potentialAction\":[{\"@type\":\"ReadAction\",\"target\":[\"https:\\\/\\\/cvinoticias.com\\\/v3\\\/fe-de-vida-para-jubilados-y-pensionados-anses-en-septiembre\\\/\"]}]},{\"@type\":\"ImageObject\",\"inLanguage\":\"es\",\"@id\":\"https:\\\/\\\/cvinoticias.com\\\/v3\\\/fe-de-vida-para-jubilados-y-pensionados-anses-en-septiembre\\\/#primaryimage\",\"url\":\"https:\\\/\\\/cvinoticias.com\\\/wp-content\\\/uploads\\\/2022\\\/09\\\/Screenshot_20220909-073619_Google.jpg\",\"contentUrl\":\"https:\\\/\\\/cvinoticias.com\\\/wp-content\\\/uploads\\\/2022\\\/09\\\/Screenshot_20220909-073619_Google.jpg\",\"width\":1079,\"height\":761},{\"@type\":\"BreadcrumbList\",\"@id\":\"https:\\\/\\\/cvinoticias.com\\\/v3\\\/fe-de-vida-para-jubilados-y-pensionados-anses-en-septiembre\\\/#breadcrumb\",\"itemListElement\":[{\"@type\":\"ListItem\",\"position\":1,\"name\":\"Portada\",\"item\":\"https:\\\/\\\/cvinoticias.com\\\/v3\\\/\"},{\"@type\":\"ListItem\",\"position\":2,\"name\":\"Fe de vida para jubilados y pensionados ANSES en septiembre\"}]},{\"@type\":\"WebSite\",\"@id\":\"https:\\\/\\\/cvinoticias.com\\\/v3\\\/#website\",\"url\":\"https:\\\/\\\/cvinoticias.com\\\/v3\\\/\",\"name\":\"CVI NOTICIAS\",\"description\":\"\",\"publisher\":{\"@id\":\"https:\\\/\\\/cvinoticias.com\\\/v3\\\/#organization\"},\"alternateName\":\"CVI\",\"potentialAction\":[{\"@type\":\"SearchAction\",\"target\":{\"@type\":\"EntryPoint\",\"urlTemplate\":\"https:\\\/\\\/cvinoticias.com\\\/v3\\\/?s={search_term_string}\"},\"query-input\":{\"@type\":\"PropertyValueSpecification\",\"valueRequired\":true,\"valueName\":\"search_term_string\"}}],\"inLanguage\":\"es\"},{\"@type\":\"Organization\",\"@id\":\"https:\\\/\\\/cvinoticias.com\\\/v3\\\/#organization\",\"name\":\"CVI NOTICIAS\",\"url\":\"https:\\\/\\\/cvinoticias.com\\\/v3\\\/\",\"logo\":{\"@type\":\"ImageObject\",\"inLanguage\":\"es\",\"@id\":\"https:\\\/\\\/cvinoticias.com\\\/v3\\\/#\\\/schema\\\/logo\\\/image\\\/\",\"url\":\"https:\\\/\\\/cvinoticias.com\\\/wp-content\\\/uploads\\\/2023\\\/04\\\/cropped-cropped-cropped-cropped-cropped-3-1.png\",\"contentUrl\":\"https:\\\/\\\/cvinoticias.com\\\/wp-content\\\/uploads\\\/2023\\\/04\\\/cropped-cropped-cropped-cropped-cropped-3-1.png\",\"width\":95,\"height\":122,\"caption\":\"CVI NOTICIAS\"},\"image\":{\"@id\":\"https:\\\/\\\/cvinoticias.com\\\/v3\\\/#\\\/schema\\\/logo\\\/image\\\/\"},\"sameAs\":[\"https:\\\/\\\/www.facebook.com\\\/cvinoticias\",\"https:\\\/\\\/www.instagram.com\\\/cvinoticias\\\/\",\"https:\\\/\\\/www.youtube.com\\\/@CVINOTICIAS\"]},{\"@type\":\"Person\",\"@id\":\"https:\\\/\\\/cvinoticias.com\\\/v3\\\/#\\\/schema\\\/person\\\/2db77e3c6bc03c538495d7b2b8be9b66\",\"name\":\"f1000024\",\"image\":{\"@type\":\"ImageObject\",\"inLanguage\":\"es\",\"@id\":\"https:\\\/\\\/secure.gravatar.com\\\/avatar\\\/d4fe7459cfc51ff5129ce1a732bbef5928568b8092d412ef95611616376bbeed?s=96&d=mm&r=g\",\"url\":\"https:\\\/\\\/secure.gravatar.com\\\/avatar\\\/d4fe7459cfc51ff5129ce1a732bbef5928568b8092d412ef95611616376bbeed?s=96&d=mm&r=g\",\"contentUrl\":\"https:\\\/\\\/secure.gravatar.com\\\/avatar\\\/d4fe7459cfc51ff5129ce1a732bbef5928568b8092d412ef95611616376bbeed?s=96&d=mm&r=g\",\"caption\":\"f1000024\"},\"url\":\"https:\\\/\\\/cvinoticias.com\\\/v3\\\/author\\\/f1000024\\\/\"}]}<\/script>\n<!-- \/ Yoast SEO plugin. -->","yoast_head_json":{"title":"Fe de vida para jubilados y pensionados ANSES en septiembre | CVI NOTICIAS","robots":{"index":"index","follow":"follow","max-snippet":"max-snippet:-1","max-image-preview":"max-image-preview:large","max-video-preview":"max-video-preview:-1"},"canonical":"https:\/\/cvinoticias.com\/v3\/fe-de-vida-para-jubilados-y-pensionados-anses-en-septiembre\/","og_locale":"es_ES","og_type":"article","og_title":"Fe de vida para jubilados y pensionados ANSES en septiembre | CVI NOTICIAS","og_description":"Este jueves el Gobierno oficializ\u00f3 el bono extra de $ 7000 para jubilados y pensionados y el aumento del 15,53% para septiembre: cu\u00e1nto cobro el mes que viene con las subas. Este jueves 8 de septiembre ya inici\u00f3 el calendario de pagos de jubilaciones y pensiones de la Administraci\u00f3n Nacional de Seguridad Social (ANSES) para [&hellip;]","og_url":"https:\/\/cvinoticias.com\/v3\/fe-de-vida-para-jubilados-y-pensionados-anses-en-septiembre\/","og_site_name":"CVI NOTICIAS","article_publisher":"https:\/\/www.facebook.com\/cvinoticias","article_published_time":"2022-09-09T10:39:45+00:00","og_image":[{"width":1079,"height":761,"url":"https:\/\/cvinoticias.com\/wp-content\/uploads\/2022\/09\/Screenshot_20220909-073619_Google.jpg","type":"image\/jpeg"}],"author":"f1000024","twitter_card":"summary_large_image","twitter_misc":{"Escrito por":"f1000024","Tiempo de lectura":"2 minutos"},"schema":{"@context":"https:\/\/schema.org","@graph":[{"@type":"Article","@id":"https:\/\/cvinoticias.com\/v3\/fe-de-vida-para-jubilados-y-pensionados-anses-en-septiembre\/#article","isPartOf":{"@id":"https:\/\/cvinoticias.com\/v3\/fe-de-vida-para-jubilados-y-pensionados-anses-en-septiembre\/"},"author":{"name":"f1000024","@id":"https:\/\/cvinoticias.com\/v3\/#\/schema\/person\/2db77e3c6bc03c538495d7b2b8be9b66"},"headline":"Fe de vida para jubilados y pensionados ANSES en septiembre","datePublished":"2022-09-09T10:39:45+00:00","mainEntityOfPage":{"@id":"https:\/\/cvinoticias.com\/v3\/fe-de-vida-para-jubilados-y-pensionados-anses-en-septiembre\/"},"wordCount":402,"commentCount":0,"publisher":{"@id":"https:\/\/cvinoticias.com\/v3\/#organization"},"image":{"@id":"https:\/\/cvinoticias.com\/v3\/fe-de-vida-para-jubilados-y-pensionados-anses-en-septiembre\/#primaryimage"},"thumbnailUrl":"https:\/\/cvinoticias.com\/wp-content\/uploads\/2022\/09\/Screenshot_20220909-073619_Google.jpg","articleSection":["Informaci\u00f3n General"],"inLanguage":"es","potentialAction":[{"@type":"CommentAction","name":"Comment","target":["https:\/\/cvinoticias.com\/v3\/fe-de-vida-para-jubilados-y-pensionados-anses-en-septiembre\/#respond"]}]},{"@type":"WebPage","@id":"https:\/\/cvinoticias.com\/v3\/fe-de-vida-para-jubilados-y-pensionados-anses-en-septiembre\/","url":"https:\/\/cvinoticias.com\/v3\/fe-de-vida-para-jubilados-y-pensionados-anses-en-septiembre\/","name":"Fe de vida para jubilados y pensionados ANSES en septiembre | CVI NOTICIAS","isPartOf":{"@id":"https:\/\/cvinoticias.com\/v3\/#website"},"primaryImageOfPage":{"@id":"https:\/\/cvinoticias.com\/v3\/fe-de-vida-para-jubilados-y-pensionados-anses-en-septiembre\/#primaryimage"},"image":{"@id":"https:\/\/cvinoticias.com\/v3\/fe-de-vida-para-jubilados-y-pensionados-anses-en-septiembre\/#primaryimage"},"thumbnailUrl":"https:\/\/cvinoticias.com\/wp-content\/uploads\/2022\/09\/Screenshot_20220909-073619_Google.jpg","datePublished":"2022-09-09T10:39:45+00:00","breadcrumb":{"@id":"https:\/\/cvinoticias.com\/v3\/fe-de-vida-para-jubilados-y-pensionados-anses-en-septiembre\/#breadcrumb"},"inLanguage":"es","potentialAction":[{"@type":"ReadAction","target":["https:\/\/cvinoticias.com\/v3\/fe-de-vida-para-jubilados-y-pensionados-anses-en-septiembre\/"]}]},{"@type":"ImageObject","inLanguage":"es","@id":"https:\/\/cvinoticias.com\/v3\/fe-de-vida-para-jubilados-y-pensionados-anses-en-septiembre\/#primaryimage","url":"https:\/\/cvinoticias.com\/wp-content\/uploads\/2022\/09\/Screenshot_20220909-073619_Google.jpg","contentUrl":"https:\/\/cvinoticias.com\/wp-content\/uploads\/2022\/09\/Screenshot_20220909-073619_Google.jpg","width":1079,"height":761},{"@type":"BreadcrumbList","@id":"https:\/\/cvinoticias.com\/v3\/fe-de-vida-para-jubilados-y-pensionados-anses-en-septiembre\/#breadcrumb","itemListElement":[{"@type":"ListItem","position":1,"name":"Portada","item":"https:\/\/cvinoticias.com\/v3\/"},{"@type":"ListItem","position":2,"name":"Fe de vida para jubilados y pensionados ANSES en septiembre"}]},{"@type":"WebSite","@id":"https:\/\/cvinoticias.com\/v3\/#website","url":"https:\/\/cvinoticias.com\/v3\/","name":"CVI NOTICIAS","description":"","publisher":{"@id":"https:\/\/cvinoticias.com\/v3\/#organization"},"alternateName":"CVI","potentialAction":[{"@type":"SearchAction","target":{"@type":"EntryPoint","urlTemplate":"https:\/\/cvinoticias.com\/v3\/?s={search_term_string}"},"query-input":{"@type":"PropertyValueSpecification","valueRequired":true,"valueName":"search_term_string"}}],"inLanguage":"es"},{"@type":"Organization","@id":"https:\/\/cvinoticias.com\/v3\/#organization","name":"CVI NOTICIAS","url":"https:\/\/cvinoticias.com\/v3\/","logo":{"@type":"ImageObject","inLanguage":"es","@id":"https:\/\/cvinoticias.com\/v3\/#\/schema\/logo\/image\/","url":"https:\/\/cvinoticias.com\/wp-content\/uploads\/2023\/04\/cropped-cropped-cropped-cropped-cropped-3-1.png","contentUrl":"https:\/\/cvinoticias.com\/wp-content\/uploads\/2023\/04\/cropped-cropped-cropped-cropped-cropped-3-1.png","width":95,"height":122,"caption":"CVI NOTICIAS"},"image":{"@id":"https:\/\/cvinoticias.com\/v3\/#\/schema\/logo\/image\/"},"sameAs":["https:\/\/www.facebook.com\/cvinoticias","https:\/\/www.instagram.com\/cvinoticias\/","https:\/\/www.youtube.com\/@CVINOTICIAS"]},{"@type":"Person","@id":"https:\/\/cvinoticias.com\/v3\/#\/schema\/person\/2db77e3c6bc03c538495d7b2b8be9b66","name":"f1000024","image":{"@type":"ImageObject","inLanguage":"es","@id":"https:\/\/secure.gravatar.com\/avatar\/d4fe7459cfc51ff5129ce1a732bbef5928568b8092d412ef95611616376bbeed?s=96&d=mm&r=g","url":"https:\/\/secure.gravatar.com\/avatar\/d4fe7459cfc51ff5129ce1a732bbef5928568b8092d412ef95611616376bbeed?s=96&d=mm&r=g","contentUrl":"https:\/\/secure.gravatar.com\/avatar\/d4fe7459cfc51ff5129ce1a732bbef5928568b8092d412ef95611616376bbeed?s=96&d=mm&r=g","caption":"f1000024"},"url":"https:\/\/cvinoticias.com\/v3\/author\/f1000024\/"}]}},"_links":{"self":[{"href":"https:\/\/cvinoticias.com\/v3\/wp-json\/wp\/v2\/posts\/19092","targetHints":{"allow":["GET"]}}],"collection":[{"href":"https:\/\/cvinoticias.com\/v3\/wp-json\/wp\/v2\/posts"}],"about":[{"href":"https:\/\/cvinoticias.com\/v3\/wp-json\/wp\/v2\/types\/post"}],"author":[{"embeddable":true,"href":"https:\/\/cvinoticias.com\/v3\/wp-json\/wp\/v2\/users\/2"}],"replies":[{"embeddable":true,"href":"https:\/\/cvinoticias.com\/v3\/wp-json\/wp\/v2\/comments?post=19092"}],"version-history":[{"count":1,"href":"https:\/\/cvinoticias.com\/v3\/wp-json\/wp\/v2\/posts\/19092\/revisions"}],"predecessor-version":[{"id":19094,"href":"https:\/\/cvinoticias.com\/v3\/wp-json\/wp\/v2\/posts\/19092\/revisions\/19094"}],"wp:featuredmedia":[{"embeddable":true,"href":"https:\/\/cvinoticias.com\/v3\/wp-json\/wp\/v2\/media\/19093"}],"wp:attachment":[{"href":"https:\/\/cvinoticias.com\/v3\/wp-json\/wp\/v2\/media?parent=19092"}],"wp:term":[{"taxonomy":"category","embeddable":true,"href":"https:\/\/cvinoticias.com\/v3\/wp-json\/wp\/v2\/categories?post=19092"},{"taxonomy":"post_tag","embeddable":true,"href":"https:\/\/cvinoticias.com\/v3\/wp-json\/wp\/v2\/tags?post=19092"}],"curies":[{"name":"wp","href":"https:\/\/api.w.org\/{rel}","templated":true}]}}