{"id":19086,"date":"2022-09-09T10:17:47","date_gmt":"2022-09-09T10:17:47","guid":{"rendered":"https:\/\/cvinoticias.com\/v3\/?p=19086"},"modified":"2022-09-09T10:17:47","modified_gmt":"2022-09-09T10:17:47","slug":"los-beneficiarios-del-progresar-podran-tambien-ser-incluidos-al-potenciar-trabajo","status":"publish","type":"post","link":"https:\/\/cvinoticias.com\/v3\/los-beneficiarios-del-progresar-podran-tambien-ser-incluidos-al-potenciar-trabajo\/","title":{"rendered":"Los beneficiarios del Progresar podr\u00e1n tambi\u00e9n ser incluidos al Potenciar Trabajo"},"content":{"rendered":"\n<p><strong><em>El Ministerio de Desarrollo Social estableci\u00f3 la compatibilidad entre ambos programas sociales.<\/em><\/strong><\/p>\n\n\n\n<p>Mediante la resoluci\u00f3n 1640\/2022 publicada este viernes en el Bolet\u00edn Oficial, el Ministerio de Desarrollo Social estableci\u00f3 que la percepci\u00f3n del incentivo otorgado en el marco del Programa Progresar resulta compatible con el ingreso y permanencia como titulares del en el \u00abPrograma Nacional de Inclusi\u00f3n Socio-Productiva y Desarrollo Social &#8211; Potenciar Trabajo\u00bb y la percepci\u00f3n del Salario Social Complementario a partir de agosto.<\/p>\n\n\n\n<p>El Progresar consiste en un incentivo econ\u00f3mico para acompa\u00f1ar a los estudiantes de entre 16 y 24 a\u00f1os a terminas sus estudios secundarios o iniciar su educaci\u00f3n superior o universitaria, mientras que el Potenciar Trabajo promueve proyectos socio-comunitarios, socio-laborales, socio-productivos o de terminalidad educativa y que prev\u00e9 el pago del Salario Social Complementario (la mitad de un salario m\u00ednimo vital y m\u00f3vil) y el otorgamiento de subsidios o cr\u00e9ditos para el funcionamiento de unidades de gesti\u00f3n.<\/p>\n\n\n\n<p>\u00abEn el marco del proceso reordenamiento y mejora continua del Potenciar Trabajo, a trav\u00e9s de tareas de supervisi\u00f3n se observ\u00f3 la necesidad de clarificar la compatibilidad de ambos programas, toda vez que el PROGRESAR se encuentra destinado a promover la finalizaci\u00f3n de los estudios obligatorios, el inicio de la formaci\u00f3n profesional o la educaci\u00f3n superior, mientras que el POTENCIAR TRABAJO se orienta a contribuir al mejoramiento de la empleabilidad y la generaci\u00f3n de nuevas propuestas productivas, a trav\u00e9s de la terminalidad educativa, la formaci\u00f3n laboral y la certificaci\u00f3n de competencias\u00bb, argumenta la resoluci\u00f3n.<\/p>\n","protected":false},"excerpt":{"rendered":"<p>El Ministerio de Desarrollo Social estableci\u00f3 la compatibilidad entre ambos programas sociales. Mediante la resoluci\u00f3n 1640\/2022 publicada este viernes en el Bolet\u00edn Oficial, el Ministerio de Desarrollo Social estableci\u00f3 que la percepci\u00f3n del incentivo otorgado en el marco del Programa Progresar resulta compatible con el ingreso y permanencia como titulares del en el \u00abPrograma Nacional [&hellip;]<\/p>\n","protected":false},"author":2,"featured_media":19087,"comment_status":"open","ping_status":"open","sticky":false,"template":"","format":"standard","meta":{"footnotes":""},"categories":[35],"tags":[],"class_list":["post-19086","post","type-post","status-publish","format-standard","has-post-thumbnail","hentry","category-informacion-general"],"yoast_head":"<!-- This site is optimized with the Yoast SEO plugin v27.5 - https:\/\/yoast.com\/product\/yoast-seo-wordpress\/ -->\n<title>Los beneficiarios del Progresar podr\u00e1n tambi\u00e9n ser incluidos al Potenciar Trabajo | CVI NOTICIAS<\/title>\n<meta name=\"robots\" content=\"index, follow, max-snippet:-1, max-image-preview:large, max-video-preview:-1\" \/>\n<link rel=\"canonical\" href=\"https:\/\/cvinoticias.com\/v3\/los-beneficiarios-del-progresar-podran-tambien-ser-incluidos-al-potenciar-trabajo\/\" \/>\n<meta property=\"og:locale\" content=\"es_ES\" \/>\n<meta property=\"og:type\" content=\"article\" \/>\n<meta property=\"og:title\" content=\"Los beneficiarios del Progresar podr\u00e1n tambi\u00e9n ser incluidos al Potenciar Trabajo | CVI NOTICIAS\" \/>\n<meta property=\"og:description\" content=\"El Ministerio de Desarrollo Social estableci\u00f3 la compatibilidad entre ambos programas sociales. Mediante la resoluci\u00f3n 1640\/2022 publicada este viernes en el Bolet\u00edn Oficial, el Ministerio de Desarrollo Social estableci\u00f3 que la percepci\u00f3n del incentivo otorgado en el marco del Programa Progresar resulta compatible con el ingreso y permanencia como titulares del en el \u00abPrograma Nacional [&hellip;]\" \/>\n<meta property=\"og:url\" content=\"https:\/\/cvinoticias.com\/v3\/los-beneficiarios-del-progresar-podran-tambien-ser-incluidos-al-potenciar-trabajo\/\" \/>\n<meta property=\"og:site_name\" content=\"CVI NOTICIAS\" \/>\n<meta property=\"article:publisher\" content=\"https:\/\/www.facebook.com\/cvinoticias\" \/>\n<meta property=\"article:published_time\" content=\"2022-09-09T10:17:47+00:00\" \/>\n<meta property=\"og:image\" content=\"https:\/\/cvinoticias.com\/wp-content\/uploads\/2022\/09\/0000091530.jpg\" \/>\n\t<meta property=\"og:image:width\" content=\"768\" \/>\n\t<meta property=\"og:image:height\" content=\"432\" \/>\n\t<meta property=\"og:image:type\" content=\"image\/jpeg\" \/>\n<meta name=\"author\" content=\"f1000024\" \/>\n<meta name=\"twitter:card\" content=\"summary_large_image\" \/>\n<meta name=\"twitter:label1\" content=\"Escrito por\" \/>\n\t<meta name=\"twitter:data1\" content=\"f1000024\" \/>\n\t<meta name=\"twitter:label2\" content=\"Tiempo de lectura\" \/>\n\t<meta name=\"twitter:data2\" content=\"1 minuto\" \/>\n<script type=\"application\/ld+json\" class=\"yoast-schema-graph\">{\"@context\":\"https:\\\/\\\/schema.org\",\"@graph\":[{\"@type\":\"Article\",\"@id\":\"https:\\\/\\\/cvinoticias.com\\\/v3\\\/los-beneficiarios-del-progresar-podran-tambien-ser-incluidos-al-potenciar-trabajo\\\/#article\",\"isPartOf\":{\"@id\":\"https:\\\/\\\/cvinoticias.com\\\/v3\\\/los-beneficiarios-del-progresar-podran-tambien-ser-incluidos-al-potenciar-trabajo\\\/\"},\"author\":{\"name\":\"f1000024\",\"@id\":\"https:\\\/\\\/cvinoticias.com\\\/v3\\\/#\\\/schema\\\/person\\\/2db77e3c6bc03c538495d7b2b8be9b66\"},\"headline\":\"Los beneficiarios del Progresar podr\u00e1n tambi\u00e9n ser incluidos al Potenciar Trabajo\",\"datePublished\":\"2022-09-09T10:17:47+00:00\",\"mainEntityOfPage\":{\"@id\":\"https:\\\/\\\/cvinoticias.com\\\/v3\\\/los-beneficiarios-del-progresar-podran-tambien-ser-incluidos-al-potenciar-trabajo\\\/\"},\"wordCount\":277,\"commentCount\":0,\"publisher\":{\"@id\":\"https:\\\/\\\/cvinoticias.com\\\/v3\\\/#organization\"},\"image\":{\"@id\":\"https:\\\/\\\/cvinoticias.com\\\/v3\\\/los-beneficiarios-del-progresar-podran-tambien-ser-incluidos-al-potenciar-trabajo\\\/#primaryimage\"},\"thumbnailUrl\":\"https:\\\/\\\/cvinoticias.com\\\/wp-content\\\/uploads\\\/2022\\\/09\\\/0000091530.jpg\",\"articleSection\":[\"Informaci\u00f3n General\"],\"inLanguage\":\"es\",\"potentialAction\":[{\"@type\":\"CommentAction\",\"name\":\"Comment\",\"target\":[\"https:\\\/\\\/cvinoticias.com\\\/v3\\\/los-beneficiarios-del-progresar-podran-tambien-ser-incluidos-al-potenciar-trabajo\\\/#respond\"]}]},{\"@type\":\"WebPage\",\"@id\":\"https:\\\/\\\/cvinoticias.com\\\/v3\\\/los-beneficiarios-del-progresar-podran-tambien-ser-incluidos-al-potenciar-trabajo\\\/\",\"url\":\"https:\\\/\\\/cvinoticias.com\\\/v3\\\/los-beneficiarios-del-progresar-podran-tambien-ser-incluidos-al-potenciar-trabajo\\\/\",\"name\":\"Los beneficiarios del Progresar podr\u00e1n tambi\u00e9n ser incluidos al Potenciar Trabajo | CVI NOTICIAS\",\"isPartOf\":{\"@id\":\"https:\\\/\\\/cvinoticias.com\\\/v3\\\/#website\"},\"primaryImageOfPage\":{\"@id\":\"https:\\\/\\\/cvinoticias.com\\\/v3\\\/los-beneficiarios-del-progresar-podran-tambien-ser-incluidos-al-potenciar-trabajo\\\/#primaryimage\"},\"image\":{\"@id\":\"https:\\\/\\\/cvinoticias.com\\\/v3\\\/los-beneficiarios-del-progresar-podran-tambien-ser-incluidos-al-potenciar-trabajo\\\/#primaryimage\"},\"thumbnailUrl\":\"https:\\\/\\\/cvinoticias.com\\\/wp-content\\\/uploads\\\/2022\\\/09\\\/0000091530.jpg\",\"datePublished\":\"2022-09-09T10:17:47+00:00\",\"breadcrumb\":{\"@id\":\"https:\\\/\\\/cvinoticias.com\\\/v3\\\/los-beneficiarios-del-progresar-podran-tambien-ser-incluidos-al-potenciar-trabajo\\\/#breadcrumb\"},\"inLanguage\":\"es\",\"potentialAction\":[{\"@type\":\"ReadAction\",\"target\":[\"https:\\\/\\\/cvinoticias.com\\\/v3\\\/los-beneficiarios-del-progresar-podran-tambien-ser-incluidos-al-potenciar-trabajo\\\/\"]}]},{\"@type\":\"ImageObject\",\"inLanguage\":\"es\",\"@id\":\"https:\\\/\\\/cvinoticias.com\\\/v3\\\/los-beneficiarios-del-progresar-podran-tambien-ser-incluidos-al-potenciar-trabajo\\\/#primaryimage\",\"url\":\"https:\\\/\\\/cvinoticias.com\\\/wp-content\\\/uploads\\\/2022\\\/09\\\/0000091530.jpg\",\"contentUrl\":\"https:\\\/\\\/cvinoticias.com\\\/wp-content\\\/uploads\\\/2022\\\/09\\\/0000091530.jpg\",\"width\":768,\"height\":432},{\"@type\":\"BreadcrumbList\",\"@id\":\"https:\\\/\\\/cvinoticias.com\\\/v3\\\/los-beneficiarios-del-progresar-podran-tambien-ser-incluidos-al-potenciar-trabajo\\\/#breadcrumb\",\"itemListElement\":[{\"@type\":\"ListItem\",\"position\":1,\"name\":\"Portada\",\"item\":\"https:\\\/\\\/cvinoticias.com\\\/v3\\\/\"},{\"@type\":\"ListItem\",\"position\":2,\"name\":\"Los beneficiarios del Progresar podr\u00e1n tambi\u00e9n ser incluidos al Potenciar Trabajo\"}]},{\"@type\":\"WebSite\",\"@id\":\"https:\\\/\\\/cvinoticias.com\\\/v3\\\/#website\",\"url\":\"https:\\\/\\\/cvinoticias.com\\\/v3\\\/\",\"name\":\"CVI NOTICIAS\",\"description\":\"\",\"publisher\":{\"@id\":\"https:\\\/\\\/cvinoticias.com\\\/v3\\\/#organization\"},\"alternateName\":\"CVI\",\"potentialAction\":[{\"@type\":\"SearchAction\",\"target\":{\"@type\":\"EntryPoint\",\"urlTemplate\":\"https:\\\/\\\/cvinoticias.com\\\/v3\\\/?s={search_term_string}\"},\"query-input\":{\"@type\":\"PropertyValueSpecification\",\"valueRequired\":true,\"valueName\":\"search_term_string\"}}],\"inLanguage\":\"es\"},{\"@type\":\"Organization\",\"@id\":\"https:\\\/\\\/cvinoticias.com\\\/v3\\\/#organization\",\"name\":\"CVI NOTICIAS\",\"url\":\"https:\\\/\\\/cvinoticias.com\\\/v3\\\/\",\"logo\":{\"@type\":\"ImageObject\",\"inLanguage\":\"es\",\"@id\":\"https:\\\/\\\/cvinoticias.com\\\/v3\\\/#\\\/schema\\\/logo\\\/image\\\/\",\"url\":\"https:\\\/\\\/cvinoticias.com\\\/wp-content\\\/uploads\\\/2023\\\/04\\\/cropped-cropped-cropped-cropped-cropped-3-1.png\",\"contentUrl\":\"https:\\\/\\\/cvinoticias.com\\\/wp-content\\\/uploads\\\/2023\\\/04\\\/cropped-cropped-cropped-cropped-cropped-3-1.png\",\"width\":95,\"height\":122,\"caption\":\"CVI NOTICIAS\"},\"image\":{\"@id\":\"https:\\\/\\\/cvinoticias.com\\\/v3\\\/#\\\/schema\\\/logo\\\/image\\\/\"},\"sameAs\":[\"https:\\\/\\\/www.facebook.com\\\/cvinoticias\",\"https:\\\/\\\/www.instagram.com\\\/cvinoticias\\\/\",\"https:\\\/\\\/www.youtube.com\\\/@CVINOTICIAS\"]},{\"@type\":\"Person\",\"@id\":\"https:\\\/\\\/cvinoticias.com\\\/v3\\\/#\\\/schema\\\/person\\\/2db77e3c6bc03c538495d7b2b8be9b66\",\"name\":\"f1000024\",\"image\":{\"@type\":\"ImageObject\",\"inLanguage\":\"es\",\"@id\":\"https:\\\/\\\/secure.gravatar.com\\\/avatar\\\/d4fe7459cfc51ff5129ce1a732bbef5928568b8092d412ef95611616376bbeed?s=96&d=mm&r=g\",\"url\":\"https:\\\/\\\/secure.gravatar.com\\\/avatar\\\/d4fe7459cfc51ff5129ce1a732bbef5928568b8092d412ef95611616376bbeed?s=96&d=mm&r=g\",\"contentUrl\":\"https:\\\/\\\/secure.gravatar.com\\\/avatar\\\/d4fe7459cfc51ff5129ce1a732bbef5928568b8092d412ef95611616376bbeed?s=96&d=mm&r=g\",\"caption\":\"f1000024\"},\"url\":\"https:\\\/\\\/cvinoticias.com\\\/v3\\\/author\\\/f1000024\\\/\"}]}<\/script>\n<!-- \/ Yoast SEO plugin. -->","yoast_head_json":{"title":"Los beneficiarios del Progresar podr\u00e1n tambi\u00e9n ser incluidos al Potenciar Trabajo | CVI NOTICIAS","robots":{"index":"index","follow":"follow","max-snippet":"max-snippet:-1","max-image-preview":"max-image-preview:large","max-video-preview":"max-video-preview:-1"},"canonical":"https:\/\/cvinoticias.com\/v3\/los-beneficiarios-del-progresar-podran-tambien-ser-incluidos-al-potenciar-trabajo\/","og_locale":"es_ES","og_type":"article","og_title":"Los beneficiarios del Progresar podr\u00e1n tambi\u00e9n ser incluidos al Potenciar Trabajo | CVI NOTICIAS","og_description":"El Ministerio de Desarrollo Social estableci\u00f3 la compatibilidad entre ambos programas sociales. Mediante la resoluci\u00f3n 1640\/2022 publicada este viernes en el Bolet\u00edn Oficial, el Ministerio de Desarrollo Social estableci\u00f3 que la percepci\u00f3n del incentivo otorgado en el marco del Programa Progresar resulta compatible con el ingreso y permanencia como titulares del en el \u00abPrograma Nacional [&hellip;]","og_url":"https:\/\/cvinoticias.com\/v3\/los-beneficiarios-del-progresar-podran-tambien-ser-incluidos-al-potenciar-trabajo\/","og_site_name":"CVI NOTICIAS","article_publisher":"https:\/\/www.facebook.com\/cvinoticias","article_published_time":"2022-09-09T10:17:47+00:00","og_image":[{"width":768,"height":432,"url":"https:\/\/cvinoticias.com\/wp-content\/uploads\/2022\/09\/0000091530.jpg","type":"image\/jpeg"}],"author":"f1000024","twitter_card":"summary_large_image","twitter_misc":{"Escrito por":"f1000024","Tiempo de lectura":"1 minuto"},"schema":{"@context":"https:\/\/schema.org","@graph":[{"@type":"Article","@id":"https:\/\/cvinoticias.com\/v3\/los-beneficiarios-del-progresar-podran-tambien-ser-incluidos-al-potenciar-trabajo\/#article","isPartOf":{"@id":"https:\/\/cvinoticias.com\/v3\/los-beneficiarios-del-progresar-podran-tambien-ser-incluidos-al-potenciar-trabajo\/"},"author":{"name":"f1000024","@id":"https:\/\/cvinoticias.com\/v3\/#\/schema\/person\/2db77e3c6bc03c538495d7b2b8be9b66"},"headline":"Los beneficiarios del Progresar podr\u00e1n tambi\u00e9n ser incluidos al Potenciar Trabajo","datePublished":"2022-09-09T10:17:47+00:00","mainEntityOfPage":{"@id":"https:\/\/cvinoticias.com\/v3\/los-beneficiarios-del-progresar-podran-tambien-ser-incluidos-al-potenciar-trabajo\/"},"wordCount":277,"commentCount":0,"publisher":{"@id":"https:\/\/cvinoticias.com\/v3\/#organization"},"image":{"@id":"https:\/\/cvinoticias.com\/v3\/los-beneficiarios-del-progresar-podran-tambien-ser-incluidos-al-potenciar-trabajo\/#primaryimage"},"thumbnailUrl":"https:\/\/cvinoticias.com\/wp-content\/uploads\/2022\/09\/0000091530.jpg","articleSection":["Informaci\u00f3n General"],"inLanguage":"es","potentialAction":[{"@type":"CommentAction","name":"Comment","target":["https:\/\/cvinoticias.com\/v3\/los-beneficiarios-del-progresar-podran-tambien-ser-incluidos-al-potenciar-trabajo\/#respond"]}]},{"@type":"WebPage","@id":"https:\/\/cvinoticias.com\/v3\/los-beneficiarios-del-progresar-podran-tambien-ser-incluidos-al-potenciar-trabajo\/","url":"https:\/\/cvinoticias.com\/v3\/los-beneficiarios-del-progresar-podran-tambien-ser-incluidos-al-potenciar-trabajo\/","name":"Los beneficiarios del Progresar podr\u00e1n tambi\u00e9n ser incluidos al Potenciar Trabajo | CVI NOTICIAS","isPartOf":{"@id":"https:\/\/cvinoticias.com\/v3\/#website"},"primaryImageOfPage":{"@id":"https:\/\/cvinoticias.com\/v3\/los-beneficiarios-del-progresar-podran-tambien-ser-incluidos-al-potenciar-trabajo\/#primaryimage"},"image":{"@id":"https:\/\/cvinoticias.com\/v3\/los-beneficiarios-del-progresar-podran-tambien-ser-incluidos-al-potenciar-trabajo\/#primaryimage"},"thumbnailUrl":"https:\/\/cvinoticias.com\/wp-content\/uploads\/2022\/09\/0000091530.jpg","datePublished":"2022-09-09T10:17:47+00:00","breadcrumb":{"@id":"https:\/\/cvinoticias.com\/v3\/los-beneficiarios-del-progresar-podran-tambien-ser-incluidos-al-potenciar-trabajo\/#breadcrumb"},"inLanguage":"es","potentialAction":[{"@type":"ReadAction","target":["https:\/\/cvinoticias.com\/v3\/los-beneficiarios-del-progresar-podran-tambien-ser-incluidos-al-potenciar-trabajo\/"]}]},{"@type":"ImageObject","inLanguage":"es","@id":"https:\/\/cvinoticias.com\/v3\/los-beneficiarios-del-progresar-podran-tambien-ser-incluidos-al-potenciar-trabajo\/#primaryimage","url":"https:\/\/cvinoticias.com\/wp-content\/uploads\/2022\/09\/0000091530.jpg","contentUrl":"https:\/\/cvinoticias.com\/wp-content\/uploads\/2022\/09\/0000091530.jpg","width":768,"height":432},{"@type":"BreadcrumbList","@id":"https:\/\/cvinoticias.com\/v3\/los-beneficiarios-del-progresar-podran-tambien-ser-incluidos-al-potenciar-trabajo\/#breadcrumb","itemListElement":[{"@type":"ListItem","position":1,"name":"Portada","item":"https:\/\/cvinoticias.com\/v3\/"},{"@type":"ListItem","position":2,"name":"Los beneficiarios del Progresar podr\u00e1n tambi\u00e9n ser incluidos al Potenciar Trabajo"}]},{"@type":"WebSite","@id":"https:\/\/cvinoticias.com\/v3\/#website","url":"https:\/\/cvinoticias.com\/v3\/","name":"CVI NOTICIAS","description":"","publisher":{"@id":"https:\/\/cvinoticias.com\/v3\/#organization"},"alternateName":"CVI","potentialAction":[{"@type":"SearchAction","target":{"@type":"EntryPoint","urlTemplate":"https:\/\/cvinoticias.com\/v3\/?s={search_term_string}"},"query-input":{"@type":"PropertyValueSpecification","valueRequired":true,"valueName":"search_term_string"}}],"inLanguage":"es"},{"@type":"Organization","@id":"https:\/\/cvinoticias.com\/v3\/#organization","name":"CVI NOTICIAS","url":"https:\/\/cvinoticias.com\/v3\/","logo":{"@type":"ImageObject","inLanguage":"es","@id":"https:\/\/cvinoticias.com\/v3\/#\/schema\/logo\/image\/","url":"https:\/\/cvinoticias.com\/wp-content\/uploads\/2023\/04\/cropped-cropped-cropped-cropped-cropped-3-1.png","contentUrl":"https:\/\/cvinoticias.com\/wp-content\/uploads\/2023\/04\/cropped-cropped-cropped-cropped-cropped-3-1.png","width":95,"height":122,"caption":"CVI NOTICIAS"},"image":{"@id":"https:\/\/cvinoticias.com\/v3\/#\/schema\/logo\/image\/"},"sameAs":["https:\/\/www.facebook.com\/cvinoticias","https:\/\/www.instagram.com\/cvinoticias\/","https:\/\/www.youtube.com\/@CVINOTICIAS"]},{"@type":"Person","@id":"https:\/\/cvinoticias.com\/v3\/#\/schema\/person\/2db77e3c6bc03c538495d7b2b8be9b66","name":"f1000024","image":{"@type":"ImageObject","inLanguage":"es","@id":"https:\/\/secure.gravatar.com\/avatar\/d4fe7459cfc51ff5129ce1a732bbef5928568b8092d412ef95611616376bbeed?s=96&d=mm&r=g","url":"https:\/\/secure.gravatar.com\/avatar\/d4fe7459cfc51ff5129ce1a732bbef5928568b8092d412ef95611616376bbeed?s=96&d=mm&r=g","contentUrl":"https:\/\/secure.gravatar.com\/avatar\/d4fe7459cfc51ff5129ce1a732bbef5928568b8092d412ef95611616376bbeed?s=96&d=mm&r=g","caption":"f1000024"},"url":"https:\/\/cvinoticias.com\/v3\/author\/f1000024\/"}]}},"_links":{"self":[{"href":"https:\/\/cvinoticias.com\/v3\/wp-json\/wp\/v2\/posts\/19086","targetHints":{"allow":["GET"]}}],"collection":[{"href":"https:\/\/cvinoticias.com\/v3\/wp-json\/wp\/v2\/posts"}],"about":[{"href":"https:\/\/cvinoticias.com\/v3\/wp-json\/wp\/v2\/types\/post"}],"author":[{"embeddable":true,"href":"https:\/\/cvinoticias.com\/v3\/wp-json\/wp\/v2\/users\/2"}],"replies":[{"embeddable":true,"href":"https:\/\/cvinoticias.com\/v3\/wp-json\/wp\/v2\/comments?post=19086"}],"version-history":[{"count":1,"href":"https:\/\/cvinoticias.com\/v3\/wp-json\/wp\/v2\/posts\/19086\/revisions"}],"predecessor-version":[{"id":19088,"href":"https:\/\/cvinoticias.com\/v3\/wp-json\/wp\/v2\/posts\/19086\/revisions\/19088"}],"wp:featuredmedia":[{"embeddable":true,"href":"https:\/\/cvinoticias.com\/v3\/wp-json\/wp\/v2\/media\/19087"}],"wp:attachment":[{"href":"https:\/\/cvinoticias.com\/v3\/wp-json\/wp\/v2\/media?parent=19086"}],"wp:term":[{"taxonomy":"category","embeddable":true,"href":"https:\/\/cvinoticias.com\/v3\/wp-json\/wp\/v2\/categories?post=19086"},{"taxonomy":"post_tag","embeddable":true,"href":"https:\/\/cvinoticias.com\/v3\/wp-json\/wp\/v2\/tags?post=19086"}],"curies":[{"name":"wp","href":"https:\/\/api.w.org\/{rel}","templated":true}]}}