{"id":19073,"date":"2022-09-08T21:56:32","date_gmt":"2022-09-08T21:56:32","guid":{"rendered":"https:\/\/cvinoticias.com\/v3\/?p=19073"},"modified":"2022-09-08T21:56:32","modified_gmt":"2022-09-08T21:56:32","slug":"precio-y-calidad-la-propuesta-del-mercado-concentrador-que-revaloriza-la-produccion-local","status":"publish","type":"post","link":"https:\/\/cvinoticias.com\/v3\/precio-y-calidad-la-propuesta-del-mercado-concentrador-que-revaloriza-la-produccion-local\/","title":{"rendered":"<strong>Precio y calidad: la propuesta del mercado concentrador que revaloriza la producci\u00f3n local<\/strong>"},"content":{"rendered":"\n<p><em><strong>Con 900 visitas diarias por semana, el mercado concentrador es la primera opci\u00f3n de los misioneros que buscan productos frescos, sanos y econ\u00f3micos.<\/strong><\/em><\/p>\n\n\n\n<p>En un contexto econ\u00f3mico desfavorable a nivel pa\u00eds, la cuesti\u00f3n del precio se torna un aspecto prioritario. Al atravesar dicho filtro, la calidad pasa a ser el segundo aspecto m\u00e1s relevante. La relaci\u00f3n precio\/calidad es una cualidad indispensable para la mayor\u00eda de los misioneros que eligen el mercado concentrador para hacer sus compras diarias.<\/p>\n\n\n\n<p>Al respecto, Hugo Nu\u00f1ez, administrador del Mercado Concentrador Zonal de Eldorado coment\u00f3: \u00abEs muy interesante la cantidad de gente que hoy se est\u00e1 acercando al Mercado Concentrador Zonal de Eldorado en busca de productos frescos, sanos. Hoy, despu\u00e9s de tres meses que estoy en el mercado, de los 28 boxes, 9 que antes estaban vac\u00edos; hoy est\u00e1n completos\u00bb, dijo y agreg\u00f3: \u00abas\u00ed tambi\u00e9n, se agrego otra parte de valor agregado que tiene que ver con la Cooperativa Aurora que, tambi\u00e9n anda muy bien y tiene muy buena venta. La gente busca mucho esa clase de productos\u00bb.<\/p>\n\n\n\n<p>En este sentido, Nu\u00f1ez destac\u00f3 el aumento de visitas que obtuvo el mercado en el \u00faltimo tiempo: \u00abde tener entre 300 y 400 visitas por semana, hoy estamos llegando a las 900 visitas por semana de gente que va al mercado concentrador en busca de productos frescos y sanos\u00bb.<\/p>\n\n\n\n<p>M\u00e1s all\u00e1 de la b\u00fasqueda de precios, el mercado ofrece calidad en sus productos. Refiri\u00e9ndose a ello, el administrador dijo: \u00abno es lo mismo ir al mercado concentrador y encontrar un producto fresco, que fue cosechado el d\u00eda anterior que; un producto que viene desde dos mil kil\u00f3metros sumado a dos o tres semanas que est\u00e1n en c\u00e1mara. En muchos casos, frutas que se cosechan en verde y luego van llegando a los distintos puntos de la provincia\u00bb.<\/p>\n\n\n\n<figure class=\"wp-block-image size-full\"><a href=\"https:\/\/cvinoticias.com\/wp-content\/uploads\/2022\/09\/IMG-20220908-WA0127.jpg\"><img decoding=\"async\" width=\"640\" height=\"640\" data-src=\"https:\/\/cvinoticias.com\/wp-content\/uploads\/2022\/09\/IMG-20220908-WA0127.jpg\" alt=\"\" class=\"wp-image-19075 lazyload\" data-srcset=\"https:\/\/cvinoticias.com\/wp-content\/uploads\/2022\/09\/IMG-20220908-WA0127.jpg 640w, https:\/\/cvinoticias.com\/wp-content\/uploads\/2022\/09\/IMG-20220908-WA0127-300x300.jpg 300w, https:\/\/cvinoticias.com\/wp-content\/uploads\/2022\/09\/IMG-20220908-WA0127-150x150.jpg 150w\" data-sizes=\"(max-width: 640px) 100vw, 640px\" src=\"data:image\/svg+xml;base64,PHN2ZyB3aWR0aD0iMSIgaGVpZ2h0PSIxIiB4bWxucz0iaHR0cDovL3d3dy53My5vcmcvMjAwMC9zdmciPjwvc3ZnPg==\" style=\"--smush-placeholder-width: 640px; --smush-placeholder-aspect-ratio: 640\/640;\" \/><\/a><\/figure>\n\n\n\n<p>Asimismo, remarcando la importancia de llevar el alimento de la huerta a la mesa, Hugo Nu\u00f1ez manifest\u00f3 que \u201cen Eldorado, muchos productores de la zona tienen productos de muy buena calidad y a un precio econ\u00f3mico, m\u00e1s que en los mercados. Eso, en principio, es lo que la gente est\u00e1 buscando\u201d.<\/p>\n\n\n\n<p>\u00abEl productor est\u00e1 contento y motivado porque vende muy bien. Es un esfuerzo de las familias que est\u00e1n trabajando, hacen un gran sacrificio para estar en el mercado los mi\u00e9rcoles, jueves, viernes y s\u00e1bados de 7 a 12:30 horas\u00bb, indic\u00f3.<\/p>\n\n\n\n<p>Actualmente, el Mercado Concentrador cuenta con ingresos de 14 a 20 millones mensuales por ventas. Ello, es producto de la integraci\u00f3n de 40 Boxes nuevos, distribuidos en 4 sectores: Frutihorticola I y II, Valor Agregado y C\u00e1rnicos y L\u00e1cteos; Abarcando a productores de las localidades de Colonia Victoria, Mar\u00eda Magdalena, 9 de Julio, Santiago de Liniers, Eldorado, Pozo Azul, Panamby, Andresito, Montecarlo, Colonia Aurora.<\/p>\n\n\n\n<p>Adem\u00e1s, varias Cooperativas como: Cabure-\u00ed Andresito; Norte Produce; Agr\u00edcola R\u00edo Paran\u00e1 Limitada; Agroindustrial Tambera y Granjera Aurora Limitada; Tres Mar\u00edas, Polvor\u00edn y Pozo Azul; forman parte del lugar.<\/p>\n\n\n\n<figure class=\"wp-block-image size-full\"><a href=\"https:\/\/cvinoticias.com\/wp-content\/uploads\/2022\/09\/IMG-20220908-WA0131.jpg\"><img decoding=\"async\" width=\"640\" height=\"640\" data-src=\"https:\/\/cvinoticias.com\/wp-content\/uploads\/2022\/09\/IMG-20220908-WA0131.jpg\" alt=\"\" class=\"wp-image-19076 lazyload\" data-srcset=\"https:\/\/cvinoticias.com\/wp-content\/uploads\/2022\/09\/IMG-20220908-WA0131.jpg 640w, https:\/\/cvinoticias.com\/wp-content\/uploads\/2022\/09\/IMG-20220908-WA0131-300x300.jpg 300w, https:\/\/cvinoticias.com\/wp-content\/uploads\/2022\/09\/IMG-20220908-WA0131-150x150.jpg 150w\" data-sizes=\"(max-width: 640px) 100vw, 640px\" src=\"data:image\/svg+xml;base64,PHN2ZyB3aWR0aD0iMSIgaGVpZ2h0PSIxIiB4bWxucz0iaHR0cDovL3d3dy53My5vcmcvMjAwMC9zdmciPjwvc3ZnPg==\" style=\"--smush-placeholder-width: 640px; --smush-placeholder-aspect-ratio: 640\/640;\" \/><\/a><\/figure>\n","protected":false},"excerpt":{"rendered":"<p>Con 900 visitas diarias por semana, el mercado concentrador es la primera opci\u00f3n de los misioneros que buscan productos frescos, sanos y econ\u00f3micos. En un contexto econ\u00f3mico desfavorable a nivel pa\u00eds, la cuesti\u00f3n del precio se torna un aspecto prioritario. Al atravesar dicho filtro, la calidad pasa a ser el segundo aspecto m\u00e1s relevante. La [&hellip;]<\/p>\n","protected":false},"author":2,"featured_media":19074,"comment_status":"open","ping_status":"open","sticky":false,"template":"","format":"standard","meta":{"footnotes":""},"categories":[32],"tags":[],"class_list":["post-19073","post","type-post","status-publish","format-standard","has-post-thumbnail","hentry","category-economia"],"yoast_head":"<!-- This site is optimized with the Yoast SEO plugin v27.4 - https:\/\/yoast.com\/product\/yoast-seo-wordpress\/ -->\n<title>Precio y calidad: la propuesta del mercado concentrador que revaloriza la producci\u00f3n local | CVI NOTICIAS<\/title>\n<meta name=\"robots\" content=\"index, follow, max-snippet:-1, max-image-preview:large, max-video-preview:-1\" \/>\n<link rel=\"canonical\" href=\"https:\/\/cvinoticias.com\/v3\/precio-y-calidad-la-propuesta-del-mercado-concentrador-que-revaloriza-la-produccion-local\/\" \/>\n<meta property=\"og:locale\" content=\"es_ES\" \/>\n<meta property=\"og:type\" content=\"article\" \/>\n<meta property=\"og:title\" content=\"Precio y calidad: la propuesta del mercado concentrador que revaloriza la producci\u00f3n local | CVI NOTICIAS\" \/>\n<meta property=\"og:description\" content=\"Con 900 visitas diarias por semana, el mercado concentrador es la primera opci\u00f3n de los misioneros que buscan productos frescos, sanos y econ\u00f3micos. En un contexto econ\u00f3mico desfavorable a nivel pa\u00eds, la cuesti\u00f3n del precio se torna un aspecto prioritario. Al atravesar dicho filtro, la calidad pasa a ser el segundo aspecto m\u00e1s relevante. La [&hellip;]\" \/>\n<meta property=\"og:url\" content=\"https:\/\/cvinoticias.com\/v3\/precio-y-calidad-la-propuesta-del-mercado-concentrador-que-revaloriza-la-produccion-local\/\" \/>\n<meta property=\"og:site_name\" content=\"CVI NOTICIAS\" \/>\n<meta property=\"article:publisher\" content=\"https:\/\/www.facebook.com\/cvinoticias\" \/>\n<meta property=\"article:published_time\" content=\"2022-09-08T21:56:32+00:00\" \/>\n<meta property=\"og:image\" content=\"https:\/\/cvinoticias.com\/wp-content\/uploads\/2022\/09\/IMG-20220908-WA0128.jpg\" \/>\n\t<meta property=\"og:image:width\" content=\"640\" \/>\n\t<meta property=\"og:image:height\" content=\"640\" \/>\n\t<meta property=\"og:image:type\" content=\"image\/jpeg\" \/>\n<meta name=\"author\" content=\"f1000024\" \/>\n<meta name=\"twitter:card\" content=\"summary_large_image\" \/>\n<meta name=\"twitter:label1\" content=\"Escrito por\" \/>\n\t<meta name=\"twitter:data1\" content=\"f1000024\" \/>\n\t<meta name=\"twitter:label2\" content=\"Tiempo de lectura\" \/>\n\t<meta name=\"twitter:data2\" content=\"3 minutos\" \/>\n<script type=\"application\/ld+json\" class=\"yoast-schema-graph\">{\"@context\":\"https:\\\/\\\/schema.org\",\"@graph\":[{\"@type\":\"Article\",\"@id\":\"https:\\\/\\\/cvinoticias.com\\\/v3\\\/precio-y-calidad-la-propuesta-del-mercado-concentrador-que-revaloriza-la-produccion-local\\\/#article\",\"isPartOf\":{\"@id\":\"https:\\\/\\\/cvinoticias.com\\\/v3\\\/precio-y-calidad-la-propuesta-del-mercado-concentrador-que-revaloriza-la-produccion-local\\\/\"},\"author\":{\"name\":\"f1000024\",\"@id\":\"https:\\\/\\\/cvinoticias.com\\\/v3\\\/#\\\/schema\\\/person\\\/2db77e3c6bc03c538495d7b2b8be9b66\"},\"headline\":\"Precio y calidad: la propuesta del mercado concentrador que revaloriza la producci\u00f3n local\",\"datePublished\":\"2022-09-08T21:56:32+00:00\",\"mainEntityOfPage\":{\"@id\":\"https:\\\/\\\/cvinoticias.com\\\/v3\\\/precio-y-calidad-la-propuesta-del-mercado-concentrador-que-revaloriza-la-produccion-local\\\/\"},\"wordCount\":522,\"commentCount\":0,\"publisher\":{\"@id\":\"https:\\\/\\\/cvinoticias.com\\\/v3\\\/#organization\"},\"image\":{\"@id\":\"https:\\\/\\\/cvinoticias.com\\\/v3\\\/precio-y-calidad-la-propuesta-del-mercado-concentrador-que-revaloriza-la-produccion-local\\\/#primaryimage\"},\"thumbnailUrl\":\"https:\\\/\\\/cvinoticias.com\\\/wp-content\\\/uploads\\\/2022\\\/09\\\/IMG-20220908-WA0128.jpg\",\"articleSection\":[\"Econom\u00eda\"],\"inLanguage\":\"es\",\"potentialAction\":[{\"@type\":\"CommentAction\",\"name\":\"Comment\",\"target\":[\"https:\\\/\\\/cvinoticias.com\\\/v3\\\/precio-y-calidad-la-propuesta-del-mercado-concentrador-que-revaloriza-la-produccion-local\\\/#respond\"]}]},{\"@type\":\"WebPage\",\"@id\":\"https:\\\/\\\/cvinoticias.com\\\/v3\\\/precio-y-calidad-la-propuesta-del-mercado-concentrador-que-revaloriza-la-produccion-local\\\/\",\"url\":\"https:\\\/\\\/cvinoticias.com\\\/v3\\\/precio-y-calidad-la-propuesta-del-mercado-concentrador-que-revaloriza-la-produccion-local\\\/\",\"name\":\"Precio y calidad: la propuesta del mercado concentrador que revaloriza la producci\u00f3n local | CVI NOTICIAS\",\"isPartOf\":{\"@id\":\"https:\\\/\\\/cvinoticias.com\\\/v3\\\/#website\"},\"primaryImageOfPage\":{\"@id\":\"https:\\\/\\\/cvinoticias.com\\\/v3\\\/precio-y-calidad-la-propuesta-del-mercado-concentrador-que-revaloriza-la-produccion-local\\\/#primaryimage\"},\"image\":{\"@id\":\"https:\\\/\\\/cvinoticias.com\\\/v3\\\/precio-y-calidad-la-propuesta-del-mercado-concentrador-que-revaloriza-la-produccion-local\\\/#primaryimage\"},\"thumbnailUrl\":\"https:\\\/\\\/cvinoticias.com\\\/wp-content\\\/uploads\\\/2022\\\/09\\\/IMG-20220908-WA0128.jpg\",\"datePublished\":\"2022-09-08T21:56:32+00:00\",\"breadcrumb\":{\"@id\":\"https:\\\/\\\/cvinoticias.com\\\/v3\\\/precio-y-calidad-la-propuesta-del-mercado-concentrador-que-revaloriza-la-produccion-local\\\/#breadcrumb\"},\"inLanguage\":\"es\",\"potentialAction\":[{\"@type\":\"ReadAction\",\"target\":[\"https:\\\/\\\/cvinoticias.com\\\/v3\\\/precio-y-calidad-la-propuesta-del-mercado-concentrador-que-revaloriza-la-produccion-local\\\/\"]}]},{\"@type\":\"ImageObject\",\"inLanguage\":\"es\",\"@id\":\"https:\\\/\\\/cvinoticias.com\\\/v3\\\/precio-y-calidad-la-propuesta-del-mercado-concentrador-que-revaloriza-la-produccion-local\\\/#primaryimage\",\"url\":\"https:\\\/\\\/cvinoticias.com\\\/wp-content\\\/uploads\\\/2022\\\/09\\\/IMG-20220908-WA0128.jpg\",\"contentUrl\":\"https:\\\/\\\/cvinoticias.com\\\/wp-content\\\/uploads\\\/2022\\\/09\\\/IMG-20220908-WA0128.jpg\",\"width\":640,\"height\":640},{\"@type\":\"BreadcrumbList\",\"@id\":\"https:\\\/\\\/cvinoticias.com\\\/v3\\\/precio-y-calidad-la-propuesta-del-mercado-concentrador-que-revaloriza-la-produccion-local\\\/#breadcrumb\",\"itemListElement\":[{\"@type\":\"ListItem\",\"position\":1,\"name\":\"Portada\",\"item\":\"https:\\\/\\\/cvinoticias.com\\\/v3\\\/\"},{\"@type\":\"ListItem\",\"position\":2,\"name\":\"Precio y calidad: la propuesta del mercado concentrador que revaloriza la producci\u00f3n local\"}]},{\"@type\":\"WebSite\",\"@id\":\"https:\\\/\\\/cvinoticias.com\\\/v3\\\/#website\",\"url\":\"https:\\\/\\\/cvinoticias.com\\\/v3\\\/\",\"name\":\"CVI NOTICIAS\",\"description\":\"\",\"publisher\":{\"@id\":\"https:\\\/\\\/cvinoticias.com\\\/v3\\\/#organization\"},\"alternateName\":\"CVI\",\"potentialAction\":[{\"@type\":\"SearchAction\",\"target\":{\"@type\":\"EntryPoint\",\"urlTemplate\":\"https:\\\/\\\/cvinoticias.com\\\/v3\\\/?s={search_term_string}\"},\"query-input\":{\"@type\":\"PropertyValueSpecification\",\"valueRequired\":true,\"valueName\":\"search_term_string\"}}],\"inLanguage\":\"es\"},{\"@type\":\"Organization\",\"@id\":\"https:\\\/\\\/cvinoticias.com\\\/v3\\\/#organization\",\"name\":\"CVI NOTICIAS\",\"url\":\"https:\\\/\\\/cvinoticias.com\\\/v3\\\/\",\"logo\":{\"@type\":\"ImageObject\",\"inLanguage\":\"es\",\"@id\":\"https:\\\/\\\/cvinoticias.com\\\/v3\\\/#\\\/schema\\\/logo\\\/image\\\/\",\"url\":\"https:\\\/\\\/cvinoticias.com\\\/wp-content\\\/uploads\\\/2023\\\/04\\\/cropped-cropped-cropped-cropped-cropped-3-1.png\",\"contentUrl\":\"https:\\\/\\\/cvinoticias.com\\\/wp-content\\\/uploads\\\/2023\\\/04\\\/cropped-cropped-cropped-cropped-cropped-3-1.png\",\"width\":95,\"height\":122,\"caption\":\"CVI NOTICIAS\"},\"image\":{\"@id\":\"https:\\\/\\\/cvinoticias.com\\\/v3\\\/#\\\/schema\\\/logo\\\/image\\\/\"},\"sameAs\":[\"https:\\\/\\\/www.facebook.com\\\/cvinoticias\",\"https:\\\/\\\/www.instagram.com\\\/cvinoticias\\\/\",\"https:\\\/\\\/www.youtube.com\\\/@CVINOTICIAS\"]},{\"@type\":\"Person\",\"@id\":\"https:\\\/\\\/cvinoticias.com\\\/v3\\\/#\\\/schema\\\/person\\\/2db77e3c6bc03c538495d7b2b8be9b66\",\"name\":\"f1000024\",\"image\":{\"@type\":\"ImageObject\",\"inLanguage\":\"es\",\"@id\":\"https:\\\/\\\/secure.gravatar.com\\\/avatar\\\/d4fe7459cfc51ff5129ce1a732bbef5928568b8092d412ef95611616376bbeed?s=96&d=mm&r=g\",\"url\":\"https:\\\/\\\/secure.gravatar.com\\\/avatar\\\/d4fe7459cfc51ff5129ce1a732bbef5928568b8092d412ef95611616376bbeed?s=96&d=mm&r=g\",\"contentUrl\":\"https:\\\/\\\/secure.gravatar.com\\\/avatar\\\/d4fe7459cfc51ff5129ce1a732bbef5928568b8092d412ef95611616376bbeed?s=96&d=mm&r=g\",\"caption\":\"f1000024\"},\"url\":\"https:\\\/\\\/cvinoticias.com\\\/v3\\\/author\\\/f1000024\\\/\"}]}<\/script>\n<!-- \/ Yoast SEO plugin. -->","yoast_head_json":{"title":"Precio y calidad: la propuesta del mercado concentrador que revaloriza la producci\u00f3n local | CVI NOTICIAS","robots":{"index":"index","follow":"follow","max-snippet":"max-snippet:-1","max-image-preview":"max-image-preview:large","max-video-preview":"max-video-preview:-1"},"canonical":"https:\/\/cvinoticias.com\/v3\/precio-y-calidad-la-propuesta-del-mercado-concentrador-que-revaloriza-la-produccion-local\/","og_locale":"es_ES","og_type":"article","og_title":"Precio y calidad: la propuesta del mercado concentrador que revaloriza la producci\u00f3n local | CVI NOTICIAS","og_description":"Con 900 visitas diarias por semana, el mercado concentrador es la primera opci\u00f3n de los misioneros que buscan productos frescos, sanos y econ\u00f3micos. En un contexto econ\u00f3mico desfavorable a nivel pa\u00eds, la cuesti\u00f3n del precio se torna un aspecto prioritario. Al atravesar dicho filtro, la calidad pasa a ser el segundo aspecto m\u00e1s relevante. La [&hellip;]","og_url":"https:\/\/cvinoticias.com\/v3\/precio-y-calidad-la-propuesta-del-mercado-concentrador-que-revaloriza-la-produccion-local\/","og_site_name":"CVI NOTICIAS","article_publisher":"https:\/\/www.facebook.com\/cvinoticias","article_published_time":"2022-09-08T21:56:32+00:00","og_image":[{"width":640,"height":640,"url":"https:\/\/cvinoticias.com\/wp-content\/uploads\/2022\/09\/IMG-20220908-WA0128.jpg","type":"image\/jpeg"}],"author":"f1000024","twitter_card":"summary_large_image","twitter_misc":{"Escrito por":"f1000024","Tiempo de lectura":"3 minutos"},"schema":{"@context":"https:\/\/schema.org","@graph":[{"@type":"Article","@id":"https:\/\/cvinoticias.com\/v3\/precio-y-calidad-la-propuesta-del-mercado-concentrador-que-revaloriza-la-produccion-local\/#article","isPartOf":{"@id":"https:\/\/cvinoticias.com\/v3\/precio-y-calidad-la-propuesta-del-mercado-concentrador-que-revaloriza-la-produccion-local\/"},"author":{"name":"f1000024","@id":"https:\/\/cvinoticias.com\/v3\/#\/schema\/person\/2db77e3c6bc03c538495d7b2b8be9b66"},"headline":"Precio y calidad: la propuesta del mercado concentrador que revaloriza la producci\u00f3n local","datePublished":"2022-09-08T21:56:32+00:00","mainEntityOfPage":{"@id":"https:\/\/cvinoticias.com\/v3\/precio-y-calidad-la-propuesta-del-mercado-concentrador-que-revaloriza-la-produccion-local\/"},"wordCount":522,"commentCount":0,"publisher":{"@id":"https:\/\/cvinoticias.com\/v3\/#organization"},"image":{"@id":"https:\/\/cvinoticias.com\/v3\/precio-y-calidad-la-propuesta-del-mercado-concentrador-que-revaloriza-la-produccion-local\/#primaryimage"},"thumbnailUrl":"https:\/\/cvinoticias.com\/wp-content\/uploads\/2022\/09\/IMG-20220908-WA0128.jpg","articleSection":["Econom\u00eda"],"inLanguage":"es","potentialAction":[{"@type":"CommentAction","name":"Comment","target":["https:\/\/cvinoticias.com\/v3\/precio-y-calidad-la-propuesta-del-mercado-concentrador-que-revaloriza-la-produccion-local\/#respond"]}]},{"@type":"WebPage","@id":"https:\/\/cvinoticias.com\/v3\/precio-y-calidad-la-propuesta-del-mercado-concentrador-que-revaloriza-la-produccion-local\/","url":"https:\/\/cvinoticias.com\/v3\/precio-y-calidad-la-propuesta-del-mercado-concentrador-que-revaloriza-la-produccion-local\/","name":"Precio y calidad: la propuesta del mercado concentrador que revaloriza la producci\u00f3n local | CVI NOTICIAS","isPartOf":{"@id":"https:\/\/cvinoticias.com\/v3\/#website"},"primaryImageOfPage":{"@id":"https:\/\/cvinoticias.com\/v3\/precio-y-calidad-la-propuesta-del-mercado-concentrador-que-revaloriza-la-produccion-local\/#primaryimage"},"image":{"@id":"https:\/\/cvinoticias.com\/v3\/precio-y-calidad-la-propuesta-del-mercado-concentrador-que-revaloriza-la-produccion-local\/#primaryimage"},"thumbnailUrl":"https:\/\/cvinoticias.com\/wp-content\/uploads\/2022\/09\/IMG-20220908-WA0128.jpg","datePublished":"2022-09-08T21:56:32+00:00","breadcrumb":{"@id":"https:\/\/cvinoticias.com\/v3\/precio-y-calidad-la-propuesta-del-mercado-concentrador-que-revaloriza-la-produccion-local\/#breadcrumb"},"inLanguage":"es","potentialAction":[{"@type":"ReadAction","target":["https:\/\/cvinoticias.com\/v3\/precio-y-calidad-la-propuesta-del-mercado-concentrador-que-revaloriza-la-produccion-local\/"]}]},{"@type":"ImageObject","inLanguage":"es","@id":"https:\/\/cvinoticias.com\/v3\/precio-y-calidad-la-propuesta-del-mercado-concentrador-que-revaloriza-la-produccion-local\/#primaryimage","url":"https:\/\/cvinoticias.com\/wp-content\/uploads\/2022\/09\/IMG-20220908-WA0128.jpg","contentUrl":"https:\/\/cvinoticias.com\/wp-content\/uploads\/2022\/09\/IMG-20220908-WA0128.jpg","width":640,"height":640},{"@type":"BreadcrumbList","@id":"https:\/\/cvinoticias.com\/v3\/precio-y-calidad-la-propuesta-del-mercado-concentrador-que-revaloriza-la-produccion-local\/#breadcrumb","itemListElement":[{"@type":"ListItem","position":1,"name":"Portada","item":"https:\/\/cvinoticias.com\/v3\/"},{"@type":"ListItem","position":2,"name":"Precio y calidad: la propuesta del mercado concentrador que revaloriza la producci\u00f3n local"}]},{"@type":"WebSite","@id":"https:\/\/cvinoticias.com\/v3\/#website","url":"https:\/\/cvinoticias.com\/v3\/","name":"CVI NOTICIAS","description":"","publisher":{"@id":"https:\/\/cvinoticias.com\/v3\/#organization"},"alternateName":"CVI","potentialAction":[{"@type":"SearchAction","target":{"@type":"EntryPoint","urlTemplate":"https:\/\/cvinoticias.com\/v3\/?s={search_term_string}"},"query-input":{"@type":"PropertyValueSpecification","valueRequired":true,"valueName":"search_term_string"}}],"inLanguage":"es"},{"@type":"Organization","@id":"https:\/\/cvinoticias.com\/v3\/#organization","name":"CVI NOTICIAS","url":"https:\/\/cvinoticias.com\/v3\/","logo":{"@type":"ImageObject","inLanguage":"es","@id":"https:\/\/cvinoticias.com\/v3\/#\/schema\/logo\/image\/","url":"https:\/\/cvinoticias.com\/wp-content\/uploads\/2023\/04\/cropped-cropped-cropped-cropped-cropped-3-1.png","contentUrl":"https:\/\/cvinoticias.com\/wp-content\/uploads\/2023\/04\/cropped-cropped-cropped-cropped-cropped-3-1.png","width":95,"height":122,"caption":"CVI NOTICIAS"},"image":{"@id":"https:\/\/cvinoticias.com\/v3\/#\/schema\/logo\/image\/"},"sameAs":["https:\/\/www.facebook.com\/cvinoticias","https:\/\/www.instagram.com\/cvinoticias\/","https:\/\/www.youtube.com\/@CVINOTICIAS"]},{"@type":"Person","@id":"https:\/\/cvinoticias.com\/v3\/#\/schema\/person\/2db77e3c6bc03c538495d7b2b8be9b66","name":"f1000024","image":{"@type":"ImageObject","inLanguage":"es","@id":"https:\/\/secure.gravatar.com\/avatar\/d4fe7459cfc51ff5129ce1a732bbef5928568b8092d412ef95611616376bbeed?s=96&d=mm&r=g","url":"https:\/\/secure.gravatar.com\/avatar\/d4fe7459cfc51ff5129ce1a732bbef5928568b8092d412ef95611616376bbeed?s=96&d=mm&r=g","contentUrl":"https:\/\/secure.gravatar.com\/avatar\/d4fe7459cfc51ff5129ce1a732bbef5928568b8092d412ef95611616376bbeed?s=96&d=mm&r=g","caption":"f1000024"},"url":"https:\/\/cvinoticias.com\/v3\/author\/f1000024\/"}]}},"_links":{"self":[{"href":"https:\/\/cvinoticias.com\/v3\/wp-json\/wp\/v2\/posts\/19073","targetHints":{"allow":["GET"]}}],"collection":[{"href":"https:\/\/cvinoticias.com\/v3\/wp-json\/wp\/v2\/posts"}],"about":[{"href":"https:\/\/cvinoticias.com\/v3\/wp-json\/wp\/v2\/types\/post"}],"author":[{"embeddable":true,"href":"https:\/\/cvinoticias.com\/v3\/wp-json\/wp\/v2\/users\/2"}],"replies":[{"embeddable":true,"href":"https:\/\/cvinoticias.com\/v3\/wp-json\/wp\/v2\/comments?post=19073"}],"version-history":[{"count":1,"href":"https:\/\/cvinoticias.com\/v3\/wp-json\/wp\/v2\/posts\/19073\/revisions"}],"predecessor-version":[{"id":19077,"href":"https:\/\/cvinoticias.com\/v3\/wp-json\/wp\/v2\/posts\/19073\/revisions\/19077"}],"wp:featuredmedia":[{"embeddable":true,"href":"https:\/\/cvinoticias.com\/v3\/wp-json\/wp\/v2\/media\/19074"}],"wp:attachment":[{"href":"https:\/\/cvinoticias.com\/v3\/wp-json\/wp\/v2\/media?parent=19073"}],"wp:term":[{"taxonomy":"category","embeddable":true,"href":"https:\/\/cvinoticias.com\/v3\/wp-json\/wp\/v2\/categories?post=19073"},{"taxonomy":"post_tag","embeddable":true,"href":"https:\/\/cvinoticias.com\/v3\/wp-json\/wp\/v2\/tags?post=19073"}],"curies":[{"name":"wp","href":"https:\/\/api.w.org\/{rel}","templated":true}]}}