{"id":19045,"date":"2022-09-08T13:27:05","date_gmt":"2022-09-08T13:27:05","guid":{"rendered":"https:\/\/cvinoticias.com\/v3\/?p=19045"},"modified":"2022-09-08T13:27:05","modified_gmt":"2022-09-08T13:27:05","slug":"la-nueva-reina-de-la-fiesta-nacional-del-inmigrante-es-de-la-colectividad-suiza","status":"publish","type":"post","link":"https:\/\/cvinoticias.com\/v3\/la-nueva-reina-de-la-fiesta-nacional-del-inmigrante-es-de-la-colectividad-suiza\/","title":{"rendered":"La nueva reina de la Fiesta Nacional del Inmigrante es de la Colectividad Suiza"},"content":{"rendered":"\n<p><strong><em>Toda la espera y la expectativa de la Fiesta Nacional del Inmigrante se resumen en la Noche de la Coronaci\u00f3n de la Reina y las Princesas. Como cada a\u00f1o, se pudo sentir durante toda la noche, pero en esta edici\u00f3n fue todo muy especial porque se volvi\u00f3 al lleno total del anfiteatro mayor, como en los mejores tiempos.<\/em><\/strong><\/p>\n\n\n\n<p>Tras todo lo que se vivi\u00f3 hasta el momento definitivo, finalmente se supo que la reina nacional del inmigrante 2022 y sucesora de Karen Da Silva, es la representante de la Colectividad Suiza, Loren Michel Weber.<\/p>\n\n\n\n<p>Pero la noche en el escenario mayor comenz\u00f3 con el lanzamiento de la Fenasoja 2024, evento que se realizar\u00e1 en Santa Rosa, Brasil.<\/p>\n\n\n\n<p>Luego se pudo apreciar nuevamente el cuadro apertura que abre cada noche en el Norguss Jacob, para dar paso a la primera presentaci\u00f3n de las Reinas, realizando una coreograf\u00eda dirigida por Ikki Mi\u00f1o y Alejandro C\u00e1ceres.<\/p>\n\n\n\n<p>La artista de la noche fue Evanna Sanz, oriunda de San Vicente. La joven deleit\u00f3 al p\u00fablico presente con temas brasile\u00f1os y de m\u00fasica regional que todos acompa\u00f1aron. De a poco, en el ambiente se fue sintiendo que ya faltaba cada vez menos para develar la inc\u00f3gnita. Y se not\u00f3 cuando las representantes de las colectividades salieron nuevamente a escena, esta vez en traje de noche, desfilando ante sus simpatizantes y el jurado que evaluaba cada detalle hasta la \u00faltima instancia.<\/p>\n\n\n\n<p><strong>Reyes mayores y principitos<\/strong><\/p>\n\n\n\n<p>Tambi\u00e9n fueron protagonistas de la noche los reyes mayores y principitos de todas las colectividades, quienes desfilaron por el escenario mayor, con un gran colorido de sus trajes t\u00edpicos.<\/p>\n\n\n\n<p>En este caso, la elecci\u00f3n es por sorteo, y con presencia del escribano fueron los principitos salientes los que sacaron los nombres de la urna.<\/p>\n\n\n\n<p>Sof\u00eda Kornowski, de la Colectividad ucraniana, y el peque\u00f1o Felipe Bola\u00f1o, de la Colectividad brasile\u00f1a, conformar\u00e1n la pareja de Principitos Nacionales. Mientras que los Reyes Mayores, tambi\u00e9n por sorteo, son los representantes de la Colectividad brasile\u00f1a, Marina Wasiak y Jorge Luis Kwaszka.<\/p>\n\n\n\n<p><strong>La coronaci\u00f3n<\/strong><\/p>\n\n\n\n<p>El cronograma marcaba una tercera presentaci\u00f3n de las reinas, con trajes t\u00edpicos. Esto fue uno de los puntos altos de la noche, porque en las tribunas ya se sent\u00eda la algarab\u00eda, con banderas y pancartas de aliento, con gritos y mucha, mucha ansiedad. La batalla de hinchadas fue pareja, porque todas hicieron su mejor esfuerzo.<\/p>\n\n\n\n<p>Las soberanas salientes, a trav\u00e9s de unos videos que grabaron, dieron su mensaje de despedida. Mientras lo miraban, abrazadas, no pudieron evitar las l\u00e1grimas recordando todo lo vivido en este a\u00f1o.<\/p>\n\n\n\n<p>Adem\u00e1s, como un agregado m\u00e1s para la gente, se dio a conocer quien fue electa Reina Virtual. Se trata de Ana Paula Sowisnki, la representante de la Colectividad polaca.<\/p>\n\n\n\n<p>La Coronaci\u00f3n lleg\u00f3 y en el \u00e9ter, las voces de Silvia Seraf\u00edn y Gladis Acu\u00f1a anunciaron que la representante de la colectividad Checa, Nora Catherine Bys, es Miss Traje T\u00edpico 2022 y que la Paisana Argentina, Claudia Molas, es Miss Amistad, elecci\u00f3n que realizan las mismas candidatas.<\/p>\n\n\n\n<p>Pero los checos a\u00fan ten\u00edan una buena noticia m\u00e1s, y es que Catherine fue electa Segunda Princesa Nacional, recibiendo sus atributos de manos de Sol Macarena Rivero. Acto seguido, todos supieron que Dana Nicole Moniec Bojko entregar\u00eda sus atributos a otra representante de la Colectividad polaca para ser la 1\u00aa Princesa Nacional. Y fue ella quien coron\u00f3 a Ana Paula Sowinski.<\/p>\n\n\n\n<p>Y finalmente, el mundo \u2013presentes en el Norguss Jacob y aquellos que lo vieron por la se\u00f1al de streaming de la FNI \u2013 supieron que la representante de la Colectividad Suiza, Loren Michel Weber, es la sucesora de Karen Ayel\u00e9n Da Silva.<\/p>\n\n\n\n<p>Loren es obere\u00f1a, tiene 23 a\u00f1os y es estudiante de la Licenciatura en Turismo, y es a partir de ese momento, la nueva Reina Nacional del Inmigrante.<\/p>\n\n\n\n<p>La reina saliente, Karen Da Silva y la presidente de Federaci\u00f3n de Colectividades Marta Wieremiey se encargaron de colocar la banda y la capa, entregar el cetro y de coronar a la flamante soberana de todos los inmigrantes.<\/p>\n\n\n\n<p><strong>Fuente: Revista C\u00f3digos <\/strong><\/p>\n","protected":false},"excerpt":{"rendered":"<p>Toda la espera y la expectativa de la Fiesta Nacional del Inmigrante se resumen en la Noche de la Coronaci\u00f3n de la Reina y las Princesas. Como cada a\u00f1o, se pudo sentir durante toda la noche, pero en esta edici\u00f3n fue todo muy especial porque se volvi\u00f3 al lleno total del anfiteatro mayor, como en [&hellip;]<\/p>\n","protected":false},"author":2,"featured_media":19046,"comment_status":"open","ping_status":"open","sticky":false,"template":"","format":"standard","meta":{"footnotes":""},"categories":[43],"tags":[],"class_list":["post-19045","post","type-post","status-publish","format-standard","has-post-thumbnail","hentry","category-provinciales"],"yoast_head":"<!-- This site is optimized with the Yoast SEO plugin v27.5 - https:\/\/yoast.com\/product\/yoast-seo-wordpress\/ -->\n<title>La nueva reina de la Fiesta Nacional del Inmigrante es de la Colectividad Suiza | CVI NOTICIAS<\/title>\n<meta name=\"robots\" content=\"index, follow, max-snippet:-1, max-image-preview:large, max-video-preview:-1\" \/>\n<link rel=\"canonical\" href=\"https:\/\/cvinoticias.com\/v3\/la-nueva-reina-de-la-fiesta-nacional-del-inmigrante-es-de-la-colectividad-suiza\/\" \/>\n<meta property=\"og:locale\" content=\"es_ES\" \/>\n<meta property=\"og:type\" content=\"article\" \/>\n<meta property=\"og:title\" content=\"La nueva reina de la Fiesta Nacional del Inmigrante es de la Colectividad Suiza | CVI NOTICIAS\" \/>\n<meta property=\"og:description\" content=\"Toda la espera y la expectativa de la Fiesta Nacional del Inmigrante se resumen en la Noche de la Coronaci\u00f3n de la Reina y las Princesas. Como cada a\u00f1o, se pudo sentir durante toda la noche, pero en esta edici\u00f3n fue todo muy especial porque se volvi\u00f3 al lleno total del anfiteatro mayor, como en [&hellip;]\" \/>\n<meta property=\"og:url\" content=\"https:\/\/cvinoticias.com\/v3\/la-nueva-reina-de-la-fiesta-nacional-del-inmigrante-es-de-la-colectividad-suiza\/\" \/>\n<meta property=\"og:site_name\" content=\"CVI NOTICIAS\" \/>\n<meta property=\"article:publisher\" content=\"https:\/\/www.facebook.com\/cvinoticias\" \/>\n<meta property=\"article:published_time\" content=\"2022-09-08T13:27:05+00:00\" \/>\n<meta property=\"og:image\" content=\"https:\/\/cvinoticias.com\/wp-content\/uploads\/2022\/09\/La-nueva-reina-de-la-2.jpg\" \/>\n\t<meta property=\"og:image:width\" content=\"800\" \/>\n\t<meta property=\"og:image:height\" content=\"533\" \/>\n\t<meta property=\"og:image:type\" content=\"image\/jpeg\" \/>\n<meta name=\"author\" content=\"f1000024\" \/>\n<meta name=\"twitter:card\" content=\"summary_large_image\" \/>\n<meta name=\"twitter:label1\" content=\"Escrito por\" \/>\n\t<meta name=\"twitter:data1\" content=\"f1000024\" \/>\n\t<meta name=\"twitter:label2\" content=\"Tiempo de lectura\" \/>\n\t<meta name=\"twitter:data2\" content=\"4 minutos\" \/>\n<script type=\"application\/ld+json\" class=\"yoast-schema-graph\">{\"@context\":\"https:\\\/\\\/schema.org\",\"@graph\":[{\"@type\":\"Article\",\"@id\":\"https:\\\/\\\/cvinoticias.com\\\/v3\\\/la-nueva-reina-de-la-fiesta-nacional-del-inmigrante-es-de-la-colectividad-suiza\\\/#article\",\"isPartOf\":{\"@id\":\"https:\\\/\\\/cvinoticias.com\\\/v3\\\/la-nueva-reina-de-la-fiesta-nacional-del-inmigrante-es-de-la-colectividad-suiza\\\/\"},\"author\":{\"name\":\"f1000024\",\"@id\":\"https:\\\/\\\/cvinoticias.com\\\/v3\\\/#\\\/schema\\\/person\\\/2db77e3c6bc03c538495d7b2b8be9b66\"},\"headline\":\"La nueva reina de la Fiesta Nacional del Inmigrante es de la Colectividad Suiza\",\"datePublished\":\"2022-09-08T13:27:05+00:00\",\"mainEntityOfPage\":{\"@id\":\"https:\\\/\\\/cvinoticias.com\\\/v3\\\/la-nueva-reina-de-la-fiesta-nacional-del-inmigrante-es-de-la-colectividad-suiza\\\/\"},\"wordCount\":724,\"commentCount\":0,\"publisher\":{\"@id\":\"https:\\\/\\\/cvinoticias.com\\\/v3\\\/#organization\"},\"image\":{\"@id\":\"https:\\\/\\\/cvinoticias.com\\\/v3\\\/la-nueva-reina-de-la-fiesta-nacional-del-inmigrante-es-de-la-colectividad-suiza\\\/#primaryimage\"},\"thumbnailUrl\":\"https:\\\/\\\/cvinoticias.com\\\/wp-content\\\/uploads\\\/2022\\\/09\\\/La-nueva-reina-de-la-2.jpg\",\"articleSection\":[\"Provinciales\"],\"inLanguage\":\"es\",\"potentialAction\":[{\"@type\":\"CommentAction\",\"name\":\"Comment\",\"target\":[\"https:\\\/\\\/cvinoticias.com\\\/v3\\\/la-nueva-reina-de-la-fiesta-nacional-del-inmigrante-es-de-la-colectividad-suiza\\\/#respond\"]}]},{\"@type\":\"WebPage\",\"@id\":\"https:\\\/\\\/cvinoticias.com\\\/v3\\\/la-nueva-reina-de-la-fiesta-nacional-del-inmigrante-es-de-la-colectividad-suiza\\\/\",\"url\":\"https:\\\/\\\/cvinoticias.com\\\/v3\\\/la-nueva-reina-de-la-fiesta-nacional-del-inmigrante-es-de-la-colectividad-suiza\\\/\",\"name\":\"La nueva reina de la Fiesta Nacional del Inmigrante es de la Colectividad Suiza | CVI NOTICIAS\",\"isPartOf\":{\"@id\":\"https:\\\/\\\/cvinoticias.com\\\/v3\\\/#website\"},\"primaryImageOfPage\":{\"@id\":\"https:\\\/\\\/cvinoticias.com\\\/v3\\\/la-nueva-reina-de-la-fiesta-nacional-del-inmigrante-es-de-la-colectividad-suiza\\\/#primaryimage\"},\"image\":{\"@id\":\"https:\\\/\\\/cvinoticias.com\\\/v3\\\/la-nueva-reina-de-la-fiesta-nacional-del-inmigrante-es-de-la-colectividad-suiza\\\/#primaryimage\"},\"thumbnailUrl\":\"https:\\\/\\\/cvinoticias.com\\\/wp-content\\\/uploads\\\/2022\\\/09\\\/La-nueva-reina-de-la-2.jpg\",\"datePublished\":\"2022-09-08T13:27:05+00:00\",\"breadcrumb\":{\"@id\":\"https:\\\/\\\/cvinoticias.com\\\/v3\\\/la-nueva-reina-de-la-fiesta-nacional-del-inmigrante-es-de-la-colectividad-suiza\\\/#breadcrumb\"},\"inLanguage\":\"es\",\"potentialAction\":[{\"@type\":\"ReadAction\",\"target\":[\"https:\\\/\\\/cvinoticias.com\\\/v3\\\/la-nueva-reina-de-la-fiesta-nacional-del-inmigrante-es-de-la-colectividad-suiza\\\/\"]}]},{\"@type\":\"ImageObject\",\"inLanguage\":\"es\",\"@id\":\"https:\\\/\\\/cvinoticias.com\\\/v3\\\/la-nueva-reina-de-la-fiesta-nacional-del-inmigrante-es-de-la-colectividad-suiza\\\/#primaryimage\",\"url\":\"https:\\\/\\\/cvinoticias.com\\\/wp-content\\\/uploads\\\/2022\\\/09\\\/La-nueva-reina-de-la-2.jpg\",\"contentUrl\":\"https:\\\/\\\/cvinoticias.com\\\/wp-content\\\/uploads\\\/2022\\\/09\\\/La-nueva-reina-de-la-2.jpg\",\"width\":800,\"height\":533},{\"@type\":\"BreadcrumbList\",\"@id\":\"https:\\\/\\\/cvinoticias.com\\\/v3\\\/la-nueva-reina-de-la-fiesta-nacional-del-inmigrante-es-de-la-colectividad-suiza\\\/#breadcrumb\",\"itemListElement\":[{\"@type\":\"ListItem\",\"position\":1,\"name\":\"Portada\",\"item\":\"https:\\\/\\\/cvinoticias.com\\\/v3\\\/\"},{\"@type\":\"ListItem\",\"position\":2,\"name\":\"La nueva reina de la Fiesta Nacional del Inmigrante es de la Colectividad Suiza\"}]},{\"@type\":\"WebSite\",\"@id\":\"https:\\\/\\\/cvinoticias.com\\\/v3\\\/#website\",\"url\":\"https:\\\/\\\/cvinoticias.com\\\/v3\\\/\",\"name\":\"CVI NOTICIAS\",\"description\":\"\",\"publisher\":{\"@id\":\"https:\\\/\\\/cvinoticias.com\\\/v3\\\/#organization\"},\"alternateName\":\"CVI\",\"potentialAction\":[{\"@type\":\"SearchAction\",\"target\":{\"@type\":\"EntryPoint\",\"urlTemplate\":\"https:\\\/\\\/cvinoticias.com\\\/v3\\\/?s={search_term_string}\"},\"query-input\":{\"@type\":\"PropertyValueSpecification\",\"valueRequired\":true,\"valueName\":\"search_term_string\"}}],\"inLanguage\":\"es\"},{\"@type\":\"Organization\",\"@id\":\"https:\\\/\\\/cvinoticias.com\\\/v3\\\/#organization\",\"name\":\"CVI NOTICIAS\",\"url\":\"https:\\\/\\\/cvinoticias.com\\\/v3\\\/\",\"logo\":{\"@type\":\"ImageObject\",\"inLanguage\":\"es\",\"@id\":\"https:\\\/\\\/cvinoticias.com\\\/v3\\\/#\\\/schema\\\/logo\\\/image\\\/\",\"url\":\"https:\\\/\\\/cvinoticias.com\\\/wp-content\\\/uploads\\\/2023\\\/04\\\/cropped-cropped-cropped-cropped-cropped-3-1.png\",\"contentUrl\":\"https:\\\/\\\/cvinoticias.com\\\/wp-content\\\/uploads\\\/2023\\\/04\\\/cropped-cropped-cropped-cropped-cropped-3-1.png\",\"width\":95,\"height\":122,\"caption\":\"CVI NOTICIAS\"},\"image\":{\"@id\":\"https:\\\/\\\/cvinoticias.com\\\/v3\\\/#\\\/schema\\\/logo\\\/image\\\/\"},\"sameAs\":[\"https:\\\/\\\/www.facebook.com\\\/cvinoticias\",\"https:\\\/\\\/www.instagram.com\\\/cvinoticias\\\/\",\"https:\\\/\\\/www.youtube.com\\\/@CVINOTICIAS\"]},{\"@type\":\"Person\",\"@id\":\"https:\\\/\\\/cvinoticias.com\\\/v3\\\/#\\\/schema\\\/person\\\/2db77e3c6bc03c538495d7b2b8be9b66\",\"name\":\"f1000024\",\"image\":{\"@type\":\"ImageObject\",\"inLanguage\":\"es\",\"@id\":\"https:\\\/\\\/secure.gravatar.com\\\/avatar\\\/d4fe7459cfc51ff5129ce1a732bbef5928568b8092d412ef95611616376bbeed?s=96&d=mm&r=g\",\"url\":\"https:\\\/\\\/secure.gravatar.com\\\/avatar\\\/d4fe7459cfc51ff5129ce1a732bbef5928568b8092d412ef95611616376bbeed?s=96&d=mm&r=g\",\"contentUrl\":\"https:\\\/\\\/secure.gravatar.com\\\/avatar\\\/d4fe7459cfc51ff5129ce1a732bbef5928568b8092d412ef95611616376bbeed?s=96&d=mm&r=g\",\"caption\":\"f1000024\"},\"url\":\"https:\\\/\\\/cvinoticias.com\\\/v3\\\/author\\\/f1000024\\\/\"}]}<\/script>\n<!-- \/ Yoast SEO plugin. -->","yoast_head_json":{"title":"La nueva reina de la Fiesta Nacional del Inmigrante es de la Colectividad Suiza | CVI NOTICIAS","robots":{"index":"index","follow":"follow","max-snippet":"max-snippet:-1","max-image-preview":"max-image-preview:large","max-video-preview":"max-video-preview:-1"},"canonical":"https:\/\/cvinoticias.com\/v3\/la-nueva-reina-de-la-fiesta-nacional-del-inmigrante-es-de-la-colectividad-suiza\/","og_locale":"es_ES","og_type":"article","og_title":"La nueva reina de la Fiesta Nacional del Inmigrante es de la Colectividad Suiza | CVI NOTICIAS","og_description":"Toda la espera y la expectativa de la Fiesta Nacional del Inmigrante se resumen en la Noche de la Coronaci\u00f3n de la Reina y las Princesas. Como cada a\u00f1o, se pudo sentir durante toda la noche, pero en esta edici\u00f3n fue todo muy especial porque se volvi\u00f3 al lleno total del anfiteatro mayor, como en [&hellip;]","og_url":"https:\/\/cvinoticias.com\/v3\/la-nueva-reina-de-la-fiesta-nacional-del-inmigrante-es-de-la-colectividad-suiza\/","og_site_name":"CVI NOTICIAS","article_publisher":"https:\/\/www.facebook.com\/cvinoticias","article_published_time":"2022-09-08T13:27:05+00:00","og_image":[{"width":800,"height":533,"url":"https:\/\/cvinoticias.com\/wp-content\/uploads\/2022\/09\/La-nueva-reina-de-la-2.jpg","type":"image\/jpeg"}],"author":"f1000024","twitter_card":"summary_large_image","twitter_misc":{"Escrito por":"f1000024","Tiempo de lectura":"4 minutos"},"schema":{"@context":"https:\/\/schema.org","@graph":[{"@type":"Article","@id":"https:\/\/cvinoticias.com\/v3\/la-nueva-reina-de-la-fiesta-nacional-del-inmigrante-es-de-la-colectividad-suiza\/#article","isPartOf":{"@id":"https:\/\/cvinoticias.com\/v3\/la-nueva-reina-de-la-fiesta-nacional-del-inmigrante-es-de-la-colectividad-suiza\/"},"author":{"name":"f1000024","@id":"https:\/\/cvinoticias.com\/v3\/#\/schema\/person\/2db77e3c6bc03c538495d7b2b8be9b66"},"headline":"La nueva reina de la Fiesta Nacional del Inmigrante es de la Colectividad Suiza","datePublished":"2022-09-08T13:27:05+00:00","mainEntityOfPage":{"@id":"https:\/\/cvinoticias.com\/v3\/la-nueva-reina-de-la-fiesta-nacional-del-inmigrante-es-de-la-colectividad-suiza\/"},"wordCount":724,"commentCount":0,"publisher":{"@id":"https:\/\/cvinoticias.com\/v3\/#organization"},"image":{"@id":"https:\/\/cvinoticias.com\/v3\/la-nueva-reina-de-la-fiesta-nacional-del-inmigrante-es-de-la-colectividad-suiza\/#primaryimage"},"thumbnailUrl":"https:\/\/cvinoticias.com\/wp-content\/uploads\/2022\/09\/La-nueva-reina-de-la-2.jpg","articleSection":["Provinciales"],"inLanguage":"es","potentialAction":[{"@type":"CommentAction","name":"Comment","target":["https:\/\/cvinoticias.com\/v3\/la-nueva-reina-de-la-fiesta-nacional-del-inmigrante-es-de-la-colectividad-suiza\/#respond"]}]},{"@type":"WebPage","@id":"https:\/\/cvinoticias.com\/v3\/la-nueva-reina-de-la-fiesta-nacional-del-inmigrante-es-de-la-colectividad-suiza\/","url":"https:\/\/cvinoticias.com\/v3\/la-nueva-reina-de-la-fiesta-nacional-del-inmigrante-es-de-la-colectividad-suiza\/","name":"La nueva reina de la Fiesta Nacional del Inmigrante es de la Colectividad Suiza | CVI NOTICIAS","isPartOf":{"@id":"https:\/\/cvinoticias.com\/v3\/#website"},"primaryImageOfPage":{"@id":"https:\/\/cvinoticias.com\/v3\/la-nueva-reina-de-la-fiesta-nacional-del-inmigrante-es-de-la-colectividad-suiza\/#primaryimage"},"image":{"@id":"https:\/\/cvinoticias.com\/v3\/la-nueva-reina-de-la-fiesta-nacional-del-inmigrante-es-de-la-colectividad-suiza\/#primaryimage"},"thumbnailUrl":"https:\/\/cvinoticias.com\/wp-content\/uploads\/2022\/09\/La-nueva-reina-de-la-2.jpg","datePublished":"2022-09-08T13:27:05+00:00","breadcrumb":{"@id":"https:\/\/cvinoticias.com\/v3\/la-nueva-reina-de-la-fiesta-nacional-del-inmigrante-es-de-la-colectividad-suiza\/#breadcrumb"},"inLanguage":"es","potentialAction":[{"@type":"ReadAction","target":["https:\/\/cvinoticias.com\/v3\/la-nueva-reina-de-la-fiesta-nacional-del-inmigrante-es-de-la-colectividad-suiza\/"]}]},{"@type":"ImageObject","inLanguage":"es","@id":"https:\/\/cvinoticias.com\/v3\/la-nueva-reina-de-la-fiesta-nacional-del-inmigrante-es-de-la-colectividad-suiza\/#primaryimage","url":"https:\/\/cvinoticias.com\/wp-content\/uploads\/2022\/09\/La-nueva-reina-de-la-2.jpg","contentUrl":"https:\/\/cvinoticias.com\/wp-content\/uploads\/2022\/09\/La-nueva-reina-de-la-2.jpg","width":800,"height":533},{"@type":"BreadcrumbList","@id":"https:\/\/cvinoticias.com\/v3\/la-nueva-reina-de-la-fiesta-nacional-del-inmigrante-es-de-la-colectividad-suiza\/#breadcrumb","itemListElement":[{"@type":"ListItem","position":1,"name":"Portada","item":"https:\/\/cvinoticias.com\/v3\/"},{"@type":"ListItem","position":2,"name":"La nueva reina de la Fiesta Nacional del Inmigrante es de la Colectividad Suiza"}]},{"@type":"WebSite","@id":"https:\/\/cvinoticias.com\/v3\/#website","url":"https:\/\/cvinoticias.com\/v3\/","name":"CVI NOTICIAS","description":"","publisher":{"@id":"https:\/\/cvinoticias.com\/v3\/#organization"},"alternateName":"CVI","potentialAction":[{"@type":"SearchAction","target":{"@type":"EntryPoint","urlTemplate":"https:\/\/cvinoticias.com\/v3\/?s={search_term_string}"},"query-input":{"@type":"PropertyValueSpecification","valueRequired":true,"valueName":"search_term_string"}}],"inLanguage":"es"},{"@type":"Organization","@id":"https:\/\/cvinoticias.com\/v3\/#organization","name":"CVI NOTICIAS","url":"https:\/\/cvinoticias.com\/v3\/","logo":{"@type":"ImageObject","inLanguage":"es","@id":"https:\/\/cvinoticias.com\/v3\/#\/schema\/logo\/image\/","url":"https:\/\/cvinoticias.com\/wp-content\/uploads\/2023\/04\/cropped-cropped-cropped-cropped-cropped-3-1.png","contentUrl":"https:\/\/cvinoticias.com\/wp-content\/uploads\/2023\/04\/cropped-cropped-cropped-cropped-cropped-3-1.png","width":95,"height":122,"caption":"CVI NOTICIAS"},"image":{"@id":"https:\/\/cvinoticias.com\/v3\/#\/schema\/logo\/image\/"},"sameAs":["https:\/\/www.facebook.com\/cvinoticias","https:\/\/www.instagram.com\/cvinoticias\/","https:\/\/www.youtube.com\/@CVINOTICIAS"]},{"@type":"Person","@id":"https:\/\/cvinoticias.com\/v3\/#\/schema\/person\/2db77e3c6bc03c538495d7b2b8be9b66","name":"f1000024","image":{"@type":"ImageObject","inLanguage":"es","@id":"https:\/\/secure.gravatar.com\/avatar\/d4fe7459cfc51ff5129ce1a732bbef5928568b8092d412ef95611616376bbeed?s=96&d=mm&r=g","url":"https:\/\/secure.gravatar.com\/avatar\/d4fe7459cfc51ff5129ce1a732bbef5928568b8092d412ef95611616376bbeed?s=96&d=mm&r=g","contentUrl":"https:\/\/secure.gravatar.com\/avatar\/d4fe7459cfc51ff5129ce1a732bbef5928568b8092d412ef95611616376bbeed?s=96&d=mm&r=g","caption":"f1000024"},"url":"https:\/\/cvinoticias.com\/v3\/author\/f1000024\/"}]}},"_links":{"self":[{"href":"https:\/\/cvinoticias.com\/v3\/wp-json\/wp\/v2\/posts\/19045","targetHints":{"allow":["GET"]}}],"collection":[{"href":"https:\/\/cvinoticias.com\/v3\/wp-json\/wp\/v2\/posts"}],"about":[{"href":"https:\/\/cvinoticias.com\/v3\/wp-json\/wp\/v2\/types\/post"}],"author":[{"embeddable":true,"href":"https:\/\/cvinoticias.com\/v3\/wp-json\/wp\/v2\/users\/2"}],"replies":[{"embeddable":true,"href":"https:\/\/cvinoticias.com\/v3\/wp-json\/wp\/v2\/comments?post=19045"}],"version-history":[{"count":1,"href":"https:\/\/cvinoticias.com\/v3\/wp-json\/wp\/v2\/posts\/19045\/revisions"}],"predecessor-version":[{"id":19047,"href":"https:\/\/cvinoticias.com\/v3\/wp-json\/wp\/v2\/posts\/19045\/revisions\/19047"}],"wp:featuredmedia":[{"embeddable":true,"href":"https:\/\/cvinoticias.com\/v3\/wp-json\/wp\/v2\/media\/19046"}],"wp:attachment":[{"href":"https:\/\/cvinoticias.com\/v3\/wp-json\/wp\/v2\/media?parent=19045"}],"wp:term":[{"taxonomy":"category","embeddable":true,"href":"https:\/\/cvinoticias.com\/v3\/wp-json\/wp\/v2\/categories?post=19045"},{"taxonomy":"post_tag","embeddable":true,"href":"https:\/\/cvinoticias.com\/v3\/wp-json\/wp\/v2\/tags?post=19045"}],"curies":[{"name":"wp","href":"https:\/\/api.w.org\/{rel}","templated":true}]}}