{"id":19029,"date":"2022-09-08T02:02:12","date_gmt":"2022-09-08T02:02:12","guid":{"rendered":"https:\/\/cvinoticias.com\/v3\/?p=19029"},"modified":"2022-09-08T02:02:12","modified_gmt":"2022-09-08T02:02:12","slug":"garupa-herrera-ahuad-visito-el-predio-donde-construiran-un-hogar-de-ancianos-para-sacerdotes","status":"publish","type":"post","link":"https:\/\/cvinoticias.com\/v3\/garupa-herrera-ahuad-visito-el-predio-donde-construiran-un-hogar-de-ancianos-para-sacerdotes\/","title":{"rendered":"Garup\u00e1: Herrera Ahuad visit\u00f3 el predio donde construir\u00e1n un Hogar de ancianos para sacerdotes"},"content":{"rendered":"\n<p><strong><em>El Gobernador visit\u00f3 el predio donde se levantar\u00e1 un hogar de ancianos para sacerdotes en Garup\u00e1. Se trata de un nuevo espacio que garantizar\u00e1 una Casa de Descanso para sacerdotes y hermanos consagrados de la provincia. Herrera Ahuad afirm\u00f3 que acompa\u00f1ar\u00e1 la iniciativa en nombre del Estado provincial.<\/em><\/strong><\/p>\n\n\n\n<p>En horas de la tarde, el gobernador Oscar Herrera Ahuad visit\u00f3 el predio donde en los pr\u00f3ximos d\u00edas se iniciar\u00e1 la construcci\u00f3n del \u201cHogar Nuestra Se\u00f1ora de F\u00e1tima\u201d destinado a adultos mayores de la Congregaci\u00f3n del Verbo Divino, Provincia Argentina Este. All\u00ed, descubri\u00f3 una placa, junto a miembros del clero y laicos, en la zona proyectada para la obra. Tambi\u00e9n, dialog\u00f3 con los religiosos retirados y comparti\u00f3 una merienda en el predio de la Parroquia Nuestra Se\u00f1ora de F\u00e1tima.<\/p>\n\n\n\n<p>El mandatario coment\u00f3 que esta obra \u00abtiene una cuesti\u00f3n que es muy fuerte, que es la protecci\u00f3n del ser humano\u00bb. Dirigi\u00e9ndose a los sacerdotes les pidi\u00f3 oraci\u00f3n para las v\u00edctimas del Tornado de Santa Rosa en San Pedro, ya que hoy se cumplen 13 a\u00f1os de aquel tr\u00e1gico evento. Con el mismo \u00e9nfasis, dio cuenta que esos a\u00f1os fueron coincidentes con sus inicios en la pol\u00edtica, y que siendo pediatra busc\u00f3 aportar a mejorar los \u00edndices de mortalidad infantil, y por ende disminuir las necesidades b\u00e1sicas insatisfechas de la pir\u00e1mide poblacional. \u00abY vemos que Misiones ha desarrollado una expectativa de vida hasta los 75 y 77 a\u00f1os hoy. En 10 a\u00f1os se ha incrementado la expectativa de vida\u00bb, asegur\u00f3.<\/p>\n\n\n\n<figure class=\"wp-block-image size-large\"><a href=\"https:\/\/cvinoticias.com\/wp-content\/uploads\/2022\/09\/FB_IMG_1662602161297.jpg\"><img decoding=\"async\" width=\"1024\" height=\"683\" data-src=\"https:\/\/cvinoticias.com\/wp-content\/uploads\/2022\/09\/FB_IMG_1662602161297-1024x683.jpg\" alt=\"\" class=\"wp-image-19030 lazyload\" data-srcset=\"https:\/\/cvinoticias.com\/wp-content\/uploads\/2022\/09\/FB_IMG_1662602161297-1024x683.jpg 1024w, https:\/\/cvinoticias.com\/wp-content\/uploads\/2022\/09\/FB_IMG_1662602161297-300x200.jpg 300w, https:\/\/cvinoticias.com\/wp-content\/uploads\/2022\/09\/FB_IMG_1662602161297-768x512.jpg 768w, https:\/\/cvinoticias.com\/wp-content\/uploads\/2022\/09\/FB_IMG_1662602161297.jpg 1079w\" data-sizes=\"(max-width: 1024px) 100vw, 1024px\" src=\"data:image\/svg+xml;base64,PHN2ZyB3aWR0aD0iMSIgaGVpZ2h0PSIxIiB4bWxucz0iaHR0cDovL3d3dy53My5vcmcvMjAwMC9zdmciPjwvc3ZnPg==\" style=\"--smush-placeholder-width: 1024px; --smush-placeholder-aspect-ratio: 1024\/683;\" \/><\/a><\/figure>\n\n\n\n<p>En esa l\u00ednea, se\u00f1al\u00f3 que la provincia todav\u00eda no est\u00e1 del todo preparada con espacios que contengan a personas de la tercera edad. \u00abReci\u00e9n en estos \u00faltimos dos o tres a\u00f1os, gracias a la solidaridad, al voluntarismo de algunas familias, con un gran esp\u00edritu, comenzamos a tener lugares donde nuestros adultos mayores pueden pasar sus d\u00edas\u00bb. Ante este panorama, expres\u00f3 que desde el Estado se prestar\u00e1 ayuda y se acompa\u00f1ar\u00e1 para que en este lugar en F\u00e1tima, los adultos mayores tengan un espacio \u00abque transmita paz, sabidur\u00eda, cari\u00f1o, y afectos. Y qu\u00e9 mejor que este lugar para que nuestros adultos mayores puedan estar ese tiempo, que no es un tiempo de despedida. Eso hay que entenderlo bien, estos lugares no son dep\u00f3sitos de gente\u00bb, aclar\u00f3, dando cuenta que los hogares responden a los buenos valores de la sociedad y de las congregaciones. As\u00ed, expres\u00f3, dirigi\u00e9ndose a los religiosos, \u00abvengo a agradecer la confianza que tuvieron con nosotros, con el Gobierno provincial, para ayudarlos y acompa\u00f1arlos en este proyecto tan noble\u00bb.<\/p>\n\n\n\n<p>Asimismo, inform\u00f3 que las obras del hogar se iniciaran ma\u00f1ana con el compromiso de ayuda y acompa\u00f1amiento del Gobierno provincial. Mientras, el ministro Coordinador de Gabinete, Ricardo Wellbach agradeci\u00f3 el ejemplo de hermandad que se respira en el predio de F\u00e1tima, un lugar de encuentro de los misioneros.<br>Entre los asistentes al evento estuvieron el padre de la SVD H\u00e9ctor Maldonado, el padre Juan Rajim\u00f3n y sacerdotes de la Congregaci\u00f3n del Verbo Divino, junto a los responsables de la obra y su dise\u00f1o arquitect\u00f3nico.<\/p>\n\n\n\n<figure class=\"wp-block-image size-large\"><a href=\"https:\/\/cvinoticias.com\/wp-content\/uploads\/2022\/09\/FB_IMG_1662602167258.jpg\"><img decoding=\"async\" width=\"1024\" height=\"683\" data-src=\"https:\/\/cvinoticias.com\/wp-content\/uploads\/2022\/09\/FB_IMG_1662602167258-1024x683.jpg\" alt=\"\" class=\"wp-image-19031 lazyload\" data-srcset=\"https:\/\/cvinoticias.com\/wp-content\/uploads\/2022\/09\/FB_IMG_1662602167258-1024x683.jpg 1024w, https:\/\/cvinoticias.com\/wp-content\/uploads\/2022\/09\/FB_IMG_1662602167258-300x200.jpg 300w, https:\/\/cvinoticias.com\/wp-content\/uploads\/2022\/09\/FB_IMG_1662602167258-768x512.jpg 768w, https:\/\/cvinoticias.com\/wp-content\/uploads\/2022\/09\/FB_IMG_1662602167258.jpg 1079w\" data-sizes=\"(max-width: 1024px) 100vw, 1024px\" src=\"data:image\/svg+xml;base64,PHN2ZyB3aWR0aD0iMSIgaGVpZ2h0PSIxIiB4bWxucz0iaHR0cDovL3d3dy53My5vcmcvMjAwMC9zdmciPjwvc3ZnPg==\" style=\"--smush-placeholder-width: 1024px; --smush-placeholder-aspect-ratio: 1024\/683;\" \/><\/a><\/figure>\n\n\n\n<p>EL HOGAR PROYECTADO<\/p>\n\n\n\n<p>Se trata de un nuevo espacio que dar\u00e1 respuesta a una necesidad emergente para brindar un entorno agradable y c\u00f3modo a los ancianos, ya que nuestra provincia hay muchos sacerdotes activos mayores de 55 a\u00f1os aproximadamente, por lo que en unos 12 a\u00f1os ser\u00edan mayores de 70 a\u00f1os y podr\u00e1n contar con este espacio alejado de las molestias e inconvenientes que se presentan a diario en la actual residencia.<\/p>\n\n\n\n<p>El lugar proyectado va a contar con una sala de terapia exclusiva y se va a invitar a otros cohermanos, dentro y fuera de la congregaci\u00f3n; que requieran de los servicios que se ofrecer\u00e1n en el nuevo Hogar, para que formen parte de esta \u201cCasa de Descanso\u201d. Se proyecta que tenga 20 habitaciones para contener a las personas en situaci\u00f3n de ancianidad.<\/p>\n\n\n\n<figure class=\"wp-block-image size-large\"><a href=\"https:\/\/cvinoticias.com\/wp-content\/uploads\/2022\/09\/FB_IMG_1662602121660.jpg\"><img decoding=\"async\" width=\"1024\" height=\"683\" data-src=\"https:\/\/cvinoticias.com\/wp-content\/uploads\/2022\/09\/FB_IMG_1662602121660-1024x683.jpg\" alt=\"\" class=\"wp-image-19032 lazyload\" data-srcset=\"https:\/\/cvinoticias.com\/wp-content\/uploads\/2022\/09\/FB_IMG_1662602121660-1024x683.jpg 1024w, https:\/\/cvinoticias.com\/wp-content\/uploads\/2022\/09\/FB_IMG_1662602121660-300x200.jpg 300w, https:\/\/cvinoticias.com\/wp-content\/uploads\/2022\/09\/FB_IMG_1662602121660-768x512.jpg 768w, https:\/\/cvinoticias.com\/wp-content\/uploads\/2022\/09\/FB_IMG_1662602121660.jpg 1079w\" data-sizes=\"(max-width: 1024px) 100vw, 1024px\" src=\"data:image\/svg+xml;base64,PHN2ZyB3aWR0aD0iMSIgaGVpZ2h0PSIxIiB4bWxucz0iaHR0cDovL3d3dy53My5vcmcvMjAwMC9zdmciPjwvc3ZnPg==\" style=\"--smush-placeholder-width: 1024px; --smush-placeholder-aspect-ratio: 1024\/683;\" \/><\/a><\/figure>\n","protected":false},"excerpt":{"rendered":"<p>El Gobernador visit\u00f3 el predio donde se levantar\u00e1 un hogar de ancianos para sacerdotes en Garup\u00e1. Se trata de un nuevo espacio que garantizar\u00e1 una Casa de Descanso para sacerdotes y hermanos consagrados de la provincia. Herrera Ahuad afirm\u00f3 que acompa\u00f1ar\u00e1 la iniciativa en nombre del Estado provincial. En horas de la tarde, el gobernador [&hellip;]<\/p>\n","protected":false},"author":2,"featured_media":19033,"comment_status":"open","ping_status":"open","sticky":false,"template":"","format":"standard","meta":{"footnotes":""},"categories":[43],"tags":[],"class_list":["post-19029","post","type-post","status-publish","format-standard","has-post-thumbnail","hentry","category-provinciales"],"yoast_head":"<!-- This site is optimized with the Yoast SEO plugin v27.5 - https:\/\/yoast.com\/product\/yoast-seo-wordpress\/ -->\n<title>Garup\u00e1: Herrera Ahuad visit\u00f3 el predio donde construir\u00e1n un Hogar de ancianos para sacerdotes | CVI NOTICIAS<\/title>\n<meta name=\"robots\" content=\"index, follow, max-snippet:-1, max-image-preview:large, max-video-preview:-1\" \/>\n<link rel=\"canonical\" href=\"https:\/\/cvinoticias.com\/v3\/garupa-herrera-ahuad-visito-el-predio-donde-construiran-un-hogar-de-ancianos-para-sacerdotes\/\" \/>\n<meta property=\"og:locale\" content=\"es_ES\" \/>\n<meta property=\"og:type\" content=\"article\" \/>\n<meta property=\"og:title\" content=\"Garup\u00e1: Herrera Ahuad visit\u00f3 el predio donde construir\u00e1n un Hogar de ancianos para sacerdotes | CVI NOTICIAS\" \/>\n<meta property=\"og:description\" content=\"El Gobernador visit\u00f3 el predio donde se levantar\u00e1 un hogar de ancianos para sacerdotes en Garup\u00e1. Se trata de un nuevo espacio que garantizar\u00e1 una Casa de Descanso para sacerdotes y hermanos consagrados de la provincia. Herrera Ahuad afirm\u00f3 que acompa\u00f1ar\u00e1 la iniciativa en nombre del Estado provincial. En horas de la tarde, el gobernador [&hellip;]\" \/>\n<meta property=\"og:url\" content=\"https:\/\/cvinoticias.com\/v3\/garupa-herrera-ahuad-visito-el-predio-donde-construiran-un-hogar-de-ancianos-para-sacerdotes\/\" \/>\n<meta property=\"og:site_name\" content=\"CVI NOTICIAS\" \/>\n<meta property=\"article:publisher\" content=\"https:\/\/www.facebook.com\/cvinoticias\" \/>\n<meta property=\"article:published_time\" content=\"2022-09-08T02:02:12+00:00\" \/>\n<meta property=\"og:image\" content=\"https:\/\/cvinoticias.com\/wp-content\/uploads\/2022\/09\/FB_IMG_1662602157330.jpg\" \/>\n\t<meta property=\"og:image:width\" content=\"1079\" \/>\n\t<meta property=\"og:image:height\" content=\"720\" \/>\n\t<meta property=\"og:image:type\" content=\"image\/jpeg\" \/>\n<meta name=\"author\" content=\"f1000024\" \/>\n<meta name=\"twitter:card\" content=\"summary_large_image\" \/>\n<meta name=\"twitter:label1\" content=\"Escrito por\" \/>\n\t<meta name=\"twitter:data1\" content=\"f1000024\" \/>\n\t<meta name=\"twitter:label2\" content=\"Tiempo de lectura\" \/>\n\t<meta name=\"twitter:data2\" content=\"3 minutos\" \/>\n<script type=\"application\/ld+json\" class=\"yoast-schema-graph\">{\"@context\":\"https:\\\/\\\/schema.org\",\"@graph\":[{\"@type\":\"Article\",\"@id\":\"https:\\\/\\\/cvinoticias.com\\\/v3\\\/garupa-herrera-ahuad-visito-el-predio-donde-construiran-un-hogar-de-ancianos-para-sacerdotes\\\/#article\",\"isPartOf\":{\"@id\":\"https:\\\/\\\/cvinoticias.com\\\/v3\\\/garupa-herrera-ahuad-visito-el-predio-donde-construiran-un-hogar-de-ancianos-para-sacerdotes\\\/\"},\"author\":{\"name\":\"f1000024\",\"@id\":\"https:\\\/\\\/cvinoticias.com\\\/v3\\\/#\\\/schema\\\/person\\\/2db77e3c6bc03c538495d7b2b8be9b66\"},\"headline\":\"Garup\u00e1: Herrera Ahuad visit\u00f3 el predio donde construir\u00e1n un Hogar de ancianos para sacerdotes\",\"datePublished\":\"2022-09-08T02:02:12+00:00\",\"mainEntityOfPage\":{\"@id\":\"https:\\\/\\\/cvinoticias.com\\\/v3\\\/garupa-herrera-ahuad-visito-el-predio-donde-construiran-un-hogar-de-ancianos-para-sacerdotes\\\/\"},\"wordCount\":695,\"commentCount\":0,\"publisher\":{\"@id\":\"https:\\\/\\\/cvinoticias.com\\\/v3\\\/#organization\"},\"image\":{\"@id\":\"https:\\\/\\\/cvinoticias.com\\\/v3\\\/garupa-herrera-ahuad-visito-el-predio-donde-construiran-un-hogar-de-ancianos-para-sacerdotes\\\/#primaryimage\"},\"thumbnailUrl\":\"https:\\\/\\\/cvinoticias.com\\\/wp-content\\\/uploads\\\/2022\\\/09\\\/FB_IMG_1662602157330.jpg\",\"articleSection\":[\"Provinciales\"],\"inLanguage\":\"es\",\"potentialAction\":[{\"@type\":\"CommentAction\",\"name\":\"Comment\",\"target\":[\"https:\\\/\\\/cvinoticias.com\\\/v3\\\/garupa-herrera-ahuad-visito-el-predio-donde-construiran-un-hogar-de-ancianos-para-sacerdotes\\\/#respond\"]}]},{\"@type\":\"WebPage\",\"@id\":\"https:\\\/\\\/cvinoticias.com\\\/v3\\\/garupa-herrera-ahuad-visito-el-predio-donde-construiran-un-hogar-de-ancianos-para-sacerdotes\\\/\",\"url\":\"https:\\\/\\\/cvinoticias.com\\\/v3\\\/garupa-herrera-ahuad-visito-el-predio-donde-construiran-un-hogar-de-ancianos-para-sacerdotes\\\/\",\"name\":\"Garup\u00e1: Herrera Ahuad visit\u00f3 el predio donde construir\u00e1n un Hogar de ancianos para sacerdotes | CVI NOTICIAS\",\"isPartOf\":{\"@id\":\"https:\\\/\\\/cvinoticias.com\\\/v3\\\/#website\"},\"primaryImageOfPage\":{\"@id\":\"https:\\\/\\\/cvinoticias.com\\\/v3\\\/garupa-herrera-ahuad-visito-el-predio-donde-construiran-un-hogar-de-ancianos-para-sacerdotes\\\/#primaryimage\"},\"image\":{\"@id\":\"https:\\\/\\\/cvinoticias.com\\\/v3\\\/garupa-herrera-ahuad-visito-el-predio-donde-construiran-un-hogar-de-ancianos-para-sacerdotes\\\/#primaryimage\"},\"thumbnailUrl\":\"https:\\\/\\\/cvinoticias.com\\\/wp-content\\\/uploads\\\/2022\\\/09\\\/FB_IMG_1662602157330.jpg\",\"datePublished\":\"2022-09-08T02:02:12+00:00\",\"breadcrumb\":{\"@id\":\"https:\\\/\\\/cvinoticias.com\\\/v3\\\/garupa-herrera-ahuad-visito-el-predio-donde-construiran-un-hogar-de-ancianos-para-sacerdotes\\\/#breadcrumb\"},\"inLanguage\":\"es\",\"potentialAction\":[{\"@type\":\"ReadAction\",\"target\":[\"https:\\\/\\\/cvinoticias.com\\\/v3\\\/garupa-herrera-ahuad-visito-el-predio-donde-construiran-un-hogar-de-ancianos-para-sacerdotes\\\/\"]}]},{\"@type\":\"ImageObject\",\"inLanguage\":\"es\",\"@id\":\"https:\\\/\\\/cvinoticias.com\\\/v3\\\/garupa-herrera-ahuad-visito-el-predio-donde-construiran-un-hogar-de-ancianos-para-sacerdotes\\\/#primaryimage\",\"url\":\"https:\\\/\\\/cvinoticias.com\\\/wp-content\\\/uploads\\\/2022\\\/09\\\/FB_IMG_1662602157330.jpg\",\"contentUrl\":\"https:\\\/\\\/cvinoticias.com\\\/wp-content\\\/uploads\\\/2022\\\/09\\\/FB_IMG_1662602157330.jpg\",\"width\":1079,\"height\":720},{\"@type\":\"BreadcrumbList\",\"@id\":\"https:\\\/\\\/cvinoticias.com\\\/v3\\\/garupa-herrera-ahuad-visito-el-predio-donde-construiran-un-hogar-de-ancianos-para-sacerdotes\\\/#breadcrumb\",\"itemListElement\":[{\"@type\":\"ListItem\",\"position\":1,\"name\":\"Portada\",\"item\":\"https:\\\/\\\/cvinoticias.com\\\/v3\\\/\"},{\"@type\":\"ListItem\",\"position\":2,\"name\":\"Garup\u00e1: Herrera Ahuad visit\u00f3 el predio donde construir\u00e1n un Hogar de ancianos para sacerdotes\"}]},{\"@type\":\"WebSite\",\"@id\":\"https:\\\/\\\/cvinoticias.com\\\/v3\\\/#website\",\"url\":\"https:\\\/\\\/cvinoticias.com\\\/v3\\\/\",\"name\":\"CVI NOTICIAS\",\"description\":\"\",\"publisher\":{\"@id\":\"https:\\\/\\\/cvinoticias.com\\\/v3\\\/#organization\"},\"alternateName\":\"CVI\",\"potentialAction\":[{\"@type\":\"SearchAction\",\"target\":{\"@type\":\"EntryPoint\",\"urlTemplate\":\"https:\\\/\\\/cvinoticias.com\\\/v3\\\/?s={search_term_string}\"},\"query-input\":{\"@type\":\"PropertyValueSpecification\",\"valueRequired\":true,\"valueName\":\"search_term_string\"}}],\"inLanguage\":\"es\"},{\"@type\":\"Organization\",\"@id\":\"https:\\\/\\\/cvinoticias.com\\\/v3\\\/#organization\",\"name\":\"CVI NOTICIAS\",\"url\":\"https:\\\/\\\/cvinoticias.com\\\/v3\\\/\",\"logo\":{\"@type\":\"ImageObject\",\"inLanguage\":\"es\",\"@id\":\"https:\\\/\\\/cvinoticias.com\\\/v3\\\/#\\\/schema\\\/logo\\\/image\\\/\",\"url\":\"https:\\\/\\\/cvinoticias.com\\\/wp-content\\\/uploads\\\/2023\\\/04\\\/cropped-cropped-cropped-cropped-cropped-3-1.png\",\"contentUrl\":\"https:\\\/\\\/cvinoticias.com\\\/wp-content\\\/uploads\\\/2023\\\/04\\\/cropped-cropped-cropped-cropped-cropped-3-1.png\",\"width\":95,\"height\":122,\"caption\":\"CVI NOTICIAS\"},\"image\":{\"@id\":\"https:\\\/\\\/cvinoticias.com\\\/v3\\\/#\\\/schema\\\/logo\\\/image\\\/\"},\"sameAs\":[\"https:\\\/\\\/www.facebook.com\\\/cvinoticias\",\"https:\\\/\\\/www.instagram.com\\\/cvinoticias\\\/\",\"https:\\\/\\\/www.youtube.com\\\/@CVINOTICIAS\"]},{\"@type\":\"Person\",\"@id\":\"https:\\\/\\\/cvinoticias.com\\\/v3\\\/#\\\/schema\\\/person\\\/2db77e3c6bc03c538495d7b2b8be9b66\",\"name\":\"f1000024\",\"image\":{\"@type\":\"ImageObject\",\"inLanguage\":\"es\",\"@id\":\"https:\\\/\\\/secure.gravatar.com\\\/avatar\\\/d4fe7459cfc51ff5129ce1a732bbef5928568b8092d412ef95611616376bbeed?s=96&d=mm&r=g\",\"url\":\"https:\\\/\\\/secure.gravatar.com\\\/avatar\\\/d4fe7459cfc51ff5129ce1a732bbef5928568b8092d412ef95611616376bbeed?s=96&d=mm&r=g\",\"contentUrl\":\"https:\\\/\\\/secure.gravatar.com\\\/avatar\\\/d4fe7459cfc51ff5129ce1a732bbef5928568b8092d412ef95611616376bbeed?s=96&d=mm&r=g\",\"caption\":\"f1000024\"},\"url\":\"https:\\\/\\\/cvinoticias.com\\\/v3\\\/author\\\/f1000024\\\/\"}]}<\/script>\n<!-- \/ Yoast SEO plugin. -->","yoast_head_json":{"title":"Garup\u00e1: Herrera Ahuad visit\u00f3 el predio donde construir\u00e1n un Hogar de ancianos para sacerdotes | CVI NOTICIAS","robots":{"index":"index","follow":"follow","max-snippet":"max-snippet:-1","max-image-preview":"max-image-preview:large","max-video-preview":"max-video-preview:-1"},"canonical":"https:\/\/cvinoticias.com\/v3\/garupa-herrera-ahuad-visito-el-predio-donde-construiran-un-hogar-de-ancianos-para-sacerdotes\/","og_locale":"es_ES","og_type":"article","og_title":"Garup\u00e1: Herrera Ahuad visit\u00f3 el predio donde construir\u00e1n un Hogar de ancianos para sacerdotes | CVI NOTICIAS","og_description":"El Gobernador visit\u00f3 el predio donde se levantar\u00e1 un hogar de ancianos para sacerdotes en Garup\u00e1. Se trata de un nuevo espacio que garantizar\u00e1 una Casa de Descanso para sacerdotes y hermanos consagrados de la provincia. Herrera Ahuad afirm\u00f3 que acompa\u00f1ar\u00e1 la iniciativa en nombre del Estado provincial. En horas de la tarde, el gobernador [&hellip;]","og_url":"https:\/\/cvinoticias.com\/v3\/garupa-herrera-ahuad-visito-el-predio-donde-construiran-un-hogar-de-ancianos-para-sacerdotes\/","og_site_name":"CVI NOTICIAS","article_publisher":"https:\/\/www.facebook.com\/cvinoticias","article_published_time":"2022-09-08T02:02:12+00:00","og_image":[{"width":1079,"height":720,"url":"https:\/\/cvinoticias.com\/wp-content\/uploads\/2022\/09\/FB_IMG_1662602157330.jpg","type":"image\/jpeg"}],"author":"f1000024","twitter_card":"summary_large_image","twitter_misc":{"Escrito por":"f1000024","Tiempo de lectura":"3 minutos"},"schema":{"@context":"https:\/\/schema.org","@graph":[{"@type":"Article","@id":"https:\/\/cvinoticias.com\/v3\/garupa-herrera-ahuad-visito-el-predio-donde-construiran-un-hogar-de-ancianos-para-sacerdotes\/#article","isPartOf":{"@id":"https:\/\/cvinoticias.com\/v3\/garupa-herrera-ahuad-visito-el-predio-donde-construiran-un-hogar-de-ancianos-para-sacerdotes\/"},"author":{"name":"f1000024","@id":"https:\/\/cvinoticias.com\/v3\/#\/schema\/person\/2db77e3c6bc03c538495d7b2b8be9b66"},"headline":"Garup\u00e1: Herrera Ahuad visit\u00f3 el predio donde construir\u00e1n un Hogar de ancianos para sacerdotes","datePublished":"2022-09-08T02:02:12+00:00","mainEntityOfPage":{"@id":"https:\/\/cvinoticias.com\/v3\/garupa-herrera-ahuad-visito-el-predio-donde-construiran-un-hogar-de-ancianos-para-sacerdotes\/"},"wordCount":695,"commentCount":0,"publisher":{"@id":"https:\/\/cvinoticias.com\/v3\/#organization"},"image":{"@id":"https:\/\/cvinoticias.com\/v3\/garupa-herrera-ahuad-visito-el-predio-donde-construiran-un-hogar-de-ancianos-para-sacerdotes\/#primaryimage"},"thumbnailUrl":"https:\/\/cvinoticias.com\/wp-content\/uploads\/2022\/09\/FB_IMG_1662602157330.jpg","articleSection":["Provinciales"],"inLanguage":"es","potentialAction":[{"@type":"CommentAction","name":"Comment","target":["https:\/\/cvinoticias.com\/v3\/garupa-herrera-ahuad-visito-el-predio-donde-construiran-un-hogar-de-ancianos-para-sacerdotes\/#respond"]}]},{"@type":"WebPage","@id":"https:\/\/cvinoticias.com\/v3\/garupa-herrera-ahuad-visito-el-predio-donde-construiran-un-hogar-de-ancianos-para-sacerdotes\/","url":"https:\/\/cvinoticias.com\/v3\/garupa-herrera-ahuad-visito-el-predio-donde-construiran-un-hogar-de-ancianos-para-sacerdotes\/","name":"Garup\u00e1: Herrera Ahuad visit\u00f3 el predio donde construir\u00e1n un Hogar de ancianos para sacerdotes | CVI NOTICIAS","isPartOf":{"@id":"https:\/\/cvinoticias.com\/v3\/#website"},"primaryImageOfPage":{"@id":"https:\/\/cvinoticias.com\/v3\/garupa-herrera-ahuad-visito-el-predio-donde-construiran-un-hogar-de-ancianos-para-sacerdotes\/#primaryimage"},"image":{"@id":"https:\/\/cvinoticias.com\/v3\/garupa-herrera-ahuad-visito-el-predio-donde-construiran-un-hogar-de-ancianos-para-sacerdotes\/#primaryimage"},"thumbnailUrl":"https:\/\/cvinoticias.com\/wp-content\/uploads\/2022\/09\/FB_IMG_1662602157330.jpg","datePublished":"2022-09-08T02:02:12+00:00","breadcrumb":{"@id":"https:\/\/cvinoticias.com\/v3\/garupa-herrera-ahuad-visito-el-predio-donde-construiran-un-hogar-de-ancianos-para-sacerdotes\/#breadcrumb"},"inLanguage":"es","potentialAction":[{"@type":"ReadAction","target":["https:\/\/cvinoticias.com\/v3\/garupa-herrera-ahuad-visito-el-predio-donde-construiran-un-hogar-de-ancianos-para-sacerdotes\/"]}]},{"@type":"ImageObject","inLanguage":"es","@id":"https:\/\/cvinoticias.com\/v3\/garupa-herrera-ahuad-visito-el-predio-donde-construiran-un-hogar-de-ancianos-para-sacerdotes\/#primaryimage","url":"https:\/\/cvinoticias.com\/wp-content\/uploads\/2022\/09\/FB_IMG_1662602157330.jpg","contentUrl":"https:\/\/cvinoticias.com\/wp-content\/uploads\/2022\/09\/FB_IMG_1662602157330.jpg","width":1079,"height":720},{"@type":"BreadcrumbList","@id":"https:\/\/cvinoticias.com\/v3\/garupa-herrera-ahuad-visito-el-predio-donde-construiran-un-hogar-de-ancianos-para-sacerdotes\/#breadcrumb","itemListElement":[{"@type":"ListItem","position":1,"name":"Portada","item":"https:\/\/cvinoticias.com\/v3\/"},{"@type":"ListItem","position":2,"name":"Garup\u00e1: Herrera Ahuad visit\u00f3 el predio donde construir\u00e1n un Hogar de ancianos para sacerdotes"}]},{"@type":"WebSite","@id":"https:\/\/cvinoticias.com\/v3\/#website","url":"https:\/\/cvinoticias.com\/v3\/","name":"CVI NOTICIAS","description":"","publisher":{"@id":"https:\/\/cvinoticias.com\/v3\/#organization"},"alternateName":"CVI","potentialAction":[{"@type":"SearchAction","target":{"@type":"EntryPoint","urlTemplate":"https:\/\/cvinoticias.com\/v3\/?s={search_term_string}"},"query-input":{"@type":"PropertyValueSpecification","valueRequired":true,"valueName":"search_term_string"}}],"inLanguage":"es"},{"@type":"Organization","@id":"https:\/\/cvinoticias.com\/v3\/#organization","name":"CVI NOTICIAS","url":"https:\/\/cvinoticias.com\/v3\/","logo":{"@type":"ImageObject","inLanguage":"es","@id":"https:\/\/cvinoticias.com\/v3\/#\/schema\/logo\/image\/","url":"https:\/\/cvinoticias.com\/wp-content\/uploads\/2023\/04\/cropped-cropped-cropped-cropped-cropped-3-1.png","contentUrl":"https:\/\/cvinoticias.com\/wp-content\/uploads\/2023\/04\/cropped-cropped-cropped-cropped-cropped-3-1.png","width":95,"height":122,"caption":"CVI NOTICIAS"},"image":{"@id":"https:\/\/cvinoticias.com\/v3\/#\/schema\/logo\/image\/"},"sameAs":["https:\/\/www.facebook.com\/cvinoticias","https:\/\/www.instagram.com\/cvinoticias\/","https:\/\/www.youtube.com\/@CVINOTICIAS"]},{"@type":"Person","@id":"https:\/\/cvinoticias.com\/v3\/#\/schema\/person\/2db77e3c6bc03c538495d7b2b8be9b66","name":"f1000024","image":{"@type":"ImageObject","inLanguage":"es","@id":"https:\/\/secure.gravatar.com\/avatar\/d4fe7459cfc51ff5129ce1a732bbef5928568b8092d412ef95611616376bbeed?s=96&d=mm&r=g","url":"https:\/\/secure.gravatar.com\/avatar\/d4fe7459cfc51ff5129ce1a732bbef5928568b8092d412ef95611616376bbeed?s=96&d=mm&r=g","contentUrl":"https:\/\/secure.gravatar.com\/avatar\/d4fe7459cfc51ff5129ce1a732bbef5928568b8092d412ef95611616376bbeed?s=96&d=mm&r=g","caption":"f1000024"},"url":"https:\/\/cvinoticias.com\/v3\/author\/f1000024\/"}]}},"_links":{"self":[{"href":"https:\/\/cvinoticias.com\/v3\/wp-json\/wp\/v2\/posts\/19029","targetHints":{"allow":["GET"]}}],"collection":[{"href":"https:\/\/cvinoticias.com\/v3\/wp-json\/wp\/v2\/posts"}],"about":[{"href":"https:\/\/cvinoticias.com\/v3\/wp-json\/wp\/v2\/types\/post"}],"author":[{"embeddable":true,"href":"https:\/\/cvinoticias.com\/v3\/wp-json\/wp\/v2\/users\/2"}],"replies":[{"embeddable":true,"href":"https:\/\/cvinoticias.com\/v3\/wp-json\/wp\/v2\/comments?post=19029"}],"version-history":[{"count":1,"href":"https:\/\/cvinoticias.com\/v3\/wp-json\/wp\/v2\/posts\/19029\/revisions"}],"predecessor-version":[{"id":19034,"href":"https:\/\/cvinoticias.com\/v3\/wp-json\/wp\/v2\/posts\/19029\/revisions\/19034"}],"wp:featuredmedia":[{"embeddable":true,"href":"https:\/\/cvinoticias.com\/v3\/wp-json\/wp\/v2\/media\/19033"}],"wp:attachment":[{"href":"https:\/\/cvinoticias.com\/v3\/wp-json\/wp\/v2\/media?parent=19029"}],"wp:term":[{"taxonomy":"category","embeddable":true,"href":"https:\/\/cvinoticias.com\/v3\/wp-json\/wp\/v2\/categories?post=19029"},{"taxonomy":"post_tag","embeddable":true,"href":"https:\/\/cvinoticias.com\/v3\/wp-json\/wp\/v2\/tags?post=19029"}],"curies":[{"name":"wp","href":"https:\/\/api.w.org\/{rel}","templated":true}]}}