{"id":19020,"date":"2022-09-07T21:01:03","date_gmt":"2022-09-07T21:01:03","guid":{"rendered":"https:\/\/cvinoticias.com\/v3\/?p=19020"},"modified":"2022-09-07T21:01:03","modified_gmt":"2022-09-07T21:01:03","slug":"un-peaton-murio-al-ser-atropellado-por-una-camioneta-en-la-ruta-nacional-12","status":"publish","type":"post","link":"https:\/\/cvinoticias.com\/v3\/un-peaton-murio-al-ser-atropellado-por-una-camioneta-en-la-ruta-nacional-12\/","title":{"rendered":"Un peat\u00f3n muri\u00f3 al ser atropellado por una camioneta en la Ruta Nacional 12"},"content":{"rendered":"\n<p><strong><em>Esta ma\u00f1ana, un hombre identificado como Leonardo Samudio de 46 a\u00f1os, falleci\u00f3 luego de ser embestido por una camioneta que circulaba por la Ruta N\u00b0 12 a la altura del kil\u00f3metro 1570 de Puerto Mado, en sentido Posadas-Iguaz\u00fa.<\/em><\/strong><\/p>\n\n\n\n<p>De acuerdo a los primeros datos, el siniestro vial se produjo cerca de las 11 horas de hoy, momentos en el que el conductor del veh\u00edculo, no logrando detener su marcha, impact\u00f3 de frente contra el transe\u00fante, quien traspon\u00eda la cinta asf\u00e1ltica y finalmente termin\u00f3 sobre la banquina, sin signos vitales.<\/p>\n\n\n\n<p>En el sitio, la Divisi\u00f3n Polic\u00eda Cient\u00edfica realiz\u00f3 los trabajos t\u00e9cnicos correspondientes, en tanto, el m\u00e9dico policial que examin\u00f3 al fallecido, estableci\u00f3 que la causa del deceso se debi\u00f3 a las fracturas del cr\u00e1neo y de la columna. Por su parte, el Juzgado de Instrucci\u00f3n N.\u00ba 1 de Eldorado, orden\u00f3 que el cuerpo sea entregado a sus familiares, y que al conductor se le notifique la causa.<\/p>\n","protected":false},"excerpt":{"rendered":"<p>Esta ma\u00f1ana, un hombre identificado como Leonardo Samudio de 46 a\u00f1os, falleci\u00f3 luego de ser embestido por una camioneta que circulaba por la Ruta N\u00b0 12 a la altura del kil\u00f3metro 1570 de Puerto Mado, en sentido Posadas-Iguaz\u00fa. De acuerdo a los primeros datos, el siniestro vial se produjo cerca de las 11 horas de [&hellip;]<\/p>\n","protected":false},"author":2,"featured_media":19021,"comment_status":"open","ping_status":"open","sticky":false,"template":"","format":"standard","meta":{"footnotes":""},"categories":[41],"tags":[],"class_list":["post-19020","post","type-post","status-publish","format-standard","has-post-thumbnail","hentry","category-policiales"],"yoast_head":"<!-- This site is optimized with the Yoast SEO plugin v27.5 - https:\/\/yoast.com\/product\/yoast-seo-wordpress\/ -->\n<title>Un peat\u00f3n muri\u00f3 al ser atropellado por una camioneta en la Ruta Nacional 12 | CVI NOTICIAS<\/title>\n<meta name=\"robots\" content=\"index, follow, max-snippet:-1, max-image-preview:large, max-video-preview:-1\" \/>\n<link rel=\"canonical\" href=\"https:\/\/cvinoticias.com\/v3\/un-peaton-murio-al-ser-atropellado-por-una-camioneta-en-la-ruta-nacional-12\/\" \/>\n<meta property=\"og:locale\" content=\"es_ES\" \/>\n<meta property=\"og:type\" content=\"article\" \/>\n<meta property=\"og:title\" content=\"Un peat\u00f3n muri\u00f3 al ser atropellado por una camioneta en la Ruta Nacional 12 | CVI NOTICIAS\" \/>\n<meta property=\"og:description\" content=\"Esta ma\u00f1ana, un hombre identificado como Leonardo Samudio de 46 a\u00f1os, falleci\u00f3 luego de ser embestido por una camioneta que circulaba por la Ruta N\u00b0 12 a la altura del kil\u00f3metro 1570 de Puerto Mado, en sentido Posadas-Iguaz\u00fa. De acuerdo a los primeros datos, el siniestro vial se produjo cerca de las 11 horas de [&hellip;]\" \/>\n<meta property=\"og:url\" content=\"https:\/\/cvinoticias.com\/v3\/un-peaton-murio-al-ser-atropellado-por-una-camioneta-en-la-ruta-nacional-12\/\" \/>\n<meta property=\"og:site_name\" content=\"CVI NOTICIAS\" \/>\n<meta property=\"article:publisher\" content=\"https:\/\/www.facebook.com\/cvinoticias\" \/>\n<meta property=\"article:published_time\" content=\"2022-09-07T21:01:03+00:00\" \/>\n<meta property=\"og:image\" content=\"https:\/\/cvinoticias.com\/wp-content\/uploads\/2022\/09\/IMG-20220907-WA0141.jpg\" \/>\n\t<meta property=\"og:image:width\" content=\"1052\" \/>\n\t<meta property=\"og:image:height\" content=\"900\" \/>\n\t<meta property=\"og:image:type\" content=\"image\/jpeg\" \/>\n<meta name=\"author\" content=\"f1000024\" \/>\n<meta name=\"twitter:card\" content=\"summary_large_image\" \/>\n<meta name=\"twitter:label1\" content=\"Escrito por\" \/>\n\t<meta name=\"twitter:data1\" content=\"f1000024\" \/>\n\t<meta name=\"twitter:label2\" content=\"Tiempo de lectura\" \/>\n\t<meta name=\"twitter:data2\" content=\"1 minuto\" \/>\n<script type=\"application\/ld+json\" class=\"yoast-schema-graph\">{\"@context\":\"https:\\\/\\\/schema.org\",\"@graph\":[{\"@type\":\"Article\",\"@id\":\"https:\\\/\\\/cvinoticias.com\\\/v3\\\/un-peaton-murio-al-ser-atropellado-por-una-camioneta-en-la-ruta-nacional-12\\\/#article\",\"isPartOf\":{\"@id\":\"https:\\\/\\\/cvinoticias.com\\\/v3\\\/un-peaton-murio-al-ser-atropellado-por-una-camioneta-en-la-ruta-nacional-12\\\/\"},\"author\":{\"name\":\"f1000024\",\"@id\":\"https:\\\/\\\/cvinoticias.com\\\/v3\\\/#\\\/schema\\\/person\\\/2db77e3c6bc03c538495d7b2b8be9b66\"},\"headline\":\"Un peat\u00f3n muri\u00f3 al ser atropellado por una camioneta en la Ruta Nacional 12\",\"datePublished\":\"2022-09-07T21:01:03+00:00\",\"mainEntityOfPage\":{\"@id\":\"https:\\\/\\\/cvinoticias.com\\\/v3\\\/un-peaton-murio-al-ser-atropellado-por-una-camioneta-en-la-ruta-nacional-12\\\/\"},\"wordCount\":179,\"commentCount\":0,\"publisher\":{\"@id\":\"https:\\\/\\\/cvinoticias.com\\\/v3\\\/#organization\"},\"image\":{\"@id\":\"https:\\\/\\\/cvinoticias.com\\\/v3\\\/un-peaton-murio-al-ser-atropellado-por-una-camioneta-en-la-ruta-nacional-12\\\/#primaryimage\"},\"thumbnailUrl\":\"https:\\\/\\\/cvinoticias.com\\\/wp-content\\\/uploads\\\/2022\\\/09\\\/IMG-20220907-WA0141.jpg\",\"articleSection\":[\"Policiales\"],\"inLanguage\":\"es\",\"potentialAction\":[{\"@type\":\"CommentAction\",\"name\":\"Comment\",\"target\":[\"https:\\\/\\\/cvinoticias.com\\\/v3\\\/un-peaton-murio-al-ser-atropellado-por-una-camioneta-en-la-ruta-nacional-12\\\/#respond\"]}]},{\"@type\":\"WebPage\",\"@id\":\"https:\\\/\\\/cvinoticias.com\\\/v3\\\/un-peaton-murio-al-ser-atropellado-por-una-camioneta-en-la-ruta-nacional-12\\\/\",\"url\":\"https:\\\/\\\/cvinoticias.com\\\/v3\\\/un-peaton-murio-al-ser-atropellado-por-una-camioneta-en-la-ruta-nacional-12\\\/\",\"name\":\"Un peat\u00f3n muri\u00f3 al ser atropellado por una camioneta en la Ruta Nacional 12 | CVI NOTICIAS\",\"isPartOf\":{\"@id\":\"https:\\\/\\\/cvinoticias.com\\\/v3\\\/#website\"},\"primaryImageOfPage\":{\"@id\":\"https:\\\/\\\/cvinoticias.com\\\/v3\\\/un-peaton-murio-al-ser-atropellado-por-una-camioneta-en-la-ruta-nacional-12\\\/#primaryimage\"},\"image\":{\"@id\":\"https:\\\/\\\/cvinoticias.com\\\/v3\\\/un-peaton-murio-al-ser-atropellado-por-una-camioneta-en-la-ruta-nacional-12\\\/#primaryimage\"},\"thumbnailUrl\":\"https:\\\/\\\/cvinoticias.com\\\/wp-content\\\/uploads\\\/2022\\\/09\\\/IMG-20220907-WA0141.jpg\",\"datePublished\":\"2022-09-07T21:01:03+00:00\",\"breadcrumb\":{\"@id\":\"https:\\\/\\\/cvinoticias.com\\\/v3\\\/un-peaton-murio-al-ser-atropellado-por-una-camioneta-en-la-ruta-nacional-12\\\/#breadcrumb\"},\"inLanguage\":\"es\",\"potentialAction\":[{\"@type\":\"ReadAction\",\"target\":[\"https:\\\/\\\/cvinoticias.com\\\/v3\\\/un-peaton-murio-al-ser-atropellado-por-una-camioneta-en-la-ruta-nacional-12\\\/\"]}]},{\"@type\":\"ImageObject\",\"inLanguage\":\"es\",\"@id\":\"https:\\\/\\\/cvinoticias.com\\\/v3\\\/un-peaton-murio-al-ser-atropellado-por-una-camioneta-en-la-ruta-nacional-12\\\/#primaryimage\",\"url\":\"https:\\\/\\\/cvinoticias.com\\\/wp-content\\\/uploads\\\/2022\\\/09\\\/IMG-20220907-WA0141.jpg\",\"contentUrl\":\"https:\\\/\\\/cvinoticias.com\\\/wp-content\\\/uploads\\\/2022\\\/09\\\/IMG-20220907-WA0141.jpg\",\"width\":1052,\"height\":900},{\"@type\":\"BreadcrumbList\",\"@id\":\"https:\\\/\\\/cvinoticias.com\\\/v3\\\/un-peaton-murio-al-ser-atropellado-por-una-camioneta-en-la-ruta-nacional-12\\\/#breadcrumb\",\"itemListElement\":[{\"@type\":\"ListItem\",\"position\":1,\"name\":\"Portada\",\"item\":\"https:\\\/\\\/cvinoticias.com\\\/v3\\\/\"},{\"@type\":\"ListItem\",\"position\":2,\"name\":\"Un peat\u00f3n muri\u00f3 al ser atropellado por una camioneta en la Ruta Nacional 12\"}]},{\"@type\":\"WebSite\",\"@id\":\"https:\\\/\\\/cvinoticias.com\\\/v3\\\/#website\",\"url\":\"https:\\\/\\\/cvinoticias.com\\\/v3\\\/\",\"name\":\"CVI NOTICIAS\",\"description\":\"\",\"publisher\":{\"@id\":\"https:\\\/\\\/cvinoticias.com\\\/v3\\\/#organization\"},\"alternateName\":\"CVI\",\"potentialAction\":[{\"@type\":\"SearchAction\",\"target\":{\"@type\":\"EntryPoint\",\"urlTemplate\":\"https:\\\/\\\/cvinoticias.com\\\/v3\\\/?s={search_term_string}\"},\"query-input\":{\"@type\":\"PropertyValueSpecification\",\"valueRequired\":true,\"valueName\":\"search_term_string\"}}],\"inLanguage\":\"es\"},{\"@type\":\"Organization\",\"@id\":\"https:\\\/\\\/cvinoticias.com\\\/v3\\\/#organization\",\"name\":\"CVI NOTICIAS\",\"url\":\"https:\\\/\\\/cvinoticias.com\\\/v3\\\/\",\"logo\":{\"@type\":\"ImageObject\",\"inLanguage\":\"es\",\"@id\":\"https:\\\/\\\/cvinoticias.com\\\/v3\\\/#\\\/schema\\\/logo\\\/image\\\/\",\"url\":\"https:\\\/\\\/cvinoticias.com\\\/wp-content\\\/uploads\\\/2023\\\/04\\\/cropped-cropped-cropped-cropped-cropped-3-1.png\",\"contentUrl\":\"https:\\\/\\\/cvinoticias.com\\\/wp-content\\\/uploads\\\/2023\\\/04\\\/cropped-cropped-cropped-cropped-cropped-3-1.png\",\"width\":95,\"height\":122,\"caption\":\"CVI NOTICIAS\"},\"image\":{\"@id\":\"https:\\\/\\\/cvinoticias.com\\\/v3\\\/#\\\/schema\\\/logo\\\/image\\\/\"},\"sameAs\":[\"https:\\\/\\\/www.facebook.com\\\/cvinoticias\",\"https:\\\/\\\/www.instagram.com\\\/cvinoticias\\\/\",\"https:\\\/\\\/www.youtube.com\\\/@CVINOTICIAS\"]},{\"@type\":\"Person\",\"@id\":\"https:\\\/\\\/cvinoticias.com\\\/v3\\\/#\\\/schema\\\/person\\\/2db77e3c6bc03c538495d7b2b8be9b66\",\"name\":\"f1000024\",\"image\":{\"@type\":\"ImageObject\",\"inLanguage\":\"es\",\"@id\":\"https:\\\/\\\/secure.gravatar.com\\\/avatar\\\/d4fe7459cfc51ff5129ce1a732bbef5928568b8092d412ef95611616376bbeed?s=96&d=mm&r=g\",\"url\":\"https:\\\/\\\/secure.gravatar.com\\\/avatar\\\/d4fe7459cfc51ff5129ce1a732bbef5928568b8092d412ef95611616376bbeed?s=96&d=mm&r=g\",\"contentUrl\":\"https:\\\/\\\/secure.gravatar.com\\\/avatar\\\/d4fe7459cfc51ff5129ce1a732bbef5928568b8092d412ef95611616376bbeed?s=96&d=mm&r=g\",\"caption\":\"f1000024\"},\"url\":\"https:\\\/\\\/cvinoticias.com\\\/v3\\\/author\\\/f1000024\\\/\"}]}<\/script>\n<!-- \/ Yoast SEO plugin. -->","yoast_head_json":{"title":"Un peat\u00f3n muri\u00f3 al ser atropellado por una camioneta en la Ruta Nacional 12 | CVI NOTICIAS","robots":{"index":"index","follow":"follow","max-snippet":"max-snippet:-1","max-image-preview":"max-image-preview:large","max-video-preview":"max-video-preview:-1"},"canonical":"https:\/\/cvinoticias.com\/v3\/un-peaton-murio-al-ser-atropellado-por-una-camioneta-en-la-ruta-nacional-12\/","og_locale":"es_ES","og_type":"article","og_title":"Un peat\u00f3n muri\u00f3 al ser atropellado por una camioneta en la Ruta Nacional 12 | CVI NOTICIAS","og_description":"Esta ma\u00f1ana, un hombre identificado como Leonardo Samudio de 46 a\u00f1os, falleci\u00f3 luego de ser embestido por una camioneta que circulaba por la Ruta N\u00b0 12 a la altura del kil\u00f3metro 1570 de Puerto Mado, en sentido Posadas-Iguaz\u00fa. De acuerdo a los primeros datos, el siniestro vial se produjo cerca de las 11 horas de [&hellip;]","og_url":"https:\/\/cvinoticias.com\/v3\/un-peaton-murio-al-ser-atropellado-por-una-camioneta-en-la-ruta-nacional-12\/","og_site_name":"CVI NOTICIAS","article_publisher":"https:\/\/www.facebook.com\/cvinoticias","article_published_time":"2022-09-07T21:01:03+00:00","og_image":[{"width":1052,"height":900,"url":"https:\/\/cvinoticias.com\/wp-content\/uploads\/2022\/09\/IMG-20220907-WA0141.jpg","type":"image\/jpeg"}],"author":"f1000024","twitter_card":"summary_large_image","twitter_misc":{"Escrito por":"f1000024","Tiempo de lectura":"1 minuto"},"schema":{"@context":"https:\/\/schema.org","@graph":[{"@type":"Article","@id":"https:\/\/cvinoticias.com\/v3\/un-peaton-murio-al-ser-atropellado-por-una-camioneta-en-la-ruta-nacional-12\/#article","isPartOf":{"@id":"https:\/\/cvinoticias.com\/v3\/un-peaton-murio-al-ser-atropellado-por-una-camioneta-en-la-ruta-nacional-12\/"},"author":{"name":"f1000024","@id":"https:\/\/cvinoticias.com\/v3\/#\/schema\/person\/2db77e3c6bc03c538495d7b2b8be9b66"},"headline":"Un peat\u00f3n muri\u00f3 al ser atropellado por una camioneta en la Ruta Nacional 12","datePublished":"2022-09-07T21:01:03+00:00","mainEntityOfPage":{"@id":"https:\/\/cvinoticias.com\/v3\/un-peaton-murio-al-ser-atropellado-por-una-camioneta-en-la-ruta-nacional-12\/"},"wordCount":179,"commentCount":0,"publisher":{"@id":"https:\/\/cvinoticias.com\/v3\/#organization"},"image":{"@id":"https:\/\/cvinoticias.com\/v3\/un-peaton-murio-al-ser-atropellado-por-una-camioneta-en-la-ruta-nacional-12\/#primaryimage"},"thumbnailUrl":"https:\/\/cvinoticias.com\/wp-content\/uploads\/2022\/09\/IMG-20220907-WA0141.jpg","articleSection":["Policiales"],"inLanguage":"es","potentialAction":[{"@type":"CommentAction","name":"Comment","target":["https:\/\/cvinoticias.com\/v3\/un-peaton-murio-al-ser-atropellado-por-una-camioneta-en-la-ruta-nacional-12\/#respond"]}]},{"@type":"WebPage","@id":"https:\/\/cvinoticias.com\/v3\/un-peaton-murio-al-ser-atropellado-por-una-camioneta-en-la-ruta-nacional-12\/","url":"https:\/\/cvinoticias.com\/v3\/un-peaton-murio-al-ser-atropellado-por-una-camioneta-en-la-ruta-nacional-12\/","name":"Un peat\u00f3n muri\u00f3 al ser atropellado por una camioneta en la Ruta Nacional 12 | CVI NOTICIAS","isPartOf":{"@id":"https:\/\/cvinoticias.com\/v3\/#website"},"primaryImageOfPage":{"@id":"https:\/\/cvinoticias.com\/v3\/un-peaton-murio-al-ser-atropellado-por-una-camioneta-en-la-ruta-nacional-12\/#primaryimage"},"image":{"@id":"https:\/\/cvinoticias.com\/v3\/un-peaton-murio-al-ser-atropellado-por-una-camioneta-en-la-ruta-nacional-12\/#primaryimage"},"thumbnailUrl":"https:\/\/cvinoticias.com\/wp-content\/uploads\/2022\/09\/IMG-20220907-WA0141.jpg","datePublished":"2022-09-07T21:01:03+00:00","breadcrumb":{"@id":"https:\/\/cvinoticias.com\/v3\/un-peaton-murio-al-ser-atropellado-por-una-camioneta-en-la-ruta-nacional-12\/#breadcrumb"},"inLanguage":"es","potentialAction":[{"@type":"ReadAction","target":["https:\/\/cvinoticias.com\/v3\/un-peaton-murio-al-ser-atropellado-por-una-camioneta-en-la-ruta-nacional-12\/"]}]},{"@type":"ImageObject","inLanguage":"es","@id":"https:\/\/cvinoticias.com\/v3\/un-peaton-murio-al-ser-atropellado-por-una-camioneta-en-la-ruta-nacional-12\/#primaryimage","url":"https:\/\/cvinoticias.com\/wp-content\/uploads\/2022\/09\/IMG-20220907-WA0141.jpg","contentUrl":"https:\/\/cvinoticias.com\/wp-content\/uploads\/2022\/09\/IMG-20220907-WA0141.jpg","width":1052,"height":900},{"@type":"BreadcrumbList","@id":"https:\/\/cvinoticias.com\/v3\/un-peaton-murio-al-ser-atropellado-por-una-camioneta-en-la-ruta-nacional-12\/#breadcrumb","itemListElement":[{"@type":"ListItem","position":1,"name":"Portada","item":"https:\/\/cvinoticias.com\/v3\/"},{"@type":"ListItem","position":2,"name":"Un peat\u00f3n muri\u00f3 al ser atropellado por una camioneta en la Ruta Nacional 12"}]},{"@type":"WebSite","@id":"https:\/\/cvinoticias.com\/v3\/#website","url":"https:\/\/cvinoticias.com\/v3\/","name":"CVI NOTICIAS","description":"","publisher":{"@id":"https:\/\/cvinoticias.com\/v3\/#organization"},"alternateName":"CVI","potentialAction":[{"@type":"SearchAction","target":{"@type":"EntryPoint","urlTemplate":"https:\/\/cvinoticias.com\/v3\/?s={search_term_string}"},"query-input":{"@type":"PropertyValueSpecification","valueRequired":true,"valueName":"search_term_string"}}],"inLanguage":"es"},{"@type":"Organization","@id":"https:\/\/cvinoticias.com\/v3\/#organization","name":"CVI NOTICIAS","url":"https:\/\/cvinoticias.com\/v3\/","logo":{"@type":"ImageObject","inLanguage":"es","@id":"https:\/\/cvinoticias.com\/v3\/#\/schema\/logo\/image\/","url":"https:\/\/cvinoticias.com\/wp-content\/uploads\/2023\/04\/cropped-cropped-cropped-cropped-cropped-3-1.png","contentUrl":"https:\/\/cvinoticias.com\/wp-content\/uploads\/2023\/04\/cropped-cropped-cropped-cropped-cropped-3-1.png","width":95,"height":122,"caption":"CVI NOTICIAS"},"image":{"@id":"https:\/\/cvinoticias.com\/v3\/#\/schema\/logo\/image\/"},"sameAs":["https:\/\/www.facebook.com\/cvinoticias","https:\/\/www.instagram.com\/cvinoticias\/","https:\/\/www.youtube.com\/@CVINOTICIAS"]},{"@type":"Person","@id":"https:\/\/cvinoticias.com\/v3\/#\/schema\/person\/2db77e3c6bc03c538495d7b2b8be9b66","name":"f1000024","image":{"@type":"ImageObject","inLanguage":"es","@id":"https:\/\/secure.gravatar.com\/avatar\/d4fe7459cfc51ff5129ce1a732bbef5928568b8092d412ef95611616376bbeed?s=96&d=mm&r=g","url":"https:\/\/secure.gravatar.com\/avatar\/d4fe7459cfc51ff5129ce1a732bbef5928568b8092d412ef95611616376bbeed?s=96&d=mm&r=g","contentUrl":"https:\/\/secure.gravatar.com\/avatar\/d4fe7459cfc51ff5129ce1a732bbef5928568b8092d412ef95611616376bbeed?s=96&d=mm&r=g","caption":"f1000024"},"url":"https:\/\/cvinoticias.com\/v3\/author\/f1000024\/"}]}},"_links":{"self":[{"href":"https:\/\/cvinoticias.com\/v3\/wp-json\/wp\/v2\/posts\/19020","targetHints":{"allow":["GET"]}}],"collection":[{"href":"https:\/\/cvinoticias.com\/v3\/wp-json\/wp\/v2\/posts"}],"about":[{"href":"https:\/\/cvinoticias.com\/v3\/wp-json\/wp\/v2\/types\/post"}],"author":[{"embeddable":true,"href":"https:\/\/cvinoticias.com\/v3\/wp-json\/wp\/v2\/users\/2"}],"replies":[{"embeddable":true,"href":"https:\/\/cvinoticias.com\/v3\/wp-json\/wp\/v2\/comments?post=19020"}],"version-history":[{"count":1,"href":"https:\/\/cvinoticias.com\/v3\/wp-json\/wp\/v2\/posts\/19020\/revisions"}],"predecessor-version":[{"id":19022,"href":"https:\/\/cvinoticias.com\/v3\/wp-json\/wp\/v2\/posts\/19020\/revisions\/19022"}],"wp:featuredmedia":[{"embeddable":true,"href":"https:\/\/cvinoticias.com\/v3\/wp-json\/wp\/v2\/media\/19021"}],"wp:attachment":[{"href":"https:\/\/cvinoticias.com\/v3\/wp-json\/wp\/v2\/media?parent=19020"}],"wp:term":[{"taxonomy":"category","embeddable":true,"href":"https:\/\/cvinoticias.com\/v3\/wp-json\/wp\/v2\/categories?post=19020"},{"taxonomy":"post_tag","embeddable":true,"href":"https:\/\/cvinoticias.com\/v3\/wp-json\/wp\/v2\/tags?post=19020"}],"curies":[{"name":"wp","href":"https:\/\/api.w.org\/{rel}","templated":true}]}}