{"id":19016,"date":"2022-09-07T19:54:34","date_gmt":"2022-09-07T19:54:34","guid":{"rendered":"https:\/\/cvinoticias.com\/v3\/?p=19016"},"modified":"2022-09-07T19:54:34","modified_gmt":"2022-09-07T19:54:34","slug":"la-ecoescuela-educacion-disruptiva-pensada-desde-la-biodiversidad","status":"publish","type":"post","link":"https:\/\/cvinoticias.com\/v3\/la-ecoescuela-educacion-disruptiva-pensada-desde-la-biodiversidad\/","title":{"rendered":"La Ecoescuela, educaci\u00f3n disruptiva pensada desde la biodiversidad"},"content":{"rendered":"\n<p><strong><em>El proyecto de ley ser\u00e1 tratado por la Legislatura misionera. El objetivo es fortalecer los sistemas de protecci\u00f3n y concientizaci\u00f3n del ambiente a partir de la educaci\u00f3n disruptiva<\/em><\/strong><\/p>\n\n\n\n<p>En la sesi\u00f3n ordinaria de la C\u00e1mara de Representantes que se llevar\u00e1 a cabo este jueves desde las 18, los diputados provinciales tratar\u00e1n el proyecto de ley que propone crear la Eco escuela denominada OGA, como espacio ecoc\u00e9ntrico en el marco de las metodolog\u00edas disruptivas de ense\u00f1anza y aprendizaje.<\/p>\n\n\n\n<p>El proyecto fue presentado por Carlos Rovira, presidente de la Legislatura, en el que se incluye la creaci\u00f3n del calendario Eco Ambiental, que fue propuesto tambi\u00e9n por el legislador Ariel Pianesi.<\/p>\n\n\n\n<figure class=\"wp-block-image size-large\"><a href=\"https:\/\/cvinoticias.com\/wp-content\/uploads\/2022\/09\/IMG-20220907-WA0135.jpg\"><img decoding=\"async\" width=\"1024\" height=\"589\" data-src=\"https:\/\/cvinoticias.com\/wp-content\/uploads\/2022\/09\/IMG-20220907-WA0135-1024x589.jpg\" alt=\"\" class=\"wp-image-19017 lazyload\" data-srcset=\"https:\/\/cvinoticias.com\/wp-content\/uploads\/2022\/09\/IMG-20220907-WA0135-1024x589.jpg 1024w, https:\/\/cvinoticias.com\/wp-content\/uploads\/2022\/09\/IMG-20220907-WA0135-300x173.jpg 300w, https:\/\/cvinoticias.com\/wp-content\/uploads\/2022\/09\/IMG-20220907-WA0135-768x442.jpg 768w, https:\/\/cvinoticias.com\/wp-content\/uploads\/2022\/09\/IMG-20220907-WA0135-1536x883.jpg 1536w, https:\/\/cvinoticias.com\/wp-content\/uploads\/2022\/09\/IMG-20220907-WA0135.jpg 1600w\" data-sizes=\"(max-width: 1024px) 100vw, 1024px\" src=\"data:image\/svg+xml;base64,PHN2ZyB3aWR0aD0iMSIgaGVpZ2h0PSIxIiB4bWxucz0iaHR0cDovL3d3dy53My5vcmcvMjAwMC9zdmciPjwvc3ZnPg==\" style=\"--smush-placeholder-width: 1024px; --smush-placeholder-aspect-ratio: 1024\/589;\" \/><\/a><\/figure>\n\n\n\n<p><br>El t\u00e9rmino ecoescuela hace referencia a un espacio f\u00edsico donde convergen diversas disciplinas y pr\u00e1cticas, teniendo como eje central el cuidado del ambiente.<\/p>\n\n\n\n<p><strong>Objetivos de la ley<\/strong><\/p>\n\n\n\n<p>-Implementar nuevos entornos educativos, favoreciendo la construcci\u00f3n de conocimientos, habilidades, valores y pr\u00e1cticas de campo que promuevan la participaci\u00f3n responsable y eficaz en la reivindicaci\u00f3n de nuestra biodiversidad misionera;<\/p>\n\n\n\n<p>-Ofrecer conocimientos y herramientas para generar en la comunidad la capacidad de comprender los valores de compromiso ambiental y social para intervenir activamente;<\/p>\n\n\n\n<p>-Determinar mediante pr\u00e1cticas socioculturales el origen de las problem\u00e1ticas ambientales procurando posibles acciones resolutivas, impulsando el desarrollo productivo sostenible de la provincia;<\/p>\n\n\n\n<p>-Potenciar el tesoro cultural y ambiental de cada departamento fortaleciendo los lazos de identidad con las instituciones educativas de las comunidades.<\/p>\n\n\n\n<p><strong>Ecoescuela: biodiversidad y educaci\u00f3n disruptiva<\/strong><\/p>\n\n\n\n<p>Se pretende que la Ecoescuela OGA contribuya en la formaci\u00f3n de personas emp\u00e1ticas con el ambiente, incentivar a las generaciones actuales a desarrollar procesos de producci\u00f3n sostenible a trav\u00e9s del cuidado de los recursos y servicios ambientales.<\/p>\n\n\n\n<p>En los argumentos se explic\u00f3 que se propone la denominaci\u00f3n \u201cOGA\u201d, partiendo de la etimolog\u00eda de la palabra oga, de origen guaran\u00ed, que significa \u201ccasa, hogar, el espacio o lugar al cual pertenecemos.<\/p>\n\n\n\n<p><strong>Mision-Es Verde<\/strong><\/p>\n\n\n\n<p>El proyecto tambi\u00e9n contempla la creaci\u00f3n del programa Mision-Es Verde, con el objetivo de establecer las bases acad\u00e9micas, acciones y herramientas para comprender los procesos a trav\u00e9s de los cuales se producen las alteraciones ambientales de car\u00e1cter antropog\u00e9nico, y fomentar la responsabilidad del ser humano con la naturaleza.<\/p>\n\n\n\n<p><strong>Calendario Eco Ambiental<\/strong><\/p>\n\n\n\n<p>Por otra parte, se crear\u00e1 adem\u00e1s el calendario Eco Ambiental, como una herramienta de difusi\u00f3n, organizaci\u00f3n y registro de eventos y efem\u00e9rides que sean considerados indispensables para la protecci\u00f3n y el desarrollo sustentable de los recursos naturales y la biodiversidad.<\/p>\n\n\n\n<p>La finalidad es promover las acciones tendientes a la prevenci\u00f3n del da\u00f1o ambiental, que visibilicen la labor impulsada y propicien la intervenci\u00f3n activa de la comunidad.<\/p>\n\n\n\n<p><strong>Administrar y proteger los recursos<\/strong><\/p>\n\n\n\n<p>\u201cEl territorio de la provincia es nuestra gran casa, y como humildes administradores y usufructuarios de sus recursos debemos cuidar, proteger y gestionar de manera sostenible nuestra Oga\u201d, fundamentaron los autores del proyecto.<\/p>\n\n\n\n<p>\u201cDebemos promover e implementar nuevas medidas y acciones de prevenci\u00f3n, restauraci\u00f3n y protecci\u00f3n del equilibrio ecol\u00f3gico, adem\u00e1s de enriquecer paso a paso nuestra conciencia ambiental y el compromiso sustentable\u201d, finalizaron.<\/p>\n\n\n\n<p><em>Fuente: Canal 12<\/em><\/p>\n","protected":false},"excerpt":{"rendered":"<p>El proyecto de ley ser\u00e1 tratado por la Legislatura misionera. El objetivo es fortalecer los sistemas de protecci\u00f3n y concientizaci\u00f3n del ambiente a partir de la educaci\u00f3n disruptiva En la sesi\u00f3n ordinaria de la C\u00e1mara de Representantes que se llevar\u00e1 a cabo este jueves desde las 18, los diputados provinciales tratar\u00e1n el proyecto de ley [&hellip;]<\/p>\n","protected":false},"author":2,"featured_media":19018,"comment_status":"open","ping_status":"open","sticky":false,"template":"","format":"standard","meta":{"footnotes":""},"categories":[31,26,38],"tags":[],"class_list":["post-19016","post","type-post","status-publish","format-standard","has-post-thumbnail","hentry","category-ecologia","category-educacion","category-medio-ambiente"],"yoast_head":"<!-- This site is optimized with the Yoast SEO plugin v27.4 - https:\/\/yoast.com\/product\/yoast-seo-wordpress\/ -->\n<title>La Ecoescuela, educaci\u00f3n disruptiva pensada desde la biodiversidad | CVI NOTICIAS<\/title>\n<meta name=\"robots\" content=\"index, follow, max-snippet:-1, max-image-preview:large, max-video-preview:-1\" \/>\n<link rel=\"canonical\" href=\"https:\/\/cvinoticias.com\/v3\/la-ecoescuela-educacion-disruptiva-pensada-desde-la-biodiversidad\/\" \/>\n<meta property=\"og:locale\" content=\"es_ES\" \/>\n<meta property=\"og:type\" content=\"article\" \/>\n<meta property=\"og:title\" content=\"La Ecoescuela, educaci\u00f3n disruptiva pensada desde la biodiversidad | CVI NOTICIAS\" \/>\n<meta property=\"og:description\" content=\"El proyecto de ley ser\u00e1 tratado por la Legislatura misionera. El objetivo es fortalecer los sistemas de protecci\u00f3n y concientizaci\u00f3n del ambiente a partir de la educaci\u00f3n disruptiva En la sesi\u00f3n ordinaria de la C\u00e1mara de Representantes que se llevar\u00e1 a cabo este jueves desde las 18, los diputados provinciales tratar\u00e1n el proyecto de ley [&hellip;]\" \/>\n<meta property=\"og:url\" content=\"https:\/\/cvinoticias.com\/v3\/la-ecoescuela-educacion-disruptiva-pensada-desde-la-biodiversidad\/\" \/>\n<meta property=\"og:site_name\" content=\"CVI NOTICIAS\" \/>\n<meta property=\"article:publisher\" content=\"https:\/\/www.facebook.com\/cvinoticias\" \/>\n<meta property=\"article:published_time\" content=\"2022-09-07T19:54:34+00:00\" \/>\n<meta property=\"og:image\" content=\"https:\/\/cvinoticias.com\/wp-content\/uploads\/2022\/09\/IMG-20220907-WA0136.jpg\" \/>\n\t<meta property=\"og:image:width\" content=\"1600\" \/>\n\t<meta property=\"og:image:height\" content=\"916\" \/>\n\t<meta property=\"og:image:type\" content=\"image\/jpeg\" \/>\n<meta name=\"author\" content=\"f1000024\" \/>\n<meta name=\"twitter:card\" content=\"summary_large_image\" \/>\n<meta name=\"twitter:label1\" content=\"Escrito por\" \/>\n\t<meta name=\"twitter:data1\" content=\"f1000024\" \/>\n\t<meta name=\"twitter:label2\" content=\"Tiempo de lectura\" \/>\n\t<meta name=\"twitter:data2\" content=\"3 minutos\" \/>\n<script type=\"application\/ld+json\" class=\"yoast-schema-graph\">{\"@context\":\"https:\\\/\\\/schema.org\",\"@graph\":[{\"@type\":\"Article\",\"@id\":\"https:\\\/\\\/cvinoticias.com\\\/v3\\\/la-ecoescuela-educacion-disruptiva-pensada-desde-la-biodiversidad\\\/#article\",\"isPartOf\":{\"@id\":\"https:\\\/\\\/cvinoticias.com\\\/v3\\\/la-ecoescuela-educacion-disruptiva-pensada-desde-la-biodiversidad\\\/\"},\"author\":{\"name\":\"f1000024\",\"@id\":\"https:\\\/\\\/cvinoticias.com\\\/v3\\\/#\\\/schema\\\/person\\\/2db77e3c6bc03c538495d7b2b8be9b66\"},\"headline\":\"La Ecoescuela, educaci\u00f3n disruptiva pensada desde la biodiversidad\",\"datePublished\":\"2022-09-07T19:54:34+00:00\",\"mainEntityOfPage\":{\"@id\":\"https:\\\/\\\/cvinoticias.com\\\/v3\\\/la-ecoescuela-educacion-disruptiva-pensada-desde-la-biodiversidad\\\/\"},\"wordCount\":548,\"commentCount\":0,\"publisher\":{\"@id\":\"https:\\\/\\\/cvinoticias.com\\\/v3\\\/#organization\"},\"image\":{\"@id\":\"https:\\\/\\\/cvinoticias.com\\\/v3\\\/la-ecoescuela-educacion-disruptiva-pensada-desde-la-biodiversidad\\\/#primaryimage\"},\"thumbnailUrl\":\"https:\\\/\\\/cvinoticias.com\\\/wp-content\\\/uploads\\\/2022\\\/09\\\/IMG-20220907-WA0136.jpg\",\"articleSection\":[\"Ecologia\",\"Educacion\",\"Medio Ambiente\"],\"inLanguage\":\"es\",\"potentialAction\":[{\"@type\":\"CommentAction\",\"name\":\"Comment\",\"target\":[\"https:\\\/\\\/cvinoticias.com\\\/v3\\\/la-ecoescuela-educacion-disruptiva-pensada-desde-la-biodiversidad\\\/#respond\"]}]},{\"@type\":\"WebPage\",\"@id\":\"https:\\\/\\\/cvinoticias.com\\\/v3\\\/la-ecoescuela-educacion-disruptiva-pensada-desde-la-biodiversidad\\\/\",\"url\":\"https:\\\/\\\/cvinoticias.com\\\/v3\\\/la-ecoescuela-educacion-disruptiva-pensada-desde-la-biodiversidad\\\/\",\"name\":\"La Ecoescuela, educaci\u00f3n disruptiva pensada desde la biodiversidad | CVI NOTICIAS\",\"isPartOf\":{\"@id\":\"https:\\\/\\\/cvinoticias.com\\\/v3\\\/#website\"},\"primaryImageOfPage\":{\"@id\":\"https:\\\/\\\/cvinoticias.com\\\/v3\\\/la-ecoescuela-educacion-disruptiva-pensada-desde-la-biodiversidad\\\/#primaryimage\"},\"image\":{\"@id\":\"https:\\\/\\\/cvinoticias.com\\\/v3\\\/la-ecoescuela-educacion-disruptiva-pensada-desde-la-biodiversidad\\\/#primaryimage\"},\"thumbnailUrl\":\"https:\\\/\\\/cvinoticias.com\\\/wp-content\\\/uploads\\\/2022\\\/09\\\/IMG-20220907-WA0136.jpg\",\"datePublished\":\"2022-09-07T19:54:34+00:00\",\"breadcrumb\":{\"@id\":\"https:\\\/\\\/cvinoticias.com\\\/v3\\\/la-ecoescuela-educacion-disruptiva-pensada-desde-la-biodiversidad\\\/#breadcrumb\"},\"inLanguage\":\"es\",\"potentialAction\":[{\"@type\":\"ReadAction\",\"target\":[\"https:\\\/\\\/cvinoticias.com\\\/v3\\\/la-ecoescuela-educacion-disruptiva-pensada-desde-la-biodiversidad\\\/\"]}]},{\"@type\":\"ImageObject\",\"inLanguage\":\"es\",\"@id\":\"https:\\\/\\\/cvinoticias.com\\\/v3\\\/la-ecoescuela-educacion-disruptiva-pensada-desde-la-biodiversidad\\\/#primaryimage\",\"url\":\"https:\\\/\\\/cvinoticias.com\\\/wp-content\\\/uploads\\\/2022\\\/09\\\/IMG-20220907-WA0136.jpg\",\"contentUrl\":\"https:\\\/\\\/cvinoticias.com\\\/wp-content\\\/uploads\\\/2022\\\/09\\\/IMG-20220907-WA0136.jpg\",\"width\":1600,\"height\":916},{\"@type\":\"BreadcrumbList\",\"@id\":\"https:\\\/\\\/cvinoticias.com\\\/v3\\\/la-ecoescuela-educacion-disruptiva-pensada-desde-la-biodiversidad\\\/#breadcrumb\",\"itemListElement\":[{\"@type\":\"ListItem\",\"position\":1,\"name\":\"Portada\",\"item\":\"https:\\\/\\\/cvinoticias.com\\\/v3\\\/\"},{\"@type\":\"ListItem\",\"position\":2,\"name\":\"La Ecoescuela, educaci\u00f3n disruptiva pensada desde la biodiversidad\"}]},{\"@type\":\"WebSite\",\"@id\":\"https:\\\/\\\/cvinoticias.com\\\/v3\\\/#website\",\"url\":\"https:\\\/\\\/cvinoticias.com\\\/v3\\\/\",\"name\":\"CVI NOTICIAS\",\"description\":\"\",\"publisher\":{\"@id\":\"https:\\\/\\\/cvinoticias.com\\\/v3\\\/#organization\"},\"alternateName\":\"CVI\",\"potentialAction\":[{\"@type\":\"SearchAction\",\"target\":{\"@type\":\"EntryPoint\",\"urlTemplate\":\"https:\\\/\\\/cvinoticias.com\\\/v3\\\/?s={search_term_string}\"},\"query-input\":{\"@type\":\"PropertyValueSpecification\",\"valueRequired\":true,\"valueName\":\"search_term_string\"}}],\"inLanguage\":\"es\"},{\"@type\":\"Organization\",\"@id\":\"https:\\\/\\\/cvinoticias.com\\\/v3\\\/#organization\",\"name\":\"CVI NOTICIAS\",\"url\":\"https:\\\/\\\/cvinoticias.com\\\/v3\\\/\",\"logo\":{\"@type\":\"ImageObject\",\"inLanguage\":\"es\",\"@id\":\"https:\\\/\\\/cvinoticias.com\\\/v3\\\/#\\\/schema\\\/logo\\\/image\\\/\",\"url\":\"https:\\\/\\\/cvinoticias.com\\\/wp-content\\\/uploads\\\/2023\\\/04\\\/cropped-cropped-cropped-cropped-cropped-3-1.png\",\"contentUrl\":\"https:\\\/\\\/cvinoticias.com\\\/wp-content\\\/uploads\\\/2023\\\/04\\\/cropped-cropped-cropped-cropped-cropped-3-1.png\",\"width\":95,\"height\":122,\"caption\":\"CVI NOTICIAS\"},\"image\":{\"@id\":\"https:\\\/\\\/cvinoticias.com\\\/v3\\\/#\\\/schema\\\/logo\\\/image\\\/\"},\"sameAs\":[\"https:\\\/\\\/www.facebook.com\\\/cvinoticias\",\"https:\\\/\\\/www.instagram.com\\\/cvinoticias\\\/\",\"https:\\\/\\\/www.youtube.com\\\/@CVINOTICIAS\"]},{\"@type\":\"Person\",\"@id\":\"https:\\\/\\\/cvinoticias.com\\\/v3\\\/#\\\/schema\\\/person\\\/2db77e3c6bc03c538495d7b2b8be9b66\",\"name\":\"f1000024\",\"image\":{\"@type\":\"ImageObject\",\"inLanguage\":\"es\",\"@id\":\"https:\\\/\\\/secure.gravatar.com\\\/avatar\\\/d4fe7459cfc51ff5129ce1a732bbef5928568b8092d412ef95611616376bbeed?s=96&d=mm&r=g\",\"url\":\"https:\\\/\\\/secure.gravatar.com\\\/avatar\\\/d4fe7459cfc51ff5129ce1a732bbef5928568b8092d412ef95611616376bbeed?s=96&d=mm&r=g\",\"contentUrl\":\"https:\\\/\\\/secure.gravatar.com\\\/avatar\\\/d4fe7459cfc51ff5129ce1a732bbef5928568b8092d412ef95611616376bbeed?s=96&d=mm&r=g\",\"caption\":\"f1000024\"},\"url\":\"https:\\\/\\\/cvinoticias.com\\\/v3\\\/author\\\/f1000024\\\/\"}]}<\/script>\n<!-- \/ Yoast SEO plugin. -->","yoast_head_json":{"title":"La Ecoescuela, educaci\u00f3n disruptiva pensada desde la biodiversidad | CVI NOTICIAS","robots":{"index":"index","follow":"follow","max-snippet":"max-snippet:-1","max-image-preview":"max-image-preview:large","max-video-preview":"max-video-preview:-1"},"canonical":"https:\/\/cvinoticias.com\/v3\/la-ecoescuela-educacion-disruptiva-pensada-desde-la-biodiversidad\/","og_locale":"es_ES","og_type":"article","og_title":"La Ecoescuela, educaci\u00f3n disruptiva pensada desde la biodiversidad | CVI NOTICIAS","og_description":"El proyecto de ley ser\u00e1 tratado por la Legislatura misionera. El objetivo es fortalecer los sistemas de protecci\u00f3n y concientizaci\u00f3n del ambiente a partir de la educaci\u00f3n disruptiva En la sesi\u00f3n ordinaria de la C\u00e1mara de Representantes que se llevar\u00e1 a cabo este jueves desde las 18, los diputados provinciales tratar\u00e1n el proyecto de ley [&hellip;]","og_url":"https:\/\/cvinoticias.com\/v3\/la-ecoescuela-educacion-disruptiva-pensada-desde-la-biodiversidad\/","og_site_name":"CVI NOTICIAS","article_publisher":"https:\/\/www.facebook.com\/cvinoticias","article_published_time":"2022-09-07T19:54:34+00:00","og_image":[{"width":1600,"height":916,"url":"https:\/\/cvinoticias.com\/wp-content\/uploads\/2022\/09\/IMG-20220907-WA0136.jpg","type":"image\/jpeg"}],"author":"f1000024","twitter_card":"summary_large_image","twitter_misc":{"Escrito por":"f1000024","Tiempo de lectura":"3 minutos"},"schema":{"@context":"https:\/\/schema.org","@graph":[{"@type":"Article","@id":"https:\/\/cvinoticias.com\/v3\/la-ecoescuela-educacion-disruptiva-pensada-desde-la-biodiversidad\/#article","isPartOf":{"@id":"https:\/\/cvinoticias.com\/v3\/la-ecoescuela-educacion-disruptiva-pensada-desde-la-biodiversidad\/"},"author":{"name":"f1000024","@id":"https:\/\/cvinoticias.com\/v3\/#\/schema\/person\/2db77e3c6bc03c538495d7b2b8be9b66"},"headline":"La Ecoescuela, educaci\u00f3n disruptiva pensada desde la biodiversidad","datePublished":"2022-09-07T19:54:34+00:00","mainEntityOfPage":{"@id":"https:\/\/cvinoticias.com\/v3\/la-ecoescuela-educacion-disruptiva-pensada-desde-la-biodiversidad\/"},"wordCount":548,"commentCount":0,"publisher":{"@id":"https:\/\/cvinoticias.com\/v3\/#organization"},"image":{"@id":"https:\/\/cvinoticias.com\/v3\/la-ecoescuela-educacion-disruptiva-pensada-desde-la-biodiversidad\/#primaryimage"},"thumbnailUrl":"https:\/\/cvinoticias.com\/wp-content\/uploads\/2022\/09\/IMG-20220907-WA0136.jpg","articleSection":["Ecologia","Educacion","Medio Ambiente"],"inLanguage":"es","potentialAction":[{"@type":"CommentAction","name":"Comment","target":["https:\/\/cvinoticias.com\/v3\/la-ecoescuela-educacion-disruptiva-pensada-desde-la-biodiversidad\/#respond"]}]},{"@type":"WebPage","@id":"https:\/\/cvinoticias.com\/v3\/la-ecoescuela-educacion-disruptiva-pensada-desde-la-biodiversidad\/","url":"https:\/\/cvinoticias.com\/v3\/la-ecoescuela-educacion-disruptiva-pensada-desde-la-biodiversidad\/","name":"La Ecoescuela, educaci\u00f3n disruptiva pensada desde la biodiversidad | CVI NOTICIAS","isPartOf":{"@id":"https:\/\/cvinoticias.com\/v3\/#website"},"primaryImageOfPage":{"@id":"https:\/\/cvinoticias.com\/v3\/la-ecoescuela-educacion-disruptiva-pensada-desde-la-biodiversidad\/#primaryimage"},"image":{"@id":"https:\/\/cvinoticias.com\/v3\/la-ecoescuela-educacion-disruptiva-pensada-desde-la-biodiversidad\/#primaryimage"},"thumbnailUrl":"https:\/\/cvinoticias.com\/wp-content\/uploads\/2022\/09\/IMG-20220907-WA0136.jpg","datePublished":"2022-09-07T19:54:34+00:00","breadcrumb":{"@id":"https:\/\/cvinoticias.com\/v3\/la-ecoescuela-educacion-disruptiva-pensada-desde-la-biodiversidad\/#breadcrumb"},"inLanguage":"es","potentialAction":[{"@type":"ReadAction","target":["https:\/\/cvinoticias.com\/v3\/la-ecoescuela-educacion-disruptiva-pensada-desde-la-biodiversidad\/"]}]},{"@type":"ImageObject","inLanguage":"es","@id":"https:\/\/cvinoticias.com\/v3\/la-ecoescuela-educacion-disruptiva-pensada-desde-la-biodiversidad\/#primaryimage","url":"https:\/\/cvinoticias.com\/wp-content\/uploads\/2022\/09\/IMG-20220907-WA0136.jpg","contentUrl":"https:\/\/cvinoticias.com\/wp-content\/uploads\/2022\/09\/IMG-20220907-WA0136.jpg","width":1600,"height":916},{"@type":"BreadcrumbList","@id":"https:\/\/cvinoticias.com\/v3\/la-ecoescuela-educacion-disruptiva-pensada-desde-la-biodiversidad\/#breadcrumb","itemListElement":[{"@type":"ListItem","position":1,"name":"Portada","item":"https:\/\/cvinoticias.com\/v3\/"},{"@type":"ListItem","position":2,"name":"La Ecoescuela, educaci\u00f3n disruptiva pensada desde la biodiversidad"}]},{"@type":"WebSite","@id":"https:\/\/cvinoticias.com\/v3\/#website","url":"https:\/\/cvinoticias.com\/v3\/","name":"CVI NOTICIAS","description":"","publisher":{"@id":"https:\/\/cvinoticias.com\/v3\/#organization"},"alternateName":"CVI","potentialAction":[{"@type":"SearchAction","target":{"@type":"EntryPoint","urlTemplate":"https:\/\/cvinoticias.com\/v3\/?s={search_term_string}"},"query-input":{"@type":"PropertyValueSpecification","valueRequired":true,"valueName":"search_term_string"}}],"inLanguage":"es"},{"@type":"Organization","@id":"https:\/\/cvinoticias.com\/v3\/#organization","name":"CVI NOTICIAS","url":"https:\/\/cvinoticias.com\/v3\/","logo":{"@type":"ImageObject","inLanguage":"es","@id":"https:\/\/cvinoticias.com\/v3\/#\/schema\/logo\/image\/","url":"https:\/\/cvinoticias.com\/wp-content\/uploads\/2023\/04\/cropped-cropped-cropped-cropped-cropped-3-1.png","contentUrl":"https:\/\/cvinoticias.com\/wp-content\/uploads\/2023\/04\/cropped-cropped-cropped-cropped-cropped-3-1.png","width":95,"height":122,"caption":"CVI NOTICIAS"},"image":{"@id":"https:\/\/cvinoticias.com\/v3\/#\/schema\/logo\/image\/"},"sameAs":["https:\/\/www.facebook.com\/cvinoticias","https:\/\/www.instagram.com\/cvinoticias\/","https:\/\/www.youtube.com\/@CVINOTICIAS"]},{"@type":"Person","@id":"https:\/\/cvinoticias.com\/v3\/#\/schema\/person\/2db77e3c6bc03c538495d7b2b8be9b66","name":"f1000024","image":{"@type":"ImageObject","inLanguage":"es","@id":"https:\/\/secure.gravatar.com\/avatar\/d4fe7459cfc51ff5129ce1a732bbef5928568b8092d412ef95611616376bbeed?s=96&d=mm&r=g","url":"https:\/\/secure.gravatar.com\/avatar\/d4fe7459cfc51ff5129ce1a732bbef5928568b8092d412ef95611616376bbeed?s=96&d=mm&r=g","contentUrl":"https:\/\/secure.gravatar.com\/avatar\/d4fe7459cfc51ff5129ce1a732bbef5928568b8092d412ef95611616376bbeed?s=96&d=mm&r=g","caption":"f1000024"},"url":"https:\/\/cvinoticias.com\/v3\/author\/f1000024\/"}]}},"_links":{"self":[{"href":"https:\/\/cvinoticias.com\/v3\/wp-json\/wp\/v2\/posts\/19016","targetHints":{"allow":["GET"]}}],"collection":[{"href":"https:\/\/cvinoticias.com\/v3\/wp-json\/wp\/v2\/posts"}],"about":[{"href":"https:\/\/cvinoticias.com\/v3\/wp-json\/wp\/v2\/types\/post"}],"author":[{"embeddable":true,"href":"https:\/\/cvinoticias.com\/v3\/wp-json\/wp\/v2\/users\/2"}],"replies":[{"embeddable":true,"href":"https:\/\/cvinoticias.com\/v3\/wp-json\/wp\/v2\/comments?post=19016"}],"version-history":[{"count":1,"href":"https:\/\/cvinoticias.com\/v3\/wp-json\/wp\/v2\/posts\/19016\/revisions"}],"predecessor-version":[{"id":19019,"href":"https:\/\/cvinoticias.com\/v3\/wp-json\/wp\/v2\/posts\/19016\/revisions\/19019"}],"wp:featuredmedia":[{"embeddable":true,"href":"https:\/\/cvinoticias.com\/v3\/wp-json\/wp\/v2\/media\/19018"}],"wp:attachment":[{"href":"https:\/\/cvinoticias.com\/v3\/wp-json\/wp\/v2\/media?parent=19016"}],"wp:term":[{"taxonomy":"category","embeddable":true,"href":"https:\/\/cvinoticias.com\/v3\/wp-json\/wp\/v2\/categories?post=19016"},{"taxonomy":"post_tag","embeddable":true,"href":"https:\/\/cvinoticias.com\/v3\/wp-json\/wp\/v2\/tags?post=19016"}],"curies":[{"name":"wp","href":"https:\/\/api.w.org\/{rel}","templated":true}]}}