{"id":19007,"date":"2022-09-07T19:33:16","date_gmt":"2022-09-07T19:33:16","guid":{"rendered":"https:\/\/cvinoticias.com\/v3\/?p=19007"},"modified":"2022-09-07T19:43:27","modified_gmt":"2022-09-07T19:43:27","slug":"marco-antonio-solis-llega-en-octubre-a-resistencia","status":"publish","type":"post","link":"https:\/\/cvinoticias.com\/v3\/marco-antonio-solis-llega-en-octubre-a-resistencia\/","title":{"rendered":"Marco Antonio Sol\u00eds llega en octubre a Resistencia"},"content":{"rendered":"\n<p><strong><em>El cantante anunci\u00f3 en sus redes sociales que, el mes que viene, visitar\u00e1 nuestro pa\u00eds y, espec\u00edficamente, la ciudad de Resistencia, en el Estadio Centenario.<\/em><\/strong><\/p>\n\n\n\n<p>Este martes, el cantautor mexicano Marco Antonio Sol\u00eds, anunci\u00f3 a trav\u00e9s de sus redes sociales que contin\u00faa con su gira por distintos pa\u00edses, en el marco del tour denominado \u201cQu\u00e9 ganas de verte\u201d.<\/p>\n\n\n\n<p>As\u00ed, expres\u00f3 su alegr\u00eda por visitar el centro y el sur de Am\u00e9rica para fines de septiembre y durante todo el mes de octubre.<\/p>\n\n\n\n<p><strong>\u201cMe llena de emoci\u00f3n saber que muy pronto estar\u00e9 con mis hermanitos de Centro y Sudam\u00e9rica, que siempre tienen para un servidor una c\u00e1lida y cari\u00f1osa bienvenida cuando me encuentro con ellos\u201d<\/strong>, se\u00f1al\u00f3.<\/p>\n\n\n\n<p>\u201cMuy pronto #Qu\u00e9GanasDeVerte #WorldTour llega a Rep\u00fablica Dominicana, Costa Rica, Per\u00fa, Bolivia, Argentina, Paraguay y Chile. \u00a1Por ah\u00ed nos vemos para juntos cantarle al amor!\u201d, agreg\u00f3.<\/p>\n\n\n\n<figure class=\"wp-block-image size-large\"><a href=\"https:\/\/cvinoticias.com\/wp-content\/uploads\/2022\/09\/Screenshot_20220907-160208_Facebook.jpg\"><img decoding=\"async\" width=\"582\" height=\"1024\" data-src=\"https:\/\/cvinoticias.com\/wp-content\/uploads\/2022\/09\/Screenshot_20220907-160208_Facebook-582x1024.jpg\" alt=\"\" class=\"wp-image-19008 lazyload\" data-srcset=\"https:\/\/cvinoticias.com\/wp-content\/uploads\/2022\/09\/Screenshot_20220907-160208_Facebook-582x1024.jpg 582w, https:\/\/cvinoticias.com\/wp-content\/uploads\/2022\/09\/Screenshot_20220907-160208_Facebook-170x300.jpg 170w, https:\/\/cvinoticias.com\/wp-content\/uploads\/2022\/09\/Screenshot_20220907-160208_Facebook-768x1352.jpg 768w, https:\/\/cvinoticias.com\/wp-content\/uploads\/2022\/09\/Screenshot_20220907-160208_Facebook-873x1536.jpg 873w, https:\/\/cvinoticias.com\/wp-content\/uploads\/2022\/09\/Screenshot_20220907-160208_Facebook.jpg 929w\" data-sizes=\"(max-width: 582px) 100vw, 582px\" src=\"data:image\/svg+xml;base64,PHN2ZyB3aWR0aD0iMSIgaGVpZ2h0PSIxIiB4bWxucz0iaHR0cDovL3d3dy53My5vcmcvMjAwMC9zdmciPjwvc3ZnPg==\" style=\"--smush-placeholder-width: 582px; --smush-placeholder-aspect-ratio: 582\/1024;\" \/><\/a><\/figure>\n\n\n\n<p>Seg\u00fan la grilla de fechas difundida, en nuestro pa\u00eds se presentar\u00e1 \u00fanicamente en Resistencia, el pr\u00f3ximo 21 de octubre, en el Estadio Centenario del Club Sarmiento.<\/p>\n\n\n\n<p>Sin embargo, las entradas para esta presentaci\u00f3n, todav\u00eda no se encuentran a la venta.<\/p>\n","protected":false},"excerpt":{"rendered":"<p>El cantante anunci\u00f3 en sus redes sociales que, el mes que viene, visitar\u00e1 nuestro pa\u00eds y, espec\u00edficamente, la ciudad de Resistencia, en el Estadio Centenario. Este martes, el cantautor mexicano Marco Antonio Sol\u00eds, anunci\u00f3 a trav\u00e9s de sus redes sociales que contin\u00faa con su gira por distintos pa\u00edses, en el marco del tour denominado \u201cQu\u00e9 [&hellip;]<\/p>\n","protected":false},"author":2,"featured_media":19009,"comment_status":"open","ping_status":"open","sticky":false,"template":"","format":"standard","meta":{"footnotes":""},"categories":[34],"tags":[],"class_list":["post-19007","post","type-post","status-publish","format-standard","has-post-thumbnail","hentry","category-espectaculos"],"yoast_head":"<!-- This site is optimized with the Yoast SEO plugin v27.5 - https:\/\/yoast.com\/product\/yoast-seo-wordpress\/ -->\n<title>Marco Antonio Sol\u00eds llega en octubre a Resistencia | CVI NOTICIAS<\/title>\n<meta name=\"robots\" content=\"index, follow, max-snippet:-1, max-image-preview:large, max-video-preview:-1\" \/>\n<link rel=\"canonical\" href=\"https:\/\/cvinoticias.com\/v3\/marco-antonio-solis-llega-en-octubre-a-resistencia\/\" \/>\n<meta property=\"og:locale\" content=\"es_ES\" \/>\n<meta property=\"og:type\" content=\"article\" \/>\n<meta property=\"og:title\" content=\"Marco Antonio Sol\u00eds llega en octubre a Resistencia | CVI NOTICIAS\" \/>\n<meta property=\"og:description\" content=\"El cantante anunci\u00f3 en sus redes sociales que, el mes que viene, visitar\u00e1 nuestro pa\u00eds y, espec\u00edficamente, la ciudad de Resistencia, en el Estadio Centenario. Este martes, el cantautor mexicano Marco Antonio Sol\u00eds, anunci\u00f3 a trav\u00e9s de sus redes sociales que contin\u00faa con su gira por distintos pa\u00edses, en el marco del tour denominado \u201cQu\u00e9 [&hellip;]\" \/>\n<meta property=\"og:url\" content=\"https:\/\/cvinoticias.com\/v3\/marco-antonio-solis-llega-en-octubre-a-resistencia\/\" \/>\n<meta property=\"og:site_name\" content=\"CVI NOTICIAS\" \/>\n<meta property=\"article:publisher\" content=\"https:\/\/www.facebook.com\/cvinoticias\" \/>\n<meta property=\"article:published_time\" content=\"2022-09-07T19:33:16+00:00\" \/>\n<meta property=\"article:modified_time\" content=\"2022-09-07T19:43:27+00:00\" \/>\n<meta property=\"og:image\" content=\"https:\/\/cvinoticias.com\/wp-content\/uploads\/2022\/09\/Screenshot_20220907-163136_Facebook.jpg\" \/>\n\t<meta property=\"og:image:width\" content=\"792\" \/>\n\t<meta property=\"og:image:height\" content=\"751\" \/>\n\t<meta property=\"og:image:type\" content=\"image\/jpeg\" \/>\n<meta name=\"author\" content=\"f1000024\" \/>\n<meta name=\"twitter:card\" content=\"summary_large_image\" \/>\n<meta name=\"twitter:label1\" content=\"Escrito por\" \/>\n\t<meta name=\"twitter:data1\" content=\"f1000024\" \/>\n\t<meta name=\"twitter:label2\" content=\"Tiempo de lectura\" \/>\n\t<meta name=\"twitter:data2\" content=\"1 minuto\" \/>\n<script type=\"application\/ld+json\" class=\"yoast-schema-graph\">{\"@context\":\"https:\\\/\\\/schema.org\",\"@graph\":[{\"@type\":\"Article\",\"@id\":\"https:\\\/\\\/cvinoticias.com\\\/v3\\\/marco-antonio-solis-llega-en-octubre-a-resistencia\\\/#article\",\"isPartOf\":{\"@id\":\"https:\\\/\\\/cvinoticias.com\\\/v3\\\/marco-antonio-solis-llega-en-octubre-a-resistencia\\\/\"},\"author\":{\"name\":\"f1000024\",\"@id\":\"https:\\\/\\\/cvinoticias.com\\\/v3\\\/#\\\/schema\\\/person\\\/2db77e3c6bc03c538495d7b2b8be9b66\"},\"headline\":\"Marco Antonio Sol\u00eds llega en octubre a Resistencia\",\"datePublished\":\"2022-09-07T19:33:16+00:00\",\"dateModified\":\"2022-09-07T19:43:27+00:00\",\"mainEntityOfPage\":{\"@id\":\"https:\\\/\\\/cvinoticias.com\\\/v3\\\/marco-antonio-solis-llega-en-octubre-a-resistencia\\\/\"},\"wordCount\":209,\"commentCount\":0,\"publisher\":{\"@id\":\"https:\\\/\\\/cvinoticias.com\\\/v3\\\/#organization\"},\"image\":{\"@id\":\"https:\\\/\\\/cvinoticias.com\\\/v3\\\/marco-antonio-solis-llega-en-octubre-a-resistencia\\\/#primaryimage\"},\"thumbnailUrl\":\"https:\\\/\\\/cvinoticias.com\\\/wp-content\\\/uploads\\\/2022\\\/09\\\/Screenshot_20220907-163136_Facebook.jpg\",\"articleSection\":[\"Espect\u00e1culos\"],\"inLanguage\":\"es\",\"potentialAction\":[{\"@type\":\"CommentAction\",\"name\":\"Comment\",\"target\":[\"https:\\\/\\\/cvinoticias.com\\\/v3\\\/marco-antonio-solis-llega-en-octubre-a-resistencia\\\/#respond\"]}]},{\"@type\":\"WebPage\",\"@id\":\"https:\\\/\\\/cvinoticias.com\\\/v3\\\/marco-antonio-solis-llega-en-octubre-a-resistencia\\\/\",\"url\":\"https:\\\/\\\/cvinoticias.com\\\/v3\\\/marco-antonio-solis-llega-en-octubre-a-resistencia\\\/\",\"name\":\"Marco Antonio Sol\u00eds llega en octubre a Resistencia | CVI NOTICIAS\",\"isPartOf\":{\"@id\":\"https:\\\/\\\/cvinoticias.com\\\/v3\\\/#website\"},\"primaryImageOfPage\":{\"@id\":\"https:\\\/\\\/cvinoticias.com\\\/v3\\\/marco-antonio-solis-llega-en-octubre-a-resistencia\\\/#primaryimage\"},\"image\":{\"@id\":\"https:\\\/\\\/cvinoticias.com\\\/v3\\\/marco-antonio-solis-llega-en-octubre-a-resistencia\\\/#primaryimage\"},\"thumbnailUrl\":\"https:\\\/\\\/cvinoticias.com\\\/wp-content\\\/uploads\\\/2022\\\/09\\\/Screenshot_20220907-163136_Facebook.jpg\",\"datePublished\":\"2022-09-07T19:33:16+00:00\",\"dateModified\":\"2022-09-07T19:43:27+00:00\",\"breadcrumb\":{\"@id\":\"https:\\\/\\\/cvinoticias.com\\\/v3\\\/marco-antonio-solis-llega-en-octubre-a-resistencia\\\/#breadcrumb\"},\"inLanguage\":\"es\",\"potentialAction\":[{\"@type\":\"ReadAction\",\"target\":[\"https:\\\/\\\/cvinoticias.com\\\/v3\\\/marco-antonio-solis-llega-en-octubre-a-resistencia\\\/\"]}]},{\"@type\":\"ImageObject\",\"inLanguage\":\"es\",\"@id\":\"https:\\\/\\\/cvinoticias.com\\\/v3\\\/marco-antonio-solis-llega-en-octubre-a-resistencia\\\/#primaryimage\",\"url\":\"https:\\\/\\\/cvinoticias.com\\\/wp-content\\\/uploads\\\/2022\\\/09\\\/Screenshot_20220907-163136_Facebook.jpg\",\"contentUrl\":\"https:\\\/\\\/cvinoticias.com\\\/wp-content\\\/uploads\\\/2022\\\/09\\\/Screenshot_20220907-163136_Facebook.jpg\",\"width\":792,\"height\":751},{\"@type\":\"BreadcrumbList\",\"@id\":\"https:\\\/\\\/cvinoticias.com\\\/v3\\\/marco-antonio-solis-llega-en-octubre-a-resistencia\\\/#breadcrumb\",\"itemListElement\":[{\"@type\":\"ListItem\",\"position\":1,\"name\":\"Portada\",\"item\":\"https:\\\/\\\/cvinoticias.com\\\/v3\\\/\"},{\"@type\":\"ListItem\",\"position\":2,\"name\":\"Marco Antonio Sol\u00eds llega en octubre a Resistencia\"}]},{\"@type\":\"WebSite\",\"@id\":\"https:\\\/\\\/cvinoticias.com\\\/v3\\\/#website\",\"url\":\"https:\\\/\\\/cvinoticias.com\\\/v3\\\/\",\"name\":\"CVI NOTICIAS\",\"description\":\"\",\"publisher\":{\"@id\":\"https:\\\/\\\/cvinoticias.com\\\/v3\\\/#organization\"},\"alternateName\":\"CVI\",\"potentialAction\":[{\"@type\":\"SearchAction\",\"target\":{\"@type\":\"EntryPoint\",\"urlTemplate\":\"https:\\\/\\\/cvinoticias.com\\\/v3\\\/?s={search_term_string}\"},\"query-input\":{\"@type\":\"PropertyValueSpecification\",\"valueRequired\":true,\"valueName\":\"search_term_string\"}}],\"inLanguage\":\"es\"},{\"@type\":\"Organization\",\"@id\":\"https:\\\/\\\/cvinoticias.com\\\/v3\\\/#organization\",\"name\":\"CVI NOTICIAS\",\"url\":\"https:\\\/\\\/cvinoticias.com\\\/v3\\\/\",\"logo\":{\"@type\":\"ImageObject\",\"inLanguage\":\"es\",\"@id\":\"https:\\\/\\\/cvinoticias.com\\\/v3\\\/#\\\/schema\\\/logo\\\/image\\\/\",\"url\":\"https:\\\/\\\/cvinoticias.com\\\/wp-content\\\/uploads\\\/2023\\\/04\\\/cropped-cropped-cropped-cropped-cropped-3-1.png\",\"contentUrl\":\"https:\\\/\\\/cvinoticias.com\\\/wp-content\\\/uploads\\\/2023\\\/04\\\/cropped-cropped-cropped-cropped-cropped-3-1.png\",\"width\":95,\"height\":122,\"caption\":\"CVI NOTICIAS\"},\"image\":{\"@id\":\"https:\\\/\\\/cvinoticias.com\\\/v3\\\/#\\\/schema\\\/logo\\\/image\\\/\"},\"sameAs\":[\"https:\\\/\\\/www.facebook.com\\\/cvinoticias\",\"https:\\\/\\\/www.instagram.com\\\/cvinoticias\\\/\",\"https:\\\/\\\/www.youtube.com\\\/@CVINOTICIAS\"]},{\"@type\":\"Person\",\"@id\":\"https:\\\/\\\/cvinoticias.com\\\/v3\\\/#\\\/schema\\\/person\\\/2db77e3c6bc03c538495d7b2b8be9b66\",\"name\":\"f1000024\",\"image\":{\"@type\":\"ImageObject\",\"inLanguage\":\"es\",\"@id\":\"https:\\\/\\\/secure.gravatar.com\\\/avatar\\\/d4fe7459cfc51ff5129ce1a732bbef5928568b8092d412ef95611616376bbeed?s=96&d=mm&r=g\",\"url\":\"https:\\\/\\\/secure.gravatar.com\\\/avatar\\\/d4fe7459cfc51ff5129ce1a732bbef5928568b8092d412ef95611616376bbeed?s=96&d=mm&r=g\",\"contentUrl\":\"https:\\\/\\\/secure.gravatar.com\\\/avatar\\\/d4fe7459cfc51ff5129ce1a732bbef5928568b8092d412ef95611616376bbeed?s=96&d=mm&r=g\",\"caption\":\"f1000024\"},\"url\":\"https:\\\/\\\/cvinoticias.com\\\/v3\\\/author\\\/f1000024\\\/\"}]}<\/script>\n<!-- \/ Yoast SEO plugin. -->","yoast_head_json":{"title":"Marco Antonio Sol\u00eds llega en octubre a Resistencia | CVI NOTICIAS","robots":{"index":"index","follow":"follow","max-snippet":"max-snippet:-1","max-image-preview":"max-image-preview:large","max-video-preview":"max-video-preview:-1"},"canonical":"https:\/\/cvinoticias.com\/v3\/marco-antonio-solis-llega-en-octubre-a-resistencia\/","og_locale":"es_ES","og_type":"article","og_title":"Marco Antonio Sol\u00eds llega en octubre a Resistencia | CVI NOTICIAS","og_description":"El cantante anunci\u00f3 en sus redes sociales que, el mes que viene, visitar\u00e1 nuestro pa\u00eds y, espec\u00edficamente, la ciudad de Resistencia, en el Estadio Centenario. Este martes, el cantautor mexicano Marco Antonio Sol\u00eds, anunci\u00f3 a trav\u00e9s de sus redes sociales que contin\u00faa con su gira por distintos pa\u00edses, en el marco del tour denominado \u201cQu\u00e9 [&hellip;]","og_url":"https:\/\/cvinoticias.com\/v3\/marco-antonio-solis-llega-en-octubre-a-resistencia\/","og_site_name":"CVI NOTICIAS","article_publisher":"https:\/\/www.facebook.com\/cvinoticias","article_published_time":"2022-09-07T19:33:16+00:00","article_modified_time":"2022-09-07T19:43:27+00:00","og_image":[{"width":792,"height":751,"url":"https:\/\/cvinoticias.com\/wp-content\/uploads\/2022\/09\/Screenshot_20220907-163136_Facebook.jpg","type":"image\/jpeg"}],"author":"f1000024","twitter_card":"summary_large_image","twitter_misc":{"Escrito por":"f1000024","Tiempo de lectura":"1 minuto"},"schema":{"@context":"https:\/\/schema.org","@graph":[{"@type":"Article","@id":"https:\/\/cvinoticias.com\/v3\/marco-antonio-solis-llega-en-octubre-a-resistencia\/#article","isPartOf":{"@id":"https:\/\/cvinoticias.com\/v3\/marco-antonio-solis-llega-en-octubre-a-resistencia\/"},"author":{"name":"f1000024","@id":"https:\/\/cvinoticias.com\/v3\/#\/schema\/person\/2db77e3c6bc03c538495d7b2b8be9b66"},"headline":"Marco Antonio Sol\u00eds llega en octubre a Resistencia","datePublished":"2022-09-07T19:33:16+00:00","dateModified":"2022-09-07T19:43:27+00:00","mainEntityOfPage":{"@id":"https:\/\/cvinoticias.com\/v3\/marco-antonio-solis-llega-en-octubre-a-resistencia\/"},"wordCount":209,"commentCount":0,"publisher":{"@id":"https:\/\/cvinoticias.com\/v3\/#organization"},"image":{"@id":"https:\/\/cvinoticias.com\/v3\/marco-antonio-solis-llega-en-octubre-a-resistencia\/#primaryimage"},"thumbnailUrl":"https:\/\/cvinoticias.com\/wp-content\/uploads\/2022\/09\/Screenshot_20220907-163136_Facebook.jpg","articleSection":["Espect\u00e1culos"],"inLanguage":"es","potentialAction":[{"@type":"CommentAction","name":"Comment","target":["https:\/\/cvinoticias.com\/v3\/marco-antonio-solis-llega-en-octubre-a-resistencia\/#respond"]}]},{"@type":"WebPage","@id":"https:\/\/cvinoticias.com\/v3\/marco-antonio-solis-llega-en-octubre-a-resistencia\/","url":"https:\/\/cvinoticias.com\/v3\/marco-antonio-solis-llega-en-octubre-a-resistencia\/","name":"Marco Antonio Sol\u00eds llega en octubre a Resistencia | CVI NOTICIAS","isPartOf":{"@id":"https:\/\/cvinoticias.com\/v3\/#website"},"primaryImageOfPage":{"@id":"https:\/\/cvinoticias.com\/v3\/marco-antonio-solis-llega-en-octubre-a-resistencia\/#primaryimage"},"image":{"@id":"https:\/\/cvinoticias.com\/v3\/marco-antonio-solis-llega-en-octubre-a-resistencia\/#primaryimage"},"thumbnailUrl":"https:\/\/cvinoticias.com\/wp-content\/uploads\/2022\/09\/Screenshot_20220907-163136_Facebook.jpg","datePublished":"2022-09-07T19:33:16+00:00","dateModified":"2022-09-07T19:43:27+00:00","breadcrumb":{"@id":"https:\/\/cvinoticias.com\/v3\/marco-antonio-solis-llega-en-octubre-a-resistencia\/#breadcrumb"},"inLanguage":"es","potentialAction":[{"@type":"ReadAction","target":["https:\/\/cvinoticias.com\/v3\/marco-antonio-solis-llega-en-octubre-a-resistencia\/"]}]},{"@type":"ImageObject","inLanguage":"es","@id":"https:\/\/cvinoticias.com\/v3\/marco-antonio-solis-llega-en-octubre-a-resistencia\/#primaryimage","url":"https:\/\/cvinoticias.com\/wp-content\/uploads\/2022\/09\/Screenshot_20220907-163136_Facebook.jpg","contentUrl":"https:\/\/cvinoticias.com\/wp-content\/uploads\/2022\/09\/Screenshot_20220907-163136_Facebook.jpg","width":792,"height":751},{"@type":"BreadcrumbList","@id":"https:\/\/cvinoticias.com\/v3\/marco-antonio-solis-llega-en-octubre-a-resistencia\/#breadcrumb","itemListElement":[{"@type":"ListItem","position":1,"name":"Portada","item":"https:\/\/cvinoticias.com\/v3\/"},{"@type":"ListItem","position":2,"name":"Marco Antonio Sol\u00eds llega en octubre a Resistencia"}]},{"@type":"WebSite","@id":"https:\/\/cvinoticias.com\/v3\/#website","url":"https:\/\/cvinoticias.com\/v3\/","name":"CVI NOTICIAS","description":"","publisher":{"@id":"https:\/\/cvinoticias.com\/v3\/#organization"},"alternateName":"CVI","potentialAction":[{"@type":"SearchAction","target":{"@type":"EntryPoint","urlTemplate":"https:\/\/cvinoticias.com\/v3\/?s={search_term_string}"},"query-input":{"@type":"PropertyValueSpecification","valueRequired":true,"valueName":"search_term_string"}}],"inLanguage":"es"},{"@type":"Organization","@id":"https:\/\/cvinoticias.com\/v3\/#organization","name":"CVI NOTICIAS","url":"https:\/\/cvinoticias.com\/v3\/","logo":{"@type":"ImageObject","inLanguage":"es","@id":"https:\/\/cvinoticias.com\/v3\/#\/schema\/logo\/image\/","url":"https:\/\/cvinoticias.com\/wp-content\/uploads\/2023\/04\/cropped-cropped-cropped-cropped-cropped-3-1.png","contentUrl":"https:\/\/cvinoticias.com\/wp-content\/uploads\/2023\/04\/cropped-cropped-cropped-cropped-cropped-3-1.png","width":95,"height":122,"caption":"CVI NOTICIAS"},"image":{"@id":"https:\/\/cvinoticias.com\/v3\/#\/schema\/logo\/image\/"},"sameAs":["https:\/\/www.facebook.com\/cvinoticias","https:\/\/www.instagram.com\/cvinoticias\/","https:\/\/www.youtube.com\/@CVINOTICIAS"]},{"@type":"Person","@id":"https:\/\/cvinoticias.com\/v3\/#\/schema\/person\/2db77e3c6bc03c538495d7b2b8be9b66","name":"f1000024","image":{"@type":"ImageObject","inLanguage":"es","@id":"https:\/\/secure.gravatar.com\/avatar\/d4fe7459cfc51ff5129ce1a732bbef5928568b8092d412ef95611616376bbeed?s=96&d=mm&r=g","url":"https:\/\/secure.gravatar.com\/avatar\/d4fe7459cfc51ff5129ce1a732bbef5928568b8092d412ef95611616376bbeed?s=96&d=mm&r=g","contentUrl":"https:\/\/secure.gravatar.com\/avatar\/d4fe7459cfc51ff5129ce1a732bbef5928568b8092d412ef95611616376bbeed?s=96&d=mm&r=g","caption":"f1000024"},"url":"https:\/\/cvinoticias.com\/v3\/author\/f1000024\/"}]}},"_links":{"self":[{"href":"https:\/\/cvinoticias.com\/v3\/wp-json\/wp\/v2\/posts\/19007","targetHints":{"allow":["GET"]}}],"collection":[{"href":"https:\/\/cvinoticias.com\/v3\/wp-json\/wp\/v2\/posts"}],"about":[{"href":"https:\/\/cvinoticias.com\/v3\/wp-json\/wp\/v2\/types\/post"}],"author":[{"embeddable":true,"href":"https:\/\/cvinoticias.com\/v3\/wp-json\/wp\/v2\/users\/2"}],"replies":[{"embeddable":true,"href":"https:\/\/cvinoticias.com\/v3\/wp-json\/wp\/v2\/comments?post=19007"}],"version-history":[{"count":2,"href":"https:\/\/cvinoticias.com\/v3\/wp-json\/wp\/v2\/posts\/19007\/revisions"}],"predecessor-version":[{"id":19011,"href":"https:\/\/cvinoticias.com\/v3\/wp-json\/wp\/v2\/posts\/19007\/revisions\/19011"}],"wp:featuredmedia":[{"embeddable":true,"href":"https:\/\/cvinoticias.com\/v3\/wp-json\/wp\/v2\/media\/19009"}],"wp:attachment":[{"href":"https:\/\/cvinoticias.com\/v3\/wp-json\/wp\/v2\/media?parent=19007"}],"wp:term":[{"taxonomy":"category","embeddable":true,"href":"https:\/\/cvinoticias.com\/v3\/wp-json\/wp\/v2\/categories?post=19007"},{"taxonomy":"post_tag","embeddable":true,"href":"https:\/\/cvinoticias.com\/v3\/wp-json\/wp\/v2\/tags?post=19007"}],"curies":[{"name":"wp","href":"https:\/\/api.w.org\/{rel}","templated":true}]}}