{"id":18985,"date":"2022-09-07T09:47:13","date_gmt":"2022-09-07T09:47:13","guid":{"rendered":"https:\/\/cvinoticias.com\/v3\/?p=18985"},"modified":"2022-09-07T09:47:13","modified_gmt":"2022-09-07T09:47:13","slug":"el-gobierno-oficializo-el-refuerzo-mensual-de-20-mil","status":"publish","type":"post","link":"https:\/\/cvinoticias.com\/v3\/el-gobierno-oficializo-el-refuerzo-mensual-de-20-mil\/","title":{"rendered":"El Gobierno oficializ\u00f3 el refuerzo mensual de $20 mil"},"content":{"rendered":"\n<p><strong><em>Est\u00e1 destinado a asalariados con ingresos por grupo familiar de hasta $131.208 durante los meses de septiembre, octubre y noviembre.<\/em><\/strong><\/p>\n\n\n\n<p>Mediante el decreto 578\/2022 publicado este mi\u00e9rcoles en el Bolet\u00edn Oficial, el Gobierno nacional oficializ\u00f3 el bono mensual de $20 mil pesos que se le otorgar\u00e1 por tres meses por hijo o hija a asalariados que por grupo familiar no alcancen los $131.208 de ingresos por mes.<\/p>\n\n\n\n<p>\u00abEl monto del Refuerzo Mensual se abonar\u00e1 por cada hijo e hija, en los meses de septiembre, octubre y noviembre de 2022 y consistir\u00e1 en una suma fija no remunerativa equivalente a la cantidad necesaria hasta alcanzar la suma de 20 mil pesos\u00bb, explica la resoluci\u00f3n en el art\u00edculo 3.<\/p>\n\n\n\n<p>El Refuerzo Mensual para las personas titulares de la Asignaci\u00f3n por Hijo e Hija, e Hijo e Hija con Discapacidad, seg\u00fan nombre la disposici\u00f3n, corresponde a hijos e hijas menores de 18 a\u00f1os de trabajadoras\/es en relaci\u00f3n de dependencia, personas que cobren a trav\u00e9s de una Aseguradora de Riesgos del Trabajo y trabajadoras\/es monotributistas.<\/p>\n\n\n\n<p>Tambi\u00e9n abarca a personas que cobren la Prestaci\u00f3n por Desempleo, personas que cobren la Pensi\u00f3n Honor\u00edfica de Veteranos de Guerra del Atl\u00e1ntico Sur, una Pensi\u00f3n No Contributiva por Invalidez o asignaci\u00f3n por trasplante y tambi\u00e9n para jubiladas\/os y pensionadas\/os.<\/p>\n\n\n\n<p>\u00abEl Refuerzo Mensual que se otorga por el presente decreto se abonar\u00e1 a las personas titulares que hayan percibido en el mes de septiembre de 2022 las Asignaciones por Hijo e Hija y\/o Hijo o Hija con Discapacidad correspondientes al mes de julio de 2022; en el mes de octubre de 2022 las correspondientes al mes de agosto de 2022 y en el mes de noviembre de 2022 las correspondientes al mes de septiembre de 2022; y no ser\u00e1 susceptible de descuento alguno ni computable para ning\u00fan otro concepto\u00bb, detalla el art\u00edculo 4.<\/p>\n\n\n\n<p>Por otro lado, el decreto argumenta que \u00abla implementaci\u00f3n del referido Refuerzo Mensual permite que las familias asalariadas registradas con ni\u00f1os y ni\u00f1as a cargo superen, en conjunto con sus ingresos familiares, el umbral de ingresos necesarios para adquirir los bienes y servicios de una canasta total calculada para el grupo familiar\u00bb.<\/p>\n\n\n\n<p>La medida se financiar\u00e1 con el Adelanto por el Pago del Impuesto a las Ganancias, mediante el cual el Gobierno espera recaudar m\u00e1s de 250 mil millones de pesos. El Adelanto impactar\u00e1 sobre unas 1900 empresas que deber\u00e1n pagarle al fisco hasta un 25% del total final en pagos a cuenta.<\/p>\n\n\n\n<p>De acuerdo a un comunicado difundido por el ANSES el d\u00eda del anuncio, \u00abeste incremento alcanza a m\u00e1s de 1,8 millones de ni\u00f1as, ni\u00f1os y adolescentes y a m\u00e1s de 1,1 mill\u00f3n de trabajadoras y trabajadores registrados. El resto de las y los trabajadores registrados cobrar\u00e1n 15,53% de aumento por la Ley de Movilidad\u00bb.<\/p>\n","protected":false},"excerpt":{"rendered":"<p>Est\u00e1 destinado a asalariados con ingresos por grupo familiar de hasta $131.208 durante los meses de septiembre, octubre y noviembre. Mediante el decreto 578\/2022 publicado este mi\u00e9rcoles en el Bolet\u00edn Oficial, el Gobierno nacional oficializ\u00f3 el bono mensual de $20 mil pesos que se le otorgar\u00e1 por tres meses por hijo o hija a asalariados [&hellip;]<\/p>\n","protected":false},"author":2,"featured_media":18987,"comment_status":"open","ping_status":"open","sticky":false,"template":"","format":"standard","meta":{"footnotes":""},"categories":[32],"tags":[],"class_list":["post-18985","post","type-post","status-publish","format-standard","has-post-thumbnail","hentry","category-economia"],"yoast_head":"<!-- This site is optimized with the Yoast SEO plugin v27.4 - https:\/\/yoast.com\/product\/yoast-seo-wordpress\/ -->\n<title>El Gobierno oficializ\u00f3 el refuerzo mensual de $20 mil | CVI NOTICIAS<\/title>\n<meta name=\"robots\" content=\"index, follow, max-snippet:-1, max-image-preview:large, max-video-preview:-1\" \/>\n<link rel=\"canonical\" href=\"https:\/\/cvinoticias.com\/v3\/el-gobierno-oficializo-el-refuerzo-mensual-de-20-mil\/\" \/>\n<meta property=\"og:locale\" content=\"es_ES\" \/>\n<meta property=\"og:type\" content=\"article\" \/>\n<meta property=\"og:title\" content=\"El Gobierno oficializ\u00f3 el refuerzo mensual de $20 mil | CVI NOTICIAS\" \/>\n<meta property=\"og:description\" content=\"Est\u00e1 destinado a asalariados con ingresos por grupo familiar de hasta $131.208 durante los meses de septiembre, octubre y noviembre. Mediante el decreto 578\/2022 publicado este mi\u00e9rcoles en el Bolet\u00edn Oficial, el Gobierno nacional oficializ\u00f3 el bono mensual de $20 mil pesos que se le otorgar\u00e1 por tres meses por hijo o hija a asalariados [&hellip;]\" \/>\n<meta property=\"og:url\" content=\"https:\/\/cvinoticias.com\/v3\/el-gobierno-oficializo-el-refuerzo-mensual-de-20-mil\/\" \/>\n<meta property=\"og:site_name\" content=\"CVI NOTICIAS\" \/>\n<meta property=\"article:publisher\" content=\"https:\/\/www.facebook.com\/cvinoticias\" \/>\n<meta property=\"article:published_time\" content=\"2022-09-07T09:47:13+00:00\" \/>\n<meta property=\"og:image\" content=\"https:\/\/cvinoticias.com\/wp-content\/uploads\/2022\/09\/0000098023.jpg\" \/>\n\t<meta property=\"og:image:width\" content=\"1200\" \/>\n\t<meta property=\"og:image:height\" content=\"675\" \/>\n\t<meta property=\"og:image:type\" content=\"image\/jpeg\" \/>\n<meta name=\"author\" content=\"f1000024\" \/>\n<meta name=\"twitter:card\" content=\"summary_large_image\" \/>\n<meta name=\"twitter:label1\" content=\"Escrito por\" \/>\n\t<meta name=\"twitter:data1\" content=\"f1000024\" \/>\n\t<meta name=\"twitter:label2\" content=\"Tiempo de lectura\" \/>\n\t<meta name=\"twitter:data2\" content=\"2 minutos\" \/>\n<script type=\"application\/ld+json\" class=\"yoast-schema-graph\">{\"@context\":\"https:\\\/\\\/schema.org\",\"@graph\":[{\"@type\":\"Article\",\"@id\":\"https:\\\/\\\/cvinoticias.com\\\/v3\\\/el-gobierno-oficializo-el-refuerzo-mensual-de-20-mil\\\/#article\",\"isPartOf\":{\"@id\":\"https:\\\/\\\/cvinoticias.com\\\/v3\\\/el-gobierno-oficializo-el-refuerzo-mensual-de-20-mil\\\/\"},\"author\":{\"name\":\"f1000024\",\"@id\":\"https:\\\/\\\/cvinoticias.com\\\/v3\\\/#\\\/schema\\\/person\\\/2db77e3c6bc03c538495d7b2b8be9b66\"},\"headline\":\"El Gobierno oficializ\u00f3 el refuerzo mensual de $20 mil\",\"datePublished\":\"2022-09-07T09:47:13+00:00\",\"mainEntityOfPage\":{\"@id\":\"https:\\\/\\\/cvinoticias.com\\\/v3\\\/el-gobierno-oficializo-el-refuerzo-mensual-de-20-mil\\\/\"},\"wordCount\":484,\"commentCount\":0,\"publisher\":{\"@id\":\"https:\\\/\\\/cvinoticias.com\\\/v3\\\/#organization\"},\"image\":{\"@id\":\"https:\\\/\\\/cvinoticias.com\\\/v3\\\/el-gobierno-oficializo-el-refuerzo-mensual-de-20-mil\\\/#primaryimage\"},\"thumbnailUrl\":\"https:\\\/\\\/cvinoticias.com\\\/wp-content\\\/uploads\\\/2022\\\/09\\\/0000098023.jpg\",\"articleSection\":[\"Econom\u00eda\"],\"inLanguage\":\"es\",\"potentialAction\":[{\"@type\":\"CommentAction\",\"name\":\"Comment\",\"target\":[\"https:\\\/\\\/cvinoticias.com\\\/v3\\\/el-gobierno-oficializo-el-refuerzo-mensual-de-20-mil\\\/#respond\"]}]},{\"@type\":\"WebPage\",\"@id\":\"https:\\\/\\\/cvinoticias.com\\\/v3\\\/el-gobierno-oficializo-el-refuerzo-mensual-de-20-mil\\\/\",\"url\":\"https:\\\/\\\/cvinoticias.com\\\/v3\\\/el-gobierno-oficializo-el-refuerzo-mensual-de-20-mil\\\/\",\"name\":\"El Gobierno oficializ\u00f3 el refuerzo mensual de $20 mil | CVI NOTICIAS\",\"isPartOf\":{\"@id\":\"https:\\\/\\\/cvinoticias.com\\\/v3\\\/#website\"},\"primaryImageOfPage\":{\"@id\":\"https:\\\/\\\/cvinoticias.com\\\/v3\\\/el-gobierno-oficializo-el-refuerzo-mensual-de-20-mil\\\/#primaryimage\"},\"image\":{\"@id\":\"https:\\\/\\\/cvinoticias.com\\\/v3\\\/el-gobierno-oficializo-el-refuerzo-mensual-de-20-mil\\\/#primaryimage\"},\"thumbnailUrl\":\"https:\\\/\\\/cvinoticias.com\\\/wp-content\\\/uploads\\\/2022\\\/09\\\/0000098023.jpg\",\"datePublished\":\"2022-09-07T09:47:13+00:00\",\"breadcrumb\":{\"@id\":\"https:\\\/\\\/cvinoticias.com\\\/v3\\\/el-gobierno-oficializo-el-refuerzo-mensual-de-20-mil\\\/#breadcrumb\"},\"inLanguage\":\"es\",\"potentialAction\":[{\"@type\":\"ReadAction\",\"target\":[\"https:\\\/\\\/cvinoticias.com\\\/v3\\\/el-gobierno-oficializo-el-refuerzo-mensual-de-20-mil\\\/\"]}]},{\"@type\":\"ImageObject\",\"inLanguage\":\"es\",\"@id\":\"https:\\\/\\\/cvinoticias.com\\\/v3\\\/el-gobierno-oficializo-el-refuerzo-mensual-de-20-mil\\\/#primaryimage\",\"url\":\"https:\\\/\\\/cvinoticias.com\\\/wp-content\\\/uploads\\\/2022\\\/09\\\/0000098023.jpg\",\"contentUrl\":\"https:\\\/\\\/cvinoticias.com\\\/wp-content\\\/uploads\\\/2022\\\/09\\\/0000098023.jpg\",\"width\":1200,\"height\":675},{\"@type\":\"BreadcrumbList\",\"@id\":\"https:\\\/\\\/cvinoticias.com\\\/v3\\\/el-gobierno-oficializo-el-refuerzo-mensual-de-20-mil\\\/#breadcrumb\",\"itemListElement\":[{\"@type\":\"ListItem\",\"position\":1,\"name\":\"Portada\",\"item\":\"https:\\\/\\\/cvinoticias.com\\\/v3\\\/\"},{\"@type\":\"ListItem\",\"position\":2,\"name\":\"El Gobierno oficializ\u00f3 el refuerzo mensual de $20 mil\"}]},{\"@type\":\"WebSite\",\"@id\":\"https:\\\/\\\/cvinoticias.com\\\/v3\\\/#website\",\"url\":\"https:\\\/\\\/cvinoticias.com\\\/v3\\\/\",\"name\":\"CVI NOTICIAS\",\"description\":\"\",\"publisher\":{\"@id\":\"https:\\\/\\\/cvinoticias.com\\\/v3\\\/#organization\"},\"alternateName\":\"CVI\",\"potentialAction\":[{\"@type\":\"SearchAction\",\"target\":{\"@type\":\"EntryPoint\",\"urlTemplate\":\"https:\\\/\\\/cvinoticias.com\\\/v3\\\/?s={search_term_string}\"},\"query-input\":{\"@type\":\"PropertyValueSpecification\",\"valueRequired\":true,\"valueName\":\"search_term_string\"}}],\"inLanguage\":\"es\"},{\"@type\":\"Organization\",\"@id\":\"https:\\\/\\\/cvinoticias.com\\\/v3\\\/#organization\",\"name\":\"CVI NOTICIAS\",\"url\":\"https:\\\/\\\/cvinoticias.com\\\/v3\\\/\",\"logo\":{\"@type\":\"ImageObject\",\"inLanguage\":\"es\",\"@id\":\"https:\\\/\\\/cvinoticias.com\\\/v3\\\/#\\\/schema\\\/logo\\\/image\\\/\",\"url\":\"https:\\\/\\\/cvinoticias.com\\\/wp-content\\\/uploads\\\/2023\\\/04\\\/cropped-cropped-cropped-cropped-cropped-3-1.png\",\"contentUrl\":\"https:\\\/\\\/cvinoticias.com\\\/wp-content\\\/uploads\\\/2023\\\/04\\\/cropped-cropped-cropped-cropped-cropped-3-1.png\",\"width\":95,\"height\":122,\"caption\":\"CVI NOTICIAS\"},\"image\":{\"@id\":\"https:\\\/\\\/cvinoticias.com\\\/v3\\\/#\\\/schema\\\/logo\\\/image\\\/\"},\"sameAs\":[\"https:\\\/\\\/www.facebook.com\\\/cvinoticias\",\"https:\\\/\\\/www.instagram.com\\\/cvinoticias\\\/\",\"https:\\\/\\\/www.youtube.com\\\/@CVINOTICIAS\"]},{\"@type\":\"Person\",\"@id\":\"https:\\\/\\\/cvinoticias.com\\\/v3\\\/#\\\/schema\\\/person\\\/2db77e3c6bc03c538495d7b2b8be9b66\",\"name\":\"f1000024\",\"image\":{\"@type\":\"ImageObject\",\"inLanguage\":\"es\",\"@id\":\"https:\\\/\\\/secure.gravatar.com\\\/avatar\\\/d4fe7459cfc51ff5129ce1a732bbef5928568b8092d412ef95611616376bbeed?s=96&d=mm&r=g\",\"url\":\"https:\\\/\\\/secure.gravatar.com\\\/avatar\\\/d4fe7459cfc51ff5129ce1a732bbef5928568b8092d412ef95611616376bbeed?s=96&d=mm&r=g\",\"contentUrl\":\"https:\\\/\\\/secure.gravatar.com\\\/avatar\\\/d4fe7459cfc51ff5129ce1a732bbef5928568b8092d412ef95611616376bbeed?s=96&d=mm&r=g\",\"caption\":\"f1000024\"},\"url\":\"https:\\\/\\\/cvinoticias.com\\\/v3\\\/author\\\/f1000024\\\/\"}]}<\/script>\n<!-- \/ Yoast SEO plugin. -->","yoast_head_json":{"title":"El Gobierno oficializ\u00f3 el refuerzo mensual de $20 mil | CVI NOTICIAS","robots":{"index":"index","follow":"follow","max-snippet":"max-snippet:-1","max-image-preview":"max-image-preview:large","max-video-preview":"max-video-preview:-1"},"canonical":"https:\/\/cvinoticias.com\/v3\/el-gobierno-oficializo-el-refuerzo-mensual-de-20-mil\/","og_locale":"es_ES","og_type":"article","og_title":"El Gobierno oficializ\u00f3 el refuerzo mensual de $20 mil | CVI NOTICIAS","og_description":"Est\u00e1 destinado a asalariados con ingresos por grupo familiar de hasta $131.208 durante los meses de septiembre, octubre y noviembre. Mediante el decreto 578\/2022 publicado este mi\u00e9rcoles en el Bolet\u00edn Oficial, el Gobierno nacional oficializ\u00f3 el bono mensual de $20 mil pesos que se le otorgar\u00e1 por tres meses por hijo o hija a asalariados [&hellip;]","og_url":"https:\/\/cvinoticias.com\/v3\/el-gobierno-oficializo-el-refuerzo-mensual-de-20-mil\/","og_site_name":"CVI NOTICIAS","article_publisher":"https:\/\/www.facebook.com\/cvinoticias","article_published_time":"2022-09-07T09:47:13+00:00","og_image":[{"width":1200,"height":675,"url":"https:\/\/cvinoticias.com\/wp-content\/uploads\/2022\/09\/0000098023.jpg","type":"image\/jpeg"}],"author":"f1000024","twitter_card":"summary_large_image","twitter_misc":{"Escrito por":"f1000024","Tiempo de lectura":"2 minutos"},"schema":{"@context":"https:\/\/schema.org","@graph":[{"@type":"Article","@id":"https:\/\/cvinoticias.com\/v3\/el-gobierno-oficializo-el-refuerzo-mensual-de-20-mil\/#article","isPartOf":{"@id":"https:\/\/cvinoticias.com\/v3\/el-gobierno-oficializo-el-refuerzo-mensual-de-20-mil\/"},"author":{"name":"f1000024","@id":"https:\/\/cvinoticias.com\/v3\/#\/schema\/person\/2db77e3c6bc03c538495d7b2b8be9b66"},"headline":"El Gobierno oficializ\u00f3 el refuerzo mensual de $20 mil","datePublished":"2022-09-07T09:47:13+00:00","mainEntityOfPage":{"@id":"https:\/\/cvinoticias.com\/v3\/el-gobierno-oficializo-el-refuerzo-mensual-de-20-mil\/"},"wordCount":484,"commentCount":0,"publisher":{"@id":"https:\/\/cvinoticias.com\/v3\/#organization"},"image":{"@id":"https:\/\/cvinoticias.com\/v3\/el-gobierno-oficializo-el-refuerzo-mensual-de-20-mil\/#primaryimage"},"thumbnailUrl":"https:\/\/cvinoticias.com\/wp-content\/uploads\/2022\/09\/0000098023.jpg","articleSection":["Econom\u00eda"],"inLanguage":"es","potentialAction":[{"@type":"CommentAction","name":"Comment","target":["https:\/\/cvinoticias.com\/v3\/el-gobierno-oficializo-el-refuerzo-mensual-de-20-mil\/#respond"]}]},{"@type":"WebPage","@id":"https:\/\/cvinoticias.com\/v3\/el-gobierno-oficializo-el-refuerzo-mensual-de-20-mil\/","url":"https:\/\/cvinoticias.com\/v3\/el-gobierno-oficializo-el-refuerzo-mensual-de-20-mil\/","name":"El Gobierno oficializ\u00f3 el refuerzo mensual de $20 mil | CVI NOTICIAS","isPartOf":{"@id":"https:\/\/cvinoticias.com\/v3\/#website"},"primaryImageOfPage":{"@id":"https:\/\/cvinoticias.com\/v3\/el-gobierno-oficializo-el-refuerzo-mensual-de-20-mil\/#primaryimage"},"image":{"@id":"https:\/\/cvinoticias.com\/v3\/el-gobierno-oficializo-el-refuerzo-mensual-de-20-mil\/#primaryimage"},"thumbnailUrl":"https:\/\/cvinoticias.com\/wp-content\/uploads\/2022\/09\/0000098023.jpg","datePublished":"2022-09-07T09:47:13+00:00","breadcrumb":{"@id":"https:\/\/cvinoticias.com\/v3\/el-gobierno-oficializo-el-refuerzo-mensual-de-20-mil\/#breadcrumb"},"inLanguage":"es","potentialAction":[{"@type":"ReadAction","target":["https:\/\/cvinoticias.com\/v3\/el-gobierno-oficializo-el-refuerzo-mensual-de-20-mil\/"]}]},{"@type":"ImageObject","inLanguage":"es","@id":"https:\/\/cvinoticias.com\/v3\/el-gobierno-oficializo-el-refuerzo-mensual-de-20-mil\/#primaryimage","url":"https:\/\/cvinoticias.com\/wp-content\/uploads\/2022\/09\/0000098023.jpg","contentUrl":"https:\/\/cvinoticias.com\/wp-content\/uploads\/2022\/09\/0000098023.jpg","width":1200,"height":675},{"@type":"BreadcrumbList","@id":"https:\/\/cvinoticias.com\/v3\/el-gobierno-oficializo-el-refuerzo-mensual-de-20-mil\/#breadcrumb","itemListElement":[{"@type":"ListItem","position":1,"name":"Portada","item":"https:\/\/cvinoticias.com\/v3\/"},{"@type":"ListItem","position":2,"name":"El Gobierno oficializ\u00f3 el refuerzo mensual de $20 mil"}]},{"@type":"WebSite","@id":"https:\/\/cvinoticias.com\/v3\/#website","url":"https:\/\/cvinoticias.com\/v3\/","name":"CVI NOTICIAS","description":"","publisher":{"@id":"https:\/\/cvinoticias.com\/v3\/#organization"},"alternateName":"CVI","potentialAction":[{"@type":"SearchAction","target":{"@type":"EntryPoint","urlTemplate":"https:\/\/cvinoticias.com\/v3\/?s={search_term_string}"},"query-input":{"@type":"PropertyValueSpecification","valueRequired":true,"valueName":"search_term_string"}}],"inLanguage":"es"},{"@type":"Organization","@id":"https:\/\/cvinoticias.com\/v3\/#organization","name":"CVI NOTICIAS","url":"https:\/\/cvinoticias.com\/v3\/","logo":{"@type":"ImageObject","inLanguage":"es","@id":"https:\/\/cvinoticias.com\/v3\/#\/schema\/logo\/image\/","url":"https:\/\/cvinoticias.com\/wp-content\/uploads\/2023\/04\/cropped-cropped-cropped-cropped-cropped-3-1.png","contentUrl":"https:\/\/cvinoticias.com\/wp-content\/uploads\/2023\/04\/cropped-cropped-cropped-cropped-cropped-3-1.png","width":95,"height":122,"caption":"CVI NOTICIAS"},"image":{"@id":"https:\/\/cvinoticias.com\/v3\/#\/schema\/logo\/image\/"},"sameAs":["https:\/\/www.facebook.com\/cvinoticias","https:\/\/www.instagram.com\/cvinoticias\/","https:\/\/www.youtube.com\/@CVINOTICIAS"]},{"@type":"Person","@id":"https:\/\/cvinoticias.com\/v3\/#\/schema\/person\/2db77e3c6bc03c538495d7b2b8be9b66","name":"f1000024","image":{"@type":"ImageObject","inLanguage":"es","@id":"https:\/\/secure.gravatar.com\/avatar\/d4fe7459cfc51ff5129ce1a732bbef5928568b8092d412ef95611616376bbeed?s=96&d=mm&r=g","url":"https:\/\/secure.gravatar.com\/avatar\/d4fe7459cfc51ff5129ce1a732bbef5928568b8092d412ef95611616376bbeed?s=96&d=mm&r=g","contentUrl":"https:\/\/secure.gravatar.com\/avatar\/d4fe7459cfc51ff5129ce1a732bbef5928568b8092d412ef95611616376bbeed?s=96&d=mm&r=g","caption":"f1000024"},"url":"https:\/\/cvinoticias.com\/v3\/author\/f1000024\/"}]}},"_links":{"self":[{"href":"https:\/\/cvinoticias.com\/v3\/wp-json\/wp\/v2\/posts\/18985","targetHints":{"allow":["GET"]}}],"collection":[{"href":"https:\/\/cvinoticias.com\/v3\/wp-json\/wp\/v2\/posts"}],"about":[{"href":"https:\/\/cvinoticias.com\/v3\/wp-json\/wp\/v2\/types\/post"}],"author":[{"embeddable":true,"href":"https:\/\/cvinoticias.com\/v3\/wp-json\/wp\/v2\/users\/2"}],"replies":[{"embeddable":true,"href":"https:\/\/cvinoticias.com\/v3\/wp-json\/wp\/v2\/comments?post=18985"}],"version-history":[{"count":1,"href":"https:\/\/cvinoticias.com\/v3\/wp-json\/wp\/v2\/posts\/18985\/revisions"}],"predecessor-version":[{"id":18988,"href":"https:\/\/cvinoticias.com\/v3\/wp-json\/wp\/v2\/posts\/18985\/revisions\/18988"}],"wp:featuredmedia":[{"embeddable":true,"href":"https:\/\/cvinoticias.com\/v3\/wp-json\/wp\/v2\/media\/18987"}],"wp:attachment":[{"href":"https:\/\/cvinoticias.com\/v3\/wp-json\/wp\/v2\/media?parent=18985"}],"wp:term":[{"taxonomy":"category","embeddable":true,"href":"https:\/\/cvinoticias.com\/v3\/wp-json\/wp\/v2\/categories?post=18985"},{"taxonomy":"post_tag","embeddable":true,"href":"https:\/\/cvinoticias.com\/v3\/wp-json\/wp\/v2\/tags?post=18985"}],"curies":[{"name":"wp","href":"https:\/\/api.w.org\/{rel}","templated":true}]}}