{"id":18962,"date":"2022-09-06T10:53:53","date_gmt":"2022-09-06T10:53:53","guid":{"rendered":"https:\/\/cvinoticias.com\/v3\/?p=18962"},"modified":"2022-09-06T10:53:53","modified_gmt":"2022-09-06T10:53:53","slug":"misiones-registro-la-mayor-suba-de-empleo-formal-del-pais","status":"publish","type":"post","link":"https:\/\/cvinoticias.com\/v3\/misiones-registro-la-mayor-suba-de-empleo-formal-del-pais\/","title":{"rendered":"Misiones registr\u00f3 la mayor suba de empleo formal del pa\u00eds"},"content":{"rendered":"\n<p><strong><em>La Provincia de Misiones registr\u00f3 la mayor suba interanual de empleo formal del pa\u00eds en el mes de junio, seg\u00fan datos publicados este lunes por el INDEC.<\/em><\/strong><\/p>\n\n\n\n<p>En junio se contabilizaron en Misiones unos 104,7 mil trabajadores en el sector privado formal en la serie desestacionalizada, lo que implica un fuerte incremento del 2% en relaci\u00f3n con el mes previo (+2.008 nuevos empleos). Pero en la comparaci\u00f3n interanual, junio \/21 a junio\/22 Misiones mostr\u00f3 un incremento del 3,9% (+4.167 puestos de trabajo).<\/p>\n\n\n\n<p>De esta forma, Misiones tuvo el mayor incremento relativo de todo el pa\u00eds, posici\u00f3n que comparte con Tierra del Fuego que tuvo la misma tasa de crecimiento, pero con menores puestos de trabajo creados (752).<\/p>\n\n\n\n<p>Contra el a\u00f1o anterior el empleo contin\u00faa exhibiendo alzas, acelerando su tasa de crecimiento respecto a meses previos: la suba interanual de junio fue del 3,9% (+4.167 empleos). Adem\u00e1s, si se compara contra igual mes de a\u00f1os previos, el empleo privado formal misionero crece 7,4% contra 2020 y +1,6% contra 2019, aunque sigue 0,5% por debajo de 2018.<\/p>\n\n\n\n<p>En el NEA Misiones conserva su posici\u00f3n como la provincia con el mercado laboral formal privado m\u00e1s grande de la regi\u00f3n (concentra el 36,7% del total regional) siendo adem\u00e1s la \u00fanica provincia en tener m\u00e1s de 100 mil personas bajo esta condici\u00f3n (Chaco registra 76,7 mil; Corrientes 77,6 mil; y Formosa, 26,7 mil).<\/p>\n\n\n\n<p>Al analizar el desempe\u00f1o de este indicador, en relaci\u00f3n con el mes previo al inicio de la pandemia (febrero 2020), se observa que el empleo formal privado misionero crece 7,4%, creando 7.181 puestos de trabajo desde dicho momento, explicando casi el 41% del total de los nuevos empleos creado en el NEA durante este per\u00edodo.<\/p>\n\n\n\n<p>Las pol\u00edticas del Estado provincial tuvieron una fuerte influencia en los resultados laborales. Desde los programas AHORA que incentivan el consumo, la pol\u00edtica de obras p\u00fablicas, el financiamiento a los emprendedores y el impulso a la econom\u00eda del conocimiento generaron un combo que potenci\u00f3 la creaci\u00f3n de empleo en blanco por encima de todas las provincias del pa\u00eds.<\/p>\n\n\n\n<p>Las condiciones econ\u00f3micas, sumado a un estado equilibrado, permiten dise\u00f1ar pol\u00edticas a largo plazo y atender en forma horizontal llegando a todos los sectores, como por ejemplo con la educaci\u00f3n de vanguardia, con boletos gratuitos para los estudiantes, con salud p\u00fablica de calidad.<br>Por un lado, se fomenta la creaci\u00f3n de empleo en blanco y por otro se brindan beneficios sociales y econ\u00f3micos que alivian el bolsillo de las familias y mejoran el poder adquisitivo.<\/p>\n\n\n\n<p><strong>Otras provincias<\/strong><\/p>\n\n\n\n<p>En junio, 23 de las 24 jurisdicciones subnacionales observaron incrementos en la comparaci\u00f3n interanual: a la cabeza nuevamente se ubic\u00f3 Catamarca (+17,0%), seguida por Tierra del Fuego (+12,2%) y Formosa (+11,5%), siendo adem\u00e1s las \u00fanicas tres en crecer en doble d\u00edgito. Tucum\u00e1n, por su parte, es la \u00fanica provincia en registrar descensos interanuales (-0,4%).<\/p>\n\n\n\n<p>A su vez, en la comparaci\u00f3n mensual (serie desestacionalizada), Misiones lidera a nivel nacional junto a Tierra del Fuego (+2% en cada caso). Tucum\u00e1n fue, nuevamente, la \u00fanica provincia en registrar ca\u00eddas (-0,9%).<\/p>\n","protected":false},"excerpt":{"rendered":"<p>La Provincia de Misiones registr\u00f3 la mayor suba interanual de empleo formal del pa\u00eds en el mes de junio, seg\u00fan datos publicados este lunes por el INDEC. En junio se contabilizaron en Misiones unos 104,7 mil trabajadores en el sector privado formal en la serie desestacionalizada, lo que implica un fuerte incremento del 2% en [&hellip;]<\/p>\n","protected":false},"author":2,"featured_media":18963,"comment_status":"open","ping_status":"open","sticky":false,"template":"","format":"standard","meta":{"footnotes":""},"categories":[35],"tags":[],"class_list":["post-18962","post","type-post","status-publish","format-standard","has-post-thumbnail","hentry","category-informacion-general"],"yoast_head":"<!-- This site is optimized with the Yoast SEO plugin v27.5 - https:\/\/yoast.com\/product\/yoast-seo-wordpress\/ -->\n<title>Misiones registr\u00f3 la mayor suba de empleo formal del pa\u00eds | CVI NOTICIAS<\/title>\n<meta name=\"robots\" content=\"index, follow, max-snippet:-1, max-image-preview:large, max-video-preview:-1\" \/>\n<link rel=\"canonical\" href=\"https:\/\/cvinoticias.com\/v3\/misiones-registro-la-mayor-suba-de-empleo-formal-del-pais\/\" \/>\n<meta property=\"og:locale\" content=\"es_ES\" \/>\n<meta property=\"og:type\" content=\"article\" \/>\n<meta property=\"og:title\" content=\"Misiones registr\u00f3 la mayor suba de empleo formal del pa\u00eds | CVI NOTICIAS\" \/>\n<meta property=\"og:description\" content=\"La Provincia de Misiones registr\u00f3 la mayor suba interanual de empleo formal del pa\u00eds en el mes de junio, seg\u00fan datos publicados este lunes por el INDEC. En junio se contabilizaron en Misiones unos 104,7 mil trabajadores en el sector privado formal en la serie desestacionalizada, lo que implica un fuerte incremento del 2% en [&hellip;]\" \/>\n<meta property=\"og:url\" content=\"https:\/\/cvinoticias.com\/v3\/misiones-registro-la-mayor-suba-de-empleo-formal-del-pais\/\" \/>\n<meta property=\"og:site_name\" content=\"CVI NOTICIAS\" \/>\n<meta property=\"article:publisher\" content=\"https:\/\/www.facebook.com\/cvinoticias\" \/>\n<meta property=\"article:published_time\" content=\"2022-09-06T10:53:53+00:00\" \/>\n<meta property=\"og:image\" content=\"https:\/\/cvinoticias.com\/wp-content\/uploads\/2022\/09\/IMG-20220906-WA0005.jpg\" \/>\n\t<meta property=\"og:image:width\" content=\"562\" \/>\n\t<meta property=\"og:image:height\" content=\"440\" \/>\n\t<meta property=\"og:image:type\" content=\"image\/jpeg\" \/>\n<meta name=\"author\" content=\"f1000024\" \/>\n<meta name=\"twitter:card\" content=\"summary_large_image\" \/>\n<meta name=\"twitter:label1\" content=\"Escrito por\" \/>\n\t<meta name=\"twitter:data1\" content=\"f1000024\" \/>\n\t<meta name=\"twitter:label2\" content=\"Tiempo de lectura\" \/>\n\t<meta name=\"twitter:data2\" content=\"3 minutos\" \/>\n<script type=\"application\/ld+json\" class=\"yoast-schema-graph\">{\"@context\":\"https:\\\/\\\/schema.org\",\"@graph\":[{\"@type\":\"Article\",\"@id\":\"https:\\\/\\\/cvinoticias.com\\\/v3\\\/misiones-registro-la-mayor-suba-de-empleo-formal-del-pais\\\/#article\",\"isPartOf\":{\"@id\":\"https:\\\/\\\/cvinoticias.com\\\/v3\\\/misiones-registro-la-mayor-suba-de-empleo-formal-del-pais\\\/\"},\"author\":{\"name\":\"f1000024\",\"@id\":\"https:\\\/\\\/cvinoticias.com\\\/v3\\\/#\\\/schema\\\/person\\\/2db77e3c6bc03c538495d7b2b8be9b66\"},\"headline\":\"Misiones registr\u00f3 la mayor suba de empleo formal del pa\u00eds\",\"datePublished\":\"2022-09-06T10:53:53+00:00\",\"mainEntityOfPage\":{\"@id\":\"https:\\\/\\\/cvinoticias.com\\\/v3\\\/misiones-registro-la-mayor-suba-de-empleo-formal-del-pais\\\/\"},\"wordCount\":525,\"commentCount\":0,\"publisher\":{\"@id\":\"https:\\\/\\\/cvinoticias.com\\\/v3\\\/#organization\"},\"image\":{\"@id\":\"https:\\\/\\\/cvinoticias.com\\\/v3\\\/misiones-registro-la-mayor-suba-de-empleo-formal-del-pais\\\/#primaryimage\"},\"thumbnailUrl\":\"https:\\\/\\\/cvinoticias.com\\\/wp-content\\\/uploads\\\/2022\\\/09\\\/IMG-20220906-WA0005.jpg\",\"articleSection\":[\"Informaci\u00f3n General\"],\"inLanguage\":\"es\",\"potentialAction\":[{\"@type\":\"CommentAction\",\"name\":\"Comment\",\"target\":[\"https:\\\/\\\/cvinoticias.com\\\/v3\\\/misiones-registro-la-mayor-suba-de-empleo-formal-del-pais\\\/#respond\"]}]},{\"@type\":\"WebPage\",\"@id\":\"https:\\\/\\\/cvinoticias.com\\\/v3\\\/misiones-registro-la-mayor-suba-de-empleo-formal-del-pais\\\/\",\"url\":\"https:\\\/\\\/cvinoticias.com\\\/v3\\\/misiones-registro-la-mayor-suba-de-empleo-formal-del-pais\\\/\",\"name\":\"Misiones registr\u00f3 la mayor suba de empleo formal del pa\u00eds | CVI NOTICIAS\",\"isPartOf\":{\"@id\":\"https:\\\/\\\/cvinoticias.com\\\/v3\\\/#website\"},\"primaryImageOfPage\":{\"@id\":\"https:\\\/\\\/cvinoticias.com\\\/v3\\\/misiones-registro-la-mayor-suba-de-empleo-formal-del-pais\\\/#primaryimage\"},\"image\":{\"@id\":\"https:\\\/\\\/cvinoticias.com\\\/v3\\\/misiones-registro-la-mayor-suba-de-empleo-formal-del-pais\\\/#primaryimage\"},\"thumbnailUrl\":\"https:\\\/\\\/cvinoticias.com\\\/wp-content\\\/uploads\\\/2022\\\/09\\\/IMG-20220906-WA0005.jpg\",\"datePublished\":\"2022-09-06T10:53:53+00:00\",\"breadcrumb\":{\"@id\":\"https:\\\/\\\/cvinoticias.com\\\/v3\\\/misiones-registro-la-mayor-suba-de-empleo-formal-del-pais\\\/#breadcrumb\"},\"inLanguage\":\"es\",\"potentialAction\":[{\"@type\":\"ReadAction\",\"target\":[\"https:\\\/\\\/cvinoticias.com\\\/v3\\\/misiones-registro-la-mayor-suba-de-empleo-formal-del-pais\\\/\"]}]},{\"@type\":\"ImageObject\",\"inLanguage\":\"es\",\"@id\":\"https:\\\/\\\/cvinoticias.com\\\/v3\\\/misiones-registro-la-mayor-suba-de-empleo-formal-del-pais\\\/#primaryimage\",\"url\":\"https:\\\/\\\/cvinoticias.com\\\/wp-content\\\/uploads\\\/2022\\\/09\\\/IMG-20220906-WA0005.jpg\",\"contentUrl\":\"https:\\\/\\\/cvinoticias.com\\\/wp-content\\\/uploads\\\/2022\\\/09\\\/IMG-20220906-WA0005.jpg\",\"width\":562,\"height\":440},{\"@type\":\"BreadcrumbList\",\"@id\":\"https:\\\/\\\/cvinoticias.com\\\/v3\\\/misiones-registro-la-mayor-suba-de-empleo-formal-del-pais\\\/#breadcrumb\",\"itemListElement\":[{\"@type\":\"ListItem\",\"position\":1,\"name\":\"Portada\",\"item\":\"https:\\\/\\\/cvinoticias.com\\\/v3\\\/\"},{\"@type\":\"ListItem\",\"position\":2,\"name\":\"Misiones registr\u00f3 la mayor suba de empleo formal del pa\u00eds\"}]},{\"@type\":\"WebSite\",\"@id\":\"https:\\\/\\\/cvinoticias.com\\\/v3\\\/#website\",\"url\":\"https:\\\/\\\/cvinoticias.com\\\/v3\\\/\",\"name\":\"CVI NOTICIAS\",\"description\":\"\",\"publisher\":{\"@id\":\"https:\\\/\\\/cvinoticias.com\\\/v3\\\/#organization\"},\"alternateName\":\"CVI\",\"potentialAction\":[{\"@type\":\"SearchAction\",\"target\":{\"@type\":\"EntryPoint\",\"urlTemplate\":\"https:\\\/\\\/cvinoticias.com\\\/v3\\\/?s={search_term_string}\"},\"query-input\":{\"@type\":\"PropertyValueSpecification\",\"valueRequired\":true,\"valueName\":\"search_term_string\"}}],\"inLanguage\":\"es\"},{\"@type\":\"Organization\",\"@id\":\"https:\\\/\\\/cvinoticias.com\\\/v3\\\/#organization\",\"name\":\"CVI NOTICIAS\",\"url\":\"https:\\\/\\\/cvinoticias.com\\\/v3\\\/\",\"logo\":{\"@type\":\"ImageObject\",\"inLanguage\":\"es\",\"@id\":\"https:\\\/\\\/cvinoticias.com\\\/v3\\\/#\\\/schema\\\/logo\\\/image\\\/\",\"url\":\"https:\\\/\\\/cvinoticias.com\\\/wp-content\\\/uploads\\\/2023\\\/04\\\/cropped-cropped-cropped-cropped-cropped-3-1.png\",\"contentUrl\":\"https:\\\/\\\/cvinoticias.com\\\/wp-content\\\/uploads\\\/2023\\\/04\\\/cropped-cropped-cropped-cropped-cropped-3-1.png\",\"width\":95,\"height\":122,\"caption\":\"CVI NOTICIAS\"},\"image\":{\"@id\":\"https:\\\/\\\/cvinoticias.com\\\/v3\\\/#\\\/schema\\\/logo\\\/image\\\/\"},\"sameAs\":[\"https:\\\/\\\/www.facebook.com\\\/cvinoticias\",\"https:\\\/\\\/www.instagram.com\\\/cvinoticias\\\/\",\"https:\\\/\\\/www.youtube.com\\\/@CVINOTICIAS\"]},{\"@type\":\"Person\",\"@id\":\"https:\\\/\\\/cvinoticias.com\\\/v3\\\/#\\\/schema\\\/person\\\/2db77e3c6bc03c538495d7b2b8be9b66\",\"name\":\"f1000024\",\"image\":{\"@type\":\"ImageObject\",\"inLanguage\":\"es\",\"@id\":\"https:\\\/\\\/secure.gravatar.com\\\/avatar\\\/d4fe7459cfc51ff5129ce1a732bbef5928568b8092d412ef95611616376bbeed?s=96&d=mm&r=g\",\"url\":\"https:\\\/\\\/secure.gravatar.com\\\/avatar\\\/d4fe7459cfc51ff5129ce1a732bbef5928568b8092d412ef95611616376bbeed?s=96&d=mm&r=g\",\"contentUrl\":\"https:\\\/\\\/secure.gravatar.com\\\/avatar\\\/d4fe7459cfc51ff5129ce1a732bbef5928568b8092d412ef95611616376bbeed?s=96&d=mm&r=g\",\"caption\":\"f1000024\"},\"url\":\"https:\\\/\\\/cvinoticias.com\\\/v3\\\/author\\\/f1000024\\\/\"}]}<\/script>\n<!-- \/ Yoast SEO plugin. -->","yoast_head_json":{"title":"Misiones registr\u00f3 la mayor suba de empleo formal del pa\u00eds | CVI NOTICIAS","robots":{"index":"index","follow":"follow","max-snippet":"max-snippet:-1","max-image-preview":"max-image-preview:large","max-video-preview":"max-video-preview:-1"},"canonical":"https:\/\/cvinoticias.com\/v3\/misiones-registro-la-mayor-suba-de-empleo-formal-del-pais\/","og_locale":"es_ES","og_type":"article","og_title":"Misiones registr\u00f3 la mayor suba de empleo formal del pa\u00eds | CVI NOTICIAS","og_description":"La Provincia de Misiones registr\u00f3 la mayor suba interanual de empleo formal del pa\u00eds en el mes de junio, seg\u00fan datos publicados este lunes por el INDEC. En junio se contabilizaron en Misiones unos 104,7 mil trabajadores en el sector privado formal en la serie desestacionalizada, lo que implica un fuerte incremento del 2% en [&hellip;]","og_url":"https:\/\/cvinoticias.com\/v3\/misiones-registro-la-mayor-suba-de-empleo-formal-del-pais\/","og_site_name":"CVI NOTICIAS","article_publisher":"https:\/\/www.facebook.com\/cvinoticias","article_published_time":"2022-09-06T10:53:53+00:00","og_image":[{"width":562,"height":440,"url":"https:\/\/cvinoticias.com\/wp-content\/uploads\/2022\/09\/IMG-20220906-WA0005.jpg","type":"image\/jpeg"}],"author":"f1000024","twitter_card":"summary_large_image","twitter_misc":{"Escrito por":"f1000024","Tiempo de lectura":"3 minutos"},"schema":{"@context":"https:\/\/schema.org","@graph":[{"@type":"Article","@id":"https:\/\/cvinoticias.com\/v3\/misiones-registro-la-mayor-suba-de-empleo-formal-del-pais\/#article","isPartOf":{"@id":"https:\/\/cvinoticias.com\/v3\/misiones-registro-la-mayor-suba-de-empleo-formal-del-pais\/"},"author":{"name":"f1000024","@id":"https:\/\/cvinoticias.com\/v3\/#\/schema\/person\/2db77e3c6bc03c538495d7b2b8be9b66"},"headline":"Misiones registr\u00f3 la mayor suba de empleo formal del pa\u00eds","datePublished":"2022-09-06T10:53:53+00:00","mainEntityOfPage":{"@id":"https:\/\/cvinoticias.com\/v3\/misiones-registro-la-mayor-suba-de-empleo-formal-del-pais\/"},"wordCount":525,"commentCount":0,"publisher":{"@id":"https:\/\/cvinoticias.com\/v3\/#organization"},"image":{"@id":"https:\/\/cvinoticias.com\/v3\/misiones-registro-la-mayor-suba-de-empleo-formal-del-pais\/#primaryimage"},"thumbnailUrl":"https:\/\/cvinoticias.com\/wp-content\/uploads\/2022\/09\/IMG-20220906-WA0005.jpg","articleSection":["Informaci\u00f3n General"],"inLanguage":"es","potentialAction":[{"@type":"CommentAction","name":"Comment","target":["https:\/\/cvinoticias.com\/v3\/misiones-registro-la-mayor-suba-de-empleo-formal-del-pais\/#respond"]}]},{"@type":"WebPage","@id":"https:\/\/cvinoticias.com\/v3\/misiones-registro-la-mayor-suba-de-empleo-formal-del-pais\/","url":"https:\/\/cvinoticias.com\/v3\/misiones-registro-la-mayor-suba-de-empleo-formal-del-pais\/","name":"Misiones registr\u00f3 la mayor suba de empleo formal del pa\u00eds | CVI NOTICIAS","isPartOf":{"@id":"https:\/\/cvinoticias.com\/v3\/#website"},"primaryImageOfPage":{"@id":"https:\/\/cvinoticias.com\/v3\/misiones-registro-la-mayor-suba-de-empleo-formal-del-pais\/#primaryimage"},"image":{"@id":"https:\/\/cvinoticias.com\/v3\/misiones-registro-la-mayor-suba-de-empleo-formal-del-pais\/#primaryimage"},"thumbnailUrl":"https:\/\/cvinoticias.com\/wp-content\/uploads\/2022\/09\/IMG-20220906-WA0005.jpg","datePublished":"2022-09-06T10:53:53+00:00","breadcrumb":{"@id":"https:\/\/cvinoticias.com\/v3\/misiones-registro-la-mayor-suba-de-empleo-formal-del-pais\/#breadcrumb"},"inLanguage":"es","potentialAction":[{"@type":"ReadAction","target":["https:\/\/cvinoticias.com\/v3\/misiones-registro-la-mayor-suba-de-empleo-formal-del-pais\/"]}]},{"@type":"ImageObject","inLanguage":"es","@id":"https:\/\/cvinoticias.com\/v3\/misiones-registro-la-mayor-suba-de-empleo-formal-del-pais\/#primaryimage","url":"https:\/\/cvinoticias.com\/wp-content\/uploads\/2022\/09\/IMG-20220906-WA0005.jpg","contentUrl":"https:\/\/cvinoticias.com\/wp-content\/uploads\/2022\/09\/IMG-20220906-WA0005.jpg","width":562,"height":440},{"@type":"BreadcrumbList","@id":"https:\/\/cvinoticias.com\/v3\/misiones-registro-la-mayor-suba-de-empleo-formal-del-pais\/#breadcrumb","itemListElement":[{"@type":"ListItem","position":1,"name":"Portada","item":"https:\/\/cvinoticias.com\/v3\/"},{"@type":"ListItem","position":2,"name":"Misiones registr\u00f3 la mayor suba de empleo formal del pa\u00eds"}]},{"@type":"WebSite","@id":"https:\/\/cvinoticias.com\/v3\/#website","url":"https:\/\/cvinoticias.com\/v3\/","name":"CVI NOTICIAS","description":"","publisher":{"@id":"https:\/\/cvinoticias.com\/v3\/#organization"},"alternateName":"CVI","potentialAction":[{"@type":"SearchAction","target":{"@type":"EntryPoint","urlTemplate":"https:\/\/cvinoticias.com\/v3\/?s={search_term_string}"},"query-input":{"@type":"PropertyValueSpecification","valueRequired":true,"valueName":"search_term_string"}}],"inLanguage":"es"},{"@type":"Organization","@id":"https:\/\/cvinoticias.com\/v3\/#organization","name":"CVI NOTICIAS","url":"https:\/\/cvinoticias.com\/v3\/","logo":{"@type":"ImageObject","inLanguage":"es","@id":"https:\/\/cvinoticias.com\/v3\/#\/schema\/logo\/image\/","url":"https:\/\/cvinoticias.com\/wp-content\/uploads\/2023\/04\/cropped-cropped-cropped-cropped-cropped-3-1.png","contentUrl":"https:\/\/cvinoticias.com\/wp-content\/uploads\/2023\/04\/cropped-cropped-cropped-cropped-cropped-3-1.png","width":95,"height":122,"caption":"CVI NOTICIAS"},"image":{"@id":"https:\/\/cvinoticias.com\/v3\/#\/schema\/logo\/image\/"},"sameAs":["https:\/\/www.facebook.com\/cvinoticias","https:\/\/www.instagram.com\/cvinoticias\/","https:\/\/www.youtube.com\/@CVINOTICIAS"]},{"@type":"Person","@id":"https:\/\/cvinoticias.com\/v3\/#\/schema\/person\/2db77e3c6bc03c538495d7b2b8be9b66","name":"f1000024","image":{"@type":"ImageObject","inLanguage":"es","@id":"https:\/\/secure.gravatar.com\/avatar\/d4fe7459cfc51ff5129ce1a732bbef5928568b8092d412ef95611616376bbeed?s=96&d=mm&r=g","url":"https:\/\/secure.gravatar.com\/avatar\/d4fe7459cfc51ff5129ce1a732bbef5928568b8092d412ef95611616376bbeed?s=96&d=mm&r=g","contentUrl":"https:\/\/secure.gravatar.com\/avatar\/d4fe7459cfc51ff5129ce1a732bbef5928568b8092d412ef95611616376bbeed?s=96&d=mm&r=g","caption":"f1000024"},"url":"https:\/\/cvinoticias.com\/v3\/author\/f1000024\/"}]}},"_links":{"self":[{"href":"https:\/\/cvinoticias.com\/v3\/wp-json\/wp\/v2\/posts\/18962","targetHints":{"allow":["GET"]}}],"collection":[{"href":"https:\/\/cvinoticias.com\/v3\/wp-json\/wp\/v2\/posts"}],"about":[{"href":"https:\/\/cvinoticias.com\/v3\/wp-json\/wp\/v2\/types\/post"}],"author":[{"embeddable":true,"href":"https:\/\/cvinoticias.com\/v3\/wp-json\/wp\/v2\/users\/2"}],"replies":[{"embeddable":true,"href":"https:\/\/cvinoticias.com\/v3\/wp-json\/wp\/v2\/comments?post=18962"}],"version-history":[{"count":1,"href":"https:\/\/cvinoticias.com\/v3\/wp-json\/wp\/v2\/posts\/18962\/revisions"}],"predecessor-version":[{"id":18964,"href":"https:\/\/cvinoticias.com\/v3\/wp-json\/wp\/v2\/posts\/18962\/revisions\/18964"}],"wp:featuredmedia":[{"embeddable":true,"href":"https:\/\/cvinoticias.com\/v3\/wp-json\/wp\/v2\/media\/18963"}],"wp:attachment":[{"href":"https:\/\/cvinoticias.com\/v3\/wp-json\/wp\/v2\/media?parent=18962"}],"wp:term":[{"taxonomy":"category","embeddable":true,"href":"https:\/\/cvinoticias.com\/v3\/wp-json\/wp\/v2\/categories?post=18962"},{"taxonomy":"post_tag","embeddable":true,"href":"https:\/\/cvinoticias.com\/v3\/wp-json\/wp\/v2\/tags?post=18962"}],"curies":[{"name":"wp","href":"https:\/\/api.w.org\/{rel}","templated":true}]}}