{"id":18939,"date":"2022-09-05T18:07:27","date_gmt":"2022-09-05T18:07:27","guid":{"rendered":"https:\/\/cvinoticias.com\/v3\/?p=18939"},"modified":"2022-09-05T18:07:27","modified_gmt":"2022-09-05T18:07:27","slug":"presupuesto-2023-emsa-imas-y-ministerio-de-turismo-expusieron-en-la-legislatura","status":"publish","type":"post","link":"https:\/\/cvinoticias.com\/v3\/presupuesto-2023-emsa-imas-y-ministerio-de-turismo-expusieron-en-la-legislatura\/","title":{"rendered":"Presupuesto 2023: EMSA, IMAS y Ministerio de Turismo expusieron en la Legislatura"},"content":{"rendered":"\n<p><strong><em>Los responsables de los organismos participaron de la reuni\u00f3n en la Comisi\u00f3n de Presupuesto que analiza el proyecto de ley del Presupuesto General para la Administraci\u00f3n P\u00fablica Provincial, correspondiente al Ejercicio Financiero 2023, remitido a la C\u00e1mara de Representantes por el gobernador de la provincia.<\/em><\/strong><\/p>\n\n\n\n<p>Seg\u00fan el expediente en estudio, para el 2023 se prev\u00e9n destinar a Energ\u00eda de Misiones Sociedad An\u00f3nima (EMSA), 5.014.484.000 pesos, el Instituto Misionero de Agua y Saneamiento (IMAS), recibir\u00eda 9.928.659.000 pesos, y al Ministerio de Turismo se asignar\u00edan 759.742.000 pesos.<\/p>\n\n\n\n<p>La presidenta de EMSA, Virginia Kluka, expres\u00f3 que \u201cel objetivo es garantizar y dar una buena calidad de servicio a todos los misioneros\u201d, dijo, refiri\u00e9ndose a su gesti\u00f3n al frente del organismo. Tambi\u00e9n precis\u00f3 que trabajan \u201cen la intensa modernizaci\u00f3n de las herramientas para facilitar a los usuarios que puedan hacer los tr\u00e1mites desde su domicilio\u201d y en la \u201cdigitalizaci\u00f3n de procedimientos internos, que ya eran obsoletos para la din\u00e1mica que hoy requiere la sociedad\u201d.<\/p>\n\n\n\n<p>El presidente del IMAS, Joaqu\u00edn S\u00e1nchez, comunic\u00f3 que la prioridad en el organismo ser\u00e1 \u201cseguir trabajando, haciendo hincapi\u00e9 en los 77 municipios\u201d.<\/p>\n\n\n\n<figure class=\"wp-block-image size-full\"><a href=\"https:\/\/cvinoticias.com\/wp-content\/uploads\/2022\/09\/FB_IMG_1662400893017.jpg\"><img decoding=\"async\" width=\"960\" height=\"840\" data-src=\"https:\/\/cvinoticias.com\/wp-content\/uploads\/2022\/09\/FB_IMG_1662400893017.jpg\" alt=\"\" class=\"wp-image-18940 lazyload\" data-srcset=\"https:\/\/cvinoticias.com\/wp-content\/uploads\/2022\/09\/FB_IMG_1662400893017.jpg 960w, https:\/\/cvinoticias.com\/wp-content\/uploads\/2022\/09\/FB_IMG_1662400893017-300x263.jpg 300w, https:\/\/cvinoticias.com\/wp-content\/uploads\/2022\/09\/FB_IMG_1662400893017-768x672.jpg 768w\" data-sizes=\"(max-width: 960px) 100vw, 960px\" src=\"data:image\/svg+xml;base64,PHN2ZyB3aWR0aD0iMSIgaGVpZ2h0PSIxIiB4bWxucz0iaHR0cDovL3d3dy53My5vcmcvMjAwMC9zdmciPjwvc3ZnPg==\" style=\"--smush-placeholder-width: 960px; --smush-placeholder-aspect-ratio: 960\/840;\" \/><\/a><\/figure>\n\n\n\n<p>Resalt\u00f3 la realizaci\u00f3n de \u201cobras de infraestructura en las ciudades m\u00e1s importantes y paquetes de obras para paliar la situaci\u00f3n en todos los municipios, con perforaciones, tanques y redes\u201d.<\/p>\n\n\n\n<p>En tanto, el ministro de Turismo, Jos\u00e9 Mar\u00eda Arr\u00faa, dijo que el a\u00f1o pr\u00f3ximo esperan \u201ccaptar gran parte de la demanda del turismo nacional e internacional, adem\u00e1s de cuidar el turismo interno en Misiones\u201d.<\/p>\n\n\n\n<p>Destac\u00f3 que \u201cla industria del turismo sea pol\u00edtica de Estado en Misiones\u201d, y expres\u00f3 su intenci\u00f3n de que \u201cesta actividad crezca, consolide los mercados y genere empleos para m\u00e1s misioneros\u201d.<\/p>\n\n\n","protected":false},"excerpt":{"rendered":"<p>Los responsables de los organismos participaron de la reuni\u00f3n en la Comisi\u00f3n de Presupuesto que analiza el proyecto de ley del Presupuesto General para la Administraci\u00f3n P\u00fablica Provincial, correspondiente al Ejercicio Financiero 2023, remitido a la C\u00e1mara de Representantes por el gobernador de la provincia. Seg\u00fan el expediente en estudio, para el 2023 se prev\u00e9n [&hellip;]<\/p>\n","protected":false},"author":2,"featured_media":18941,"comment_status":"open","ping_status":"open","sticky":false,"template":"","format":"standard","meta":{"footnotes":""},"categories":[35],"tags":[],"class_list":["post-18939","post","type-post","status-publish","format-standard","has-post-thumbnail","hentry","category-informacion-general"],"yoast_head":"<!-- This site is optimized with the Yoast SEO plugin v27.5 - https:\/\/yoast.com\/product\/yoast-seo-wordpress\/ -->\n<title>Presupuesto 2023: EMSA, IMAS y Ministerio de Turismo expusieron en la Legislatura | CVI NOTICIAS<\/title>\n<meta name=\"robots\" content=\"index, follow, max-snippet:-1, max-image-preview:large, max-video-preview:-1\" \/>\n<link rel=\"canonical\" href=\"https:\/\/cvinoticias.com\/v3\/presupuesto-2023-emsa-imas-y-ministerio-de-turismo-expusieron-en-la-legislatura\/\" \/>\n<meta property=\"og:locale\" content=\"es_ES\" \/>\n<meta property=\"og:type\" content=\"article\" \/>\n<meta property=\"og:title\" content=\"Presupuesto 2023: EMSA, IMAS y Ministerio de Turismo expusieron en la Legislatura | CVI NOTICIAS\" \/>\n<meta property=\"og:description\" content=\"Los responsables de los organismos participaron de la reuni\u00f3n en la Comisi\u00f3n de Presupuesto que analiza el proyecto de ley del Presupuesto General para la Administraci\u00f3n P\u00fablica Provincial, correspondiente al Ejercicio Financiero 2023, remitido a la C\u00e1mara de Representantes por el gobernador de la provincia. Seg\u00fan el expediente en estudio, para el 2023 se prev\u00e9n [&hellip;]\" \/>\n<meta property=\"og:url\" content=\"https:\/\/cvinoticias.com\/v3\/presupuesto-2023-emsa-imas-y-ministerio-de-turismo-expusieron-en-la-legislatura\/\" \/>\n<meta property=\"og:site_name\" content=\"CVI NOTICIAS\" \/>\n<meta property=\"article:publisher\" content=\"https:\/\/www.facebook.com\/cvinoticias\" \/>\n<meta property=\"article:published_time\" content=\"2022-09-05T18:07:27+00:00\" \/>\n<meta property=\"og:image\" content=\"https:\/\/cvinoticias.com\/wp-content\/uploads\/2022\/09\/FB_IMG_1662400887420.jpg\" \/>\n\t<meta property=\"og:image:width\" content=\"960\" \/>\n\t<meta property=\"og:image:height\" content=\"544\" \/>\n\t<meta property=\"og:image:type\" content=\"image\/jpeg\" \/>\n<meta name=\"author\" content=\"f1000024\" \/>\n<meta name=\"twitter:card\" content=\"summary_large_image\" \/>\n<meta name=\"twitter:label1\" content=\"Escrito por\" \/>\n\t<meta name=\"twitter:data1\" content=\"f1000024\" \/>\n\t<meta name=\"twitter:label2\" content=\"Tiempo de lectura\" \/>\n\t<meta name=\"twitter:data2\" content=\"2 minutos\" \/>\n<script type=\"application\/ld+json\" class=\"yoast-schema-graph\">{\"@context\":\"https:\\\/\\\/schema.org\",\"@graph\":[{\"@type\":\"Article\",\"@id\":\"https:\\\/\\\/cvinoticias.com\\\/v3\\\/presupuesto-2023-emsa-imas-y-ministerio-de-turismo-expusieron-en-la-legislatura\\\/#article\",\"isPartOf\":{\"@id\":\"https:\\\/\\\/cvinoticias.com\\\/v3\\\/presupuesto-2023-emsa-imas-y-ministerio-de-turismo-expusieron-en-la-legislatura\\\/\"},\"author\":{\"name\":\"f1000024\",\"@id\":\"https:\\\/\\\/cvinoticias.com\\\/v3\\\/#\\\/schema\\\/person\\\/2db77e3c6bc03c538495d7b2b8be9b66\"},\"headline\":\"Presupuesto 2023: EMSA, IMAS y Ministerio de Turismo expusieron en la Legislatura\",\"datePublished\":\"2022-09-05T18:07:27+00:00\",\"mainEntityOfPage\":{\"@id\":\"https:\\\/\\\/cvinoticias.com\\\/v3\\\/presupuesto-2023-emsa-imas-y-ministerio-de-turismo-expusieron-en-la-legislatura\\\/\"},\"wordCount\":311,\"commentCount\":0,\"publisher\":{\"@id\":\"https:\\\/\\\/cvinoticias.com\\\/v3\\\/#organization\"},\"image\":{\"@id\":\"https:\\\/\\\/cvinoticias.com\\\/v3\\\/presupuesto-2023-emsa-imas-y-ministerio-de-turismo-expusieron-en-la-legislatura\\\/#primaryimage\"},\"thumbnailUrl\":\"https:\\\/\\\/cvinoticias.com\\\/wp-content\\\/uploads\\\/2022\\\/09\\\/FB_IMG_1662400887420.jpg\",\"articleSection\":[\"Informaci\u00f3n General\"],\"inLanguage\":\"es\",\"potentialAction\":[{\"@type\":\"CommentAction\",\"name\":\"Comment\",\"target\":[\"https:\\\/\\\/cvinoticias.com\\\/v3\\\/presupuesto-2023-emsa-imas-y-ministerio-de-turismo-expusieron-en-la-legislatura\\\/#respond\"]}]},{\"@type\":\"WebPage\",\"@id\":\"https:\\\/\\\/cvinoticias.com\\\/v3\\\/presupuesto-2023-emsa-imas-y-ministerio-de-turismo-expusieron-en-la-legislatura\\\/\",\"url\":\"https:\\\/\\\/cvinoticias.com\\\/v3\\\/presupuesto-2023-emsa-imas-y-ministerio-de-turismo-expusieron-en-la-legislatura\\\/\",\"name\":\"Presupuesto 2023: EMSA, IMAS y Ministerio de Turismo expusieron en la Legislatura | CVI NOTICIAS\",\"isPartOf\":{\"@id\":\"https:\\\/\\\/cvinoticias.com\\\/v3\\\/#website\"},\"primaryImageOfPage\":{\"@id\":\"https:\\\/\\\/cvinoticias.com\\\/v3\\\/presupuesto-2023-emsa-imas-y-ministerio-de-turismo-expusieron-en-la-legislatura\\\/#primaryimage\"},\"image\":{\"@id\":\"https:\\\/\\\/cvinoticias.com\\\/v3\\\/presupuesto-2023-emsa-imas-y-ministerio-de-turismo-expusieron-en-la-legislatura\\\/#primaryimage\"},\"thumbnailUrl\":\"https:\\\/\\\/cvinoticias.com\\\/wp-content\\\/uploads\\\/2022\\\/09\\\/FB_IMG_1662400887420.jpg\",\"datePublished\":\"2022-09-05T18:07:27+00:00\",\"breadcrumb\":{\"@id\":\"https:\\\/\\\/cvinoticias.com\\\/v3\\\/presupuesto-2023-emsa-imas-y-ministerio-de-turismo-expusieron-en-la-legislatura\\\/#breadcrumb\"},\"inLanguage\":\"es\",\"potentialAction\":[{\"@type\":\"ReadAction\",\"target\":[\"https:\\\/\\\/cvinoticias.com\\\/v3\\\/presupuesto-2023-emsa-imas-y-ministerio-de-turismo-expusieron-en-la-legislatura\\\/\"]}]},{\"@type\":\"ImageObject\",\"inLanguage\":\"es\",\"@id\":\"https:\\\/\\\/cvinoticias.com\\\/v3\\\/presupuesto-2023-emsa-imas-y-ministerio-de-turismo-expusieron-en-la-legislatura\\\/#primaryimage\",\"url\":\"https:\\\/\\\/cvinoticias.com\\\/wp-content\\\/uploads\\\/2022\\\/09\\\/FB_IMG_1662400887420.jpg\",\"contentUrl\":\"https:\\\/\\\/cvinoticias.com\\\/wp-content\\\/uploads\\\/2022\\\/09\\\/FB_IMG_1662400887420.jpg\",\"width\":960,\"height\":544},{\"@type\":\"BreadcrumbList\",\"@id\":\"https:\\\/\\\/cvinoticias.com\\\/v3\\\/presupuesto-2023-emsa-imas-y-ministerio-de-turismo-expusieron-en-la-legislatura\\\/#breadcrumb\",\"itemListElement\":[{\"@type\":\"ListItem\",\"position\":1,\"name\":\"Portada\",\"item\":\"https:\\\/\\\/cvinoticias.com\\\/v3\\\/\"},{\"@type\":\"ListItem\",\"position\":2,\"name\":\"Presupuesto 2023: EMSA, IMAS y Ministerio de Turismo expusieron en la Legislatura\"}]},{\"@type\":\"WebSite\",\"@id\":\"https:\\\/\\\/cvinoticias.com\\\/v3\\\/#website\",\"url\":\"https:\\\/\\\/cvinoticias.com\\\/v3\\\/\",\"name\":\"CVI NOTICIAS\",\"description\":\"\",\"publisher\":{\"@id\":\"https:\\\/\\\/cvinoticias.com\\\/v3\\\/#organization\"},\"alternateName\":\"CVI\",\"potentialAction\":[{\"@type\":\"SearchAction\",\"target\":{\"@type\":\"EntryPoint\",\"urlTemplate\":\"https:\\\/\\\/cvinoticias.com\\\/v3\\\/?s={search_term_string}\"},\"query-input\":{\"@type\":\"PropertyValueSpecification\",\"valueRequired\":true,\"valueName\":\"search_term_string\"}}],\"inLanguage\":\"es\"},{\"@type\":\"Organization\",\"@id\":\"https:\\\/\\\/cvinoticias.com\\\/v3\\\/#organization\",\"name\":\"CVI NOTICIAS\",\"url\":\"https:\\\/\\\/cvinoticias.com\\\/v3\\\/\",\"logo\":{\"@type\":\"ImageObject\",\"inLanguage\":\"es\",\"@id\":\"https:\\\/\\\/cvinoticias.com\\\/v3\\\/#\\\/schema\\\/logo\\\/image\\\/\",\"url\":\"https:\\\/\\\/cvinoticias.com\\\/wp-content\\\/uploads\\\/2023\\\/04\\\/cropped-cropped-cropped-cropped-cropped-3-1.png\",\"contentUrl\":\"https:\\\/\\\/cvinoticias.com\\\/wp-content\\\/uploads\\\/2023\\\/04\\\/cropped-cropped-cropped-cropped-cropped-3-1.png\",\"width\":95,\"height\":122,\"caption\":\"CVI NOTICIAS\"},\"image\":{\"@id\":\"https:\\\/\\\/cvinoticias.com\\\/v3\\\/#\\\/schema\\\/logo\\\/image\\\/\"},\"sameAs\":[\"https:\\\/\\\/www.facebook.com\\\/cvinoticias\",\"https:\\\/\\\/www.instagram.com\\\/cvinoticias\\\/\",\"https:\\\/\\\/www.youtube.com\\\/@CVINOTICIAS\"]},{\"@type\":\"Person\",\"@id\":\"https:\\\/\\\/cvinoticias.com\\\/v3\\\/#\\\/schema\\\/person\\\/2db77e3c6bc03c538495d7b2b8be9b66\",\"name\":\"f1000024\",\"image\":{\"@type\":\"ImageObject\",\"inLanguage\":\"es\",\"@id\":\"https:\\\/\\\/secure.gravatar.com\\\/avatar\\\/d4fe7459cfc51ff5129ce1a732bbef5928568b8092d412ef95611616376bbeed?s=96&d=mm&r=g\",\"url\":\"https:\\\/\\\/secure.gravatar.com\\\/avatar\\\/d4fe7459cfc51ff5129ce1a732bbef5928568b8092d412ef95611616376bbeed?s=96&d=mm&r=g\",\"contentUrl\":\"https:\\\/\\\/secure.gravatar.com\\\/avatar\\\/d4fe7459cfc51ff5129ce1a732bbef5928568b8092d412ef95611616376bbeed?s=96&d=mm&r=g\",\"caption\":\"f1000024\"},\"url\":\"https:\\\/\\\/cvinoticias.com\\\/v3\\\/author\\\/f1000024\\\/\"}]}<\/script>\n<!-- \/ Yoast SEO plugin. -->","yoast_head_json":{"title":"Presupuesto 2023: EMSA, IMAS y Ministerio de Turismo expusieron en la Legislatura | CVI NOTICIAS","robots":{"index":"index","follow":"follow","max-snippet":"max-snippet:-1","max-image-preview":"max-image-preview:large","max-video-preview":"max-video-preview:-1"},"canonical":"https:\/\/cvinoticias.com\/v3\/presupuesto-2023-emsa-imas-y-ministerio-de-turismo-expusieron-en-la-legislatura\/","og_locale":"es_ES","og_type":"article","og_title":"Presupuesto 2023: EMSA, IMAS y Ministerio de Turismo expusieron en la Legislatura | CVI NOTICIAS","og_description":"Los responsables de los organismos participaron de la reuni\u00f3n en la Comisi\u00f3n de Presupuesto que analiza el proyecto de ley del Presupuesto General para la Administraci\u00f3n P\u00fablica Provincial, correspondiente al Ejercicio Financiero 2023, remitido a la C\u00e1mara de Representantes por el gobernador de la provincia. Seg\u00fan el expediente en estudio, para el 2023 se prev\u00e9n [&hellip;]","og_url":"https:\/\/cvinoticias.com\/v3\/presupuesto-2023-emsa-imas-y-ministerio-de-turismo-expusieron-en-la-legislatura\/","og_site_name":"CVI NOTICIAS","article_publisher":"https:\/\/www.facebook.com\/cvinoticias","article_published_time":"2022-09-05T18:07:27+00:00","og_image":[{"width":960,"height":544,"url":"https:\/\/cvinoticias.com\/wp-content\/uploads\/2022\/09\/FB_IMG_1662400887420.jpg","type":"image\/jpeg"}],"author":"f1000024","twitter_card":"summary_large_image","twitter_misc":{"Escrito por":"f1000024","Tiempo de lectura":"2 minutos"},"schema":{"@context":"https:\/\/schema.org","@graph":[{"@type":"Article","@id":"https:\/\/cvinoticias.com\/v3\/presupuesto-2023-emsa-imas-y-ministerio-de-turismo-expusieron-en-la-legislatura\/#article","isPartOf":{"@id":"https:\/\/cvinoticias.com\/v3\/presupuesto-2023-emsa-imas-y-ministerio-de-turismo-expusieron-en-la-legislatura\/"},"author":{"name":"f1000024","@id":"https:\/\/cvinoticias.com\/v3\/#\/schema\/person\/2db77e3c6bc03c538495d7b2b8be9b66"},"headline":"Presupuesto 2023: EMSA, IMAS y Ministerio de Turismo expusieron en la Legislatura","datePublished":"2022-09-05T18:07:27+00:00","mainEntityOfPage":{"@id":"https:\/\/cvinoticias.com\/v3\/presupuesto-2023-emsa-imas-y-ministerio-de-turismo-expusieron-en-la-legislatura\/"},"wordCount":311,"commentCount":0,"publisher":{"@id":"https:\/\/cvinoticias.com\/v3\/#organization"},"image":{"@id":"https:\/\/cvinoticias.com\/v3\/presupuesto-2023-emsa-imas-y-ministerio-de-turismo-expusieron-en-la-legislatura\/#primaryimage"},"thumbnailUrl":"https:\/\/cvinoticias.com\/wp-content\/uploads\/2022\/09\/FB_IMG_1662400887420.jpg","articleSection":["Informaci\u00f3n General"],"inLanguage":"es","potentialAction":[{"@type":"CommentAction","name":"Comment","target":["https:\/\/cvinoticias.com\/v3\/presupuesto-2023-emsa-imas-y-ministerio-de-turismo-expusieron-en-la-legislatura\/#respond"]}]},{"@type":"WebPage","@id":"https:\/\/cvinoticias.com\/v3\/presupuesto-2023-emsa-imas-y-ministerio-de-turismo-expusieron-en-la-legislatura\/","url":"https:\/\/cvinoticias.com\/v3\/presupuesto-2023-emsa-imas-y-ministerio-de-turismo-expusieron-en-la-legislatura\/","name":"Presupuesto 2023: EMSA, IMAS y Ministerio de Turismo expusieron en la Legislatura | CVI NOTICIAS","isPartOf":{"@id":"https:\/\/cvinoticias.com\/v3\/#website"},"primaryImageOfPage":{"@id":"https:\/\/cvinoticias.com\/v3\/presupuesto-2023-emsa-imas-y-ministerio-de-turismo-expusieron-en-la-legislatura\/#primaryimage"},"image":{"@id":"https:\/\/cvinoticias.com\/v3\/presupuesto-2023-emsa-imas-y-ministerio-de-turismo-expusieron-en-la-legislatura\/#primaryimage"},"thumbnailUrl":"https:\/\/cvinoticias.com\/wp-content\/uploads\/2022\/09\/FB_IMG_1662400887420.jpg","datePublished":"2022-09-05T18:07:27+00:00","breadcrumb":{"@id":"https:\/\/cvinoticias.com\/v3\/presupuesto-2023-emsa-imas-y-ministerio-de-turismo-expusieron-en-la-legislatura\/#breadcrumb"},"inLanguage":"es","potentialAction":[{"@type":"ReadAction","target":["https:\/\/cvinoticias.com\/v3\/presupuesto-2023-emsa-imas-y-ministerio-de-turismo-expusieron-en-la-legislatura\/"]}]},{"@type":"ImageObject","inLanguage":"es","@id":"https:\/\/cvinoticias.com\/v3\/presupuesto-2023-emsa-imas-y-ministerio-de-turismo-expusieron-en-la-legislatura\/#primaryimage","url":"https:\/\/cvinoticias.com\/wp-content\/uploads\/2022\/09\/FB_IMG_1662400887420.jpg","contentUrl":"https:\/\/cvinoticias.com\/wp-content\/uploads\/2022\/09\/FB_IMG_1662400887420.jpg","width":960,"height":544},{"@type":"BreadcrumbList","@id":"https:\/\/cvinoticias.com\/v3\/presupuesto-2023-emsa-imas-y-ministerio-de-turismo-expusieron-en-la-legislatura\/#breadcrumb","itemListElement":[{"@type":"ListItem","position":1,"name":"Portada","item":"https:\/\/cvinoticias.com\/v3\/"},{"@type":"ListItem","position":2,"name":"Presupuesto 2023: EMSA, IMAS y Ministerio de Turismo expusieron en la Legislatura"}]},{"@type":"WebSite","@id":"https:\/\/cvinoticias.com\/v3\/#website","url":"https:\/\/cvinoticias.com\/v3\/","name":"CVI NOTICIAS","description":"","publisher":{"@id":"https:\/\/cvinoticias.com\/v3\/#organization"},"alternateName":"CVI","potentialAction":[{"@type":"SearchAction","target":{"@type":"EntryPoint","urlTemplate":"https:\/\/cvinoticias.com\/v3\/?s={search_term_string}"},"query-input":{"@type":"PropertyValueSpecification","valueRequired":true,"valueName":"search_term_string"}}],"inLanguage":"es"},{"@type":"Organization","@id":"https:\/\/cvinoticias.com\/v3\/#organization","name":"CVI NOTICIAS","url":"https:\/\/cvinoticias.com\/v3\/","logo":{"@type":"ImageObject","inLanguage":"es","@id":"https:\/\/cvinoticias.com\/v3\/#\/schema\/logo\/image\/","url":"https:\/\/cvinoticias.com\/wp-content\/uploads\/2023\/04\/cropped-cropped-cropped-cropped-cropped-3-1.png","contentUrl":"https:\/\/cvinoticias.com\/wp-content\/uploads\/2023\/04\/cropped-cropped-cropped-cropped-cropped-3-1.png","width":95,"height":122,"caption":"CVI NOTICIAS"},"image":{"@id":"https:\/\/cvinoticias.com\/v3\/#\/schema\/logo\/image\/"},"sameAs":["https:\/\/www.facebook.com\/cvinoticias","https:\/\/www.instagram.com\/cvinoticias\/","https:\/\/www.youtube.com\/@CVINOTICIAS"]},{"@type":"Person","@id":"https:\/\/cvinoticias.com\/v3\/#\/schema\/person\/2db77e3c6bc03c538495d7b2b8be9b66","name":"f1000024","image":{"@type":"ImageObject","inLanguage":"es","@id":"https:\/\/secure.gravatar.com\/avatar\/d4fe7459cfc51ff5129ce1a732bbef5928568b8092d412ef95611616376bbeed?s=96&d=mm&r=g","url":"https:\/\/secure.gravatar.com\/avatar\/d4fe7459cfc51ff5129ce1a732bbef5928568b8092d412ef95611616376bbeed?s=96&d=mm&r=g","contentUrl":"https:\/\/secure.gravatar.com\/avatar\/d4fe7459cfc51ff5129ce1a732bbef5928568b8092d412ef95611616376bbeed?s=96&d=mm&r=g","caption":"f1000024"},"url":"https:\/\/cvinoticias.com\/v3\/author\/f1000024\/"}]}},"_links":{"self":[{"href":"https:\/\/cvinoticias.com\/v3\/wp-json\/wp\/v2\/posts\/18939","targetHints":{"allow":["GET"]}}],"collection":[{"href":"https:\/\/cvinoticias.com\/v3\/wp-json\/wp\/v2\/posts"}],"about":[{"href":"https:\/\/cvinoticias.com\/v3\/wp-json\/wp\/v2\/types\/post"}],"author":[{"embeddable":true,"href":"https:\/\/cvinoticias.com\/v3\/wp-json\/wp\/v2\/users\/2"}],"replies":[{"embeddable":true,"href":"https:\/\/cvinoticias.com\/v3\/wp-json\/wp\/v2\/comments?post=18939"}],"version-history":[{"count":1,"href":"https:\/\/cvinoticias.com\/v3\/wp-json\/wp\/v2\/posts\/18939\/revisions"}],"predecessor-version":[{"id":18942,"href":"https:\/\/cvinoticias.com\/v3\/wp-json\/wp\/v2\/posts\/18939\/revisions\/18942"}],"wp:featuredmedia":[{"embeddable":true,"href":"https:\/\/cvinoticias.com\/v3\/wp-json\/wp\/v2\/media\/18941"}],"wp:attachment":[{"href":"https:\/\/cvinoticias.com\/v3\/wp-json\/wp\/v2\/media?parent=18939"}],"wp:term":[{"taxonomy":"category","embeddable":true,"href":"https:\/\/cvinoticias.com\/v3\/wp-json\/wp\/v2\/categories?post=18939"},{"taxonomy":"post_tag","embeddable":true,"href":"https:\/\/cvinoticias.com\/v3\/wp-json\/wp\/v2\/tags?post=18939"}],"curies":[{"name":"wp","href":"https:\/\/api.w.org\/{rel}","templated":true}]}}