{"id":1885,"date":"2021-01-21T01:00:24","date_gmt":"2021-01-21T01:00:24","guid":{"rendered":"https:\/\/cvinoticias.com\/v3\/?p=1885"},"modified":"2021-01-21T01:01:58","modified_gmt":"2021-01-21T01:01:58","slug":"abierta-la-inscripcion-para-los-talleres-virtuales-de-la-incubadora-de-empresas-del-piip","status":"publish","type":"post","link":"https:\/\/cvinoticias.com\/v3\/abierta-la-inscripcion-para-los-talleres-virtuales-de-la-incubadora-de-empresas-del-piip\/","title":{"rendered":"Abierta la inscripci\u00f3n para los talleres virtuales de la incubadora de empresas del PIIP"},"content":{"rendered":"\n<p><strong><em>El Parque Industrial y de la Innovaci\u00f3n inici\u00f3 el dictado de una serie de talleres virtuales, durante todo el mes de enero, con el fin de capacitar sobre diferentes tem\u00e1ticas, en el marco de la \u201cCarrera Emprendedora\u201d y su programa ProyectaTe.<\/em><\/strong><\/p>\n\n\n\n<p>La incubadora del Parque Industrial y de la Innovaci\u00f3n Posadas en un trabajo conjunto con la Direcci\u00f3n de Desarrollo Econ\u00f3mico de la Municipalidad de Posadas, invita a sumarse a esta nueva propuesta en el marco de la segunda convocatoria ProyectaTe que tiene por objetivo acompa\u00f1ar a emprendedores misioneros en el desarrollo de sus proyectos.<\/p>\n\n\n\n<p>A principios de enero se abri\u00f3 la inscripci\u00f3n para formar parte de la \u201cCarrera Emprendedora\u00bb, en la que se inscribieron 127 emprendedores con el fin de incubar sus proyectos.<br>La capacitaci\u00f3n, que ya se inici\u00f3 y en la que pueden participar no s\u00f3lo los inscriptos sino todos aquellos interesados en la tem\u00e1tica abordada en cada caso en particular, contar\u00e1 con la mentor\u00eda de reconocidos empresarios y asesores financieros que a trav\u00e9s de una serie de charlas pondr\u00e1n a su alcance herramientas fundamentales a la hora de lograr un rumbo exitoso para sus proyectos.<\/p>\n\n\n\n<p>Una vez realizada la postulaci\u00f3n y el taller de validaci\u00f3n y modelo de negocios relacionado a aspectos financieros, comerciales y de comunicaci\u00f3n, se pasar\u00e1 a la presentaci\u00f3n del modelo de negocio mediante un pitch con reconocidos empresarios.<\/p>\n\n\n\n<p>El concurso cuenta con un Celebrity Mentor Team formado por empresarios inversores y funcionarios de \u00e1reas del sector financiero del Gobierno provincial.<\/p>\n\n\n\n<ul class=\"wp-block-list\"><li>Dos capacitaciones m\u00e1s en enero<\/li><\/ul>\n\n\n\n<p>Para lo que resta del mes, se prev\u00e9n dos instancias m\u00e1s de capacitaci\u00f3n:<\/p>\n\n\n\n<ul class=\"wp-block-list\"><li>El jueves 21, a las 18 hs. ser\u00e1 el turno del Taller de Modelo de Negocio, dictado por el T\u00e9cnico en Marketing, Hernan Varela, consultor y asesor.<\/li><li>El martes 26, a las 18 hs. se dictar\u00e1 el taller de Tutor\u00edas de Coaching sobre Negocio, desarrollado por el Contador Maximiliano Galli, ex director de Econom\u00eda y Regiones consultora, gerente de Price Waterhouse &amp; Co, Banco Centroamericano de Integraci\u00f3n Econ\u00f3mica.<\/li><\/ul>\n","protected":false},"excerpt":{"rendered":"<p>El Parque Industrial y de la Innovaci\u00f3n inici\u00f3 el dictado de una serie de talleres virtuales, durante todo el mes de enero, con el fin de capacitar sobre diferentes tem\u00e1ticas, en el marco de la \u201cCarrera Emprendedora\u201d y su programa ProyectaTe. La incubadora del Parque Industrial y de la Innovaci\u00f3n Posadas en un trabajo conjunto [&hellip;]<\/p>\n","protected":false},"author":2,"featured_media":1886,"comment_status":"open","ping_status":"open","sticky":false,"template":"","format":"standard","meta":{"footnotes":""},"categories":[35],"tags":[],"class_list":["post-1885","post","type-post","status-publish","format-standard","has-post-thumbnail","hentry","category-informacion-general"],"yoast_head":"<!-- This site is optimized with the Yoast SEO plugin v27.5 - https:\/\/yoast.com\/product\/yoast-seo-wordpress\/ -->\n<title>Abierta la inscripci\u00f3n para los talleres virtuales de la incubadora de empresas del PIIP | CVI NOTICIAS<\/title>\n<meta name=\"robots\" content=\"index, follow, max-snippet:-1, max-image-preview:large, max-video-preview:-1\" \/>\n<link rel=\"canonical\" href=\"https:\/\/cvinoticias.com\/v3\/abierta-la-inscripcion-para-los-talleres-virtuales-de-la-incubadora-de-empresas-del-piip\/\" \/>\n<meta property=\"og:locale\" content=\"es_ES\" \/>\n<meta property=\"og:type\" content=\"article\" \/>\n<meta property=\"og:title\" content=\"Abierta la inscripci\u00f3n para los talleres virtuales de la incubadora de empresas del PIIP | CVI NOTICIAS\" \/>\n<meta property=\"og:description\" content=\"El Parque Industrial y de la Innovaci\u00f3n inici\u00f3 el dictado de una serie de talleres virtuales, durante todo el mes de enero, con el fin de capacitar sobre diferentes tem\u00e1ticas, en el marco de la \u201cCarrera Emprendedora\u201d y su programa ProyectaTe. La incubadora del Parque Industrial y de la Innovaci\u00f3n Posadas en un trabajo conjunto [&hellip;]\" \/>\n<meta property=\"og:url\" content=\"https:\/\/cvinoticias.com\/v3\/abierta-la-inscripcion-para-los-talleres-virtuales-de-la-incubadora-de-empresas-del-piip\/\" \/>\n<meta property=\"og:site_name\" content=\"CVI NOTICIAS\" \/>\n<meta property=\"article:publisher\" content=\"https:\/\/www.facebook.com\/cvinoticias\" \/>\n<meta property=\"article:published_time\" content=\"2021-01-21T01:00:24+00:00\" \/>\n<meta property=\"article:modified_time\" content=\"2021-01-21T01:01:58+00:00\" \/>\n<meta property=\"og:image\" content=\"https:\/\/cvinoticias.com\/wp-content\/uploads\/2021\/01\/FB_IMG_1611190043346.jpg\" \/>\n\t<meta property=\"og:image:width\" content=\"937\" \/>\n\t<meta property=\"og:image:height\" content=\"937\" \/>\n\t<meta property=\"og:image:type\" content=\"image\/jpeg\" \/>\n<meta name=\"author\" content=\"f1000024\" \/>\n<meta name=\"twitter:card\" content=\"summary_large_image\" \/>\n<meta name=\"twitter:label1\" content=\"Escrito por\" \/>\n\t<meta name=\"twitter:data1\" content=\"f1000024\" \/>\n\t<meta name=\"twitter:label2\" content=\"Tiempo de lectura\" \/>\n\t<meta name=\"twitter:data2\" content=\"2 minutos\" \/>\n<script type=\"application\/ld+json\" class=\"yoast-schema-graph\">{\"@context\":\"https:\\\/\\\/schema.org\",\"@graph\":[{\"@type\":\"Article\",\"@id\":\"https:\\\/\\\/cvinoticias.com\\\/v3\\\/abierta-la-inscripcion-para-los-talleres-virtuales-de-la-incubadora-de-empresas-del-piip\\\/#article\",\"isPartOf\":{\"@id\":\"https:\\\/\\\/cvinoticias.com\\\/v3\\\/abierta-la-inscripcion-para-los-talleres-virtuales-de-la-incubadora-de-empresas-del-piip\\\/\"},\"author\":{\"name\":\"f1000024\",\"@id\":\"https:\\\/\\\/cvinoticias.com\\\/v3\\\/#\\\/schema\\\/person\\\/2db77e3c6bc03c538495d7b2b8be9b66\"},\"headline\":\"Abierta la inscripci\u00f3n para los talleres virtuales de la incubadora de empresas del PIIP\",\"datePublished\":\"2021-01-21T01:00:24+00:00\",\"dateModified\":\"2021-01-21T01:01:58+00:00\",\"mainEntityOfPage\":{\"@id\":\"https:\\\/\\\/cvinoticias.com\\\/v3\\\/abierta-la-inscripcion-para-los-talleres-virtuales-de-la-incubadora-de-empresas-del-piip\\\/\"},\"wordCount\":369,\"commentCount\":0,\"publisher\":{\"@id\":\"https:\\\/\\\/cvinoticias.com\\\/v3\\\/#organization\"},\"image\":{\"@id\":\"https:\\\/\\\/cvinoticias.com\\\/v3\\\/abierta-la-inscripcion-para-los-talleres-virtuales-de-la-incubadora-de-empresas-del-piip\\\/#primaryimage\"},\"thumbnailUrl\":\"https:\\\/\\\/cvinoticias.com\\\/wp-content\\\/uploads\\\/2021\\\/01\\\/FB_IMG_1611190043346.jpg\",\"articleSection\":[\"Informaci\u00f3n General\"],\"inLanguage\":\"es\",\"potentialAction\":[{\"@type\":\"CommentAction\",\"name\":\"Comment\",\"target\":[\"https:\\\/\\\/cvinoticias.com\\\/v3\\\/abierta-la-inscripcion-para-los-talleres-virtuales-de-la-incubadora-de-empresas-del-piip\\\/#respond\"]}]},{\"@type\":\"WebPage\",\"@id\":\"https:\\\/\\\/cvinoticias.com\\\/v3\\\/abierta-la-inscripcion-para-los-talleres-virtuales-de-la-incubadora-de-empresas-del-piip\\\/\",\"url\":\"https:\\\/\\\/cvinoticias.com\\\/v3\\\/abierta-la-inscripcion-para-los-talleres-virtuales-de-la-incubadora-de-empresas-del-piip\\\/\",\"name\":\"Abierta la inscripci\u00f3n para los talleres virtuales de la incubadora de empresas del PIIP | CVI NOTICIAS\",\"isPartOf\":{\"@id\":\"https:\\\/\\\/cvinoticias.com\\\/v3\\\/#website\"},\"primaryImageOfPage\":{\"@id\":\"https:\\\/\\\/cvinoticias.com\\\/v3\\\/abierta-la-inscripcion-para-los-talleres-virtuales-de-la-incubadora-de-empresas-del-piip\\\/#primaryimage\"},\"image\":{\"@id\":\"https:\\\/\\\/cvinoticias.com\\\/v3\\\/abierta-la-inscripcion-para-los-talleres-virtuales-de-la-incubadora-de-empresas-del-piip\\\/#primaryimage\"},\"thumbnailUrl\":\"https:\\\/\\\/cvinoticias.com\\\/wp-content\\\/uploads\\\/2021\\\/01\\\/FB_IMG_1611190043346.jpg\",\"datePublished\":\"2021-01-21T01:00:24+00:00\",\"dateModified\":\"2021-01-21T01:01:58+00:00\",\"breadcrumb\":{\"@id\":\"https:\\\/\\\/cvinoticias.com\\\/v3\\\/abierta-la-inscripcion-para-los-talleres-virtuales-de-la-incubadora-de-empresas-del-piip\\\/#breadcrumb\"},\"inLanguage\":\"es\",\"potentialAction\":[{\"@type\":\"ReadAction\",\"target\":[\"https:\\\/\\\/cvinoticias.com\\\/v3\\\/abierta-la-inscripcion-para-los-talleres-virtuales-de-la-incubadora-de-empresas-del-piip\\\/\"]}]},{\"@type\":\"ImageObject\",\"inLanguage\":\"es\",\"@id\":\"https:\\\/\\\/cvinoticias.com\\\/v3\\\/abierta-la-inscripcion-para-los-talleres-virtuales-de-la-incubadora-de-empresas-del-piip\\\/#primaryimage\",\"url\":\"https:\\\/\\\/cvinoticias.com\\\/wp-content\\\/uploads\\\/2021\\\/01\\\/FB_IMG_1611190043346.jpg\",\"contentUrl\":\"https:\\\/\\\/cvinoticias.com\\\/wp-content\\\/uploads\\\/2021\\\/01\\\/FB_IMG_1611190043346.jpg\",\"width\":937,\"height\":937},{\"@type\":\"BreadcrumbList\",\"@id\":\"https:\\\/\\\/cvinoticias.com\\\/v3\\\/abierta-la-inscripcion-para-los-talleres-virtuales-de-la-incubadora-de-empresas-del-piip\\\/#breadcrumb\",\"itemListElement\":[{\"@type\":\"ListItem\",\"position\":1,\"name\":\"Portada\",\"item\":\"https:\\\/\\\/cvinoticias.com\\\/v3\\\/\"},{\"@type\":\"ListItem\",\"position\":2,\"name\":\"Abierta la inscripci\u00f3n para los talleres virtuales de la incubadora de empresas del PIIP\"}]},{\"@type\":\"WebSite\",\"@id\":\"https:\\\/\\\/cvinoticias.com\\\/v3\\\/#website\",\"url\":\"https:\\\/\\\/cvinoticias.com\\\/v3\\\/\",\"name\":\"CVI NOTICIAS\",\"description\":\"\",\"publisher\":{\"@id\":\"https:\\\/\\\/cvinoticias.com\\\/v3\\\/#organization\"},\"alternateName\":\"CVI\",\"potentialAction\":[{\"@type\":\"SearchAction\",\"target\":{\"@type\":\"EntryPoint\",\"urlTemplate\":\"https:\\\/\\\/cvinoticias.com\\\/v3\\\/?s={search_term_string}\"},\"query-input\":{\"@type\":\"PropertyValueSpecification\",\"valueRequired\":true,\"valueName\":\"search_term_string\"}}],\"inLanguage\":\"es\"},{\"@type\":\"Organization\",\"@id\":\"https:\\\/\\\/cvinoticias.com\\\/v3\\\/#organization\",\"name\":\"CVI NOTICIAS\",\"url\":\"https:\\\/\\\/cvinoticias.com\\\/v3\\\/\",\"logo\":{\"@type\":\"ImageObject\",\"inLanguage\":\"es\",\"@id\":\"https:\\\/\\\/cvinoticias.com\\\/v3\\\/#\\\/schema\\\/logo\\\/image\\\/\",\"url\":\"https:\\\/\\\/cvinoticias.com\\\/wp-content\\\/uploads\\\/2023\\\/04\\\/cropped-cropped-cropped-cropped-cropped-3-1.png\",\"contentUrl\":\"https:\\\/\\\/cvinoticias.com\\\/wp-content\\\/uploads\\\/2023\\\/04\\\/cropped-cropped-cropped-cropped-cropped-3-1.png\",\"width\":95,\"height\":122,\"caption\":\"CVI NOTICIAS\"},\"image\":{\"@id\":\"https:\\\/\\\/cvinoticias.com\\\/v3\\\/#\\\/schema\\\/logo\\\/image\\\/\"},\"sameAs\":[\"https:\\\/\\\/www.facebook.com\\\/cvinoticias\",\"https:\\\/\\\/www.instagram.com\\\/cvinoticias\\\/\",\"https:\\\/\\\/www.youtube.com\\\/@CVINOTICIAS\"]},{\"@type\":\"Person\",\"@id\":\"https:\\\/\\\/cvinoticias.com\\\/v3\\\/#\\\/schema\\\/person\\\/2db77e3c6bc03c538495d7b2b8be9b66\",\"name\":\"f1000024\",\"image\":{\"@type\":\"ImageObject\",\"inLanguage\":\"es\",\"@id\":\"https:\\\/\\\/secure.gravatar.com\\\/avatar\\\/d4fe7459cfc51ff5129ce1a732bbef5928568b8092d412ef95611616376bbeed?s=96&d=mm&r=g\",\"url\":\"https:\\\/\\\/secure.gravatar.com\\\/avatar\\\/d4fe7459cfc51ff5129ce1a732bbef5928568b8092d412ef95611616376bbeed?s=96&d=mm&r=g\",\"contentUrl\":\"https:\\\/\\\/secure.gravatar.com\\\/avatar\\\/d4fe7459cfc51ff5129ce1a732bbef5928568b8092d412ef95611616376bbeed?s=96&d=mm&r=g\",\"caption\":\"f1000024\"},\"url\":\"https:\\\/\\\/cvinoticias.com\\\/v3\\\/author\\\/f1000024\\\/\"}]}<\/script>\n<!-- \/ Yoast SEO plugin. -->","yoast_head_json":{"title":"Abierta la inscripci\u00f3n para los talleres virtuales de la incubadora de empresas del PIIP | CVI NOTICIAS","robots":{"index":"index","follow":"follow","max-snippet":"max-snippet:-1","max-image-preview":"max-image-preview:large","max-video-preview":"max-video-preview:-1"},"canonical":"https:\/\/cvinoticias.com\/v3\/abierta-la-inscripcion-para-los-talleres-virtuales-de-la-incubadora-de-empresas-del-piip\/","og_locale":"es_ES","og_type":"article","og_title":"Abierta la inscripci\u00f3n para los talleres virtuales de la incubadora de empresas del PIIP | CVI NOTICIAS","og_description":"El Parque Industrial y de la Innovaci\u00f3n inici\u00f3 el dictado de una serie de talleres virtuales, durante todo el mes de enero, con el fin de capacitar sobre diferentes tem\u00e1ticas, en el marco de la \u201cCarrera Emprendedora\u201d y su programa ProyectaTe. La incubadora del Parque Industrial y de la Innovaci\u00f3n Posadas en un trabajo conjunto [&hellip;]","og_url":"https:\/\/cvinoticias.com\/v3\/abierta-la-inscripcion-para-los-talleres-virtuales-de-la-incubadora-de-empresas-del-piip\/","og_site_name":"CVI NOTICIAS","article_publisher":"https:\/\/www.facebook.com\/cvinoticias","article_published_time":"2021-01-21T01:00:24+00:00","article_modified_time":"2021-01-21T01:01:58+00:00","og_image":[{"width":937,"height":937,"url":"https:\/\/cvinoticias.com\/wp-content\/uploads\/2021\/01\/FB_IMG_1611190043346.jpg","type":"image\/jpeg"}],"author":"f1000024","twitter_card":"summary_large_image","twitter_misc":{"Escrito por":"f1000024","Tiempo de lectura":"2 minutos"},"schema":{"@context":"https:\/\/schema.org","@graph":[{"@type":"Article","@id":"https:\/\/cvinoticias.com\/v3\/abierta-la-inscripcion-para-los-talleres-virtuales-de-la-incubadora-de-empresas-del-piip\/#article","isPartOf":{"@id":"https:\/\/cvinoticias.com\/v3\/abierta-la-inscripcion-para-los-talleres-virtuales-de-la-incubadora-de-empresas-del-piip\/"},"author":{"name":"f1000024","@id":"https:\/\/cvinoticias.com\/v3\/#\/schema\/person\/2db77e3c6bc03c538495d7b2b8be9b66"},"headline":"Abierta la inscripci\u00f3n para los talleres virtuales de la incubadora de empresas del PIIP","datePublished":"2021-01-21T01:00:24+00:00","dateModified":"2021-01-21T01:01:58+00:00","mainEntityOfPage":{"@id":"https:\/\/cvinoticias.com\/v3\/abierta-la-inscripcion-para-los-talleres-virtuales-de-la-incubadora-de-empresas-del-piip\/"},"wordCount":369,"commentCount":0,"publisher":{"@id":"https:\/\/cvinoticias.com\/v3\/#organization"},"image":{"@id":"https:\/\/cvinoticias.com\/v3\/abierta-la-inscripcion-para-los-talleres-virtuales-de-la-incubadora-de-empresas-del-piip\/#primaryimage"},"thumbnailUrl":"https:\/\/cvinoticias.com\/wp-content\/uploads\/2021\/01\/FB_IMG_1611190043346.jpg","articleSection":["Informaci\u00f3n General"],"inLanguage":"es","potentialAction":[{"@type":"CommentAction","name":"Comment","target":["https:\/\/cvinoticias.com\/v3\/abierta-la-inscripcion-para-los-talleres-virtuales-de-la-incubadora-de-empresas-del-piip\/#respond"]}]},{"@type":"WebPage","@id":"https:\/\/cvinoticias.com\/v3\/abierta-la-inscripcion-para-los-talleres-virtuales-de-la-incubadora-de-empresas-del-piip\/","url":"https:\/\/cvinoticias.com\/v3\/abierta-la-inscripcion-para-los-talleres-virtuales-de-la-incubadora-de-empresas-del-piip\/","name":"Abierta la inscripci\u00f3n para los talleres virtuales de la incubadora de empresas del PIIP | CVI NOTICIAS","isPartOf":{"@id":"https:\/\/cvinoticias.com\/v3\/#website"},"primaryImageOfPage":{"@id":"https:\/\/cvinoticias.com\/v3\/abierta-la-inscripcion-para-los-talleres-virtuales-de-la-incubadora-de-empresas-del-piip\/#primaryimage"},"image":{"@id":"https:\/\/cvinoticias.com\/v3\/abierta-la-inscripcion-para-los-talleres-virtuales-de-la-incubadora-de-empresas-del-piip\/#primaryimage"},"thumbnailUrl":"https:\/\/cvinoticias.com\/wp-content\/uploads\/2021\/01\/FB_IMG_1611190043346.jpg","datePublished":"2021-01-21T01:00:24+00:00","dateModified":"2021-01-21T01:01:58+00:00","breadcrumb":{"@id":"https:\/\/cvinoticias.com\/v3\/abierta-la-inscripcion-para-los-talleres-virtuales-de-la-incubadora-de-empresas-del-piip\/#breadcrumb"},"inLanguage":"es","potentialAction":[{"@type":"ReadAction","target":["https:\/\/cvinoticias.com\/v3\/abierta-la-inscripcion-para-los-talleres-virtuales-de-la-incubadora-de-empresas-del-piip\/"]}]},{"@type":"ImageObject","inLanguage":"es","@id":"https:\/\/cvinoticias.com\/v3\/abierta-la-inscripcion-para-los-talleres-virtuales-de-la-incubadora-de-empresas-del-piip\/#primaryimage","url":"https:\/\/cvinoticias.com\/wp-content\/uploads\/2021\/01\/FB_IMG_1611190043346.jpg","contentUrl":"https:\/\/cvinoticias.com\/wp-content\/uploads\/2021\/01\/FB_IMG_1611190043346.jpg","width":937,"height":937},{"@type":"BreadcrumbList","@id":"https:\/\/cvinoticias.com\/v3\/abierta-la-inscripcion-para-los-talleres-virtuales-de-la-incubadora-de-empresas-del-piip\/#breadcrumb","itemListElement":[{"@type":"ListItem","position":1,"name":"Portada","item":"https:\/\/cvinoticias.com\/v3\/"},{"@type":"ListItem","position":2,"name":"Abierta la inscripci\u00f3n para los talleres virtuales de la incubadora de empresas del PIIP"}]},{"@type":"WebSite","@id":"https:\/\/cvinoticias.com\/v3\/#website","url":"https:\/\/cvinoticias.com\/v3\/","name":"CVI NOTICIAS","description":"","publisher":{"@id":"https:\/\/cvinoticias.com\/v3\/#organization"},"alternateName":"CVI","potentialAction":[{"@type":"SearchAction","target":{"@type":"EntryPoint","urlTemplate":"https:\/\/cvinoticias.com\/v3\/?s={search_term_string}"},"query-input":{"@type":"PropertyValueSpecification","valueRequired":true,"valueName":"search_term_string"}}],"inLanguage":"es"},{"@type":"Organization","@id":"https:\/\/cvinoticias.com\/v3\/#organization","name":"CVI NOTICIAS","url":"https:\/\/cvinoticias.com\/v3\/","logo":{"@type":"ImageObject","inLanguage":"es","@id":"https:\/\/cvinoticias.com\/v3\/#\/schema\/logo\/image\/","url":"https:\/\/cvinoticias.com\/wp-content\/uploads\/2023\/04\/cropped-cropped-cropped-cropped-cropped-3-1.png","contentUrl":"https:\/\/cvinoticias.com\/wp-content\/uploads\/2023\/04\/cropped-cropped-cropped-cropped-cropped-3-1.png","width":95,"height":122,"caption":"CVI NOTICIAS"},"image":{"@id":"https:\/\/cvinoticias.com\/v3\/#\/schema\/logo\/image\/"},"sameAs":["https:\/\/www.facebook.com\/cvinoticias","https:\/\/www.instagram.com\/cvinoticias\/","https:\/\/www.youtube.com\/@CVINOTICIAS"]},{"@type":"Person","@id":"https:\/\/cvinoticias.com\/v3\/#\/schema\/person\/2db77e3c6bc03c538495d7b2b8be9b66","name":"f1000024","image":{"@type":"ImageObject","inLanguage":"es","@id":"https:\/\/secure.gravatar.com\/avatar\/d4fe7459cfc51ff5129ce1a732bbef5928568b8092d412ef95611616376bbeed?s=96&d=mm&r=g","url":"https:\/\/secure.gravatar.com\/avatar\/d4fe7459cfc51ff5129ce1a732bbef5928568b8092d412ef95611616376bbeed?s=96&d=mm&r=g","contentUrl":"https:\/\/secure.gravatar.com\/avatar\/d4fe7459cfc51ff5129ce1a732bbef5928568b8092d412ef95611616376bbeed?s=96&d=mm&r=g","caption":"f1000024"},"url":"https:\/\/cvinoticias.com\/v3\/author\/f1000024\/"}]}},"_links":{"self":[{"href":"https:\/\/cvinoticias.com\/v3\/wp-json\/wp\/v2\/posts\/1885","targetHints":{"allow":["GET"]}}],"collection":[{"href":"https:\/\/cvinoticias.com\/v3\/wp-json\/wp\/v2\/posts"}],"about":[{"href":"https:\/\/cvinoticias.com\/v3\/wp-json\/wp\/v2\/types\/post"}],"author":[{"embeddable":true,"href":"https:\/\/cvinoticias.com\/v3\/wp-json\/wp\/v2\/users\/2"}],"replies":[{"embeddable":true,"href":"https:\/\/cvinoticias.com\/v3\/wp-json\/wp\/v2\/comments?post=1885"}],"version-history":[{"count":1,"href":"https:\/\/cvinoticias.com\/v3\/wp-json\/wp\/v2\/posts\/1885\/revisions"}],"predecessor-version":[{"id":1887,"href":"https:\/\/cvinoticias.com\/v3\/wp-json\/wp\/v2\/posts\/1885\/revisions\/1887"}],"wp:featuredmedia":[{"embeddable":true,"href":"https:\/\/cvinoticias.com\/v3\/wp-json\/wp\/v2\/media\/1886"}],"wp:attachment":[{"href":"https:\/\/cvinoticias.com\/v3\/wp-json\/wp\/v2\/media?parent=1885"}],"wp:term":[{"taxonomy":"category","embeddable":true,"href":"https:\/\/cvinoticias.com\/v3\/wp-json\/wp\/v2\/categories?post=1885"},{"taxonomy":"post_tag","embeddable":true,"href":"https:\/\/cvinoticias.com\/v3\/wp-json\/wp\/v2\/tags?post=1885"}],"curies":[{"name":"wp","href":"https:\/\/api.w.org\/{rel}","templated":true}]}}