{"id":18808,"date":"2022-08-31T14:16:36","date_gmt":"2022-08-31T14:16:36","guid":{"rendered":"https:\/\/cvinoticias.com\/v3\/?p=18808"},"modified":"2022-08-31T14:16:36","modified_gmt":"2022-08-31T14:16:36","slug":"el-gobierno-entrego-subsidios-y-aportes-financieros-a-producciones-audiovisuales-misioneras","status":"publish","type":"post","link":"https:\/\/cvinoticias.com\/v3\/el-gobierno-entrego-subsidios-y-aportes-financieros-a-producciones-audiovisuales-misioneras\/","title":{"rendered":"El Gobierno entreg\u00f3 subsidios y aportes financieros a producciones audiovisuales Misioneras"},"content":{"rendered":"\n<p><strong><em>El Gobernador entreg\u00f3 subsidios y aportes financieros a diferentes producciones y proyectos audiovisuales locales. Adem\u00e1s, se firm\u00f3 un convenio entre el Instituto de Artes Audiovisuales de Misiones (IAAviM) y la productora Montecine SAS. Funcionarios provinciales destacaron el crecimiento del sector y los beneficios econ\u00f3micos que genera en la provincia.<\/em><\/strong><\/p>\n\n\n\n<p>En Sala de Situaci\u00f3n de Casa de Gobierno, y con el objetivo de incentivar las producciones de cine local, la Provincia entreg\u00f3 subsidios y aportes a realizadores misioneros. Los mismos est\u00e1n distribuidos en cuatro l\u00edneas de financiamiento. Adem\u00e1s, se firm\u00f3 un convenio entre el IAAviM y la productora Montecine SAS mediante el cual la Provincia realizar\u00e1 un aporte a esta producci\u00f3n de cine que beneficiar\u00e1 al movimiento econ\u00f3mico del sector.<\/p>\n\n\n\n<figure class=\"wp-block-image size-full\"><a href=\"https:\/\/cvinoticias.com\/wp-content\/uploads\/2022\/08\/FB_IMG_1661954868937.jpg\"><img decoding=\"async\" width=\"1024\" height=\"683\" data-src=\"https:\/\/cvinoticias.com\/wp-content\/uploads\/2022\/08\/FB_IMG_1661954868937.jpg\" alt=\"\" class=\"wp-image-18812 lazyload\" data-srcset=\"https:\/\/cvinoticias.com\/wp-content\/uploads\/2022\/08\/FB_IMG_1661954868937.jpg 1024w, https:\/\/cvinoticias.com\/wp-content\/uploads\/2022\/08\/FB_IMG_1661954868937-300x200.jpg 300w, https:\/\/cvinoticias.com\/wp-content\/uploads\/2022\/08\/FB_IMG_1661954868937-768x512.jpg 768w\" data-sizes=\"(max-width: 1024px) 100vw, 1024px\" src=\"data:image\/svg+xml;base64,PHN2ZyB3aWR0aD0iMSIgaGVpZ2h0PSIxIiB4bWxucz0iaHR0cDovL3d3dy53My5vcmcvMjAwMC9zdmciPjwvc3ZnPg==\" style=\"--smush-placeholder-width: 1024px; --smush-placeholder-aspect-ratio: 1024\/683;\" \/><\/a><\/figure>\n\n\n\n<p>El gobernador Oscar Herrera Ahuad destac\u00f3 la creatividad de los realizadores audiovisuales y su aptitud para generar valor agregado, al tiempo que remarc\u00f3 el papel de los funcionarios, organismos e instituciones involucradas en la gesti\u00f3n de los beneficios para el sector. Por eso, valor\u00f3 este tipo de producciones por \u201cgenerar empleo y genuino\u201d, abriendo la posibilidad de crear puestos de trabajo distintos al empleo p\u00fablico, \u201cy que permiten que la industria, una verdadera industria, se ponga en movimiento utilizando lo que tiene, que es su naturaleza, algo que es de gran valor\u201d.<\/p>\n\n\n\n<p>En la misma l\u00ednea, resalt\u00f3 la anterior gesti\u00f3n como gobernador de Hugo Passalacqua porque entendi\u00f3 \u201clo que significa la industria del cine y la cultura. Eso dej\u00f3 sembrado un camino muy importante a quienes venimos despu\u00e9s en la gesti\u00f3n, por lo que debemos honrarlo\u201d. De esta manera, expres\u00f3 su \u201ccompromiso de que todas las producciones que tengamos con vistas al pr\u00f3ximo a\u00f1o van a estar financiadas y van a tener su cofinanciamiento\u201d. Respecto del convenio, dijo que es producto de \u201cconfiar en la provincia y confiar en la industria del arte audiovisual de Misiones\u201d.<\/p>\n\n\n\n<p><strong>EL DESTACADO PAPEL DE MISIONES EN LA PRODUCCI\u00d3N AUDIOVISUAL<\/strong><\/p>\n\n\n\n<p>En tanto, el vicepresidente primero de la C\u00e1mara de Representantes, Hugo Passalacqua, destac\u00f3 la gesti\u00f3n de Herrera Ahuad en el sector audiovisual que genera muchos puestos de trabajos. As\u00ed, puntualiz\u00f3 que Misiones es la segunda o tercera provincia en uso de locaciones y resalt\u00f3 la mano de obra altamente capacitada de este sector. \u201cEs una obra de ingenier\u00eda pol\u00edtica, de alta pol\u00edtica\u201d, a\u00f1adi\u00f3, y puso \u00e9nfasis en que \u201cla cultura est\u00e9 sentada en la mesa de las decisiones pol\u00edticas es muy importante. La cultura es una gran decisi\u00f3n pol\u00edtica, no hay tejido social si no hay cultura\u201d.<\/p>\n\n\n\n<figure class=\"wp-block-image size-full\"><a href=\"https:\/\/cvinoticias.com\/wp-content\/uploads\/2022\/08\/FB_IMG_1661954821134.jpg\"><img decoding=\"async\" width=\"1024\" height=\"683\" data-src=\"https:\/\/cvinoticias.com\/wp-content\/uploads\/2022\/08\/FB_IMG_1661954821134.jpg\" alt=\"\" class=\"wp-image-18811 lazyload\" data-srcset=\"https:\/\/cvinoticias.com\/wp-content\/uploads\/2022\/08\/FB_IMG_1661954821134.jpg 1024w, https:\/\/cvinoticias.com\/wp-content\/uploads\/2022\/08\/FB_IMG_1661954821134-300x200.jpg 300w, https:\/\/cvinoticias.com\/wp-content\/uploads\/2022\/08\/FB_IMG_1661954821134-768x512.jpg 768w\" data-sizes=\"(max-width: 1024px) 100vw, 1024px\" src=\"data:image\/svg+xml;base64,PHN2ZyB3aWR0aD0iMSIgaGVpZ2h0PSIxIiB4bWxucz0iaHR0cDovL3d3dy53My5vcmcvMjAwMC9zdmciPjwvc3ZnPg==\" style=\"--smush-placeholder-width: 1024px; --smush-placeholder-aspect-ratio: 1024\/683;\" \/><\/a><\/figure>\n\n\n\n<p>Despu\u00e9s, el ministro de Cultura, Jos\u00e9 Martin Schuap, dio cuenta de que \u201cMisiones fue, en tiempos de pandemia, la primera provincia que volvi\u00f3 a rodar y que puso en ejecuci\u00f3n planes de contingencia cuando todo se detuvo en la Argentina\u201d. Destac\u00f3 el fomento de incentivos desde la provincia, el rol del IAAviM que se capacita y busca nuevos proyectos que potencian el desarrollo del \u00e1rea. Por eso, recalc\u00f3 esto que \u201cgenera tanto trabajo y que tantos beneficios nos trae, como lo viene haciendo todo el sector independiente en conjunto con el Estado provincial\u201d.<\/p>\n\n\n\n<p>En la misma l\u00ednea, sostuvo el papel del INCAA que tiene a Misiones como un referente y de sus incentivos para potenciar el cine local. \u201cQuiero destacar que se trabaja en esos laboratorios de proyectos para impulsarlos y ense\u00f1ar a preparar esas carpetas, a preparar esas ideas y a motivar el conocimiento creativo de nuestra provincia a trav\u00e9s de los libretos, a trav\u00e9s del relato de qu\u00e9 es lo que vamos a contar para que se filme en Misiones. Eso es lo m\u00e1s emocionante que tiene el cine misionero, que habla de nosotros y que trae dinero, como muy pocas cosas en la Argentina hoy\u201d.<\/p>\n\n\n\n<p>Por \u00faltimo, el ministro de Hacienda, Adolfo Safr\u00e1n resalto la actividad audiovisual por lo que mueve econ\u00f3micamente mediante la producci\u00f3n de una pel\u00edcula. \u201cPor supuesto Misiones se est\u00e1 destacando por la calidad de las mismas, pero m\u00e1s all\u00e1 de eso hay mucho trabajo de los actores, extras, asistentes y realmente est\u00e1 generando una industria incipiente importante. Y s\u00ed, hoy se est\u00e1 destacando a nivel nacional, es una de las primeras provincias en la producci\u00f3n de este tipo de materia\u201d, a\u00f1adi\u00f3.<\/p>\n\n\n\n<p>Entre los otros funcionarios presentes en el acto, estuvieron el ministro Coordinador de Gabinete, Ricardo Wellbach; el titular del Instituto de Artes Audiovisuales de Misiones -IAAviM-, Mario Gim\u00e9nez, junto a realizadores audiovisuales.<\/p>\n\n\n\n<p><strong>UN APORTE A LA CULTURA AUDIOVISUAL<\/strong><\/p>\n\n\n\n<p>Los subsidios entregados esta ma\u00f1ana responden a cuatro l\u00edneas. Una contempla proyectos Industriales, son los proyectos que tienen fondos del INCAA o fondos internacionales y la provincia aporta una contraparte. La beneficiaria en esta oportunidad fue \u201cZulma\u201d que se termin\u00f3 de grabar en el mes de junio en Colonia Alberdi, y es una producci\u00f3n dirigida y escrita por el misionero Axel Mons\u00fa, de la Cooperativa La Tierra, cuyo equipo t\u00e9cnico y elenco tambi\u00e9n son misioneros. Asimismo, fueron beneficiadas las producciones \u201cSamba tu \u00e9\u201d, de Benjam\u00edn Correa de Ober\u00e1, que recibi\u00f3 el aporte para el cierre de la producci\u00f3n; y \u201cLa Selva no existe\u201d un largometraje de ficci\u00f3n que se grab\u00f3 en mayo en Arroyo del Medio, de Jos\u00e9 Salvia.<\/p>\n\n\n\n<p>La otra l\u00ednea es para desarrollo de proyectos documentales, que es un aporte econ\u00f3mico destinado a la investigaci\u00f3n, ya que son proyecto de car\u00e1cter documental que una vez que est\u00e9n terminados se van a presentar al INCAA para conseguir los fondos para ser producidos. En esta l\u00ednea son cuatro beneficiarios, uno por cada uno de las regiones. Es una l\u00ednea importante porque luego van a traccionar fondos nacionales para la etapa de producci\u00f3n. El beneficiario en el d\u00eda de la fecha fue el Documental \u201cRipoll\u201d de Luciano Pensa de Posadas.<\/p>\n\n\n\n<figure class=\"wp-block-image size-full\"><a href=\"https:\/\/cvinoticias.com\/wp-content\/uploads\/2022\/08\/FB_IMG_1661954863328.jpg\"><img decoding=\"async\" width=\"1024\" height=\"683\" data-src=\"https:\/\/cvinoticias.com\/wp-content\/uploads\/2022\/08\/FB_IMG_1661954863328.jpg\" alt=\"\" class=\"wp-image-18813 lazyload\" data-srcset=\"https:\/\/cvinoticias.com\/wp-content\/uploads\/2022\/08\/FB_IMG_1661954863328.jpg 1024w, https:\/\/cvinoticias.com\/wp-content\/uploads\/2022\/08\/FB_IMG_1661954863328-300x200.jpg 300w, https:\/\/cvinoticias.com\/wp-content\/uploads\/2022\/08\/FB_IMG_1661954863328-768x512.jpg 768w\" data-sizes=\"(max-width: 1024px) 100vw, 1024px\" src=\"data:image\/svg+xml;base64,PHN2ZyB3aWR0aD0iMSIgaGVpZ2h0PSIxIiB4bWxucz0iaHR0cDovL3d3dy53My5vcmcvMjAwMC9zdmciPjwvc3ZnPg==\" style=\"--smush-placeholder-width: 1024px; --smush-placeholder-aspect-ratio: 1024\/683;\" \/><\/a><\/figure>\n\n\n\n<p>La l\u00ednea de incentivo para formatos breves, concentra producciones como videoclip o formatos similares breves. Por eso, en esta ocasi\u00f3n cuatro realizadores recibieron la segunda cuota del beneficio que fueron a parar a los proyectos \u201cBatallas Freestyle\u201d, de Lorena Wik; \u201cGeneraZi\u00f3n 00\u201d de Victoria C\u00e1ceres; \u201cBarata by Katy Solem\u201d de Walter Mos\u00f3n y para la finalizaci\u00f3n de \u201cA Mitad de Camino\u201d.<\/p>\n\n\n\n<figure class=\"wp-block-image size-full\"><a href=\"https:\/\/cvinoticias.com\/wp-content\/uploads\/2022\/08\/FB_IMG_1661954865955.jpg\"><img decoding=\"async\" width=\"1024\" height=\"683\" data-src=\"https:\/\/cvinoticias.com\/wp-content\/uploads\/2022\/08\/FB_IMG_1661954865955.jpg\" alt=\"\" class=\"wp-image-18814 lazyload\" data-srcset=\"https:\/\/cvinoticias.com\/wp-content\/uploads\/2022\/08\/FB_IMG_1661954865955.jpg 1024w, https:\/\/cvinoticias.com\/wp-content\/uploads\/2022\/08\/FB_IMG_1661954865955-300x200.jpg 300w, https:\/\/cvinoticias.com\/wp-content\/uploads\/2022\/08\/FB_IMG_1661954865955-768x512.jpg 768w\" data-sizes=\"(max-width: 1024px) 100vw, 1024px\" src=\"data:image\/svg+xml;base64,PHN2ZyB3aWR0aD0iMSIgaGVpZ2h0PSIxIiB4bWxucz0iaHR0cDovL3d3dy53My5vcmcvMjAwMC9zdmciPjwvc3ZnPg==\" style=\"--smush-placeholder-width: 1024px; --smush-placeholder-aspect-ratio: 1024\/683;\" \/><\/a><\/figure>\n\n\n\n<p>Por \u00faltimo, la l\u00ednea de incentivo para finalizaci\u00f3n de obras, es un est\u00edmulo para un proceso de posproducci\u00f3n, ya sea para arreglos de color, sonido o para subtitulado. Tambi\u00e9n en esta l\u00ednea hubo cinco beneficiarios que recibir\u00e1n una segunda cuota del beneficio. En tanto, el proyecto que hoy recibi\u00f3 el beneficio fue \u201cViolencia Natural\u201d de Gabriela Roldan.<\/p>\n\n\n\n<p>Adem\u00e1s, se firm\u00f3 un convenio entre el IAAviM y la productora Montecine SAS representada por Yamila Barnasthpol, mediante el cual la provincia realizar\u00e1 un aporte a esta producci\u00f3n de cine para el rodaje de \u201cMitra\u201d, un largometraje escrito y dirigido por Diego Bellocchio cuyo rodaje est\u00e1 previsto para el mes de octubre.<\/p>\n\n\n\n<figure class=\"wp-block-image size-full\"><a href=\"https:\/\/cvinoticias.com\/wp-content\/uploads\/2022\/08\/FB_IMG_1661954893081.jpg\"><img decoding=\"async\" width=\"1024\" height=\"683\" data-src=\"https:\/\/cvinoticias.com\/wp-content\/uploads\/2022\/08\/FB_IMG_1661954893081.jpg\" alt=\"\" class=\"wp-image-18810 lazyload\" data-srcset=\"https:\/\/cvinoticias.com\/wp-content\/uploads\/2022\/08\/FB_IMG_1661954893081.jpg 1024w, https:\/\/cvinoticias.com\/wp-content\/uploads\/2022\/08\/FB_IMG_1661954893081-300x200.jpg 300w, https:\/\/cvinoticias.com\/wp-content\/uploads\/2022\/08\/FB_IMG_1661954893081-768x512.jpg 768w\" data-sizes=\"(max-width: 1024px) 100vw, 1024px\" src=\"data:image\/svg+xml;base64,PHN2ZyB3aWR0aD0iMSIgaGVpZ2h0PSIxIiB4bWxucz0iaHR0cDovL3d3dy53My5vcmcvMjAwMC9zdmciPjwvc3ZnPg==\" style=\"--smush-placeholder-width: 1024px; --smush-placeholder-aspect-ratio: 1024\/683;\" \/><\/a><\/figure>\n","protected":false},"excerpt":{"rendered":"<p>El Gobernador entreg\u00f3 subsidios y aportes financieros a diferentes producciones y proyectos audiovisuales locales. Adem\u00e1s, se firm\u00f3 un convenio entre el Instituto de Artes Audiovisuales de Misiones (IAAviM) y la productora Montecine SAS. Funcionarios provinciales destacaron el crecimiento del sector y los beneficios econ\u00f3micos que genera en la provincia. En Sala de Situaci\u00f3n de Casa [&hellip;]<\/p>\n","protected":false},"author":2,"featured_media":18809,"comment_status":"open","ping_status":"open","sticky":false,"template":"","format":"standard","meta":{"footnotes":""},"categories":[35],"tags":[],"class_list":["post-18808","post","type-post","status-publish","format-standard","has-post-thumbnail","hentry","category-informacion-general"],"yoast_head":"<!-- This site is optimized with the Yoast SEO plugin v27.5 - https:\/\/yoast.com\/product\/yoast-seo-wordpress\/ -->\n<title>El Gobierno entreg\u00f3 subsidios y aportes financieros a producciones audiovisuales Misioneras | CVI NOTICIAS<\/title>\n<meta name=\"robots\" content=\"index, follow, max-snippet:-1, max-image-preview:large, max-video-preview:-1\" \/>\n<link rel=\"canonical\" href=\"https:\/\/cvinoticias.com\/v3\/el-gobierno-entrego-subsidios-y-aportes-financieros-a-producciones-audiovisuales-misioneras\/\" \/>\n<meta property=\"og:locale\" content=\"es_ES\" \/>\n<meta property=\"og:type\" content=\"article\" \/>\n<meta property=\"og:title\" content=\"El Gobierno entreg\u00f3 subsidios y aportes financieros a producciones audiovisuales Misioneras | CVI NOTICIAS\" \/>\n<meta property=\"og:description\" content=\"El Gobernador entreg\u00f3 subsidios y aportes financieros a diferentes producciones y proyectos audiovisuales locales. Adem\u00e1s, se firm\u00f3 un convenio entre el Instituto de Artes Audiovisuales de Misiones (IAAviM) y la productora Montecine SAS. Funcionarios provinciales destacaron el crecimiento del sector y los beneficios econ\u00f3micos que genera en la provincia. En Sala de Situaci\u00f3n de Casa [&hellip;]\" \/>\n<meta property=\"og:url\" content=\"https:\/\/cvinoticias.com\/v3\/el-gobierno-entrego-subsidios-y-aportes-financieros-a-producciones-audiovisuales-misioneras\/\" \/>\n<meta property=\"og:site_name\" content=\"CVI NOTICIAS\" \/>\n<meta property=\"article:publisher\" content=\"https:\/\/www.facebook.com\/cvinoticias\" \/>\n<meta property=\"article:published_time\" content=\"2022-08-31T14:16:36+00:00\" \/>\n<meta property=\"og:image\" content=\"https:\/\/cvinoticias.com\/wp-content\/uploads\/2022\/08\/FB_IMG_1661954809947.jpg\" \/>\n\t<meta property=\"og:image:width\" content=\"1024\" \/>\n\t<meta property=\"og:image:height\" content=\"683\" \/>\n\t<meta property=\"og:image:type\" content=\"image\/jpeg\" \/>\n<meta name=\"author\" content=\"f1000024\" \/>\n<meta name=\"twitter:card\" content=\"summary_large_image\" \/>\n<meta name=\"twitter:label1\" content=\"Escrito por\" \/>\n\t<meta name=\"twitter:data1\" content=\"f1000024\" \/>\n\t<meta name=\"twitter:label2\" content=\"Tiempo de lectura\" \/>\n\t<meta name=\"twitter:data2\" content=\"6 minutos\" \/>\n<script type=\"application\/ld+json\" class=\"yoast-schema-graph\">{\"@context\":\"https:\\\/\\\/schema.org\",\"@graph\":[{\"@type\":\"Article\",\"@id\":\"https:\\\/\\\/cvinoticias.com\\\/v3\\\/el-gobierno-entrego-subsidios-y-aportes-financieros-a-producciones-audiovisuales-misioneras\\\/#article\",\"isPartOf\":{\"@id\":\"https:\\\/\\\/cvinoticias.com\\\/v3\\\/el-gobierno-entrego-subsidios-y-aportes-financieros-a-producciones-audiovisuales-misioneras\\\/\"},\"author\":{\"name\":\"f1000024\",\"@id\":\"https:\\\/\\\/cvinoticias.com\\\/v3\\\/#\\\/schema\\\/person\\\/2db77e3c6bc03c538495d7b2b8be9b66\"},\"headline\":\"El Gobierno entreg\u00f3 subsidios y aportes financieros a producciones audiovisuales Misioneras\",\"datePublished\":\"2022-08-31T14:16:36+00:00\",\"mainEntityOfPage\":{\"@id\":\"https:\\\/\\\/cvinoticias.com\\\/v3\\\/el-gobierno-entrego-subsidios-y-aportes-financieros-a-producciones-audiovisuales-misioneras\\\/\"},\"wordCount\":1188,\"commentCount\":0,\"publisher\":{\"@id\":\"https:\\\/\\\/cvinoticias.com\\\/v3\\\/#organization\"},\"image\":{\"@id\":\"https:\\\/\\\/cvinoticias.com\\\/v3\\\/el-gobierno-entrego-subsidios-y-aportes-financieros-a-producciones-audiovisuales-misioneras\\\/#primaryimage\"},\"thumbnailUrl\":\"https:\\\/\\\/cvinoticias.com\\\/wp-content\\\/uploads\\\/2022\\\/08\\\/FB_IMG_1661954809947.jpg\",\"articleSection\":[\"Informaci\u00f3n General\"],\"inLanguage\":\"es\",\"potentialAction\":[{\"@type\":\"CommentAction\",\"name\":\"Comment\",\"target\":[\"https:\\\/\\\/cvinoticias.com\\\/v3\\\/el-gobierno-entrego-subsidios-y-aportes-financieros-a-producciones-audiovisuales-misioneras\\\/#respond\"]}]},{\"@type\":\"WebPage\",\"@id\":\"https:\\\/\\\/cvinoticias.com\\\/v3\\\/el-gobierno-entrego-subsidios-y-aportes-financieros-a-producciones-audiovisuales-misioneras\\\/\",\"url\":\"https:\\\/\\\/cvinoticias.com\\\/v3\\\/el-gobierno-entrego-subsidios-y-aportes-financieros-a-producciones-audiovisuales-misioneras\\\/\",\"name\":\"El Gobierno entreg\u00f3 subsidios y aportes financieros a producciones audiovisuales Misioneras | CVI NOTICIAS\",\"isPartOf\":{\"@id\":\"https:\\\/\\\/cvinoticias.com\\\/v3\\\/#website\"},\"primaryImageOfPage\":{\"@id\":\"https:\\\/\\\/cvinoticias.com\\\/v3\\\/el-gobierno-entrego-subsidios-y-aportes-financieros-a-producciones-audiovisuales-misioneras\\\/#primaryimage\"},\"image\":{\"@id\":\"https:\\\/\\\/cvinoticias.com\\\/v3\\\/el-gobierno-entrego-subsidios-y-aportes-financieros-a-producciones-audiovisuales-misioneras\\\/#primaryimage\"},\"thumbnailUrl\":\"https:\\\/\\\/cvinoticias.com\\\/wp-content\\\/uploads\\\/2022\\\/08\\\/FB_IMG_1661954809947.jpg\",\"datePublished\":\"2022-08-31T14:16:36+00:00\",\"breadcrumb\":{\"@id\":\"https:\\\/\\\/cvinoticias.com\\\/v3\\\/el-gobierno-entrego-subsidios-y-aportes-financieros-a-producciones-audiovisuales-misioneras\\\/#breadcrumb\"},\"inLanguage\":\"es\",\"potentialAction\":[{\"@type\":\"ReadAction\",\"target\":[\"https:\\\/\\\/cvinoticias.com\\\/v3\\\/el-gobierno-entrego-subsidios-y-aportes-financieros-a-producciones-audiovisuales-misioneras\\\/\"]}]},{\"@type\":\"ImageObject\",\"inLanguage\":\"es\",\"@id\":\"https:\\\/\\\/cvinoticias.com\\\/v3\\\/el-gobierno-entrego-subsidios-y-aportes-financieros-a-producciones-audiovisuales-misioneras\\\/#primaryimage\",\"url\":\"https:\\\/\\\/cvinoticias.com\\\/wp-content\\\/uploads\\\/2022\\\/08\\\/FB_IMG_1661954809947.jpg\",\"contentUrl\":\"https:\\\/\\\/cvinoticias.com\\\/wp-content\\\/uploads\\\/2022\\\/08\\\/FB_IMG_1661954809947.jpg\",\"width\":1024,\"height\":683},{\"@type\":\"BreadcrumbList\",\"@id\":\"https:\\\/\\\/cvinoticias.com\\\/v3\\\/el-gobierno-entrego-subsidios-y-aportes-financieros-a-producciones-audiovisuales-misioneras\\\/#breadcrumb\",\"itemListElement\":[{\"@type\":\"ListItem\",\"position\":1,\"name\":\"Portada\",\"item\":\"https:\\\/\\\/cvinoticias.com\\\/v3\\\/\"},{\"@type\":\"ListItem\",\"position\":2,\"name\":\"El Gobierno entreg\u00f3 subsidios y aportes financieros a producciones audiovisuales Misioneras\"}]},{\"@type\":\"WebSite\",\"@id\":\"https:\\\/\\\/cvinoticias.com\\\/v3\\\/#website\",\"url\":\"https:\\\/\\\/cvinoticias.com\\\/v3\\\/\",\"name\":\"CVI NOTICIAS\",\"description\":\"\",\"publisher\":{\"@id\":\"https:\\\/\\\/cvinoticias.com\\\/v3\\\/#organization\"},\"alternateName\":\"CVI\",\"potentialAction\":[{\"@type\":\"SearchAction\",\"target\":{\"@type\":\"EntryPoint\",\"urlTemplate\":\"https:\\\/\\\/cvinoticias.com\\\/v3\\\/?s={search_term_string}\"},\"query-input\":{\"@type\":\"PropertyValueSpecification\",\"valueRequired\":true,\"valueName\":\"search_term_string\"}}],\"inLanguage\":\"es\"},{\"@type\":\"Organization\",\"@id\":\"https:\\\/\\\/cvinoticias.com\\\/v3\\\/#organization\",\"name\":\"CVI NOTICIAS\",\"url\":\"https:\\\/\\\/cvinoticias.com\\\/v3\\\/\",\"logo\":{\"@type\":\"ImageObject\",\"inLanguage\":\"es\",\"@id\":\"https:\\\/\\\/cvinoticias.com\\\/v3\\\/#\\\/schema\\\/logo\\\/image\\\/\",\"url\":\"https:\\\/\\\/cvinoticias.com\\\/wp-content\\\/uploads\\\/2023\\\/04\\\/cropped-cropped-cropped-cropped-cropped-3-1.png\",\"contentUrl\":\"https:\\\/\\\/cvinoticias.com\\\/wp-content\\\/uploads\\\/2023\\\/04\\\/cropped-cropped-cropped-cropped-cropped-3-1.png\",\"width\":95,\"height\":122,\"caption\":\"CVI NOTICIAS\"},\"image\":{\"@id\":\"https:\\\/\\\/cvinoticias.com\\\/v3\\\/#\\\/schema\\\/logo\\\/image\\\/\"},\"sameAs\":[\"https:\\\/\\\/www.facebook.com\\\/cvinoticias\",\"https:\\\/\\\/www.instagram.com\\\/cvinoticias\\\/\",\"https:\\\/\\\/www.youtube.com\\\/@CVINOTICIAS\"]},{\"@type\":\"Person\",\"@id\":\"https:\\\/\\\/cvinoticias.com\\\/v3\\\/#\\\/schema\\\/person\\\/2db77e3c6bc03c538495d7b2b8be9b66\",\"name\":\"f1000024\",\"image\":{\"@type\":\"ImageObject\",\"inLanguage\":\"es\",\"@id\":\"https:\\\/\\\/secure.gravatar.com\\\/avatar\\\/d4fe7459cfc51ff5129ce1a732bbef5928568b8092d412ef95611616376bbeed?s=96&d=mm&r=g\",\"url\":\"https:\\\/\\\/secure.gravatar.com\\\/avatar\\\/d4fe7459cfc51ff5129ce1a732bbef5928568b8092d412ef95611616376bbeed?s=96&d=mm&r=g\",\"contentUrl\":\"https:\\\/\\\/secure.gravatar.com\\\/avatar\\\/d4fe7459cfc51ff5129ce1a732bbef5928568b8092d412ef95611616376bbeed?s=96&d=mm&r=g\",\"caption\":\"f1000024\"},\"url\":\"https:\\\/\\\/cvinoticias.com\\\/v3\\\/author\\\/f1000024\\\/\"}]}<\/script>\n<!-- \/ Yoast SEO plugin. -->","yoast_head_json":{"title":"El Gobierno entreg\u00f3 subsidios y aportes financieros a producciones audiovisuales Misioneras | CVI NOTICIAS","robots":{"index":"index","follow":"follow","max-snippet":"max-snippet:-1","max-image-preview":"max-image-preview:large","max-video-preview":"max-video-preview:-1"},"canonical":"https:\/\/cvinoticias.com\/v3\/el-gobierno-entrego-subsidios-y-aportes-financieros-a-producciones-audiovisuales-misioneras\/","og_locale":"es_ES","og_type":"article","og_title":"El Gobierno entreg\u00f3 subsidios y aportes financieros a producciones audiovisuales Misioneras | CVI NOTICIAS","og_description":"El Gobernador entreg\u00f3 subsidios y aportes financieros a diferentes producciones y proyectos audiovisuales locales. Adem\u00e1s, se firm\u00f3 un convenio entre el Instituto de Artes Audiovisuales de Misiones (IAAviM) y la productora Montecine SAS. Funcionarios provinciales destacaron el crecimiento del sector y los beneficios econ\u00f3micos que genera en la provincia. En Sala de Situaci\u00f3n de Casa [&hellip;]","og_url":"https:\/\/cvinoticias.com\/v3\/el-gobierno-entrego-subsidios-y-aportes-financieros-a-producciones-audiovisuales-misioneras\/","og_site_name":"CVI NOTICIAS","article_publisher":"https:\/\/www.facebook.com\/cvinoticias","article_published_time":"2022-08-31T14:16:36+00:00","og_image":[{"width":1024,"height":683,"url":"https:\/\/cvinoticias.com\/wp-content\/uploads\/2022\/08\/FB_IMG_1661954809947.jpg","type":"image\/jpeg"}],"author":"f1000024","twitter_card":"summary_large_image","twitter_misc":{"Escrito por":"f1000024","Tiempo de lectura":"6 minutos"},"schema":{"@context":"https:\/\/schema.org","@graph":[{"@type":"Article","@id":"https:\/\/cvinoticias.com\/v3\/el-gobierno-entrego-subsidios-y-aportes-financieros-a-producciones-audiovisuales-misioneras\/#article","isPartOf":{"@id":"https:\/\/cvinoticias.com\/v3\/el-gobierno-entrego-subsidios-y-aportes-financieros-a-producciones-audiovisuales-misioneras\/"},"author":{"name":"f1000024","@id":"https:\/\/cvinoticias.com\/v3\/#\/schema\/person\/2db77e3c6bc03c538495d7b2b8be9b66"},"headline":"El Gobierno entreg\u00f3 subsidios y aportes financieros a producciones audiovisuales Misioneras","datePublished":"2022-08-31T14:16:36+00:00","mainEntityOfPage":{"@id":"https:\/\/cvinoticias.com\/v3\/el-gobierno-entrego-subsidios-y-aportes-financieros-a-producciones-audiovisuales-misioneras\/"},"wordCount":1188,"commentCount":0,"publisher":{"@id":"https:\/\/cvinoticias.com\/v3\/#organization"},"image":{"@id":"https:\/\/cvinoticias.com\/v3\/el-gobierno-entrego-subsidios-y-aportes-financieros-a-producciones-audiovisuales-misioneras\/#primaryimage"},"thumbnailUrl":"https:\/\/cvinoticias.com\/wp-content\/uploads\/2022\/08\/FB_IMG_1661954809947.jpg","articleSection":["Informaci\u00f3n General"],"inLanguage":"es","potentialAction":[{"@type":"CommentAction","name":"Comment","target":["https:\/\/cvinoticias.com\/v3\/el-gobierno-entrego-subsidios-y-aportes-financieros-a-producciones-audiovisuales-misioneras\/#respond"]}]},{"@type":"WebPage","@id":"https:\/\/cvinoticias.com\/v3\/el-gobierno-entrego-subsidios-y-aportes-financieros-a-producciones-audiovisuales-misioneras\/","url":"https:\/\/cvinoticias.com\/v3\/el-gobierno-entrego-subsidios-y-aportes-financieros-a-producciones-audiovisuales-misioneras\/","name":"El Gobierno entreg\u00f3 subsidios y aportes financieros a producciones audiovisuales Misioneras | CVI NOTICIAS","isPartOf":{"@id":"https:\/\/cvinoticias.com\/v3\/#website"},"primaryImageOfPage":{"@id":"https:\/\/cvinoticias.com\/v3\/el-gobierno-entrego-subsidios-y-aportes-financieros-a-producciones-audiovisuales-misioneras\/#primaryimage"},"image":{"@id":"https:\/\/cvinoticias.com\/v3\/el-gobierno-entrego-subsidios-y-aportes-financieros-a-producciones-audiovisuales-misioneras\/#primaryimage"},"thumbnailUrl":"https:\/\/cvinoticias.com\/wp-content\/uploads\/2022\/08\/FB_IMG_1661954809947.jpg","datePublished":"2022-08-31T14:16:36+00:00","breadcrumb":{"@id":"https:\/\/cvinoticias.com\/v3\/el-gobierno-entrego-subsidios-y-aportes-financieros-a-producciones-audiovisuales-misioneras\/#breadcrumb"},"inLanguage":"es","potentialAction":[{"@type":"ReadAction","target":["https:\/\/cvinoticias.com\/v3\/el-gobierno-entrego-subsidios-y-aportes-financieros-a-producciones-audiovisuales-misioneras\/"]}]},{"@type":"ImageObject","inLanguage":"es","@id":"https:\/\/cvinoticias.com\/v3\/el-gobierno-entrego-subsidios-y-aportes-financieros-a-producciones-audiovisuales-misioneras\/#primaryimage","url":"https:\/\/cvinoticias.com\/wp-content\/uploads\/2022\/08\/FB_IMG_1661954809947.jpg","contentUrl":"https:\/\/cvinoticias.com\/wp-content\/uploads\/2022\/08\/FB_IMG_1661954809947.jpg","width":1024,"height":683},{"@type":"BreadcrumbList","@id":"https:\/\/cvinoticias.com\/v3\/el-gobierno-entrego-subsidios-y-aportes-financieros-a-producciones-audiovisuales-misioneras\/#breadcrumb","itemListElement":[{"@type":"ListItem","position":1,"name":"Portada","item":"https:\/\/cvinoticias.com\/v3\/"},{"@type":"ListItem","position":2,"name":"El Gobierno entreg\u00f3 subsidios y aportes financieros a producciones audiovisuales Misioneras"}]},{"@type":"WebSite","@id":"https:\/\/cvinoticias.com\/v3\/#website","url":"https:\/\/cvinoticias.com\/v3\/","name":"CVI NOTICIAS","description":"","publisher":{"@id":"https:\/\/cvinoticias.com\/v3\/#organization"},"alternateName":"CVI","potentialAction":[{"@type":"SearchAction","target":{"@type":"EntryPoint","urlTemplate":"https:\/\/cvinoticias.com\/v3\/?s={search_term_string}"},"query-input":{"@type":"PropertyValueSpecification","valueRequired":true,"valueName":"search_term_string"}}],"inLanguage":"es"},{"@type":"Organization","@id":"https:\/\/cvinoticias.com\/v3\/#organization","name":"CVI NOTICIAS","url":"https:\/\/cvinoticias.com\/v3\/","logo":{"@type":"ImageObject","inLanguage":"es","@id":"https:\/\/cvinoticias.com\/v3\/#\/schema\/logo\/image\/","url":"https:\/\/cvinoticias.com\/wp-content\/uploads\/2023\/04\/cropped-cropped-cropped-cropped-cropped-3-1.png","contentUrl":"https:\/\/cvinoticias.com\/wp-content\/uploads\/2023\/04\/cropped-cropped-cropped-cropped-cropped-3-1.png","width":95,"height":122,"caption":"CVI NOTICIAS"},"image":{"@id":"https:\/\/cvinoticias.com\/v3\/#\/schema\/logo\/image\/"},"sameAs":["https:\/\/www.facebook.com\/cvinoticias","https:\/\/www.instagram.com\/cvinoticias\/","https:\/\/www.youtube.com\/@CVINOTICIAS"]},{"@type":"Person","@id":"https:\/\/cvinoticias.com\/v3\/#\/schema\/person\/2db77e3c6bc03c538495d7b2b8be9b66","name":"f1000024","image":{"@type":"ImageObject","inLanguage":"es","@id":"https:\/\/secure.gravatar.com\/avatar\/d4fe7459cfc51ff5129ce1a732bbef5928568b8092d412ef95611616376bbeed?s=96&d=mm&r=g","url":"https:\/\/secure.gravatar.com\/avatar\/d4fe7459cfc51ff5129ce1a732bbef5928568b8092d412ef95611616376bbeed?s=96&d=mm&r=g","contentUrl":"https:\/\/secure.gravatar.com\/avatar\/d4fe7459cfc51ff5129ce1a732bbef5928568b8092d412ef95611616376bbeed?s=96&d=mm&r=g","caption":"f1000024"},"url":"https:\/\/cvinoticias.com\/v3\/author\/f1000024\/"}]}},"_links":{"self":[{"href":"https:\/\/cvinoticias.com\/v3\/wp-json\/wp\/v2\/posts\/18808","targetHints":{"allow":["GET"]}}],"collection":[{"href":"https:\/\/cvinoticias.com\/v3\/wp-json\/wp\/v2\/posts"}],"about":[{"href":"https:\/\/cvinoticias.com\/v3\/wp-json\/wp\/v2\/types\/post"}],"author":[{"embeddable":true,"href":"https:\/\/cvinoticias.com\/v3\/wp-json\/wp\/v2\/users\/2"}],"replies":[{"embeddable":true,"href":"https:\/\/cvinoticias.com\/v3\/wp-json\/wp\/v2\/comments?post=18808"}],"version-history":[{"count":1,"href":"https:\/\/cvinoticias.com\/v3\/wp-json\/wp\/v2\/posts\/18808\/revisions"}],"predecessor-version":[{"id":18815,"href":"https:\/\/cvinoticias.com\/v3\/wp-json\/wp\/v2\/posts\/18808\/revisions\/18815"}],"wp:featuredmedia":[{"embeddable":true,"href":"https:\/\/cvinoticias.com\/v3\/wp-json\/wp\/v2\/media\/18809"}],"wp:attachment":[{"href":"https:\/\/cvinoticias.com\/v3\/wp-json\/wp\/v2\/media?parent=18808"}],"wp:term":[{"taxonomy":"category","embeddable":true,"href":"https:\/\/cvinoticias.com\/v3\/wp-json\/wp\/v2\/categories?post=18808"},{"taxonomy":"post_tag","embeddable":true,"href":"https:\/\/cvinoticias.com\/v3\/wp-json\/wp\/v2\/tags?post=18808"}],"curies":[{"name":"wp","href":"https:\/\/api.w.org\/{rel}","templated":true}]}}