{"id":1870,"date":"2021-01-21T00:00:53","date_gmt":"2021-01-21T00:00:53","guid":{"rendered":"https:\/\/cvinoticias.com\/v3\/?p=1870"},"modified":"2021-01-21T00:00:53","modified_gmt":"2021-01-21T00:00:53","slug":"personal-de-salud-completo-el-esquema-de-vacunacion-con-la-aplicacion-de-la-segunda-dosis-de-la-sputnik-v","status":"publish","type":"post","link":"https:\/\/cvinoticias.com\/v3\/personal-de-salud-completo-el-esquema-de-vacunacion-con-la-aplicacion-de-la-segunda-dosis-de-la-sputnik-v\/","title":{"rendered":"Personal de Salud completo el esquema de vacunaci\u00f3n con la aplicaci\u00f3n de la segunda dosis de la Sputnik V"},"content":{"rendered":"\n<p><strong><em>Con la aplicaci\u00f3n del segundo componente de la vacuna Sputnik V Misiones avanza con el proceso de inmunizaci\u00f3n. Esta segunda dosis permite completar el esquema de vacunaci\u00f3n al personal de salud que el pasado 29 de diciembre hab\u00eda recibido la primera y que se desempe\u00f1a en las \u00e1reas m\u00e1s cr\u00edtica y m\u00e1s expuesta al COVID 19 en la provincia.<\/em><\/strong><\/p>\n\n\n\n<p>Con la llegada de unas 2.500 dosis del componente 2 de la vacuna Sputnik V este martes se comenz\u00f3 a completar el esquema de vacunaci\u00f3n contra el COVID 19 al personal de salud de \u00e1reas cr\u00edticas de Misiones. De esta manera, en los pr\u00f3ximos d\u00edas la provincia ya tendr\u00e1 inmunizado al primer grupo del personal de salud que recibi\u00f3 su primera dosis.<\/p>\n\n\n\n<p>En Misiones, al igual que en todo el pa\u00eds, la inmunizaci\u00f3n comenz\u00f3 por el personal de Salud que tiene contacto estrecho con los pacientes portadores del virus SARS-CoV-2, es decir, los trabajadores de las unidades de terapia intensiva, laboratorios y servicios de emergencia de toda la provincia. El proceso de vacunaci\u00f3n inici\u00f3 de manera ordenada, en ese marco en el Hospital de F\u00e1tima se vivi\u00f3 la jornada con gran expectativas y fue el doctor Cristian Vera, Jefe de la Unidad de Terapia Intensiva el primero en completar el esquema en dicho hospital.<\/p>\n\n\n\n<p>En la oportunidad Felicia Pedrosa, quien se desempe\u00f1a hace 12 a\u00f1os como enfermera en el Hospital de F\u00e1tima, fue una de las encargadas de aplicar la segunda dosis a sus compa\u00f1eros de trabajo y destac\u00f3 que se trata de un hecho importante para toda la poblaci\u00f3n, sobre todo porque \u201chay muchas expectativas por todo lo que estamos pasando como humanidad\u201d.<\/p>\n\n\n\n<p>Por su parte Ingrid Barrios, otra enfermera encargada de llevar adelante el proceso de vacunaci\u00f3n, valor\u00f3 tener el privilegio de poder participar de este hecho que calific\u00f3 como hist\u00f3rico. \u201cEs un privilegio para mi siendo tan joven, reci\u00e9n iniciando mi carrera como enfermera, tener la oportunidad de poder participar. Estoy gradecida con todos, como esto es algo hist\u00f3rico me siento privilegiada y feliz\u201d, afirm\u00f3.<\/p>\n\n\n\n<p>En tanto, Andrea Acu\u00f1a, una de las primeras enfermeras en recibir la segunda dosis de la vacuna Sputnik V, destac\u00f3 el rol que cumplen ellas y sus compa\u00f1eros porque son la primera barrera ante el virus, en ese sentido dijo que en el Hospital de F\u00e1tima \u00abestamos cubriendo todos los servicios con tres enfermeros de los cuales todos se est\u00e1n haciendo su inmunizaci\u00f3n y en el d\u00eda de la fecha se concretaron la segunda dosis de la campa\u00f1a de vacunaci\u00f3n a nivel naci\u00f3n. Eso nos da un resguardo, una barrera contra el virus al cual lo estamos enfrentando, sin olvidar las barreras de bioseguridad\u00bb, recalc\u00f3 al respecto.<\/p>\n\n\n\n<p>Cabe aclarar que a\u00fan restan ingresar a la provincia unas 2.900 dosis del segundo componente para completar el esquema de unas 5.400 personas inmunizadas. Desde el \u00e1rea de Inmunizaciones indicaron que del componente 1 (de las 5.400 dosis recibidas) ya se han aplicado unas 5.261 dosis, y el resto en proceso de aplicaci\u00f3n.<\/p>\n\n\n\n<p>Sobre esta segunda fase de vacunaci\u00f3n, el jefe de Inmunizaciones, Enfermero Roberto Lima, remarc\u00f3 que los puntos de vacunaci\u00f3n ser\u00e1n: Hospital de F\u00e1tima, Hospital Escuela de Agudos Dr. Ram\u00f3n Madariaga, Samic Iguaz\u00fa, Samic San Vicente, Samic Eldorado, Samic Ober\u00e1 y Hospital de Puerto Rico. Los mismos puntos donde se inici\u00f3 la campa\u00f1a en diciembre pasado.<\/p>\n\n\n\n<p>Para la etapa de aplicaci\u00f3n del segundo componente se est\u00e1n distribuyendo unas 1.600 dosis y en los pr\u00f3ximos d\u00edas se distribuir\u00e1n las restantes.<\/p>\n\n\n\n<figure class=\"wp-block-image size-large\"><a href=\"https:\/\/cvinoticias.com\/wp-content\/uploads\/2021\/01\/FB_IMG_1611186072898.jpg\"><img decoding=\"async\" width=\"1024\" height=\"683\" data-src=\"https:\/\/cvinoticias.com\/wp-content\/uploads\/2021\/01\/FB_IMG_1611186072898-1024x683.jpg\" alt=\"\" class=\"wp-image-1871 lazyload\" data-srcset=\"https:\/\/cvinoticias.com\/wp-content\/uploads\/2021\/01\/FB_IMG_1611186072898-1024x683.jpg 1024w, https:\/\/cvinoticias.com\/wp-content\/uploads\/2021\/01\/FB_IMG_1611186072898-300x200.jpg 300w, https:\/\/cvinoticias.com\/wp-content\/uploads\/2021\/01\/FB_IMG_1611186072898-768x512.jpg 768w, https:\/\/cvinoticias.com\/wp-content\/uploads\/2021\/01\/FB_IMG_1611186072898.jpg 1080w\" data-sizes=\"(max-width: 1024px) 100vw, 1024px\" src=\"data:image\/svg+xml;base64,PHN2ZyB3aWR0aD0iMSIgaGVpZ2h0PSIxIiB4bWxucz0iaHR0cDovL3d3dy53My5vcmcvMjAwMC9zdmciPjwvc3ZnPg==\" style=\"--smush-placeholder-width: 1024px; --smush-placeholder-aspect-ratio: 1024\/683;\" \/><\/a><\/figure>\n\n\n\n<figure class=\"wp-block-image size-large\"><a href=\"https:\/\/cvinoticias.com\/wp-content\/uploads\/2021\/01\/FB_IMG_1611186065023.jpg\"><img decoding=\"async\" width=\"1024\" height=\"683\" data-src=\"https:\/\/cvinoticias.com\/wp-content\/uploads\/2021\/01\/FB_IMG_1611186065023-1024x683.jpg\" alt=\"\" class=\"wp-image-1872 lazyload\" data-srcset=\"https:\/\/cvinoticias.com\/wp-content\/uploads\/2021\/01\/FB_IMG_1611186065023-1024x683.jpg 1024w, https:\/\/cvinoticias.com\/wp-content\/uploads\/2021\/01\/FB_IMG_1611186065023-300x200.jpg 300w, https:\/\/cvinoticias.com\/wp-content\/uploads\/2021\/01\/FB_IMG_1611186065023-768x512.jpg 768w, https:\/\/cvinoticias.com\/wp-content\/uploads\/2021\/01\/FB_IMG_1611186065023.jpg 1080w\" data-sizes=\"(max-width: 1024px) 100vw, 1024px\" src=\"data:image\/svg+xml;base64,PHN2ZyB3aWR0aD0iMSIgaGVpZ2h0PSIxIiB4bWxucz0iaHR0cDovL3d3dy53My5vcmcvMjAwMC9zdmciPjwvc3ZnPg==\" style=\"--smush-placeholder-width: 1024px; --smush-placeholder-aspect-ratio: 1024\/683;\" \/><\/a><\/figure>\n\n\n\n<figure class=\"wp-block-image size-large is-resized\"><a href=\"https:\/\/cvinoticias.com\/wp-content\/uploads\/2021\/01\/FB_IMG_1611186075587.jpg\"><img decoding=\"async\" data-src=\"https:\/\/cvinoticias.com\/wp-content\/uploads\/2021\/01\/FB_IMG_1611186075587-1024x683.jpg\" alt=\"\" class=\"wp-image-1873 lazyload\" width=\"653\" height=\"434\" data-srcset=\"https:\/\/cvinoticias.com\/wp-content\/uploads\/2021\/01\/FB_IMG_1611186075587-300x200.jpg 300w, https:\/\/cvinoticias.com\/wp-content\/uploads\/2021\/01\/FB_IMG_1611186075587-768x512.jpg 768w, https:\/\/cvinoticias.com\/wp-content\/uploads\/2021\/01\/FB_IMG_1611186075587.jpg 1080w\" data-sizes=\"(max-width: 653px) 100vw, 653px\" src=\"data:image\/svg+xml;base64,PHN2ZyB3aWR0aD0iMSIgaGVpZ2h0PSIxIiB4bWxucz0iaHR0cDovL3d3dy53My5vcmcvMjAwMC9zdmciPjwvc3ZnPg==\" style=\"--smush-placeholder-width: 653px; --smush-placeholder-aspect-ratio: 653\/434;\" \/><\/a><\/figure>\n\n\n\n<figure class=\"wp-block-image size-large\"><a href=\"https:\/\/cvinoticias.com\/wp-content\/uploads\/2021\/01\/FB_IMG_1611186078344.jpg\"><img decoding=\"async\" width=\"1024\" height=\"683\" data-src=\"https:\/\/cvinoticias.com\/wp-content\/uploads\/2021\/01\/FB_IMG_1611186078344-1024x683.jpg\" alt=\"\" class=\"wp-image-1874 lazyload\" data-srcset=\"https:\/\/cvinoticias.com\/wp-content\/uploads\/2021\/01\/FB_IMG_1611186078344-1024x683.jpg 1024w, https:\/\/cvinoticias.com\/wp-content\/uploads\/2021\/01\/FB_IMG_1611186078344-300x200.jpg 300w, https:\/\/cvinoticias.com\/wp-content\/uploads\/2021\/01\/FB_IMG_1611186078344-768x512.jpg 768w, https:\/\/cvinoticias.com\/wp-content\/uploads\/2021\/01\/FB_IMG_1611186078344.jpg 1080w\" data-sizes=\"(max-width: 1024px) 100vw, 1024px\" src=\"data:image\/svg+xml;base64,PHN2ZyB3aWR0aD0iMSIgaGVpZ2h0PSIxIiB4bWxucz0iaHR0cDovL3d3dy53My5vcmcvMjAwMC9zdmciPjwvc3ZnPg==\" style=\"--smush-placeholder-width: 1024px; --smush-placeholder-aspect-ratio: 1024\/683;\" \/><\/a><\/figure>\n","protected":false},"excerpt":{"rendered":"<p>Con la aplicaci\u00f3n del segundo componente de la vacuna Sputnik V Misiones avanza con el proceso de inmunizaci\u00f3n. Esta segunda dosis permite completar el esquema de vacunaci\u00f3n al personal de salud que el pasado 29 de diciembre hab\u00eda recibido la primera y que se desempe\u00f1a en las \u00e1reas m\u00e1s cr\u00edtica y m\u00e1s expuesta al COVID [&hellip;]<\/p>\n","protected":false},"author":2,"featured_media":1875,"comment_status":"open","ping_status":"open","sticky":false,"template":"","format":"standard","meta":{"footnotes":""},"categories":[22],"tags":[],"class_list":["post-1870","post","type-post","status-publish","format-standard","has-post-thumbnail","hentry","category-salud"],"yoast_head":"<!-- This site is optimized with the Yoast SEO plugin v27.4 - https:\/\/yoast.com\/product\/yoast-seo-wordpress\/ -->\n<title>Personal de Salud completo el esquema de vacunaci\u00f3n con la aplicaci\u00f3n de la segunda dosis de la Sputnik V | CVI NOTICIAS<\/title>\n<meta name=\"robots\" content=\"index, follow, max-snippet:-1, max-image-preview:large, max-video-preview:-1\" \/>\n<link rel=\"canonical\" href=\"https:\/\/cvinoticias.com\/v3\/personal-de-salud-completo-el-esquema-de-vacunacion-con-la-aplicacion-de-la-segunda-dosis-de-la-sputnik-v\/\" \/>\n<meta property=\"og:locale\" content=\"es_ES\" \/>\n<meta property=\"og:type\" content=\"article\" \/>\n<meta property=\"og:title\" content=\"Personal de Salud completo el esquema de vacunaci\u00f3n con la aplicaci\u00f3n de la segunda dosis de la Sputnik V | CVI NOTICIAS\" \/>\n<meta property=\"og:description\" content=\"Con la aplicaci\u00f3n del segundo componente de la vacuna Sputnik V Misiones avanza con el proceso de inmunizaci\u00f3n. Esta segunda dosis permite completar el esquema de vacunaci\u00f3n al personal de salud que el pasado 29 de diciembre hab\u00eda recibido la primera y que se desempe\u00f1a en las \u00e1reas m\u00e1s cr\u00edtica y m\u00e1s expuesta al COVID [&hellip;]\" \/>\n<meta property=\"og:url\" content=\"https:\/\/cvinoticias.com\/v3\/personal-de-salud-completo-el-esquema-de-vacunacion-con-la-aplicacion-de-la-segunda-dosis-de-la-sputnik-v\/\" \/>\n<meta property=\"og:site_name\" content=\"CVI NOTICIAS\" \/>\n<meta property=\"article:publisher\" content=\"https:\/\/www.facebook.com\/cvinoticias\" \/>\n<meta property=\"article:published_time\" content=\"2021-01-21T00:00:53+00:00\" \/>\n<meta property=\"og:image\" content=\"https:\/\/cvinoticias.com\/wp-content\/uploads\/2021\/01\/FB_IMG_1611186070216.jpg\" \/>\n\t<meta property=\"og:image:width\" content=\"1080\" \/>\n\t<meta property=\"og:image:height\" content=\"720\" \/>\n\t<meta property=\"og:image:type\" content=\"image\/jpeg\" \/>\n<meta name=\"author\" content=\"f1000024\" \/>\n<meta name=\"twitter:card\" content=\"summary_large_image\" \/>\n<meta name=\"twitter:label1\" content=\"Escrito por\" \/>\n\t<meta name=\"twitter:data1\" content=\"f1000024\" \/>\n\t<meta name=\"twitter:label2\" content=\"Tiempo de lectura\" \/>\n\t<meta name=\"twitter:data2\" content=\"3 minutos\" \/>\n<script type=\"application\/ld+json\" class=\"yoast-schema-graph\">{\"@context\":\"https:\\\/\\\/schema.org\",\"@graph\":[{\"@type\":\"Article\",\"@id\":\"https:\\\/\\\/cvinoticias.com\\\/v3\\\/personal-de-salud-completo-el-esquema-de-vacunacion-con-la-aplicacion-de-la-segunda-dosis-de-la-sputnik-v\\\/#article\",\"isPartOf\":{\"@id\":\"https:\\\/\\\/cvinoticias.com\\\/v3\\\/personal-de-salud-completo-el-esquema-de-vacunacion-con-la-aplicacion-de-la-segunda-dosis-de-la-sputnik-v\\\/\"},\"author\":{\"name\":\"f1000024\",\"@id\":\"https:\\\/\\\/cvinoticias.com\\\/v3\\\/#\\\/schema\\\/person\\\/2db77e3c6bc03c538495d7b2b8be9b66\"},\"headline\":\"Personal de Salud completo el esquema de vacunaci\u00f3n con la aplicaci\u00f3n de la segunda dosis de la Sputnik V\",\"datePublished\":\"2021-01-21T00:00:53+00:00\",\"mainEntityOfPage\":{\"@id\":\"https:\\\/\\\/cvinoticias.com\\\/v3\\\/personal-de-salud-completo-el-esquema-de-vacunacion-con-la-aplicacion-de-la-segunda-dosis-de-la-sputnik-v\\\/\"},\"wordCount\":631,\"commentCount\":0,\"publisher\":{\"@id\":\"https:\\\/\\\/cvinoticias.com\\\/v3\\\/#organization\"},\"image\":{\"@id\":\"https:\\\/\\\/cvinoticias.com\\\/v3\\\/personal-de-salud-completo-el-esquema-de-vacunacion-con-la-aplicacion-de-la-segunda-dosis-de-la-sputnik-v\\\/#primaryimage\"},\"thumbnailUrl\":\"https:\\\/\\\/cvinoticias.com\\\/wp-content\\\/uploads\\\/2021\\\/01\\\/FB_IMG_1611186070216.jpg\",\"articleSection\":[\"Salud\"],\"inLanguage\":\"es\",\"potentialAction\":[{\"@type\":\"CommentAction\",\"name\":\"Comment\",\"target\":[\"https:\\\/\\\/cvinoticias.com\\\/v3\\\/personal-de-salud-completo-el-esquema-de-vacunacion-con-la-aplicacion-de-la-segunda-dosis-de-la-sputnik-v\\\/#respond\"]}]},{\"@type\":\"WebPage\",\"@id\":\"https:\\\/\\\/cvinoticias.com\\\/v3\\\/personal-de-salud-completo-el-esquema-de-vacunacion-con-la-aplicacion-de-la-segunda-dosis-de-la-sputnik-v\\\/\",\"url\":\"https:\\\/\\\/cvinoticias.com\\\/v3\\\/personal-de-salud-completo-el-esquema-de-vacunacion-con-la-aplicacion-de-la-segunda-dosis-de-la-sputnik-v\\\/\",\"name\":\"Personal de Salud completo el esquema de vacunaci\u00f3n con la aplicaci\u00f3n de la segunda dosis de la Sputnik V | CVI NOTICIAS\",\"isPartOf\":{\"@id\":\"https:\\\/\\\/cvinoticias.com\\\/v3\\\/#website\"},\"primaryImageOfPage\":{\"@id\":\"https:\\\/\\\/cvinoticias.com\\\/v3\\\/personal-de-salud-completo-el-esquema-de-vacunacion-con-la-aplicacion-de-la-segunda-dosis-de-la-sputnik-v\\\/#primaryimage\"},\"image\":{\"@id\":\"https:\\\/\\\/cvinoticias.com\\\/v3\\\/personal-de-salud-completo-el-esquema-de-vacunacion-con-la-aplicacion-de-la-segunda-dosis-de-la-sputnik-v\\\/#primaryimage\"},\"thumbnailUrl\":\"https:\\\/\\\/cvinoticias.com\\\/wp-content\\\/uploads\\\/2021\\\/01\\\/FB_IMG_1611186070216.jpg\",\"datePublished\":\"2021-01-21T00:00:53+00:00\",\"breadcrumb\":{\"@id\":\"https:\\\/\\\/cvinoticias.com\\\/v3\\\/personal-de-salud-completo-el-esquema-de-vacunacion-con-la-aplicacion-de-la-segunda-dosis-de-la-sputnik-v\\\/#breadcrumb\"},\"inLanguage\":\"es\",\"potentialAction\":[{\"@type\":\"ReadAction\",\"target\":[\"https:\\\/\\\/cvinoticias.com\\\/v3\\\/personal-de-salud-completo-el-esquema-de-vacunacion-con-la-aplicacion-de-la-segunda-dosis-de-la-sputnik-v\\\/\"]}]},{\"@type\":\"ImageObject\",\"inLanguage\":\"es\",\"@id\":\"https:\\\/\\\/cvinoticias.com\\\/v3\\\/personal-de-salud-completo-el-esquema-de-vacunacion-con-la-aplicacion-de-la-segunda-dosis-de-la-sputnik-v\\\/#primaryimage\",\"url\":\"https:\\\/\\\/cvinoticias.com\\\/wp-content\\\/uploads\\\/2021\\\/01\\\/FB_IMG_1611186070216.jpg\",\"contentUrl\":\"https:\\\/\\\/cvinoticias.com\\\/wp-content\\\/uploads\\\/2021\\\/01\\\/FB_IMG_1611186070216.jpg\",\"width\":1080,\"height\":720},{\"@type\":\"BreadcrumbList\",\"@id\":\"https:\\\/\\\/cvinoticias.com\\\/v3\\\/personal-de-salud-completo-el-esquema-de-vacunacion-con-la-aplicacion-de-la-segunda-dosis-de-la-sputnik-v\\\/#breadcrumb\",\"itemListElement\":[{\"@type\":\"ListItem\",\"position\":1,\"name\":\"Portada\",\"item\":\"https:\\\/\\\/cvinoticias.com\\\/v3\\\/\"},{\"@type\":\"ListItem\",\"position\":2,\"name\":\"Personal de Salud completo el esquema de vacunaci\u00f3n con la aplicaci\u00f3n de la segunda dosis de la Sputnik V\"}]},{\"@type\":\"WebSite\",\"@id\":\"https:\\\/\\\/cvinoticias.com\\\/v3\\\/#website\",\"url\":\"https:\\\/\\\/cvinoticias.com\\\/v3\\\/\",\"name\":\"CVI NOTICIAS\",\"description\":\"\",\"publisher\":{\"@id\":\"https:\\\/\\\/cvinoticias.com\\\/v3\\\/#organization\"},\"alternateName\":\"CVI\",\"potentialAction\":[{\"@type\":\"SearchAction\",\"target\":{\"@type\":\"EntryPoint\",\"urlTemplate\":\"https:\\\/\\\/cvinoticias.com\\\/v3\\\/?s={search_term_string}\"},\"query-input\":{\"@type\":\"PropertyValueSpecification\",\"valueRequired\":true,\"valueName\":\"search_term_string\"}}],\"inLanguage\":\"es\"},{\"@type\":\"Organization\",\"@id\":\"https:\\\/\\\/cvinoticias.com\\\/v3\\\/#organization\",\"name\":\"CVI NOTICIAS\",\"url\":\"https:\\\/\\\/cvinoticias.com\\\/v3\\\/\",\"logo\":{\"@type\":\"ImageObject\",\"inLanguage\":\"es\",\"@id\":\"https:\\\/\\\/cvinoticias.com\\\/v3\\\/#\\\/schema\\\/logo\\\/image\\\/\",\"url\":\"https:\\\/\\\/cvinoticias.com\\\/wp-content\\\/uploads\\\/2023\\\/04\\\/cropped-cropped-cropped-cropped-cropped-3-1.png\",\"contentUrl\":\"https:\\\/\\\/cvinoticias.com\\\/wp-content\\\/uploads\\\/2023\\\/04\\\/cropped-cropped-cropped-cropped-cropped-3-1.png\",\"width\":95,\"height\":122,\"caption\":\"CVI NOTICIAS\"},\"image\":{\"@id\":\"https:\\\/\\\/cvinoticias.com\\\/v3\\\/#\\\/schema\\\/logo\\\/image\\\/\"},\"sameAs\":[\"https:\\\/\\\/www.facebook.com\\\/cvinoticias\",\"https:\\\/\\\/www.instagram.com\\\/cvinoticias\\\/\",\"https:\\\/\\\/www.youtube.com\\\/@CVINOTICIAS\"]},{\"@type\":\"Person\",\"@id\":\"https:\\\/\\\/cvinoticias.com\\\/v3\\\/#\\\/schema\\\/person\\\/2db77e3c6bc03c538495d7b2b8be9b66\",\"name\":\"f1000024\",\"image\":{\"@type\":\"ImageObject\",\"inLanguage\":\"es\",\"@id\":\"https:\\\/\\\/secure.gravatar.com\\\/avatar\\\/d4fe7459cfc51ff5129ce1a732bbef5928568b8092d412ef95611616376bbeed?s=96&d=mm&r=g\",\"url\":\"https:\\\/\\\/secure.gravatar.com\\\/avatar\\\/d4fe7459cfc51ff5129ce1a732bbef5928568b8092d412ef95611616376bbeed?s=96&d=mm&r=g\",\"contentUrl\":\"https:\\\/\\\/secure.gravatar.com\\\/avatar\\\/d4fe7459cfc51ff5129ce1a732bbef5928568b8092d412ef95611616376bbeed?s=96&d=mm&r=g\",\"caption\":\"f1000024\"},\"url\":\"https:\\\/\\\/cvinoticias.com\\\/v3\\\/author\\\/f1000024\\\/\"}]}<\/script>\n<!-- \/ Yoast SEO plugin. -->","yoast_head_json":{"title":"Personal de Salud completo el esquema de vacunaci\u00f3n con la aplicaci\u00f3n de la segunda dosis de la Sputnik V | CVI NOTICIAS","robots":{"index":"index","follow":"follow","max-snippet":"max-snippet:-1","max-image-preview":"max-image-preview:large","max-video-preview":"max-video-preview:-1"},"canonical":"https:\/\/cvinoticias.com\/v3\/personal-de-salud-completo-el-esquema-de-vacunacion-con-la-aplicacion-de-la-segunda-dosis-de-la-sputnik-v\/","og_locale":"es_ES","og_type":"article","og_title":"Personal de Salud completo el esquema de vacunaci\u00f3n con la aplicaci\u00f3n de la segunda dosis de la Sputnik V | CVI NOTICIAS","og_description":"Con la aplicaci\u00f3n del segundo componente de la vacuna Sputnik V Misiones avanza con el proceso de inmunizaci\u00f3n. Esta segunda dosis permite completar el esquema de vacunaci\u00f3n al personal de salud que el pasado 29 de diciembre hab\u00eda recibido la primera y que se desempe\u00f1a en las \u00e1reas m\u00e1s cr\u00edtica y m\u00e1s expuesta al COVID [&hellip;]","og_url":"https:\/\/cvinoticias.com\/v3\/personal-de-salud-completo-el-esquema-de-vacunacion-con-la-aplicacion-de-la-segunda-dosis-de-la-sputnik-v\/","og_site_name":"CVI NOTICIAS","article_publisher":"https:\/\/www.facebook.com\/cvinoticias","article_published_time":"2021-01-21T00:00:53+00:00","og_image":[{"width":1080,"height":720,"url":"https:\/\/cvinoticias.com\/wp-content\/uploads\/2021\/01\/FB_IMG_1611186070216.jpg","type":"image\/jpeg"}],"author":"f1000024","twitter_card":"summary_large_image","twitter_misc":{"Escrito por":"f1000024","Tiempo de lectura":"3 minutos"},"schema":{"@context":"https:\/\/schema.org","@graph":[{"@type":"Article","@id":"https:\/\/cvinoticias.com\/v3\/personal-de-salud-completo-el-esquema-de-vacunacion-con-la-aplicacion-de-la-segunda-dosis-de-la-sputnik-v\/#article","isPartOf":{"@id":"https:\/\/cvinoticias.com\/v3\/personal-de-salud-completo-el-esquema-de-vacunacion-con-la-aplicacion-de-la-segunda-dosis-de-la-sputnik-v\/"},"author":{"name":"f1000024","@id":"https:\/\/cvinoticias.com\/v3\/#\/schema\/person\/2db77e3c6bc03c538495d7b2b8be9b66"},"headline":"Personal de Salud completo el esquema de vacunaci\u00f3n con la aplicaci\u00f3n de la segunda dosis de la Sputnik V","datePublished":"2021-01-21T00:00:53+00:00","mainEntityOfPage":{"@id":"https:\/\/cvinoticias.com\/v3\/personal-de-salud-completo-el-esquema-de-vacunacion-con-la-aplicacion-de-la-segunda-dosis-de-la-sputnik-v\/"},"wordCount":631,"commentCount":0,"publisher":{"@id":"https:\/\/cvinoticias.com\/v3\/#organization"},"image":{"@id":"https:\/\/cvinoticias.com\/v3\/personal-de-salud-completo-el-esquema-de-vacunacion-con-la-aplicacion-de-la-segunda-dosis-de-la-sputnik-v\/#primaryimage"},"thumbnailUrl":"https:\/\/cvinoticias.com\/wp-content\/uploads\/2021\/01\/FB_IMG_1611186070216.jpg","articleSection":["Salud"],"inLanguage":"es","potentialAction":[{"@type":"CommentAction","name":"Comment","target":["https:\/\/cvinoticias.com\/v3\/personal-de-salud-completo-el-esquema-de-vacunacion-con-la-aplicacion-de-la-segunda-dosis-de-la-sputnik-v\/#respond"]}]},{"@type":"WebPage","@id":"https:\/\/cvinoticias.com\/v3\/personal-de-salud-completo-el-esquema-de-vacunacion-con-la-aplicacion-de-la-segunda-dosis-de-la-sputnik-v\/","url":"https:\/\/cvinoticias.com\/v3\/personal-de-salud-completo-el-esquema-de-vacunacion-con-la-aplicacion-de-la-segunda-dosis-de-la-sputnik-v\/","name":"Personal de Salud completo el esquema de vacunaci\u00f3n con la aplicaci\u00f3n de la segunda dosis de la Sputnik V | CVI NOTICIAS","isPartOf":{"@id":"https:\/\/cvinoticias.com\/v3\/#website"},"primaryImageOfPage":{"@id":"https:\/\/cvinoticias.com\/v3\/personal-de-salud-completo-el-esquema-de-vacunacion-con-la-aplicacion-de-la-segunda-dosis-de-la-sputnik-v\/#primaryimage"},"image":{"@id":"https:\/\/cvinoticias.com\/v3\/personal-de-salud-completo-el-esquema-de-vacunacion-con-la-aplicacion-de-la-segunda-dosis-de-la-sputnik-v\/#primaryimage"},"thumbnailUrl":"https:\/\/cvinoticias.com\/wp-content\/uploads\/2021\/01\/FB_IMG_1611186070216.jpg","datePublished":"2021-01-21T00:00:53+00:00","breadcrumb":{"@id":"https:\/\/cvinoticias.com\/v3\/personal-de-salud-completo-el-esquema-de-vacunacion-con-la-aplicacion-de-la-segunda-dosis-de-la-sputnik-v\/#breadcrumb"},"inLanguage":"es","potentialAction":[{"@type":"ReadAction","target":["https:\/\/cvinoticias.com\/v3\/personal-de-salud-completo-el-esquema-de-vacunacion-con-la-aplicacion-de-la-segunda-dosis-de-la-sputnik-v\/"]}]},{"@type":"ImageObject","inLanguage":"es","@id":"https:\/\/cvinoticias.com\/v3\/personal-de-salud-completo-el-esquema-de-vacunacion-con-la-aplicacion-de-la-segunda-dosis-de-la-sputnik-v\/#primaryimage","url":"https:\/\/cvinoticias.com\/wp-content\/uploads\/2021\/01\/FB_IMG_1611186070216.jpg","contentUrl":"https:\/\/cvinoticias.com\/wp-content\/uploads\/2021\/01\/FB_IMG_1611186070216.jpg","width":1080,"height":720},{"@type":"BreadcrumbList","@id":"https:\/\/cvinoticias.com\/v3\/personal-de-salud-completo-el-esquema-de-vacunacion-con-la-aplicacion-de-la-segunda-dosis-de-la-sputnik-v\/#breadcrumb","itemListElement":[{"@type":"ListItem","position":1,"name":"Portada","item":"https:\/\/cvinoticias.com\/v3\/"},{"@type":"ListItem","position":2,"name":"Personal de Salud completo el esquema de vacunaci\u00f3n con la aplicaci\u00f3n de la segunda dosis de la Sputnik V"}]},{"@type":"WebSite","@id":"https:\/\/cvinoticias.com\/v3\/#website","url":"https:\/\/cvinoticias.com\/v3\/","name":"CVI NOTICIAS","description":"","publisher":{"@id":"https:\/\/cvinoticias.com\/v3\/#organization"},"alternateName":"CVI","potentialAction":[{"@type":"SearchAction","target":{"@type":"EntryPoint","urlTemplate":"https:\/\/cvinoticias.com\/v3\/?s={search_term_string}"},"query-input":{"@type":"PropertyValueSpecification","valueRequired":true,"valueName":"search_term_string"}}],"inLanguage":"es"},{"@type":"Organization","@id":"https:\/\/cvinoticias.com\/v3\/#organization","name":"CVI NOTICIAS","url":"https:\/\/cvinoticias.com\/v3\/","logo":{"@type":"ImageObject","inLanguage":"es","@id":"https:\/\/cvinoticias.com\/v3\/#\/schema\/logo\/image\/","url":"https:\/\/cvinoticias.com\/wp-content\/uploads\/2023\/04\/cropped-cropped-cropped-cropped-cropped-3-1.png","contentUrl":"https:\/\/cvinoticias.com\/wp-content\/uploads\/2023\/04\/cropped-cropped-cropped-cropped-cropped-3-1.png","width":95,"height":122,"caption":"CVI NOTICIAS"},"image":{"@id":"https:\/\/cvinoticias.com\/v3\/#\/schema\/logo\/image\/"},"sameAs":["https:\/\/www.facebook.com\/cvinoticias","https:\/\/www.instagram.com\/cvinoticias\/","https:\/\/www.youtube.com\/@CVINOTICIAS"]},{"@type":"Person","@id":"https:\/\/cvinoticias.com\/v3\/#\/schema\/person\/2db77e3c6bc03c538495d7b2b8be9b66","name":"f1000024","image":{"@type":"ImageObject","inLanguage":"es","@id":"https:\/\/secure.gravatar.com\/avatar\/d4fe7459cfc51ff5129ce1a732bbef5928568b8092d412ef95611616376bbeed?s=96&d=mm&r=g","url":"https:\/\/secure.gravatar.com\/avatar\/d4fe7459cfc51ff5129ce1a732bbef5928568b8092d412ef95611616376bbeed?s=96&d=mm&r=g","contentUrl":"https:\/\/secure.gravatar.com\/avatar\/d4fe7459cfc51ff5129ce1a732bbef5928568b8092d412ef95611616376bbeed?s=96&d=mm&r=g","caption":"f1000024"},"url":"https:\/\/cvinoticias.com\/v3\/author\/f1000024\/"}]}},"_links":{"self":[{"href":"https:\/\/cvinoticias.com\/v3\/wp-json\/wp\/v2\/posts\/1870","targetHints":{"allow":["GET"]}}],"collection":[{"href":"https:\/\/cvinoticias.com\/v3\/wp-json\/wp\/v2\/posts"}],"about":[{"href":"https:\/\/cvinoticias.com\/v3\/wp-json\/wp\/v2\/types\/post"}],"author":[{"embeddable":true,"href":"https:\/\/cvinoticias.com\/v3\/wp-json\/wp\/v2\/users\/2"}],"replies":[{"embeddable":true,"href":"https:\/\/cvinoticias.com\/v3\/wp-json\/wp\/v2\/comments?post=1870"}],"version-history":[{"count":1,"href":"https:\/\/cvinoticias.com\/v3\/wp-json\/wp\/v2\/posts\/1870\/revisions"}],"predecessor-version":[{"id":1876,"href":"https:\/\/cvinoticias.com\/v3\/wp-json\/wp\/v2\/posts\/1870\/revisions\/1876"}],"wp:featuredmedia":[{"embeddable":true,"href":"https:\/\/cvinoticias.com\/v3\/wp-json\/wp\/v2\/media\/1875"}],"wp:attachment":[{"href":"https:\/\/cvinoticias.com\/v3\/wp-json\/wp\/v2\/media?parent=1870"}],"wp:term":[{"taxonomy":"category","embeddable":true,"href":"https:\/\/cvinoticias.com\/v3\/wp-json\/wp\/v2\/categories?post=1870"},{"taxonomy":"post_tag","embeddable":true,"href":"https:\/\/cvinoticias.com\/v3\/wp-json\/wp\/v2\/tags?post=1870"}],"curies":[{"name":"wp","href":"https:\/\/api.w.org\/{rel}","templated":true}]}}