{"id":1866,"date":"2021-01-20T23:16:21","date_gmt":"2021-01-20T23:16:21","guid":{"rendered":"https:\/\/cvinoticias.com\/v3\/?p=1866"},"modified":"2021-01-20T23:16:21","modified_gmt":"2021-01-20T23:16:21","slug":"patricio-lombardi-misiones-es-lider-indiscutido-en-preservacion-ambiental","status":"publish","type":"post","link":"https:\/\/cvinoticias.com\/v3\/patricio-lombardi-misiones-es-lider-indiscutido-en-preservacion-ambiental\/","title":{"rendered":"Patricio Lombardi \u00abMisiones es l\u00edder indiscutido en preservaci\u00f3n ambiental\u00bb"},"content":{"rendered":"\n<p><strong><em>Tanto para Misiones como para el mundo entero la reafirmaci\u00f3n de lo que venimos diciendo y lo que sabemos fronteras para adentro en la provincia es l\u00edder indiscutido en preservaci\u00f3n ambiental, en buenas pr\u00e1cticas ambientales, lo afirm\u00f3 Patricio Lombardi, Ministro del primer Ministerio de Cambio Clim\u00e1tico de Am\u00e9rica latina ubicado en la ciudad de Posadas provincia de Misiones, Argentina.<\/em><\/strong><\/p>\n\n\n\n<p><em><strong>Esta iniciativa creada y presentado el proyecto de ley ante la legislatura misionera para la creaci\u00f3n del primer ministerio de cambio clim\u00e1tico en toda Am\u00e9rica es del Ing. Carlos Rovira, rememor\u00f3 Lombardi.<\/strong><\/em><\/p>\n\n\n\n<p>Cuando fuimos a ver al papa con el gobernador Herrera Ahuad que tuve el honor de poder acompa\u00f1arlo en visita que \u00e9l tuvo el Papa Francisco uno de los papeles que el gobernador le di\u00f3 en mano a su santidad fue lo que en ese entonces en febrero del a\u00f1o pasado era un proyecto de ley para que se apruebe la creaci\u00f3n del Ministerio de la secretar\u00eda de cambio clim\u00e1tico con rango de ministerio que fue pura y exclusivamente gesti\u00f3n de Rovira como tantas otras leyes importantes ambientales.<\/p>\n\n\n\n<p>En este sentido reafirm\u00f3 que \u00abesto lo puedo recoger en una breve gira que tuve la semana pasada en la ciudad de Buenos Aires y es totalmente comprensible el esfuerzo y el rol que tiene Misiones en este liderazgo ambiental no solamente para Argentina sino que la ayuda conservando el 52% de la biodiversidad de todo el pa\u00eds, ayuda a Argentina a tener el permanente de selva continuo m\u00e1s importante que hay hoy, dir\u00eda el \u00fanico en el bosque Atl\u00e1ntico. Nuestra selva Paranaense, nosotros la conocemos as\u00ed pero cuando uno sale de la frontera de Misiones a Buenos Aires o incluso habla con medios internacionales como me toca pasar elogian profundamente la actividad de nuestra provincia en el bosque Atl\u00e1ntico c\u00f3mo lo llaman ellos y hoy lo conocemos como selva misionera porque desgraciadamente el 95% se ha talado, el 5% que queda es el 5% del Bosque Atl\u00e1ntico que queda en Misiones y de ah\u00ed la transforma a la provincia en un referente ambiental a nivel latinoamericano.<\/p>\n\n\n\n<p>Acuerdo de Paris: \u00bfPor qu\u00e9 Misiones ocupa un lugar clave?<\/p>\n\n\n\n<p>El d\u00eda 16 de diciembre del a\u00f1o pasado la provincia de Misiones tuvo el honor de ser la \u00fanica provincia invitada en la conmemoraci\u00f3n oficial de los 5 a\u00f1os del acuerdo de Par\u00eds esto es un evento que organiz\u00f3 la embajada de Francia y lo abri\u00f3 la embajadora de Francia en Argentina sentada al lado del Ministro Cabandi\u00e9 quien habl\u00f3 y despu\u00e9s lo hice yo como de Ministro de Cambio Clim\u00e1tico de la provincia de Misiones.<\/p>\n\n\n\n<p>Lombardi destac\u00f3 que \u00abuna de las revistas cient\u00edficas m\u00e1s importantes del mundo la revista m\u00e9dica \u00abThe Lancet\u00bb que la agrupan 38 universidades del mundo lanza su cap\u00edtulo de Argentina y la relaci\u00f3n de salud y Cambio Clim\u00e1tico y tambi\u00e9n invitan a este ministro y esto hace que evidentemente los alemanes nos hayan llamado por tel\u00e9fono hace dos semanas para contar un poco la experiencia misionera y est\u00e1 clar\u00edsimo que tanto en la naci\u00f3n Argentina en Buenos Aires como internacionalmente son conocidos y cada vez m\u00e1s es una de mis tareas el esfuerzo misionero en preservar y cuidar la selva\u00bb.<\/p>\n\n\n\n<p>En cuanto a la gira de agenda llevada a cabo recientemente apunt\u00f3 a que \u00abentiendan el esfuerzo que hacemos de conservar el 52% de biodiversidad lo hacemos con dinero del pueblo misionero y necesitamos cooperaci\u00f3n internacional no reembolsable, no queremos salir a pedir deuda queremos que seamos reconocidos por nuestra buenas pr\u00e1cticas ambientales y por los servicios ecosist\u00e9micos que nuestra selva le da a la Argentina y a la regi\u00f3n. Entonces nuestro pedido fue en las Naciones Unidas concretamente en las Naciones Unidas ONU ambiente, ah\u00ed nos sentamos con el banco interamericano de desarrollo, con la canciller\u00eda Argentina, con el Ministerio de econom\u00eda de la Rep\u00fablica Argentina para explicarles el enorme esfuerzo que hacemos y que hay dinero siempre o subsidios para los que plantan soja, para las petroleras, para los que explotan en las monta\u00f1as haciendo miner\u00eda pero para nosotros para Misiones que cuidamos con mucho esfuerzo la selva misionera no hay subsidios. Entonces nos parece que esto es un cambio de matriz nivel mundial se refleja hoy en este momento con la asunci\u00f3n del presidente Biden en Estados Unidos que lo primero que va hacer apenas asuma es firmar el compromiso de ellos que son el segundo pa\u00eds que m\u00e1s contaminan la tierra entonces que ese sumen al acuerdo de Par\u00eds es un signo que el mundo tambi\u00e9n est\u00e1 buscando soluciones\u00bb.<\/p>\n\n\n\n<p>Coment\u00f3 que mantuvo una reuni\u00f3n con el grupo de ingenieros forestales donde se\u00f1al\u00f3 que \u00abes fundamental la interacci\u00f3n con ellos junto a la gente de ingenieros forestales de la naci\u00f3n porque aprendo de ellos y ellos de nosotros tambi\u00e9n porque de eso se trata de poder aprender y transmitir lo que sabemos y estar abiertos a escuchar buenas pr\u00e1cticas para que podamos tambi\u00e9n multiplicarlas con ustedes, los medios es clave.<\/p>\n\n\n\n<p>Anticip\u00f3 que se estar\u00e1 anunciando el gabinete provincial de Cambio Clim\u00e1tico algo importante porque hay un gabinete nacional que se ofreci\u00f3 al presidente Alberto Fern\u00e1ndez y varios de sus ministros y se replicara ese gabinete nacional en la provincia de Misiones. Donde por un lado se trabajara m\u00e1s articuladamente y a nivel transversal con colegas y ministros.<br>Se realizara un plan de mitigaci\u00f3n y adaptaci\u00f3n al cambio clim\u00e1tico, un inventario de gases de efecto invernadero donde se contrar\u00e1 t\u00e9cnicos y se esta tratando con Naciones Unidas, ingenieros qu\u00edmicos y forestales.<\/p>\n\n\n\n<p>Adelant\u00f3 tambi\u00e9n que junto a la subsecretaria dra. Silvia Kloster est\u00e1n avanzando con todos estos temas y hoy se firmar\u00e1 con la rectora de la Universidad de la UNAM un convenio para trabajar en conjunto.<\/p>\n\n\n\n<p>Estamos enfocados en nuestras relaciones no solamente con el mundo internacional y con la naci\u00f3n Argentina, Ambiente, Ministerio de Econom\u00eda y Canciller\u00eda sino con nuestros intendentes.<\/p>\n\n\n\n<figure class=\"wp-block-image size-large\"><a href=\"https:\/\/cvinoticias.com\/wp-content\/uploads\/2021\/01\/WhatsApp-Image-2021-01-20-at-16.24.42.jpeg\"><img decoding=\"async\" width=\"1024\" height=\"768\" data-src=\"https:\/\/cvinoticias.com\/wp-content\/uploads\/2021\/01\/WhatsApp-Image-2021-01-20-at-16.24.42-1024x768.jpeg\" alt=\"\" class=\"wp-image-1867 lazyload\" data-srcset=\"https:\/\/cvinoticias.com\/wp-content\/uploads\/2021\/01\/WhatsApp-Image-2021-01-20-at-16.24.42-1024x768.jpeg 1024w, https:\/\/cvinoticias.com\/wp-content\/uploads\/2021\/01\/WhatsApp-Image-2021-01-20-at-16.24.42-300x225.jpeg 300w, https:\/\/cvinoticias.com\/wp-content\/uploads\/2021\/01\/WhatsApp-Image-2021-01-20-at-16.24.42-768x576.jpeg 768w, https:\/\/cvinoticias.com\/wp-content\/uploads\/2021\/01\/WhatsApp-Image-2021-01-20-at-16.24.42.jpeg 1200w\" data-sizes=\"(max-width: 1024px) 100vw, 1024px\" src=\"data:image\/svg+xml;base64,PHN2ZyB3aWR0aD0iMSIgaGVpZ2h0PSIxIiB4bWxucz0iaHR0cDovL3d3dy53My5vcmcvMjAwMC9zdmciPjwvc3ZnPg==\" style=\"--smush-placeholder-width: 1024px; --smush-placeholder-aspect-ratio: 1024\/768;\" \/><\/a><\/figure>\n\n\n\n<p>Fuente: Agencia Noticias Guacurari<\/p>\n","protected":false},"excerpt":{"rendered":"<p>Tanto para Misiones como para el mundo entero la reafirmaci\u00f3n de lo que venimos diciendo y lo que sabemos fronteras para adentro en la provincia es l\u00edder indiscutido en preservaci\u00f3n ambiental, en buenas pr\u00e1cticas ambientales, lo afirm\u00f3 Patricio Lombardi, Ministro del primer Ministerio de Cambio Clim\u00e1tico de Am\u00e9rica latina ubicado en la ciudad de Posadas [&hellip;]<\/p>\n","protected":false},"author":2,"featured_media":1868,"comment_status":"open","ping_status":"open","sticky":false,"template":"","format":"standard","meta":{"footnotes":""},"categories":[38],"tags":[],"class_list":["post-1866","post","type-post","status-publish","format-standard","has-post-thumbnail","hentry","category-medio-ambiente"],"yoast_head":"<!-- This site is optimized with the Yoast SEO plugin v27.5 - https:\/\/yoast.com\/product\/yoast-seo-wordpress\/ -->\n<title>Patricio Lombardi \u00abMisiones es l\u00edder indiscutido en preservaci\u00f3n ambiental\u00bb | CVI NOTICIAS<\/title>\n<meta name=\"robots\" content=\"index, follow, max-snippet:-1, max-image-preview:large, max-video-preview:-1\" \/>\n<link rel=\"canonical\" href=\"https:\/\/cvinoticias.com\/v3\/patricio-lombardi-misiones-es-lider-indiscutido-en-preservacion-ambiental\/\" \/>\n<meta property=\"og:locale\" content=\"es_ES\" \/>\n<meta property=\"og:type\" content=\"article\" \/>\n<meta property=\"og:title\" content=\"Patricio Lombardi \u00abMisiones es l\u00edder indiscutido en preservaci\u00f3n ambiental\u00bb | CVI NOTICIAS\" \/>\n<meta property=\"og:description\" content=\"Tanto para Misiones como para el mundo entero la reafirmaci\u00f3n de lo que venimos diciendo y lo que sabemos fronteras para adentro en la provincia es l\u00edder indiscutido en preservaci\u00f3n ambiental, en buenas pr\u00e1cticas ambientales, lo afirm\u00f3 Patricio Lombardi, Ministro del primer Ministerio de Cambio Clim\u00e1tico de Am\u00e9rica latina ubicado en la ciudad de Posadas [&hellip;]\" \/>\n<meta property=\"og:url\" content=\"https:\/\/cvinoticias.com\/v3\/patricio-lombardi-misiones-es-lider-indiscutido-en-preservacion-ambiental\/\" \/>\n<meta property=\"og:site_name\" content=\"CVI NOTICIAS\" \/>\n<meta property=\"article:publisher\" content=\"https:\/\/www.facebook.com\/cvinoticias\" \/>\n<meta property=\"article:published_time\" content=\"2021-01-20T23:16:21+00:00\" \/>\n<meta property=\"og:image\" content=\"https:\/\/cvinoticias.com\/wp-content\/uploads\/2021\/01\/WhatsApp-Image-2021-01-20-at-16.24.42-1.jpeg\" \/>\n\t<meta property=\"og:image:width\" content=\"681\" \/>\n\t<meta property=\"og:image:height\" content=\"529\" \/>\n\t<meta property=\"og:image:type\" content=\"image\/jpeg\" \/>\n<meta name=\"author\" content=\"f1000024\" \/>\n<meta name=\"twitter:card\" content=\"summary_large_image\" \/>\n<meta name=\"twitter:label1\" content=\"Escrito por\" \/>\n\t<meta name=\"twitter:data1\" content=\"f1000024\" \/>\n\t<meta name=\"twitter:label2\" content=\"Tiempo de lectura\" \/>\n\t<meta name=\"twitter:data2\" content=\"5 minutos\" \/>\n<script type=\"application\/ld+json\" class=\"yoast-schema-graph\">{\"@context\":\"https:\\\/\\\/schema.org\",\"@graph\":[{\"@type\":\"Article\",\"@id\":\"https:\\\/\\\/cvinoticias.com\\\/v3\\\/patricio-lombardi-misiones-es-lider-indiscutido-en-preservacion-ambiental\\\/#article\",\"isPartOf\":{\"@id\":\"https:\\\/\\\/cvinoticias.com\\\/v3\\\/patricio-lombardi-misiones-es-lider-indiscutido-en-preservacion-ambiental\\\/\"},\"author\":{\"name\":\"f1000024\",\"@id\":\"https:\\\/\\\/cvinoticias.com\\\/v3\\\/#\\\/schema\\\/person\\\/2db77e3c6bc03c538495d7b2b8be9b66\"},\"headline\":\"Patricio Lombardi \u00abMisiones es l\u00edder indiscutido en preservaci\u00f3n ambiental\u00bb\",\"datePublished\":\"2021-01-20T23:16:21+00:00\",\"mainEntityOfPage\":{\"@id\":\"https:\\\/\\\/cvinoticias.com\\\/v3\\\/patricio-lombardi-misiones-es-lider-indiscutido-en-preservacion-ambiental\\\/\"},\"wordCount\":1056,\"commentCount\":0,\"publisher\":{\"@id\":\"https:\\\/\\\/cvinoticias.com\\\/v3\\\/#organization\"},\"image\":{\"@id\":\"https:\\\/\\\/cvinoticias.com\\\/v3\\\/patricio-lombardi-misiones-es-lider-indiscutido-en-preservacion-ambiental\\\/#primaryimage\"},\"thumbnailUrl\":\"https:\\\/\\\/cvinoticias.com\\\/wp-content\\\/uploads\\\/2021\\\/01\\\/WhatsApp-Image-2021-01-20-at-16.24.42-1.jpeg\",\"articleSection\":[\"Medio Ambiente\"],\"inLanguage\":\"es\",\"potentialAction\":[{\"@type\":\"CommentAction\",\"name\":\"Comment\",\"target\":[\"https:\\\/\\\/cvinoticias.com\\\/v3\\\/patricio-lombardi-misiones-es-lider-indiscutido-en-preservacion-ambiental\\\/#respond\"]}]},{\"@type\":\"WebPage\",\"@id\":\"https:\\\/\\\/cvinoticias.com\\\/v3\\\/patricio-lombardi-misiones-es-lider-indiscutido-en-preservacion-ambiental\\\/\",\"url\":\"https:\\\/\\\/cvinoticias.com\\\/v3\\\/patricio-lombardi-misiones-es-lider-indiscutido-en-preservacion-ambiental\\\/\",\"name\":\"Patricio Lombardi \u00abMisiones es l\u00edder indiscutido en preservaci\u00f3n ambiental\u00bb | CVI NOTICIAS\",\"isPartOf\":{\"@id\":\"https:\\\/\\\/cvinoticias.com\\\/v3\\\/#website\"},\"primaryImageOfPage\":{\"@id\":\"https:\\\/\\\/cvinoticias.com\\\/v3\\\/patricio-lombardi-misiones-es-lider-indiscutido-en-preservacion-ambiental\\\/#primaryimage\"},\"image\":{\"@id\":\"https:\\\/\\\/cvinoticias.com\\\/v3\\\/patricio-lombardi-misiones-es-lider-indiscutido-en-preservacion-ambiental\\\/#primaryimage\"},\"thumbnailUrl\":\"https:\\\/\\\/cvinoticias.com\\\/wp-content\\\/uploads\\\/2021\\\/01\\\/WhatsApp-Image-2021-01-20-at-16.24.42-1.jpeg\",\"datePublished\":\"2021-01-20T23:16:21+00:00\",\"breadcrumb\":{\"@id\":\"https:\\\/\\\/cvinoticias.com\\\/v3\\\/patricio-lombardi-misiones-es-lider-indiscutido-en-preservacion-ambiental\\\/#breadcrumb\"},\"inLanguage\":\"es\",\"potentialAction\":[{\"@type\":\"ReadAction\",\"target\":[\"https:\\\/\\\/cvinoticias.com\\\/v3\\\/patricio-lombardi-misiones-es-lider-indiscutido-en-preservacion-ambiental\\\/\"]}]},{\"@type\":\"ImageObject\",\"inLanguage\":\"es\",\"@id\":\"https:\\\/\\\/cvinoticias.com\\\/v3\\\/patricio-lombardi-misiones-es-lider-indiscutido-en-preservacion-ambiental\\\/#primaryimage\",\"url\":\"https:\\\/\\\/cvinoticias.com\\\/wp-content\\\/uploads\\\/2021\\\/01\\\/WhatsApp-Image-2021-01-20-at-16.24.42-1.jpeg\",\"contentUrl\":\"https:\\\/\\\/cvinoticias.com\\\/wp-content\\\/uploads\\\/2021\\\/01\\\/WhatsApp-Image-2021-01-20-at-16.24.42-1.jpeg\",\"width\":681,\"height\":529},{\"@type\":\"BreadcrumbList\",\"@id\":\"https:\\\/\\\/cvinoticias.com\\\/v3\\\/patricio-lombardi-misiones-es-lider-indiscutido-en-preservacion-ambiental\\\/#breadcrumb\",\"itemListElement\":[{\"@type\":\"ListItem\",\"position\":1,\"name\":\"Portada\",\"item\":\"https:\\\/\\\/cvinoticias.com\\\/v3\\\/\"},{\"@type\":\"ListItem\",\"position\":2,\"name\":\"Patricio Lombardi \u00abMisiones es l\u00edder indiscutido en preservaci\u00f3n ambiental\u00bb\"}]},{\"@type\":\"WebSite\",\"@id\":\"https:\\\/\\\/cvinoticias.com\\\/v3\\\/#website\",\"url\":\"https:\\\/\\\/cvinoticias.com\\\/v3\\\/\",\"name\":\"CVI NOTICIAS\",\"description\":\"\",\"publisher\":{\"@id\":\"https:\\\/\\\/cvinoticias.com\\\/v3\\\/#organization\"},\"alternateName\":\"CVI\",\"potentialAction\":[{\"@type\":\"SearchAction\",\"target\":{\"@type\":\"EntryPoint\",\"urlTemplate\":\"https:\\\/\\\/cvinoticias.com\\\/v3\\\/?s={search_term_string}\"},\"query-input\":{\"@type\":\"PropertyValueSpecification\",\"valueRequired\":true,\"valueName\":\"search_term_string\"}}],\"inLanguage\":\"es\"},{\"@type\":\"Organization\",\"@id\":\"https:\\\/\\\/cvinoticias.com\\\/v3\\\/#organization\",\"name\":\"CVI NOTICIAS\",\"url\":\"https:\\\/\\\/cvinoticias.com\\\/v3\\\/\",\"logo\":{\"@type\":\"ImageObject\",\"inLanguage\":\"es\",\"@id\":\"https:\\\/\\\/cvinoticias.com\\\/v3\\\/#\\\/schema\\\/logo\\\/image\\\/\",\"url\":\"https:\\\/\\\/cvinoticias.com\\\/wp-content\\\/uploads\\\/2023\\\/04\\\/cropped-cropped-cropped-cropped-cropped-3-1.png\",\"contentUrl\":\"https:\\\/\\\/cvinoticias.com\\\/wp-content\\\/uploads\\\/2023\\\/04\\\/cropped-cropped-cropped-cropped-cropped-3-1.png\",\"width\":95,\"height\":122,\"caption\":\"CVI NOTICIAS\"},\"image\":{\"@id\":\"https:\\\/\\\/cvinoticias.com\\\/v3\\\/#\\\/schema\\\/logo\\\/image\\\/\"},\"sameAs\":[\"https:\\\/\\\/www.facebook.com\\\/cvinoticias\",\"https:\\\/\\\/www.instagram.com\\\/cvinoticias\\\/\",\"https:\\\/\\\/www.youtube.com\\\/@CVINOTICIAS\"]},{\"@type\":\"Person\",\"@id\":\"https:\\\/\\\/cvinoticias.com\\\/v3\\\/#\\\/schema\\\/person\\\/2db77e3c6bc03c538495d7b2b8be9b66\",\"name\":\"f1000024\",\"image\":{\"@type\":\"ImageObject\",\"inLanguage\":\"es\",\"@id\":\"https:\\\/\\\/secure.gravatar.com\\\/avatar\\\/d4fe7459cfc51ff5129ce1a732bbef5928568b8092d412ef95611616376bbeed?s=96&d=mm&r=g\",\"url\":\"https:\\\/\\\/secure.gravatar.com\\\/avatar\\\/d4fe7459cfc51ff5129ce1a732bbef5928568b8092d412ef95611616376bbeed?s=96&d=mm&r=g\",\"contentUrl\":\"https:\\\/\\\/secure.gravatar.com\\\/avatar\\\/d4fe7459cfc51ff5129ce1a732bbef5928568b8092d412ef95611616376bbeed?s=96&d=mm&r=g\",\"caption\":\"f1000024\"},\"url\":\"https:\\\/\\\/cvinoticias.com\\\/v3\\\/author\\\/f1000024\\\/\"}]}<\/script>\n<!-- \/ Yoast SEO plugin. -->","yoast_head_json":{"title":"Patricio Lombardi \u00abMisiones es l\u00edder indiscutido en preservaci\u00f3n ambiental\u00bb | CVI NOTICIAS","robots":{"index":"index","follow":"follow","max-snippet":"max-snippet:-1","max-image-preview":"max-image-preview:large","max-video-preview":"max-video-preview:-1"},"canonical":"https:\/\/cvinoticias.com\/v3\/patricio-lombardi-misiones-es-lider-indiscutido-en-preservacion-ambiental\/","og_locale":"es_ES","og_type":"article","og_title":"Patricio Lombardi \u00abMisiones es l\u00edder indiscutido en preservaci\u00f3n ambiental\u00bb | CVI NOTICIAS","og_description":"Tanto para Misiones como para el mundo entero la reafirmaci\u00f3n de lo que venimos diciendo y lo que sabemos fronteras para adentro en la provincia es l\u00edder indiscutido en preservaci\u00f3n ambiental, en buenas pr\u00e1cticas ambientales, lo afirm\u00f3 Patricio Lombardi, Ministro del primer Ministerio de Cambio Clim\u00e1tico de Am\u00e9rica latina ubicado en la ciudad de Posadas [&hellip;]","og_url":"https:\/\/cvinoticias.com\/v3\/patricio-lombardi-misiones-es-lider-indiscutido-en-preservacion-ambiental\/","og_site_name":"CVI NOTICIAS","article_publisher":"https:\/\/www.facebook.com\/cvinoticias","article_published_time":"2021-01-20T23:16:21+00:00","og_image":[{"width":681,"height":529,"url":"https:\/\/cvinoticias.com\/wp-content\/uploads\/2021\/01\/WhatsApp-Image-2021-01-20-at-16.24.42-1.jpeg","type":"image\/jpeg"}],"author":"f1000024","twitter_card":"summary_large_image","twitter_misc":{"Escrito por":"f1000024","Tiempo de lectura":"5 minutos"},"schema":{"@context":"https:\/\/schema.org","@graph":[{"@type":"Article","@id":"https:\/\/cvinoticias.com\/v3\/patricio-lombardi-misiones-es-lider-indiscutido-en-preservacion-ambiental\/#article","isPartOf":{"@id":"https:\/\/cvinoticias.com\/v3\/patricio-lombardi-misiones-es-lider-indiscutido-en-preservacion-ambiental\/"},"author":{"name":"f1000024","@id":"https:\/\/cvinoticias.com\/v3\/#\/schema\/person\/2db77e3c6bc03c538495d7b2b8be9b66"},"headline":"Patricio Lombardi \u00abMisiones es l\u00edder indiscutido en preservaci\u00f3n ambiental\u00bb","datePublished":"2021-01-20T23:16:21+00:00","mainEntityOfPage":{"@id":"https:\/\/cvinoticias.com\/v3\/patricio-lombardi-misiones-es-lider-indiscutido-en-preservacion-ambiental\/"},"wordCount":1056,"commentCount":0,"publisher":{"@id":"https:\/\/cvinoticias.com\/v3\/#organization"},"image":{"@id":"https:\/\/cvinoticias.com\/v3\/patricio-lombardi-misiones-es-lider-indiscutido-en-preservacion-ambiental\/#primaryimage"},"thumbnailUrl":"https:\/\/cvinoticias.com\/wp-content\/uploads\/2021\/01\/WhatsApp-Image-2021-01-20-at-16.24.42-1.jpeg","articleSection":["Medio Ambiente"],"inLanguage":"es","potentialAction":[{"@type":"CommentAction","name":"Comment","target":["https:\/\/cvinoticias.com\/v3\/patricio-lombardi-misiones-es-lider-indiscutido-en-preservacion-ambiental\/#respond"]}]},{"@type":"WebPage","@id":"https:\/\/cvinoticias.com\/v3\/patricio-lombardi-misiones-es-lider-indiscutido-en-preservacion-ambiental\/","url":"https:\/\/cvinoticias.com\/v3\/patricio-lombardi-misiones-es-lider-indiscutido-en-preservacion-ambiental\/","name":"Patricio Lombardi \u00abMisiones es l\u00edder indiscutido en preservaci\u00f3n ambiental\u00bb | CVI NOTICIAS","isPartOf":{"@id":"https:\/\/cvinoticias.com\/v3\/#website"},"primaryImageOfPage":{"@id":"https:\/\/cvinoticias.com\/v3\/patricio-lombardi-misiones-es-lider-indiscutido-en-preservacion-ambiental\/#primaryimage"},"image":{"@id":"https:\/\/cvinoticias.com\/v3\/patricio-lombardi-misiones-es-lider-indiscutido-en-preservacion-ambiental\/#primaryimage"},"thumbnailUrl":"https:\/\/cvinoticias.com\/wp-content\/uploads\/2021\/01\/WhatsApp-Image-2021-01-20-at-16.24.42-1.jpeg","datePublished":"2021-01-20T23:16:21+00:00","breadcrumb":{"@id":"https:\/\/cvinoticias.com\/v3\/patricio-lombardi-misiones-es-lider-indiscutido-en-preservacion-ambiental\/#breadcrumb"},"inLanguage":"es","potentialAction":[{"@type":"ReadAction","target":["https:\/\/cvinoticias.com\/v3\/patricio-lombardi-misiones-es-lider-indiscutido-en-preservacion-ambiental\/"]}]},{"@type":"ImageObject","inLanguage":"es","@id":"https:\/\/cvinoticias.com\/v3\/patricio-lombardi-misiones-es-lider-indiscutido-en-preservacion-ambiental\/#primaryimage","url":"https:\/\/cvinoticias.com\/wp-content\/uploads\/2021\/01\/WhatsApp-Image-2021-01-20-at-16.24.42-1.jpeg","contentUrl":"https:\/\/cvinoticias.com\/wp-content\/uploads\/2021\/01\/WhatsApp-Image-2021-01-20-at-16.24.42-1.jpeg","width":681,"height":529},{"@type":"BreadcrumbList","@id":"https:\/\/cvinoticias.com\/v3\/patricio-lombardi-misiones-es-lider-indiscutido-en-preservacion-ambiental\/#breadcrumb","itemListElement":[{"@type":"ListItem","position":1,"name":"Portada","item":"https:\/\/cvinoticias.com\/v3\/"},{"@type":"ListItem","position":2,"name":"Patricio Lombardi \u00abMisiones es l\u00edder indiscutido en preservaci\u00f3n ambiental\u00bb"}]},{"@type":"WebSite","@id":"https:\/\/cvinoticias.com\/v3\/#website","url":"https:\/\/cvinoticias.com\/v3\/","name":"CVI NOTICIAS","description":"","publisher":{"@id":"https:\/\/cvinoticias.com\/v3\/#organization"},"alternateName":"CVI","potentialAction":[{"@type":"SearchAction","target":{"@type":"EntryPoint","urlTemplate":"https:\/\/cvinoticias.com\/v3\/?s={search_term_string}"},"query-input":{"@type":"PropertyValueSpecification","valueRequired":true,"valueName":"search_term_string"}}],"inLanguage":"es"},{"@type":"Organization","@id":"https:\/\/cvinoticias.com\/v3\/#organization","name":"CVI NOTICIAS","url":"https:\/\/cvinoticias.com\/v3\/","logo":{"@type":"ImageObject","inLanguage":"es","@id":"https:\/\/cvinoticias.com\/v3\/#\/schema\/logo\/image\/","url":"https:\/\/cvinoticias.com\/wp-content\/uploads\/2023\/04\/cropped-cropped-cropped-cropped-cropped-3-1.png","contentUrl":"https:\/\/cvinoticias.com\/wp-content\/uploads\/2023\/04\/cropped-cropped-cropped-cropped-cropped-3-1.png","width":95,"height":122,"caption":"CVI NOTICIAS"},"image":{"@id":"https:\/\/cvinoticias.com\/v3\/#\/schema\/logo\/image\/"},"sameAs":["https:\/\/www.facebook.com\/cvinoticias","https:\/\/www.instagram.com\/cvinoticias\/","https:\/\/www.youtube.com\/@CVINOTICIAS"]},{"@type":"Person","@id":"https:\/\/cvinoticias.com\/v3\/#\/schema\/person\/2db77e3c6bc03c538495d7b2b8be9b66","name":"f1000024","image":{"@type":"ImageObject","inLanguage":"es","@id":"https:\/\/secure.gravatar.com\/avatar\/d4fe7459cfc51ff5129ce1a732bbef5928568b8092d412ef95611616376bbeed?s=96&d=mm&r=g","url":"https:\/\/secure.gravatar.com\/avatar\/d4fe7459cfc51ff5129ce1a732bbef5928568b8092d412ef95611616376bbeed?s=96&d=mm&r=g","contentUrl":"https:\/\/secure.gravatar.com\/avatar\/d4fe7459cfc51ff5129ce1a732bbef5928568b8092d412ef95611616376bbeed?s=96&d=mm&r=g","caption":"f1000024"},"url":"https:\/\/cvinoticias.com\/v3\/author\/f1000024\/"}]}},"_links":{"self":[{"href":"https:\/\/cvinoticias.com\/v3\/wp-json\/wp\/v2\/posts\/1866","targetHints":{"allow":["GET"]}}],"collection":[{"href":"https:\/\/cvinoticias.com\/v3\/wp-json\/wp\/v2\/posts"}],"about":[{"href":"https:\/\/cvinoticias.com\/v3\/wp-json\/wp\/v2\/types\/post"}],"author":[{"embeddable":true,"href":"https:\/\/cvinoticias.com\/v3\/wp-json\/wp\/v2\/users\/2"}],"replies":[{"embeddable":true,"href":"https:\/\/cvinoticias.com\/v3\/wp-json\/wp\/v2\/comments?post=1866"}],"version-history":[{"count":1,"href":"https:\/\/cvinoticias.com\/v3\/wp-json\/wp\/v2\/posts\/1866\/revisions"}],"predecessor-version":[{"id":1869,"href":"https:\/\/cvinoticias.com\/v3\/wp-json\/wp\/v2\/posts\/1866\/revisions\/1869"}],"wp:featuredmedia":[{"embeddable":true,"href":"https:\/\/cvinoticias.com\/v3\/wp-json\/wp\/v2\/media\/1868"}],"wp:attachment":[{"href":"https:\/\/cvinoticias.com\/v3\/wp-json\/wp\/v2\/media?parent=1866"}],"wp:term":[{"taxonomy":"category","embeddable":true,"href":"https:\/\/cvinoticias.com\/v3\/wp-json\/wp\/v2\/categories?post=1866"},{"taxonomy":"post_tag","embeddable":true,"href":"https:\/\/cvinoticias.com\/v3\/wp-json\/wp\/v2\/tags?post=1866"}],"curies":[{"name":"wp","href":"https:\/\/api.w.org\/{rel}","templated":true}]}}