{"id":1853,"date":"2021-01-20T14:36:50","date_gmt":"2021-01-20T14:36:50","guid":{"rendered":"https:\/\/cvinoticias.com\/v3\/?p=1853"},"modified":"2021-01-20T14:36:50","modified_gmt":"2021-01-20T14:36:50","slug":"san-juan-un-nuevo-sismo-se-sintio-en-la-manana-de-este-miercoles-de-34o-en-la-escala-y-fue-en-la-ciudad-capital","status":"publish","type":"post","link":"https:\/\/cvinoticias.com\/v3\/san-juan-un-nuevo-sismo-se-sintio-en-la-manana-de-este-miercoles-de-34o-en-la-escala-y-fue-en-la-ciudad-capital\/","title":{"rendered":"San Juan: Un nuevo sismo se sinti\u00f3 en la ma\u00f1ana de este miercoles de 3,4\u00ba en la escala y fue en la Ciudad Capital"},"content":{"rendered":"\n<p><em><strong>Segundos antes de las 10 de este mi\u00e9rcoles se sinti\u00f3 un nuevo sismo en San Juan. Pero esta vez, el movimiento no tuvo epicentro en Sarmiento, tal como el terremoto de Magnitud 6,4 del lunes por la noche y sus decenas de r\u00e9plicas subsiguientes,\u00a0sino en la Ciudad de San Juan.<\/strong><\/em><\/p>\n\n\n\n<p>Seg\u00fan los datos del Instituto Nacional de Prevenci\u00f3n S\u00edsmica,\u00a0<strong>el temblor tuvo una Magnitud de 3,4 y una profundidad de escasos 10 kil\u00f3metros.<\/strong><\/p>\n\n\n\n<p>El <strong>epicentro se ubic\u00f3\u00a028 kil\u00f3metros\u00a0al Oeste de San Juan;\u00a0<\/strong>162 kil\u00f3metros\u00a0al Norte\u00a0de Mendoza y 55 kil\u00f3metros al Noroeste de Caucete.<\/p>\n\n\n\n<p>La Intensidad fue de&nbsp;<strong>grado III en Zonda&nbsp;y de grado II a III en&nbsp;Ciudad de San Juan, Albard\u00f3n y Caucete.<\/strong><\/p>\n","protected":false},"excerpt":{"rendered":"<p>Segundos antes de las 10 de este mi\u00e9rcoles se sinti\u00f3 un nuevo sismo en San Juan. Pero esta vez, el movimiento no tuvo epicentro en Sarmiento, tal como el terremoto de Magnitud 6,4 del lunes por la noche y sus decenas de r\u00e9plicas subsiguientes,\u00a0sino en la Ciudad de San Juan. Seg\u00fan los datos del Instituto [&hellip;]<\/p>\n","protected":false},"author":2,"featured_media":1854,"comment_status":"open","ping_status":"open","sticky":false,"template":"","format":"standard","meta":{"footnotes":""},"categories":[35],"tags":[],"class_list":["post-1853","post","type-post","status-publish","format-standard","has-post-thumbnail","hentry","category-informacion-general"],"yoast_head":"<!-- This site is optimized with the Yoast SEO plugin v27.5 - https:\/\/yoast.com\/product\/yoast-seo-wordpress\/ -->\n<title>San Juan: Un nuevo sismo se sinti\u00f3 en la ma\u00f1ana de este miercoles de 3,4\u00ba en la escala y fue en la Ciudad Capital | CVI NOTICIAS<\/title>\n<meta name=\"robots\" content=\"index, follow, max-snippet:-1, max-image-preview:large, max-video-preview:-1\" \/>\n<link rel=\"canonical\" href=\"https:\/\/cvinoticias.com\/v3\/san-juan-un-nuevo-sismo-se-sintio-en-la-manana-de-este-miercoles-de-34o-en-la-escala-y-fue-en-la-ciudad-capital\/\" \/>\n<meta property=\"og:locale\" content=\"es_ES\" \/>\n<meta property=\"og:type\" content=\"article\" \/>\n<meta property=\"og:title\" content=\"San Juan: Un nuevo sismo se sinti\u00f3 en la ma\u00f1ana de este miercoles de 3,4\u00ba en la escala y fue en la Ciudad Capital | CVI NOTICIAS\" \/>\n<meta property=\"og:description\" content=\"Segundos antes de las 10 de este mi\u00e9rcoles se sinti\u00f3 un nuevo sismo en San Juan. Pero esta vez, el movimiento no tuvo epicentro en Sarmiento, tal como el terremoto de Magnitud 6,4 del lunes por la noche y sus decenas de r\u00e9plicas subsiguientes,\u00a0sino en la Ciudad de San Juan. Seg\u00fan los datos del Instituto [&hellip;]\" \/>\n<meta property=\"og:url\" content=\"https:\/\/cvinoticias.com\/v3\/san-juan-un-nuevo-sismo-se-sintio-en-la-manana-de-este-miercoles-de-34o-en-la-escala-y-fue-en-la-ciudad-capital\/\" \/>\n<meta property=\"og:site_name\" content=\"CVI NOTICIAS\" \/>\n<meta property=\"article:publisher\" content=\"https:\/\/www.facebook.com\/cvinoticias\" \/>\n<meta property=\"article:published_time\" content=\"2021-01-20T14:36:50+00:00\" \/>\n<meta property=\"og:image\" content=\"https:\/\/cvinoticias.com\/wp-content\/uploads\/2021\/01\/SISMO-EN-SAN-JUAN-sf-2.jpg\" \/>\n\t<meta property=\"og:image:width\" content=\"1024\" \/>\n\t<meta property=\"og:image:height\" content=\"512\" \/>\n\t<meta property=\"og:image:type\" content=\"image\/jpeg\" \/>\n<meta name=\"author\" content=\"f1000024\" \/>\n<meta name=\"twitter:card\" content=\"summary_large_image\" \/>\n<meta name=\"twitter:label1\" content=\"Escrito por\" \/>\n\t<meta name=\"twitter:data1\" content=\"f1000024\" \/>\n\t<meta name=\"twitter:label2\" content=\"Tiempo de lectura\" \/>\n\t<meta name=\"twitter:data2\" content=\"1 minuto\" \/>\n<script type=\"application\/ld+json\" class=\"yoast-schema-graph\">{\"@context\":\"https:\\\/\\\/schema.org\",\"@graph\":[{\"@type\":\"Article\",\"@id\":\"https:\\\/\\\/cvinoticias.com\\\/v3\\\/san-juan-un-nuevo-sismo-se-sintio-en-la-manana-de-este-miercoles-de-34o-en-la-escala-y-fue-en-la-ciudad-capital\\\/#article\",\"isPartOf\":{\"@id\":\"https:\\\/\\\/cvinoticias.com\\\/v3\\\/san-juan-un-nuevo-sismo-se-sintio-en-la-manana-de-este-miercoles-de-34o-en-la-escala-y-fue-en-la-ciudad-capital\\\/\"},\"author\":{\"name\":\"f1000024\",\"@id\":\"https:\\\/\\\/cvinoticias.com\\\/v3\\\/#\\\/schema\\\/person\\\/2db77e3c6bc03c538495d7b2b8be9b66\"},\"headline\":\"San Juan: Un nuevo sismo se sinti\u00f3 en la ma\u00f1ana de este miercoles de 3,4\u00ba en la escala y fue en la Ciudad Capital\",\"datePublished\":\"2021-01-20T14:36:50+00:00\",\"mainEntityOfPage\":{\"@id\":\"https:\\\/\\\/cvinoticias.com\\\/v3\\\/san-juan-un-nuevo-sismo-se-sintio-en-la-manana-de-este-miercoles-de-34o-en-la-escala-y-fue-en-la-ciudad-capital\\\/\"},\"wordCount\":150,\"commentCount\":0,\"publisher\":{\"@id\":\"https:\\\/\\\/cvinoticias.com\\\/v3\\\/#organization\"},\"image\":{\"@id\":\"https:\\\/\\\/cvinoticias.com\\\/v3\\\/san-juan-un-nuevo-sismo-se-sintio-en-la-manana-de-este-miercoles-de-34o-en-la-escala-y-fue-en-la-ciudad-capital\\\/#primaryimage\"},\"thumbnailUrl\":\"https:\\\/\\\/cvinoticias.com\\\/wp-content\\\/uploads\\\/2021\\\/01\\\/SISMO-EN-SAN-JUAN-sf-2.jpg\",\"articleSection\":[\"Informaci\u00f3n General\"],\"inLanguage\":\"es\",\"potentialAction\":[{\"@type\":\"CommentAction\",\"name\":\"Comment\",\"target\":[\"https:\\\/\\\/cvinoticias.com\\\/v3\\\/san-juan-un-nuevo-sismo-se-sintio-en-la-manana-de-este-miercoles-de-34o-en-la-escala-y-fue-en-la-ciudad-capital\\\/#respond\"]}]},{\"@type\":\"WebPage\",\"@id\":\"https:\\\/\\\/cvinoticias.com\\\/v3\\\/san-juan-un-nuevo-sismo-se-sintio-en-la-manana-de-este-miercoles-de-34o-en-la-escala-y-fue-en-la-ciudad-capital\\\/\",\"url\":\"https:\\\/\\\/cvinoticias.com\\\/v3\\\/san-juan-un-nuevo-sismo-se-sintio-en-la-manana-de-este-miercoles-de-34o-en-la-escala-y-fue-en-la-ciudad-capital\\\/\",\"name\":\"San Juan: Un nuevo sismo se sinti\u00f3 en la ma\u00f1ana de este miercoles de 3,4\u00ba en la escala y fue en la Ciudad Capital | CVI NOTICIAS\",\"isPartOf\":{\"@id\":\"https:\\\/\\\/cvinoticias.com\\\/v3\\\/#website\"},\"primaryImageOfPage\":{\"@id\":\"https:\\\/\\\/cvinoticias.com\\\/v3\\\/san-juan-un-nuevo-sismo-se-sintio-en-la-manana-de-este-miercoles-de-34o-en-la-escala-y-fue-en-la-ciudad-capital\\\/#primaryimage\"},\"image\":{\"@id\":\"https:\\\/\\\/cvinoticias.com\\\/v3\\\/san-juan-un-nuevo-sismo-se-sintio-en-la-manana-de-este-miercoles-de-34o-en-la-escala-y-fue-en-la-ciudad-capital\\\/#primaryimage\"},\"thumbnailUrl\":\"https:\\\/\\\/cvinoticias.com\\\/wp-content\\\/uploads\\\/2021\\\/01\\\/SISMO-EN-SAN-JUAN-sf-2.jpg\",\"datePublished\":\"2021-01-20T14:36:50+00:00\",\"breadcrumb\":{\"@id\":\"https:\\\/\\\/cvinoticias.com\\\/v3\\\/san-juan-un-nuevo-sismo-se-sintio-en-la-manana-de-este-miercoles-de-34o-en-la-escala-y-fue-en-la-ciudad-capital\\\/#breadcrumb\"},\"inLanguage\":\"es\",\"potentialAction\":[{\"@type\":\"ReadAction\",\"target\":[\"https:\\\/\\\/cvinoticias.com\\\/v3\\\/san-juan-un-nuevo-sismo-se-sintio-en-la-manana-de-este-miercoles-de-34o-en-la-escala-y-fue-en-la-ciudad-capital\\\/\"]}]},{\"@type\":\"ImageObject\",\"inLanguage\":\"es\",\"@id\":\"https:\\\/\\\/cvinoticias.com\\\/v3\\\/san-juan-un-nuevo-sismo-se-sintio-en-la-manana-de-este-miercoles-de-34o-en-la-escala-y-fue-en-la-ciudad-capital\\\/#primaryimage\",\"url\":\"https:\\\/\\\/cvinoticias.com\\\/wp-content\\\/uploads\\\/2021\\\/01\\\/SISMO-EN-SAN-JUAN-sf-2.jpg\",\"contentUrl\":\"https:\\\/\\\/cvinoticias.com\\\/wp-content\\\/uploads\\\/2021\\\/01\\\/SISMO-EN-SAN-JUAN-sf-2.jpg\",\"width\":1024,\"height\":512},{\"@type\":\"BreadcrumbList\",\"@id\":\"https:\\\/\\\/cvinoticias.com\\\/v3\\\/san-juan-un-nuevo-sismo-se-sintio-en-la-manana-de-este-miercoles-de-34o-en-la-escala-y-fue-en-la-ciudad-capital\\\/#breadcrumb\",\"itemListElement\":[{\"@type\":\"ListItem\",\"position\":1,\"name\":\"Portada\",\"item\":\"https:\\\/\\\/cvinoticias.com\\\/v3\\\/\"},{\"@type\":\"ListItem\",\"position\":2,\"name\":\"San Juan: Un nuevo sismo se sinti\u00f3 en la ma\u00f1ana de este miercoles de 3,4\u00ba en la escala y fue en la Ciudad Capital\"}]},{\"@type\":\"WebSite\",\"@id\":\"https:\\\/\\\/cvinoticias.com\\\/v3\\\/#website\",\"url\":\"https:\\\/\\\/cvinoticias.com\\\/v3\\\/\",\"name\":\"CVI NOTICIAS\",\"description\":\"\",\"publisher\":{\"@id\":\"https:\\\/\\\/cvinoticias.com\\\/v3\\\/#organization\"},\"alternateName\":\"CVI\",\"potentialAction\":[{\"@type\":\"SearchAction\",\"target\":{\"@type\":\"EntryPoint\",\"urlTemplate\":\"https:\\\/\\\/cvinoticias.com\\\/v3\\\/?s={search_term_string}\"},\"query-input\":{\"@type\":\"PropertyValueSpecification\",\"valueRequired\":true,\"valueName\":\"search_term_string\"}}],\"inLanguage\":\"es\"},{\"@type\":\"Organization\",\"@id\":\"https:\\\/\\\/cvinoticias.com\\\/v3\\\/#organization\",\"name\":\"CVI NOTICIAS\",\"url\":\"https:\\\/\\\/cvinoticias.com\\\/v3\\\/\",\"logo\":{\"@type\":\"ImageObject\",\"inLanguage\":\"es\",\"@id\":\"https:\\\/\\\/cvinoticias.com\\\/v3\\\/#\\\/schema\\\/logo\\\/image\\\/\",\"url\":\"https:\\\/\\\/cvinoticias.com\\\/wp-content\\\/uploads\\\/2023\\\/04\\\/cropped-cropped-cropped-cropped-cropped-3-1.png\",\"contentUrl\":\"https:\\\/\\\/cvinoticias.com\\\/wp-content\\\/uploads\\\/2023\\\/04\\\/cropped-cropped-cropped-cropped-cropped-3-1.png\",\"width\":95,\"height\":122,\"caption\":\"CVI NOTICIAS\"},\"image\":{\"@id\":\"https:\\\/\\\/cvinoticias.com\\\/v3\\\/#\\\/schema\\\/logo\\\/image\\\/\"},\"sameAs\":[\"https:\\\/\\\/www.facebook.com\\\/cvinoticias\",\"https:\\\/\\\/www.instagram.com\\\/cvinoticias\\\/\",\"https:\\\/\\\/www.youtube.com\\\/@CVINOTICIAS\"]},{\"@type\":\"Person\",\"@id\":\"https:\\\/\\\/cvinoticias.com\\\/v3\\\/#\\\/schema\\\/person\\\/2db77e3c6bc03c538495d7b2b8be9b66\",\"name\":\"f1000024\",\"image\":{\"@type\":\"ImageObject\",\"inLanguage\":\"es\",\"@id\":\"https:\\\/\\\/secure.gravatar.com\\\/avatar\\\/d4fe7459cfc51ff5129ce1a732bbef5928568b8092d412ef95611616376bbeed?s=96&d=mm&r=g\",\"url\":\"https:\\\/\\\/secure.gravatar.com\\\/avatar\\\/d4fe7459cfc51ff5129ce1a732bbef5928568b8092d412ef95611616376bbeed?s=96&d=mm&r=g\",\"contentUrl\":\"https:\\\/\\\/secure.gravatar.com\\\/avatar\\\/d4fe7459cfc51ff5129ce1a732bbef5928568b8092d412ef95611616376bbeed?s=96&d=mm&r=g\",\"caption\":\"f1000024\"},\"url\":\"https:\\\/\\\/cvinoticias.com\\\/v3\\\/author\\\/f1000024\\\/\"}]}<\/script>\n<!-- \/ Yoast SEO plugin. -->","yoast_head_json":{"title":"San Juan: Un nuevo sismo se sinti\u00f3 en la ma\u00f1ana de este miercoles de 3,4\u00ba en la escala y fue en la Ciudad Capital | CVI NOTICIAS","robots":{"index":"index","follow":"follow","max-snippet":"max-snippet:-1","max-image-preview":"max-image-preview:large","max-video-preview":"max-video-preview:-1"},"canonical":"https:\/\/cvinoticias.com\/v3\/san-juan-un-nuevo-sismo-se-sintio-en-la-manana-de-este-miercoles-de-34o-en-la-escala-y-fue-en-la-ciudad-capital\/","og_locale":"es_ES","og_type":"article","og_title":"San Juan: Un nuevo sismo se sinti\u00f3 en la ma\u00f1ana de este miercoles de 3,4\u00ba en la escala y fue en la Ciudad Capital | CVI NOTICIAS","og_description":"Segundos antes de las 10 de este mi\u00e9rcoles se sinti\u00f3 un nuevo sismo en San Juan. Pero esta vez, el movimiento no tuvo epicentro en Sarmiento, tal como el terremoto de Magnitud 6,4 del lunes por la noche y sus decenas de r\u00e9plicas subsiguientes,\u00a0sino en la Ciudad de San Juan. Seg\u00fan los datos del Instituto [&hellip;]","og_url":"https:\/\/cvinoticias.com\/v3\/san-juan-un-nuevo-sismo-se-sintio-en-la-manana-de-este-miercoles-de-34o-en-la-escala-y-fue-en-la-ciudad-capital\/","og_site_name":"CVI NOTICIAS","article_publisher":"https:\/\/www.facebook.com\/cvinoticias","article_published_time":"2021-01-20T14:36:50+00:00","og_image":[{"width":1024,"height":512,"url":"https:\/\/cvinoticias.com\/wp-content\/uploads\/2021\/01\/SISMO-EN-SAN-JUAN-sf-2.jpg","type":"image\/jpeg"}],"author":"f1000024","twitter_card":"summary_large_image","twitter_misc":{"Escrito por":"f1000024","Tiempo de lectura":"1 minuto"},"schema":{"@context":"https:\/\/schema.org","@graph":[{"@type":"Article","@id":"https:\/\/cvinoticias.com\/v3\/san-juan-un-nuevo-sismo-se-sintio-en-la-manana-de-este-miercoles-de-34o-en-la-escala-y-fue-en-la-ciudad-capital\/#article","isPartOf":{"@id":"https:\/\/cvinoticias.com\/v3\/san-juan-un-nuevo-sismo-se-sintio-en-la-manana-de-este-miercoles-de-34o-en-la-escala-y-fue-en-la-ciudad-capital\/"},"author":{"name":"f1000024","@id":"https:\/\/cvinoticias.com\/v3\/#\/schema\/person\/2db77e3c6bc03c538495d7b2b8be9b66"},"headline":"San Juan: Un nuevo sismo se sinti\u00f3 en la ma\u00f1ana de este miercoles de 3,4\u00ba en la escala y fue en la Ciudad Capital","datePublished":"2021-01-20T14:36:50+00:00","mainEntityOfPage":{"@id":"https:\/\/cvinoticias.com\/v3\/san-juan-un-nuevo-sismo-se-sintio-en-la-manana-de-este-miercoles-de-34o-en-la-escala-y-fue-en-la-ciudad-capital\/"},"wordCount":150,"commentCount":0,"publisher":{"@id":"https:\/\/cvinoticias.com\/v3\/#organization"},"image":{"@id":"https:\/\/cvinoticias.com\/v3\/san-juan-un-nuevo-sismo-se-sintio-en-la-manana-de-este-miercoles-de-34o-en-la-escala-y-fue-en-la-ciudad-capital\/#primaryimage"},"thumbnailUrl":"https:\/\/cvinoticias.com\/wp-content\/uploads\/2021\/01\/SISMO-EN-SAN-JUAN-sf-2.jpg","articleSection":["Informaci\u00f3n General"],"inLanguage":"es","potentialAction":[{"@type":"CommentAction","name":"Comment","target":["https:\/\/cvinoticias.com\/v3\/san-juan-un-nuevo-sismo-se-sintio-en-la-manana-de-este-miercoles-de-34o-en-la-escala-y-fue-en-la-ciudad-capital\/#respond"]}]},{"@type":"WebPage","@id":"https:\/\/cvinoticias.com\/v3\/san-juan-un-nuevo-sismo-se-sintio-en-la-manana-de-este-miercoles-de-34o-en-la-escala-y-fue-en-la-ciudad-capital\/","url":"https:\/\/cvinoticias.com\/v3\/san-juan-un-nuevo-sismo-se-sintio-en-la-manana-de-este-miercoles-de-34o-en-la-escala-y-fue-en-la-ciudad-capital\/","name":"San Juan: Un nuevo sismo se sinti\u00f3 en la ma\u00f1ana de este miercoles de 3,4\u00ba en la escala y fue en la Ciudad Capital | CVI NOTICIAS","isPartOf":{"@id":"https:\/\/cvinoticias.com\/v3\/#website"},"primaryImageOfPage":{"@id":"https:\/\/cvinoticias.com\/v3\/san-juan-un-nuevo-sismo-se-sintio-en-la-manana-de-este-miercoles-de-34o-en-la-escala-y-fue-en-la-ciudad-capital\/#primaryimage"},"image":{"@id":"https:\/\/cvinoticias.com\/v3\/san-juan-un-nuevo-sismo-se-sintio-en-la-manana-de-este-miercoles-de-34o-en-la-escala-y-fue-en-la-ciudad-capital\/#primaryimage"},"thumbnailUrl":"https:\/\/cvinoticias.com\/wp-content\/uploads\/2021\/01\/SISMO-EN-SAN-JUAN-sf-2.jpg","datePublished":"2021-01-20T14:36:50+00:00","breadcrumb":{"@id":"https:\/\/cvinoticias.com\/v3\/san-juan-un-nuevo-sismo-se-sintio-en-la-manana-de-este-miercoles-de-34o-en-la-escala-y-fue-en-la-ciudad-capital\/#breadcrumb"},"inLanguage":"es","potentialAction":[{"@type":"ReadAction","target":["https:\/\/cvinoticias.com\/v3\/san-juan-un-nuevo-sismo-se-sintio-en-la-manana-de-este-miercoles-de-34o-en-la-escala-y-fue-en-la-ciudad-capital\/"]}]},{"@type":"ImageObject","inLanguage":"es","@id":"https:\/\/cvinoticias.com\/v3\/san-juan-un-nuevo-sismo-se-sintio-en-la-manana-de-este-miercoles-de-34o-en-la-escala-y-fue-en-la-ciudad-capital\/#primaryimage","url":"https:\/\/cvinoticias.com\/wp-content\/uploads\/2021\/01\/SISMO-EN-SAN-JUAN-sf-2.jpg","contentUrl":"https:\/\/cvinoticias.com\/wp-content\/uploads\/2021\/01\/SISMO-EN-SAN-JUAN-sf-2.jpg","width":1024,"height":512},{"@type":"BreadcrumbList","@id":"https:\/\/cvinoticias.com\/v3\/san-juan-un-nuevo-sismo-se-sintio-en-la-manana-de-este-miercoles-de-34o-en-la-escala-y-fue-en-la-ciudad-capital\/#breadcrumb","itemListElement":[{"@type":"ListItem","position":1,"name":"Portada","item":"https:\/\/cvinoticias.com\/v3\/"},{"@type":"ListItem","position":2,"name":"San Juan: Un nuevo sismo se sinti\u00f3 en la ma\u00f1ana de este miercoles de 3,4\u00ba en la escala y fue en la Ciudad Capital"}]},{"@type":"WebSite","@id":"https:\/\/cvinoticias.com\/v3\/#website","url":"https:\/\/cvinoticias.com\/v3\/","name":"CVI NOTICIAS","description":"","publisher":{"@id":"https:\/\/cvinoticias.com\/v3\/#organization"},"alternateName":"CVI","potentialAction":[{"@type":"SearchAction","target":{"@type":"EntryPoint","urlTemplate":"https:\/\/cvinoticias.com\/v3\/?s={search_term_string}"},"query-input":{"@type":"PropertyValueSpecification","valueRequired":true,"valueName":"search_term_string"}}],"inLanguage":"es"},{"@type":"Organization","@id":"https:\/\/cvinoticias.com\/v3\/#organization","name":"CVI NOTICIAS","url":"https:\/\/cvinoticias.com\/v3\/","logo":{"@type":"ImageObject","inLanguage":"es","@id":"https:\/\/cvinoticias.com\/v3\/#\/schema\/logo\/image\/","url":"https:\/\/cvinoticias.com\/wp-content\/uploads\/2023\/04\/cropped-cropped-cropped-cropped-cropped-3-1.png","contentUrl":"https:\/\/cvinoticias.com\/wp-content\/uploads\/2023\/04\/cropped-cropped-cropped-cropped-cropped-3-1.png","width":95,"height":122,"caption":"CVI NOTICIAS"},"image":{"@id":"https:\/\/cvinoticias.com\/v3\/#\/schema\/logo\/image\/"},"sameAs":["https:\/\/www.facebook.com\/cvinoticias","https:\/\/www.instagram.com\/cvinoticias\/","https:\/\/www.youtube.com\/@CVINOTICIAS"]},{"@type":"Person","@id":"https:\/\/cvinoticias.com\/v3\/#\/schema\/person\/2db77e3c6bc03c538495d7b2b8be9b66","name":"f1000024","image":{"@type":"ImageObject","inLanguage":"es","@id":"https:\/\/secure.gravatar.com\/avatar\/d4fe7459cfc51ff5129ce1a732bbef5928568b8092d412ef95611616376bbeed?s=96&d=mm&r=g","url":"https:\/\/secure.gravatar.com\/avatar\/d4fe7459cfc51ff5129ce1a732bbef5928568b8092d412ef95611616376bbeed?s=96&d=mm&r=g","contentUrl":"https:\/\/secure.gravatar.com\/avatar\/d4fe7459cfc51ff5129ce1a732bbef5928568b8092d412ef95611616376bbeed?s=96&d=mm&r=g","caption":"f1000024"},"url":"https:\/\/cvinoticias.com\/v3\/author\/f1000024\/"}]}},"_links":{"self":[{"href":"https:\/\/cvinoticias.com\/v3\/wp-json\/wp\/v2\/posts\/1853","targetHints":{"allow":["GET"]}}],"collection":[{"href":"https:\/\/cvinoticias.com\/v3\/wp-json\/wp\/v2\/posts"}],"about":[{"href":"https:\/\/cvinoticias.com\/v3\/wp-json\/wp\/v2\/types\/post"}],"author":[{"embeddable":true,"href":"https:\/\/cvinoticias.com\/v3\/wp-json\/wp\/v2\/users\/2"}],"replies":[{"embeddable":true,"href":"https:\/\/cvinoticias.com\/v3\/wp-json\/wp\/v2\/comments?post=1853"}],"version-history":[{"count":1,"href":"https:\/\/cvinoticias.com\/v3\/wp-json\/wp\/v2\/posts\/1853\/revisions"}],"predecessor-version":[{"id":1855,"href":"https:\/\/cvinoticias.com\/v3\/wp-json\/wp\/v2\/posts\/1853\/revisions\/1855"}],"wp:featuredmedia":[{"embeddable":true,"href":"https:\/\/cvinoticias.com\/v3\/wp-json\/wp\/v2\/media\/1854"}],"wp:attachment":[{"href":"https:\/\/cvinoticias.com\/v3\/wp-json\/wp\/v2\/media?parent=1853"}],"wp:term":[{"taxonomy":"category","embeddable":true,"href":"https:\/\/cvinoticias.com\/v3\/wp-json\/wp\/v2\/categories?post=1853"},{"taxonomy":"post_tag","embeddable":true,"href":"https:\/\/cvinoticias.com\/v3\/wp-json\/wp\/v2\/tags?post=1853"}],"curies":[{"name":"wp","href":"https:\/\/api.w.org\/{rel}","templated":true}]}}