{"id":18527,"date":"2022-08-19T08:29:30","date_gmt":"2022-08-19T08:29:30","guid":{"rendered":"https:\/\/cvinoticias.com\/v3\/?p=18527"},"modified":"2022-08-19T08:29:30","modified_gmt":"2022-08-19T08:29:30","slug":"la-academia-de-negocios-de-silicon-misiones-inicio-el-ciclo-de-clases-magistrales","status":"publish","type":"post","link":"https:\/\/cvinoticias.com\/v3\/la-academia-de-negocios-de-silicon-misiones-inicio-el-ciclo-de-clases-magistrales\/","title":{"rendered":"La Academia de Negocios de Silicon Misiones inici\u00f3 el ciclo de Clases Magistrales"},"content":{"rendered":"\n<p><strong><em>Con la prestigiosa presencia del Ing. Fausto Garc\u00eda, International MBA Director de IAE Business School y el audit\u00f3rium TSM colmado, inici\u00f3 el ciclo de clases magistrales de la Escuela de Negocios, una iniciativa de formaci\u00f3n llevada adelante con el objetivo de potenciar la rentabilidad de las PyMEs Misioneras.<\/em><\/strong><\/p>\n\n\n\n<p>La primera clase magistral de la Academia de Negocios, a cargo del Ing. Fausto Garc\u00eda denominada \u201cLa experiencia de servicio como ventaja estrat\u00e9gica de una empresa\u201d fue un \u00e9xito. A sala repleta, el Ingeniero Fausto Garc\u00eda, que cuenta con una amplia trayectoria profesional y acad\u00e9mica reconocida tanto a nivel nacional como internacional, brind\u00f3 aproximaciones te\u00f3ricas sobre la importancia de concebir y entender el servicio al cliente como un agregado de valor, con todos los desaf\u00edos operativos y humanos que implica poner al cliente en el centro de la escena.<\/p>\n\n\n\n<p>\u201cLa experiencia de servicio necesita de coherencia para ser excelente. Generar experiencias y capturar el valor, es fundamental. En general las experiencias tienen bastante que ver con el aprendizaje y las emociones. Pero lo m\u00e1s importante tiene que ver con c\u00f3mo a mi empresa esto le puede servir y dar valor agregado\u201d, explic\u00f3 Garc\u00eda.<\/p>\n\n\n\n<p>En ese mismo sentido indic\u00f3: \u201cla experiencia te lleva a contarle a otro lo que viviste, eso genera el boca a boca y eso a su vez genera valor y el valor, en general, tiene dos componentes: el componente del producto base o servicio base y el servicio complementario, entonces, lo que tenemos que preguntarnos es c\u00f3mo con la experiencia de servicio podemos ser m\u00e1s competitivos y seguir agregando valor\u201d.<\/p>\n\n\n\n<p>La charla \u2013de lo m\u00e1s provechosa para las m\u00e1s de 200 personas que participaron\u2013 abord\u00f3 la experiencia de servicio desde una perspectiva integral. En esa l\u00ednea, otra de las aproximaciones destacadas que brind\u00f3 Garc\u00eda se da en el terreno de los servicios.<\/p>\n\n\n\n<p>\u201cLos servicios ofrecen una oportunidad de diferenciar ese producto agregando valor y eso le puede servir a cualquier empresario o emprendedor que maneje un servicio o negocio. Pero para poder llevarlo adelante, no s\u00f3lo es fundamental la innovaci\u00f3n, sino tambi\u00e9n, la capacitaci\u00f3n constante\u201d, asever\u00f3.<\/p>\n\n\n\n<p>Asimismo, explic\u00f3 que \u201cla experiencia es un proceso din\u00e1mico e interactivo que articula el conocimiento, la pr\u00e1ctica y el contexto. Y la experiencia como servicio es la capacidad de personalizar el servicio y adaptarlo al cliente\u201d.<\/p>\n\n\n\n<p><strong>\u00bfQu\u00e9 es la Academia de negocios de Silicon Misiones?<\/strong><\/p>\n\n\n\n<p>La Academia de Negocios de Silicon Misiones es un espacio presencial y virtual de ense\u00f1anza gratuita, que est\u00e1 relacionada con el sector profesional y empresarial. En el cual se priorizar\u00e1n tres pilares fundamentales:<br>\u2022 La formaci\u00f3n pr\u00e1ctica adquirida con profesionales con amplia trayectoria y experiencia.<br>\u2022 El intercambio de conocimiento y experiencia entre alumnos y profesores.<br>\u2022 La gesti\u00f3n de contenidos acad\u00e9micos y el asesoramiento de Silicon Misiones.<\/p>\n","protected":false},"excerpt":{"rendered":"<p>Con la prestigiosa presencia del Ing. Fausto Garc\u00eda, International MBA Director de IAE Business School y el audit\u00f3rium TSM colmado, inici\u00f3 el ciclo de clases magistrales de la Escuela de Negocios, una iniciativa de formaci\u00f3n llevada adelante con el objetivo de potenciar la rentabilidad de las PyMEs Misioneras. La primera clase magistral de la Academia [&hellip;]<\/p>\n","protected":false},"author":2,"featured_media":18528,"comment_status":"open","ping_status":"open","sticky":false,"template":"","format":"standard","meta":{"footnotes":""},"categories":[43],"tags":[],"class_list":["post-18527","post","type-post","status-publish","format-standard","has-post-thumbnail","hentry","category-provinciales"],"yoast_head":"<!-- This site is optimized with the Yoast SEO plugin v27.5 - https:\/\/yoast.com\/product\/yoast-seo-wordpress\/ -->\n<title>La Academia de Negocios de Silicon Misiones inici\u00f3 el ciclo de Clases Magistrales | CVI NOTICIAS<\/title>\n<meta name=\"robots\" content=\"index, follow, max-snippet:-1, max-image-preview:large, max-video-preview:-1\" \/>\n<link rel=\"canonical\" href=\"https:\/\/cvinoticias.com\/v3\/la-academia-de-negocios-de-silicon-misiones-inicio-el-ciclo-de-clases-magistrales\/\" \/>\n<meta property=\"og:locale\" content=\"es_ES\" \/>\n<meta property=\"og:type\" content=\"article\" \/>\n<meta property=\"og:title\" content=\"La Academia de Negocios de Silicon Misiones inici\u00f3 el ciclo de Clases Magistrales | CVI NOTICIAS\" \/>\n<meta property=\"og:description\" content=\"Con la prestigiosa presencia del Ing. Fausto Garc\u00eda, International MBA Director de IAE Business School y el audit\u00f3rium TSM colmado, inici\u00f3 el ciclo de clases magistrales de la Escuela de Negocios, una iniciativa de formaci\u00f3n llevada adelante con el objetivo de potenciar la rentabilidad de las PyMEs Misioneras. La primera clase magistral de la Academia [&hellip;]\" \/>\n<meta property=\"og:url\" content=\"https:\/\/cvinoticias.com\/v3\/la-academia-de-negocios-de-silicon-misiones-inicio-el-ciclo-de-clases-magistrales\/\" \/>\n<meta property=\"og:site_name\" content=\"CVI NOTICIAS\" \/>\n<meta property=\"article:publisher\" content=\"https:\/\/www.facebook.com\/cvinoticias\" \/>\n<meta property=\"article:published_time\" content=\"2022-08-19T08:29:30+00:00\" \/>\n<meta property=\"og:image\" content=\"https:\/\/cvinoticias.com\/wp-content\/uploads\/2022\/08\/Screenshot_20220819-052729_WhatsApp.jpg\" \/>\n\t<meta property=\"og:image:width\" content=\"1078\" \/>\n\t<meta property=\"og:image:height\" content=\"667\" \/>\n\t<meta property=\"og:image:type\" content=\"image\/jpeg\" \/>\n<meta name=\"author\" content=\"f1000024\" \/>\n<meta name=\"twitter:card\" content=\"summary_large_image\" \/>\n<meta name=\"twitter:label1\" content=\"Escrito por\" \/>\n\t<meta name=\"twitter:data1\" content=\"f1000024\" \/>\n\t<meta name=\"twitter:label2\" content=\"Tiempo de lectura\" \/>\n\t<meta name=\"twitter:data2\" content=\"2 minutos\" \/>\n<script type=\"application\/ld+json\" class=\"yoast-schema-graph\">{\"@context\":\"https:\\\/\\\/schema.org\",\"@graph\":[{\"@type\":\"Article\",\"@id\":\"https:\\\/\\\/cvinoticias.com\\\/v3\\\/la-academia-de-negocios-de-silicon-misiones-inicio-el-ciclo-de-clases-magistrales\\\/#article\",\"isPartOf\":{\"@id\":\"https:\\\/\\\/cvinoticias.com\\\/v3\\\/la-academia-de-negocios-de-silicon-misiones-inicio-el-ciclo-de-clases-magistrales\\\/\"},\"author\":{\"name\":\"f1000024\",\"@id\":\"https:\\\/\\\/cvinoticias.com\\\/v3\\\/#\\\/schema\\\/person\\\/2db77e3c6bc03c538495d7b2b8be9b66\"},\"headline\":\"La Academia de Negocios de Silicon Misiones inici\u00f3 el ciclo de Clases Magistrales\",\"datePublished\":\"2022-08-19T08:29:30+00:00\",\"mainEntityOfPage\":{\"@id\":\"https:\\\/\\\/cvinoticias.com\\\/v3\\\/la-academia-de-negocios-de-silicon-misiones-inicio-el-ciclo-de-clases-magistrales\\\/\"},\"wordCount\":499,\"commentCount\":0,\"publisher\":{\"@id\":\"https:\\\/\\\/cvinoticias.com\\\/v3\\\/#organization\"},\"image\":{\"@id\":\"https:\\\/\\\/cvinoticias.com\\\/v3\\\/la-academia-de-negocios-de-silicon-misiones-inicio-el-ciclo-de-clases-magistrales\\\/#primaryimage\"},\"thumbnailUrl\":\"https:\\\/\\\/cvinoticias.com\\\/wp-content\\\/uploads\\\/2022\\\/08\\\/Screenshot_20220819-052729_WhatsApp.jpg\",\"articleSection\":[\"Provinciales\"],\"inLanguage\":\"es\",\"potentialAction\":[{\"@type\":\"CommentAction\",\"name\":\"Comment\",\"target\":[\"https:\\\/\\\/cvinoticias.com\\\/v3\\\/la-academia-de-negocios-de-silicon-misiones-inicio-el-ciclo-de-clases-magistrales\\\/#respond\"]}]},{\"@type\":\"WebPage\",\"@id\":\"https:\\\/\\\/cvinoticias.com\\\/v3\\\/la-academia-de-negocios-de-silicon-misiones-inicio-el-ciclo-de-clases-magistrales\\\/\",\"url\":\"https:\\\/\\\/cvinoticias.com\\\/v3\\\/la-academia-de-negocios-de-silicon-misiones-inicio-el-ciclo-de-clases-magistrales\\\/\",\"name\":\"La Academia de Negocios de Silicon Misiones inici\u00f3 el ciclo de Clases Magistrales | CVI NOTICIAS\",\"isPartOf\":{\"@id\":\"https:\\\/\\\/cvinoticias.com\\\/v3\\\/#website\"},\"primaryImageOfPage\":{\"@id\":\"https:\\\/\\\/cvinoticias.com\\\/v3\\\/la-academia-de-negocios-de-silicon-misiones-inicio-el-ciclo-de-clases-magistrales\\\/#primaryimage\"},\"image\":{\"@id\":\"https:\\\/\\\/cvinoticias.com\\\/v3\\\/la-academia-de-negocios-de-silicon-misiones-inicio-el-ciclo-de-clases-magistrales\\\/#primaryimage\"},\"thumbnailUrl\":\"https:\\\/\\\/cvinoticias.com\\\/wp-content\\\/uploads\\\/2022\\\/08\\\/Screenshot_20220819-052729_WhatsApp.jpg\",\"datePublished\":\"2022-08-19T08:29:30+00:00\",\"breadcrumb\":{\"@id\":\"https:\\\/\\\/cvinoticias.com\\\/v3\\\/la-academia-de-negocios-de-silicon-misiones-inicio-el-ciclo-de-clases-magistrales\\\/#breadcrumb\"},\"inLanguage\":\"es\",\"potentialAction\":[{\"@type\":\"ReadAction\",\"target\":[\"https:\\\/\\\/cvinoticias.com\\\/v3\\\/la-academia-de-negocios-de-silicon-misiones-inicio-el-ciclo-de-clases-magistrales\\\/\"]}]},{\"@type\":\"ImageObject\",\"inLanguage\":\"es\",\"@id\":\"https:\\\/\\\/cvinoticias.com\\\/v3\\\/la-academia-de-negocios-de-silicon-misiones-inicio-el-ciclo-de-clases-magistrales\\\/#primaryimage\",\"url\":\"https:\\\/\\\/cvinoticias.com\\\/wp-content\\\/uploads\\\/2022\\\/08\\\/Screenshot_20220819-052729_WhatsApp.jpg\",\"contentUrl\":\"https:\\\/\\\/cvinoticias.com\\\/wp-content\\\/uploads\\\/2022\\\/08\\\/Screenshot_20220819-052729_WhatsApp.jpg\",\"width\":1078,\"height\":667},{\"@type\":\"BreadcrumbList\",\"@id\":\"https:\\\/\\\/cvinoticias.com\\\/v3\\\/la-academia-de-negocios-de-silicon-misiones-inicio-el-ciclo-de-clases-magistrales\\\/#breadcrumb\",\"itemListElement\":[{\"@type\":\"ListItem\",\"position\":1,\"name\":\"Portada\",\"item\":\"https:\\\/\\\/cvinoticias.com\\\/v3\\\/\"},{\"@type\":\"ListItem\",\"position\":2,\"name\":\"La Academia de Negocios de Silicon Misiones inici\u00f3 el ciclo de Clases Magistrales\"}]},{\"@type\":\"WebSite\",\"@id\":\"https:\\\/\\\/cvinoticias.com\\\/v3\\\/#website\",\"url\":\"https:\\\/\\\/cvinoticias.com\\\/v3\\\/\",\"name\":\"CVI NOTICIAS\",\"description\":\"\",\"publisher\":{\"@id\":\"https:\\\/\\\/cvinoticias.com\\\/v3\\\/#organization\"},\"alternateName\":\"CVI\",\"potentialAction\":[{\"@type\":\"SearchAction\",\"target\":{\"@type\":\"EntryPoint\",\"urlTemplate\":\"https:\\\/\\\/cvinoticias.com\\\/v3\\\/?s={search_term_string}\"},\"query-input\":{\"@type\":\"PropertyValueSpecification\",\"valueRequired\":true,\"valueName\":\"search_term_string\"}}],\"inLanguage\":\"es\"},{\"@type\":\"Organization\",\"@id\":\"https:\\\/\\\/cvinoticias.com\\\/v3\\\/#organization\",\"name\":\"CVI NOTICIAS\",\"url\":\"https:\\\/\\\/cvinoticias.com\\\/v3\\\/\",\"logo\":{\"@type\":\"ImageObject\",\"inLanguage\":\"es\",\"@id\":\"https:\\\/\\\/cvinoticias.com\\\/v3\\\/#\\\/schema\\\/logo\\\/image\\\/\",\"url\":\"https:\\\/\\\/cvinoticias.com\\\/wp-content\\\/uploads\\\/2023\\\/04\\\/cropped-cropped-cropped-cropped-cropped-3-1.png\",\"contentUrl\":\"https:\\\/\\\/cvinoticias.com\\\/wp-content\\\/uploads\\\/2023\\\/04\\\/cropped-cropped-cropped-cropped-cropped-3-1.png\",\"width\":95,\"height\":122,\"caption\":\"CVI NOTICIAS\"},\"image\":{\"@id\":\"https:\\\/\\\/cvinoticias.com\\\/v3\\\/#\\\/schema\\\/logo\\\/image\\\/\"},\"sameAs\":[\"https:\\\/\\\/www.facebook.com\\\/cvinoticias\",\"https:\\\/\\\/www.instagram.com\\\/cvinoticias\\\/\",\"https:\\\/\\\/www.youtube.com\\\/@CVINOTICIAS\"]},{\"@type\":\"Person\",\"@id\":\"https:\\\/\\\/cvinoticias.com\\\/v3\\\/#\\\/schema\\\/person\\\/2db77e3c6bc03c538495d7b2b8be9b66\",\"name\":\"f1000024\",\"image\":{\"@type\":\"ImageObject\",\"inLanguage\":\"es\",\"@id\":\"https:\\\/\\\/secure.gravatar.com\\\/avatar\\\/d4fe7459cfc51ff5129ce1a732bbef5928568b8092d412ef95611616376bbeed?s=96&d=mm&r=g\",\"url\":\"https:\\\/\\\/secure.gravatar.com\\\/avatar\\\/d4fe7459cfc51ff5129ce1a732bbef5928568b8092d412ef95611616376bbeed?s=96&d=mm&r=g\",\"contentUrl\":\"https:\\\/\\\/secure.gravatar.com\\\/avatar\\\/d4fe7459cfc51ff5129ce1a732bbef5928568b8092d412ef95611616376bbeed?s=96&d=mm&r=g\",\"caption\":\"f1000024\"},\"url\":\"https:\\\/\\\/cvinoticias.com\\\/v3\\\/author\\\/f1000024\\\/\"}]}<\/script>\n<!-- \/ Yoast SEO plugin. -->","yoast_head_json":{"title":"La Academia de Negocios de Silicon Misiones inici\u00f3 el ciclo de Clases Magistrales | CVI NOTICIAS","robots":{"index":"index","follow":"follow","max-snippet":"max-snippet:-1","max-image-preview":"max-image-preview:large","max-video-preview":"max-video-preview:-1"},"canonical":"https:\/\/cvinoticias.com\/v3\/la-academia-de-negocios-de-silicon-misiones-inicio-el-ciclo-de-clases-magistrales\/","og_locale":"es_ES","og_type":"article","og_title":"La Academia de Negocios de Silicon Misiones inici\u00f3 el ciclo de Clases Magistrales | CVI NOTICIAS","og_description":"Con la prestigiosa presencia del Ing. Fausto Garc\u00eda, International MBA Director de IAE Business School y el audit\u00f3rium TSM colmado, inici\u00f3 el ciclo de clases magistrales de la Escuela de Negocios, una iniciativa de formaci\u00f3n llevada adelante con el objetivo de potenciar la rentabilidad de las PyMEs Misioneras. La primera clase magistral de la Academia [&hellip;]","og_url":"https:\/\/cvinoticias.com\/v3\/la-academia-de-negocios-de-silicon-misiones-inicio-el-ciclo-de-clases-magistrales\/","og_site_name":"CVI NOTICIAS","article_publisher":"https:\/\/www.facebook.com\/cvinoticias","article_published_time":"2022-08-19T08:29:30+00:00","og_image":[{"width":1078,"height":667,"url":"https:\/\/cvinoticias.com\/wp-content\/uploads\/2022\/08\/Screenshot_20220819-052729_WhatsApp.jpg","type":"image\/jpeg"}],"author":"f1000024","twitter_card":"summary_large_image","twitter_misc":{"Escrito por":"f1000024","Tiempo de lectura":"2 minutos"},"schema":{"@context":"https:\/\/schema.org","@graph":[{"@type":"Article","@id":"https:\/\/cvinoticias.com\/v3\/la-academia-de-negocios-de-silicon-misiones-inicio-el-ciclo-de-clases-magistrales\/#article","isPartOf":{"@id":"https:\/\/cvinoticias.com\/v3\/la-academia-de-negocios-de-silicon-misiones-inicio-el-ciclo-de-clases-magistrales\/"},"author":{"name":"f1000024","@id":"https:\/\/cvinoticias.com\/v3\/#\/schema\/person\/2db77e3c6bc03c538495d7b2b8be9b66"},"headline":"La Academia de Negocios de Silicon Misiones inici\u00f3 el ciclo de Clases Magistrales","datePublished":"2022-08-19T08:29:30+00:00","mainEntityOfPage":{"@id":"https:\/\/cvinoticias.com\/v3\/la-academia-de-negocios-de-silicon-misiones-inicio-el-ciclo-de-clases-magistrales\/"},"wordCount":499,"commentCount":0,"publisher":{"@id":"https:\/\/cvinoticias.com\/v3\/#organization"},"image":{"@id":"https:\/\/cvinoticias.com\/v3\/la-academia-de-negocios-de-silicon-misiones-inicio-el-ciclo-de-clases-magistrales\/#primaryimage"},"thumbnailUrl":"https:\/\/cvinoticias.com\/wp-content\/uploads\/2022\/08\/Screenshot_20220819-052729_WhatsApp.jpg","articleSection":["Provinciales"],"inLanguage":"es","potentialAction":[{"@type":"CommentAction","name":"Comment","target":["https:\/\/cvinoticias.com\/v3\/la-academia-de-negocios-de-silicon-misiones-inicio-el-ciclo-de-clases-magistrales\/#respond"]}]},{"@type":"WebPage","@id":"https:\/\/cvinoticias.com\/v3\/la-academia-de-negocios-de-silicon-misiones-inicio-el-ciclo-de-clases-magistrales\/","url":"https:\/\/cvinoticias.com\/v3\/la-academia-de-negocios-de-silicon-misiones-inicio-el-ciclo-de-clases-magistrales\/","name":"La Academia de Negocios de Silicon Misiones inici\u00f3 el ciclo de Clases Magistrales | CVI NOTICIAS","isPartOf":{"@id":"https:\/\/cvinoticias.com\/v3\/#website"},"primaryImageOfPage":{"@id":"https:\/\/cvinoticias.com\/v3\/la-academia-de-negocios-de-silicon-misiones-inicio-el-ciclo-de-clases-magistrales\/#primaryimage"},"image":{"@id":"https:\/\/cvinoticias.com\/v3\/la-academia-de-negocios-de-silicon-misiones-inicio-el-ciclo-de-clases-magistrales\/#primaryimage"},"thumbnailUrl":"https:\/\/cvinoticias.com\/wp-content\/uploads\/2022\/08\/Screenshot_20220819-052729_WhatsApp.jpg","datePublished":"2022-08-19T08:29:30+00:00","breadcrumb":{"@id":"https:\/\/cvinoticias.com\/v3\/la-academia-de-negocios-de-silicon-misiones-inicio-el-ciclo-de-clases-magistrales\/#breadcrumb"},"inLanguage":"es","potentialAction":[{"@type":"ReadAction","target":["https:\/\/cvinoticias.com\/v3\/la-academia-de-negocios-de-silicon-misiones-inicio-el-ciclo-de-clases-magistrales\/"]}]},{"@type":"ImageObject","inLanguage":"es","@id":"https:\/\/cvinoticias.com\/v3\/la-academia-de-negocios-de-silicon-misiones-inicio-el-ciclo-de-clases-magistrales\/#primaryimage","url":"https:\/\/cvinoticias.com\/wp-content\/uploads\/2022\/08\/Screenshot_20220819-052729_WhatsApp.jpg","contentUrl":"https:\/\/cvinoticias.com\/wp-content\/uploads\/2022\/08\/Screenshot_20220819-052729_WhatsApp.jpg","width":1078,"height":667},{"@type":"BreadcrumbList","@id":"https:\/\/cvinoticias.com\/v3\/la-academia-de-negocios-de-silicon-misiones-inicio-el-ciclo-de-clases-magistrales\/#breadcrumb","itemListElement":[{"@type":"ListItem","position":1,"name":"Portada","item":"https:\/\/cvinoticias.com\/v3\/"},{"@type":"ListItem","position":2,"name":"La Academia de Negocios de Silicon Misiones inici\u00f3 el ciclo de Clases Magistrales"}]},{"@type":"WebSite","@id":"https:\/\/cvinoticias.com\/v3\/#website","url":"https:\/\/cvinoticias.com\/v3\/","name":"CVI NOTICIAS","description":"","publisher":{"@id":"https:\/\/cvinoticias.com\/v3\/#organization"},"alternateName":"CVI","potentialAction":[{"@type":"SearchAction","target":{"@type":"EntryPoint","urlTemplate":"https:\/\/cvinoticias.com\/v3\/?s={search_term_string}"},"query-input":{"@type":"PropertyValueSpecification","valueRequired":true,"valueName":"search_term_string"}}],"inLanguage":"es"},{"@type":"Organization","@id":"https:\/\/cvinoticias.com\/v3\/#organization","name":"CVI NOTICIAS","url":"https:\/\/cvinoticias.com\/v3\/","logo":{"@type":"ImageObject","inLanguage":"es","@id":"https:\/\/cvinoticias.com\/v3\/#\/schema\/logo\/image\/","url":"https:\/\/cvinoticias.com\/wp-content\/uploads\/2023\/04\/cropped-cropped-cropped-cropped-cropped-3-1.png","contentUrl":"https:\/\/cvinoticias.com\/wp-content\/uploads\/2023\/04\/cropped-cropped-cropped-cropped-cropped-3-1.png","width":95,"height":122,"caption":"CVI NOTICIAS"},"image":{"@id":"https:\/\/cvinoticias.com\/v3\/#\/schema\/logo\/image\/"},"sameAs":["https:\/\/www.facebook.com\/cvinoticias","https:\/\/www.instagram.com\/cvinoticias\/","https:\/\/www.youtube.com\/@CVINOTICIAS"]},{"@type":"Person","@id":"https:\/\/cvinoticias.com\/v3\/#\/schema\/person\/2db77e3c6bc03c538495d7b2b8be9b66","name":"f1000024","image":{"@type":"ImageObject","inLanguage":"es","@id":"https:\/\/secure.gravatar.com\/avatar\/d4fe7459cfc51ff5129ce1a732bbef5928568b8092d412ef95611616376bbeed?s=96&d=mm&r=g","url":"https:\/\/secure.gravatar.com\/avatar\/d4fe7459cfc51ff5129ce1a732bbef5928568b8092d412ef95611616376bbeed?s=96&d=mm&r=g","contentUrl":"https:\/\/secure.gravatar.com\/avatar\/d4fe7459cfc51ff5129ce1a732bbef5928568b8092d412ef95611616376bbeed?s=96&d=mm&r=g","caption":"f1000024"},"url":"https:\/\/cvinoticias.com\/v3\/author\/f1000024\/"}]}},"_links":{"self":[{"href":"https:\/\/cvinoticias.com\/v3\/wp-json\/wp\/v2\/posts\/18527","targetHints":{"allow":["GET"]}}],"collection":[{"href":"https:\/\/cvinoticias.com\/v3\/wp-json\/wp\/v2\/posts"}],"about":[{"href":"https:\/\/cvinoticias.com\/v3\/wp-json\/wp\/v2\/types\/post"}],"author":[{"embeddable":true,"href":"https:\/\/cvinoticias.com\/v3\/wp-json\/wp\/v2\/users\/2"}],"replies":[{"embeddable":true,"href":"https:\/\/cvinoticias.com\/v3\/wp-json\/wp\/v2\/comments?post=18527"}],"version-history":[{"count":1,"href":"https:\/\/cvinoticias.com\/v3\/wp-json\/wp\/v2\/posts\/18527\/revisions"}],"predecessor-version":[{"id":18529,"href":"https:\/\/cvinoticias.com\/v3\/wp-json\/wp\/v2\/posts\/18527\/revisions\/18529"}],"wp:featuredmedia":[{"embeddable":true,"href":"https:\/\/cvinoticias.com\/v3\/wp-json\/wp\/v2\/media\/18528"}],"wp:attachment":[{"href":"https:\/\/cvinoticias.com\/v3\/wp-json\/wp\/v2\/media?parent=18527"}],"wp:term":[{"taxonomy":"category","embeddable":true,"href":"https:\/\/cvinoticias.com\/v3\/wp-json\/wp\/v2\/categories?post=18527"},{"taxonomy":"post_tag","embeddable":true,"href":"https:\/\/cvinoticias.com\/v3\/wp-json\/wp\/v2\/tags?post=18527"}],"curies":[{"name":"wp","href":"https:\/\/api.w.org\/{rel}","templated":true}]}}