{"id":18475,"date":"2022-08-16T20:00:59","date_gmt":"2022-08-16T20:00:59","guid":{"rendered":"https:\/\/cvinoticias.com\/v3\/?p=18475"},"modified":"2022-08-16T20:00:59","modified_gmt":"2022-08-16T20:00:59","slug":"silicon-misiones-inicia-el-ciclo-de-clases-magistrales-de-la-escuela-de-negocios","status":"publish","type":"post","link":"https:\/\/cvinoticias.com\/v3\/silicon-misiones-inicia-el-ciclo-de-clases-magistrales-de-la-escuela-de-negocios\/","title":{"rendered":"Silicon Misiones inicia el ciclo de Clases Magistrales de la Escuela de Negocios"},"content":{"rendered":"\n<p><em><strong>Ser\u00e1 el pr\u00f3ximo jueves 18 de agosto a partir de las 18hs en el auditorio Tierra Sin Mal y contar\u00e1 con la presencia de Fausto Garc\u00eda, International MBA Director de IAE Business School.<\/strong><\/em><\/p>\n\n\n\n<p>Convocado por Silicon Misiones para abrir el ciclo de clases magistrales de la Escuela de Negocios, llega a Posadas Fausto Garc\u00eda, Ingeniero egresado de la Universidad de Buenos Aires, MBA en la Universidad Austral y Ph. D. en el Polit\u00e9cnico de Mil\u00e1n.<\/p>\n\n\n\n<p>Con una amplia trayectoria profesional y acad\u00e9mica reconocida a nivel internacional, la Clase Magistral, gratuita y con inscripci\u00f3n previa, se denomina \u201cLa experiencia de servicio como ventaja estrat\u00e9gica de una empresa\u201d. La misma tendr\u00e1 lugar este jueves 18 de agosto a las 18:00hs en el Auditorio TSM de la Ex Estaci\u00f3n de Trenes, localizado en el Cuatro Tramo de la Costanera de Posadas.<\/p>\n\n\n\n<p>Esta clase magistral de Silicon Misiones est\u00e1 focalizada en la importancia de concebir y entender el servicio al cliente como un agregado de valor, con todos los desaf\u00edos operativos y humanos que ello implica para poner a ese cliente en el centro, lo cual le brinda a la empresa una ventaja estrat\u00e9gica dif\u00edcil de copiar.<br>Para participar de la clase magistral, los interesados deber\u00e1n inscribirse en el siguiente link: https:\/\/bit.ly\/3AijKaI<\/p>\n\n\n\n<figure class=\"wp-block-image size-large\"><a href=\"https:\/\/cvinoticias.com\/wp-content\/uploads\/2022\/08\/IMG-20220816-WA0123.jpg\"><img decoding=\"async\" width=\"1024\" height=\"1024\" data-src=\"https:\/\/cvinoticias.com\/wp-content\/uploads\/2022\/08\/IMG-20220816-WA0123-1024x1024.jpg\" alt=\"\" class=\"wp-image-18477 lazyload\" data-srcset=\"https:\/\/cvinoticias.com\/wp-content\/uploads\/2022\/08\/IMG-20220816-WA0123-1024x1024.jpg 1024w, https:\/\/cvinoticias.com\/wp-content\/uploads\/2022\/08\/IMG-20220816-WA0123-300x300.jpg 300w, https:\/\/cvinoticias.com\/wp-content\/uploads\/2022\/08\/IMG-20220816-WA0123-150x150.jpg 150w, https:\/\/cvinoticias.com\/wp-content\/uploads\/2022\/08\/IMG-20220816-WA0123-768x768.jpg 768w, https:\/\/cvinoticias.com\/wp-content\/uploads\/2022\/08\/IMG-20220816-WA0123.jpg 1080w\" data-sizes=\"(max-width: 1024px) 100vw, 1024px\" src=\"data:image\/svg+xml;base64,PHN2ZyB3aWR0aD0iMSIgaGVpZ2h0PSIxIiB4bWxucz0iaHR0cDovL3d3dy53My5vcmcvMjAwMC9zdmciPjwvc3ZnPg==\" style=\"--smush-placeholder-width: 1024px; --smush-placeholder-aspect-ratio: 1024\/1024;\" \/><\/a><\/figure>\n\n\n\n<p><strong>\u00bfQu\u00e9 es la escuela de negocios?<\/strong><\/p>\n\n\n\n<p>La Escuela de Negocios de Silicon Misiones es un espacio presencial y virtual de ense\u00f1anza gratuita, que est\u00e1 relacionada con el sector profesional y empresarial. En el cual se priorizar\u00e1n tres pilares fundamentales:<\/p>\n\n\n\n<p>\u2022 La formaci\u00f3n pr\u00e1ctica adquirida con profesionales con amplia trayectoria y experiencia.<br>\u2022 El intercambio de conocimiento y experiencia entre alumnos y profesores.<br>\u2022 La gesti\u00f3n de contenidos acad\u00e9micos y el asesoramiento de Silicon Misiones.<\/p>\n\n\n\n<p>Respecto a la primera clase de este ciclo, la Subsecretaria de Silicon Misiones Siomara Vitto, celebr\u00f3 la iniciativa, en ese sentido manifest\u00f3: \u201cEstamos trabajando fuertemente en distintas \u00e1reas y de manera simult\u00e1nea con diferentes p\u00fablicos destinatarios, porque el impulso que necesitamos para avanzar hacia la Econom\u00eda del Conocimiento as\u00ed lo exige\u201d.<\/p>\n\n\n\n<p>\u201cEn esta ocasi\u00f3n, estamos haciendo un aporte de alt\u00edsimo valor a nuestros empresarios, profesionales, emprendedores y al sector acad\u00e9mico de Misiones, convocando a Fausto Garc\u00eda para que brinde la primera de una serie de clases magistrales con las que vamos a capacitarnos y a ampliar nuestro enfoque de una realidad tan velozmente cambiante como la de hoy\u201d, agreg\u00f3 Vitto.<\/p>\n\n\n\n<p>Asimismo invit\u00f3 a la sociedad a participar de este encuentro: \u201cLos invitamos a que nos acompa\u00f1en en este encuentro de aprendizaje y reflexi\u00f3n con un profesional de la talla de Fausto Garcia, con una trayectoria riqu\u00edsima y muchas experiencias para compartir\u201d afirm\u00f3.<\/p>\n\n\n\n<p>Por su parte, el diputado provincial Lucas Romero Spinelli evalu\u00f3 la clase magistral de este jueves como un important\u00edsimo salto de calidad en las actividades de Silicon Misiones.<\/p>\n\n\n\n<p>\u201cEsto era lo que pretend\u00edamos desde el mismo momento en el que pensamos crear la Escuela de Negocios: ampliar capacidades y conocimientos que acompa\u00f1en, complementen y enriquezcan todo el aprendizaje tecnol\u00f3gico y disruptivo que se hace en Silicon Misiones.<\/p>\n\n\n\n<p>Queremos dotar a quienes se est\u00e1n formando, pero tambi\u00e9n a quienes ya tienen en marcha sus empresas, la posibilidad de ampliar el horizonte con nuevas estrategias y nuevas formas de apreciar la realidad, para tomar m\u00e1s y mejores decisiones con el fin de obtener un mejor desarrollo humano y una mayor productividad\u201d.<\/p>\n\n\n\n<figure class=\"wp-block-image size-large\"><a href=\"https:\/\/cvinoticias.com\/wp-content\/uploads\/2022\/08\/IMG-20220816-WA0124.jpg\"><img decoding=\"async\" width=\"1024\" height=\"1024\" data-src=\"https:\/\/cvinoticias.com\/wp-content\/uploads\/2022\/08\/IMG-20220816-WA0124-1024x1024.jpg\" alt=\"\" class=\"wp-image-18478 lazyload\" data-srcset=\"https:\/\/cvinoticias.com\/wp-content\/uploads\/2022\/08\/IMG-20220816-WA0124-1024x1024.jpg 1024w, https:\/\/cvinoticias.com\/wp-content\/uploads\/2022\/08\/IMG-20220816-WA0124-300x300.jpg 300w, https:\/\/cvinoticias.com\/wp-content\/uploads\/2022\/08\/IMG-20220816-WA0124-150x150.jpg 150w, https:\/\/cvinoticias.com\/wp-content\/uploads\/2022\/08\/IMG-20220816-WA0124-768x768.jpg 768w, https:\/\/cvinoticias.com\/wp-content\/uploads\/2022\/08\/IMG-20220816-WA0124.jpg 1080w\" data-sizes=\"(max-width: 1024px) 100vw, 1024px\" src=\"data:image\/svg+xml;base64,PHN2ZyB3aWR0aD0iMSIgaGVpZ2h0PSIxIiB4bWxucz0iaHR0cDovL3d3dy53My5vcmcvMjAwMC9zdmciPjwvc3ZnPg==\" style=\"--smush-placeholder-width: 1024px; --smush-placeholder-aspect-ratio: 1024\/1024;\" \/><\/a><\/figure>\n","protected":false},"excerpt":{"rendered":"<p>Ser\u00e1 el pr\u00f3ximo jueves 18 de agosto a partir de las 18hs en el auditorio Tierra Sin Mal y contar\u00e1 con la presencia de Fausto Garc\u00eda, International MBA Director de IAE Business School. Convocado por Silicon Misiones para abrir el ciclo de clases magistrales de la Escuela de Negocios, llega a Posadas Fausto Garc\u00eda, Ingeniero [&hellip;]<\/p>\n","protected":false},"author":2,"featured_media":18476,"comment_status":"open","ping_status":"open","sticky":false,"template":"","format":"standard","meta":{"footnotes":""},"categories":[43],"tags":[],"class_list":["post-18475","post","type-post","status-publish","format-standard","has-post-thumbnail","hentry","category-provinciales"],"yoast_head":"<!-- This site is optimized with the Yoast SEO plugin v27.5 - https:\/\/yoast.com\/product\/yoast-seo-wordpress\/ -->\n<title>Silicon Misiones inicia el ciclo de Clases Magistrales de la Escuela de Negocios | CVI NOTICIAS<\/title>\n<meta name=\"robots\" content=\"index, follow, max-snippet:-1, max-image-preview:large, max-video-preview:-1\" \/>\n<link rel=\"canonical\" href=\"https:\/\/cvinoticias.com\/v3\/silicon-misiones-inicia-el-ciclo-de-clases-magistrales-de-la-escuela-de-negocios\/\" \/>\n<meta property=\"og:locale\" content=\"es_ES\" \/>\n<meta property=\"og:type\" content=\"article\" \/>\n<meta property=\"og:title\" content=\"Silicon Misiones inicia el ciclo de Clases Magistrales de la Escuela de Negocios | CVI NOTICIAS\" \/>\n<meta property=\"og:description\" content=\"Ser\u00e1 el pr\u00f3ximo jueves 18 de agosto a partir de las 18hs en el auditorio Tierra Sin Mal y contar\u00e1 con la presencia de Fausto Garc\u00eda, International MBA Director de IAE Business School. Convocado por Silicon Misiones para abrir el ciclo de clases magistrales de la Escuela de Negocios, llega a Posadas Fausto Garc\u00eda, Ingeniero [&hellip;]\" \/>\n<meta property=\"og:url\" content=\"https:\/\/cvinoticias.com\/v3\/silicon-misiones-inicia-el-ciclo-de-clases-magistrales-de-la-escuela-de-negocios\/\" \/>\n<meta property=\"og:site_name\" content=\"CVI NOTICIAS\" \/>\n<meta property=\"article:publisher\" content=\"https:\/\/www.facebook.com\/cvinoticias\" \/>\n<meta property=\"article:published_time\" content=\"2022-08-16T20:00:59+00:00\" \/>\n<meta property=\"og:image\" content=\"https:\/\/cvinoticias.com\/wp-content\/uploads\/2022\/08\/IMG-20220816-WA0122.jpg\" \/>\n\t<meta property=\"og:image:width\" content=\"1200\" \/>\n\t<meta property=\"og:image:height\" content=\"718\" \/>\n\t<meta property=\"og:image:type\" content=\"image\/jpeg\" \/>\n<meta name=\"author\" content=\"f1000024\" \/>\n<meta name=\"twitter:card\" content=\"summary_large_image\" \/>\n<meta name=\"twitter:label1\" content=\"Escrito por\" \/>\n\t<meta name=\"twitter:data1\" content=\"f1000024\" \/>\n\t<meta name=\"twitter:label2\" content=\"Tiempo de lectura\" \/>\n\t<meta name=\"twitter:data2\" content=\"3 minutos\" \/>\n<script type=\"application\/ld+json\" class=\"yoast-schema-graph\">{\"@context\":\"https:\\\/\\\/schema.org\",\"@graph\":[{\"@type\":\"Article\",\"@id\":\"https:\\\/\\\/cvinoticias.com\\\/v3\\\/silicon-misiones-inicia-el-ciclo-de-clases-magistrales-de-la-escuela-de-negocios\\\/#article\",\"isPartOf\":{\"@id\":\"https:\\\/\\\/cvinoticias.com\\\/v3\\\/silicon-misiones-inicia-el-ciclo-de-clases-magistrales-de-la-escuela-de-negocios\\\/\"},\"author\":{\"name\":\"f1000024\",\"@id\":\"https:\\\/\\\/cvinoticias.com\\\/v3\\\/#\\\/schema\\\/person\\\/2db77e3c6bc03c538495d7b2b8be9b66\"},\"headline\":\"Silicon Misiones inicia el ciclo de Clases Magistrales de la Escuela de Negocios\",\"datePublished\":\"2022-08-16T20:00:59+00:00\",\"mainEntityOfPage\":{\"@id\":\"https:\\\/\\\/cvinoticias.com\\\/v3\\\/silicon-misiones-inicia-el-ciclo-de-clases-magistrales-de-la-escuela-de-negocios\\\/\"},\"wordCount\":600,\"commentCount\":0,\"publisher\":{\"@id\":\"https:\\\/\\\/cvinoticias.com\\\/v3\\\/#organization\"},\"image\":{\"@id\":\"https:\\\/\\\/cvinoticias.com\\\/v3\\\/silicon-misiones-inicia-el-ciclo-de-clases-magistrales-de-la-escuela-de-negocios\\\/#primaryimage\"},\"thumbnailUrl\":\"https:\\\/\\\/cvinoticias.com\\\/wp-content\\\/uploads\\\/2022\\\/08\\\/IMG-20220816-WA0122.jpg\",\"articleSection\":[\"Provinciales\"],\"inLanguage\":\"es\",\"potentialAction\":[{\"@type\":\"CommentAction\",\"name\":\"Comment\",\"target\":[\"https:\\\/\\\/cvinoticias.com\\\/v3\\\/silicon-misiones-inicia-el-ciclo-de-clases-magistrales-de-la-escuela-de-negocios\\\/#respond\"]}]},{\"@type\":\"WebPage\",\"@id\":\"https:\\\/\\\/cvinoticias.com\\\/v3\\\/silicon-misiones-inicia-el-ciclo-de-clases-magistrales-de-la-escuela-de-negocios\\\/\",\"url\":\"https:\\\/\\\/cvinoticias.com\\\/v3\\\/silicon-misiones-inicia-el-ciclo-de-clases-magistrales-de-la-escuela-de-negocios\\\/\",\"name\":\"Silicon Misiones inicia el ciclo de Clases Magistrales de la Escuela de Negocios | CVI NOTICIAS\",\"isPartOf\":{\"@id\":\"https:\\\/\\\/cvinoticias.com\\\/v3\\\/#website\"},\"primaryImageOfPage\":{\"@id\":\"https:\\\/\\\/cvinoticias.com\\\/v3\\\/silicon-misiones-inicia-el-ciclo-de-clases-magistrales-de-la-escuela-de-negocios\\\/#primaryimage\"},\"image\":{\"@id\":\"https:\\\/\\\/cvinoticias.com\\\/v3\\\/silicon-misiones-inicia-el-ciclo-de-clases-magistrales-de-la-escuela-de-negocios\\\/#primaryimage\"},\"thumbnailUrl\":\"https:\\\/\\\/cvinoticias.com\\\/wp-content\\\/uploads\\\/2022\\\/08\\\/IMG-20220816-WA0122.jpg\",\"datePublished\":\"2022-08-16T20:00:59+00:00\",\"breadcrumb\":{\"@id\":\"https:\\\/\\\/cvinoticias.com\\\/v3\\\/silicon-misiones-inicia-el-ciclo-de-clases-magistrales-de-la-escuela-de-negocios\\\/#breadcrumb\"},\"inLanguage\":\"es\",\"potentialAction\":[{\"@type\":\"ReadAction\",\"target\":[\"https:\\\/\\\/cvinoticias.com\\\/v3\\\/silicon-misiones-inicia-el-ciclo-de-clases-magistrales-de-la-escuela-de-negocios\\\/\"]}]},{\"@type\":\"ImageObject\",\"inLanguage\":\"es\",\"@id\":\"https:\\\/\\\/cvinoticias.com\\\/v3\\\/silicon-misiones-inicia-el-ciclo-de-clases-magistrales-de-la-escuela-de-negocios\\\/#primaryimage\",\"url\":\"https:\\\/\\\/cvinoticias.com\\\/wp-content\\\/uploads\\\/2022\\\/08\\\/IMG-20220816-WA0122.jpg\",\"contentUrl\":\"https:\\\/\\\/cvinoticias.com\\\/wp-content\\\/uploads\\\/2022\\\/08\\\/IMG-20220816-WA0122.jpg\",\"width\":1200,\"height\":718},{\"@type\":\"BreadcrumbList\",\"@id\":\"https:\\\/\\\/cvinoticias.com\\\/v3\\\/silicon-misiones-inicia-el-ciclo-de-clases-magistrales-de-la-escuela-de-negocios\\\/#breadcrumb\",\"itemListElement\":[{\"@type\":\"ListItem\",\"position\":1,\"name\":\"Portada\",\"item\":\"https:\\\/\\\/cvinoticias.com\\\/v3\\\/\"},{\"@type\":\"ListItem\",\"position\":2,\"name\":\"Silicon Misiones inicia el ciclo de Clases Magistrales de la Escuela de Negocios\"}]},{\"@type\":\"WebSite\",\"@id\":\"https:\\\/\\\/cvinoticias.com\\\/v3\\\/#website\",\"url\":\"https:\\\/\\\/cvinoticias.com\\\/v3\\\/\",\"name\":\"CVI NOTICIAS\",\"description\":\"\",\"publisher\":{\"@id\":\"https:\\\/\\\/cvinoticias.com\\\/v3\\\/#organization\"},\"alternateName\":\"CVI\",\"potentialAction\":[{\"@type\":\"SearchAction\",\"target\":{\"@type\":\"EntryPoint\",\"urlTemplate\":\"https:\\\/\\\/cvinoticias.com\\\/v3\\\/?s={search_term_string}\"},\"query-input\":{\"@type\":\"PropertyValueSpecification\",\"valueRequired\":true,\"valueName\":\"search_term_string\"}}],\"inLanguage\":\"es\"},{\"@type\":\"Organization\",\"@id\":\"https:\\\/\\\/cvinoticias.com\\\/v3\\\/#organization\",\"name\":\"CVI NOTICIAS\",\"url\":\"https:\\\/\\\/cvinoticias.com\\\/v3\\\/\",\"logo\":{\"@type\":\"ImageObject\",\"inLanguage\":\"es\",\"@id\":\"https:\\\/\\\/cvinoticias.com\\\/v3\\\/#\\\/schema\\\/logo\\\/image\\\/\",\"url\":\"https:\\\/\\\/cvinoticias.com\\\/wp-content\\\/uploads\\\/2023\\\/04\\\/cropped-cropped-cropped-cropped-cropped-3-1.png\",\"contentUrl\":\"https:\\\/\\\/cvinoticias.com\\\/wp-content\\\/uploads\\\/2023\\\/04\\\/cropped-cropped-cropped-cropped-cropped-3-1.png\",\"width\":95,\"height\":122,\"caption\":\"CVI NOTICIAS\"},\"image\":{\"@id\":\"https:\\\/\\\/cvinoticias.com\\\/v3\\\/#\\\/schema\\\/logo\\\/image\\\/\"},\"sameAs\":[\"https:\\\/\\\/www.facebook.com\\\/cvinoticias\",\"https:\\\/\\\/www.instagram.com\\\/cvinoticias\\\/\",\"https:\\\/\\\/www.youtube.com\\\/@CVINOTICIAS\"]},{\"@type\":\"Person\",\"@id\":\"https:\\\/\\\/cvinoticias.com\\\/v3\\\/#\\\/schema\\\/person\\\/2db77e3c6bc03c538495d7b2b8be9b66\",\"name\":\"f1000024\",\"image\":{\"@type\":\"ImageObject\",\"inLanguage\":\"es\",\"@id\":\"https:\\\/\\\/secure.gravatar.com\\\/avatar\\\/d4fe7459cfc51ff5129ce1a732bbef5928568b8092d412ef95611616376bbeed?s=96&d=mm&r=g\",\"url\":\"https:\\\/\\\/secure.gravatar.com\\\/avatar\\\/d4fe7459cfc51ff5129ce1a732bbef5928568b8092d412ef95611616376bbeed?s=96&d=mm&r=g\",\"contentUrl\":\"https:\\\/\\\/secure.gravatar.com\\\/avatar\\\/d4fe7459cfc51ff5129ce1a732bbef5928568b8092d412ef95611616376bbeed?s=96&d=mm&r=g\",\"caption\":\"f1000024\"},\"url\":\"https:\\\/\\\/cvinoticias.com\\\/v3\\\/author\\\/f1000024\\\/\"}]}<\/script>\n<!-- \/ Yoast SEO plugin. -->","yoast_head_json":{"title":"Silicon Misiones inicia el ciclo de Clases Magistrales de la Escuela de Negocios | CVI NOTICIAS","robots":{"index":"index","follow":"follow","max-snippet":"max-snippet:-1","max-image-preview":"max-image-preview:large","max-video-preview":"max-video-preview:-1"},"canonical":"https:\/\/cvinoticias.com\/v3\/silicon-misiones-inicia-el-ciclo-de-clases-magistrales-de-la-escuela-de-negocios\/","og_locale":"es_ES","og_type":"article","og_title":"Silicon Misiones inicia el ciclo de Clases Magistrales de la Escuela de Negocios | CVI NOTICIAS","og_description":"Ser\u00e1 el pr\u00f3ximo jueves 18 de agosto a partir de las 18hs en el auditorio Tierra Sin Mal y contar\u00e1 con la presencia de Fausto Garc\u00eda, International MBA Director de IAE Business School. Convocado por Silicon Misiones para abrir el ciclo de clases magistrales de la Escuela de Negocios, llega a Posadas Fausto Garc\u00eda, Ingeniero [&hellip;]","og_url":"https:\/\/cvinoticias.com\/v3\/silicon-misiones-inicia-el-ciclo-de-clases-magistrales-de-la-escuela-de-negocios\/","og_site_name":"CVI NOTICIAS","article_publisher":"https:\/\/www.facebook.com\/cvinoticias","article_published_time":"2022-08-16T20:00:59+00:00","og_image":[{"width":1200,"height":718,"url":"https:\/\/cvinoticias.com\/wp-content\/uploads\/2022\/08\/IMG-20220816-WA0122.jpg","type":"image\/jpeg"}],"author":"f1000024","twitter_card":"summary_large_image","twitter_misc":{"Escrito por":"f1000024","Tiempo de lectura":"3 minutos"},"schema":{"@context":"https:\/\/schema.org","@graph":[{"@type":"Article","@id":"https:\/\/cvinoticias.com\/v3\/silicon-misiones-inicia-el-ciclo-de-clases-magistrales-de-la-escuela-de-negocios\/#article","isPartOf":{"@id":"https:\/\/cvinoticias.com\/v3\/silicon-misiones-inicia-el-ciclo-de-clases-magistrales-de-la-escuela-de-negocios\/"},"author":{"name":"f1000024","@id":"https:\/\/cvinoticias.com\/v3\/#\/schema\/person\/2db77e3c6bc03c538495d7b2b8be9b66"},"headline":"Silicon Misiones inicia el ciclo de Clases Magistrales de la Escuela de Negocios","datePublished":"2022-08-16T20:00:59+00:00","mainEntityOfPage":{"@id":"https:\/\/cvinoticias.com\/v3\/silicon-misiones-inicia-el-ciclo-de-clases-magistrales-de-la-escuela-de-negocios\/"},"wordCount":600,"commentCount":0,"publisher":{"@id":"https:\/\/cvinoticias.com\/v3\/#organization"},"image":{"@id":"https:\/\/cvinoticias.com\/v3\/silicon-misiones-inicia-el-ciclo-de-clases-magistrales-de-la-escuela-de-negocios\/#primaryimage"},"thumbnailUrl":"https:\/\/cvinoticias.com\/wp-content\/uploads\/2022\/08\/IMG-20220816-WA0122.jpg","articleSection":["Provinciales"],"inLanguage":"es","potentialAction":[{"@type":"CommentAction","name":"Comment","target":["https:\/\/cvinoticias.com\/v3\/silicon-misiones-inicia-el-ciclo-de-clases-magistrales-de-la-escuela-de-negocios\/#respond"]}]},{"@type":"WebPage","@id":"https:\/\/cvinoticias.com\/v3\/silicon-misiones-inicia-el-ciclo-de-clases-magistrales-de-la-escuela-de-negocios\/","url":"https:\/\/cvinoticias.com\/v3\/silicon-misiones-inicia-el-ciclo-de-clases-magistrales-de-la-escuela-de-negocios\/","name":"Silicon Misiones inicia el ciclo de Clases Magistrales de la Escuela de Negocios | CVI NOTICIAS","isPartOf":{"@id":"https:\/\/cvinoticias.com\/v3\/#website"},"primaryImageOfPage":{"@id":"https:\/\/cvinoticias.com\/v3\/silicon-misiones-inicia-el-ciclo-de-clases-magistrales-de-la-escuela-de-negocios\/#primaryimage"},"image":{"@id":"https:\/\/cvinoticias.com\/v3\/silicon-misiones-inicia-el-ciclo-de-clases-magistrales-de-la-escuela-de-negocios\/#primaryimage"},"thumbnailUrl":"https:\/\/cvinoticias.com\/wp-content\/uploads\/2022\/08\/IMG-20220816-WA0122.jpg","datePublished":"2022-08-16T20:00:59+00:00","breadcrumb":{"@id":"https:\/\/cvinoticias.com\/v3\/silicon-misiones-inicia-el-ciclo-de-clases-magistrales-de-la-escuela-de-negocios\/#breadcrumb"},"inLanguage":"es","potentialAction":[{"@type":"ReadAction","target":["https:\/\/cvinoticias.com\/v3\/silicon-misiones-inicia-el-ciclo-de-clases-magistrales-de-la-escuela-de-negocios\/"]}]},{"@type":"ImageObject","inLanguage":"es","@id":"https:\/\/cvinoticias.com\/v3\/silicon-misiones-inicia-el-ciclo-de-clases-magistrales-de-la-escuela-de-negocios\/#primaryimage","url":"https:\/\/cvinoticias.com\/wp-content\/uploads\/2022\/08\/IMG-20220816-WA0122.jpg","contentUrl":"https:\/\/cvinoticias.com\/wp-content\/uploads\/2022\/08\/IMG-20220816-WA0122.jpg","width":1200,"height":718},{"@type":"BreadcrumbList","@id":"https:\/\/cvinoticias.com\/v3\/silicon-misiones-inicia-el-ciclo-de-clases-magistrales-de-la-escuela-de-negocios\/#breadcrumb","itemListElement":[{"@type":"ListItem","position":1,"name":"Portada","item":"https:\/\/cvinoticias.com\/v3\/"},{"@type":"ListItem","position":2,"name":"Silicon Misiones inicia el ciclo de Clases Magistrales de la Escuela de Negocios"}]},{"@type":"WebSite","@id":"https:\/\/cvinoticias.com\/v3\/#website","url":"https:\/\/cvinoticias.com\/v3\/","name":"CVI NOTICIAS","description":"","publisher":{"@id":"https:\/\/cvinoticias.com\/v3\/#organization"},"alternateName":"CVI","potentialAction":[{"@type":"SearchAction","target":{"@type":"EntryPoint","urlTemplate":"https:\/\/cvinoticias.com\/v3\/?s={search_term_string}"},"query-input":{"@type":"PropertyValueSpecification","valueRequired":true,"valueName":"search_term_string"}}],"inLanguage":"es"},{"@type":"Organization","@id":"https:\/\/cvinoticias.com\/v3\/#organization","name":"CVI NOTICIAS","url":"https:\/\/cvinoticias.com\/v3\/","logo":{"@type":"ImageObject","inLanguage":"es","@id":"https:\/\/cvinoticias.com\/v3\/#\/schema\/logo\/image\/","url":"https:\/\/cvinoticias.com\/wp-content\/uploads\/2023\/04\/cropped-cropped-cropped-cropped-cropped-3-1.png","contentUrl":"https:\/\/cvinoticias.com\/wp-content\/uploads\/2023\/04\/cropped-cropped-cropped-cropped-cropped-3-1.png","width":95,"height":122,"caption":"CVI NOTICIAS"},"image":{"@id":"https:\/\/cvinoticias.com\/v3\/#\/schema\/logo\/image\/"},"sameAs":["https:\/\/www.facebook.com\/cvinoticias","https:\/\/www.instagram.com\/cvinoticias\/","https:\/\/www.youtube.com\/@CVINOTICIAS"]},{"@type":"Person","@id":"https:\/\/cvinoticias.com\/v3\/#\/schema\/person\/2db77e3c6bc03c538495d7b2b8be9b66","name":"f1000024","image":{"@type":"ImageObject","inLanguage":"es","@id":"https:\/\/secure.gravatar.com\/avatar\/d4fe7459cfc51ff5129ce1a732bbef5928568b8092d412ef95611616376bbeed?s=96&d=mm&r=g","url":"https:\/\/secure.gravatar.com\/avatar\/d4fe7459cfc51ff5129ce1a732bbef5928568b8092d412ef95611616376bbeed?s=96&d=mm&r=g","contentUrl":"https:\/\/secure.gravatar.com\/avatar\/d4fe7459cfc51ff5129ce1a732bbef5928568b8092d412ef95611616376bbeed?s=96&d=mm&r=g","caption":"f1000024"},"url":"https:\/\/cvinoticias.com\/v3\/author\/f1000024\/"}]}},"_links":{"self":[{"href":"https:\/\/cvinoticias.com\/v3\/wp-json\/wp\/v2\/posts\/18475","targetHints":{"allow":["GET"]}}],"collection":[{"href":"https:\/\/cvinoticias.com\/v3\/wp-json\/wp\/v2\/posts"}],"about":[{"href":"https:\/\/cvinoticias.com\/v3\/wp-json\/wp\/v2\/types\/post"}],"author":[{"embeddable":true,"href":"https:\/\/cvinoticias.com\/v3\/wp-json\/wp\/v2\/users\/2"}],"replies":[{"embeddable":true,"href":"https:\/\/cvinoticias.com\/v3\/wp-json\/wp\/v2\/comments?post=18475"}],"version-history":[{"count":1,"href":"https:\/\/cvinoticias.com\/v3\/wp-json\/wp\/v2\/posts\/18475\/revisions"}],"predecessor-version":[{"id":18479,"href":"https:\/\/cvinoticias.com\/v3\/wp-json\/wp\/v2\/posts\/18475\/revisions\/18479"}],"wp:featuredmedia":[{"embeddable":true,"href":"https:\/\/cvinoticias.com\/v3\/wp-json\/wp\/v2\/media\/18476"}],"wp:attachment":[{"href":"https:\/\/cvinoticias.com\/v3\/wp-json\/wp\/v2\/media?parent=18475"}],"wp:term":[{"taxonomy":"category","embeddable":true,"href":"https:\/\/cvinoticias.com\/v3\/wp-json\/wp\/v2\/categories?post=18475"},{"taxonomy":"post_tag","embeddable":true,"href":"https:\/\/cvinoticias.com\/v3\/wp-json\/wp\/v2\/tags?post=18475"}],"curies":[{"name":"wp","href":"https:\/\/api.w.org\/{rel}","templated":true}]}}