{"id":18447,"date":"2022-08-13T09:50:49","date_gmt":"2022-08-13T09:50:49","guid":{"rendered":"https:\/\/cvinoticias.com\/v3\/?p=18447"},"modified":"2022-08-13T09:50:49","modified_gmt":"2022-08-13T09:50:49","slug":"la-semana-proxima-se-anunciara-el-nuevo-tarifario-de-gas-y-electricidad","status":"publish","type":"post","link":"https:\/\/cvinoticias.com\/v3\/la-semana-proxima-se-anunciara-el-nuevo-tarifario-de-gas-y-electricidad\/","title":{"rendered":"La semana pr\u00f3xima se anunciar\u00e1 el nuevo tarifario de gas y electricidad"},"content":{"rendered":"\n<p><strong><em>La secretaria de Energ\u00eda, Flavia Roy\u00f3n, indic\u00f3 este viernes que su cartera se encuentra \u00abtrabajando intensamente\u00bb en el nuevo esquema tarifario para el gas y la electricidad y que \u00abla semana que viene\u00bb se dar\u00e1n definiciones en ese marco, a la vez que destac\u00f3 los anuncios para el sector hidrocarburifero que realiz\u00f3 el jueves en Neuqu\u00e9n junto con el ministro de Econom\u00eda, Sergio Massa.<\/em><\/strong><\/p>\n\n\n\n<p>\u201cSe est\u00e1 trabajando intensamente para ser lo m\u00e1s claros posible y llevar tranquilidad a la poblaci\u00f3n ya que, la actualizaci\u00f3n de tarifas ser\u00e1 en cuotas y afectar\u00e1 s\u00f3lo a los sectores de niveles adquisitivo altos\u201d, se\u00f1al\u00f3 Roy\u00f3n a radio 10, sobre la oficializaci\u00f3n de las nuevas tarifas de energ\u00eda.<\/p>\n\n\n\n<p>Si bien se esperaba un anuncio el jueves respecto del nuevo esquema de subsidios al consumo de gas y electricidad, el mismo se posterg\u00f3 y \u00abse contin\u00faa trabajando en esto, por lo que este fin de semana se podr\u00e1 concluir\u00bb, afirm\u00f3 la ex funcionaria salte\u00f1a al se\u00f1alar que \u00abla semana que viene se podr\u00e1n dar definiciones en ese sentido\u201d.<\/p>\n\n\n\n<p>El esquema incluir\u00e1, asimismo, especificaciones acerca de la segmentaci\u00f3n y el tope de consumo por zona y sector, teniendo en cuenta, adem\u00e1s, factores como el clim\u00e1tico.<\/p>\n\n\n\n<p>Respecto de los topes, los nuevos valores partir\u00e1n de mantener la tarifa vigente a los niveles 2 (de menores ingresos) y 3 (de ingresos medios), pero en este \u00faltimo caso el consumo que exceda los 400 kwh no ser\u00e1 subsidiado, aunque a\u00fan debe precisarse si este tope ser\u00e1 bimestral o mensual.<\/p>\n\n\n\n<p>\u00abTenemos la m\u00e1xima de que esta actualizaci\u00f3n de tarifas sea por debajo del \u00edndice de coeficiente de variaci\u00f3n salarial y en cuotas\u201d, detall\u00f3 Roy\u00f3n, y subray\u00f3 que los beneficiarios de la tarifa social \u00abno van a sufrir una nueva actualizaci\u00f3n este a\u00f1o\u00bb.<\/p>\n\n\n\n<p>Tras lo cual, aclar\u00f3: \u00abEs s\u00f3lo una porci\u00f3n de la poblaci\u00f3n la que va a sufrir esta actualizaci\u00f3n porque es la indicaci\u00f3n del Presidente\u00bb.<\/p>\n\n\n\n<p>Por otro lado, la flamante funcionaria defendi\u00f3 la decisi\u00f3n de utilizar divisas para importar energ\u00eda, en lo que consider\u00f3 un \u201ccontexto mundial en materia energ\u00e9tica donde no s\u00f3lo se est\u00e1 hablando de restricciones sino tambi\u00e9n de incrementos en los costos de energ\u00eda sin precedentes\u201d.<br>\u201cAc\u00e1 en la Argentina se ha podido llevar un invierno sin ning\u00fan tipo de restricciones ni cortes que, anteriormente, afectaron a la industria. La realidad de Argentina ha sido muy distinta a la realidad mundial\u201d, asever\u00f3.<\/p>\n\n\n\n<p>\u201cEsto habla de una pol\u00edtica que ha seguido el Gobierno de garantizar el gas, no s\u00f3lo para los argentinos, sino tambi\u00e9n para la industria\u201d, complet\u00f3 la funcionaria en relaci\u00f3n a la actualidad del escenario energ\u00e9tico local.<\/p>\n\n\n\n<p>Respecto del panorama a futuro, Roy\u00f3n destac\u00f3 la \u201cposibilidad de autoabastecerse\u201d del sector energ\u00e9tico y de ser \u201cun complejo exportador\u201d; y que los anuncios de esta semana \u201cmarcan claramente esa direcci\u00f3n\u201d.<\/p>\n\n\n\n<p>Por otra parte, mencion\u00f3 la firma de contratos para la construcci\u00f3n del Gasoducto N\u00e9stor Kirchner, a la que consider\u00f3 \u201cuna obra estrat\u00e9gica\u201d que pondr\u00eda al pa\u00eds \u201cen un mapa internacional porque podr\u00eda sacar todo el gas que se produce en Vaca Muerta\u201d.<\/p>\n\n\n\n<p>\u201cVa a cambiar la realidad de nuestro pa\u00eds; es una obra clave para que todo el pa\u00eds acceda al gas de Vaca Muerta y tambi\u00e9n poder exportarlo, y que la industria argentina pueda acceder a un precio de energ\u00eda competitivo y generar divisas\u201d, explic\u00f3.<\/p>\n\n\n\n<p>Roy\u00f3n adem\u00e1s recalc\u00f3 la importancia de la inversi\u00f3n privada en los nuevos proyectos anunciados ayer en la exposici\u00f3n AOG Patagonia 2022 por el ministro Massa, por un monto de US$ 2.350 millones.<\/p>\n\n\n\n<p>El ministro hab\u00eda anunciado la libre disponibilidad de divisas para las inversiones del sector y la simplificaci\u00f3n de los tr\u00e1mites y beneficios impositivos para la importaci\u00f3n de maquinarias a Vaca Muerta.<\/p>\n\n\n\n<p>En tanto, Roy\u00f3n destac\u00f3 \u201cla inversi\u00f3n privada del oleoducto Oldelval, que ser\u00e1 de US$ 1.650 millones, y va a permitir multiplicar el transporte y la exportaci\u00f3n de crudo\u201d, y la potencialidad del desarrollo del sector offshore, dentro del cual se encuentra el \u201cProyecto F\u00e9nix, que es un proyecto offshore de gas, una inversi\u00f3n de US$ 700 millones en un consorcio privado formado por Total, PAE y Wintershall\u201d, detall\u00f3.<\/p>\n\n\n\n<p>\u00abEsto habla de toda la magnitud que tiene la Argentina para autoabastecer al pa\u00eds y para que la industria argentina tambi\u00e9n pueda acceder a un precio competitivo\u00bb, destac\u00f3 la titular de Energ\u00eda.<\/p>\n\n\n\n<p>Por \u00faltimo, indic\u00f3 que proyectos de gas off-shore como el de la Cuenca Austral o en el Mar Argentino \u00abse hacen en todos los lados del mundo\u00bb, y poseen \u00abest\u00e1ndares ambientales muy altos\u00bb.<\/p>\n","protected":false},"excerpt":{"rendered":"<p>La secretaria de Energ\u00eda, Flavia Roy\u00f3n, indic\u00f3 este viernes que su cartera se encuentra \u00abtrabajando intensamente\u00bb en el nuevo esquema tarifario para el gas y la electricidad y que \u00abla semana que viene\u00bb se dar\u00e1n definiciones en ese marco, a la vez que destac\u00f3 los anuncios para el sector hidrocarburifero que realiz\u00f3 el jueves en [&hellip;]<\/p>\n","protected":false},"author":2,"featured_media":18448,"comment_status":"open","ping_status":"open","sticky":false,"template":"","format":"standard","meta":{"footnotes":""},"categories":[39],"tags":[],"class_list":["post-18447","post","type-post","status-publish","format-standard","has-post-thumbnail","hentry","category-nacionales"],"yoast_head":"<!-- This site is optimized with the Yoast SEO plugin v27.4 - https:\/\/yoast.com\/product\/yoast-seo-wordpress\/ -->\n<title>La semana pr\u00f3xima se anunciar\u00e1 el nuevo tarifario de gas y electricidad | CVI NOTICIAS<\/title>\n<meta name=\"robots\" content=\"index, follow, max-snippet:-1, max-image-preview:large, max-video-preview:-1\" \/>\n<link rel=\"canonical\" href=\"https:\/\/cvinoticias.com\/v3\/la-semana-proxima-se-anunciara-el-nuevo-tarifario-de-gas-y-electricidad\/\" \/>\n<meta property=\"og:locale\" content=\"es_ES\" \/>\n<meta property=\"og:type\" content=\"article\" \/>\n<meta property=\"og:title\" content=\"La semana pr\u00f3xima se anunciar\u00e1 el nuevo tarifario de gas y electricidad | CVI NOTICIAS\" \/>\n<meta property=\"og:description\" content=\"La secretaria de Energ\u00eda, Flavia Roy\u00f3n, indic\u00f3 este viernes que su cartera se encuentra \u00abtrabajando intensamente\u00bb en el nuevo esquema tarifario para el gas y la electricidad y que \u00abla semana que viene\u00bb se dar\u00e1n definiciones en ese marco, a la vez que destac\u00f3 los anuncios para el sector hidrocarburifero que realiz\u00f3 el jueves en [&hellip;]\" \/>\n<meta property=\"og:url\" content=\"https:\/\/cvinoticias.com\/v3\/la-semana-proxima-se-anunciara-el-nuevo-tarifario-de-gas-y-electricidad\/\" \/>\n<meta property=\"og:site_name\" content=\"CVI NOTICIAS\" \/>\n<meta property=\"article:publisher\" content=\"https:\/\/www.facebook.com\/cvinoticias\" \/>\n<meta property=\"article:published_time\" content=\"2022-08-13T09:50:49+00:00\" \/>\n<meta property=\"og:image\" content=\"https:\/\/cvinoticias.com\/wp-content\/uploads\/2022\/08\/gas_22.jpg\" \/>\n\t<meta property=\"og:image:width\" content=\"450\" \/>\n\t<meta property=\"og:image:height\" content=\"300\" \/>\n\t<meta property=\"og:image:type\" content=\"image\/jpeg\" \/>\n<meta name=\"author\" content=\"f1000024\" \/>\n<meta name=\"twitter:card\" content=\"summary_large_image\" \/>\n<meta name=\"twitter:label1\" content=\"Escrito por\" \/>\n\t<meta name=\"twitter:data1\" content=\"f1000024\" \/>\n\t<meta name=\"twitter:label2\" content=\"Tiempo de lectura\" \/>\n\t<meta name=\"twitter:data2\" content=\"4 minutos\" \/>\n<script type=\"application\/ld+json\" class=\"yoast-schema-graph\">{\"@context\":\"https:\\\/\\\/schema.org\",\"@graph\":[{\"@type\":\"Article\",\"@id\":\"https:\\\/\\\/cvinoticias.com\\\/v3\\\/la-semana-proxima-se-anunciara-el-nuevo-tarifario-de-gas-y-electricidad\\\/#article\",\"isPartOf\":{\"@id\":\"https:\\\/\\\/cvinoticias.com\\\/v3\\\/la-semana-proxima-se-anunciara-el-nuevo-tarifario-de-gas-y-electricidad\\\/\"},\"author\":{\"name\":\"f1000024\",\"@id\":\"https:\\\/\\\/cvinoticias.com\\\/v3\\\/#\\\/schema\\\/person\\\/2db77e3c6bc03c538495d7b2b8be9b66\"},\"headline\":\"La semana pr\u00f3xima se anunciar\u00e1 el nuevo tarifario de gas y electricidad\",\"datePublished\":\"2022-08-13T09:50:49+00:00\",\"mainEntityOfPage\":{\"@id\":\"https:\\\/\\\/cvinoticias.com\\\/v3\\\/la-semana-proxima-se-anunciara-el-nuevo-tarifario-de-gas-y-electricidad\\\/\"},\"wordCount\":824,\"commentCount\":0,\"publisher\":{\"@id\":\"https:\\\/\\\/cvinoticias.com\\\/v3\\\/#organization\"},\"image\":{\"@id\":\"https:\\\/\\\/cvinoticias.com\\\/v3\\\/la-semana-proxima-se-anunciara-el-nuevo-tarifario-de-gas-y-electricidad\\\/#primaryimage\"},\"thumbnailUrl\":\"https:\\\/\\\/cvinoticias.com\\\/wp-content\\\/uploads\\\/2022\\\/08\\\/gas_22.jpg\",\"articleSection\":[\"Nacionales\"],\"inLanguage\":\"es\",\"potentialAction\":[{\"@type\":\"CommentAction\",\"name\":\"Comment\",\"target\":[\"https:\\\/\\\/cvinoticias.com\\\/v3\\\/la-semana-proxima-se-anunciara-el-nuevo-tarifario-de-gas-y-electricidad\\\/#respond\"]}]},{\"@type\":\"WebPage\",\"@id\":\"https:\\\/\\\/cvinoticias.com\\\/v3\\\/la-semana-proxima-se-anunciara-el-nuevo-tarifario-de-gas-y-electricidad\\\/\",\"url\":\"https:\\\/\\\/cvinoticias.com\\\/v3\\\/la-semana-proxima-se-anunciara-el-nuevo-tarifario-de-gas-y-electricidad\\\/\",\"name\":\"La semana pr\u00f3xima se anunciar\u00e1 el nuevo tarifario de gas y electricidad | CVI NOTICIAS\",\"isPartOf\":{\"@id\":\"https:\\\/\\\/cvinoticias.com\\\/v3\\\/#website\"},\"primaryImageOfPage\":{\"@id\":\"https:\\\/\\\/cvinoticias.com\\\/v3\\\/la-semana-proxima-se-anunciara-el-nuevo-tarifario-de-gas-y-electricidad\\\/#primaryimage\"},\"image\":{\"@id\":\"https:\\\/\\\/cvinoticias.com\\\/v3\\\/la-semana-proxima-se-anunciara-el-nuevo-tarifario-de-gas-y-electricidad\\\/#primaryimage\"},\"thumbnailUrl\":\"https:\\\/\\\/cvinoticias.com\\\/wp-content\\\/uploads\\\/2022\\\/08\\\/gas_22.jpg\",\"datePublished\":\"2022-08-13T09:50:49+00:00\",\"breadcrumb\":{\"@id\":\"https:\\\/\\\/cvinoticias.com\\\/v3\\\/la-semana-proxima-se-anunciara-el-nuevo-tarifario-de-gas-y-electricidad\\\/#breadcrumb\"},\"inLanguage\":\"es\",\"potentialAction\":[{\"@type\":\"ReadAction\",\"target\":[\"https:\\\/\\\/cvinoticias.com\\\/v3\\\/la-semana-proxima-se-anunciara-el-nuevo-tarifario-de-gas-y-electricidad\\\/\"]}]},{\"@type\":\"ImageObject\",\"inLanguage\":\"es\",\"@id\":\"https:\\\/\\\/cvinoticias.com\\\/v3\\\/la-semana-proxima-se-anunciara-el-nuevo-tarifario-de-gas-y-electricidad\\\/#primaryimage\",\"url\":\"https:\\\/\\\/cvinoticias.com\\\/wp-content\\\/uploads\\\/2022\\\/08\\\/gas_22.jpg\",\"contentUrl\":\"https:\\\/\\\/cvinoticias.com\\\/wp-content\\\/uploads\\\/2022\\\/08\\\/gas_22.jpg\",\"width\":450,\"height\":300},{\"@type\":\"BreadcrumbList\",\"@id\":\"https:\\\/\\\/cvinoticias.com\\\/v3\\\/la-semana-proxima-se-anunciara-el-nuevo-tarifario-de-gas-y-electricidad\\\/#breadcrumb\",\"itemListElement\":[{\"@type\":\"ListItem\",\"position\":1,\"name\":\"Portada\",\"item\":\"https:\\\/\\\/cvinoticias.com\\\/v3\\\/\"},{\"@type\":\"ListItem\",\"position\":2,\"name\":\"La semana pr\u00f3xima se anunciar\u00e1 el nuevo tarifario de gas y electricidad\"}]},{\"@type\":\"WebSite\",\"@id\":\"https:\\\/\\\/cvinoticias.com\\\/v3\\\/#website\",\"url\":\"https:\\\/\\\/cvinoticias.com\\\/v3\\\/\",\"name\":\"CVI NOTICIAS\",\"description\":\"\",\"publisher\":{\"@id\":\"https:\\\/\\\/cvinoticias.com\\\/v3\\\/#organization\"},\"alternateName\":\"CVI\",\"potentialAction\":[{\"@type\":\"SearchAction\",\"target\":{\"@type\":\"EntryPoint\",\"urlTemplate\":\"https:\\\/\\\/cvinoticias.com\\\/v3\\\/?s={search_term_string}\"},\"query-input\":{\"@type\":\"PropertyValueSpecification\",\"valueRequired\":true,\"valueName\":\"search_term_string\"}}],\"inLanguage\":\"es\"},{\"@type\":\"Organization\",\"@id\":\"https:\\\/\\\/cvinoticias.com\\\/v3\\\/#organization\",\"name\":\"CVI NOTICIAS\",\"url\":\"https:\\\/\\\/cvinoticias.com\\\/v3\\\/\",\"logo\":{\"@type\":\"ImageObject\",\"inLanguage\":\"es\",\"@id\":\"https:\\\/\\\/cvinoticias.com\\\/v3\\\/#\\\/schema\\\/logo\\\/image\\\/\",\"url\":\"https:\\\/\\\/cvinoticias.com\\\/wp-content\\\/uploads\\\/2023\\\/04\\\/cropped-cropped-cropped-cropped-cropped-3-1.png\",\"contentUrl\":\"https:\\\/\\\/cvinoticias.com\\\/wp-content\\\/uploads\\\/2023\\\/04\\\/cropped-cropped-cropped-cropped-cropped-3-1.png\",\"width\":95,\"height\":122,\"caption\":\"CVI NOTICIAS\"},\"image\":{\"@id\":\"https:\\\/\\\/cvinoticias.com\\\/v3\\\/#\\\/schema\\\/logo\\\/image\\\/\"},\"sameAs\":[\"https:\\\/\\\/www.facebook.com\\\/cvinoticias\",\"https:\\\/\\\/www.instagram.com\\\/cvinoticias\\\/\",\"https:\\\/\\\/www.youtube.com\\\/@CVINOTICIAS\"]},{\"@type\":\"Person\",\"@id\":\"https:\\\/\\\/cvinoticias.com\\\/v3\\\/#\\\/schema\\\/person\\\/2db77e3c6bc03c538495d7b2b8be9b66\",\"name\":\"f1000024\",\"image\":{\"@type\":\"ImageObject\",\"inLanguage\":\"es\",\"@id\":\"https:\\\/\\\/secure.gravatar.com\\\/avatar\\\/d4fe7459cfc51ff5129ce1a732bbef5928568b8092d412ef95611616376bbeed?s=96&d=mm&r=g\",\"url\":\"https:\\\/\\\/secure.gravatar.com\\\/avatar\\\/d4fe7459cfc51ff5129ce1a732bbef5928568b8092d412ef95611616376bbeed?s=96&d=mm&r=g\",\"contentUrl\":\"https:\\\/\\\/secure.gravatar.com\\\/avatar\\\/d4fe7459cfc51ff5129ce1a732bbef5928568b8092d412ef95611616376bbeed?s=96&d=mm&r=g\",\"caption\":\"f1000024\"},\"url\":\"https:\\\/\\\/cvinoticias.com\\\/v3\\\/author\\\/f1000024\\\/\"}]}<\/script>\n<!-- \/ Yoast SEO plugin. -->","yoast_head_json":{"title":"La semana pr\u00f3xima se anunciar\u00e1 el nuevo tarifario de gas y electricidad | CVI NOTICIAS","robots":{"index":"index","follow":"follow","max-snippet":"max-snippet:-1","max-image-preview":"max-image-preview:large","max-video-preview":"max-video-preview:-1"},"canonical":"https:\/\/cvinoticias.com\/v3\/la-semana-proxima-se-anunciara-el-nuevo-tarifario-de-gas-y-electricidad\/","og_locale":"es_ES","og_type":"article","og_title":"La semana pr\u00f3xima se anunciar\u00e1 el nuevo tarifario de gas y electricidad | CVI NOTICIAS","og_description":"La secretaria de Energ\u00eda, Flavia Roy\u00f3n, indic\u00f3 este viernes que su cartera se encuentra \u00abtrabajando intensamente\u00bb en el nuevo esquema tarifario para el gas y la electricidad y que \u00abla semana que viene\u00bb se dar\u00e1n definiciones en ese marco, a la vez que destac\u00f3 los anuncios para el sector hidrocarburifero que realiz\u00f3 el jueves en [&hellip;]","og_url":"https:\/\/cvinoticias.com\/v3\/la-semana-proxima-se-anunciara-el-nuevo-tarifario-de-gas-y-electricidad\/","og_site_name":"CVI NOTICIAS","article_publisher":"https:\/\/www.facebook.com\/cvinoticias","article_published_time":"2022-08-13T09:50:49+00:00","og_image":[{"width":450,"height":300,"url":"https:\/\/cvinoticias.com\/wp-content\/uploads\/2022\/08\/gas_22.jpg","type":"image\/jpeg"}],"author":"f1000024","twitter_card":"summary_large_image","twitter_misc":{"Escrito por":"f1000024","Tiempo de lectura":"4 minutos"},"schema":{"@context":"https:\/\/schema.org","@graph":[{"@type":"Article","@id":"https:\/\/cvinoticias.com\/v3\/la-semana-proxima-se-anunciara-el-nuevo-tarifario-de-gas-y-electricidad\/#article","isPartOf":{"@id":"https:\/\/cvinoticias.com\/v3\/la-semana-proxima-se-anunciara-el-nuevo-tarifario-de-gas-y-electricidad\/"},"author":{"name":"f1000024","@id":"https:\/\/cvinoticias.com\/v3\/#\/schema\/person\/2db77e3c6bc03c538495d7b2b8be9b66"},"headline":"La semana pr\u00f3xima se anunciar\u00e1 el nuevo tarifario de gas y electricidad","datePublished":"2022-08-13T09:50:49+00:00","mainEntityOfPage":{"@id":"https:\/\/cvinoticias.com\/v3\/la-semana-proxima-se-anunciara-el-nuevo-tarifario-de-gas-y-electricidad\/"},"wordCount":824,"commentCount":0,"publisher":{"@id":"https:\/\/cvinoticias.com\/v3\/#organization"},"image":{"@id":"https:\/\/cvinoticias.com\/v3\/la-semana-proxima-se-anunciara-el-nuevo-tarifario-de-gas-y-electricidad\/#primaryimage"},"thumbnailUrl":"https:\/\/cvinoticias.com\/wp-content\/uploads\/2022\/08\/gas_22.jpg","articleSection":["Nacionales"],"inLanguage":"es","potentialAction":[{"@type":"CommentAction","name":"Comment","target":["https:\/\/cvinoticias.com\/v3\/la-semana-proxima-se-anunciara-el-nuevo-tarifario-de-gas-y-electricidad\/#respond"]}]},{"@type":"WebPage","@id":"https:\/\/cvinoticias.com\/v3\/la-semana-proxima-se-anunciara-el-nuevo-tarifario-de-gas-y-electricidad\/","url":"https:\/\/cvinoticias.com\/v3\/la-semana-proxima-se-anunciara-el-nuevo-tarifario-de-gas-y-electricidad\/","name":"La semana pr\u00f3xima se anunciar\u00e1 el nuevo tarifario de gas y electricidad | CVI NOTICIAS","isPartOf":{"@id":"https:\/\/cvinoticias.com\/v3\/#website"},"primaryImageOfPage":{"@id":"https:\/\/cvinoticias.com\/v3\/la-semana-proxima-se-anunciara-el-nuevo-tarifario-de-gas-y-electricidad\/#primaryimage"},"image":{"@id":"https:\/\/cvinoticias.com\/v3\/la-semana-proxima-se-anunciara-el-nuevo-tarifario-de-gas-y-electricidad\/#primaryimage"},"thumbnailUrl":"https:\/\/cvinoticias.com\/wp-content\/uploads\/2022\/08\/gas_22.jpg","datePublished":"2022-08-13T09:50:49+00:00","breadcrumb":{"@id":"https:\/\/cvinoticias.com\/v3\/la-semana-proxima-se-anunciara-el-nuevo-tarifario-de-gas-y-electricidad\/#breadcrumb"},"inLanguage":"es","potentialAction":[{"@type":"ReadAction","target":["https:\/\/cvinoticias.com\/v3\/la-semana-proxima-se-anunciara-el-nuevo-tarifario-de-gas-y-electricidad\/"]}]},{"@type":"ImageObject","inLanguage":"es","@id":"https:\/\/cvinoticias.com\/v3\/la-semana-proxima-se-anunciara-el-nuevo-tarifario-de-gas-y-electricidad\/#primaryimage","url":"https:\/\/cvinoticias.com\/wp-content\/uploads\/2022\/08\/gas_22.jpg","contentUrl":"https:\/\/cvinoticias.com\/wp-content\/uploads\/2022\/08\/gas_22.jpg","width":450,"height":300},{"@type":"BreadcrumbList","@id":"https:\/\/cvinoticias.com\/v3\/la-semana-proxima-se-anunciara-el-nuevo-tarifario-de-gas-y-electricidad\/#breadcrumb","itemListElement":[{"@type":"ListItem","position":1,"name":"Portada","item":"https:\/\/cvinoticias.com\/v3\/"},{"@type":"ListItem","position":2,"name":"La semana pr\u00f3xima se anunciar\u00e1 el nuevo tarifario de gas y electricidad"}]},{"@type":"WebSite","@id":"https:\/\/cvinoticias.com\/v3\/#website","url":"https:\/\/cvinoticias.com\/v3\/","name":"CVI NOTICIAS","description":"","publisher":{"@id":"https:\/\/cvinoticias.com\/v3\/#organization"},"alternateName":"CVI","potentialAction":[{"@type":"SearchAction","target":{"@type":"EntryPoint","urlTemplate":"https:\/\/cvinoticias.com\/v3\/?s={search_term_string}"},"query-input":{"@type":"PropertyValueSpecification","valueRequired":true,"valueName":"search_term_string"}}],"inLanguage":"es"},{"@type":"Organization","@id":"https:\/\/cvinoticias.com\/v3\/#organization","name":"CVI NOTICIAS","url":"https:\/\/cvinoticias.com\/v3\/","logo":{"@type":"ImageObject","inLanguage":"es","@id":"https:\/\/cvinoticias.com\/v3\/#\/schema\/logo\/image\/","url":"https:\/\/cvinoticias.com\/wp-content\/uploads\/2023\/04\/cropped-cropped-cropped-cropped-cropped-3-1.png","contentUrl":"https:\/\/cvinoticias.com\/wp-content\/uploads\/2023\/04\/cropped-cropped-cropped-cropped-cropped-3-1.png","width":95,"height":122,"caption":"CVI NOTICIAS"},"image":{"@id":"https:\/\/cvinoticias.com\/v3\/#\/schema\/logo\/image\/"},"sameAs":["https:\/\/www.facebook.com\/cvinoticias","https:\/\/www.instagram.com\/cvinoticias\/","https:\/\/www.youtube.com\/@CVINOTICIAS"]},{"@type":"Person","@id":"https:\/\/cvinoticias.com\/v3\/#\/schema\/person\/2db77e3c6bc03c538495d7b2b8be9b66","name":"f1000024","image":{"@type":"ImageObject","inLanguage":"es","@id":"https:\/\/secure.gravatar.com\/avatar\/d4fe7459cfc51ff5129ce1a732bbef5928568b8092d412ef95611616376bbeed?s=96&d=mm&r=g","url":"https:\/\/secure.gravatar.com\/avatar\/d4fe7459cfc51ff5129ce1a732bbef5928568b8092d412ef95611616376bbeed?s=96&d=mm&r=g","contentUrl":"https:\/\/secure.gravatar.com\/avatar\/d4fe7459cfc51ff5129ce1a732bbef5928568b8092d412ef95611616376bbeed?s=96&d=mm&r=g","caption":"f1000024"},"url":"https:\/\/cvinoticias.com\/v3\/author\/f1000024\/"}]}},"_links":{"self":[{"href":"https:\/\/cvinoticias.com\/v3\/wp-json\/wp\/v2\/posts\/18447","targetHints":{"allow":["GET"]}}],"collection":[{"href":"https:\/\/cvinoticias.com\/v3\/wp-json\/wp\/v2\/posts"}],"about":[{"href":"https:\/\/cvinoticias.com\/v3\/wp-json\/wp\/v2\/types\/post"}],"author":[{"embeddable":true,"href":"https:\/\/cvinoticias.com\/v3\/wp-json\/wp\/v2\/users\/2"}],"replies":[{"embeddable":true,"href":"https:\/\/cvinoticias.com\/v3\/wp-json\/wp\/v2\/comments?post=18447"}],"version-history":[{"count":1,"href":"https:\/\/cvinoticias.com\/v3\/wp-json\/wp\/v2\/posts\/18447\/revisions"}],"predecessor-version":[{"id":18449,"href":"https:\/\/cvinoticias.com\/v3\/wp-json\/wp\/v2\/posts\/18447\/revisions\/18449"}],"wp:featuredmedia":[{"embeddable":true,"href":"https:\/\/cvinoticias.com\/v3\/wp-json\/wp\/v2\/media\/18448"}],"wp:attachment":[{"href":"https:\/\/cvinoticias.com\/v3\/wp-json\/wp\/v2\/media?parent=18447"}],"wp:term":[{"taxonomy":"category","embeddable":true,"href":"https:\/\/cvinoticias.com\/v3\/wp-json\/wp\/v2\/categories?post=18447"},{"taxonomy":"post_tag","embeddable":true,"href":"https:\/\/cvinoticias.com\/v3\/wp-json\/wp\/v2\/tags?post=18447"}],"curies":[{"name":"wp","href":"https:\/\/api.w.org\/{rel}","templated":true}]}}