{"id":18433,"date":"2022-08-13T02:02:56","date_gmt":"2022-08-13T02:02:56","guid":{"rendered":"https:\/\/cvinoticias.com\/v3\/?p=18433"},"modified":"2022-08-13T02:02:56","modified_gmt":"2022-08-13T02:02:56","slug":"asamblea-federal-y-encuentro-nacional-de-caritas","status":"publish","type":"post","link":"https:\/\/cvinoticias.com\/v3\/asamblea-federal-y-encuentro-nacional-de-caritas\/","title":{"rendered":"Asamblea Federal y Encuentro Nacional de C\u00e1ritas"},"content":{"rendered":"\n<p><strong><em>En la localidad serrana de Tanti (C\u00f3rdoba) se desarrollar\u00e1, desde este s\u00e1bado 13 al lunes 15 de Agosto el XVI Encuentro Nacional y XX Asamblea Federal de C\u00e1ritas Argentina, bajo el lema \u201cSomos C\u00e1ritas Misi\u00f3n y Servicio\u00bb.<\/em><\/strong><\/p>\n\n\n\n<p>Representantes de C\u00e1ritas Di\u00f3cesis de Iguaz\u00fa son parte de los m\u00e1s de 600 voluntarios de las C\u00e1ritas de todo el pa\u00eds que se acercar\u00e1n al Encuentro donde se compartir\u00e1n 16 espacios tem\u00e1ticos para conocer la diversidad de acciones que llevamos adelante.<\/p>\n\n\n\n<figure class=\"wp-block-image size-large\"><a href=\"https:\/\/cvinoticias.com\/wp-content\/uploads\/2022\/08\/Picsart_22-08-12_22-48-20-479-scaled.jpg\"><img decoding=\"async\" width=\"1024\" height=\"560\" data-src=\"https:\/\/cvinoticias.com\/wp-content\/uploads\/2022\/08\/Picsart_22-08-12_22-48-20-479-1024x560.jpg\" alt=\"\" class=\"wp-image-18434 lazyload\" data-srcset=\"https:\/\/cvinoticias.com\/wp-content\/uploads\/2022\/08\/Picsart_22-08-12_22-48-20-479-1024x560.jpg 1024w, https:\/\/cvinoticias.com\/wp-content\/uploads\/2022\/08\/Picsart_22-08-12_22-48-20-479-300x164.jpg 300w, https:\/\/cvinoticias.com\/wp-content\/uploads\/2022\/08\/Picsart_22-08-12_22-48-20-479-768x420.jpg 768w, https:\/\/cvinoticias.com\/wp-content\/uploads\/2022\/08\/Picsart_22-08-12_22-48-20-479-1536x841.jpg 1536w, https:\/\/cvinoticias.com\/wp-content\/uploads\/2022\/08\/Picsart_22-08-12_22-48-20-479-2048x1121.jpg 2048w\" data-sizes=\"(max-width: 1024px) 100vw, 1024px\" src=\"data:image\/svg+xml;base64,PHN2ZyB3aWR0aD0iMSIgaGVpZ2h0PSIxIiB4bWxucz0iaHR0cDovL3d3dy53My5vcmcvMjAwMC9zdmciPjwvc3ZnPg==\" style=\"--smush-placeholder-width: 1024px; --smush-placeholder-aspect-ratio: 1024\/560;\" \/><\/a><\/figure>\n\n\n\n<p>Tambi\u00e9n tendr\u00e1 lugar la Asamblea Federal, en la que, se presentar\u00e1 y aprobar\u00e1 la memoria y balance del \u00faltimo cuatrienio. Adem\u00e1s se compartir\u00e1 sobre el desarrollo general de C\u00e1ritas en Argentina, desde la vivencia y percepci\u00f3n de cada C\u00e1ritas Diocesana y C\u00e1ritas Nacional.<\/p>\n\n\n\n<p>En vista al trienio se trabajar\u00e1 sobre los desaf\u00edos y horizontes que nos presenta la realidad actual, como as\u00ed tambi\u00e9n se presentar\u00e1 la pol\u00edtica y protocolo contra el abuso y la explotaci\u00f3n de menores y adultos vulnerables para de esta manera comenzar un plan de prevenci\u00f3n en todo el pa\u00eds.<\/p>\n\n\n\n<p>La Di\u00f3cesis de Iguaz\u00fa tendr\u00e1 especial participaci\u00f3n ya que ser\u00e1 una de las 16 diocesis que presentar\u00e1 un taller regional &#8211; que son nuestro signo de esperanza &#8211; a trav\u00e9s de la referente parroquial de C\u00e1ritas Santa Mar\u00eda del Yguaz\u00fa la experiencia vivida denominada \u00abProtagonistas por una Vida Plena en Comunidad\u00bb.<\/p>\n\n\n\n<figure class=\"wp-block-image size-large\"><a href=\"https:\/\/cvinoticias.com\/wp-content\/uploads\/2022\/08\/Picsart_22-08-12_23-00-32-773.jpg\"><img decoding=\"async\" width=\"1000\" height=\"1024\" data-src=\"https:\/\/cvinoticias.com\/wp-content\/uploads\/2022\/08\/Picsart_22-08-12_23-00-32-773-1000x1024.jpg\" alt=\"\" class=\"wp-image-18435 lazyload\" data-srcset=\"https:\/\/cvinoticias.com\/wp-content\/uploads\/2022\/08\/Picsart_22-08-12_23-00-32-773-1000x1024.jpg 1000w, https:\/\/cvinoticias.com\/wp-content\/uploads\/2022\/08\/Picsart_22-08-12_23-00-32-773-293x300.jpg 293w, https:\/\/cvinoticias.com\/wp-content\/uploads\/2022\/08\/Picsart_22-08-12_23-00-32-773-768x787.jpg 768w, https:\/\/cvinoticias.com\/wp-content\/uploads\/2022\/08\/Picsart_22-08-12_23-00-32-773.jpg 1106w\" data-sizes=\"(max-width: 1000px) 100vw, 1000px\" src=\"data:image\/svg+xml;base64,PHN2ZyB3aWR0aD0iMSIgaGVpZ2h0PSIxIiB4bWxucz0iaHR0cDovL3d3dy53My5vcmcvMjAwMC9zdmciPjwvc3ZnPg==\" style=\"--smush-placeholder-width: 1000px; --smush-placeholder-aspect-ratio: 1000\/1024;\" \/><\/a><\/figure>\n\n\n\n<p>El Encuentro ser\u00e1, adem\u00e1s, un momento de celebraci\u00f3n comunitaria, para agradecer y valorar el llamado a continuar la misi\u00f3n que Jes\u00fas comenz\u00f3.<\/p>\n","protected":false},"excerpt":{"rendered":"<p>En la localidad serrana de Tanti (C\u00f3rdoba) se desarrollar\u00e1, desde este s\u00e1bado 13 al lunes 15 de Agosto el XVI Encuentro Nacional y XX Asamblea Federal de C\u00e1ritas Argentina, bajo el lema \u201cSomos C\u00e1ritas Misi\u00f3n y Servicio\u00bb. Representantes de C\u00e1ritas Di\u00f3cesis de Iguaz\u00fa son parte de los m\u00e1s de 600 voluntarios de las C\u00e1ritas de [&hellip;]<\/p>\n","protected":false},"author":2,"featured_media":18436,"comment_status":"open","ping_status":"open","sticky":false,"template":"","format":"standard","meta":{"footnotes":""},"categories":[47],"tags":[],"class_list":["post-18433","post","type-post","status-publish","format-standard","has-post-thumbnail","hentry","category-sociedad"],"yoast_head":"<!-- This site is optimized with the Yoast SEO plugin v27.5 - https:\/\/yoast.com\/product\/yoast-seo-wordpress\/ -->\n<title>Asamblea Federal y Encuentro Nacional de C\u00e1ritas | CVI NOTICIAS<\/title>\n<meta name=\"robots\" content=\"index, follow, max-snippet:-1, max-image-preview:large, max-video-preview:-1\" \/>\n<link rel=\"canonical\" href=\"https:\/\/cvinoticias.com\/v3\/asamblea-federal-y-encuentro-nacional-de-caritas\/\" \/>\n<meta property=\"og:locale\" content=\"es_ES\" \/>\n<meta property=\"og:type\" content=\"article\" \/>\n<meta property=\"og:title\" content=\"Asamblea Federal y Encuentro Nacional de C\u00e1ritas | CVI NOTICIAS\" \/>\n<meta property=\"og:description\" content=\"En la localidad serrana de Tanti (C\u00f3rdoba) se desarrollar\u00e1, desde este s\u00e1bado 13 al lunes 15 de Agosto el XVI Encuentro Nacional y XX Asamblea Federal de C\u00e1ritas Argentina, bajo el lema \u201cSomos C\u00e1ritas Misi\u00f3n y Servicio\u00bb. Representantes de C\u00e1ritas Di\u00f3cesis de Iguaz\u00fa son parte de los m\u00e1s de 600 voluntarios de las C\u00e1ritas de [&hellip;]\" \/>\n<meta property=\"og:url\" content=\"https:\/\/cvinoticias.com\/v3\/asamblea-federal-y-encuentro-nacional-de-caritas\/\" \/>\n<meta property=\"og:site_name\" content=\"CVI NOTICIAS\" \/>\n<meta property=\"article:publisher\" content=\"https:\/\/www.facebook.com\/cvinoticias\" \/>\n<meta property=\"article:published_time\" content=\"2022-08-13T02:02:56+00:00\" \/>\n<meta property=\"og:image\" content=\"https:\/\/cvinoticias.com\/wp-content\/uploads\/2022\/08\/IMG-20220627-WA0097.jpg\" \/>\n\t<meta property=\"og:image:width\" content=\"704\" \/>\n\t<meta property=\"og:image:height\" content=\"620\" \/>\n\t<meta property=\"og:image:type\" content=\"image\/jpeg\" \/>\n<meta name=\"author\" content=\"f1000024\" \/>\n<meta name=\"twitter:card\" content=\"summary_large_image\" \/>\n<meta name=\"twitter:label1\" content=\"Escrito por\" \/>\n\t<meta name=\"twitter:data1\" content=\"f1000024\" \/>\n\t<meta name=\"twitter:label2\" content=\"Tiempo de lectura\" \/>\n\t<meta name=\"twitter:data2\" content=\"1 minuto\" \/>\n<script type=\"application\/ld+json\" class=\"yoast-schema-graph\">{\"@context\":\"https:\\\/\\\/schema.org\",\"@graph\":[{\"@type\":\"Article\",\"@id\":\"https:\\\/\\\/cvinoticias.com\\\/v3\\\/asamblea-federal-y-encuentro-nacional-de-caritas\\\/#article\",\"isPartOf\":{\"@id\":\"https:\\\/\\\/cvinoticias.com\\\/v3\\\/asamblea-federal-y-encuentro-nacional-de-caritas\\\/\"},\"author\":{\"name\":\"f1000024\",\"@id\":\"https:\\\/\\\/cvinoticias.com\\\/v3\\\/#\\\/schema\\\/person\\\/2db77e3c6bc03c538495d7b2b8be9b66\"},\"headline\":\"Asamblea Federal y Encuentro Nacional de C\u00e1ritas\",\"datePublished\":\"2022-08-13T02:02:56+00:00\",\"mainEntityOfPage\":{\"@id\":\"https:\\\/\\\/cvinoticias.com\\\/v3\\\/asamblea-federal-y-encuentro-nacional-de-caritas\\\/\"},\"wordCount\":281,\"commentCount\":0,\"publisher\":{\"@id\":\"https:\\\/\\\/cvinoticias.com\\\/v3\\\/#organization\"},\"image\":{\"@id\":\"https:\\\/\\\/cvinoticias.com\\\/v3\\\/asamblea-federal-y-encuentro-nacional-de-caritas\\\/#primaryimage\"},\"thumbnailUrl\":\"https:\\\/\\\/cvinoticias.com\\\/wp-content\\\/uploads\\\/2022\\\/08\\\/IMG-20220627-WA0097.jpg\",\"articleSection\":[\"Sociedad\"],\"inLanguage\":\"es\",\"potentialAction\":[{\"@type\":\"CommentAction\",\"name\":\"Comment\",\"target\":[\"https:\\\/\\\/cvinoticias.com\\\/v3\\\/asamblea-federal-y-encuentro-nacional-de-caritas\\\/#respond\"]}]},{\"@type\":\"WebPage\",\"@id\":\"https:\\\/\\\/cvinoticias.com\\\/v3\\\/asamblea-federal-y-encuentro-nacional-de-caritas\\\/\",\"url\":\"https:\\\/\\\/cvinoticias.com\\\/v3\\\/asamblea-federal-y-encuentro-nacional-de-caritas\\\/\",\"name\":\"Asamblea Federal y Encuentro Nacional de C\u00e1ritas | CVI NOTICIAS\",\"isPartOf\":{\"@id\":\"https:\\\/\\\/cvinoticias.com\\\/v3\\\/#website\"},\"primaryImageOfPage\":{\"@id\":\"https:\\\/\\\/cvinoticias.com\\\/v3\\\/asamblea-federal-y-encuentro-nacional-de-caritas\\\/#primaryimage\"},\"image\":{\"@id\":\"https:\\\/\\\/cvinoticias.com\\\/v3\\\/asamblea-federal-y-encuentro-nacional-de-caritas\\\/#primaryimage\"},\"thumbnailUrl\":\"https:\\\/\\\/cvinoticias.com\\\/wp-content\\\/uploads\\\/2022\\\/08\\\/IMG-20220627-WA0097.jpg\",\"datePublished\":\"2022-08-13T02:02:56+00:00\",\"breadcrumb\":{\"@id\":\"https:\\\/\\\/cvinoticias.com\\\/v3\\\/asamblea-federal-y-encuentro-nacional-de-caritas\\\/#breadcrumb\"},\"inLanguage\":\"es\",\"potentialAction\":[{\"@type\":\"ReadAction\",\"target\":[\"https:\\\/\\\/cvinoticias.com\\\/v3\\\/asamblea-federal-y-encuentro-nacional-de-caritas\\\/\"]}]},{\"@type\":\"ImageObject\",\"inLanguage\":\"es\",\"@id\":\"https:\\\/\\\/cvinoticias.com\\\/v3\\\/asamblea-federal-y-encuentro-nacional-de-caritas\\\/#primaryimage\",\"url\":\"https:\\\/\\\/cvinoticias.com\\\/wp-content\\\/uploads\\\/2022\\\/08\\\/IMG-20220627-WA0097.jpg\",\"contentUrl\":\"https:\\\/\\\/cvinoticias.com\\\/wp-content\\\/uploads\\\/2022\\\/08\\\/IMG-20220627-WA0097.jpg\",\"width\":704,\"height\":620},{\"@type\":\"BreadcrumbList\",\"@id\":\"https:\\\/\\\/cvinoticias.com\\\/v3\\\/asamblea-federal-y-encuentro-nacional-de-caritas\\\/#breadcrumb\",\"itemListElement\":[{\"@type\":\"ListItem\",\"position\":1,\"name\":\"Portada\",\"item\":\"https:\\\/\\\/cvinoticias.com\\\/v3\\\/\"},{\"@type\":\"ListItem\",\"position\":2,\"name\":\"Asamblea Federal y Encuentro Nacional de C\u00e1ritas\"}]},{\"@type\":\"WebSite\",\"@id\":\"https:\\\/\\\/cvinoticias.com\\\/v3\\\/#website\",\"url\":\"https:\\\/\\\/cvinoticias.com\\\/v3\\\/\",\"name\":\"CVI NOTICIAS\",\"description\":\"\",\"publisher\":{\"@id\":\"https:\\\/\\\/cvinoticias.com\\\/v3\\\/#organization\"},\"alternateName\":\"CVI\",\"potentialAction\":[{\"@type\":\"SearchAction\",\"target\":{\"@type\":\"EntryPoint\",\"urlTemplate\":\"https:\\\/\\\/cvinoticias.com\\\/v3\\\/?s={search_term_string}\"},\"query-input\":{\"@type\":\"PropertyValueSpecification\",\"valueRequired\":true,\"valueName\":\"search_term_string\"}}],\"inLanguage\":\"es\"},{\"@type\":\"Organization\",\"@id\":\"https:\\\/\\\/cvinoticias.com\\\/v3\\\/#organization\",\"name\":\"CVI NOTICIAS\",\"url\":\"https:\\\/\\\/cvinoticias.com\\\/v3\\\/\",\"logo\":{\"@type\":\"ImageObject\",\"inLanguage\":\"es\",\"@id\":\"https:\\\/\\\/cvinoticias.com\\\/v3\\\/#\\\/schema\\\/logo\\\/image\\\/\",\"url\":\"https:\\\/\\\/cvinoticias.com\\\/wp-content\\\/uploads\\\/2023\\\/04\\\/cropped-cropped-cropped-cropped-cropped-3-1.png\",\"contentUrl\":\"https:\\\/\\\/cvinoticias.com\\\/wp-content\\\/uploads\\\/2023\\\/04\\\/cropped-cropped-cropped-cropped-cropped-3-1.png\",\"width\":95,\"height\":122,\"caption\":\"CVI NOTICIAS\"},\"image\":{\"@id\":\"https:\\\/\\\/cvinoticias.com\\\/v3\\\/#\\\/schema\\\/logo\\\/image\\\/\"},\"sameAs\":[\"https:\\\/\\\/www.facebook.com\\\/cvinoticias\",\"https:\\\/\\\/www.instagram.com\\\/cvinoticias\\\/\",\"https:\\\/\\\/www.youtube.com\\\/@CVINOTICIAS\"]},{\"@type\":\"Person\",\"@id\":\"https:\\\/\\\/cvinoticias.com\\\/v3\\\/#\\\/schema\\\/person\\\/2db77e3c6bc03c538495d7b2b8be9b66\",\"name\":\"f1000024\",\"image\":{\"@type\":\"ImageObject\",\"inLanguage\":\"es\",\"@id\":\"https:\\\/\\\/secure.gravatar.com\\\/avatar\\\/d4fe7459cfc51ff5129ce1a732bbef5928568b8092d412ef95611616376bbeed?s=96&d=mm&r=g\",\"url\":\"https:\\\/\\\/secure.gravatar.com\\\/avatar\\\/d4fe7459cfc51ff5129ce1a732bbef5928568b8092d412ef95611616376bbeed?s=96&d=mm&r=g\",\"contentUrl\":\"https:\\\/\\\/secure.gravatar.com\\\/avatar\\\/d4fe7459cfc51ff5129ce1a732bbef5928568b8092d412ef95611616376bbeed?s=96&d=mm&r=g\",\"caption\":\"f1000024\"},\"url\":\"https:\\\/\\\/cvinoticias.com\\\/v3\\\/author\\\/f1000024\\\/\"}]}<\/script>\n<!-- \/ Yoast SEO plugin. -->","yoast_head_json":{"title":"Asamblea Federal y Encuentro Nacional de C\u00e1ritas | CVI NOTICIAS","robots":{"index":"index","follow":"follow","max-snippet":"max-snippet:-1","max-image-preview":"max-image-preview:large","max-video-preview":"max-video-preview:-1"},"canonical":"https:\/\/cvinoticias.com\/v3\/asamblea-federal-y-encuentro-nacional-de-caritas\/","og_locale":"es_ES","og_type":"article","og_title":"Asamblea Federal y Encuentro Nacional de C\u00e1ritas | CVI NOTICIAS","og_description":"En la localidad serrana de Tanti (C\u00f3rdoba) se desarrollar\u00e1, desde este s\u00e1bado 13 al lunes 15 de Agosto el XVI Encuentro Nacional y XX Asamblea Federal de C\u00e1ritas Argentina, bajo el lema \u201cSomos C\u00e1ritas Misi\u00f3n y Servicio\u00bb. Representantes de C\u00e1ritas Di\u00f3cesis de Iguaz\u00fa son parte de los m\u00e1s de 600 voluntarios de las C\u00e1ritas de [&hellip;]","og_url":"https:\/\/cvinoticias.com\/v3\/asamblea-federal-y-encuentro-nacional-de-caritas\/","og_site_name":"CVI NOTICIAS","article_publisher":"https:\/\/www.facebook.com\/cvinoticias","article_published_time":"2022-08-13T02:02:56+00:00","og_image":[{"width":704,"height":620,"url":"https:\/\/cvinoticias.com\/wp-content\/uploads\/2022\/08\/IMG-20220627-WA0097.jpg","type":"image\/jpeg"}],"author":"f1000024","twitter_card":"summary_large_image","twitter_misc":{"Escrito por":"f1000024","Tiempo de lectura":"1 minuto"},"schema":{"@context":"https:\/\/schema.org","@graph":[{"@type":"Article","@id":"https:\/\/cvinoticias.com\/v3\/asamblea-federal-y-encuentro-nacional-de-caritas\/#article","isPartOf":{"@id":"https:\/\/cvinoticias.com\/v3\/asamblea-federal-y-encuentro-nacional-de-caritas\/"},"author":{"name":"f1000024","@id":"https:\/\/cvinoticias.com\/v3\/#\/schema\/person\/2db77e3c6bc03c538495d7b2b8be9b66"},"headline":"Asamblea Federal y Encuentro Nacional de C\u00e1ritas","datePublished":"2022-08-13T02:02:56+00:00","mainEntityOfPage":{"@id":"https:\/\/cvinoticias.com\/v3\/asamblea-federal-y-encuentro-nacional-de-caritas\/"},"wordCount":281,"commentCount":0,"publisher":{"@id":"https:\/\/cvinoticias.com\/v3\/#organization"},"image":{"@id":"https:\/\/cvinoticias.com\/v3\/asamblea-federal-y-encuentro-nacional-de-caritas\/#primaryimage"},"thumbnailUrl":"https:\/\/cvinoticias.com\/wp-content\/uploads\/2022\/08\/IMG-20220627-WA0097.jpg","articleSection":["Sociedad"],"inLanguage":"es","potentialAction":[{"@type":"CommentAction","name":"Comment","target":["https:\/\/cvinoticias.com\/v3\/asamblea-federal-y-encuentro-nacional-de-caritas\/#respond"]}]},{"@type":"WebPage","@id":"https:\/\/cvinoticias.com\/v3\/asamblea-federal-y-encuentro-nacional-de-caritas\/","url":"https:\/\/cvinoticias.com\/v3\/asamblea-federal-y-encuentro-nacional-de-caritas\/","name":"Asamblea Federal y Encuentro Nacional de C\u00e1ritas | CVI NOTICIAS","isPartOf":{"@id":"https:\/\/cvinoticias.com\/v3\/#website"},"primaryImageOfPage":{"@id":"https:\/\/cvinoticias.com\/v3\/asamblea-federal-y-encuentro-nacional-de-caritas\/#primaryimage"},"image":{"@id":"https:\/\/cvinoticias.com\/v3\/asamblea-federal-y-encuentro-nacional-de-caritas\/#primaryimage"},"thumbnailUrl":"https:\/\/cvinoticias.com\/wp-content\/uploads\/2022\/08\/IMG-20220627-WA0097.jpg","datePublished":"2022-08-13T02:02:56+00:00","breadcrumb":{"@id":"https:\/\/cvinoticias.com\/v3\/asamblea-federal-y-encuentro-nacional-de-caritas\/#breadcrumb"},"inLanguage":"es","potentialAction":[{"@type":"ReadAction","target":["https:\/\/cvinoticias.com\/v3\/asamblea-federal-y-encuentro-nacional-de-caritas\/"]}]},{"@type":"ImageObject","inLanguage":"es","@id":"https:\/\/cvinoticias.com\/v3\/asamblea-federal-y-encuentro-nacional-de-caritas\/#primaryimage","url":"https:\/\/cvinoticias.com\/wp-content\/uploads\/2022\/08\/IMG-20220627-WA0097.jpg","contentUrl":"https:\/\/cvinoticias.com\/wp-content\/uploads\/2022\/08\/IMG-20220627-WA0097.jpg","width":704,"height":620},{"@type":"BreadcrumbList","@id":"https:\/\/cvinoticias.com\/v3\/asamblea-federal-y-encuentro-nacional-de-caritas\/#breadcrumb","itemListElement":[{"@type":"ListItem","position":1,"name":"Portada","item":"https:\/\/cvinoticias.com\/v3\/"},{"@type":"ListItem","position":2,"name":"Asamblea Federal y Encuentro Nacional de C\u00e1ritas"}]},{"@type":"WebSite","@id":"https:\/\/cvinoticias.com\/v3\/#website","url":"https:\/\/cvinoticias.com\/v3\/","name":"CVI NOTICIAS","description":"","publisher":{"@id":"https:\/\/cvinoticias.com\/v3\/#organization"},"alternateName":"CVI","potentialAction":[{"@type":"SearchAction","target":{"@type":"EntryPoint","urlTemplate":"https:\/\/cvinoticias.com\/v3\/?s={search_term_string}"},"query-input":{"@type":"PropertyValueSpecification","valueRequired":true,"valueName":"search_term_string"}}],"inLanguage":"es"},{"@type":"Organization","@id":"https:\/\/cvinoticias.com\/v3\/#organization","name":"CVI NOTICIAS","url":"https:\/\/cvinoticias.com\/v3\/","logo":{"@type":"ImageObject","inLanguage":"es","@id":"https:\/\/cvinoticias.com\/v3\/#\/schema\/logo\/image\/","url":"https:\/\/cvinoticias.com\/wp-content\/uploads\/2023\/04\/cropped-cropped-cropped-cropped-cropped-3-1.png","contentUrl":"https:\/\/cvinoticias.com\/wp-content\/uploads\/2023\/04\/cropped-cropped-cropped-cropped-cropped-3-1.png","width":95,"height":122,"caption":"CVI NOTICIAS"},"image":{"@id":"https:\/\/cvinoticias.com\/v3\/#\/schema\/logo\/image\/"},"sameAs":["https:\/\/www.facebook.com\/cvinoticias","https:\/\/www.instagram.com\/cvinoticias\/","https:\/\/www.youtube.com\/@CVINOTICIAS"]},{"@type":"Person","@id":"https:\/\/cvinoticias.com\/v3\/#\/schema\/person\/2db77e3c6bc03c538495d7b2b8be9b66","name":"f1000024","image":{"@type":"ImageObject","inLanguage":"es","@id":"https:\/\/secure.gravatar.com\/avatar\/d4fe7459cfc51ff5129ce1a732bbef5928568b8092d412ef95611616376bbeed?s=96&d=mm&r=g","url":"https:\/\/secure.gravatar.com\/avatar\/d4fe7459cfc51ff5129ce1a732bbef5928568b8092d412ef95611616376bbeed?s=96&d=mm&r=g","contentUrl":"https:\/\/secure.gravatar.com\/avatar\/d4fe7459cfc51ff5129ce1a732bbef5928568b8092d412ef95611616376bbeed?s=96&d=mm&r=g","caption":"f1000024"},"url":"https:\/\/cvinoticias.com\/v3\/author\/f1000024\/"}]}},"_links":{"self":[{"href":"https:\/\/cvinoticias.com\/v3\/wp-json\/wp\/v2\/posts\/18433","targetHints":{"allow":["GET"]}}],"collection":[{"href":"https:\/\/cvinoticias.com\/v3\/wp-json\/wp\/v2\/posts"}],"about":[{"href":"https:\/\/cvinoticias.com\/v3\/wp-json\/wp\/v2\/types\/post"}],"author":[{"embeddable":true,"href":"https:\/\/cvinoticias.com\/v3\/wp-json\/wp\/v2\/users\/2"}],"replies":[{"embeddable":true,"href":"https:\/\/cvinoticias.com\/v3\/wp-json\/wp\/v2\/comments?post=18433"}],"version-history":[{"count":1,"href":"https:\/\/cvinoticias.com\/v3\/wp-json\/wp\/v2\/posts\/18433\/revisions"}],"predecessor-version":[{"id":18437,"href":"https:\/\/cvinoticias.com\/v3\/wp-json\/wp\/v2\/posts\/18433\/revisions\/18437"}],"wp:featuredmedia":[{"embeddable":true,"href":"https:\/\/cvinoticias.com\/v3\/wp-json\/wp\/v2\/media\/18436"}],"wp:attachment":[{"href":"https:\/\/cvinoticias.com\/v3\/wp-json\/wp\/v2\/media?parent=18433"}],"wp:term":[{"taxonomy":"category","embeddable":true,"href":"https:\/\/cvinoticias.com\/v3\/wp-json\/wp\/v2\/categories?post=18433"},{"taxonomy":"post_tag","embeddable":true,"href":"https:\/\/cvinoticias.com\/v3\/wp-json\/wp\/v2\/tags?post=18433"}],"curies":[{"name":"wp","href":"https:\/\/api.w.org\/{rel}","templated":true}]}}