{"id":18389,"date":"2022-08-11T02:03:36","date_gmt":"2022-08-11T02:03:36","guid":{"rendered":"https:\/\/cvinoticias.com\/v3\/?p=18389"},"modified":"2022-08-11T02:03:36","modified_gmt":"2022-08-11T02:03:36","slug":"expresidente-paraguayo-fernando-lugo-esta-en-coma-inducido-tras-sufrir-acv","status":"publish","type":"post","link":"https:\/\/cvinoticias.com\/v3\/expresidente-paraguayo-fernando-lugo-esta-en-coma-inducido-tras-sufrir-acv\/","title":{"rendered":"Expresidente paraguayo Fernando Lugo est\u00e1 en coma inducido tras sufrir ACV"},"content":{"rendered":"\n<p><strong><em>Su cuadro \u00abes estable, pero est\u00e1 conectado a un respirador\u00bb, detall\u00f3 un colega de la coalici\u00f3n de izquierda a la que pertenece el l\u00edder pol\u00edtico. Tambi\u00e9n se\u00f1al\u00f3 que \u00abel pron\u00f3stico es bueno\u00bb si no ocurre \u00abuna sorpresa\u201d.<\/em><\/strong><\/p>\n\n\n\n<p>El expresidente de Paraguay, Fernando Lugo, fue internado en un hospital privado de Asunci\u00f3n tras sufrir un accidente cerebrovascular cuando se encontraba este mi\u00e9rcoles (10.08.2022) en su oficina del Senado, anunciaron allegados pol\u00edticos.<\/p>\n\n\n\n<p>\u00abEl senador Fernando Lugo sufri\u00f3 un derrame de origen isqu\u00e9mico\u00bb, precis\u00f3 el m\u00e9dico Jorge Querey y legislador de la coalici\u00f3n de izquierda a la que pertenece el l\u00edder. Su cuadro \u00abes estable, pero est\u00e1 conectado a un respirador y en coma inducido\u00bb, estado en el que permanecer\u00e1 hasta el jueves, agreg\u00f3.<\/p>\n\n\n\n<p>Tambi\u00e9n se\u00f1al\u00f3 que \u00abel pron\u00f3stico es bueno\u00bb si no ocurre \u00abuna sorpresa\u201d.<\/p>\n\n\n\n<p>El exgobernante hab\u00eda regresado a Paraguay el lunes \u00abya con s\u00edntomas\u00bb desde Colombia, donde asisti\u00f3 a la ceremonia de investidura del presidente Gustavo Petro, seg\u00fan la legisladora Esperanza Mart\u00ednez, quien lo acompa\u00f1\u00f3 en ese viaje.<\/p>\n\n\n\n<p>Lugo, que gobern\u00f3 Paraguay entre 2008 y 2012, ha sido hasta ahora el \u00fanico mandatario que no pertenece al derechista Partido Colorado desde que esta fuerza pol\u00edtica asumi\u00f3 el poder en 1954.<\/p>\n\n\n\n<p>El exobispo de 71 a\u00f1os fue destituido de la presidencia en junio de 2012, nueve meses antes de las elecciones presidenciales, mediante un controversial juicio pol\u00edtico en el Congreso y acusado de mal desempe\u00f1o de sus funciones.<\/p>\n","protected":false},"excerpt":{"rendered":"<p>Su cuadro \u00abes estable, pero est\u00e1 conectado a un respirador\u00bb, detall\u00f3 un colega de la coalici\u00f3n de izquierda a la que pertenece el l\u00edder pol\u00edtico. Tambi\u00e9n se\u00f1al\u00f3 que \u00abel pron\u00f3stico es bueno\u00bb si no ocurre \u00abuna sorpresa\u201d. El expresidente de Paraguay, Fernando Lugo, fue internado en un hospital privado de Asunci\u00f3n tras sufrir un accidente [&hellip;]<\/p>\n","protected":false},"author":2,"featured_media":18390,"comment_status":"open","ping_status":"open","sticky":false,"template":"","format":"standard","meta":{"footnotes":""},"categories":[36],"tags":[],"class_list":["post-18389","post","type-post","status-publish","format-standard","has-post-thumbnail","hentry","category-internacionales"],"yoast_head":"<!-- This site is optimized with the Yoast SEO plugin v27.5 - https:\/\/yoast.com\/product\/yoast-seo-wordpress\/ -->\n<title>Expresidente paraguayo Fernando Lugo est\u00e1 en coma inducido tras sufrir ACV | CVI NOTICIAS<\/title>\n<meta name=\"robots\" content=\"index, follow, max-snippet:-1, max-image-preview:large, max-video-preview:-1\" \/>\n<link rel=\"canonical\" href=\"https:\/\/cvinoticias.com\/v3\/expresidente-paraguayo-fernando-lugo-esta-en-coma-inducido-tras-sufrir-acv\/\" \/>\n<meta property=\"og:locale\" content=\"es_ES\" \/>\n<meta property=\"og:type\" content=\"article\" \/>\n<meta property=\"og:title\" content=\"Expresidente paraguayo Fernando Lugo est\u00e1 en coma inducido tras sufrir ACV | CVI NOTICIAS\" \/>\n<meta property=\"og:description\" content=\"Su cuadro \u00abes estable, pero est\u00e1 conectado a un respirador\u00bb, detall\u00f3 un colega de la coalici\u00f3n de izquierda a la que pertenece el l\u00edder pol\u00edtico. Tambi\u00e9n se\u00f1al\u00f3 que \u00abel pron\u00f3stico es bueno\u00bb si no ocurre \u00abuna sorpresa\u201d. El expresidente de Paraguay, Fernando Lugo, fue internado en un hospital privado de Asunci\u00f3n tras sufrir un accidente [&hellip;]\" \/>\n<meta property=\"og:url\" content=\"https:\/\/cvinoticias.com\/v3\/expresidente-paraguayo-fernando-lugo-esta-en-coma-inducido-tras-sufrir-acv\/\" \/>\n<meta property=\"og:site_name\" content=\"CVI NOTICIAS\" \/>\n<meta property=\"article:publisher\" content=\"https:\/\/www.facebook.com\/cvinoticias\" \/>\n<meta property=\"article:published_time\" content=\"2022-08-11T02:03:36+00:00\" \/>\n<meta property=\"og:image\" content=\"https:\/\/cvinoticias.com\/wp-content\/uploads\/2022\/08\/fernando-lugo_2180005_20220810120539.jpg\" \/>\n\t<meta property=\"og:image:width\" content=\"600\" \/>\n\t<meta property=\"og:image:height\" content=\"370\" \/>\n\t<meta property=\"og:image:type\" content=\"image\/jpeg\" \/>\n<meta name=\"author\" content=\"f1000024\" \/>\n<meta name=\"twitter:card\" content=\"summary_large_image\" \/>\n<meta name=\"twitter:label1\" content=\"Escrito por\" \/>\n\t<meta name=\"twitter:data1\" content=\"f1000024\" \/>\n\t<meta name=\"twitter:label2\" content=\"Tiempo de lectura\" \/>\n\t<meta name=\"twitter:data2\" content=\"1 minuto\" \/>\n<script type=\"application\/ld+json\" class=\"yoast-schema-graph\">{\"@context\":\"https:\\\/\\\/schema.org\",\"@graph\":[{\"@type\":\"Article\",\"@id\":\"https:\\\/\\\/cvinoticias.com\\\/v3\\\/expresidente-paraguayo-fernando-lugo-esta-en-coma-inducido-tras-sufrir-acv\\\/#article\",\"isPartOf\":{\"@id\":\"https:\\\/\\\/cvinoticias.com\\\/v3\\\/expresidente-paraguayo-fernando-lugo-esta-en-coma-inducido-tras-sufrir-acv\\\/\"},\"author\":{\"name\":\"f1000024\",\"@id\":\"https:\\\/\\\/cvinoticias.com\\\/v3\\\/#\\\/schema\\\/person\\\/2db77e3c6bc03c538495d7b2b8be9b66\"},\"headline\":\"Expresidente paraguayo Fernando Lugo est\u00e1 en coma inducido tras sufrir ACV\",\"datePublished\":\"2022-08-11T02:03:36+00:00\",\"mainEntityOfPage\":{\"@id\":\"https:\\\/\\\/cvinoticias.com\\\/v3\\\/expresidente-paraguayo-fernando-lugo-esta-en-coma-inducido-tras-sufrir-acv\\\/\"},\"wordCount\":266,\"commentCount\":0,\"publisher\":{\"@id\":\"https:\\\/\\\/cvinoticias.com\\\/v3\\\/#organization\"},\"image\":{\"@id\":\"https:\\\/\\\/cvinoticias.com\\\/v3\\\/expresidente-paraguayo-fernando-lugo-esta-en-coma-inducido-tras-sufrir-acv\\\/#primaryimage\"},\"thumbnailUrl\":\"https:\\\/\\\/cvinoticias.com\\\/wp-content\\\/uploads\\\/2022\\\/08\\\/fernando-lugo_2180005_20220810120539.jpg\",\"articleSection\":[\"Internacionales\"],\"inLanguage\":\"es\",\"potentialAction\":[{\"@type\":\"CommentAction\",\"name\":\"Comment\",\"target\":[\"https:\\\/\\\/cvinoticias.com\\\/v3\\\/expresidente-paraguayo-fernando-lugo-esta-en-coma-inducido-tras-sufrir-acv\\\/#respond\"]}]},{\"@type\":\"WebPage\",\"@id\":\"https:\\\/\\\/cvinoticias.com\\\/v3\\\/expresidente-paraguayo-fernando-lugo-esta-en-coma-inducido-tras-sufrir-acv\\\/\",\"url\":\"https:\\\/\\\/cvinoticias.com\\\/v3\\\/expresidente-paraguayo-fernando-lugo-esta-en-coma-inducido-tras-sufrir-acv\\\/\",\"name\":\"Expresidente paraguayo Fernando Lugo est\u00e1 en coma inducido tras sufrir ACV | CVI NOTICIAS\",\"isPartOf\":{\"@id\":\"https:\\\/\\\/cvinoticias.com\\\/v3\\\/#website\"},\"primaryImageOfPage\":{\"@id\":\"https:\\\/\\\/cvinoticias.com\\\/v3\\\/expresidente-paraguayo-fernando-lugo-esta-en-coma-inducido-tras-sufrir-acv\\\/#primaryimage\"},\"image\":{\"@id\":\"https:\\\/\\\/cvinoticias.com\\\/v3\\\/expresidente-paraguayo-fernando-lugo-esta-en-coma-inducido-tras-sufrir-acv\\\/#primaryimage\"},\"thumbnailUrl\":\"https:\\\/\\\/cvinoticias.com\\\/wp-content\\\/uploads\\\/2022\\\/08\\\/fernando-lugo_2180005_20220810120539.jpg\",\"datePublished\":\"2022-08-11T02:03:36+00:00\",\"breadcrumb\":{\"@id\":\"https:\\\/\\\/cvinoticias.com\\\/v3\\\/expresidente-paraguayo-fernando-lugo-esta-en-coma-inducido-tras-sufrir-acv\\\/#breadcrumb\"},\"inLanguage\":\"es\",\"potentialAction\":[{\"@type\":\"ReadAction\",\"target\":[\"https:\\\/\\\/cvinoticias.com\\\/v3\\\/expresidente-paraguayo-fernando-lugo-esta-en-coma-inducido-tras-sufrir-acv\\\/\"]}]},{\"@type\":\"ImageObject\",\"inLanguage\":\"es\",\"@id\":\"https:\\\/\\\/cvinoticias.com\\\/v3\\\/expresidente-paraguayo-fernando-lugo-esta-en-coma-inducido-tras-sufrir-acv\\\/#primaryimage\",\"url\":\"https:\\\/\\\/cvinoticias.com\\\/wp-content\\\/uploads\\\/2022\\\/08\\\/fernando-lugo_2180005_20220810120539.jpg\",\"contentUrl\":\"https:\\\/\\\/cvinoticias.com\\\/wp-content\\\/uploads\\\/2022\\\/08\\\/fernando-lugo_2180005_20220810120539.jpg\",\"width\":600,\"height\":370},{\"@type\":\"BreadcrumbList\",\"@id\":\"https:\\\/\\\/cvinoticias.com\\\/v3\\\/expresidente-paraguayo-fernando-lugo-esta-en-coma-inducido-tras-sufrir-acv\\\/#breadcrumb\",\"itemListElement\":[{\"@type\":\"ListItem\",\"position\":1,\"name\":\"Portada\",\"item\":\"https:\\\/\\\/cvinoticias.com\\\/v3\\\/\"},{\"@type\":\"ListItem\",\"position\":2,\"name\":\"Expresidente paraguayo Fernando Lugo est\u00e1 en coma inducido tras sufrir ACV\"}]},{\"@type\":\"WebSite\",\"@id\":\"https:\\\/\\\/cvinoticias.com\\\/v3\\\/#website\",\"url\":\"https:\\\/\\\/cvinoticias.com\\\/v3\\\/\",\"name\":\"CVI NOTICIAS\",\"description\":\"\",\"publisher\":{\"@id\":\"https:\\\/\\\/cvinoticias.com\\\/v3\\\/#organization\"},\"alternateName\":\"CVI\",\"potentialAction\":[{\"@type\":\"SearchAction\",\"target\":{\"@type\":\"EntryPoint\",\"urlTemplate\":\"https:\\\/\\\/cvinoticias.com\\\/v3\\\/?s={search_term_string}\"},\"query-input\":{\"@type\":\"PropertyValueSpecification\",\"valueRequired\":true,\"valueName\":\"search_term_string\"}}],\"inLanguage\":\"es\"},{\"@type\":\"Organization\",\"@id\":\"https:\\\/\\\/cvinoticias.com\\\/v3\\\/#organization\",\"name\":\"CVI NOTICIAS\",\"url\":\"https:\\\/\\\/cvinoticias.com\\\/v3\\\/\",\"logo\":{\"@type\":\"ImageObject\",\"inLanguage\":\"es\",\"@id\":\"https:\\\/\\\/cvinoticias.com\\\/v3\\\/#\\\/schema\\\/logo\\\/image\\\/\",\"url\":\"https:\\\/\\\/cvinoticias.com\\\/wp-content\\\/uploads\\\/2023\\\/04\\\/cropped-cropped-cropped-cropped-cropped-3-1.png\",\"contentUrl\":\"https:\\\/\\\/cvinoticias.com\\\/wp-content\\\/uploads\\\/2023\\\/04\\\/cropped-cropped-cropped-cropped-cropped-3-1.png\",\"width\":95,\"height\":122,\"caption\":\"CVI NOTICIAS\"},\"image\":{\"@id\":\"https:\\\/\\\/cvinoticias.com\\\/v3\\\/#\\\/schema\\\/logo\\\/image\\\/\"},\"sameAs\":[\"https:\\\/\\\/www.facebook.com\\\/cvinoticias\",\"https:\\\/\\\/www.instagram.com\\\/cvinoticias\\\/\",\"https:\\\/\\\/www.youtube.com\\\/@CVINOTICIAS\"]},{\"@type\":\"Person\",\"@id\":\"https:\\\/\\\/cvinoticias.com\\\/v3\\\/#\\\/schema\\\/person\\\/2db77e3c6bc03c538495d7b2b8be9b66\",\"name\":\"f1000024\",\"image\":{\"@type\":\"ImageObject\",\"inLanguage\":\"es\",\"@id\":\"https:\\\/\\\/secure.gravatar.com\\\/avatar\\\/d4fe7459cfc51ff5129ce1a732bbef5928568b8092d412ef95611616376bbeed?s=96&d=mm&r=g\",\"url\":\"https:\\\/\\\/secure.gravatar.com\\\/avatar\\\/d4fe7459cfc51ff5129ce1a732bbef5928568b8092d412ef95611616376bbeed?s=96&d=mm&r=g\",\"contentUrl\":\"https:\\\/\\\/secure.gravatar.com\\\/avatar\\\/d4fe7459cfc51ff5129ce1a732bbef5928568b8092d412ef95611616376bbeed?s=96&d=mm&r=g\",\"caption\":\"f1000024\"},\"url\":\"https:\\\/\\\/cvinoticias.com\\\/v3\\\/author\\\/f1000024\\\/\"}]}<\/script>\n<!-- \/ Yoast SEO plugin. -->","yoast_head_json":{"title":"Expresidente paraguayo Fernando Lugo est\u00e1 en coma inducido tras sufrir ACV | CVI NOTICIAS","robots":{"index":"index","follow":"follow","max-snippet":"max-snippet:-1","max-image-preview":"max-image-preview:large","max-video-preview":"max-video-preview:-1"},"canonical":"https:\/\/cvinoticias.com\/v3\/expresidente-paraguayo-fernando-lugo-esta-en-coma-inducido-tras-sufrir-acv\/","og_locale":"es_ES","og_type":"article","og_title":"Expresidente paraguayo Fernando Lugo est\u00e1 en coma inducido tras sufrir ACV | CVI NOTICIAS","og_description":"Su cuadro \u00abes estable, pero est\u00e1 conectado a un respirador\u00bb, detall\u00f3 un colega de la coalici\u00f3n de izquierda a la que pertenece el l\u00edder pol\u00edtico. Tambi\u00e9n se\u00f1al\u00f3 que \u00abel pron\u00f3stico es bueno\u00bb si no ocurre \u00abuna sorpresa\u201d. El expresidente de Paraguay, Fernando Lugo, fue internado en un hospital privado de Asunci\u00f3n tras sufrir un accidente [&hellip;]","og_url":"https:\/\/cvinoticias.com\/v3\/expresidente-paraguayo-fernando-lugo-esta-en-coma-inducido-tras-sufrir-acv\/","og_site_name":"CVI NOTICIAS","article_publisher":"https:\/\/www.facebook.com\/cvinoticias","article_published_time":"2022-08-11T02:03:36+00:00","og_image":[{"width":600,"height":370,"url":"https:\/\/cvinoticias.com\/wp-content\/uploads\/2022\/08\/fernando-lugo_2180005_20220810120539.jpg","type":"image\/jpeg"}],"author":"f1000024","twitter_card":"summary_large_image","twitter_misc":{"Escrito por":"f1000024","Tiempo de lectura":"1 minuto"},"schema":{"@context":"https:\/\/schema.org","@graph":[{"@type":"Article","@id":"https:\/\/cvinoticias.com\/v3\/expresidente-paraguayo-fernando-lugo-esta-en-coma-inducido-tras-sufrir-acv\/#article","isPartOf":{"@id":"https:\/\/cvinoticias.com\/v3\/expresidente-paraguayo-fernando-lugo-esta-en-coma-inducido-tras-sufrir-acv\/"},"author":{"name":"f1000024","@id":"https:\/\/cvinoticias.com\/v3\/#\/schema\/person\/2db77e3c6bc03c538495d7b2b8be9b66"},"headline":"Expresidente paraguayo Fernando Lugo est\u00e1 en coma inducido tras sufrir ACV","datePublished":"2022-08-11T02:03:36+00:00","mainEntityOfPage":{"@id":"https:\/\/cvinoticias.com\/v3\/expresidente-paraguayo-fernando-lugo-esta-en-coma-inducido-tras-sufrir-acv\/"},"wordCount":266,"commentCount":0,"publisher":{"@id":"https:\/\/cvinoticias.com\/v3\/#organization"},"image":{"@id":"https:\/\/cvinoticias.com\/v3\/expresidente-paraguayo-fernando-lugo-esta-en-coma-inducido-tras-sufrir-acv\/#primaryimage"},"thumbnailUrl":"https:\/\/cvinoticias.com\/wp-content\/uploads\/2022\/08\/fernando-lugo_2180005_20220810120539.jpg","articleSection":["Internacionales"],"inLanguage":"es","potentialAction":[{"@type":"CommentAction","name":"Comment","target":["https:\/\/cvinoticias.com\/v3\/expresidente-paraguayo-fernando-lugo-esta-en-coma-inducido-tras-sufrir-acv\/#respond"]}]},{"@type":"WebPage","@id":"https:\/\/cvinoticias.com\/v3\/expresidente-paraguayo-fernando-lugo-esta-en-coma-inducido-tras-sufrir-acv\/","url":"https:\/\/cvinoticias.com\/v3\/expresidente-paraguayo-fernando-lugo-esta-en-coma-inducido-tras-sufrir-acv\/","name":"Expresidente paraguayo Fernando Lugo est\u00e1 en coma inducido tras sufrir ACV | CVI NOTICIAS","isPartOf":{"@id":"https:\/\/cvinoticias.com\/v3\/#website"},"primaryImageOfPage":{"@id":"https:\/\/cvinoticias.com\/v3\/expresidente-paraguayo-fernando-lugo-esta-en-coma-inducido-tras-sufrir-acv\/#primaryimage"},"image":{"@id":"https:\/\/cvinoticias.com\/v3\/expresidente-paraguayo-fernando-lugo-esta-en-coma-inducido-tras-sufrir-acv\/#primaryimage"},"thumbnailUrl":"https:\/\/cvinoticias.com\/wp-content\/uploads\/2022\/08\/fernando-lugo_2180005_20220810120539.jpg","datePublished":"2022-08-11T02:03:36+00:00","breadcrumb":{"@id":"https:\/\/cvinoticias.com\/v3\/expresidente-paraguayo-fernando-lugo-esta-en-coma-inducido-tras-sufrir-acv\/#breadcrumb"},"inLanguage":"es","potentialAction":[{"@type":"ReadAction","target":["https:\/\/cvinoticias.com\/v3\/expresidente-paraguayo-fernando-lugo-esta-en-coma-inducido-tras-sufrir-acv\/"]}]},{"@type":"ImageObject","inLanguage":"es","@id":"https:\/\/cvinoticias.com\/v3\/expresidente-paraguayo-fernando-lugo-esta-en-coma-inducido-tras-sufrir-acv\/#primaryimage","url":"https:\/\/cvinoticias.com\/wp-content\/uploads\/2022\/08\/fernando-lugo_2180005_20220810120539.jpg","contentUrl":"https:\/\/cvinoticias.com\/wp-content\/uploads\/2022\/08\/fernando-lugo_2180005_20220810120539.jpg","width":600,"height":370},{"@type":"BreadcrumbList","@id":"https:\/\/cvinoticias.com\/v3\/expresidente-paraguayo-fernando-lugo-esta-en-coma-inducido-tras-sufrir-acv\/#breadcrumb","itemListElement":[{"@type":"ListItem","position":1,"name":"Portada","item":"https:\/\/cvinoticias.com\/v3\/"},{"@type":"ListItem","position":2,"name":"Expresidente paraguayo Fernando Lugo est\u00e1 en coma inducido tras sufrir ACV"}]},{"@type":"WebSite","@id":"https:\/\/cvinoticias.com\/v3\/#website","url":"https:\/\/cvinoticias.com\/v3\/","name":"CVI NOTICIAS","description":"","publisher":{"@id":"https:\/\/cvinoticias.com\/v3\/#organization"},"alternateName":"CVI","potentialAction":[{"@type":"SearchAction","target":{"@type":"EntryPoint","urlTemplate":"https:\/\/cvinoticias.com\/v3\/?s={search_term_string}"},"query-input":{"@type":"PropertyValueSpecification","valueRequired":true,"valueName":"search_term_string"}}],"inLanguage":"es"},{"@type":"Organization","@id":"https:\/\/cvinoticias.com\/v3\/#organization","name":"CVI NOTICIAS","url":"https:\/\/cvinoticias.com\/v3\/","logo":{"@type":"ImageObject","inLanguage":"es","@id":"https:\/\/cvinoticias.com\/v3\/#\/schema\/logo\/image\/","url":"https:\/\/cvinoticias.com\/wp-content\/uploads\/2023\/04\/cropped-cropped-cropped-cropped-cropped-3-1.png","contentUrl":"https:\/\/cvinoticias.com\/wp-content\/uploads\/2023\/04\/cropped-cropped-cropped-cropped-cropped-3-1.png","width":95,"height":122,"caption":"CVI NOTICIAS"},"image":{"@id":"https:\/\/cvinoticias.com\/v3\/#\/schema\/logo\/image\/"},"sameAs":["https:\/\/www.facebook.com\/cvinoticias","https:\/\/www.instagram.com\/cvinoticias\/","https:\/\/www.youtube.com\/@CVINOTICIAS"]},{"@type":"Person","@id":"https:\/\/cvinoticias.com\/v3\/#\/schema\/person\/2db77e3c6bc03c538495d7b2b8be9b66","name":"f1000024","image":{"@type":"ImageObject","inLanguage":"es","@id":"https:\/\/secure.gravatar.com\/avatar\/d4fe7459cfc51ff5129ce1a732bbef5928568b8092d412ef95611616376bbeed?s=96&d=mm&r=g","url":"https:\/\/secure.gravatar.com\/avatar\/d4fe7459cfc51ff5129ce1a732bbef5928568b8092d412ef95611616376bbeed?s=96&d=mm&r=g","contentUrl":"https:\/\/secure.gravatar.com\/avatar\/d4fe7459cfc51ff5129ce1a732bbef5928568b8092d412ef95611616376bbeed?s=96&d=mm&r=g","caption":"f1000024"},"url":"https:\/\/cvinoticias.com\/v3\/author\/f1000024\/"}]}},"_links":{"self":[{"href":"https:\/\/cvinoticias.com\/v3\/wp-json\/wp\/v2\/posts\/18389","targetHints":{"allow":["GET"]}}],"collection":[{"href":"https:\/\/cvinoticias.com\/v3\/wp-json\/wp\/v2\/posts"}],"about":[{"href":"https:\/\/cvinoticias.com\/v3\/wp-json\/wp\/v2\/types\/post"}],"author":[{"embeddable":true,"href":"https:\/\/cvinoticias.com\/v3\/wp-json\/wp\/v2\/users\/2"}],"replies":[{"embeddable":true,"href":"https:\/\/cvinoticias.com\/v3\/wp-json\/wp\/v2\/comments?post=18389"}],"version-history":[{"count":1,"href":"https:\/\/cvinoticias.com\/v3\/wp-json\/wp\/v2\/posts\/18389\/revisions"}],"predecessor-version":[{"id":18391,"href":"https:\/\/cvinoticias.com\/v3\/wp-json\/wp\/v2\/posts\/18389\/revisions\/18391"}],"wp:featuredmedia":[{"embeddable":true,"href":"https:\/\/cvinoticias.com\/v3\/wp-json\/wp\/v2\/media\/18390"}],"wp:attachment":[{"href":"https:\/\/cvinoticias.com\/v3\/wp-json\/wp\/v2\/media?parent=18389"}],"wp:term":[{"taxonomy":"category","embeddable":true,"href":"https:\/\/cvinoticias.com\/v3\/wp-json\/wp\/v2\/categories?post=18389"},{"taxonomy":"post_tag","embeddable":true,"href":"https:\/\/cvinoticias.com\/v3\/wp-json\/wp\/v2\/tags?post=18389"}],"curies":[{"name":"wp","href":"https:\/\/api.w.org\/{rel}","templated":true}]}}